{"id":1779,"date":"2023-12-13T07:00:00","date_gmt":"2023-12-13T10:00:00","guid":{"rendered":"https:\/\/nuevodigitaldeescobar.com.ar\/?p=1779"},"modified":"2023-12-12T21:28:35","modified_gmt":"2023-12-13T00:28:35","slug":"se-llevo-a-cabo-el-cierre-de-la-quinta-edicion-de-escuelas-por-el-ambiente","status":"publish","type":"post","link":"https:\/\/nuevodigitaldeescobar.com.ar\/?p=1779","title":{"rendered":"Se llev\u00f3 a cabo el cierre de la quinta edici\u00f3n de Escuelas por el Ambiente"},"content":{"rendered":"<p><span style=\"color: #003366;\"><strong><em>El intendente Sujarchuk encabez\u00f3 el acto de cierre de la quinta edici\u00f3n de Escuelas por el Ambiente, un programa que impulsa la Subsecretar\u00eda de Escobar Sostenible con el objetivo de promover los procesos de ense\u00f1anza y aprendizaje vinculados a la educaci\u00f3n ambiental, la incorporaci\u00f3n de h\u00e1bitos sostenibles y la correcta gesti\u00f3n de los residuos.<\/em><\/strong><\/span><\/p>\n<p><!--more--><\/p>\n<hr \/>\n<p>Este a\u00f1o, el programa cont\u00f3 con la participaci\u00f3n de 222 escuelas p\u00fablicas y privadas y 420 referentes ambientales activos, y se recolectaron 134,1 toneladas de residuos s\u00f3lidos urbanos para su posterior reciclaje.<\/p>\n<p>Durante el acto, se hizo entrega de premios a las escuelas m\u00e1s comprometidas con el programa, distribuidos en tres ternas. El primer premio, en la categor\u00eda de <em>\u201cPlan GIR\u201d<\/em>, se concedi\u00f3 a tres instituciones educativas de distintos niveles: el Jard\u00edn N\u00b0922 (Gar\u00edn), la Escuela Primaria N\u00b019 (Gar\u00edn) y la Escuela Secundaria N\u00b022 (Bel\u00e9n de Escobar). Cada una de estas escuelas recibi\u00f3 un proyector e impresora como galard\u00f3n.<\/p>\n<p><img fetchpriority=\"high\" decoding=\"async\" class=\"alignnone size-full wp-image-1781\" src=\"http:\/\/nuevodigitaldeescobar.com.ar\/wp-content\/uploads\/2023\/12\/escuelas-x-el-ambiente-2-e1702426913584.jpg\" alt=\"\" width=\"720\" height=\"480\" \/><\/p>\n<p>El segundo premio, correspondiente a la categor\u00eda de <em>\u00abProyectos para Conciencia Activa\u00bb<\/em>, consisti\u00f3 en una impresora y un kit deportivo, que incluye mesa de ping pong. Este premio fue entregado al Centro de Formaci\u00f3n N\u00b01 (Bel\u00e9n de Escobar), la Escuela de Educaci\u00f3n Secundaria T\u00e9cnica N\u00b01 y el Colegio Arrayanes (Gar\u00edn). Finalmente, el tercer premio, vinculado a la categor\u00eda de <em>\u201cParticipaci\u00f3n en EcoFolk\u201d<\/em>, incluy\u00f3 un kit deportivo con mesa de ping pong para la Escuela de Educaci\u00f3n Especial N\u00b0 501 (Bel\u00e9n de Escobar), el Colegio Los Arenales (Ingeniero Maschwitz) y la Escuela Secundaria N\u00b0 14 (Bel\u00e9n de Escobar).<\/p>\n<p>En el marco de este programa se desarroll\u00f3 un plan de gesti\u00f3n integral de residuos mediante sistemas de separaci\u00f3n en origen y recolecci\u00f3n diferenciada en las instituciones educativas. Adem\u00e1s, se coordinaron 128 visitas de escuelas a espacios sostenibles como los viveros y, huertas municipales, el parque solar, la planta Girsu y la Granja Educativa Don Benito; con la participaci\u00f3n de 7600 chicos y chicas. A su vez, se realizaron 50 capacitaciones sobre cambio clim\u00e1tico y huertas agroecol\u00f3gicas. A partir del concurso <em>\u201cJulio Sin Pl\u00e1stico\u201d<\/em>, se recolectaron 25 toneladas de materiales reciclables.<\/p>\n<p><img decoding=\"async\" class=\"alignnone size-full wp-image-1780\" src=\"http:\/\/nuevodigitaldeescobar.com.ar\/wp-content\/uploads\/2023\/12\/escuelas-x-el-ambiente-1-e1702426934476.jpg\" alt=\"\" width=\"720\" height=\"480\" \/><\/p>\n<p>Junto a la Fundaci\u00f3n Temaik\u00e8n, se realiz\u00f3 el ciclo de formaci\u00f3n <em>\u201cConciencia Activa 2023\u201d<\/em> para la capacitaci\u00f3n de l\u00edderes comunitarios y docentes sobre biodiversidad y dise\u00f1o de proyectos ambientales. El proyecto abord\u00f3 100 docentes de nivel secundario de nuestro distrito que representaban a 50 instituciones educativas. Tambi\u00e9n llev\u00f3 a cabo el proyecto EcoFolk con el objetivo de generar una Orquesta Sostenible, buscando fortalecer la reutilizaci\u00f3n recreativa de los residuos. Participaron 40 escuelas del distrito, y la orquesta y la construcci\u00f3n de instrumentos musicales reciclados estuvo a cargo del m\u00fasico Camilo Carabajal.<\/p>\n<p><em>\u201cTenemos que entender que el cambio clim\u00e1tico no es un tema a futuro sino una problem\u00e1tica del presente. Es algo que los m\u00e1s chicos entendieron muy bien y nos ense\u00f1an a los adultos, que somos los encargados de tomar decisiones. Por eso Escuelas por el Ambiente es una expresi\u00f3n de un s\u00edntoma: la restauraci\u00f3n ambiental viene de las nuevas generaciones. Queremos generar una pol\u00edtica clara de restauraci\u00f3n ambiental, de trabajo y educaci\u00f3n para que la sociedad entera tome conciencia y que Escobar sea un modelo que dialogue, replique y tenga una interfaz con otros modelos ambientales para as\u00ed construir un mundo mejor\u201d<\/em>, expres\u00f3 Sujarchuk.<\/p>\n","protected":false},"excerpt":{"rendered":"<p>El intendente Sujarchuk encabez\u00f3 el acto de cierre de la quinta edici\u00f3n de Escuelas por el Ambiente, un programa que impulsa la Subsecretar\u00eda de Escobar [&hellip;]<\/p>\n","protected":false},"author":1,"featured_media":1782,"comment_status":"open","ping_status":"closed","sticky":false,"template":"","format":"standard","meta":{"footnotes":""},"categories":[14,4],"tags":[],"class_list":["post-1779","post","type-post","status-publish","format-standard","has-post-thumbnail","hentry","category-clima-medioambiente-y-sostenibilidad","category-educacion"],"better_featured_image":{"id":1782,"alt_text":"","caption":"","description":"","media_type":"image","media_details":{"width":720,"height":367,"file":"2023\/12\/escuelas-x-el-ambiente-3-e1702426895451.jpg","filesize":145314,"sizes":{"medium":{"file":"escuelas-x-el-ambiente-3-e1702426895451-300x153.jpg","width":300,"height":153,"mime-type":"image\/jpeg","filesize":14599,"source_url":"https:\/\/nuevodigitaldeescobar.com.ar\/wp-content\/uploads\/2023\/12\/escuelas-x-el-ambiente-3-e1702426895451-300x153.jpg"},"thumbnail":{"file":"escuelas-x-el-ambiente-3-e1702426895451-150x150.jpg","width":150,"height":150,"mime-type":"image\/jpeg","filesize":7290,"source_url":"https:\/\/nuevodigitaldeescobar.com.ar\/wp-content\/uploads\/2023\/12\/escuelas-x-el-ambiente-3-e1702426895451-150x150.jpg"},"medium_large":{"file":"escuelas-x-el-ambiente-3-768x512.jpg","width":768,"height":512,"mime-type":"image\/jpeg","filesize":70487,"source_url":"https:\/\/nuevodigitaldeescobar.com.ar\/wp-content\/uploads\/2023\/12\/escuelas-x-el-ambiente-3-768x512.jpg"},"covernews-slider-center":{"file":"escuelas-x-el-ambiente-3-800x500.jpg","width":800,"height":500,"mime-type":"image\/jpeg","filesize":73130,"source_url":"https:\/\/nuevodigitaldeescobar.com.ar\/wp-content\/uploads\/2023\/12\/escuelas-x-el-ambiente-3-800x500.jpg"},"covernews-medium":{"file":"escuelas-x-el-ambiente-3-e1702426895451-540x340.jpg","width":540,"height":340,"mime-type":"image\/jpeg","filesize":42604,"source_url":"https:\/\/nuevodigitaldeescobar.com.ar\/wp-content\/uploads\/2023\/12\/escuelas-x-el-ambiente-3-e1702426895451-540x340.jpg"},"covernews-medium-square":{"file":"escuelas-x-el-ambiente-3-e1702426895451-400x250.jpg","width":400,"height":250,"mime-type":"image\/jpeg","filesize":26531,"source_url":"https:\/\/nuevodigitaldeescobar.com.ar\/wp-content\/uploads\/2023\/12\/escuelas-x-el-ambiente-3-e1702426895451-400x250.jpg"}},"image_meta":{"aperture":"0","credit":"","camera":"","caption":"","created_timestamp":"0","copyright":"","focal_length":"0","iso":"0","shutter_speed":"0","title":"","orientation":"0","keywords":[]}},"post":1779,"source_url":"https:\/\/nuevodigitaldeescobar.com.ar\/wp-content\/uploads\/2023\/12\/escuelas-x-el-ambiente-3-e1702426895451.jpg"},"yoast_head":"<!-- This site is optimized with the Yoast SEO plugin v26.1.1 - https:\/\/yoast.com\/wordpress\/plugins\/seo\/ -->\n<title>Se llev\u00f3 a cabo el cierre de la quinta edici\u00f3n de Escuelas por el Ambiente - Nuevo Digital de Escobar<\/title>\n<meta name=\"robots\" content=\"index, follow, max-snippet:-1, max-image-preview:large, max-video-preview:-1\" \/>\n<link rel=\"canonical\" href=\"https:\/\/nuevodigitaldeescobar.com.ar\/?p=1779\" \/>\n<meta property=\"og:locale\" content=\"es_ES\" \/>\n<meta property=\"og:type\" content=\"article\" \/>\n<meta property=\"og:title\" content=\"Se llev\u00f3 a cabo el cierre de la quinta edici\u00f3n de Escuelas por el Ambiente - Nuevo Digital de Escobar\" \/>\n<meta property=\"og:description\" content=\"El intendente Sujarchuk encabez\u00f3 el acto de cierre de la quinta edici\u00f3n de Escuelas por el Ambiente, un programa que impulsa la Subsecretar\u00eda de Escobar [&hellip;]\" \/>\n<meta property=\"og:url\" content=\"https:\/\/nuevodigitaldeescobar.com.ar\/?p=1779\" \/>\n<meta property=\"og:site_name\" content=\"Nuevo Digital de Escobar\" \/>\n<meta property=\"article:publisher\" content=\"https:\/\/www.facebook.com\/NUEVODigitalDeEscobar\" \/>\n<meta property=\"article:published_time\" content=\"2023-12-13T10:00:00+00:00\" \/>\n<meta property=\"og:image\" content=\"https:\/\/nuevodigitaldeescobar.com.ar\/wp-content\/uploads\/2023\/12\/escuelas-x-el-ambiente-3-e1702426895451.jpg\" \/>\n\t<meta property=\"og:image:width\" content=\"720\" \/>\n\t<meta property=\"og:image:height\" content=\"367\" \/>\n\t<meta property=\"og:image:type\" content=\"image\/jpeg\" \/>\n<meta name=\"author\" content=\"Redacci\u00f3n\" \/>\n<meta name=\"twitter:card\" content=\"summary_large_image\" \/>\n<meta name=\"twitter:creator\" content=\"@nuevodigescobar\" \/>\n<meta name=\"twitter:site\" content=\"@nuevodigescobar\" \/>\n<meta name=\"twitter:label1\" content=\"Escrito por\" \/>\n\t<meta name=\"twitter:data1\" content=\"Redacci\u00f3n\" \/>\n\t<meta name=\"twitter:label2\" content=\"Tiempo de lectura\" \/>\n\t<meta name=\"twitter:data2\" content=\"3 minutos\" \/>\n<script type=\"application\/ld+json\" class=\"yoast-schema-graph\">{\"@context\":\"https:\/\/schema.org\",\"@graph\":[{\"@type\":\"Article\",\"@id\":\"https:\/\/nuevodigitaldeescobar.com.ar\/?p=1779#article\",\"isPartOf\":{\"@id\":\"https:\/\/nuevodigitaldeescobar.com.ar\/?p=1779\"},\"author\":{\"name\":\"Redacci\u00f3n\",\"@id\":\"https:\/\/nuevodigitaldeescobar.com.ar\/#\/schema\/person\/035e90a8efe9a80e6eec22656ad6ea4c\"},\"headline\":\"Se llev\u00f3 a cabo el cierre de la quinta edici\u00f3n de Escuelas por el Ambiente\",\"datePublished\":\"2023-12-13T10:00:00+00:00\",\"mainEntityOfPage\":{\"@id\":\"https:\/\/nuevodigitaldeescobar.com.ar\/?p=1779\"},\"wordCount\":596,\"commentCount\":0,\"publisher\":{\"@id\":\"https:\/\/nuevodigitaldeescobar.com.ar\/#organization\"},\"image\":{\"@id\":\"https:\/\/nuevodigitaldeescobar.com.ar\/?p=1779#primaryimage\"},\"thumbnailUrl\":\"https:\/\/nuevodigitaldeescobar.com.ar\/wp-content\/uploads\/2023\/12\/escuelas-x-el-ambiente-3-e1702426895451.jpg\",\"articleSection\":[\"Clima, Medioambiente y Sostenibilidad\",\"Educaci\u00f3n\"],\"inLanguage\":\"es\",\"potentialAction\":[{\"@type\":\"CommentAction\",\"name\":\"Comment\",\"target\":[\"https:\/\/nuevodigitaldeescobar.com.ar\/?p=1779#respond\"]}]},{\"@type\":\"WebPage\",\"@id\":\"https:\/\/nuevodigitaldeescobar.com.ar\/?p=1779\",\"url\":\"https:\/\/nuevodigitaldeescobar.com.ar\/?p=1779\",\"name\":\"Se llev\u00f3 a cabo el cierre de la quinta edici\u00f3n de Escuelas por el Ambiente - Nuevo Digital de Escobar\",\"isPartOf\":{\"@id\":\"https:\/\/nuevodigitaldeescobar.com.ar\/#website\"},\"primaryImageOfPage\":{\"@id\":\"https:\/\/nuevodigitaldeescobar.com.ar\/?p=1779#primaryimage\"},\"image\":{\"@id\":\"https:\/\/nuevodigitaldeescobar.com.ar\/?p=1779#primaryimage\"},\"thumbnailUrl\":\"https:\/\/nuevodigitaldeescobar.com.ar\/wp-content\/uploads\/2023\/12\/escuelas-x-el-ambiente-3-e1702426895451.jpg\",\"datePublished\":\"2023-12-13T10:00:00+00:00\",\"breadcrumb\":{\"@id\":\"https:\/\/nuevodigitaldeescobar.com.ar\/?p=1779#breadcrumb\"},\"inLanguage\":\"es\",\"potentialAction\":[{\"@type\":\"ReadAction\",\"target\":[\"https:\/\/nuevodigitaldeescobar.com.ar\/?p=1779\"]}]},{\"@type\":\"ImageObject\",\"inLanguage\":\"es\",\"@id\":\"https:\/\/nuevodigitaldeescobar.com.ar\/?p=1779#primaryimage\",\"url\":\"https:\/\/nuevodigitaldeescobar.com.ar\/wp-content\/uploads\/2023\/12\/escuelas-x-el-ambiente-3-e1702426895451.jpg\",\"contentUrl\":\"https:\/\/nuevodigitaldeescobar.com.ar\/wp-content\/uploads\/2023\/12\/escuelas-x-el-ambiente-3-e1702426895451.jpg\",\"width\":720,\"height\":367},{\"@type\":\"BreadcrumbList\",\"@id\":\"https:\/\/nuevodigitaldeescobar.com.ar\/?p=1779#breadcrumb\",\"itemListElement\":[{\"@type\":\"ListItem\",\"position\":1,\"name\":\"Portada\",\"item\":\"https:\/\/nuevodigitaldeescobar.com.ar\/\"},{\"@type\":\"ListItem\",\"position\":2,\"name\":\"Se llev\u00f3 a cabo el cierre de la quinta edici\u00f3n de Escuelas por el Ambiente\"}]},{\"@type\":\"WebSite\",\"@id\":\"https:\/\/nuevodigitaldeescobar.com.ar\/#website\",\"url\":\"https:\/\/nuevodigitaldeescobar.com.ar\/\",\"name\":\"Nuevo Digital de Escobar\",\"description\":\"La vida escobarense. Directora: Rosana Brunner\",\"publisher\":{\"@id\":\"https:\/\/nuevodigitaldeescobar.com.ar\/#organization\"},\"potentialAction\":[{\"@type\":\"SearchAction\",\"target\":{\"@type\":\"EntryPoint\",\"urlTemplate\":\"https:\/\/nuevodigitaldeescobar.com.ar\/?s={search_term_string}\"},\"query-input\":{\"@type\":\"PropertyValueSpecification\",\"valueRequired\":true,\"valueName\":\"search_term_string\"}}],\"inLanguage\":\"es\"},{\"@type\":\"Organization\",\"@id\":\"https:\/\/nuevodigitaldeescobar.com.ar\/#organization\",\"name\":\"Nuevo Digital de Escobar\",\"url\":\"https:\/\/nuevodigitaldeescobar.com.ar\/\",\"logo\":{\"@type\":\"ImageObject\",\"inLanguage\":\"es\",\"@id\":\"https:\/\/nuevodigitaldeescobar.com.ar\/#\/schema\/logo\/image\/\",\"url\":\"https:\/\/nuevodigitaldeescobar.com.ar\/wp-content\/uploads\/2025\/05\/cropped-logo-nuevo2.jpg\",\"contentUrl\":\"https:\/\/nuevodigitaldeescobar.com.ar\/wp-content\/uploads\/2025\/05\/cropped-logo-nuevo2.jpg\",\"width\":305,\"height\":305,\"caption\":\"Nuevo Digital de Escobar\"},\"image\":{\"@id\":\"https:\/\/nuevodigitaldeescobar.com.ar\/#\/schema\/logo\/image\/\"},\"sameAs\":[\"https:\/\/www.facebook.com\/NUEVODigitalDeEscobar\",\"https:\/\/x.com\/nuevodigescobar\",\"https:\/\/www.instagram.com\/nuevodigitaldeescobar\"]},{\"@type\":\"Person\",\"@id\":\"https:\/\/nuevodigitaldeescobar.com.ar\/#\/schema\/person\/035e90a8efe9a80e6eec22656ad6ea4c\",\"name\":\"Redacci\u00f3n\",\"image\":{\"@type\":\"ImageObject\",\"inLanguage\":\"es\",\"@id\":\"https:\/\/nuevodigitaldeescobar.com.ar\/#\/schema\/person\/image\/\",\"url\":\"https:\/\/secure.gravatar.com\/avatar\/8af8f40000c24e9eef3034f2be5998a372bb1389e64b1a4a36b3a7979142220d?s=96&d=mm&r=g\",\"contentUrl\":\"https:\/\/secure.gravatar.com\/avatar\/8af8f40000c24e9eef3034f2be5998a372bb1389e64b1a4a36b3a7979142220d?s=96&d=mm&r=g\",\"caption\":\"Redacci\u00f3n\"},\"sameAs\":[\"http:\/\/nuevodigitaldeescobar.com.ar\"],\"url\":\"https:\/\/nuevodigitaldeescobar.com.ar\/?author=1\"}]}<\/script>\n<!-- \/ Yoast SEO plugin. -->","yoast_head_json":{"title":"Se llev\u00f3 a cabo el cierre de la quinta edici\u00f3n de Escuelas por el Ambiente - Nuevo Digital de Escobar","robots":{"index":"index","follow":"follow","max-snippet":"max-snippet:-1","max-image-preview":"max-image-preview:large","max-video-preview":"max-video-preview:-1"},"canonical":"https:\/\/nuevodigitaldeescobar.com.ar\/?p=1779","og_locale":"es_ES","og_type":"article","og_title":"Se llev\u00f3 a cabo el cierre de la quinta edici\u00f3n de Escuelas por el Ambiente - Nuevo Digital de Escobar","og_description":"El intendente Sujarchuk encabez\u00f3 el acto de cierre de la quinta edici\u00f3n de Escuelas por el Ambiente, un programa que impulsa la Subsecretar\u00eda de Escobar [&hellip;]","og_url":"https:\/\/nuevodigitaldeescobar.com.ar\/?p=1779","og_site_name":"Nuevo Digital de Escobar","article_publisher":"https:\/\/www.facebook.com\/NUEVODigitalDeEscobar","article_published_time":"2023-12-13T10:00:00+00:00","og_image":[{"width":720,"height":367,"url":"https:\/\/nuevodigitaldeescobar.com.ar\/wp-content\/uploads\/2023\/12\/escuelas-x-el-ambiente-3-e1702426895451.jpg","type":"image\/jpeg"}],"author":"Redacci\u00f3n","twitter_card":"summary_large_image","twitter_creator":"@nuevodigescobar","twitter_site":"@nuevodigescobar","twitter_misc":{"Escrito por":"Redacci\u00f3n","Tiempo de lectura":"3 minutos"},"schema":{"@context":"https:\/\/schema.org","@graph":[{"@type":"Article","@id":"https:\/\/nuevodigitaldeescobar.com.ar\/?p=1779#article","isPartOf":{"@id":"https:\/\/nuevodigitaldeescobar.com.ar\/?p=1779"},"author":{"name":"Redacci\u00f3n","@id":"https:\/\/nuevodigitaldeescobar.com.ar\/#\/schema\/person\/035e90a8efe9a80e6eec22656ad6ea4c"},"headline":"Se llev\u00f3 a cabo el cierre de la quinta edici\u00f3n de Escuelas por el Ambiente","datePublished":"2023-12-13T10:00:00+00:00","mainEntityOfPage":{"@id":"https:\/\/nuevodigitaldeescobar.com.ar\/?p=1779"},"wordCount":596,"commentCount":0,"publisher":{"@id":"https:\/\/nuevodigitaldeescobar.com.ar\/#organization"},"image":{"@id":"https:\/\/nuevodigitaldeescobar.com.ar\/?p=1779#primaryimage"},"thumbnailUrl":"https:\/\/nuevodigitaldeescobar.com.ar\/wp-content\/uploads\/2023\/12\/escuelas-x-el-ambiente-3-e1702426895451.jpg","articleSection":["Clima, Medioambiente y Sostenibilidad","Educaci\u00f3n"],"inLanguage":"es","potentialAction":[{"@type":"CommentAction","name":"Comment","target":["https:\/\/nuevodigitaldeescobar.com.ar\/?p=1779#respond"]}]},{"@type":"WebPage","@id":"https:\/\/nuevodigitaldeescobar.com.ar\/?p=1779","url":"https:\/\/nuevodigitaldeescobar.com.ar\/?p=1779","name":"Se llev\u00f3 a cabo el cierre de la quinta edici\u00f3n de Escuelas por el Ambiente - Nuevo Digital de Escobar","isPartOf":{"@id":"https:\/\/nuevodigitaldeescobar.com.ar\/#website"},"primaryImageOfPage":{"@id":"https:\/\/nuevodigitaldeescobar.com.ar\/?p=1779#primaryimage"},"image":{"@id":"https:\/\/nuevodigitaldeescobar.com.ar\/?p=1779#primaryimage"},"thumbnailUrl":"https:\/\/nuevodigitaldeescobar.com.ar\/wp-content\/uploads\/2023\/12\/escuelas-x-el-ambiente-3-e1702426895451.jpg","datePublished":"2023-12-13T10:00:00+00:00","breadcrumb":{"@id":"https:\/\/nuevodigitaldeescobar.com.ar\/?p=1779#breadcrumb"},"inLanguage":"es","potentialAction":[{"@type":"ReadAction","target":["https:\/\/nuevodigitaldeescobar.com.ar\/?p=1779"]}]},{"@type":"ImageObject","inLanguage":"es","@id":"https:\/\/nuevodigitaldeescobar.com.ar\/?p=1779#primaryimage","url":"https:\/\/nuevodigitaldeescobar.com.ar\/wp-content\/uploads\/2023\/12\/escuelas-x-el-ambiente-3-e1702426895451.jpg","contentUrl":"https:\/\/nuevodigitaldeescobar.com.ar\/wp-content\/uploads\/2023\/12\/escuelas-x-el-ambiente-3-e1702426895451.jpg","width":720,"height":367},{"@type":"BreadcrumbList","@id":"https:\/\/nuevodigitaldeescobar.com.ar\/?p=1779#breadcrumb","itemListElement":[{"@type":"ListItem","position":1,"name":"Portada","item":"https:\/\/nuevodigitaldeescobar.com.ar\/"},{"@type":"ListItem","position":2,"name":"Se llev\u00f3 a cabo el cierre de la quinta edici\u00f3n de Escuelas por el Ambiente"}]},{"@type":"WebSite","@id":"https:\/\/nuevodigitaldeescobar.com.ar\/#website","url":"https:\/\/nuevodigitaldeescobar.com.ar\/","name":"Nuevo Digital de Escobar","description":"La vida escobarense. Directora: Rosana Brunner","publisher":{"@id":"https:\/\/nuevodigitaldeescobar.com.ar\/#organization"},"potentialAction":[{"@type":"SearchAction","target":{"@type":"EntryPoint","urlTemplate":"https:\/\/nuevodigitaldeescobar.com.ar\/?s={search_term_string}"},"query-input":{"@type":"PropertyValueSpecification","valueRequired":true,"valueName":"search_term_string"}}],"inLanguage":"es"},{"@type":"Organization","@id":"https:\/\/nuevodigitaldeescobar.com.ar\/#organization","name":"Nuevo Digital de Escobar","url":"https:\/\/nuevodigitaldeescobar.com.ar\/","logo":{"@type":"ImageObject","inLanguage":"es","@id":"https:\/\/nuevodigitaldeescobar.com.ar\/#\/schema\/logo\/image\/","url":"https:\/\/nuevodigitaldeescobar.com.ar\/wp-content\/uploads\/2025\/05\/cropped-logo-nuevo2.jpg","contentUrl":"https:\/\/nuevodigitaldeescobar.com.ar\/wp-content\/uploads\/2025\/05\/cropped-logo-nuevo2.jpg","width":305,"height":305,"caption":"Nuevo Digital de Escobar"},"image":{"@id":"https:\/\/nuevodigitaldeescobar.com.ar\/#\/schema\/logo\/image\/"},"sameAs":["https:\/\/www.facebook.com\/NUEVODigitalDeEscobar","https:\/\/x.com\/nuevodigescobar","https:\/\/www.instagram.com\/nuevodigitaldeescobar"]},{"@type":"Person","@id":"https:\/\/nuevodigitaldeescobar.com.ar\/#\/schema\/person\/035e90a8efe9a80e6eec22656ad6ea4c","name":"Redacci\u00f3n","image":{"@type":"ImageObject","inLanguage":"es","@id":"https:\/\/nuevodigitaldeescobar.com.ar\/#\/schema\/person\/image\/","url":"https:\/\/secure.gravatar.com\/avatar\/8af8f40000c24e9eef3034f2be5998a372bb1389e64b1a4a36b3a7979142220d?s=96&d=mm&r=g","contentUrl":"https:\/\/secure.gravatar.com\/avatar\/8af8f40000c24e9eef3034f2be5998a372bb1389e64b1a4a36b3a7979142220d?s=96&d=mm&r=g","caption":"Redacci\u00f3n"},"sameAs":["http:\/\/nuevodigitaldeescobar.com.ar"],"url":"https:\/\/nuevodigitaldeescobar.com.ar\/?author=1"}]}},"featured_image_urls":{"full":["https:\/\/nuevodigitaldeescobar.com.ar\/wp-content\/uploads\/2023\/12\/escuelas-x-el-ambiente-3-e1702426895451.jpg",720,367,false],"thumbnail":["https:\/\/nuevodigitaldeescobar.com.ar\/wp-content\/uploads\/2023\/12\/escuelas-x-el-ambiente-3-e1702426895451-150x150.jpg",150,150,true],"medium":["https:\/\/nuevodigitaldeescobar.com.ar\/wp-content\/uploads\/2023\/12\/escuelas-x-el-ambiente-3-e1702426895451-300x153.jpg",300,153,true],"medium_large":["https:\/\/nuevodigitaldeescobar.com.ar\/wp-content\/uploads\/2023\/12\/escuelas-x-el-ambiente-3-768x512.jpg",640,427,true],"large":["https:\/\/nuevodigitaldeescobar.com.ar\/wp-content\/uploads\/2023\/12\/escuelas-x-el-ambiente-3-e1702426895451.jpg",640,326,false],"1536x1536":["https:\/\/nuevodigitaldeescobar.com.ar\/wp-content\/uploads\/2023\/12\/escuelas-x-el-ambiente-3-e1702426895451.jpg",720,367,false],"2048x2048":["https:\/\/nuevodigitaldeescobar.com.ar\/wp-content\/uploads\/2023\/12\/escuelas-x-el-ambiente-3-e1702426895451.jpg",720,367,false]},"author_info":{"display_name":"Redacci\u00f3n","author_link":"https:\/\/nuevodigitaldeescobar.com.ar\/?author=1"},"category_info":"<a href=\"https:\/\/nuevodigitaldeescobar.com.ar\/?cat=14\" rel=\"category\">Clima, Medioambiente y Sostenibilidad<\/a> <a href=\"https:\/\/nuevodigitaldeescobar.com.ar\/?cat=4\" rel=\"category\">Educaci\u00f3n<\/a>","tag_info":"Educaci\u00f3n","comment_count":"0","_links":{"self":[{"href":"https:\/\/nuevodigitaldeescobar.com.ar\/index.php?rest_route=\/wp\/v2\/posts\/1779","targetHints":{"allow":["GET"]}}],"collection":[{"href":"https:\/\/nuevodigitaldeescobar.com.ar\/index.php?rest_route=\/wp\/v2\/posts"}],"about":[{"href":"https:\/\/nuevodigitaldeescobar.com.ar\/index.php?rest_route=\/wp\/v2\/types\/post"}],"author":[{"embeddable":true,"href":"https:\/\/nuevodigitaldeescobar.com.ar\/index.php?rest_route=\/wp\/v2\/users\/1"}],"replies":[{"embeddable":true,"href":"https:\/\/nuevodigitaldeescobar.com.ar\/index.php?rest_route=%2Fwp%2Fv2%2Fcomments&post=1779"}],"version-history":[{"count":1,"href":"https:\/\/nuevodigitaldeescobar.com.ar\/index.php?rest_route=\/wp\/v2\/posts\/1779\/revisions"}],"predecessor-version":[{"id":1783,"href":"https:\/\/nuevodigitaldeescobar.com.ar\/index.php?rest_route=\/wp\/v2\/posts\/1779\/revisions\/1783"}],"wp:featuredmedia":[{"embeddable":true,"href":"https:\/\/nuevodigitaldeescobar.com.ar\/index.php?rest_route=\/wp\/v2\/media\/1782"}],"wp:attachment":[{"href":"https:\/\/nuevodigitaldeescobar.com.ar\/index.php?rest_route=%2Fwp%2Fv2%2Fmedia&parent=1779"}],"wp:term":[{"taxonomy":"category","embeddable":true,"href":"https:\/\/nuevodigitaldeescobar.com.ar\/index.php?rest_route=%2Fwp%2Fv2%2Fcategories&post=1779"},{"taxonomy":"post_tag","embeddable":true,"href":"https:\/\/nuevodigitaldeescobar.com.ar\/index.php?rest_route=%2Fwp%2Fv2%2Ftags&post=1779"}],"curies":[{"name":"wp","href":"https:\/\/api.w.org\/{rel}","templated":true}]}}