{"id":17793,"date":"2025-09-03T14:20:23","date_gmt":"2025-09-03T17:20:23","guid":{"rendered":"https:\/\/nuevodigitaldeescobar.com.ar\/?p=17793"},"modified":"2025-09-03T14:20:23","modified_gmt":"2025-09-03T17:20:23","slug":"scaloni-confirmo-a-messi-como-titular-ante-venezuela-y-destaco-su-partido-especial","status":"publish","type":"post","link":"https:\/\/nuevodigitaldeescobar.com.ar\/?p=17793","title":{"rendered":"Scaloni confirm\u00f3 a Messi como titular ante Venezuela y destac\u00f3 su partido especial"},"content":{"rendered":"<p><a href=\"https:\/\/derechadiario.com.ar\/deportes\/scaloni-y-futuro-messi-se-gano-derecho-decidir-cuando-se-retira\" title=\"Scaloni y el futuro de Messi: 'Se gan\u00f3 el derecho a decidir cu\u00e1ndo se retira'\"><u><strong>Lionel Scaloni<\/strong><\/u><\/a>, entrenador de la <a href=\"https:\/\/derechadiario.com.ar\/deportes\/messi-confirmo-su-despedida-como-local-eliminatorias-ante-venezuela-ultimo\" title=\"Messi confirm\u00f3 su despedida como local en Eliminatorias ante Venezuela: 'Es el \u00faltimo'\"><u><strong>Selecci\u00f3n Argentina<\/strong><\/u><\/a>\u00a0confirm\u00f3 una noticia que muchos estaban esperando: <strong><a href=\"https:\/\/derechadiario.com.ar\/deportes\/scaloni-y-futuro-messi-se-gano-derecho-decidir-cuando-se-retira\" title=\"Scaloni y el futuro de Messi: 'Se gan\u00f3 el derecho a decidir cu\u00e1ndo se retira'\"><u>Lionel Messi<\/u><\/a> ser\u00e1 titular para el partido de este jueves ante Venezuela<\/strong>, correspondiente a la pen\u00faltima fecha de las Eliminatorias Sudamericanas rumbo a la Copa del Mundo.<\/p>\n<p>En la habitual conferencia de prensa\u00a0antes de cada encuentro por la clasificaci\u00f3n a la Copa del Mundo, el DT\u00a0se refiri\u00f3 a lo dicho anteriormente por el\u00a0astro rosarino: \u00ab<em>Por lo que declar\u00f3 Leo, <strong>va a ser un partido especial<\/strong>, emotivo, lindo. <strong>Si es verdad que ser\u00e1 su \u00faltimo ac\u00e1 por Eliminatorias, hay que disfrutarlo y yo voy a ser el primero<\/strong>. Es un placer tenerlo y <strong>esperemos que la gente que ir\u00e1 a la cancha y \u00e9l mismo lo disfrute porque lo merece<\/strong><\/em>\u00ab.<\/p>\n<div class=\"inter_image image_horizontal\">\n<img decoding=\"async\" src=\"https:\/\/derechadiario.com.ar\/filesedc\/uploads\/image\/post\/2025\/09\/lionel-scaloni-en-conferencia-de-prensa-2092365_1200_800.webp\" class=\"img-responsive lazyload\" alt=\"Entrenador de la selecci\u00f3n argentina de f\u00fatbol hablando en una conferencia de prensa con micr\u00f3fono y botellas de agua sobre la mesa\" title=\"Entrenador de la selecci\u00f3n argentina de f\u00fatbol hablando en una conferencia de prensa con micr\u00f3fono y botellas de agua sobre la mesa\" \/>\n<div>\n<span class=\"img_footer\">Scaloni quiere que la gente disfrute a Messi <\/span>| <span class=\"img_author\">La Derecha Diario<\/span>\n<\/div>\n<\/div>\n<h2><strong>El equipo, el Dibu y su presente en la Selecci\u00f3n<\/strong><\/h2>\n<p>En cuanto al equipo, <strong>Scaloni confirm\u00f3 la disponibilidad de Nicol\u00e1s Otamendi,<\/strong> mientras que \u00a0<strong>Alexis Mac Allister probablemente no forme parte del once inicial<\/strong>. Adem\u00e1s, anticip\u00f3 que podr\u00edan aparecer juveniles en la lista de convocados. \u00ab<em>Las convocatorias no son en b\u00fasqueda de encontrar algo, sino en \u00a0<strong>merecimiento<\/strong> de acuerdo a lo que vemos. <strong>Estos chicos demuestran que pueden estar y aportar<\/strong><\/em>\u00ab, explic\u00f3.<\/p>\n<p>Respecto a los jugadores que viajar\u00e1n a Ecuador para la \u00faltima fecha de las Eliminatorias, asegur\u00f3 que todos lo har\u00e1n salvo excepciones por lesiones o suspensiones. Tambi\u00e9n habl\u00f3 sobre la situaci\u00f3n de <strong>Emiliano Dibu Mart\u00ednez<\/strong> tras frustrarse su pase a Manchester United: \u00ab<em>Vamos a ver si Dibu pierde continuidad en su club, no nos vamos a adelantar. <strong>Queremos que juegue<\/strong>. <strong>Pero no es una decisi\u00f3n m\u00eda<\/strong>. Ya veremos<\/em>\u00ab.<\/p>\n<aside class=\"whatsappChannelText\"><a href=\"https:\/\/whatsapp.com\/channel\/0029VagEjILGE56eKjedWF2U\" rel=\"nofollow\" title=\"WhatsApp Link\"><img alt=\"Logo de WhatsApp\" class=\"lazyload\" data-src=\"\/filesedc\/uploads\/other\/whatsapp_icon_mid_article.png\" width=\"32\" height=\"32\" \/><\/a> <a href=\"https:\/\/whatsapp.com\/channel\/0029VagEjILGE56eKjedWF2U\" rel=\"nofollow\" title=\"WhatsApp Link\"><strong>NO SE PIERDAN NINGUNA NOTICIA<\/strong>: Click aqu\u00ed para sumarte <strong>GRATIS<\/strong> al canal de noticias de <strong>La Derecha Diario en WhatsApp.<\/strong><\/a><\/aside>\n<p>Finalmente, <strong>Scaloni reiter\u00f3 que vive \u00ab<em>normal<\/em>\u00bb su presente con la Selecci\u00f3n<\/strong>, con contrato vigente hasta diciembre de 2026, y \u00a0<strong>no descart\u00f3 una posible renovaci\u00f3n futura<\/strong>, aunque afirm\u00f3 que su foco est\u00e1 en los partidos que vienen.<\/p>","protected":false},"excerpt":{"rendered":"<p>Lionel Scaloni, entrenador de la Selecci\u00f3n Argentina\u00a0confirm\u00f3 una noticia que muchos estaban esperando: Lionel Messi ser\u00e1 titular para el partido de este jueves ante Venezuela, [&hellip;]<\/p>\n","protected":false},"author":1,"featured_media":17794,"comment_status":"open","ping_status":"open","sticky":false,"template":"","format":"standard","meta":{"footnotes":""},"categories":[8],"tags":[],"class_list":["post-17793","post","type-post","status-publish","format-standard","has-post-thumbnail","hentry","category-deportes"],"better_featured_image":{"id":17794,"alt_text":"","caption":"","description":"","media_type":"image","media_details":{"width":1600,"height":1067,"file":"2025\/09\/messi-scaloni-seleccion-argentinajpg_1600_1067-FWUHiP.jpg","filesize":163877,"sizes":{"medium":{"file":"messi-scaloni-seleccion-argentinajpg_1600_1067-FWUHiP-300x200.jpg","width":300,"height":200,"mime-type":"image\/jpeg","filesize":18680,"source_url":"https:\/\/nuevodigitaldeescobar.com.ar\/wp-content\/uploads\/2025\/09\/messi-scaloni-seleccion-argentinajpg_1600_1067-FWUHiP-300x200.jpg"},"large":{"file":"messi-scaloni-seleccion-argentinajpg_1600_1067-FWUHiP-1024x683.jpg","width":1024,"height":683,"mime-type":"image\/jpeg","filesize":122715,"source_url":"https:\/\/nuevodigitaldeescobar.com.ar\/wp-content\/uploads\/2025\/09\/messi-scaloni-seleccion-argentinajpg_1600_1067-FWUHiP-1024x683.jpg"},"thumbnail":{"file":"messi-scaloni-seleccion-argentinajpg_1600_1067-FWUHiP-150x150.jpg","width":150,"height":150,"mime-type":"image\/jpeg","filesize":7947,"source_url":"https:\/\/nuevodigitaldeescobar.com.ar\/wp-content\/uploads\/2025\/09\/messi-scaloni-seleccion-argentinajpg_1600_1067-FWUHiP-150x150.jpg"},"medium_large":{"file":"messi-scaloni-seleccion-argentinajpg_1600_1067-FWUHiP-768x512.jpg","width":768,"height":512,"mime-type":"image\/jpeg","filesize":80545,"source_url":"https:\/\/nuevodigitaldeescobar.com.ar\/wp-content\/uploads\/2025\/09\/messi-scaloni-seleccion-argentinajpg_1600_1067-FWUHiP-768x512.jpg"},"1536x1536":{"file":"messi-scaloni-seleccion-argentinajpg_1600_1067-FWUHiP-1536x1024.jpg","width":1536,"height":1024,"mime-type":"image\/jpeg","filesize":215731,"source_url":"https:\/\/nuevodigitaldeescobar.com.ar\/wp-content\/uploads\/2025\/09\/messi-scaloni-seleccion-argentinajpg_1600_1067-FWUHiP-1536x1024.jpg"}},"image_meta":{"aperture":"0","credit":"","camera":"","caption":"","created_timestamp":"0","copyright":"","focal_length":"0","iso":"0","shutter_speed":"0","title":"","orientation":"0","keywords":[]}},"post":17793,"source_url":"https:\/\/nuevodigitaldeescobar.com.ar\/wp-content\/uploads\/2025\/09\/messi-scaloni-seleccion-argentinajpg_1600_1067-FWUHiP.jpg"},"yoast_head":"<!-- This site is optimized with the Yoast SEO plugin v26.1.1 - https:\/\/yoast.com\/wordpress\/plugins\/seo\/ -->\n<title>Scaloni confirm\u00f3 a Messi como titular ante Venezuela y destac\u00f3 su partido especial - Nuevo Digital de Escobar<\/title>\n<meta name=\"robots\" content=\"index, follow, max-snippet:-1, max-image-preview:large, max-video-preview:-1\" \/>\n<link rel=\"canonical\" href=\"https:\/\/nuevodigitaldeescobar.com.ar\/?p=17793\" \/>\n<meta property=\"og:locale\" content=\"es_ES\" \/>\n<meta property=\"og:type\" content=\"article\" \/>\n<meta property=\"og:title\" content=\"Scaloni confirm\u00f3 a Messi como titular ante Venezuela y destac\u00f3 su partido especial - Nuevo Digital de Escobar\" \/>\n<meta property=\"og:description\" content=\"Lionel Scaloni, entrenador de la Selecci\u00f3n Argentina\u00a0confirm\u00f3 una noticia que muchos estaban esperando: Lionel Messi ser\u00e1 titular para el partido de este jueves ante Venezuela, [&hellip;]\" \/>\n<meta property=\"og:url\" content=\"https:\/\/nuevodigitaldeescobar.com.ar\/?p=17793\" \/>\n<meta property=\"og:site_name\" content=\"Nuevo Digital de Escobar\" \/>\n<meta property=\"article:publisher\" content=\"https:\/\/www.facebook.com\/NUEVODigitalDeEscobar\" \/>\n<meta property=\"article:published_time\" content=\"2025-09-03T17:20:23+00:00\" \/>\n<meta property=\"og:image\" content=\"https:\/\/derechadiario.com.ar\/filesedc\/uploads\/image\/post\/2025\/09\/lionel-scaloni-en-conferencia-de-prensa-2092365_1200_800.webp\" \/>\n<meta name=\"author\" content=\"Redacci\u00f3n\" \/>\n<meta name=\"twitter:card\" content=\"summary_large_image\" \/>\n<meta name=\"twitter:creator\" content=\"@nuevodigescobar\" \/>\n<meta name=\"twitter:site\" content=\"@nuevodigescobar\" \/>\n<meta name=\"twitter:label1\" content=\"Escrito por\" \/>\n\t<meta name=\"twitter:data1\" content=\"Redacci\u00f3n\" \/>\n\t<meta name=\"twitter:label2\" content=\"Tiempo de lectura\" \/>\n\t<meta name=\"twitter:data2\" content=\"2 minutos\" \/>\n<script type=\"application\/ld+json\" class=\"yoast-schema-graph\">{\"@context\":\"https:\/\/schema.org\",\"@graph\":[{\"@type\":\"Article\",\"@id\":\"https:\/\/nuevodigitaldeescobar.com.ar\/?p=17793#article\",\"isPartOf\":{\"@id\":\"https:\/\/nuevodigitaldeescobar.com.ar\/?p=17793\"},\"author\":{\"name\":\"Redacci\u00f3n\",\"@id\":\"https:\/\/nuevodigitaldeescobar.com.ar\/#\/schema\/person\/035e90a8efe9a80e6eec22656ad6ea4c\"},\"headline\":\"Scaloni confirm\u00f3 a Messi como titular ante Venezuela y destac\u00f3 su partido especial\",\"datePublished\":\"2025-09-03T17:20:23+00:00\",\"mainEntityOfPage\":{\"@id\":\"https:\/\/nuevodigitaldeescobar.com.ar\/?p=17793\"},\"wordCount\":361,\"commentCount\":0,\"publisher\":{\"@id\":\"https:\/\/nuevodigitaldeescobar.com.ar\/#organization\"},\"image\":{\"@id\":\"https:\/\/nuevodigitaldeescobar.com.ar\/?p=17793#primaryimage\"},\"thumbnailUrl\":\"https:\/\/nuevodigitaldeescobar.com.ar\/wp-content\/uploads\/2025\/09\/messi-scaloni-seleccion-argentinajpg_1600_1067-FWUHiP.jpg\",\"articleSection\":[\"Deportes\"],\"inLanguage\":\"es\",\"potentialAction\":[{\"@type\":\"CommentAction\",\"name\":\"Comment\",\"target\":[\"https:\/\/nuevodigitaldeescobar.com.ar\/?p=17793#respond\"]}]},{\"@type\":\"WebPage\",\"@id\":\"https:\/\/nuevodigitaldeescobar.com.ar\/?p=17793\",\"url\":\"https:\/\/nuevodigitaldeescobar.com.ar\/?p=17793\",\"name\":\"Scaloni confirm\u00f3 a Messi como titular ante Venezuela y destac\u00f3 su partido especial - Nuevo Digital de Escobar\",\"isPartOf\":{\"@id\":\"https:\/\/nuevodigitaldeescobar.com.ar\/#website\"},\"primaryImageOfPage\":{\"@id\":\"https:\/\/nuevodigitaldeescobar.com.ar\/?p=17793#primaryimage\"},\"image\":{\"@id\":\"https:\/\/nuevodigitaldeescobar.com.ar\/?p=17793#primaryimage\"},\"thumbnailUrl\":\"https:\/\/nuevodigitaldeescobar.com.ar\/wp-content\/uploads\/2025\/09\/messi-scaloni-seleccion-argentinajpg_1600_1067-FWUHiP.jpg\",\"datePublished\":\"2025-09-03T17:20:23+00:00\",\"breadcrumb\":{\"@id\":\"https:\/\/nuevodigitaldeescobar.com.ar\/?p=17793#breadcrumb\"},\"inLanguage\":\"es\",\"potentialAction\":[{\"@type\":\"ReadAction\",\"target\":[\"https:\/\/nuevodigitaldeescobar.com.ar\/?p=17793\"]}]},{\"@type\":\"ImageObject\",\"inLanguage\":\"es\",\"@id\":\"https:\/\/nuevodigitaldeescobar.com.ar\/?p=17793#primaryimage\",\"url\":\"https:\/\/nuevodigitaldeescobar.com.ar\/wp-content\/uploads\/2025\/09\/messi-scaloni-seleccion-argentinajpg_1600_1067-FWUHiP.jpg\",\"contentUrl\":\"https:\/\/nuevodigitaldeescobar.com.ar\/wp-content\/uploads\/2025\/09\/messi-scaloni-seleccion-argentinajpg_1600_1067-FWUHiP.jpg\",\"width\":1600,\"height\":1067},{\"@type\":\"BreadcrumbList\",\"@id\":\"https:\/\/nuevodigitaldeescobar.com.ar\/?p=17793#breadcrumb\",\"itemListElement\":[{\"@type\":\"ListItem\",\"position\":1,\"name\":\"Portada\",\"item\":\"https:\/\/nuevodigitaldeescobar.com.ar\/\"},{\"@type\":\"ListItem\",\"position\":2,\"name\":\"Scaloni confirm\u00f3 a Messi como titular ante Venezuela y destac\u00f3 su partido especial\"}]},{\"@type\":\"WebSite\",\"@id\":\"https:\/\/nuevodigitaldeescobar.com.ar\/#website\",\"url\":\"https:\/\/nuevodigitaldeescobar.com.ar\/\",\"name\":\"Nuevo Digital de Escobar\",\"description\":\"La vida escobarense. Directora: Rosana Brunner\",\"publisher\":{\"@id\":\"https:\/\/nuevodigitaldeescobar.com.ar\/#organization\"},\"potentialAction\":[{\"@type\":\"SearchAction\",\"target\":{\"@type\":\"EntryPoint\",\"urlTemplate\":\"https:\/\/nuevodigitaldeescobar.com.ar\/?s={search_term_string}\"},\"query-input\":{\"@type\":\"PropertyValueSpecification\",\"valueRequired\":true,\"valueName\":\"search_term_string\"}}],\"inLanguage\":\"es\"},{\"@type\":\"Organization\",\"@id\":\"https:\/\/nuevodigitaldeescobar.com.ar\/#organization\",\"name\":\"Nuevo Digital de Escobar\",\"url\":\"https:\/\/nuevodigitaldeescobar.com.ar\/\",\"logo\":{\"@type\":\"ImageObject\",\"inLanguage\":\"es\",\"@id\":\"https:\/\/nuevodigitaldeescobar.com.ar\/#\/schema\/logo\/image\/\",\"url\":\"https:\/\/nuevodigitaldeescobar.com.ar\/wp-content\/uploads\/2025\/05\/cropped-logo-nuevo2.jpg\",\"contentUrl\":\"https:\/\/nuevodigitaldeescobar.com.ar\/wp-content\/uploads\/2025\/05\/cropped-logo-nuevo2.jpg\",\"width\":305,\"height\":305,\"caption\":\"Nuevo Digital de Escobar\"},\"image\":{\"@id\":\"https:\/\/nuevodigitaldeescobar.com.ar\/#\/schema\/logo\/image\/\"},\"sameAs\":[\"https:\/\/www.facebook.com\/NUEVODigitalDeEscobar\",\"https:\/\/x.com\/nuevodigescobar\",\"https:\/\/www.instagram.com\/nuevodigitaldeescobar\"]},{\"@type\":\"Person\",\"@id\":\"https:\/\/nuevodigitaldeescobar.com.ar\/#\/schema\/person\/035e90a8efe9a80e6eec22656ad6ea4c\",\"name\":\"Redacci\u00f3n\",\"image\":{\"@type\":\"ImageObject\",\"inLanguage\":\"es\",\"@id\":\"https:\/\/nuevodigitaldeescobar.com.ar\/#\/schema\/person\/image\/\",\"url\":\"https:\/\/secure.gravatar.com\/avatar\/8af8f40000c24e9eef3034f2be5998a372bb1389e64b1a4a36b3a7979142220d?s=96&d=mm&r=g\",\"contentUrl\":\"https:\/\/secure.gravatar.com\/avatar\/8af8f40000c24e9eef3034f2be5998a372bb1389e64b1a4a36b3a7979142220d?s=96&d=mm&r=g\",\"caption\":\"Redacci\u00f3n\"},\"sameAs\":[\"http:\/\/nuevodigitaldeescobar.com.ar\"],\"url\":\"https:\/\/nuevodigitaldeescobar.com.ar\/?author=1\"}]}<\/script>\n<!-- \/ Yoast SEO plugin. -->","yoast_head_json":{"title":"Scaloni confirm\u00f3 a Messi como titular ante Venezuela y destac\u00f3 su partido especial - Nuevo Digital de Escobar","robots":{"index":"index","follow":"follow","max-snippet":"max-snippet:-1","max-image-preview":"max-image-preview:large","max-video-preview":"max-video-preview:-1"},"canonical":"https:\/\/nuevodigitaldeescobar.com.ar\/?p=17793","og_locale":"es_ES","og_type":"article","og_title":"Scaloni confirm\u00f3 a Messi como titular ante Venezuela y destac\u00f3 su partido especial - Nuevo Digital de Escobar","og_description":"Lionel Scaloni, entrenador de la Selecci\u00f3n Argentina\u00a0confirm\u00f3 una noticia que muchos estaban esperando: Lionel Messi ser\u00e1 titular para el partido de este jueves ante Venezuela, [&hellip;]","og_url":"https:\/\/nuevodigitaldeescobar.com.ar\/?p=17793","og_site_name":"Nuevo Digital de Escobar","article_publisher":"https:\/\/www.facebook.com\/NUEVODigitalDeEscobar","article_published_time":"2025-09-03T17:20:23+00:00","og_image":[{"url":"https:\/\/derechadiario.com.ar\/filesedc\/uploads\/image\/post\/2025\/09\/lionel-scaloni-en-conferencia-de-prensa-2092365_1200_800.webp","type":"","width":"","height":""}],"author":"Redacci\u00f3n","twitter_card":"summary_large_image","twitter_creator":"@nuevodigescobar","twitter_site":"@nuevodigescobar","twitter_misc":{"Escrito por":"Redacci\u00f3n","Tiempo de lectura":"2 minutos"},"schema":{"@context":"https:\/\/schema.org","@graph":[{"@type":"Article","@id":"https:\/\/nuevodigitaldeescobar.com.ar\/?p=17793#article","isPartOf":{"@id":"https:\/\/nuevodigitaldeescobar.com.ar\/?p=17793"},"author":{"name":"Redacci\u00f3n","@id":"https:\/\/nuevodigitaldeescobar.com.ar\/#\/schema\/person\/035e90a8efe9a80e6eec22656ad6ea4c"},"headline":"Scaloni confirm\u00f3 a Messi como titular ante Venezuela y destac\u00f3 su partido especial","datePublished":"2025-09-03T17:20:23+00:00","mainEntityOfPage":{"@id":"https:\/\/nuevodigitaldeescobar.com.ar\/?p=17793"},"wordCount":361,"commentCount":0,"publisher":{"@id":"https:\/\/nuevodigitaldeescobar.com.ar\/#organization"},"image":{"@id":"https:\/\/nuevodigitaldeescobar.com.ar\/?p=17793#primaryimage"},"thumbnailUrl":"https:\/\/nuevodigitaldeescobar.com.ar\/wp-content\/uploads\/2025\/09\/messi-scaloni-seleccion-argentinajpg_1600_1067-FWUHiP.jpg","articleSection":["Deportes"],"inLanguage":"es","potentialAction":[{"@type":"CommentAction","name":"Comment","target":["https:\/\/nuevodigitaldeescobar.com.ar\/?p=17793#respond"]}]},{"@type":"WebPage","@id":"https:\/\/nuevodigitaldeescobar.com.ar\/?p=17793","url":"https:\/\/nuevodigitaldeescobar.com.ar\/?p=17793","name":"Scaloni confirm\u00f3 a Messi como titular ante Venezuela y destac\u00f3 su partido especial - Nuevo Digital de Escobar","isPartOf":{"@id":"https:\/\/nuevodigitaldeescobar.com.ar\/#website"},"primaryImageOfPage":{"@id":"https:\/\/nuevodigitaldeescobar.com.ar\/?p=17793#primaryimage"},"image":{"@id":"https:\/\/nuevodigitaldeescobar.com.ar\/?p=17793#primaryimage"},"thumbnailUrl":"https:\/\/nuevodigitaldeescobar.com.ar\/wp-content\/uploads\/2025\/09\/messi-scaloni-seleccion-argentinajpg_1600_1067-FWUHiP.jpg","datePublished":"2025-09-03T17:20:23+00:00","breadcrumb":{"@id":"https:\/\/nuevodigitaldeescobar.com.ar\/?p=17793#breadcrumb"},"inLanguage":"es","potentialAction":[{"@type":"ReadAction","target":["https:\/\/nuevodigitaldeescobar.com.ar\/?p=17793"]}]},{"@type":"ImageObject","inLanguage":"es","@id":"https:\/\/nuevodigitaldeescobar.com.ar\/?p=17793#primaryimage","url":"https:\/\/nuevodigitaldeescobar.com.ar\/wp-content\/uploads\/2025\/09\/messi-scaloni-seleccion-argentinajpg_1600_1067-FWUHiP.jpg","contentUrl":"https:\/\/nuevodigitaldeescobar.com.ar\/wp-content\/uploads\/2025\/09\/messi-scaloni-seleccion-argentinajpg_1600_1067-FWUHiP.jpg","width":1600,"height":1067},{"@type":"BreadcrumbList","@id":"https:\/\/nuevodigitaldeescobar.com.ar\/?p=17793#breadcrumb","itemListElement":[{"@type":"ListItem","position":1,"name":"Portada","item":"https:\/\/nuevodigitaldeescobar.com.ar\/"},{"@type":"ListItem","position":2,"name":"Scaloni confirm\u00f3 a Messi como titular ante Venezuela y destac\u00f3 su partido especial"}]},{"@type":"WebSite","@id":"https:\/\/nuevodigitaldeescobar.com.ar\/#website","url":"https:\/\/nuevodigitaldeescobar.com.ar\/","name":"Nuevo Digital de Escobar","description":"La vida escobarense. Directora: Rosana Brunner","publisher":{"@id":"https:\/\/nuevodigitaldeescobar.com.ar\/#organization"},"potentialAction":[{"@type":"SearchAction","target":{"@type":"EntryPoint","urlTemplate":"https:\/\/nuevodigitaldeescobar.com.ar\/?s={search_term_string}"},"query-input":{"@type":"PropertyValueSpecification","valueRequired":true,"valueName":"search_term_string"}}],"inLanguage":"es"},{"@type":"Organization","@id":"https:\/\/nuevodigitaldeescobar.com.ar\/#organization","name":"Nuevo Digital de Escobar","url":"https:\/\/nuevodigitaldeescobar.com.ar\/","logo":{"@type":"ImageObject","inLanguage":"es","@id":"https:\/\/nuevodigitaldeescobar.com.ar\/#\/schema\/logo\/image\/","url":"https:\/\/nuevodigitaldeescobar.com.ar\/wp-content\/uploads\/2025\/05\/cropped-logo-nuevo2.jpg","contentUrl":"https:\/\/nuevodigitaldeescobar.com.ar\/wp-content\/uploads\/2025\/05\/cropped-logo-nuevo2.jpg","width":305,"height":305,"caption":"Nuevo Digital de Escobar"},"image":{"@id":"https:\/\/nuevodigitaldeescobar.com.ar\/#\/schema\/logo\/image\/"},"sameAs":["https:\/\/www.facebook.com\/NUEVODigitalDeEscobar","https:\/\/x.com\/nuevodigescobar","https:\/\/www.instagram.com\/nuevodigitaldeescobar"]},{"@type":"Person","@id":"https:\/\/nuevodigitaldeescobar.com.ar\/#\/schema\/person\/035e90a8efe9a80e6eec22656ad6ea4c","name":"Redacci\u00f3n","image":{"@type":"ImageObject","inLanguage":"es","@id":"https:\/\/nuevodigitaldeescobar.com.ar\/#\/schema\/person\/image\/","url":"https:\/\/secure.gravatar.com\/avatar\/8af8f40000c24e9eef3034f2be5998a372bb1389e64b1a4a36b3a7979142220d?s=96&d=mm&r=g","contentUrl":"https:\/\/secure.gravatar.com\/avatar\/8af8f40000c24e9eef3034f2be5998a372bb1389e64b1a4a36b3a7979142220d?s=96&d=mm&r=g","caption":"Redacci\u00f3n"},"sameAs":["http:\/\/nuevodigitaldeescobar.com.ar"],"url":"https:\/\/nuevodigitaldeescobar.com.ar\/?author=1"}]}},"featured_image_urls":{"full":["https:\/\/nuevodigitaldeescobar.com.ar\/wp-content\/uploads\/2025\/09\/messi-scaloni-seleccion-argentinajpg_1600_1067-FWUHiP.jpg",1600,1067,false],"thumbnail":["https:\/\/nuevodigitaldeescobar.com.ar\/wp-content\/uploads\/2025\/09\/messi-scaloni-seleccion-argentinajpg_1600_1067-FWUHiP-150x150.jpg",150,150,true],"medium":["https:\/\/nuevodigitaldeescobar.com.ar\/wp-content\/uploads\/2025\/09\/messi-scaloni-seleccion-argentinajpg_1600_1067-FWUHiP-300x200.jpg",300,200,true],"medium_large":["https:\/\/nuevodigitaldeescobar.com.ar\/wp-content\/uploads\/2025\/09\/messi-scaloni-seleccion-argentinajpg_1600_1067-FWUHiP-768x512.jpg",640,427,true],"large":["https:\/\/nuevodigitaldeescobar.com.ar\/wp-content\/uploads\/2025\/09\/messi-scaloni-seleccion-argentinajpg_1600_1067-FWUHiP-1024x683.jpg",640,427,true],"1536x1536":["https:\/\/nuevodigitaldeescobar.com.ar\/wp-content\/uploads\/2025\/09\/messi-scaloni-seleccion-argentinajpg_1600_1067-FWUHiP-1536x1024.jpg",1536,1024,true],"2048x2048":["https:\/\/nuevodigitaldeescobar.com.ar\/wp-content\/uploads\/2025\/09\/messi-scaloni-seleccion-argentinajpg_1600_1067-FWUHiP.jpg",1600,1067,false]},"author_info":{"display_name":"Redacci\u00f3n","author_link":"https:\/\/nuevodigitaldeescobar.com.ar\/?author=1"},"category_info":"<a href=\"https:\/\/nuevodigitaldeescobar.com.ar\/?cat=8\" rel=\"category\">Deportes<\/a>","tag_info":"Deportes","comment_count":"0","_links":{"self":[{"href":"https:\/\/nuevodigitaldeescobar.com.ar\/index.php?rest_route=\/wp\/v2\/posts\/17793","targetHints":{"allow":["GET"]}}],"collection":[{"href":"https:\/\/nuevodigitaldeescobar.com.ar\/index.php?rest_route=\/wp\/v2\/posts"}],"about":[{"href":"https:\/\/nuevodigitaldeescobar.com.ar\/index.php?rest_route=\/wp\/v2\/types\/post"}],"author":[{"embeddable":true,"href":"https:\/\/nuevodigitaldeescobar.com.ar\/index.php?rest_route=\/wp\/v2\/users\/1"}],"replies":[{"embeddable":true,"href":"https:\/\/nuevodigitaldeescobar.com.ar\/index.php?rest_route=%2Fwp%2Fv2%2Fcomments&post=17793"}],"version-history":[{"count":0,"href":"https:\/\/nuevodigitaldeescobar.com.ar\/index.php?rest_route=\/wp\/v2\/posts\/17793\/revisions"}],"wp:featuredmedia":[{"embeddable":true,"href":"https:\/\/nuevodigitaldeescobar.com.ar\/index.php?rest_route=\/wp\/v2\/media\/17794"}],"wp:attachment":[{"href":"https:\/\/nuevodigitaldeescobar.com.ar\/index.php?rest_route=%2Fwp%2Fv2%2Fmedia&parent=17793"}],"wp:term":[{"taxonomy":"category","embeddable":true,"href":"https:\/\/nuevodigitaldeescobar.com.ar\/index.php?rest_route=%2Fwp%2Fv2%2Fcategories&post=17793"},{"taxonomy":"post_tag","embeddable":true,"href":"https:\/\/nuevodigitaldeescobar.com.ar\/index.php?rest_route=%2Fwp%2Fv2%2Ftags&post=17793"}],"curies":[{"name":"wp","href":"https:\/\/api.w.org\/{rel}","templated":true}]}}