{"id":17801,"date":"2025-09-04T02:22:00","date_gmt":"2025-09-04T05:22:00","guid":{"rendered":"https:\/\/nuevodigitaldeescobar.com.ar\/?p=17801"},"modified":"2025-09-03T22:27:06","modified_gmt":"2025-09-04T01:27:06","slug":"el-garinense-yacare-benitez-disputara-el-titulo-argentino-en-el-microestadio","status":"publish","type":"post","link":"https:\/\/nuevodigitaldeescobar.com.ar\/?p=17801","title":{"rendered":"El garinense Yacar\u00e9 Ben\u00edtez disputar\u00e1 el t\u00edtulo argentino en el Microestadio"},"content":{"rendered":"\n<p class=\"has-vivid-cyan-blue-color has-text-color has-link-color wp-elements-064431cd5b15d5c394589fbb63052dbd\"><strong><em>Boxeo en el boulevard.  Todo lo recaudado ser\u00e1 a beneficio del Hospital del Bicentenario.<\/em><\/strong> <em><strong>Luchar\u00e1 contra Germ\u00e1n Tapia, de Neuqu\u00e9n.<\/strong><\/em><\/p>\n\n\n\n<!--more-->\n\n\n\n<p>El Microestadio Municipal de Gar\u00edn ser\u00e1 escenario este viernes de una nueva velada de \u201cArgentina Boxing\u201d con la presentaci\u00f3n del garinense y actual campe\u00f3n sudamericano mediopesado, David \u201cYacar\u00e9\u201d Ben\u00edtez, quien disputar\u00e1 el t\u00edtulo argentino supermediano frente al neuquino Germ\u00e1n Tapia. La cita ser\u00e1 hist\u00f3rica para el boxeador local, ya que buscar\u00e1 conquistar su segunda corona profesional en su propia ciudad, acompa\u00f1ado por el aliento de su gente.<\/p>\n\n\n\n<p>La propuesta box\u00edstica combina deporte y solidaridad, ya que la entrada ser\u00e1 libre y gratuita, pero adem\u00e1s se ofrecer\u00e1 un bono contribuci\u00f3n de 5.000 pesos destinado \u00edntegramente al Hospital del Bicentenario de Gar\u00edn. Dicho bono podr\u00e1 adquirirse el mismo d\u00eda del evento en la boleter\u00eda del Microestadio, ubicado en Boulevard Presidente Per\u00f3n 450.<\/p>\n\n\n\n<p>A sus 30 a\u00f1os, Ben\u00edtez atraviesa el mejor momento de su carrera luego de consagrarse campe\u00f3n sudamericano en mayo al vencer por nocaut t\u00e9cnico a Omar D\u00edaz. Con experiencia internacional en Europa y Canad\u00e1, el \u201cYacar\u00e9\u201d ser\u00e1 la atracci\u00f3n principal de la jornada, regresando a su divisi\u00f3n natural para conseguir un nuevo cintur\u00f3n que lo consolide entre los grandes nombres del boxeo argentino.<\/p>\n\n\n<div class=\"wp-block-image\">\n<figure class=\"aligncenter size-full\"><img fetchpriority=\"high\" decoding=\"async\" width=\"1000\" height=\"625\" src=\"http:\/\/nuevodigitaldeescobar.com.ar\/wp-content\/uploads\/2025\/09\/yacare.jpeg\" alt=\"\" class=\"wp-image-17803\" srcset=\"https:\/\/nuevodigitaldeescobar.com.ar\/wp-content\/uploads\/2025\/09\/yacare.jpeg 1000w, https:\/\/nuevodigitaldeescobar.com.ar\/wp-content\/uploads\/2025\/09\/yacare-300x188.jpeg 300w, https:\/\/nuevodigitaldeescobar.com.ar\/wp-content\/uploads\/2025\/09\/yacare-768x480.jpeg 768w\" sizes=\"(max-width: 1000px) 100vw, 1000px\" \/><\/figure><\/div>\n\n\n<p>Con peleas amateurs desde las 20 horas, la transmisi\u00f3n en vivo de Fox Sports para todo el pa\u00eds y Am\u00e9rica Latina comenzar\u00e1 a las 21 con los combates profesionales. Adem\u00e1s de la pelea estelar de Ben\u00edtez, la velada contar\u00e1 con otros duelos de primer nivel: el ex campe\u00f3n argentino y latino Cristian \u201cAzteca\u201d Ayala se enfrentar\u00e1 al bonaerense N\u00e9stor \u201cEl Turco\u201d Abdallah, a ocho asaltos en la categor\u00eda welter. Adem\u00e1s, la ex campeona argentina y sudamericana Amalia \u201cEl Problema\u201d Mazzarello se medir\u00e1 en una esperada revancha con la peruana Romina N\u00fa\u00f1ez Melgar. En choque de j\u00f3venes bonaerenses, el garinense Mat\u00edas Rivas enfrentar\u00e1 a Esteban Maciel en la divisi\u00f3n supermediano.<\/p>\n\n\n\n<p>Con un marco de expectativa creciente, Gar\u00edn volver\u00e1 a ser sede de un espect\u00e1culo deportivo de primer nivel, con transmisi\u00f3n internacional, una acci\u00f3n solidaria y el protagonismo de figuras locales que enorgullecen a nuestra comunidad.<\/p>\n","protected":false},"excerpt":{"rendered":"<p>Boxeo en el boulevard. Todo lo recaudado ser\u00e1 a beneficio del Hospital del Bicentenario. Luchar\u00e1 contra Germ\u00e1n Tapia, de Neuqu\u00e9n.<\/p>\n","protected":false},"author":1,"featured_media":17802,"comment_status":"open","ping_status":"open","sticky":false,"template":"","format":"standard","meta":{"footnotes":""},"categories":[8],"tags":[],"class_list":["post-17801","post","type-post","status-publish","format-standard","has-post-thumbnail","hentry","category-deportes"],"better_featured_image":{"id":17802,"alt_text":"","caption":"","description":"","media_type":"image","media_details":{"width":1920,"height":1281,"file":"2025\/09\/boxeo_2.jpg","filesize":251305,"sizes":{"medium":{"file":"boxeo_2-300x200.jpg","width":300,"height":200,"mime-type":"image\/jpeg","filesize":15675,"source_url":"https:\/\/nuevodigitaldeescobar.com.ar\/wp-content\/uploads\/2025\/09\/boxeo_2-300x200.jpg"},"large":{"file":"boxeo_2-1024x683.jpg","width":1024,"height":683,"mime-type":"image\/jpeg","filesize":108327,"source_url":"https:\/\/nuevodigitaldeescobar.com.ar\/wp-content\/uploads\/2025\/09\/boxeo_2-1024x683.jpg"},"thumbnail":{"file":"boxeo_2-150x150.jpg","width":150,"height":150,"mime-type":"image\/jpeg","filesize":7654,"source_url":"https:\/\/nuevodigitaldeescobar.com.ar\/wp-content\/uploads\/2025\/09\/boxeo_2-150x150.jpg"},"medium_large":{"file":"boxeo_2-768x512.jpg","width":768,"height":512,"mime-type":"image\/jpeg","filesize":68785,"source_url":"https:\/\/nuevodigitaldeescobar.com.ar\/wp-content\/uploads\/2025\/09\/boxeo_2-768x512.jpg"},"1536x1536":{"file":"boxeo_2-1536x1025.jpg","width":1536,"height":1025,"mime-type":"image\/jpeg","filesize":202013,"source_url":"https:\/\/nuevodigitaldeescobar.com.ar\/wp-content\/uploads\/2025\/09\/boxeo_2-1536x1025.jpg"}},"image_meta":{"aperture":"0","credit":"","camera":"","caption":"","created_timestamp":"0","copyright":"","focal_length":"0","iso":"0","shutter_speed":"0","title":"","orientation":"0","keywords":[]}},"post":17801,"source_url":"https:\/\/nuevodigitaldeescobar.com.ar\/wp-content\/uploads\/2025\/09\/boxeo_2.jpg"},"yoast_head":"<!-- This site is optimized with the Yoast SEO plugin v26.1.1 - https:\/\/yoast.com\/wordpress\/plugins\/seo\/ -->\n<title>El garinense Yacar\u00e9 Ben\u00edtez disputar\u00e1 el t\u00edtulo argentino en el Microestadio - Nuevo Digital de Escobar<\/title>\n<meta name=\"description\" content=\"Boxeo en el boulevard. Todo lo recaudado ser\u00e1 a beneficio del Hospital del Bicentenario. Luchar\u00e1 contra Germ\u00e1n Tapia, de Neuqu\u00e9n.\" \/>\n<meta name=\"robots\" content=\"index, follow, max-snippet:-1, max-image-preview:large, max-video-preview:-1\" \/>\n<link rel=\"canonical\" href=\"https:\/\/nuevodigitaldeescobar.com.ar\/?p=17801\" \/>\n<meta property=\"og:locale\" content=\"es_ES\" \/>\n<meta property=\"og:type\" content=\"article\" \/>\n<meta property=\"og:title\" content=\"El garinense Yacar\u00e9 Ben\u00edtez disputar\u00e1 el t\u00edtulo argentino en el Microestadio\" \/>\n<meta property=\"og:description\" content=\"Boxeo en el boulevard. Todo lo recaudado ser\u00e1 a beneficio del Hospital del Bicentenario. Luchar\u00e1 contra Germ\u00e1n Tapia, de Neuqu\u00e9n.\" \/>\n<meta property=\"og:url\" content=\"https:\/\/nuevodigitaldeescobar.com.ar\/?p=17801\" \/>\n<meta property=\"og:site_name\" content=\"Nuevo Digital de Escobar\" \/>\n<meta property=\"article:publisher\" content=\"https:\/\/www.facebook.com\/NUEVODigitalDeEscobar\" \/>\n<meta property=\"article:published_time\" content=\"2025-09-04T05:22:00+00:00\" \/>\n<meta property=\"og:image\" content=\"https:\/\/nuevodigitaldeescobar.com.ar\/wp-content\/uploads\/2025\/09\/yacare.jpeg\" \/>\n\t<meta property=\"og:image:width\" content=\"1000\" \/>\n\t<meta property=\"og:image:height\" content=\"625\" \/>\n\t<meta property=\"og:image:type\" content=\"image\/jpeg\" \/>\n<meta name=\"author\" content=\"Redacci\u00f3n\" \/>\n<meta name=\"twitter:card\" content=\"summary_large_image\" \/>\n<meta name=\"twitter:creator\" content=\"@nuevodigescobar\" \/>\n<meta name=\"twitter:site\" content=\"@nuevodigescobar\" \/>\n<meta name=\"twitter:label1\" content=\"Escrito por\" \/>\n\t<meta name=\"twitter:data1\" content=\"Redacci\u00f3n\" \/>\n\t<meta name=\"twitter:label2\" content=\"Tiempo de lectura\" \/>\n\t<meta name=\"twitter:data2\" content=\"2 minutos\" \/>\n<script type=\"application\/ld+json\" class=\"yoast-schema-graph\">{\"@context\":\"https:\/\/schema.org\",\"@graph\":[{\"@type\":\"Article\",\"@id\":\"https:\/\/nuevodigitaldeescobar.com.ar\/?p=17801#article\",\"isPartOf\":{\"@id\":\"https:\/\/nuevodigitaldeescobar.com.ar\/?p=17801\"},\"author\":{\"name\":\"Redacci\u00f3n\",\"@id\":\"https:\/\/nuevodigitaldeescobar.com.ar\/#\/schema\/person\/035e90a8efe9a80e6eec22656ad6ea4c\"},\"headline\":\"El garinense Yacar\u00e9 Ben\u00edtez disputar\u00e1 el t\u00edtulo argentino en el Microestadio\",\"datePublished\":\"2025-09-04T05:22:00+00:00\",\"mainEntityOfPage\":{\"@id\":\"https:\/\/nuevodigitaldeescobar.com.ar\/?p=17801\"},\"wordCount\":397,\"commentCount\":0,\"publisher\":{\"@id\":\"https:\/\/nuevodigitaldeescobar.com.ar\/#organization\"},\"image\":{\"@id\":\"https:\/\/nuevodigitaldeescobar.com.ar\/?p=17801#primaryimage\"},\"thumbnailUrl\":\"https:\/\/nuevodigitaldeescobar.com.ar\/wp-content\/uploads\/2025\/09\/boxeo_2.jpg\",\"articleSection\":[\"Deportes\"],\"inLanguage\":\"es\",\"potentialAction\":[{\"@type\":\"CommentAction\",\"name\":\"Comment\",\"target\":[\"https:\/\/nuevodigitaldeescobar.com.ar\/?p=17801#respond\"]}]},{\"@type\":\"WebPage\",\"@id\":\"https:\/\/nuevodigitaldeescobar.com.ar\/?p=17801\",\"url\":\"https:\/\/nuevodigitaldeescobar.com.ar\/?p=17801\",\"name\":\"El garinense Yacar\u00e9 Ben\u00edtez disputar\u00e1 el t\u00edtulo argentino en el Microestadio - Nuevo Digital de Escobar\",\"isPartOf\":{\"@id\":\"https:\/\/nuevodigitaldeescobar.com.ar\/#website\"},\"primaryImageOfPage\":{\"@id\":\"https:\/\/nuevodigitaldeescobar.com.ar\/?p=17801#primaryimage\"},\"image\":{\"@id\":\"https:\/\/nuevodigitaldeescobar.com.ar\/?p=17801#primaryimage\"},\"thumbnailUrl\":\"https:\/\/nuevodigitaldeescobar.com.ar\/wp-content\/uploads\/2025\/09\/boxeo_2.jpg\",\"datePublished\":\"2025-09-04T05:22:00+00:00\",\"description\":\"Boxeo en el boulevard. Todo lo recaudado ser\u00e1 a beneficio del Hospital del Bicentenario. Luchar\u00e1 contra Germ\u00e1n Tapia, de Neuqu\u00e9n.\",\"breadcrumb\":{\"@id\":\"https:\/\/nuevodigitaldeescobar.com.ar\/?p=17801#breadcrumb\"},\"inLanguage\":\"es\",\"potentialAction\":[{\"@type\":\"ReadAction\",\"target\":[\"https:\/\/nuevodigitaldeescobar.com.ar\/?p=17801\"]}]},{\"@type\":\"ImageObject\",\"inLanguage\":\"es\",\"@id\":\"https:\/\/nuevodigitaldeescobar.com.ar\/?p=17801#primaryimage\",\"url\":\"https:\/\/nuevodigitaldeescobar.com.ar\/wp-content\/uploads\/2025\/09\/boxeo_2.jpg\",\"contentUrl\":\"https:\/\/nuevodigitaldeescobar.com.ar\/wp-content\/uploads\/2025\/09\/boxeo_2.jpg\",\"width\":1920,\"height\":1281},{\"@type\":\"BreadcrumbList\",\"@id\":\"https:\/\/nuevodigitaldeescobar.com.ar\/?p=17801#breadcrumb\",\"itemListElement\":[{\"@type\":\"ListItem\",\"position\":1,\"name\":\"Portada\",\"item\":\"https:\/\/nuevodigitaldeescobar.com.ar\/\"},{\"@type\":\"ListItem\",\"position\":2,\"name\":\"El garinense Yacar\u00e9 Ben\u00edtez disputar\u00e1 el t\u00edtulo argentino en el Microestadio\"}]},{\"@type\":\"WebSite\",\"@id\":\"https:\/\/nuevodigitaldeescobar.com.ar\/#website\",\"url\":\"https:\/\/nuevodigitaldeescobar.com.ar\/\",\"name\":\"Nuevo Digital de Escobar\",\"description\":\"La vida escobarense. Directora: Rosana Brunner\",\"publisher\":{\"@id\":\"https:\/\/nuevodigitaldeescobar.com.ar\/#organization\"},\"potentialAction\":[{\"@type\":\"SearchAction\",\"target\":{\"@type\":\"EntryPoint\",\"urlTemplate\":\"https:\/\/nuevodigitaldeescobar.com.ar\/?s={search_term_string}\"},\"query-input\":{\"@type\":\"PropertyValueSpecification\",\"valueRequired\":true,\"valueName\":\"search_term_string\"}}],\"inLanguage\":\"es\"},{\"@type\":\"Organization\",\"@id\":\"https:\/\/nuevodigitaldeescobar.com.ar\/#organization\",\"name\":\"Nuevo Digital de Escobar\",\"url\":\"https:\/\/nuevodigitaldeescobar.com.ar\/\",\"logo\":{\"@type\":\"ImageObject\",\"inLanguage\":\"es\",\"@id\":\"https:\/\/nuevodigitaldeescobar.com.ar\/#\/schema\/logo\/image\/\",\"url\":\"https:\/\/nuevodigitaldeescobar.com.ar\/wp-content\/uploads\/2025\/05\/cropped-logo-nuevo2.jpg\",\"contentUrl\":\"https:\/\/nuevodigitaldeescobar.com.ar\/wp-content\/uploads\/2025\/05\/cropped-logo-nuevo2.jpg\",\"width\":305,\"height\":305,\"caption\":\"Nuevo Digital de Escobar\"},\"image\":{\"@id\":\"https:\/\/nuevodigitaldeescobar.com.ar\/#\/schema\/logo\/image\/\"},\"sameAs\":[\"https:\/\/www.facebook.com\/NUEVODigitalDeEscobar\",\"https:\/\/x.com\/nuevodigescobar\",\"https:\/\/www.instagram.com\/nuevodigitaldeescobar\"]},{\"@type\":\"Person\",\"@id\":\"https:\/\/nuevodigitaldeescobar.com.ar\/#\/schema\/person\/035e90a8efe9a80e6eec22656ad6ea4c\",\"name\":\"Redacci\u00f3n\",\"image\":{\"@type\":\"ImageObject\",\"inLanguage\":\"es\",\"@id\":\"https:\/\/nuevodigitaldeescobar.com.ar\/#\/schema\/person\/image\/\",\"url\":\"https:\/\/secure.gravatar.com\/avatar\/8af8f40000c24e9eef3034f2be5998a372bb1389e64b1a4a36b3a7979142220d?s=96&d=mm&r=g\",\"contentUrl\":\"https:\/\/secure.gravatar.com\/avatar\/8af8f40000c24e9eef3034f2be5998a372bb1389e64b1a4a36b3a7979142220d?s=96&d=mm&r=g\",\"caption\":\"Redacci\u00f3n\"},\"sameAs\":[\"http:\/\/nuevodigitaldeescobar.com.ar\"],\"url\":\"https:\/\/nuevodigitaldeescobar.com.ar\/?author=1\"}]}<\/script>\n<!-- \/ Yoast SEO plugin. -->","yoast_head_json":{"title":"El garinense Yacar\u00e9 Ben\u00edtez disputar\u00e1 el t\u00edtulo argentino en el Microestadio - Nuevo Digital de Escobar","description":"Boxeo en el boulevard. Todo lo recaudado ser\u00e1 a beneficio del Hospital del Bicentenario. Luchar\u00e1 contra Germ\u00e1n Tapia, de Neuqu\u00e9n.","robots":{"index":"index","follow":"follow","max-snippet":"max-snippet:-1","max-image-preview":"max-image-preview:large","max-video-preview":"max-video-preview:-1"},"canonical":"https:\/\/nuevodigitaldeescobar.com.ar\/?p=17801","og_locale":"es_ES","og_type":"article","og_title":"El garinense Yacar\u00e9 Ben\u00edtez disputar\u00e1 el t\u00edtulo argentino en el Microestadio","og_description":"Boxeo en el boulevard. Todo lo recaudado ser\u00e1 a beneficio del Hospital del Bicentenario. Luchar\u00e1 contra Germ\u00e1n Tapia, de Neuqu\u00e9n.","og_url":"https:\/\/nuevodigitaldeescobar.com.ar\/?p=17801","og_site_name":"Nuevo Digital de Escobar","article_publisher":"https:\/\/www.facebook.com\/NUEVODigitalDeEscobar","article_published_time":"2025-09-04T05:22:00+00:00","og_image":[{"width":1000,"height":625,"url":"https:\/\/nuevodigitaldeescobar.com.ar\/wp-content\/uploads\/2025\/09\/yacare.jpeg","type":"image\/jpeg"}],"author":"Redacci\u00f3n","twitter_card":"summary_large_image","twitter_creator":"@nuevodigescobar","twitter_site":"@nuevodigescobar","twitter_misc":{"Escrito por":"Redacci\u00f3n","Tiempo de lectura":"2 minutos"},"schema":{"@context":"https:\/\/schema.org","@graph":[{"@type":"Article","@id":"https:\/\/nuevodigitaldeescobar.com.ar\/?p=17801#article","isPartOf":{"@id":"https:\/\/nuevodigitaldeescobar.com.ar\/?p=17801"},"author":{"name":"Redacci\u00f3n","@id":"https:\/\/nuevodigitaldeescobar.com.ar\/#\/schema\/person\/035e90a8efe9a80e6eec22656ad6ea4c"},"headline":"El garinense Yacar\u00e9 Ben\u00edtez disputar\u00e1 el t\u00edtulo argentino en el Microestadio","datePublished":"2025-09-04T05:22:00+00:00","mainEntityOfPage":{"@id":"https:\/\/nuevodigitaldeescobar.com.ar\/?p=17801"},"wordCount":397,"commentCount":0,"publisher":{"@id":"https:\/\/nuevodigitaldeescobar.com.ar\/#organization"},"image":{"@id":"https:\/\/nuevodigitaldeescobar.com.ar\/?p=17801#primaryimage"},"thumbnailUrl":"https:\/\/nuevodigitaldeescobar.com.ar\/wp-content\/uploads\/2025\/09\/boxeo_2.jpg","articleSection":["Deportes"],"inLanguage":"es","potentialAction":[{"@type":"CommentAction","name":"Comment","target":["https:\/\/nuevodigitaldeescobar.com.ar\/?p=17801#respond"]}]},{"@type":"WebPage","@id":"https:\/\/nuevodigitaldeescobar.com.ar\/?p=17801","url":"https:\/\/nuevodigitaldeescobar.com.ar\/?p=17801","name":"El garinense Yacar\u00e9 Ben\u00edtez disputar\u00e1 el t\u00edtulo argentino en el Microestadio - Nuevo Digital de Escobar","isPartOf":{"@id":"https:\/\/nuevodigitaldeescobar.com.ar\/#website"},"primaryImageOfPage":{"@id":"https:\/\/nuevodigitaldeescobar.com.ar\/?p=17801#primaryimage"},"image":{"@id":"https:\/\/nuevodigitaldeescobar.com.ar\/?p=17801#primaryimage"},"thumbnailUrl":"https:\/\/nuevodigitaldeescobar.com.ar\/wp-content\/uploads\/2025\/09\/boxeo_2.jpg","datePublished":"2025-09-04T05:22:00+00:00","description":"Boxeo en el boulevard. Todo lo recaudado ser\u00e1 a beneficio del Hospital del Bicentenario. Luchar\u00e1 contra Germ\u00e1n Tapia, de Neuqu\u00e9n.","breadcrumb":{"@id":"https:\/\/nuevodigitaldeescobar.com.ar\/?p=17801#breadcrumb"},"inLanguage":"es","potentialAction":[{"@type":"ReadAction","target":["https:\/\/nuevodigitaldeescobar.com.ar\/?p=17801"]}]},{"@type":"ImageObject","inLanguage":"es","@id":"https:\/\/nuevodigitaldeescobar.com.ar\/?p=17801#primaryimage","url":"https:\/\/nuevodigitaldeescobar.com.ar\/wp-content\/uploads\/2025\/09\/boxeo_2.jpg","contentUrl":"https:\/\/nuevodigitaldeescobar.com.ar\/wp-content\/uploads\/2025\/09\/boxeo_2.jpg","width":1920,"height":1281},{"@type":"BreadcrumbList","@id":"https:\/\/nuevodigitaldeescobar.com.ar\/?p=17801#breadcrumb","itemListElement":[{"@type":"ListItem","position":1,"name":"Portada","item":"https:\/\/nuevodigitaldeescobar.com.ar\/"},{"@type":"ListItem","position":2,"name":"El garinense Yacar\u00e9 Ben\u00edtez disputar\u00e1 el t\u00edtulo argentino en el Microestadio"}]},{"@type":"WebSite","@id":"https:\/\/nuevodigitaldeescobar.com.ar\/#website","url":"https:\/\/nuevodigitaldeescobar.com.ar\/","name":"Nuevo Digital de Escobar","description":"La vida escobarense. Directora: Rosana Brunner","publisher":{"@id":"https:\/\/nuevodigitaldeescobar.com.ar\/#organization"},"potentialAction":[{"@type":"SearchAction","target":{"@type":"EntryPoint","urlTemplate":"https:\/\/nuevodigitaldeescobar.com.ar\/?s={search_term_string}"},"query-input":{"@type":"PropertyValueSpecification","valueRequired":true,"valueName":"search_term_string"}}],"inLanguage":"es"},{"@type":"Organization","@id":"https:\/\/nuevodigitaldeescobar.com.ar\/#organization","name":"Nuevo Digital de Escobar","url":"https:\/\/nuevodigitaldeescobar.com.ar\/","logo":{"@type":"ImageObject","inLanguage":"es","@id":"https:\/\/nuevodigitaldeescobar.com.ar\/#\/schema\/logo\/image\/","url":"https:\/\/nuevodigitaldeescobar.com.ar\/wp-content\/uploads\/2025\/05\/cropped-logo-nuevo2.jpg","contentUrl":"https:\/\/nuevodigitaldeescobar.com.ar\/wp-content\/uploads\/2025\/05\/cropped-logo-nuevo2.jpg","width":305,"height":305,"caption":"Nuevo Digital de Escobar"},"image":{"@id":"https:\/\/nuevodigitaldeescobar.com.ar\/#\/schema\/logo\/image\/"},"sameAs":["https:\/\/www.facebook.com\/NUEVODigitalDeEscobar","https:\/\/x.com\/nuevodigescobar","https:\/\/www.instagram.com\/nuevodigitaldeescobar"]},{"@type":"Person","@id":"https:\/\/nuevodigitaldeescobar.com.ar\/#\/schema\/person\/035e90a8efe9a80e6eec22656ad6ea4c","name":"Redacci\u00f3n","image":{"@type":"ImageObject","inLanguage":"es","@id":"https:\/\/nuevodigitaldeescobar.com.ar\/#\/schema\/person\/image\/","url":"https:\/\/secure.gravatar.com\/avatar\/8af8f40000c24e9eef3034f2be5998a372bb1389e64b1a4a36b3a7979142220d?s=96&d=mm&r=g","contentUrl":"https:\/\/secure.gravatar.com\/avatar\/8af8f40000c24e9eef3034f2be5998a372bb1389e64b1a4a36b3a7979142220d?s=96&d=mm&r=g","caption":"Redacci\u00f3n"},"sameAs":["http:\/\/nuevodigitaldeescobar.com.ar"],"url":"https:\/\/nuevodigitaldeescobar.com.ar\/?author=1"}]}},"featured_image_urls":{"full":["https:\/\/nuevodigitaldeescobar.com.ar\/wp-content\/uploads\/2025\/09\/boxeo_2.jpg",1920,1281,false],"thumbnail":["https:\/\/nuevodigitaldeescobar.com.ar\/wp-content\/uploads\/2025\/09\/boxeo_2-150x150.jpg",150,150,true],"medium":["https:\/\/nuevodigitaldeescobar.com.ar\/wp-content\/uploads\/2025\/09\/boxeo_2-300x200.jpg",300,200,true],"medium_large":["https:\/\/nuevodigitaldeescobar.com.ar\/wp-content\/uploads\/2025\/09\/boxeo_2-768x512.jpg",640,427,true],"large":["https:\/\/nuevodigitaldeescobar.com.ar\/wp-content\/uploads\/2025\/09\/boxeo_2-1024x683.jpg",640,427,true],"1536x1536":["https:\/\/nuevodigitaldeescobar.com.ar\/wp-content\/uploads\/2025\/09\/boxeo_2-1536x1025.jpg",1536,1025,true],"2048x2048":["https:\/\/nuevodigitaldeescobar.com.ar\/wp-content\/uploads\/2025\/09\/boxeo_2.jpg",1920,1281,false]},"author_info":{"display_name":"Redacci\u00f3n","author_link":"https:\/\/nuevodigitaldeescobar.com.ar\/?author=1"},"category_info":"<a href=\"https:\/\/nuevodigitaldeescobar.com.ar\/?cat=8\" rel=\"category\">Deportes<\/a>","tag_info":"Deportes","comment_count":"0","_links":{"self":[{"href":"https:\/\/nuevodigitaldeescobar.com.ar\/index.php?rest_route=\/wp\/v2\/posts\/17801","targetHints":{"allow":["GET"]}}],"collection":[{"href":"https:\/\/nuevodigitaldeescobar.com.ar\/index.php?rest_route=\/wp\/v2\/posts"}],"about":[{"href":"https:\/\/nuevodigitaldeescobar.com.ar\/index.php?rest_route=\/wp\/v2\/types\/post"}],"author":[{"embeddable":true,"href":"https:\/\/nuevodigitaldeescobar.com.ar\/index.php?rest_route=\/wp\/v2\/users\/1"}],"replies":[{"embeddable":true,"href":"https:\/\/nuevodigitaldeescobar.com.ar\/index.php?rest_route=%2Fwp%2Fv2%2Fcomments&post=17801"}],"version-history":[{"count":1,"href":"https:\/\/nuevodigitaldeescobar.com.ar\/index.php?rest_route=\/wp\/v2\/posts\/17801\/revisions"}],"predecessor-version":[{"id":17804,"href":"https:\/\/nuevodigitaldeescobar.com.ar\/index.php?rest_route=\/wp\/v2\/posts\/17801\/revisions\/17804"}],"wp:featuredmedia":[{"embeddable":true,"href":"https:\/\/nuevodigitaldeescobar.com.ar\/index.php?rest_route=\/wp\/v2\/media\/17802"}],"wp:attachment":[{"href":"https:\/\/nuevodigitaldeescobar.com.ar\/index.php?rest_route=%2Fwp%2Fv2%2Fmedia&parent=17801"}],"wp:term":[{"taxonomy":"category","embeddable":true,"href":"https:\/\/nuevodigitaldeescobar.com.ar\/index.php?rest_route=%2Fwp%2Fv2%2Fcategories&post=17801"},{"taxonomy":"post_tag","embeddable":true,"href":"https:\/\/nuevodigitaldeescobar.com.ar\/index.php?rest_route=%2Fwp%2Fv2%2Ftags&post=17801"}],"curies":[{"name":"wp","href":"https:\/\/api.w.org\/{rel}","templated":true}]}}