{"id":17807,"date":"2025-09-04T04:16:00","date_gmt":"2025-09-04T07:16:00","guid":{"rendered":"https:\/\/nuevodigitaldeescobar.com.ar\/?p=17807"},"modified":"2025-09-04T00:18:14","modified_gmt":"2025-09-04T03:18:14","slug":"asignaciones-familiares-cuales-son-los-nuevos-montos-y-topes-desde-septiembre-2025","status":"publish","type":"post","link":"https:\/\/nuevodigitaldeescobar.com.ar\/?p=17807","title":{"rendered":"Asignaciones familiares: cu\u00e1les son los nuevos montos y topes desde septiembre 2025"},"content":{"rendered":"\n<p class=\"has-vivid-cyan-blue-color has-text-color has-link-color wp-elements-b180146e56e4c551a1b0916466bf26a6\"><em><strong>La Administraci\u00f3n Nacional de la Seguridad Social (ANSES) confirm\u00f3 un aumento del 1,9% en las asignaciones familiares que rige desde septiembre de 2025. La actualizaci\u00f3n tambi\u00e9n modific\u00f3 los topes de ingresos para acceder a los beneficios, impactando en trabajadores registrados, monotributistas, jubilados y titulares de programas sociales.<\/strong><\/em><\/p>\n\n\n\n<!--more-->\n\n\n\n<p>El <strong>nuevo l\u00edmite individual de ingresos<\/strong> se fij\u00f3 en <strong>$2.359.258<\/strong>. Quienes superen esa cifra quedar\u00e1n excluidos, incluso si el ingreso total del grupo familiar no supera el tope m\u00e1ximo general.<\/p>\n\n\n\n<p>Este incremento alcanza a todas las prestaciones contempladas en la <strong>Ley 24.714<\/strong>, excepto la <strong>Ayuda Escolar Anual<\/strong>, que se ajusta cada marzo.<\/p>\n\n\n\n<h3 class=\"wp-block-heading has-text-color has-link-color wp-elements-6bae1370324a032a21f5b7b89c16a0f0\" style=\"color:#1826cc\">Nuevos montos de asignaciones familiares (septiembre 2025)<\/h3>\n\n\n\n<figure class=\"wp-block-table is-style-stripes\"><table class=\"has-vivid-cyan-blue-to-vivid-purple-gradient-background has-background has-fixed-layout\"><thead><tr><th>Prestaci\u00f3n<\/th><th>Monto actualizado<\/th><\/tr><\/thead><tbody><tr><td><strong><span style=\"text-decoration: underline;\">Nacimiento<\/span><\/strong><\/td><td>$67.079<\/td><\/tr><tr><td><strong><span style=\"text-decoration: underline;\">Adopci\u00f3n<\/span><\/strong><\/td><td>$401.075<\/td><\/tr><tr><td><strong><span style=\"text-decoration: underline;\">Matrimonio<\/span><\/strong><\/td><td>$100.441<\/td><\/tr><tr><td><strong><span style=\"text-decoration: underline;\">Prenatal e Hijo<\/span><\/strong> (seg\u00fan ingresos):<\/td><td><\/td><\/tr><tr><td>\u2013 Hasta $891.041<\/td><td>Prenatal $57.549 \u2013 Hijo $28.574<\/td><\/tr><tr><td>\u2013 $891.041,01 a $1.306.800<\/td><td>Prenatal $38.749 \u2013 Hijo $25.809<\/td><\/tr><tr><td>\u2013 $1.306.800,01 a $1.508.746<\/td><td>Prenatal $23.452 \u2013 Hijo $15.458<\/td><\/tr><tr><td>\u2013 Hasta $4.718.516<\/td><td>Prenatal $12.112 \u2013 Hijo $7.750<\/td><\/tr><tr><td><span style=\"text-decoration: underline;\"><strong>Hijo con Discapacidad<\/strong>:<\/span><\/td><td><\/td><\/tr><tr><td>\u2013 Hasta $891.041<\/td><td>$187.375<\/td><\/tr><tr><td>\u2013 $891.041,01 a $1.306.800<\/td><td>$132.478<\/td><\/tr><tr><td>\u2013 M\u00e1s de $1.306.800<\/td><td>$83.697<\/td><\/tr><tr><td><strong><span style=\"text-decoration: underline;\">Ayuda Escolar Anual<\/span><\/strong> (marzo 2025)<\/td><td>General: $42.039 \u2013 Zonas especiales: hasta $83.797<\/td><\/tr><\/tbody><\/table><\/figure>\n\n\n\n<h3 class=\"wp-block-heading has-text-color has-link-color wp-elements-efa4b16826dea89db97c88e04cf26035\" style=\"color:#1826cc\">Diferencias por zona<\/h3>\n\n\n\n<p>Las provincias patag\u00f3nicas y regiones con condiciones especiales reciben montos m\u00e1s elevados.<\/p>\n\n\n\n<ul class=\"wp-block-list\">\n<li><strong>Zona 1<\/strong>: La Pampa, R\u00edo Negro, Neuqu\u00e9n y partes de Mendoza, Salta y Formosa.<\/li>\n\n\n\n<li><strong>Zona 2<\/strong>: Chubut.<\/li>\n\n\n\n<li><strong>Zona 3<\/strong>: \u00c1reas de Catamarca, Jujuy y Salta vinculadas a la miner\u00eda.<\/li>\n\n\n\n<li><strong>Zona 4<\/strong>: Santa Cruz y Tierra del Fuego.<\/li>\n<\/ul>\n\n\n\n<h3 class=\"wp-block-heading has-text-color has-link-color wp-elements-67b324506d51a61e49b7c39d04e3310a\" style=\"color:#1826cc\">Qui\u00e9nes pueden cobrar las asignaciones<\/h3>\n\n\n\n<p>El ajuste beneficia a un amplio universo:<\/p>\n\n\n\n<ul class=\"wp-block-list\">\n<li>Trabajadores en relaci\u00f3n de dependencia.<\/li>\n\n\n\n<li>Monotributistas de todas las categor\u00edas.<\/li>\n\n\n\n<li>Jubilados y pensionados.<\/li>\n\n\n\n<li>Beneficiarios de AUH y Asignaci\u00f3n por Embarazo.<\/li>\n\n\n\n<li>Perceptores de pensiones contributivas y no contributivas.<\/li>\n<\/ul>\n\n\n\n<p>La medida se enmarca en la <strong>Resoluci\u00f3n 297\/2025 de ANSES<\/strong>, que aplica la movilidad de acuerdo con la inflaci\u00f3n medida por el <strong>INDEC<\/strong>, asegurando que las prestaciones mantengan su actualizaci\u00f3n autom\u00e1tica.<\/p>\n\n\n\n<p><\/p>\n","protected":false},"excerpt":{"rendered":"<p>La Administraci\u00f3n Nacional de la Seguridad Social (ANSES) confirm\u00f3 un aumento del 1,9% en las asignaciones familiares que rige desde septiembre de 2025. La actualizaci\u00f3n [&hellip;]<\/p>\n","protected":false},"author":1,"featured_media":559,"comment_status":"open","ping_status":"open","sticky":false,"template":"","format":"standard","meta":{"footnotes":""},"categories":[10],"tags":[],"class_list":["post-17807","post","type-post","status-publish","format-standard","has-post-thumbnail","hentry","category-economia"],"better_featured_image":{"id":559,"alt_text":"","caption":"","description":"","media_type":"image","media_details":{"width":720,"height":469,"file":"2023\/10\/anses.jpg","filesize":58233,"sizes":{"medium":{"file":"anses-300x195.jpg","width":300,"height":195,"mime-type":"image\/jpeg","filesize":23330,"source_url":"https:\/\/nuevodigitaldeescobar.com.ar\/wp-content\/uploads\/2023\/10\/anses-300x195.jpg"},"thumbnail":{"file":"anses-150x150.jpg","width":150,"height":150,"mime-type":"image\/jpeg","filesize":16240,"source_url":"https:\/\/nuevodigitaldeescobar.com.ar\/wp-content\/uploads\/2023\/10\/anses-150x150.jpg"},"covernews-medium":{"file":"anses-540x340.jpg","width":540,"height":340,"mime-type":"image\/jpeg","filesize":40719,"source_url":"https:\/\/nuevodigitaldeescobar.com.ar\/wp-content\/uploads\/2023\/10\/anses-540x340.jpg"},"covernews-medium-square":{"file":"anses-400x250.jpg","width":400,"height":250,"mime-type":"image\/jpeg","filesize":29568,"source_url":"https:\/\/nuevodigitaldeescobar.com.ar\/wp-content\/uploads\/2023\/10\/anses-400x250.jpg"}},"image_meta":{"aperture":"2.8","credit":"Leandro Garcia","camera":"NIKON D800","caption":"","created_timestamp":"1652027731","copyright":"Leandro Garcia","focal_length":"38","iso":"100","shutter_speed":"0.004","title":"","orientation":"1","keywords":[]}},"post":558,"source_url":"https:\/\/nuevodigitaldeescobar.com.ar\/wp-content\/uploads\/2023\/10\/anses.jpg"},"yoast_head":"<!-- This site is optimized with the Yoast SEO plugin v26.1.1 - https:\/\/yoast.com\/wordpress\/plugins\/seo\/ -->\n<title>Asignaciones familiares: cu\u00e1les son los nuevos montos y topes desde septiembre 2025 - Nuevo Digital de Escobar<\/title>\n<meta name=\"robots\" content=\"index, follow, max-snippet:-1, max-image-preview:large, max-video-preview:-1\" \/>\n<link rel=\"canonical\" href=\"https:\/\/nuevodigitaldeescobar.com.ar\/?p=17807\" \/>\n<meta property=\"og:locale\" content=\"es_ES\" \/>\n<meta property=\"og:type\" content=\"article\" \/>\n<meta property=\"og:title\" content=\"Asignaciones familiares: cu\u00e1les son los nuevos montos y topes desde septiembre 2025 - Nuevo Digital de Escobar\" \/>\n<meta property=\"og:description\" content=\"La Administraci\u00f3n Nacional de la Seguridad Social (ANSES) confirm\u00f3 un aumento del 1,9% en las asignaciones familiares que rige desde septiembre de 2025. La actualizaci\u00f3n [&hellip;]\" \/>\n<meta property=\"og:url\" content=\"https:\/\/nuevodigitaldeescobar.com.ar\/?p=17807\" \/>\n<meta property=\"og:site_name\" content=\"Nuevo Digital de Escobar\" \/>\n<meta property=\"article:publisher\" content=\"https:\/\/www.facebook.com\/NUEVODigitalDeEscobar\" \/>\n<meta property=\"article:published_time\" content=\"2025-09-04T07:16:00+00:00\" \/>\n<meta property=\"og:image\" content=\"https:\/\/nuevodigitaldeescobar.com.ar\/wp-content\/uploads\/2023\/10\/anses.jpg\" \/>\n\t<meta property=\"og:image:width\" content=\"720\" \/>\n\t<meta property=\"og:image:height\" content=\"469\" \/>\n\t<meta property=\"og:image:type\" content=\"image\/jpeg\" \/>\n<meta name=\"author\" content=\"Redacci\u00f3n\" \/>\n<meta name=\"twitter:card\" content=\"summary_large_image\" \/>\n<meta name=\"twitter:creator\" content=\"@nuevodigescobar\" \/>\n<meta name=\"twitter:site\" content=\"@nuevodigescobar\" \/>\n<meta name=\"twitter:label1\" content=\"Escrito por\" \/>\n\t<meta name=\"twitter:data1\" content=\"Redacci\u00f3n\" \/>\n\t<meta name=\"twitter:label2\" content=\"Tiempo de lectura\" \/>\n\t<meta name=\"twitter:data2\" content=\"2 minutos\" \/>\n<script type=\"application\/ld+json\" class=\"yoast-schema-graph\">{\"@context\":\"https:\/\/schema.org\",\"@graph\":[{\"@type\":\"Article\",\"@id\":\"https:\/\/nuevodigitaldeescobar.com.ar\/?p=17807#article\",\"isPartOf\":{\"@id\":\"https:\/\/nuevodigitaldeescobar.com.ar\/?p=17807\"},\"author\":{\"name\":\"Redacci\u00f3n\",\"@id\":\"https:\/\/nuevodigitaldeescobar.com.ar\/#\/schema\/person\/035e90a8efe9a80e6eec22656ad6ea4c\"},\"headline\":\"Asignaciones familiares: cu\u00e1les son los nuevos montos y topes desde septiembre 2025\",\"datePublished\":\"2025-09-04T07:16:00+00:00\",\"mainEntityOfPage\":{\"@id\":\"https:\/\/nuevodigitaldeescobar.com.ar\/?p=17807\"},\"wordCount\":291,\"commentCount\":0,\"publisher\":{\"@id\":\"https:\/\/nuevodigitaldeescobar.com.ar\/#organization\"},\"image\":{\"@id\":\"https:\/\/nuevodigitaldeescobar.com.ar\/?p=17807#primaryimage\"},\"thumbnailUrl\":\"https:\/\/nuevodigitaldeescobar.com.ar\/wp-content\/uploads\/2023\/10\/anses.jpg\",\"articleSection\":[\"Econom\u00eda\"],\"inLanguage\":\"es\",\"potentialAction\":[{\"@type\":\"CommentAction\",\"name\":\"Comment\",\"target\":[\"https:\/\/nuevodigitaldeescobar.com.ar\/?p=17807#respond\"]}]},{\"@type\":\"WebPage\",\"@id\":\"https:\/\/nuevodigitaldeescobar.com.ar\/?p=17807\",\"url\":\"https:\/\/nuevodigitaldeescobar.com.ar\/?p=17807\",\"name\":\"Asignaciones familiares: cu\u00e1les son los nuevos montos y topes desde septiembre 2025 - Nuevo Digital de Escobar\",\"isPartOf\":{\"@id\":\"https:\/\/nuevodigitaldeescobar.com.ar\/#website\"},\"primaryImageOfPage\":{\"@id\":\"https:\/\/nuevodigitaldeescobar.com.ar\/?p=17807#primaryimage\"},\"image\":{\"@id\":\"https:\/\/nuevodigitaldeescobar.com.ar\/?p=17807#primaryimage\"},\"thumbnailUrl\":\"https:\/\/nuevodigitaldeescobar.com.ar\/wp-content\/uploads\/2023\/10\/anses.jpg\",\"datePublished\":\"2025-09-04T07:16:00+00:00\",\"breadcrumb\":{\"@id\":\"https:\/\/nuevodigitaldeescobar.com.ar\/?p=17807#breadcrumb\"},\"inLanguage\":\"es\",\"potentialAction\":[{\"@type\":\"ReadAction\",\"target\":[\"https:\/\/nuevodigitaldeescobar.com.ar\/?p=17807\"]}]},{\"@type\":\"ImageObject\",\"inLanguage\":\"es\",\"@id\":\"https:\/\/nuevodigitaldeescobar.com.ar\/?p=17807#primaryimage\",\"url\":\"https:\/\/nuevodigitaldeescobar.com.ar\/wp-content\/uploads\/2023\/10\/anses.jpg\",\"contentUrl\":\"https:\/\/nuevodigitaldeescobar.com.ar\/wp-content\/uploads\/2023\/10\/anses.jpg\",\"width\":720,\"height\":469},{\"@type\":\"BreadcrumbList\",\"@id\":\"https:\/\/nuevodigitaldeescobar.com.ar\/?p=17807#breadcrumb\",\"itemListElement\":[{\"@type\":\"ListItem\",\"position\":1,\"name\":\"Portada\",\"item\":\"https:\/\/nuevodigitaldeescobar.com.ar\/\"},{\"@type\":\"ListItem\",\"position\":2,\"name\":\"Asignaciones familiares: cu\u00e1les son los nuevos montos y topes desde septiembre 2025\"}]},{\"@type\":\"WebSite\",\"@id\":\"https:\/\/nuevodigitaldeescobar.com.ar\/#website\",\"url\":\"https:\/\/nuevodigitaldeescobar.com.ar\/\",\"name\":\"Nuevo Digital de Escobar\",\"description\":\"La vida escobarense. Directora: Rosana Brunner\",\"publisher\":{\"@id\":\"https:\/\/nuevodigitaldeescobar.com.ar\/#organization\"},\"potentialAction\":[{\"@type\":\"SearchAction\",\"target\":{\"@type\":\"EntryPoint\",\"urlTemplate\":\"https:\/\/nuevodigitaldeescobar.com.ar\/?s={search_term_string}\"},\"query-input\":{\"@type\":\"PropertyValueSpecification\",\"valueRequired\":true,\"valueName\":\"search_term_string\"}}],\"inLanguage\":\"es\"},{\"@type\":\"Organization\",\"@id\":\"https:\/\/nuevodigitaldeescobar.com.ar\/#organization\",\"name\":\"Nuevo Digital de Escobar\",\"url\":\"https:\/\/nuevodigitaldeescobar.com.ar\/\",\"logo\":{\"@type\":\"ImageObject\",\"inLanguage\":\"es\",\"@id\":\"https:\/\/nuevodigitaldeescobar.com.ar\/#\/schema\/logo\/image\/\",\"url\":\"https:\/\/nuevodigitaldeescobar.com.ar\/wp-content\/uploads\/2025\/05\/cropped-logo-nuevo2.jpg\",\"contentUrl\":\"https:\/\/nuevodigitaldeescobar.com.ar\/wp-content\/uploads\/2025\/05\/cropped-logo-nuevo2.jpg\",\"width\":305,\"height\":305,\"caption\":\"Nuevo Digital de Escobar\"},\"image\":{\"@id\":\"https:\/\/nuevodigitaldeescobar.com.ar\/#\/schema\/logo\/image\/\"},\"sameAs\":[\"https:\/\/www.facebook.com\/NUEVODigitalDeEscobar\",\"https:\/\/x.com\/nuevodigescobar\",\"https:\/\/www.instagram.com\/nuevodigitaldeescobar\"]},{\"@type\":\"Person\",\"@id\":\"https:\/\/nuevodigitaldeescobar.com.ar\/#\/schema\/person\/035e90a8efe9a80e6eec22656ad6ea4c\",\"name\":\"Redacci\u00f3n\",\"image\":{\"@type\":\"ImageObject\",\"inLanguage\":\"es\",\"@id\":\"https:\/\/nuevodigitaldeescobar.com.ar\/#\/schema\/person\/image\/\",\"url\":\"https:\/\/secure.gravatar.com\/avatar\/8af8f40000c24e9eef3034f2be5998a372bb1389e64b1a4a36b3a7979142220d?s=96&d=mm&r=g\",\"contentUrl\":\"https:\/\/secure.gravatar.com\/avatar\/8af8f40000c24e9eef3034f2be5998a372bb1389e64b1a4a36b3a7979142220d?s=96&d=mm&r=g\",\"caption\":\"Redacci\u00f3n\"},\"sameAs\":[\"http:\/\/nuevodigitaldeescobar.com.ar\"],\"url\":\"https:\/\/nuevodigitaldeescobar.com.ar\/?author=1\"}]}<\/script>\n<!-- \/ Yoast SEO plugin. -->","yoast_head_json":{"title":"Asignaciones familiares: cu\u00e1les son los nuevos montos y topes desde septiembre 2025 - Nuevo Digital de Escobar","robots":{"index":"index","follow":"follow","max-snippet":"max-snippet:-1","max-image-preview":"max-image-preview:large","max-video-preview":"max-video-preview:-1"},"canonical":"https:\/\/nuevodigitaldeescobar.com.ar\/?p=17807","og_locale":"es_ES","og_type":"article","og_title":"Asignaciones familiares: cu\u00e1les son los nuevos montos y topes desde septiembre 2025 - Nuevo Digital de Escobar","og_description":"La Administraci\u00f3n Nacional de la Seguridad Social (ANSES) confirm\u00f3 un aumento del 1,9% en las asignaciones familiares que rige desde septiembre de 2025. La actualizaci\u00f3n [&hellip;]","og_url":"https:\/\/nuevodigitaldeescobar.com.ar\/?p=17807","og_site_name":"Nuevo Digital de Escobar","article_publisher":"https:\/\/www.facebook.com\/NUEVODigitalDeEscobar","article_published_time":"2025-09-04T07:16:00+00:00","og_image":[{"width":720,"height":469,"url":"https:\/\/nuevodigitaldeescobar.com.ar\/wp-content\/uploads\/2023\/10\/anses.jpg","type":"image\/jpeg"}],"author":"Redacci\u00f3n","twitter_card":"summary_large_image","twitter_creator":"@nuevodigescobar","twitter_site":"@nuevodigescobar","twitter_misc":{"Escrito por":"Redacci\u00f3n","Tiempo de lectura":"2 minutos"},"schema":{"@context":"https:\/\/schema.org","@graph":[{"@type":"Article","@id":"https:\/\/nuevodigitaldeescobar.com.ar\/?p=17807#article","isPartOf":{"@id":"https:\/\/nuevodigitaldeescobar.com.ar\/?p=17807"},"author":{"name":"Redacci\u00f3n","@id":"https:\/\/nuevodigitaldeescobar.com.ar\/#\/schema\/person\/035e90a8efe9a80e6eec22656ad6ea4c"},"headline":"Asignaciones familiares: cu\u00e1les son los nuevos montos y topes desde septiembre 2025","datePublished":"2025-09-04T07:16:00+00:00","mainEntityOfPage":{"@id":"https:\/\/nuevodigitaldeescobar.com.ar\/?p=17807"},"wordCount":291,"commentCount":0,"publisher":{"@id":"https:\/\/nuevodigitaldeescobar.com.ar\/#organization"},"image":{"@id":"https:\/\/nuevodigitaldeescobar.com.ar\/?p=17807#primaryimage"},"thumbnailUrl":"https:\/\/nuevodigitaldeescobar.com.ar\/wp-content\/uploads\/2023\/10\/anses.jpg","articleSection":["Econom\u00eda"],"inLanguage":"es","potentialAction":[{"@type":"CommentAction","name":"Comment","target":["https:\/\/nuevodigitaldeescobar.com.ar\/?p=17807#respond"]}]},{"@type":"WebPage","@id":"https:\/\/nuevodigitaldeescobar.com.ar\/?p=17807","url":"https:\/\/nuevodigitaldeescobar.com.ar\/?p=17807","name":"Asignaciones familiares: cu\u00e1les son los nuevos montos y topes desde septiembre 2025 - Nuevo Digital de Escobar","isPartOf":{"@id":"https:\/\/nuevodigitaldeescobar.com.ar\/#website"},"primaryImageOfPage":{"@id":"https:\/\/nuevodigitaldeescobar.com.ar\/?p=17807#primaryimage"},"image":{"@id":"https:\/\/nuevodigitaldeescobar.com.ar\/?p=17807#primaryimage"},"thumbnailUrl":"https:\/\/nuevodigitaldeescobar.com.ar\/wp-content\/uploads\/2023\/10\/anses.jpg","datePublished":"2025-09-04T07:16:00+00:00","breadcrumb":{"@id":"https:\/\/nuevodigitaldeescobar.com.ar\/?p=17807#breadcrumb"},"inLanguage":"es","potentialAction":[{"@type":"ReadAction","target":["https:\/\/nuevodigitaldeescobar.com.ar\/?p=17807"]}]},{"@type":"ImageObject","inLanguage":"es","@id":"https:\/\/nuevodigitaldeescobar.com.ar\/?p=17807#primaryimage","url":"https:\/\/nuevodigitaldeescobar.com.ar\/wp-content\/uploads\/2023\/10\/anses.jpg","contentUrl":"https:\/\/nuevodigitaldeescobar.com.ar\/wp-content\/uploads\/2023\/10\/anses.jpg","width":720,"height":469},{"@type":"BreadcrumbList","@id":"https:\/\/nuevodigitaldeescobar.com.ar\/?p=17807#breadcrumb","itemListElement":[{"@type":"ListItem","position":1,"name":"Portada","item":"https:\/\/nuevodigitaldeescobar.com.ar\/"},{"@type":"ListItem","position":2,"name":"Asignaciones familiares: cu\u00e1les son los nuevos montos y topes desde septiembre 2025"}]},{"@type":"WebSite","@id":"https:\/\/nuevodigitaldeescobar.com.ar\/#website","url":"https:\/\/nuevodigitaldeescobar.com.ar\/","name":"Nuevo Digital de Escobar","description":"La vida escobarense. Directora: Rosana Brunner","publisher":{"@id":"https:\/\/nuevodigitaldeescobar.com.ar\/#organization"},"potentialAction":[{"@type":"SearchAction","target":{"@type":"EntryPoint","urlTemplate":"https:\/\/nuevodigitaldeescobar.com.ar\/?s={search_term_string}"},"query-input":{"@type":"PropertyValueSpecification","valueRequired":true,"valueName":"search_term_string"}}],"inLanguage":"es"},{"@type":"Organization","@id":"https:\/\/nuevodigitaldeescobar.com.ar\/#organization","name":"Nuevo Digital de Escobar","url":"https:\/\/nuevodigitaldeescobar.com.ar\/","logo":{"@type":"ImageObject","inLanguage":"es","@id":"https:\/\/nuevodigitaldeescobar.com.ar\/#\/schema\/logo\/image\/","url":"https:\/\/nuevodigitaldeescobar.com.ar\/wp-content\/uploads\/2025\/05\/cropped-logo-nuevo2.jpg","contentUrl":"https:\/\/nuevodigitaldeescobar.com.ar\/wp-content\/uploads\/2025\/05\/cropped-logo-nuevo2.jpg","width":305,"height":305,"caption":"Nuevo Digital de Escobar"},"image":{"@id":"https:\/\/nuevodigitaldeescobar.com.ar\/#\/schema\/logo\/image\/"},"sameAs":["https:\/\/www.facebook.com\/NUEVODigitalDeEscobar","https:\/\/x.com\/nuevodigescobar","https:\/\/www.instagram.com\/nuevodigitaldeescobar"]},{"@type":"Person","@id":"https:\/\/nuevodigitaldeescobar.com.ar\/#\/schema\/person\/035e90a8efe9a80e6eec22656ad6ea4c","name":"Redacci\u00f3n","image":{"@type":"ImageObject","inLanguage":"es","@id":"https:\/\/nuevodigitaldeescobar.com.ar\/#\/schema\/person\/image\/","url":"https:\/\/secure.gravatar.com\/avatar\/8af8f40000c24e9eef3034f2be5998a372bb1389e64b1a4a36b3a7979142220d?s=96&d=mm&r=g","contentUrl":"https:\/\/secure.gravatar.com\/avatar\/8af8f40000c24e9eef3034f2be5998a372bb1389e64b1a4a36b3a7979142220d?s=96&d=mm&r=g","caption":"Redacci\u00f3n"},"sameAs":["http:\/\/nuevodigitaldeescobar.com.ar"],"url":"https:\/\/nuevodigitaldeescobar.com.ar\/?author=1"}]}},"featured_image_urls":{"full":["https:\/\/nuevodigitaldeescobar.com.ar\/wp-content\/uploads\/2023\/10\/anses.jpg",720,469,false],"thumbnail":["https:\/\/nuevodigitaldeescobar.com.ar\/wp-content\/uploads\/2023\/10\/anses-150x150.jpg",150,150,true],"medium":["https:\/\/nuevodigitaldeescobar.com.ar\/wp-content\/uploads\/2023\/10\/anses-300x195.jpg",300,195,true],"medium_large":["https:\/\/nuevodigitaldeescobar.com.ar\/wp-content\/uploads\/2023\/10\/anses.jpg",640,417,false],"large":["https:\/\/nuevodigitaldeescobar.com.ar\/wp-content\/uploads\/2023\/10\/anses.jpg",640,417,false],"1536x1536":["https:\/\/nuevodigitaldeescobar.com.ar\/wp-content\/uploads\/2023\/10\/anses.jpg",720,469,false],"2048x2048":["https:\/\/nuevodigitaldeescobar.com.ar\/wp-content\/uploads\/2023\/10\/anses.jpg",720,469,false]},"author_info":{"display_name":"Redacci\u00f3n","author_link":"https:\/\/nuevodigitaldeescobar.com.ar\/?author=1"},"category_info":"<a href=\"https:\/\/nuevodigitaldeescobar.com.ar\/?cat=10\" rel=\"category\">Econom\u00eda<\/a>","tag_info":"Econom\u00eda","comment_count":"0","_links":{"self":[{"href":"https:\/\/nuevodigitaldeescobar.com.ar\/index.php?rest_route=\/wp\/v2\/posts\/17807","targetHints":{"allow":["GET"]}}],"collection":[{"href":"https:\/\/nuevodigitaldeescobar.com.ar\/index.php?rest_route=\/wp\/v2\/posts"}],"about":[{"href":"https:\/\/nuevodigitaldeescobar.com.ar\/index.php?rest_route=\/wp\/v2\/types\/post"}],"author":[{"embeddable":true,"href":"https:\/\/nuevodigitaldeescobar.com.ar\/index.php?rest_route=\/wp\/v2\/users\/1"}],"replies":[{"embeddable":true,"href":"https:\/\/nuevodigitaldeescobar.com.ar\/index.php?rest_route=%2Fwp%2Fv2%2Fcomments&post=17807"}],"version-history":[{"count":1,"href":"https:\/\/nuevodigitaldeescobar.com.ar\/index.php?rest_route=\/wp\/v2\/posts\/17807\/revisions"}],"predecessor-version":[{"id":17808,"href":"https:\/\/nuevodigitaldeescobar.com.ar\/index.php?rest_route=\/wp\/v2\/posts\/17807\/revisions\/17808"}],"wp:featuredmedia":[{"embeddable":true,"href":"https:\/\/nuevodigitaldeescobar.com.ar\/index.php?rest_route=\/wp\/v2\/media\/559"}],"wp:attachment":[{"href":"https:\/\/nuevodigitaldeescobar.com.ar\/index.php?rest_route=%2Fwp%2Fv2%2Fmedia&parent=17807"}],"wp:term":[{"taxonomy":"category","embeddable":true,"href":"https:\/\/nuevodigitaldeescobar.com.ar\/index.php?rest_route=%2Fwp%2Fv2%2Fcategories&post=17807"},{"taxonomy":"post_tag","embeddable":true,"href":"https:\/\/nuevodigitaldeescobar.com.ar\/index.php?rest_route=%2Fwp%2Fv2%2Ftags&post=17807"}],"curies":[{"name":"wp","href":"https:\/\/api.w.org\/{rel}","templated":true}]}}