{"id":17822,"date":"2025-09-05T03:44:00","date_gmt":"2025-09-05T06:44:00","guid":{"rendered":"https:\/\/nuevodigitaldeescobar.com.ar\/?p=17822"},"modified":"2025-09-04T22:45:47","modified_gmt":"2025-09-05T01:45:47","slug":"el-senado-aprobo-cambios-para-limitar-el-uso-de-los-dnu-y-ahora-el-debate-pasa-a-diputados","status":"publish","type":"post","link":"https:\/\/nuevodigitaldeescobar.com.ar\/?p=17822","title":{"rendered":"El Senado aprob\u00f3 cambios para limitar el uso de los DNU y ahora el debate pasa a Diputados"},"content":{"rendered":"\n<p class=\"has-vivid-cyan-blue-color has-text-color has-link-color wp-elements-174a641333e469a2ee1a2cbb800ad128\"><em><strong>En una sesi\u00f3n cargada de tensiones pol\u00edticas, el Senado de la Naci\u00f3n aprob\u00f3 un proyecto que busca poner l\u00edmites estrictos al uso de los Decretos de Necesidad y Urgencia (DNU) por parte del Poder Ejecutivo. La iniciativa, que cosech\u00f3 56 votos a favor, 8 en contra y 2 abstenciones, fue girada a la C\u00e1mara de Diputados para su tratamiento definitivo.<\/strong><\/em><\/p>\n\n\n\n<!--more-->\n\n\n\n<p>El proyecto establece que cada DNU deber\u00e1 ser tratado en un plazo m\u00e1ximo de <strong>90 d\u00edas corridos<\/strong> y aprobado \u201ccon mayor\u00eda absoluta\u201d por ambas C\u00e1maras del Congreso. En caso de que uno de los cuerpos lo rechace, el decreto quedar\u00e1 autom\u00e1ticamente sin efecto. Esto representa un cambio dr\u00e1stico frente al esquema actual, donde los decretos contin\u00faan vigentes si no son expresamente rechazados.<\/p>\n\n\n\n<p>Adem\u00e1s, la propuesta plantea que cada decreto se limite a un \u00fanico tema, evitando la pr\u00e1ctica de incluir en un mismo texto asuntos de distinta \u00edndole. De prosperar en Diputados, la norma reemplazar\u00eda a la ley 26.122, sancionada en 2006 a instancias de Cristina Fern\u00e1ndez de Kirchner, y que es duramente cuestionada por habilitar la continuidad autom\u00e1tica de los decretos.<\/p>\n\n\n\n<h3 class=\"wp-block-heading has-text-color has-link-color wp-elements-f9e7a458cd90396e0b876aa289a883b8\" style=\"color:#182dca\"><em>Argumentos en el recinto<\/em><\/h3>\n\n\n\n<p>La senadora cordobesa <strong>Alejandra Vigo<\/strong>, presidenta de la Comisi\u00f3n de Asuntos Constitucionales, fue la miembro informante del proyecto. En su exposici\u00f3n, advirti\u00f3:<\/p>\n\n\n\n<blockquote class=\"wp-block-quote is-layout-flow wp-block-quote-is-layout-flow\">\n<p><em>\u201cLos DNU son instrumentos de excepci\u00f3n que no pueden convertirse en la regla. Con esta modificaci\u00f3n buscamos atenuar el presidencialismo y reforzar el equilibrio de poderes\u201d.<\/em><\/p>\n<\/blockquote>\n\n\n\n<p>Desde la UCR, el senador <strong>Pablo Blanco<\/strong> celebr\u00f3 la iniciativa y sostuvo que <em>\u201cse pone fin a la p\u00e9sima costumbre de gobernar a trav\u00e9s de decretos\u201d<\/em>, pr\u00e1ctica que \u2013seg\u00fan se\u00f1al\u00f3\u2013 no es exclusiva de la actual administraci\u00f3n, sino que atraviesa a distintos gobiernos de las \u00faltimas d\u00e9cadas.<\/p>\n\n\n\n<p>En la misma l\u00ednea, la riojana <strong>Florencia L\u00f3pez<\/strong> afirm\u00f3 que<em> \u201cel Congreso debe recuperar sus facultades y garantizar los pesos y contrapesos propios de la democracia\u201d<\/em>.<\/p>\n\n\n\n<p>Por su parte, la neuquina <strong>Lucila Crexell<\/strong> record\u00f3 que los DNU fueron incorporados tras la reforma constitucional de 1994 y denunci\u00f3 que, lejos de moderar el presidencialismo, <em>\u201cexacerbaron el centralismo y el autoritarismo en la toma de decisiones\u201d<\/em>.<\/p>\n\n\n\n<p>Sin embargo, desde La Libertad Avanza se opusieron al proyecto. El jefe de bancada, <strong>Ezequiel Atauche<\/strong>, argument\u00f3 que los DNU <em>\u201chan sido utilizados por todos los gobiernos\u201d<\/em> y cuestion\u00f3 que ahora se intente restringirlos <em>\u201cjusto cuando el Presidente enfrenta un Congreso con fuertes minor\u00edas\u201d<\/em>.<\/p>\n\n\n\n<h3 class=\"wp-block-heading has-text-color has-link-color wp-elements-0b151146c955260c561cc73b34750566\" style=\"color:#182dca\"><em>Lo que viene<\/em><\/h3>\n\n\n\n<p>Con la media sanci\u00f3n del Senado, la discusi\u00f3n pasa a Diputados, donde se espera un debate intenso. El oficialismo ya anticip\u00f3 que buscar\u00e1 resistir la iniciativa e incluso no descarta un veto presidencial en caso de que avance.<\/p>\n\n\n\n<p>De aprobarse, la reforma significar\u00e1 un cambio profundo en la forma en que el Poder Ejecutivo puede gobernar sin pasar por el Congreso, reforzando as\u00ed el rol del Poder Legislativo en la elaboraci\u00f3n de las leyes.<\/p>\n","protected":false},"excerpt":{"rendered":"<p>En una sesi\u00f3n cargada de tensiones pol\u00edticas, el Senado de la Naci\u00f3n aprob\u00f3 un proyecto que busca poner l\u00edmites estrictos al uso de los Decretos [&hellip;]<\/p>\n","protected":false},"author":1,"featured_media":17823,"comment_status":"open","ping_status":"open","sticky":false,"template":"","format":"standard","meta":{"footnotes":""},"categories":[6],"tags":[],"class_list":["post-17822","post","type-post","status-publish","format-standard","has-post-thumbnail","hentry","category-politica"],"better_featured_image":{"id":17823,"alt_text":"","caption":"","description":"","media_type":"image","media_details":{"width":835,"height":519,"file":"2025\/09\/senadoarg45.png","filesize":1132802,"sizes":{"medium":{"file":"senadoarg45-300x186.png","width":300,"height":186,"mime-type":"image\/png","filesize":49910,"source_url":"https:\/\/nuevodigitaldeescobar.com.ar\/wp-content\/uploads\/2025\/09\/senadoarg45-300x186.png"},"thumbnail":{"file":"senadoarg45-150x150.png","width":150,"height":150,"mime-type":"image\/png","filesize":22207,"source_url":"https:\/\/nuevodigitaldeescobar.com.ar\/wp-content\/uploads\/2025\/09\/senadoarg45-150x150.png"},"medium_large":{"file":"senadoarg45-768x477.png","width":768,"height":477,"mime-type":"image\/png","filesize":274678,"source_url":"https:\/\/nuevodigitaldeescobar.com.ar\/wp-content\/uploads\/2025\/09\/senadoarg45-768x477.png"}},"image_meta":{"aperture":"0","credit":"","camera":"","caption":"","created_timestamp":"0","copyright":"","focal_length":"0","iso":"0","shutter_speed":"0","title":"","orientation":"0","keywords":[]}},"post":17822,"source_url":"https:\/\/nuevodigitaldeescobar.com.ar\/wp-content\/uploads\/2025\/09\/senadoarg45.png"},"yoast_head":"<!-- This site is optimized with the Yoast SEO plugin v26.1.1 - https:\/\/yoast.com\/wordpress\/plugins\/seo\/ -->\n<title>El Senado aprob\u00f3 cambios para limitar el uso de los DNU y ahora el debate pasa a Diputados - Nuevo Digital de Escobar<\/title>\n<meta name=\"robots\" content=\"index, follow, max-snippet:-1, max-image-preview:large, max-video-preview:-1\" \/>\n<link rel=\"canonical\" href=\"https:\/\/nuevodigitaldeescobar.com.ar\/?p=17822\" \/>\n<meta property=\"og:locale\" content=\"es_ES\" \/>\n<meta property=\"og:type\" content=\"article\" \/>\n<meta property=\"og:title\" content=\"El Senado aprob\u00f3 cambios para limitar el uso de los DNU y ahora el debate pasa a Diputados - Nuevo Digital de Escobar\" \/>\n<meta property=\"og:description\" content=\"En una sesi\u00f3n cargada de tensiones pol\u00edticas, el Senado de la Naci\u00f3n aprob\u00f3 un proyecto que busca poner l\u00edmites estrictos al uso de los Decretos [&hellip;]\" \/>\n<meta property=\"og:url\" content=\"https:\/\/nuevodigitaldeescobar.com.ar\/?p=17822\" \/>\n<meta property=\"og:site_name\" content=\"Nuevo Digital de Escobar\" \/>\n<meta property=\"article:publisher\" content=\"https:\/\/www.facebook.com\/NUEVODigitalDeEscobar\" \/>\n<meta property=\"article:published_time\" content=\"2025-09-05T06:44:00+00:00\" \/>\n<meta property=\"og:image\" content=\"https:\/\/nuevodigitaldeescobar.com.ar\/wp-content\/uploads\/2025\/09\/senadoarg45.png\" \/>\n\t<meta property=\"og:image:width\" content=\"835\" \/>\n\t<meta property=\"og:image:height\" content=\"519\" \/>\n\t<meta property=\"og:image:type\" content=\"image\/png\" \/>\n<meta name=\"author\" content=\"Redacci\u00f3n\" \/>\n<meta name=\"twitter:card\" content=\"summary_large_image\" \/>\n<meta name=\"twitter:creator\" content=\"@nuevodigescobar\" \/>\n<meta name=\"twitter:site\" content=\"@nuevodigescobar\" \/>\n<meta name=\"twitter:label1\" content=\"Escrito por\" \/>\n\t<meta name=\"twitter:data1\" content=\"Redacci\u00f3n\" \/>\n\t<meta name=\"twitter:label2\" content=\"Tiempo de lectura\" \/>\n\t<meta name=\"twitter:data2\" content=\"3 minutos\" \/>\n<script type=\"application\/ld+json\" class=\"yoast-schema-graph\">{\"@context\":\"https:\/\/schema.org\",\"@graph\":[{\"@type\":\"Article\",\"@id\":\"https:\/\/nuevodigitaldeescobar.com.ar\/?p=17822#article\",\"isPartOf\":{\"@id\":\"https:\/\/nuevodigitaldeescobar.com.ar\/?p=17822\"},\"author\":{\"name\":\"Redacci\u00f3n\",\"@id\":\"https:\/\/nuevodigitaldeescobar.com.ar\/#\/schema\/person\/035e90a8efe9a80e6eec22656ad6ea4c\"},\"headline\":\"El Senado aprob\u00f3 cambios para limitar el uso de los DNU y ahora el debate pasa a Diputados\",\"datePublished\":\"2025-09-05T06:44:00+00:00\",\"mainEntityOfPage\":{\"@id\":\"https:\/\/nuevodigitaldeescobar.com.ar\/?p=17822\"},\"wordCount\":511,\"commentCount\":0,\"publisher\":{\"@id\":\"https:\/\/nuevodigitaldeescobar.com.ar\/#organization\"},\"image\":{\"@id\":\"https:\/\/nuevodigitaldeescobar.com.ar\/?p=17822#primaryimage\"},\"thumbnailUrl\":\"https:\/\/nuevodigitaldeescobar.com.ar\/wp-content\/uploads\/2025\/09\/senadoarg45.png\",\"articleSection\":[\"Pol\u00edtica\"],\"inLanguage\":\"es\",\"potentialAction\":[{\"@type\":\"CommentAction\",\"name\":\"Comment\",\"target\":[\"https:\/\/nuevodigitaldeescobar.com.ar\/?p=17822#respond\"]}]},{\"@type\":\"WebPage\",\"@id\":\"https:\/\/nuevodigitaldeescobar.com.ar\/?p=17822\",\"url\":\"https:\/\/nuevodigitaldeescobar.com.ar\/?p=17822\",\"name\":\"El Senado aprob\u00f3 cambios para limitar el uso de los DNU y ahora el debate pasa a Diputados - Nuevo Digital de Escobar\",\"isPartOf\":{\"@id\":\"https:\/\/nuevodigitaldeescobar.com.ar\/#website\"},\"primaryImageOfPage\":{\"@id\":\"https:\/\/nuevodigitaldeescobar.com.ar\/?p=17822#primaryimage\"},\"image\":{\"@id\":\"https:\/\/nuevodigitaldeescobar.com.ar\/?p=17822#primaryimage\"},\"thumbnailUrl\":\"https:\/\/nuevodigitaldeescobar.com.ar\/wp-content\/uploads\/2025\/09\/senadoarg45.png\",\"datePublished\":\"2025-09-05T06:44:00+00:00\",\"breadcrumb\":{\"@id\":\"https:\/\/nuevodigitaldeescobar.com.ar\/?p=17822#breadcrumb\"},\"inLanguage\":\"es\",\"potentialAction\":[{\"@type\":\"ReadAction\",\"target\":[\"https:\/\/nuevodigitaldeescobar.com.ar\/?p=17822\"]}]},{\"@type\":\"ImageObject\",\"inLanguage\":\"es\",\"@id\":\"https:\/\/nuevodigitaldeescobar.com.ar\/?p=17822#primaryimage\",\"url\":\"https:\/\/nuevodigitaldeescobar.com.ar\/wp-content\/uploads\/2025\/09\/senadoarg45.png\",\"contentUrl\":\"https:\/\/nuevodigitaldeescobar.com.ar\/wp-content\/uploads\/2025\/09\/senadoarg45.png\",\"width\":835,\"height\":519},{\"@type\":\"BreadcrumbList\",\"@id\":\"https:\/\/nuevodigitaldeescobar.com.ar\/?p=17822#breadcrumb\",\"itemListElement\":[{\"@type\":\"ListItem\",\"position\":1,\"name\":\"Portada\",\"item\":\"https:\/\/nuevodigitaldeescobar.com.ar\/\"},{\"@type\":\"ListItem\",\"position\":2,\"name\":\"El Senado aprob\u00f3 cambios para limitar el uso de los DNU y ahora el debate pasa a Diputados\"}]},{\"@type\":\"WebSite\",\"@id\":\"https:\/\/nuevodigitaldeescobar.com.ar\/#website\",\"url\":\"https:\/\/nuevodigitaldeescobar.com.ar\/\",\"name\":\"Nuevo Digital de Escobar\",\"description\":\"La vida escobarense. Directora: Rosana Brunner\",\"publisher\":{\"@id\":\"https:\/\/nuevodigitaldeescobar.com.ar\/#organization\"},\"potentialAction\":[{\"@type\":\"SearchAction\",\"target\":{\"@type\":\"EntryPoint\",\"urlTemplate\":\"https:\/\/nuevodigitaldeescobar.com.ar\/?s={search_term_string}\"},\"query-input\":{\"@type\":\"PropertyValueSpecification\",\"valueRequired\":true,\"valueName\":\"search_term_string\"}}],\"inLanguage\":\"es\"},{\"@type\":\"Organization\",\"@id\":\"https:\/\/nuevodigitaldeescobar.com.ar\/#organization\",\"name\":\"Nuevo Digital de Escobar\",\"url\":\"https:\/\/nuevodigitaldeescobar.com.ar\/\",\"logo\":{\"@type\":\"ImageObject\",\"inLanguage\":\"es\",\"@id\":\"https:\/\/nuevodigitaldeescobar.com.ar\/#\/schema\/logo\/image\/\",\"url\":\"https:\/\/nuevodigitaldeescobar.com.ar\/wp-content\/uploads\/2025\/05\/cropped-logo-nuevo2.jpg\",\"contentUrl\":\"https:\/\/nuevodigitaldeescobar.com.ar\/wp-content\/uploads\/2025\/05\/cropped-logo-nuevo2.jpg\",\"width\":305,\"height\":305,\"caption\":\"Nuevo Digital de Escobar\"},\"image\":{\"@id\":\"https:\/\/nuevodigitaldeescobar.com.ar\/#\/schema\/logo\/image\/\"},\"sameAs\":[\"https:\/\/www.facebook.com\/NUEVODigitalDeEscobar\",\"https:\/\/x.com\/nuevodigescobar\",\"https:\/\/www.instagram.com\/nuevodigitaldeescobar\"]},{\"@type\":\"Person\",\"@id\":\"https:\/\/nuevodigitaldeescobar.com.ar\/#\/schema\/person\/035e90a8efe9a80e6eec22656ad6ea4c\",\"name\":\"Redacci\u00f3n\",\"image\":{\"@type\":\"ImageObject\",\"inLanguage\":\"es\",\"@id\":\"https:\/\/nuevodigitaldeescobar.com.ar\/#\/schema\/person\/image\/\",\"url\":\"https:\/\/secure.gravatar.com\/avatar\/8af8f40000c24e9eef3034f2be5998a372bb1389e64b1a4a36b3a7979142220d?s=96&d=mm&r=g\",\"contentUrl\":\"https:\/\/secure.gravatar.com\/avatar\/8af8f40000c24e9eef3034f2be5998a372bb1389e64b1a4a36b3a7979142220d?s=96&d=mm&r=g\",\"caption\":\"Redacci\u00f3n\"},\"sameAs\":[\"http:\/\/nuevodigitaldeescobar.com.ar\"],\"url\":\"https:\/\/nuevodigitaldeescobar.com.ar\/?author=1\"}]}<\/script>\n<!-- \/ Yoast SEO plugin. -->","yoast_head_json":{"title":"El Senado aprob\u00f3 cambios para limitar el uso de los DNU y ahora el debate pasa a Diputados - Nuevo Digital de Escobar","robots":{"index":"index","follow":"follow","max-snippet":"max-snippet:-1","max-image-preview":"max-image-preview:large","max-video-preview":"max-video-preview:-1"},"canonical":"https:\/\/nuevodigitaldeescobar.com.ar\/?p=17822","og_locale":"es_ES","og_type":"article","og_title":"El Senado aprob\u00f3 cambios para limitar el uso de los DNU y ahora el debate pasa a Diputados - Nuevo Digital de Escobar","og_description":"En una sesi\u00f3n cargada de tensiones pol\u00edticas, el Senado de la Naci\u00f3n aprob\u00f3 un proyecto que busca poner l\u00edmites estrictos al uso de los Decretos [&hellip;]","og_url":"https:\/\/nuevodigitaldeescobar.com.ar\/?p=17822","og_site_name":"Nuevo Digital de Escobar","article_publisher":"https:\/\/www.facebook.com\/NUEVODigitalDeEscobar","article_published_time":"2025-09-05T06:44:00+00:00","og_image":[{"width":835,"height":519,"url":"https:\/\/nuevodigitaldeescobar.com.ar\/wp-content\/uploads\/2025\/09\/senadoarg45.png","type":"image\/png"}],"author":"Redacci\u00f3n","twitter_card":"summary_large_image","twitter_creator":"@nuevodigescobar","twitter_site":"@nuevodigescobar","twitter_misc":{"Escrito por":"Redacci\u00f3n","Tiempo de lectura":"3 minutos"},"schema":{"@context":"https:\/\/schema.org","@graph":[{"@type":"Article","@id":"https:\/\/nuevodigitaldeescobar.com.ar\/?p=17822#article","isPartOf":{"@id":"https:\/\/nuevodigitaldeescobar.com.ar\/?p=17822"},"author":{"name":"Redacci\u00f3n","@id":"https:\/\/nuevodigitaldeescobar.com.ar\/#\/schema\/person\/035e90a8efe9a80e6eec22656ad6ea4c"},"headline":"El Senado aprob\u00f3 cambios para limitar el uso de los DNU y ahora el debate pasa a Diputados","datePublished":"2025-09-05T06:44:00+00:00","mainEntityOfPage":{"@id":"https:\/\/nuevodigitaldeescobar.com.ar\/?p=17822"},"wordCount":511,"commentCount":0,"publisher":{"@id":"https:\/\/nuevodigitaldeescobar.com.ar\/#organization"},"image":{"@id":"https:\/\/nuevodigitaldeescobar.com.ar\/?p=17822#primaryimage"},"thumbnailUrl":"https:\/\/nuevodigitaldeescobar.com.ar\/wp-content\/uploads\/2025\/09\/senadoarg45.png","articleSection":["Pol\u00edtica"],"inLanguage":"es","potentialAction":[{"@type":"CommentAction","name":"Comment","target":["https:\/\/nuevodigitaldeescobar.com.ar\/?p=17822#respond"]}]},{"@type":"WebPage","@id":"https:\/\/nuevodigitaldeescobar.com.ar\/?p=17822","url":"https:\/\/nuevodigitaldeescobar.com.ar\/?p=17822","name":"El Senado aprob\u00f3 cambios para limitar el uso de los DNU y ahora el debate pasa a Diputados - Nuevo Digital de Escobar","isPartOf":{"@id":"https:\/\/nuevodigitaldeescobar.com.ar\/#website"},"primaryImageOfPage":{"@id":"https:\/\/nuevodigitaldeescobar.com.ar\/?p=17822#primaryimage"},"image":{"@id":"https:\/\/nuevodigitaldeescobar.com.ar\/?p=17822#primaryimage"},"thumbnailUrl":"https:\/\/nuevodigitaldeescobar.com.ar\/wp-content\/uploads\/2025\/09\/senadoarg45.png","datePublished":"2025-09-05T06:44:00+00:00","breadcrumb":{"@id":"https:\/\/nuevodigitaldeescobar.com.ar\/?p=17822#breadcrumb"},"inLanguage":"es","potentialAction":[{"@type":"ReadAction","target":["https:\/\/nuevodigitaldeescobar.com.ar\/?p=17822"]}]},{"@type":"ImageObject","inLanguage":"es","@id":"https:\/\/nuevodigitaldeescobar.com.ar\/?p=17822#primaryimage","url":"https:\/\/nuevodigitaldeescobar.com.ar\/wp-content\/uploads\/2025\/09\/senadoarg45.png","contentUrl":"https:\/\/nuevodigitaldeescobar.com.ar\/wp-content\/uploads\/2025\/09\/senadoarg45.png","width":835,"height":519},{"@type":"BreadcrumbList","@id":"https:\/\/nuevodigitaldeescobar.com.ar\/?p=17822#breadcrumb","itemListElement":[{"@type":"ListItem","position":1,"name":"Portada","item":"https:\/\/nuevodigitaldeescobar.com.ar\/"},{"@type":"ListItem","position":2,"name":"El Senado aprob\u00f3 cambios para limitar el uso de los DNU y ahora el debate pasa a Diputados"}]},{"@type":"WebSite","@id":"https:\/\/nuevodigitaldeescobar.com.ar\/#website","url":"https:\/\/nuevodigitaldeescobar.com.ar\/","name":"Nuevo Digital de Escobar","description":"La vida escobarense. Directora: Rosana Brunner","publisher":{"@id":"https:\/\/nuevodigitaldeescobar.com.ar\/#organization"},"potentialAction":[{"@type":"SearchAction","target":{"@type":"EntryPoint","urlTemplate":"https:\/\/nuevodigitaldeescobar.com.ar\/?s={search_term_string}"},"query-input":{"@type":"PropertyValueSpecification","valueRequired":true,"valueName":"search_term_string"}}],"inLanguage":"es"},{"@type":"Organization","@id":"https:\/\/nuevodigitaldeescobar.com.ar\/#organization","name":"Nuevo Digital de Escobar","url":"https:\/\/nuevodigitaldeescobar.com.ar\/","logo":{"@type":"ImageObject","inLanguage":"es","@id":"https:\/\/nuevodigitaldeescobar.com.ar\/#\/schema\/logo\/image\/","url":"https:\/\/nuevodigitaldeescobar.com.ar\/wp-content\/uploads\/2025\/05\/cropped-logo-nuevo2.jpg","contentUrl":"https:\/\/nuevodigitaldeescobar.com.ar\/wp-content\/uploads\/2025\/05\/cropped-logo-nuevo2.jpg","width":305,"height":305,"caption":"Nuevo Digital de Escobar"},"image":{"@id":"https:\/\/nuevodigitaldeescobar.com.ar\/#\/schema\/logo\/image\/"},"sameAs":["https:\/\/www.facebook.com\/NUEVODigitalDeEscobar","https:\/\/x.com\/nuevodigescobar","https:\/\/www.instagram.com\/nuevodigitaldeescobar"]},{"@type":"Person","@id":"https:\/\/nuevodigitaldeescobar.com.ar\/#\/schema\/person\/035e90a8efe9a80e6eec22656ad6ea4c","name":"Redacci\u00f3n","image":{"@type":"ImageObject","inLanguage":"es","@id":"https:\/\/nuevodigitaldeescobar.com.ar\/#\/schema\/person\/image\/","url":"https:\/\/secure.gravatar.com\/avatar\/8af8f40000c24e9eef3034f2be5998a372bb1389e64b1a4a36b3a7979142220d?s=96&d=mm&r=g","contentUrl":"https:\/\/secure.gravatar.com\/avatar\/8af8f40000c24e9eef3034f2be5998a372bb1389e64b1a4a36b3a7979142220d?s=96&d=mm&r=g","caption":"Redacci\u00f3n"},"sameAs":["http:\/\/nuevodigitaldeescobar.com.ar"],"url":"https:\/\/nuevodigitaldeescobar.com.ar\/?author=1"}]}},"featured_image_urls":{"full":["https:\/\/nuevodigitaldeescobar.com.ar\/wp-content\/uploads\/2025\/09\/senadoarg45.png",835,519,false],"thumbnail":["https:\/\/nuevodigitaldeescobar.com.ar\/wp-content\/uploads\/2025\/09\/senadoarg45-150x150.png",150,150,true],"medium":["https:\/\/nuevodigitaldeescobar.com.ar\/wp-content\/uploads\/2025\/09\/senadoarg45-300x186.png",300,186,true],"medium_large":["https:\/\/nuevodigitaldeescobar.com.ar\/wp-content\/uploads\/2025\/09\/senadoarg45-768x477.png",640,398,true],"large":["https:\/\/nuevodigitaldeescobar.com.ar\/wp-content\/uploads\/2025\/09\/senadoarg45.png",640,398,false],"1536x1536":["https:\/\/nuevodigitaldeescobar.com.ar\/wp-content\/uploads\/2025\/09\/senadoarg45.png",835,519,false],"2048x2048":["https:\/\/nuevodigitaldeescobar.com.ar\/wp-content\/uploads\/2025\/09\/senadoarg45.png",835,519,false]},"author_info":{"display_name":"Redacci\u00f3n","author_link":"https:\/\/nuevodigitaldeescobar.com.ar\/?author=1"},"category_info":"<a href=\"https:\/\/nuevodigitaldeescobar.com.ar\/?cat=6\" rel=\"category\">Pol\u00edtica<\/a>","tag_info":"Pol\u00edtica","comment_count":"0","_links":{"self":[{"href":"https:\/\/nuevodigitaldeescobar.com.ar\/index.php?rest_route=\/wp\/v2\/posts\/17822","targetHints":{"allow":["GET"]}}],"collection":[{"href":"https:\/\/nuevodigitaldeescobar.com.ar\/index.php?rest_route=\/wp\/v2\/posts"}],"about":[{"href":"https:\/\/nuevodigitaldeescobar.com.ar\/index.php?rest_route=\/wp\/v2\/types\/post"}],"author":[{"embeddable":true,"href":"https:\/\/nuevodigitaldeescobar.com.ar\/index.php?rest_route=\/wp\/v2\/users\/1"}],"replies":[{"embeddable":true,"href":"https:\/\/nuevodigitaldeescobar.com.ar\/index.php?rest_route=%2Fwp%2Fv2%2Fcomments&post=17822"}],"version-history":[{"count":1,"href":"https:\/\/nuevodigitaldeescobar.com.ar\/index.php?rest_route=\/wp\/v2\/posts\/17822\/revisions"}],"predecessor-version":[{"id":17824,"href":"https:\/\/nuevodigitaldeescobar.com.ar\/index.php?rest_route=\/wp\/v2\/posts\/17822\/revisions\/17824"}],"wp:featuredmedia":[{"embeddable":true,"href":"https:\/\/nuevodigitaldeescobar.com.ar\/index.php?rest_route=\/wp\/v2\/media\/17823"}],"wp:attachment":[{"href":"https:\/\/nuevodigitaldeescobar.com.ar\/index.php?rest_route=%2Fwp%2Fv2%2Fmedia&parent=17822"}],"wp:term":[{"taxonomy":"category","embeddable":true,"href":"https:\/\/nuevodigitaldeescobar.com.ar\/index.php?rest_route=%2Fwp%2Fv2%2Fcategories&post=17822"},{"taxonomy":"post_tag","embeddable":true,"href":"https:\/\/nuevodigitaldeescobar.com.ar\/index.php?rest_route=%2Fwp%2Fv2%2Ftags&post=17822"}],"curies":[{"name":"wp","href":"https:\/\/api.w.org\/{rel}","templated":true}]}}