{"id":17875,"date":"2025-09-07T15:05:05","date_gmt":"2025-09-07T18:05:05","guid":{"rendered":"https:\/\/nuevodigitaldeescobar.com.ar\/?p=17875"},"modified":"2025-09-07T15:05:08","modified_gmt":"2025-09-07T18:05:08","slug":"accidente-en-el-limite-entre-matheu-y-belen","status":"publish","type":"post","link":"https:\/\/nuevodigitaldeescobar.com.ar\/?p=17875","title":{"rendered":"Accidente en el l\u00edmite entre Matheu y Bel\u00e9n"},"content":{"rendered":"\n<p>Durante la ma\u00f1ana de este domingo, una dotaci\u00f3n del destacamento de Bomberos Voluntarios de Matheu acudi\u00f3 a un accidente ocurrido en el l\u00edmite con Bel\u00e9n de Escobar.<\/p>\n\n\n\n<!--more-->\n\n\n\n<p>Seg\u00fan inform\u00f3 la instituci\u00f3n a trav\u00e9s de sus redes sociales, el hecho ocurri\u00f3 alrededor de las 11:00 en la intersecci\u00f3n de Ruta 25 y Sargento Cabral. El operativo estuvo a cargo del Comandante Horacio Romero.<\/p>\n\n\n\n<p>En el siniestro se vio involucrado un motociclista, quien fue asistido en el lugar. No trascendieron mayores detalles sobre su estado de salud ni sobre las causas que originaron el accidente.<\/p>\n\n\n\n<p>Bomberos recordaron la importancia de circular con precauci\u00f3n, especialmente en las arterias de alto tr\u00e1nsito que conectan a las distintas localidades del distrito.<\/p>\n","protected":false},"excerpt":{"rendered":"<p>Durante la ma\u00f1ana de este domingo, una dotaci\u00f3n del destacamento de Bomberos Voluntarios de Matheu acudi\u00f3 a un accidente ocurrido en el l\u00edmite con Bel\u00e9n [&hellip;]<\/p>\n","protected":false},"author":1,"featured_media":17876,"comment_status":"open","ping_status":"open","sticky":false,"template":"","format":"standard","meta":{"footnotes":""},"categories":[13],"tags":[],"class_list":["post-17875","post","type-post","status-publish","format-standard","has-post-thumbnail","hentry","category-policiales"],"better_featured_image":{"id":17876,"alt_text":"","caption":"","description":"","media_type":"image","media_details":{"width":719,"height":707,"file":"2025\/09\/544762558_1098720062391737_7573024607230076060_n-e1757268291339.jpg","filesize":118731,"sizes":{"medium":{"file":"544762558_1098720062391737_7573024607230076060_n-e1757268291339-300x295.jpg","width":300,"height":295,"mime-type":"image\/jpeg","filesize":20265,"source_url":"https:\/\/nuevodigitaldeescobar.com.ar\/wp-content\/uploads\/2025\/09\/544762558_1098720062391737_7573024607230076060_n-e1757268291339-300x295.jpg"},"large":{"file":"544762558_1098720062391737_7573024607230076060_n-576x1024.jpg","width":576,"height":1024,"mime-type":"image\/jpeg","filesize":99401,"source_url":"https:\/\/nuevodigitaldeescobar.com.ar\/wp-content\/uploads\/2025\/09\/544762558_1098720062391737_7573024607230076060_n-576x1024.jpg"},"thumbnail":{"file":"544762558_1098720062391737_7573024607230076060_n-e1757268291339-150x150.jpg","width":150,"height":150,"mime-type":"image\/jpeg","filesize":6744,"source_url":"https:\/\/nuevodigitaldeescobar.com.ar\/wp-content\/uploads\/2025\/09\/544762558_1098720062391737_7573024607230076060_n-e1757268291339-150x150.jpg"}},"image_meta":{"aperture":"0","credit":"","camera":"","caption":"","created_timestamp":"0","copyright":"","focal_length":"0","iso":"0","shutter_speed":"0","title":"","orientation":"0","keywords":[]}},"post":17875,"source_url":"https:\/\/nuevodigitaldeescobar.com.ar\/wp-content\/uploads\/2025\/09\/544762558_1098720062391737_7573024607230076060_n-e1757268291339.jpg"},"yoast_head":"<!-- This site is optimized with the Yoast SEO plugin v26.1.1 - https:\/\/yoast.com\/wordpress\/plugins\/seo\/ -->\n<title>Accidente en el l\u00edmite entre Matheu y Bel\u00e9n - Nuevo Digital de Escobar<\/title>\n<meta name=\"description\" content=\"Seg\u00fan inform\u00f3 el Destacamento de Bomberos, trav\u00e9s de sus redes sociales, el hecho ocurri\u00f3 alrededor de las 11:00 en la intersecci\u00f3n de Ruta 25 y Sargento Cabral. El operativo estuvo a cargo del Comandante Horacio Romero.\" \/>\n<meta name=\"robots\" content=\"index, follow, max-snippet:-1, max-image-preview:large, max-video-preview:-1\" \/>\n<link rel=\"canonical\" href=\"https:\/\/nuevodigitaldeescobar.com.ar\/?p=17875\" \/>\n<meta property=\"og:locale\" content=\"es_ES\" \/>\n<meta property=\"og:type\" content=\"article\" \/>\n<meta property=\"og:title\" content=\"Accidente en el l\u00edmite entre Matheu y Bel\u00e9n\" \/>\n<meta property=\"og:description\" content=\"Seg\u00fan inform\u00f3 el Destacamento de Bomberos, trav\u00e9s de sus redes sociales, el hecho ocurri\u00f3 alrededor de las 11:00 en la intersecci\u00f3n de Ruta 25 y Sargento Cabral. El operativo estuvo a cargo del Comandante Horacio Romero.\" \/>\n<meta property=\"og:url\" content=\"https:\/\/nuevodigitaldeescobar.com.ar\/?p=17875\" \/>\n<meta property=\"og:site_name\" content=\"Nuevo Digital de Escobar\" \/>\n<meta property=\"article:publisher\" content=\"https:\/\/www.facebook.com\/NUEVODigitalDeEscobar\" \/>\n<meta property=\"article:published_time\" content=\"2025-09-07T18:05:05+00:00\" \/>\n<meta property=\"article:modified_time\" content=\"2025-09-07T18:05:08+00:00\" \/>\n<meta property=\"og:image\" content=\"http:\/\/nuevodigitaldeescobar.com.ar\/wp-content\/uploads\/2025\/09\/544762558_1098720062391737_7573024607230076060_n-e1757268291339.jpg\" \/>\n\t<meta property=\"og:image:width\" content=\"719\" \/>\n\t<meta property=\"og:image:height\" content=\"707\" \/>\n\t<meta property=\"og:image:type\" content=\"image\/jpeg\" \/>\n<meta name=\"author\" content=\"Redacci\u00f3n\" \/>\n<meta name=\"twitter:card\" content=\"summary_large_image\" \/>\n<meta name=\"twitter:creator\" content=\"@nuevodigescobar\" \/>\n<meta name=\"twitter:site\" content=\"@nuevodigescobar\" \/>\n<meta name=\"twitter:label1\" content=\"Escrito por\" \/>\n\t<meta name=\"twitter:data1\" content=\"Redacci\u00f3n\" \/>\n\t<meta name=\"twitter:label2\" content=\"Tiempo de lectura\" \/>\n\t<meta name=\"twitter:data2\" content=\"1 minuto\" \/>\n<script type=\"application\/ld+json\" class=\"yoast-schema-graph\">{\"@context\":\"https:\/\/schema.org\",\"@graph\":[{\"@type\":\"Article\",\"@id\":\"https:\/\/nuevodigitaldeescobar.com.ar\/?p=17875#article\",\"isPartOf\":{\"@id\":\"https:\/\/nuevodigitaldeescobar.com.ar\/?p=17875\"},\"author\":{\"name\":\"Redacci\u00f3n\",\"@id\":\"https:\/\/nuevodigitaldeescobar.com.ar\/#\/schema\/person\/035e90a8efe9a80e6eec22656ad6ea4c\"},\"headline\":\"Accidente en el l\u00edmite entre Matheu y Bel\u00e9n\",\"datePublished\":\"2025-09-07T18:05:05+00:00\",\"dateModified\":\"2025-09-07T18:05:08+00:00\",\"mainEntityOfPage\":{\"@id\":\"https:\/\/nuevodigitaldeescobar.com.ar\/?p=17875\"},\"wordCount\":134,\"commentCount\":1,\"publisher\":{\"@id\":\"https:\/\/nuevodigitaldeescobar.com.ar\/#organization\"},\"image\":{\"@id\":\"https:\/\/nuevodigitaldeescobar.com.ar\/?p=17875#primaryimage\"},\"thumbnailUrl\":\"https:\/\/nuevodigitaldeescobar.com.ar\/wp-content\/uploads\/2025\/09\/544762558_1098720062391737_7573024607230076060_n-e1757268291339.jpg\",\"articleSection\":[\"Policiales\"],\"inLanguage\":\"es\",\"potentialAction\":[{\"@type\":\"CommentAction\",\"name\":\"Comment\",\"target\":[\"https:\/\/nuevodigitaldeescobar.com.ar\/?p=17875#respond\"]}]},{\"@type\":\"WebPage\",\"@id\":\"https:\/\/nuevodigitaldeescobar.com.ar\/?p=17875\",\"url\":\"https:\/\/nuevodigitaldeescobar.com.ar\/?p=17875\",\"name\":\"Accidente en el l\u00edmite entre Matheu y Bel\u00e9n - Nuevo Digital de Escobar\",\"isPartOf\":{\"@id\":\"https:\/\/nuevodigitaldeescobar.com.ar\/#website\"},\"primaryImageOfPage\":{\"@id\":\"https:\/\/nuevodigitaldeescobar.com.ar\/?p=17875#primaryimage\"},\"image\":{\"@id\":\"https:\/\/nuevodigitaldeescobar.com.ar\/?p=17875#primaryimage\"},\"thumbnailUrl\":\"https:\/\/nuevodigitaldeescobar.com.ar\/wp-content\/uploads\/2025\/09\/544762558_1098720062391737_7573024607230076060_n-e1757268291339.jpg\",\"datePublished\":\"2025-09-07T18:05:05+00:00\",\"dateModified\":\"2025-09-07T18:05:08+00:00\",\"description\":\"Seg\u00fan inform\u00f3 el Destacamento de Bomberos, trav\u00e9s de sus redes sociales, el hecho ocurri\u00f3 alrededor de las 11:00 en la intersecci\u00f3n de Ruta 25 y Sargento Cabral. El operativo estuvo a cargo del Comandante Horacio Romero.\",\"breadcrumb\":{\"@id\":\"https:\/\/nuevodigitaldeescobar.com.ar\/?p=17875#breadcrumb\"},\"inLanguage\":\"es\",\"potentialAction\":[{\"@type\":\"ReadAction\",\"target\":[\"https:\/\/nuevodigitaldeescobar.com.ar\/?p=17875\"]}]},{\"@type\":\"ImageObject\",\"inLanguage\":\"es\",\"@id\":\"https:\/\/nuevodigitaldeescobar.com.ar\/?p=17875#primaryimage\",\"url\":\"https:\/\/nuevodigitaldeescobar.com.ar\/wp-content\/uploads\/2025\/09\/544762558_1098720062391737_7573024607230076060_n-e1757268291339.jpg\",\"contentUrl\":\"https:\/\/nuevodigitaldeescobar.com.ar\/wp-content\/uploads\/2025\/09\/544762558_1098720062391737_7573024607230076060_n-e1757268291339.jpg\",\"width\":719,\"height\":707},{\"@type\":\"BreadcrumbList\",\"@id\":\"https:\/\/nuevodigitaldeescobar.com.ar\/?p=17875#breadcrumb\",\"itemListElement\":[{\"@type\":\"ListItem\",\"position\":1,\"name\":\"Portada\",\"item\":\"https:\/\/nuevodigitaldeescobar.com.ar\/\"},{\"@type\":\"ListItem\",\"position\":2,\"name\":\"Accidente en el l\u00edmite entre Matheu y Bel\u00e9n\"}]},{\"@type\":\"WebSite\",\"@id\":\"https:\/\/nuevodigitaldeescobar.com.ar\/#website\",\"url\":\"https:\/\/nuevodigitaldeescobar.com.ar\/\",\"name\":\"Nuevo Digital de Escobar\",\"description\":\"La vida escobarense. Directora: Rosana Brunner\",\"publisher\":{\"@id\":\"https:\/\/nuevodigitaldeescobar.com.ar\/#organization\"},\"potentialAction\":[{\"@type\":\"SearchAction\",\"target\":{\"@type\":\"EntryPoint\",\"urlTemplate\":\"https:\/\/nuevodigitaldeescobar.com.ar\/?s={search_term_string}\"},\"query-input\":{\"@type\":\"PropertyValueSpecification\",\"valueRequired\":true,\"valueName\":\"search_term_string\"}}],\"inLanguage\":\"es\"},{\"@type\":\"Organization\",\"@id\":\"https:\/\/nuevodigitaldeescobar.com.ar\/#organization\",\"name\":\"Nuevo Digital de Escobar\",\"url\":\"https:\/\/nuevodigitaldeescobar.com.ar\/\",\"logo\":{\"@type\":\"ImageObject\",\"inLanguage\":\"es\",\"@id\":\"https:\/\/nuevodigitaldeescobar.com.ar\/#\/schema\/logo\/image\/\",\"url\":\"https:\/\/nuevodigitaldeescobar.com.ar\/wp-content\/uploads\/2025\/05\/cropped-logo-nuevo2.jpg\",\"contentUrl\":\"https:\/\/nuevodigitaldeescobar.com.ar\/wp-content\/uploads\/2025\/05\/cropped-logo-nuevo2.jpg\",\"width\":305,\"height\":305,\"caption\":\"Nuevo Digital de Escobar\"},\"image\":{\"@id\":\"https:\/\/nuevodigitaldeescobar.com.ar\/#\/schema\/logo\/image\/\"},\"sameAs\":[\"https:\/\/www.facebook.com\/NUEVODigitalDeEscobar\",\"https:\/\/x.com\/nuevodigescobar\",\"https:\/\/www.instagram.com\/nuevodigitaldeescobar\"]},{\"@type\":\"Person\",\"@id\":\"https:\/\/nuevodigitaldeescobar.com.ar\/#\/schema\/person\/035e90a8efe9a80e6eec22656ad6ea4c\",\"name\":\"Redacci\u00f3n\",\"image\":{\"@type\":\"ImageObject\",\"inLanguage\":\"es\",\"@id\":\"https:\/\/nuevodigitaldeescobar.com.ar\/#\/schema\/person\/image\/\",\"url\":\"https:\/\/secure.gravatar.com\/avatar\/8af8f40000c24e9eef3034f2be5998a372bb1389e64b1a4a36b3a7979142220d?s=96&d=mm&r=g\",\"contentUrl\":\"https:\/\/secure.gravatar.com\/avatar\/8af8f40000c24e9eef3034f2be5998a372bb1389e64b1a4a36b3a7979142220d?s=96&d=mm&r=g\",\"caption\":\"Redacci\u00f3n\"},\"sameAs\":[\"http:\/\/nuevodigitaldeescobar.com.ar\"],\"url\":\"https:\/\/nuevodigitaldeescobar.com.ar\/?author=1\"}]}<\/script>\n<!-- \/ Yoast SEO plugin. -->","yoast_head_json":{"title":"Accidente en el l\u00edmite entre Matheu y Bel\u00e9n - Nuevo Digital de Escobar","description":"Seg\u00fan inform\u00f3 el Destacamento de Bomberos, trav\u00e9s de sus redes sociales, el hecho ocurri\u00f3 alrededor de las 11:00 en la intersecci\u00f3n de Ruta 25 y Sargento Cabral. El operativo estuvo a cargo del Comandante Horacio Romero.","robots":{"index":"index","follow":"follow","max-snippet":"max-snippet:-1","max-image-preview":"max-image-preview:large","max-video-preview":"max-video-preview:-1"},"canonical":"https:\/\/nuevodigitaldeescobar.com.ar\/?p=17875","og_locale":"es_ES","og_type":"article","og_title":"Accidente en el l\u00edmite entre Matheu y Bel\u00e9n","og_description":"Seg\u00fan inform\u00f3 el Destacamento de Bomberos, trav\u00e9s de sus redes sociales, el hecho ocurri\u00f3 alrededor de las 11:00 en la intersecci\u00f3n de Ruta 25 y Sargento Cabral. El operativo estuvo a cargo del Comandante Horacio Romero.","og_url":"https:\/\/nuevodigitaldeescobar.com.ar\/?p=17875","og_site_name":"Nuevo Digital de Escobar","article_publisher":"https:\/\/www.facebook.com\/NUEVODigitalDeEscobar","article_published_time":"2025-09-07T18:05:05+00:00","article_modified_time":"2025-09-07T18:05:08+00:00","og_image":[{"width":719,"height":707,"url":"http:\/\/nuevodigitaldeescobar.com.ar\/wp-content\/uploads\/2025\/09\/544762558_1098720062391737_7573024607230076060_n-e1757268291339.jpg","type":"image\/jpeg"}],"author":"Redacci\u00f3n","twitter_card":"summary_large_image","twitter_creator":"@nuevodigescobar","twitter_site":"@nuevodigescobar","twitter_misc":{"Escrito por":"Redacci\u00f3n","Tiempo de lectura":"1 minuto"},"schema":{"@context":"https:\/\/schema.org","@graph":[{"@type":"Article","@id":"https:\/\/nuevodigitaldeescobar.com.ar\/?p=17875#article","isPartOf":{"@id":"https:\/\/nuevodigitaldeescobar.com.ar\/?p=17875"},"author":{"name":"Redacci\u00f3n","@id":"https:\/\/nuevodigitaldeescobar.com.ar\/#\/schema\/person\/035e90a8efe9a80e6eec22656ad6ea4c"},"headline":"Accidente en el l\u00edmite entre Matheu y Bel\u00e9n","datePublished":"2025-09-07T18:05:05+00:00","dateModified":"2025-09-07T18:05:08+00:00","mainEntityOfPage":{"@id":"https:\/\/nuevodigitaldeescobar.com.ar\/?p=17875"},"wordCount":134,"commentCount":1,"publisher":{"@id":"https:\/\/nuevodigitaldeescobar.com.ar\/#organization"},"image":{"@id":"https:\/\/nuevodigitaldeescobar.com.ar\/?p=17875#primaryimage"},"thumbnailUrl":"https:\/\/nuevodigitaldeescobar.com.ar\/wp-content\/uploads\/2025\/09\/544762558_1098720062391737_7573024607230076060_n-e1757268291339.jpg","articleSection":["Policiales"],"inLanguage":"es","potentialAction":[{"@type":"CommentAction","name":"Comment","target":["https:\/\/nuevodigitaldeescobar.com.ar\/?p=17875#respond"]}]},{"@type":"WebPage","@id":"https:\/\/nuevodigitaldeescobar.com.ar\/?p=17875","url":"https:\/\/nuevodigitaldeescobar.com.ar\/?p=17875","name":"Accidente en el l\u00edmite entre Matheu y Bel\u00e9n - Nuevo Digital de Escobar","isPartOf":{"@id":"https:\/\/nuevodigitaldeescobar.com.ar\/#website"},"primaryImageOfPage":{"@id":"https:\/\/nuevodigitaldeescobar.com.ar\/?p=17875#primaryimage"},"image":{"@id":"https:\/\/nuevodigitaldeescobar.com.ar\/?p=17875#primaryimage"},"thumbnailUrl":"https:\/\/nuevodigitaldeescobar.com.ar\/wp-content\/uploads\/2025\/09\/544762558_1098720062391737_7573024607230076060_n-e1757268291339.jpg","datePublished":"2025-09-07T18:05:05+00:00","dateModified":"2025-09-07T18:05:08+00:00","description":"Seg\u00fan inform\u00f3 el Destacamento de Bomberos, trav\u00e9s de sus redes sociales, el hecho ocurri\u00f3 alrededor de las 11:00 en la intersecci\u00f3n de Ruta 25 y Sargento Cabral. El operativo estuvo a cargo del Comandante Horacio Romero.","breadcrumb":{"@id":"https:\/\/nuevodigitaldeescobar.com.ar\/?p=17875#breadcrumb"},"inLanguage":"es","potentialAction":[{"@type":"ReadAction","target":["https:\/\/nuevodigitaldeescobar.com.ar\/?p=17875"]}]},{"@type":"ImageObject","inLanguage":"es","@id":"https:\/\/nuevodigitaldeescobar.com.ar\/?p=17875#primaryimage","url":"https:\/\/nuevodigitaldeescobar.com.ar\/wp-content\/uploads\/2025\/09\/544762558_1098720062391737_7573024607230076060_n-e1757268291339.jpg","contentUrl":"https:\/\/nuevodigitaldeescobar.com.ar\/wp-content\/uploads\/2025\/09\/544762558_1098720062391737_7573024607230076060_n-e1757268291339.jpg","width":719,"height":707},{"@type":"BreadcrumbList","@id":"https:\/\/nuevodigitaldeescobar.com.ar\/?p=17875#breadcrumb","itemListElement":[{"@type":"ListItem","position":1,"name":"Portada","item":"https:\/\/nuevodigitaldeescobar.com.ar\/"},{"@type":"ListItem","position":2,"name":"Accidente en el l\u00edmite entre Matheu y Bel\u00e9n"}]},{"@type":"WebSite","@id":"https:\/\/nuevodigitaldeescobar.com.ar\/#website","url":"https:\/\/nuevodigitaldeescobar.com.ar\/","name":"Nuevo Digital de Escobar","description":"La vida escobarense. Directora: Rosana Brunner","publisher":{"@id":"https:\/\/nuevodigitaldeescobar.com.ar\/#organization"},"potentialAction":[{"@type":"SearchAction","target":{"@type":"EntryPoint","urlTemplate":"https:\/\/nuevodigitaldeescobar.com.ar\/?s={search_term_string}"},"query-input":{"@type":"PropertyValueSpecification","valueRequired":true,"valueName":"search_term_string"}}],"inLanguage":"es"},{"@type":"Organization","@id":"https:\/\/nuevodigitaldeescobar.com.ar\/#organization","name":"Nuevo Digital de Escobar","url":"https:\/\/nuevodigitaldeescobar.com.ar\/","logo":{"@type":"ImageObject","inLanguage":"es","@id":"https:\/\/nuevodigitaldeescobar.com.ar\/#\/schema\/logo\/image\/","url":"https:\/\/nuevodigitaldeescobar.com.ar\/wp-content\/uploads\/2025\/05\/cropped-logo-nuevo2.jpg","contentUrl":"https:\/\/nuevodigitaldeescobar.com.ar\/wp-content\/uploads\/2025\/05\/cropped-logo-nuevo2.jpg","width":305,"height":305,"caption":"Nuevo Digital de Escobar"},"image":{"@id":"https:\/\/nuevodigitaldeescobar.com.ar\/#\/schema\/logo\/image\/"},"sameAs":["https:\/\/www.facebook.com\/NUEVODigitalDeEscobar","https:\/\/x.com\/nuevodigescobar","https:\/\/www.instagram.com\/nuevodigitaldeescobar"]},{"@type":"Person","@id":"https:\/\/nuevodigitaldeescobar.com.ar\/#\/schema\/person\/035e90a8efe9a80e6eec22656ad6ea4c","name":"Redacci\u00f3n","image":{"@type":"ImageObject","inLanguage":"es","@id":"https:\/\/nuevodigitaldeescobar.com.ar\/#\/schema\/person\/image\/","url":"https:\/\/secure.gravatar.com\/avatar\/8af8f40000c24e9eef3034f2be5998a372bb1389e64b1a4a36b3a7979142220d?s=96&d=mm&r=g","contentUrl":"https:\/\/secure.gravatar.com\/avatar\/8af8f40000c24e9eef3034f2be5998a372bb1389e64b1a4a36b3a7979142220d?s=96&d=mm&r=g","caption":"Redacci\u00f3n"},"sameAs":["http:\/\/nuevodigitaldeescobar.com.ar"],"url":"https:\/\/nuevodigitaldeescobar.com.ar\/?author=1"}]}},"featured_image_urls":{"full":["https:\/\/nuevodigitaldeescobar.com.ar\/wp-content\/uploads\/2025\/09\/544762558_1098720062391737_7573024607230076060_n-e1757268291339.jpg",719,707,false],"thumbnail":["https:\/\/nuevodigitaldeescobar.com.ar\/wp-content\/uploads\/2025\/09\/544762558_1098720062391737_7573024607230076060_n-e1757268291339-150x150.jpg",150,150,true],"medium":["https:\/\/nuevodigitaldeescobar.com.ar\/wp-content\/uploads\/2025\/09\/544762558_1098720062391737_7573024607230076060_n-e1757268291339-300x295.jpg",300,295,true],"medium_large":["https:\/\/nuevodigitaldeescobar.com.ar\/wp-content\/uploads\/2025\/09\/544762558_1098720062391737_7573024607230076060_n-e1757268291339.jpg",640,629,false],"large":["https:\/\/nuevodigitaldeescobar.com.ar\/wp-content\/uploads\/2025\/09\/544762558_1098720062391737_7573024607230076060_n-576x1024.jpg",576,1024,true],"1536x1536":["https:\/\/nuevodigitaldeescobar.com.ar\/wp-content\/uploads\/2025\/09\/544762558_1098720062391737_7573024607230076060_n-e1757268291339.jpg",719,707,false],"2048x2048":["https:\/\/nuevodigitaldeescobar.com.ar\/wp-content\/uploads\/2025\/09\/544762558_1098720062391737_7573024607230076060_n-e1757268291339.jpg",719,707,false]},"author_info":{"display_name":"Redacci\u00f3n","author_link":"https:\/\/nuevodigitaldeescobar.com.ar\/?author=1"},"category_info":"<a href=\"https:\/\/nuevodigitaldeescobar.com.ar\/?cat=13\" rel=\"category\">Policiales<\/a>","tag_info":"Policiales","comment_count":"1","_links":{"self":[{"href":"https:\/\/nuevodigitaldeescobar.com.ar\/index.php?rest_route=\/wp\/v2\/posts\/17875","targetHints":{"allow":["GET"]}}],"collection":[{"href":"https:\/\/nuevodigitaldeescobar.com.ar\/index.php?rest_route=\/wp\/v2\/posts"}],"about":[{"href":"https:\/\/nuevodigitaldeescobar.com.ar\/index.php?rest_route=\/wp\/v2\/types\/post"}],"author":[{"embeddable":true,"href":"https:\/\/nuevodigitaldeescobar.com.ar\/index.php?rest_route=\/wp\/v2\/users\/1"}],"replies":[{"embeddable":true,"href":"https:\/\/nuevodigitaldeescobar.com.ar\/index.php?rest_route=%2Fwp%2Fv2%2Fcomments&post=17875"}],"version-history":[{"count":1,"href":"https:\/\/nuevodigitaldeescobar.com.ar\/index.php?rest_route=\/wp\/v2\/posts\/17875\/revisions"}],"predecessor-version":[{"id":17877,"href":"https:\/\/nuevodigitaldeescobar.com.ar\/index.php?rest_route=\/wp\/v2\/posts\/17875\/revisions\/17877"}],"wp:featuredmedia":[{"embeddable":true,"href":"https:\/\/nuevodigitaldeescobar.com.ar\/index.php?rest_route=\/wp\/v2\/media\/17876"}],"wp:attachment":[{"href":"https:\/\/nuevodigitaldeescobar.com.ar\/index.php?rest_route=%2Fwp%2Fv2%2Fmedia&parent=17875"}],"wp:term":[{"taxonomy":"category","embeddable":true,"href":"https:\/\/nuevodigitaldeescobar.com.ar\/index.php?rest_route=%2Fwp%2Fv2%2Fcategories&post=17875"},{"taxonomy":"post_tag","embeddable":true,"href":"https:\/\/nuevodigitaldeescobar.com.ar\/index.php?rest_route=%2Fwp%2Fv2%2Ftags&post=17875"}],"curies":[{"name":"wp","href":"https:\/\/api.w.org\/{rel}","templated":true}]}}