{"id":1789,"date":"2023-12-13T07:00:00","date_gmt":"2023-12-13T10:00:00","guid":{"rendered":"https:\/\/nuevodigitaldeescobar.com.ar\/?p=1789"},"modified":"2023-12-12T21:40:43","modified_gmt":"2023-12-13T00:40:43","slug":"la-justicia-investiga-a-uno-de-los-hijos-de-insaurralde-porque-sospecha-que-oculta-parte-de-su-patrimonio","status":"publish","type":"post","link":"https:\/\/nuevodigitaldeescobar.com.ar\/?p=1789","title":{"rendered":"La Justicia investiga a uno de los hijos de Insaurralde porque sospecha que oculta parte de su patrimonio"},"content":{"rendered":"<p><span style=\"color: #003366;\"><strong><em>El juez Ernesto Kreplak dispuso la medida a partir del entramado de empresas que ambos integran. Por ahora no est\u00e1 imputado en la causa por presunto enriquecimiento il\u00edcito y lavado de dinero.<\/em><\/strong><\/span><\/p>\n<p><!--more--><\/p>\n<hr \/>\n<p>La investigaci\u00f3n que lleva adelante el juez Ernesto Kreplak y el fiscal Sergio Mola en el marco de la causa por supuesto enriquecimiento il\u00edcito y lavado de dinero Mart\u00edn Insaurralde dispuso una nueva medida en las \u00faltimas horas: abrir las cuentas de Mart\u00edn Luciano Insaurralde, hijo del ex intendente de Lomas de Zamora, con el prop\u00f3sito de saber si oculta o no parte del patrimonio de su pap\u00e1.<\/p>\n<p>Kreplak dispuso levantar el secreto bancario a partir de la solicitud de la fiscal\u00eda. <em>\u201cFormalmente no est\u00e1 imputado, pero s\u00ed se los investiga por el entramado de empresas que integran\u201d<\/em>, indic\u00f3 una fuente judicial.<\/p>\n<p>La investigaci\u00f3n contra Insaurralde y Jesica Cirio suma nuevos elementos: la Justicia detect\u00f3 en las \u00faltimas horas que un empresario del juego les pag\u00f3 a ambos un vuelo privado a Uruguay que tuvo un costo superior a los 7000 d\u00f3lares.<\/p>\n<p>Seg\u00fan se pudo saber, el viaje ocurri\u00f3 el 7 de noviembre de 2013, cuando Insaurralde y Cirio partieron desde el aeropuerto de San Fernando en una aeronave de matr\u00edcula LV-BFR con destino al pa\u00eds vecino. En Uruguay solo estuvieron 24 horas ya que regresaron al d\u00eda siguiente.<\/p>\n<h3><span style=\"color: #003366;\"><strong>C\u00f3mo vivieron los hijos de Insaurralde el esc\u00e1ndalo del \u201cYategate\u201d<\/strong><\/span><\/h3>\n<p>Desde el entorno del exjefe de Gabinete bonaerense se habl\u00f3 de <em>\u201cdolor y decepci\u00f3n\u201d<\/em> al conocer el esc\u00e1ndalo protagonizado por Mart\u00edn Insaurralde, desatado a comienzos de octubre de este a\u00f1o.<\/p>\n<figure id=\"attachment_1790\" aria-describedby=\"caption-attachment-1790\" style=\"width: 720px\" class=\"wp-caption alignnone\"><img fetchpriority=\"high\" decoding=\"async\" class=\"size-full wp-image-1790\" src=\"http:\/\/nuevodigitaldeescobar.com.ar\/wp-content\/uploads\/2023\/12\/insaurralde-e-hijos.jpg\" alt=\"\" width=\"720\" height=\"404\" srcset=\"https:\/\/nuevodigitaldeescobar.com.ar\/wp-content\/uploads\/2023\/12\/insaurralde-e-hijos.jpg 720w, https:\/\/nuevodigitaldeescobar.com.ar\/wp-content\/uploads\/2023\/12\/insaurralde-e-hijos-300x168.jpg 300w\" sizes=\"(max-width: 720px) 100vw, 720px\" \/><figcaption id=\"caption-attachment-1790\" class=\"wp-caption-text\">Mart\u00edn Insaurralde junto a sus hijos m\u00e1s grandes, Mart\u00edn y Rodrigo (Foto: Twitter @minsaurralde).<\/figcaption><\/figure>\n<p>Desde que todo sali\u00f3 a la luz, se pudo saber que ambos permanecieron muy afectados luego de que se conocieran los hechos. <em>\u201cLes duele mucho lo que est\u00e1 pasando, pero no est\u00e1n en un papel de v\u00edctimas. Saben lo que sucede y se van a bancar lo que viene, pero no se van a hacer cargo de algo que desconoc\u00edan ni de acciones que no cometieron\u201d<\/em>, explic\u00f3 una persona que mantiene di\u00e1logo con ellos.<\/p>\n<p>Respecto a la relaci\u00f3n de su pap\u00e1 con Clerici, aseguran que ninguno de los hijos sab\u00eda del v\u00ednculo. Mucho menos del viaje entre ellos y del contenido que, tras publicarse y viralizarse, ocasion\u00f3 la renuncia de Insaurralde a la jefatura de Gabinete bonaerense y a la candidatura a concejal de Lomas de Zamora.<\/p>\n<h3><span style=\"color: #003366;\"><strong>La Justicia no logra desbloquear dos celulares de Sof\u00eda Clerici y busca un iPhone que trajo de Espa\u00f1a<\/strong><\/span><\/h3>\n<p>El martes 24 de octubre, la Polic\u00eda Federal lleg\u00f3 hasta la vivienda de la modelo en un country en Nordelta. All\u00ed, adem\u00e1s de los casi 600 mil d\u00f3lares, secuestr\u00f3 dos celulares: un Iphone 11 y 13. Seg\u00fan se pudo saber, el programa que utiliza la Gendarmer\u00eda nacional no logra descifrar la clave del tel\u00e9fono. <em>\u201cNo lo cubre\u201d<\/em>, sentenci\u00f3 una fuente del caso. Los procedimientos se dan en el marco del expediente que investiga el supuesto lavado de dinero y enriquecimiento il\u00edcito de Insaurralde, Clerici y Jesica Cirio.<\/p>\n<figure id=\"attachment_1791\" aria-describedby=\"caption-attachment-1791\" style=\"width: 720px\" class=\"wp-caption alignnone\"><img decoding=\"async\" class=\"size-full wp-image-1791\" src=\"http:\/\/nuevodigitaldeescobar.com.ar\/wp-content\/uploads\/2023\/12\/sofia-clerici.jpg\" alt=\"\" width=\"720\" height=\"404\" srcset=\"https:\/\/nuevodigitaldeescobar.com.ar\/wp-content\/uploads\/2023\/12\/sofia-clerici.jpg 720w, https:\/\/nuevodigitaldeescobar.com.ar\/wp-content\/uploads\/2023\/12\/sofia-clerici-300x168.jpg 300w\" sizes=\"(max-width: 720px) 100vw, 720px\" \/><figcaption id=\"caption-attachment-1791\" class=\"wp-caption-text\">La Polic\u00eda Federal investiga los celulares de Sof\u00eda Clerici (Foto: Instagram \/sofiaclericiok).<\/figcaption><\/figure>\n<p>Esta fuerza utiliza el Universal Forensic Extraction Devide (UFED), de origen israel\u00ed, fabricado por la compa\u00f1\u00eda Cellebrite. El programa lo que hace es intentar obtener informaci\u00f3n almacenada en dispositivos digitales y que pueda estar resguardada por una contrase\u00f1a. El sistema ensaya contrase\u00f1as hasta dar con la correcta, pero en este caso, el software encuentra dificultades para romper la barrera de ese modelo de Iphone, que no es de los m\u00e1s modernos.<\/p>\n<p>En este contexto, hay un dato no menor: cuando Sof\u00eda Clerici regres\u00f3 de Espa\u00f1a el pasado 21 de septiembre, las autoridades de la Aduana detectaron que por el escaner pas\u00f3 un tel\u00e9fono celular nuevo, que no es ni el Iphone 11 o 13 secuestrados en su casa. Los investigadores no saben d\u00f3nde est\u00e1 ese aparato, que podr\u00eda ser clave para la causa.<\/p>\n<p><em>(TN)<\/em><\/p>\n","protected":false},"excerpt":{"rendered":"<p>El juez Ernesto Kreplak dispuso la medida a partir del entramado de empresas que ambos integran. Por ahora no est\u00e1 imputado en la causa por [&hellip;]<\/p>\n","protected":false},"author":1,"featured_media":1792,"comment_status":"open","ping_status":"closed","sticky":false,"template":"","format":"standard","meta":{"footnotes":""},"categories":[13],"tags":[],"class_list":["post-1789","post","type-post","status-publish","format-standard","has-post-thumbnail","hentry","category-policiales"],"better_featured_image":{"id":1792,"alt_text":"","caption":"","description":"","media_type":"image","media_details":{"width":720,"height":404,"file":"2023\/12\/insaurralde.jpg","filesize":36548,"sizes":{"medium":{"file":"insaurralde-300x168.jpg","width":300,"height":168,"mime-type":"image\/jpeg","filesize":12863,"source_url":"https:\/\/nuevodigitaldeescobar.com.ar\/wp-content\/uploads\/2023\/12\/insaurralde-300x168.jpg"},"thumbnail":{"file":"insaurralde-150x150.jpg","width":150,"height":150,"mime-type":"image\/jpeg","filesize":8410,"source_url":"https:\/\/nuevodigitaldeescobar.com.ar\/wp-content\/uploads\/2023\/12\/insaurralde-150x150.jpg"},"covernews-medium":{"file":"insaurralde-540x340.jpg","width":540,"height":340,"mime-type":"image\/jpeg","filesize":27697,"source_url":"https:\/\/nuevodigitaldeescobar.com.ar\/wp-content\/uploads\/2023\/12\/insaurralde-540x340.jpg"},"covernews-medium-square":{"file":"insaurralde-400x250.jpg","width":400,"height":250,"mime-type":"image\/jpeg","filesize":19093,"source_url":"https:\/\/nuevodigitaldeescobar.com.ar\/wp-content\/uploads\/2023\/12\/insaurralde-400x250.jpg"}},"image_meta":{"aperture":"0","credit":"","camera":"","caption":"","created_timestamp":"0","copyright":"","focal_length":"0","iso":"0","shutter_speed":"0","title":"","orientation":"0","keywords":[]}},"post":1789,"source_url":"https:\/\/nuevodigitaldeescobar.com.ar\/wp-content\/uploads\/2023\/12\/insaurralde.jpg"},"yoast_head":"<!-- This site is optimized with the Yoast SEO plugin v26.1.1 - https:\/\/yoast.com\/wordpress\/plugins\/seo\/ -->\n<title>La Justicia investiga a uno de los hijos de Insaurralde porque sospecha que oculta parte de su patrimonio - Nuevo Digital de Escobar<\/title>\n<meta name=\"robots\" content=\"index, follow, max-snippet:-1, max-image-preview:large, max-video-preview:-1\" \/>\n<link rel=\"canonical\" href=\"https:\/\/nuevodigitaldeescobar.com.ar\/?p=1789\" \/>\n<meta property=\"og:locale\" content=\"es_ES\" \/>\n<meta property=\"og:type\" content=\"article\" \/>\n<meta property=\"og:title\" content=\"La Justicia investiga a uno de los hijos de Insaurralde porque sospecha que oculta parte de su patrimonio - Nuevo Digital de Escobar\" \/>\n<meta property=\"og:description\" content=\"El juez Ernesto Kreplak dispuso la medida a partir del entramado de empresas que ambos integran. Por ahora no est\u00e1 imputado en la causa por [&hellip;]\" \/>\n<meta property=\"og:url\" content=\"https:\/\/nuevodigitaldeescobar.com.ar\/?p=1789\" \/>\n<meta property=\"og:site_name\" content=\"Nuevo Digital de Escobar\" \/>\n<meta property=\"article:publisher\" content=\"https:\/\/www.facebook.com\/NUEVODigitalDeEscobar\" \/>\n<meta property=\"article:published_time\" content=\"2023-12-13T10:00:00+00:00\" \/>\n<meta property=\"og:image\" content=\"https:\/\/nuevodigitaldeescobar.com.ar\/wp-content\/uploads\/2023\/12\/insaurralde.jpg\" \/>\n\t<meta property=\"og:image:width\" content=\"720\" \/>\n\t<meta property=\"og:image:height\" content=\"404\" \/>\n\t<meta property=\"og:image:type\" content=\"image\/jpeg\" \/>\n<meta name=\"author\" content=\"Redacci\u00f3n\" \/>\n<meta name=\"twitter:card\" content=\"summary_large_image\" \/>\n<meta name=\"twitter:creator\" content=\"@nuevodigescobar\" \/>\n<meta name=\"twitter:site\" content=\"@nuevodigescobar\" \/>\n<meta name=\"twitter:label1\" content=\"Escrito por\" \/>\n\t<meta name=\"twitter:data1\" content=\"Redacci\u00f3n\" \/>\n\t<meta name=\"twitter:label2\" content=\"Tiempo de lectura\" \/>\n\t<meta name=\"twitter:data2\" content=\"4 minutos\" \/>\n<script type=\"application\/ld+json\" class=\"yoast-schema-graph\">{\"@context\":\"https:\/\/schema.org\",\"@graph\":[{\"@type\":\"Article\",\"@id\":\"https:\/\/nuevodigitaldeescobar.com.ar\/?p=1789#article\",\"isPartOf\":{\"@id\":\"https:\/\/nuevodigitaldeescobar.com.ar\/?p=1789\"},\"author\":{\"name\":\"Redacci\u00f3n\",\"@id\":\"https:\/\/nuevodigitaldeescobar.com.ar\/#\/schema\/person\/035e90a8efe9a80e6eec22656ad6ea4c\"},\"headline\":\"La Justicia investiga a uno de los hijos de Insaurralde porque sospecha que oculta parte de su patrimonio\",\"datePublished\":\"2023-12-13T10:00:00+00:00\",\"mainEntityOfPage\":{\"@id\":\"https:\/\/nuevodigitaldeescobar.com.ar\/?p=1789\"},\"wordCount\":724,\"commentCount\":0,\"publisher\":{\"@id\":\"https:\/\/nuevodigitaldeescobar.com.ar\/#organization\"},\"image\":{\"@id\":\"https:\/\/nuevodigitaldeescobar.com.ar\/?p=1789#primaryimage\"},\"thumbnailUrl\":\"https:\/\/nuevodigitaldeescobar.com.ar\/wp-content\/uploads\/2023\/12\/insaurralde.jpg\",\"articleSection\":[\"Policiales\"],\"inLanguage\":\"es\",\"potentialAction\":[{\"@type\":\"CommentAction\",\"name\":\"Comment\",\"target\":[\"https:\/\/nuevodigitaldeescobar.com.ar\/?p=1789#respond\"]}]},{\"@type\":\"WebPage\",\"@id\":\"https:\/\/nuevodigitaldeescobar.com.ar\/?p=1789\",\"url\":\"https:\/\/nuevodigitaldeescobar.com.ar\/?p=1789\",\"name\":\"La Justicia investiga a uno de los hijos de Insaurralde porque sospecha que oculta parte de su patrimonio - Nuevo Digital de Escobar\",\"isPartOf\":{\"@id\":\"https:\/\/nuevodigitaldeescobar.com.ar\/#website\"},\"primaryImageOfPage\":{\"@id\":\"https:\/\/nuevodigitaldeescobar.com.ar\/?p=1789#primaryimage\"},\"image\":{\"@id\":\"https:\/\/nuevodigitaldeescobar.com.ar\/?p=1789#primaryimage\"},\"thumbnailUrl\":\"https:\/\/nuevodigitaldeescobar.com.ar\/wp-content\/uploads\/2023\/12\/insaurralde.jpg\",\"datePublished\":\"2023-12-13T10:00:00+00:00\",\"breadcrumb\":{\"@id\":\"https:\/\/nuevodigitaldeescobar.com.ar\/?p=1789#breadcrumb\"},\"inLanguage\":\"es\",\"potentialAction\":[{\"@type\":\"ReadAction\",\"target\":[\"https:\/\/nuevodigitaldeescobar.com.ar\/?p=1789\"]}]},{\"@type\":\"ImageObject\",\"inLanguage\":\"es\",\"@id\":\"https:\/\/nuevodigitaldeescobar.com.ar\/?p=1789#primaryimage\",\"url\":\"https:\/\/nuevodigitaldeescobar.com.ar\/wp-content\/uploads\/2023\/12\/insaurralde.jpg\",\"contentUrl\":\"https:\/\/nuevodigitaldeescobar.com.ar\/wp-content\/uploads\/2023\/12\/insaurralde.jpg\",\"width\":720,\"height\":404},{\"@type\":\"BreadcrumbList\",\"@id\":\"https:\/\/nuevodigitaldeescobar.com.ar\/?p=1789#breadcrumb\",\"itemListElement\":[{\"@type\":\"ListItem\",\"position\":1,\"name\":\"Portada\",\"item\":\"https:\/\/nuevodigitaldeescobar.com.ar\/\"},{\"@type\":\"ListItem\",\"position\":2,\"name\":\"La Justicia investiga a uno de los hijos de Insaurralde porque sospecha que oculta parte de su patrimonio\"}]},{\"@type\":\"WebSite\",\"@id\":\"https:\/\/nuevodigitaldeescobar.com.ar\/#website\",\"url\":\"https:\/\/nuevodigitaldeescobar.com.ar\/\",\"name\":\"Nuevo Digital de Escobar\",\"description\":\"La vida escobarense. Directora: Rosana Brunner\",\"publisher\":{\"@id\":\"https:\/\/nuevodigitaldeescobar.com.ar\/#organization\"},\"potentialAction\":[{\"@type\":\"SearchAction\",\"target\":{\"@type\":\"EntryPoint\",\"urlTemplate\":\"https:\/\/nuevodigitaldeescobar.com.ar\/?s={search_term_string}\"},\"query-input\":{\"@type\":\"PropertyValueSpecification\",\"valueRequired\":true,\"valueName\":\"search_term_string\"}}],\"inLanguage\":\"es\"},{\"@type\":\"Organization\",\"@id\":\"https:\/\/nuevodigitaldeescobar.com.ar\/#organization\",\"name\":\"Nuevo Digital de Escobar\",\"url\":\"https:\/\/nuevodigitaldeescobar.com.ar\/\",\"logo\":{\"@type\":\"ImageObject\",\"inLanguage\":\"es\",\"@id\":\"https:\/\/nuevodigitaldeescobar.com.ar\/#\/schema\/logo\/image\/\",\"url\":\"https:\/\/nuevodigitaldeescobar.com.ar\/wp-content\/uploads\/2025\/05\/cropped-logo-nuevo2.jpg\",\"contentUrl\":\"https:\/\/nuevodigitaldeescobar.com.ar\/wp-content\/uploads\/2025\/05\/cropped-logo-nuevo2.jpg\",\"width\":305,\"height\":305,\"caption\":\"Nuevo Digital de Escobar\"},\"image\":{\"@id\":\"https:\/\/nuevodigitaldeescobar.com.ar\/#\/schema\/logo\/image\/\"},\"sameAs\":[\"https:\/\/www.facebook.com\/NUEVODigitalDeEscobar\",\"https:\/\/x.com\/nuevodigescobar\",\"https:\/\/www.instagram.com\/nuevodigitaldeescobar\"]},{\"@type\":\"Person\",\"@id\":\"https:\/\/nuevodigitaldeescobar.com.ar\/#\/schema\/person\/035e90a8efe9a80e6eec22656ad6ea4c\",\"name\":\"Redacci\u00f3n\",\"image\":{\"@type\":\"ImageObject\",\"inLanguage\":\"es\",\"@id\":\"https:\/\/nuevodigitaldeescobar.com.ar\/#\/schema\/person\/image\/\",\"url\":\"https:\/\/secure.gravatar.com\/avatar\/8af8f40000c24e9eef3034f2be5998a372bb1389e64b1a4a36b3a7979142220d?s=96&d=mm&r=g\",\"contentUrl\":\"https:\/\/secure.gravatar.com\/avatar\/8af8f40000c24e9eef3034f2be5998a372bb1389e64b1a4a36b3a7979142220d?s=96&d=mm&r=g\",\"caption\":\"Redacci\u00f3n\"},\"sameAs\":[\"http:\/\/nuevodigitaldeescobar.com.ar\"],\"url\":\"https:\/\/nuevodigitaldeescobar.com.ar\/?author=1\"}]}<\/script>\n<!-- \/ Yoast SEO plugin. -->","yoast_head_json":{"title":"La Justicia investiga a uno de los hijos de Insaurralde porque sospecha que oculta parte de su patrimonio - Nuevo Digital de Escobar","robots":{"index":"index","follow":"follow","max-snippet":"max-snippet:-1","max-image-preview":"max-image-preview:large","max-video-preview":"max-video-preview:-1"},"canonical":"https:\/\/nuevodigitaldeescobar.com.ar\/?p=1789","og_locale":"es_ES","og_type":"article","og_title":"La Justicia investiga a uno de los hijos de Insaurralde porque sospecha que oculta parte de su patrimonio - Nuevo Digital de Escobar","og_description":"El juez Ernesto Kreplak dispuso la medida a partir del entramado de empresas que ambos integran. Por ahora no est\u00e1 imputado en la causa por [&hellip;]","og_url":"https:\/\/nuevodigitaldeescobar.com.ar\/?p=1789","og_site_name":"Nuevo Digital de Escobar","article_publisher":"https:\/\/www.facebook.com\/NUEVODigitalDeEscobar","article_published_time":"2023-12-13T10:00:00+00:00","og_image":[{"width":720,"height":404,"url":"https:\/\/nuevodigitaldeescobar.com.ar\/wp-content\/uploads\/2023\/12\/insaurralde.jpg","type":"image\/jpeg"}],"author":"Redacci\u00f3n","twitter_card":"summary_large_image","twitter_creator":"@nuevodigescobar","twitter_site":"@nuevodigescobar","twitter_misc":{"Escrito por":"Redacci\u00f3n","Tiempo de lectura":"4 minutos"},"schema":{"@context":"https:\/\/schema.org","@graph":[{"@type":"Article","@id":"https:\/\/nuevodigitaldeescobar.com.ar\/?p=1789#article","isPartOf":{"@id":"https:\/\/nuevodigitaldeescobar.com.ar\/?p=1789"},"author":{"name":"Redacci\u00f3n","@id":"https:\/\/nuevodigitaldeescobar.com.ar\/#\/schema\/person\/035e90a8efe9a80e6eec22656ad6ea4c"},"headline":"La Justicia investiga a uno de los hijos de Insaurralde porque sospecha que oculta parte de su patrimonio","datePublished":"2023-12-13T10:00:00+00:00","mainEntityOfPage":{"@id":"https:\/\/nuevodigitaldeescobar.com.ar\/?p=1789"},"wordCount":724,"commentCount":0,"publisher":{"@id":"https:\/\/nuevodigitaldeescobar.com.ar\/#organization"},"image":{"@id":"https:\/\/nuevodigitaldeescobar.com.ar\/?p=1789#primaryimage"},"thumbnailUrl":"https:\/\/nuevodigitaldeescobar.com.ar\/wp-content\/uploads\/2023\/12\/insaurralde.jpg","articleSection":["Policiales"],"inLanguage":"es","potentialAction":[{"@type":"CommentAction","name":"Comment","target":["https:\/\/nuevodigitaldeescobar.com.ar\/?p=1789#respond"]}]},{"@type":"WebPage","@id":"https:\/\/nuevodigitaldeescobar.com.ar\/?p=1789","url":"https:\/\/nuevodigitaldeescobar.com.ar\/?p=1789","name":"La Justicia investiga a uno de los hijos de Insaurralde porque sospecha que oculta parte de su patrimonio - Nuevo Digital de Escobar","isPartOf":{"@id":"https:\/\/nuevodigitaldeescobar.com.ar\/#website"},"primaryImageOfPage":{"@id":"https:\/\/nuevodigitaldeescobar.com.ar\/?p=1789#primaryimage"},"image":{"@id":"https:\/\/nuevodigitaldeescobar.com.ar\/?p=1789#primaryimage"},"thumbnailUrl":"https:\/\/nuevodigitaldeescobar.com.ar\/wp-content\/uploads\/2023\/12\/insaurralde.jpg","datePublished":"2023-12-13T10:00:00+00:00","breadcrumb":{"@id":"https:\/\/nuevodigitaldeescobar.com.ar\/?p=1789#breadcrumb"},"inLanguage":"es","potentialAction":[{"@type":"ReadAction","target":["https:\/\/nuevodigitaldeescobar.com.ar\/?p=1789"]}]},{"@type":"ImageObject","inLanguage":"es","@id":"https:\/\/nuevodigitaldeescobar.com.ar\/?p=1789#primaryimage","url":"https:\/\/nuevodigitaldeescobar.com.ar\/wp-content\/uploads\/2023\/12\/insaurralde.jpg","contentUrl":"https:\/\/nuevodigitaldeescobar.com.ar\/wp-content\/uploads\/2023\/12\/insaurralde.jpg","width":720,"height":404},{"@type":"BreadcrumbList","@id":"https:\/\/nuevodigitaldeescobar.com.ar\/?p=1789#breadcrumb","itemListElement":[{"@type":"ListItem","position":1,"name":"Portada","item":"https:\/\/nuevodigitaldeescobar.com.ar\/"},{"@type":"ListItem","position":2,"name":"La Justicia investiga a uno de los hijos de Insaurralde porque sospecha que oculta parte de su patrimonio"}]},{"@type":"WebSite","@id":"https:\/\/nuevodigitaldeescobar.com.ar\/#website","url":"https:\/\/nuevodigitaldeescobar.com.ar\/","name":"Nuevo Digital de Escobar","description":"La vida escobarense. Directora: Rosana Brunner","publisher":{"@id":"https:\/\/nuevodigitaldeescobar.com.ar\/#organization"},"potentialAction":[{"@type":"SearchAction","target":{"@type":"EntryPoint","urlTemplate":"https:\/\/nuevodigitaldeescobar.com.ar\/?s={search_term_string}"},"query-input":{"@type":"PropertyValueSpecification","valueRequired":true,"valueName":"search_term_string"}}],"inLanguage":"es"},{"@type":"Organization","@id":"https:\/\/nuevodigitaldeescobar.com.ar\/#organization","name":"Nuevo Digital de Escobar","url":"https:\/\/nuevodigitaldeescobar.com.ar\/","logo":{"@type":"ImageObject","inLanguage":"es","@id":"https:\/\/nuevodigitaldeescobar.com.ar\/#\/schema\/logo\/image\/","url":"https:\/\/nuevodigitaldeescobar.com.ar\/wp-content\/uploads\/2025\/05\/cropped-logo-nuevo2.jpg","contentUrl":"https:\/\/nuevodigitaldeescobar.com.ar\/wp-content\/uploads\/2025\/05\/cropped-logo-nuevo2.jpg","width":305,"height":305,"caption":"Nuevo Digital de Escobar"},"image":{"@id":"https:\/\/nuevodigitaldeescobar.com.ar\/#\/schema\/logo\/image\/"},"sameAs":["https:\/\/www.facebook.com\/NUEVODigitalDeEscobar","https:\/\/x.com\/nuevodigescobar","https:\/\/www.instagram.com\/nuevodigitaldeescobar"]},{"@type":"Person","@id":"https:\/\/nuevodigitaldeescobar.com.ar\/#\/schema\/person\/035e90a8efe9a80e6eec22656ad6ea4c","name":"Redacci\u00f3n","image":{"@type":"ImageObject","inLanguage":"es","@id":"https:\/\/nuevodigitaldeescobar.com.ar\/#\/schema\/person\/image\/","url":"https:\/\/secure.gravatar.com\/avatar\/8af8f40000c24e9eef3034f2be5998a372bb1389e64b1a4a36b3a7979142220d?s=96&d=mm&r=g","contentUrl":"https:\/\/secure.gravatar.com\/avatar\/8af8f40000c24e9eef3034f2be5998a372bb1389e64b1a4a36b3a7979142220d?s=96&d=mm&r=g","caption":"Redacci\u00f3n"},"sameAs":["http:\/\/nuevodigitaldeescobar.com.ar"],"url":"https:\/\/nuevodigitaldeescobar.com.ar\/?author=1"}]}},"featured_image_urls":{"full":["https:\/\/nuevodigitaldeescobar.com.ar\/wp-content\/uploads\/2023\/12\/insaurralde.jpg",720,404,false],"thumbnail":["https:\/\/nuevodigitaldeescobar.com.ar\/wp-content\/uploads\/2023\/12\/insaurralde-150x150.jpg",150,150,true],"medium":["https:\/\/nuevodigitaldeescobar.com.ar\/wp-content\/uploads\/2023\/12\/insaurralde-300x168.jpg",300,168,true],"medium_large":["https:\/\/nuevodigitaldeescobar.com.ar\/wp-content\/uploads\/2023\/12\/insaurralde.jpg",640,359,false],"large":["https:\/\/nuevodigitaldeescobar.com.ar\/wp-content\/uploads\/2023\/12\/insaurralde.jpg",640,359,false],"1536x1536":["https:\/\/nuevodigitaldeescobar.com.ar\/wp-content\/uploads\/2023\/12\/insaurralde.jpg",720,404,false],"2048x2048":["https:\/\/nuevodigitaldeescobar.com.ar\/wp-content\/uploads\/2023\/12\/insaurralde.jpg",720,404,false]},"author_info":{"display_name":"Redacci\u00f3n","author_link":"https:\/\/nuevodigitaldeescobar.com.ar\/?author=1"},"category_info":"<a href=\"https:\/\/nuevodigitaldeescobar.com.ar\/?cat=13\" rel=\"category\">Policiales<\/a>","tag_info":"Policiales","comment_count":"0","_links":{"self":[{"href":"https:\/\/nuevodigitaldeescobar.com.ar\/index.php?rest_route=\/wp\/v2\/posts\/1789","targetHints":{"allow":["GET"]}}],"collection":[{"href":"https:\/\/nuevodigitaldeescobar.com.ar\/index.php?rest_route=\/wp\/v2\/posts"}],"about":[{"href":"https:\/\/nuevodigitaldeescobar.com.ar\/index.php?rest_route=\/wp\/v2\/types\/post"}],"author":[{"embeddable":true,"href":"https:\/\/nuevodigitaldeescobar.com.ar\/index.php?rest_route=\/wp\/v2\/users\/1"}],"replies":[{"embeddable":true,"href":"https:\/\/nuevodigitaldeescobar.com.ar\/index.php?rest_route=%2Fwp%2Fv2%2Fcomments&post=1789"}],"version-history":[{"count":1,"href":"https:\/\/nuevodigitaldeescobar.com.ar\/index.php?rest_route=\/wp\/v2\/posts\/1789\/revisions"}],"predecessor-version":[{"id":1793,"href":"https:\/\/nuevodigitaldeescobar.com.ar\/index.php?rest_route=\/wp\/v2\/posts\/1789\/revisions\/1793"}],"wp:featuredmedia":[{"embeddable":true,"href":"https:\/\/nuevodigitaldeescobar.com.ar\/index.php?rest_route=\/wp\/v2\/media\/1792"}],"wp:attachment":[{"href":"https:\/\/nuevodigitaldeescobar.com.ar\/index.php?rest_route=%2Fwp%2Fv2%2Fmedia&parent=1789"}],"wp:term":[{"taxonomy":"category","embeddable":true,"href":"https:\/\/nuevodigitaldeescobar.com.ar\/index.php?rest_route=%2Fwp%2Fv2%2Fcategories&post=1789"},{"taxonomy":"post_tag","embeddable":true,"href":"https:\/\/nuevodigitaldeescobar.com.ar\/index.php?rest_route=%2Fwp%2Fv2%2Ftags&post=1789"}],"curies":[{"name":"wp","href":"https:\/\/api.w.org\/{rel}","templated":true}]}}