{"id":17890,"date":"2025-09-08T00:06:52","date_gmt":"2025-09-08T03:06:52","guid":{"rendered":"https:\/\/nuevodigitaldeescobar.com.ar\/?p=17890"},"modified":"2025-09-08T00:06:56","modified_gmt":"2025-09-08T03:06:56","slug":"los-vecinos-eligieron-la-verdad-la-fuerza-de-una-gestion-que-hace-y-que-transformo-el-distrito","status":"publish","type":"post","link":"https:\/\/nuevodigitaldeescobar.com.ar\/?p=17890","title":{"rendered":"\u00abLos vecinos eligieron la verdad, la fuerza de una gesti\u00f3n que hace y que transform\u00f3 el distrito\u00bb"},"content":{"rendered":"\n<p>Al alcanzar el 51,8% de los votos, Fuerza Patria Escobar se impuso en las elecciones legislativas locales y super\u00f3 por m\u00e1s de 17 puntos a La Libertad Avanza, su principal competidor. De esta manera, el intendente Ariel Sujarchuk asegura la mayor\u00eda propia en el Concejo Deliberante: no solo mantuvo los seis concejales que pon\u00eda en juego en estos comicios, sino que los ampli\u00f3 a siete, adem\u00e1s de obtener dos consejeros escolares.<\/p>\n\n\n\n<!--more-->\n\n\n\n<p>\u201cEstoy muy feliz y agradecido de coraz\u00f3n con nuestra gente por este categ\u00f3rico respaldo. Los vecinos eligieron la verdad, la fuerza de una gesti\u00f3n que hace y que transform\u00f3 el distrito. Para tener una idea, es la elecci\u00f3n intermedia en la que mayor porcentaje obtuvimos y le ganamos a la campa\u00f1a m\u00e1s sucia, violenta, mentirosa y agresiva que enfrentamos en estos a\u00f1os. Es un triunfo de un gobierno que est\u00e1 todos los d\u00edas junto a los vecinos cuando m\u00e1s lo necesitan, cuando el bolsillo aprieta, cuando hay Covid o cuando llueve. Siempre estamos presentes y seguiremos trabajando para mejorar la calidad de vida de todos en este momento tan hostil para la Argentina\u201d, se\u00f1al\u00f3 Sujarchuk en la sede del PJ Escobar. Es la sexta victoria electoral consecutiva -tres ejecutivas y tres de medio t\u00e9rmino.- conseguida por el intendente desde que asumi\u00f3 el gobierno en 2015. Como en anteriores ocasiones, fue contundente: Fuerza Patria se impuso en las siete localidades del distrito.<\/p>\n\n\n<div class=\"wp-block-image\">\n<figure class=\"aligncenter size-large\"><img fetchpriority=\"high\" decoding=\"async\" width=\"1024\" height=\"682\" src=\"http:\/\/nuevodigitaldeescobar.com.ar\/wp-content\/uploads\/2025\/09\/PJ-2-1024x682.jpeg\" alt=\"\" class=\"wp-image-17893\" srcset=\"https:\/\/nuevodigitaldeescobar.com.ar\/wp-content\/uploads\/2025\/09\/PJ-2-1024x682.jpeg 1024w, https:\/\/nuevodigitaldeescobar.com.ar\/wp-content\/uploads\/2025\/09\/PJ-2-300x200.jpeg 300w, https:\/\/nuevodigitaldeescobar.com.ar\/wp-content\/uploads\/2025\/09\/PJ-2-768x512.jpeg 768w, https:\/\/nuevodigitaldeescobar.com.ar\/wp-content\/uploads\/2025\/09\/PJ-2-1536x1023.jpeg 1536w, https:\/\/nuevodigitaldeescobar.com.ar\/wp-content\/uploads\/2025\/09\/PJ-2.jpeg 1600w\" sizes=\"(max-width: 1024px) 100vw, 1024px\" \/><\/figure><\/div>\n\n\n<p>La primera candidata a concejal, Laura Cejas, celebr\u00f3 el triunfo: \u201cAhora el desaf\u00edo es seguir transformando Escobar junto a los vecinos y el intendente, fortalecidos por la enorme confianza de una comunidad comprometida en construir un municipio m\u00e1s inclusivo y justo\u201d. A su lado, Juan Manuel Ord\u00f3\u00f1ez, enfatiz\u00f3: \u201cEs el triunfo de un Escobar que funciona, que entiende y atiende las necesidades de los vecinos a pesar del destrato del gobierno nacional. Hoy la gente le puso un freno a la motosierra que perjudica a los sectores que m\u00e1s nos necesitan\u00bb.<\/p>\n\n\n<div class=\"wp-block-image\">\n<figure class=\"aligncenter size-large\"><img decoding=\"async\" width=\"1024\" height=\"682\" src=\"http:\/\/nuevodigitaldeescobar.com.ar\/wp-content\/uploads\/2025\/09\/PJ-1-1024x682.jpeg\" alt=\"\" class=\"wp-image-17892\" srcset=\"https:\/\/nuevodigitaldeescobar.com.ar\/wp-content\/uploads\/2025\/09\/PJ-1-1024x682.jpeg 1024w, https:\/\/nuevodigitaldeescobar.com.ar\/wp-content\/uploads\/2025\/09\/PJ-1-300x200.jpeg 300w, https:\/\/nuevodigitaldeescobar.com.ar\/wp-content\/uploads\/2025\/09\/PJ-1-768x512.jpeg 768w, https:\/\/nuevodigitaldeescobar.com.ar\/wp-content\/uploads\/2025\/09\/PJ-1-1536x1023.jpeg 1536w, https:\/\/nuevodigitaldeescobar.com.ar\/wp-content\/uploads\/2025\/09\/PJ-1.jpeg 1600w\" sizes=\"(max-width: 1024px) 100vw, 1024px\" \/><\/figure><\/div>\n\n\n<p>\u201cQuiero destacar tambi\u00e9n la excelente elecci\u00f3n de Fuerza Patria, con Katopodis bien arriba en la primera secci\u00f3n electoral, y un enorme y merecido triunfo de Axel Kicillof en toda la Provincia. Es un mensaje muy claro para quienes ajustan a los discapacitados, a los jubilados, destrozan el salario de los jubilados y atacan a la educaci\u00f3n, la cultura y la salud. Un gobierno nacional que solo apela a la crueldad y el abandono de los sectores m\u00e1s necesitados como hacen ac\u00e1 en Escobar, donde ni siquiera nos dejan terminar la Maternidad del Hospital del Bicentenario\u201d.<\/p>\n","protected":false},"excerpt":{"rendered":"<p>Al alcanzar el 51,8% de los votos, Fuerza Patria Escobar se impuso en las elecciones legislativas locales y super\u00f3 por m\u00e1s de 17 puntos a [&hellip;]<\/p>\n","protected":false},"author":1,"featured_media":17891,"comment_status":"open","ping_status":"open","sticky":false,"template":"","format":"standard","meta":{"footnotes":""},"categories":[6],"tags":[],"class_list":["post-17890","post","type-post","status-publish","format-standard","has-post-thumbnail","hentry","category-politica"],"better_featured_image":{"id":17891,"alt_text":"","caption":"","description":"","media_type":"image","media_details":{"width":2560,"height":1707,"file":"2025\/09\/PJ-3-scaled.jpeg","filesize":516341,"sizes":{"medium":{"file":"PJ-3-300x200.jpeg","width":300,"height":200,"mime-type":"image\/jpeg","filesize":15616,"source_url":"https:\/\/nuevodigitaldeescobar.com.ar\/wp-content\/uploads\/2025\/09\/PJ-3-300x200.jpeg"},"large":{"file":"PJ-3-1024x683.jpeg","width":1024,"height":683,"mime-type":"image\/jpeg","filesize":107715,"source_url":"https:\/\/nuevodigitaldeescobar.com.ar\/wp-content\/uploads\/2025\/09\/PJ-3-1024x683.jpeg"},"thumbnail":{"file":"PJ-3-150x150.jpeg","width":150,"height":150,"mime-type":"image\/jpeg","filesize":6819,"source_url":"https:\/\/nuevodigitaldeescobar.com.ar\/wp-content\/uploads\/2025\/09\/PJ-3-150x150.jpeg"},"medium_large":{"file":"PJ-3-768x512.jpeg","width":768,"height":512,"mime-type":"image\/jpeg","filesize":68297,"source_url":"https:\/\/nuevodigitaldeescobar.com.ar\/wp-content\/uploads\/2025\/09\/PJ-3-768x512.jpeg"},"1536x1536":{"file":"PJ-3-1536x1024.jpeg","width":1536,"height":1024,"mime-type":"image\/jpeg","filesize":206524,"source_url":"https:\/\/nuevodigitaldeescobar.com.ar\/wp-content\/uploads\/2025\/09\/PJ-3-1536x1024.jpeg"},"2048x2048":{"file":"PJ-3-2048x1366.jpeg","width":2048,"height":1366,"mime-type":"image\/jpeg","filesize":340824,"source_url":"https:\/\/nuevodigitaldeescobar.com.ar\/wp-content\/uploads\/2025\/09\/PJ-3-2048x1366.jpeg"}},"image_meta":{"aperture":"0","credit":"","camera":"","caption":"","created_timestamp":"0","copyright":"","focal_length":"0","iso":"0","shutter_speed":"0","title":"","orientation":"0","keywords":[]},"original_image":"PJ-3.jpeg"},"post":17890,"source_url":"https:\/\/nuevodigitaldeescobar.com.ar\/wp-content\/uploads\/2025\/09\/PJ-3-scaled.jpeg"},"yoast_head":"<!-- This site is optimized with the Yoast SEO plugin v26.1.1 - https:\/\/yoast.com\/wordpress\/plugins\/seo\/ -->\n<title>&quot;Los vecinos eligieron la verdad, la fuerza de una gesti\u00f3n que hace y que transform\u00f3 el distrito&quot; - Nuevo Digital de Escobar<\/title>\n<meta name=\"description\" content=\"Al alcanzar el 51,8% de los votos, Fuerza Patria Escobar se impuso en las elecciones legislativas locales y super\u00f3 por m\u00e1s de 17 puntos a La Libertad Avanza, su principal competidor.\" \/>\n<meta name=\"robots\" content=\"index, follow, max-snippet:-1, max-image-preview:large, max-video-preview:-1\" \/>\n<link rel=\"canonical\" href=\"https:\/\/nuevodigitaldeescobar.com.ar\/?p=17890\" \/>\n<meta property=\"og:locale\" content=\"es_ES\" \/>\n<meta property=\"og:type\" content=\"article\" \/>\n<meta property=\"og:title\" content=\"&quot;Los vecinos eligieron la verdad, la fuerza de una gesti\u00f3n que hace y que transform\u00f3 el distrito&quot;\" \/>\n<meta property=\"og:description\" content=\"Al alcanzar el 51,8% de los votos, Fuerza Patria Escobar se impuso en las elecciones legislativas locales y super\u00f3 por m\u00e1s de 17 puntos a La Libertad Avanza, su principal competidor.\" \/>\n<meta property=\"og:url\" content=\"https:\/\/nuevodigitaldeescobar.com.ar\/?p=17890\" \/>\n<meta property=\"og:site_name\" content=\"Nuevo Digital de Escobar\" \/>\n<meta property=\"article:publisher\" content=\"https:\/\/www.facebook.com\/NUEVODigitalDeEscobar\" \/>\n<meta property=\"article:published_time\" content=\"2025-09-08T03:06:52+00:00\" \/>\n<meta property=\"article:modified_time\" content=\"2025-09-08T03:06:56+00:00\" \/>\n<meta property=\"og:image\" content=\"http:\/\/nuevodigitaldeescobar.com.ar\/wp-content\/uploads\/2025\/09\/PJ-1.jpeg\" \/>\n\t<meta property=\"og:image:width\" content=\"1600\" \/>\n\t<meta property=\"og:image:height\" content=\"1066\" \/>\n\t<meta property=\"og:image:type\" content=\"image\/jpeg\" \/>\n<meta name=\"author\" content=\"Redacci\u00f3n\" \/>\n<meta name=\"twitter:card\" content=\"summary_large_image\" \/>\n<meta name=\"twitter:creator\" content=\"@nuevodigescobar\" \/>\n<meta name=\"twitter:site\" content=\"@nuevodigescobar\" \/>\n<meta name=\"twitter:label1\" content=\"Escrito por\" \/>\n\t<meta name=\"twitter:data1\" content=\"Redacci\u00f3n\" \/>\n\t<meta name=\"twitter:label2\" content=\"Tiempo de lectura\" \/>\n\t<meta name=\"twitter:data2\" content=\"3 minutos\" \/>\n<script type=\"application\/ld+json\" class=\"yoast-schema-graph\">{\"@context\":\"https:\/\/schema.org\",\"@graph\":[{\"@type\":\"Article\",\"@id\":\"https:\/\/nuevodigitaldeescobar.com.ar\/?p=17890#article\",\"isPartOf\":{\"@id\":\"https:\/\/nuevodigitaldeescobar.com.ar\/?p=17890\"},\"author\":{\"name\":\"Redacci\u00f3n\",\"@id\":\"https:\/\/nuevodigitaldeescobar.com.ar\/#\/schema\/person\/035e90a8efe9a80e6eec22656ad6ea4c\"},\"headline\":\"\u00abLos vecinos eligieron la verdad, la fuerza de una gesti\u00f3n que hace y que transform\u00f3 el distrito\u00bb\",\"datePublished\":\"2025-09-08T03:06:52+00:00\",\"dateModified\":\"2025-09-08T03:06:56+00:00\",\"mainEntityOfPage\":{\"@id\":\"https:\/\/nuevodigitaldeescobar.com.ar\/?p=17890\"},\"wordCount\":458,\"commentCount\":0,\"publisher\":{\"@id\":\"https:\/\/nuevodigitaldeescobar.com.ar\/#organization\"},\"image\":{\"@id\":\"https:\/\/nuevodigitaldeescobar.com.ar\/?p=17890#primaryimage\"},\"thumbnailUrl\":\"https:\/\/nuevodigitaldeescobar.com.ar\/wp-content\/uploads\/2025\/09\/PJ-3-scaled.jpeg\",\"articleSection\":[\"Pol\u00edtica\"],\"inLanguage\":\"es\",\"potentialAction\":[{\"@type\":\"CommentAction\",\"name\":\"Comment\",\"target\":[\"https:\/\/nuevodigitaldeescobar.com.ar\/?p=17890#respond\"]}]},{\"@type\":\"WebPage\",\"@id\":\"https:\/\/nuevodigitaldeescobar.com.ar\/?p=17890\",\"url\":\"https:\/\/nuevodigitaldeescobar.com.ar\/?p=17890\",\"name\":\"\\\"Los vecinos eligieron la verdad, la fuerza de una gesti\u00f3n que hace y que transform\u00f3 el distrito\\\" - Nuevo Digital de Escobar\",\"isPartOf\":{\"@id\":\"https:\/\/nuevodigitaldeescobar.com.ar\/#website\"},\"primaryImageOfPage\":{\"@id\":\"https:\/\/nuevodigitaldeescobar.com.ar\/?p=17890#primaryimage\"},\"image\":{\"@id\":\"https:\/\/nuevodigitaldeescobar.com.ar\/?p=17890#primaryimage\"},\"thumbnailUrl\":\"https:\/\/nuevodigitaldeescobar.com.ar\/wp-content\/uploads\/2025\/09\/PJ-3-scaled.jpeg\",\"datePublished\":\"2025-09-08T03:06:52+00:00\",\"dateModified\":\"2025-09-08T03:06:56+00:00\",\"description\":\"Al alcanzar el 51,8% de los votos, Fuerza Patria Escobar se impuso en las elecciones legislativas locales y super\u00f3 por m\u00e1s de 17 puntos a La Libertad Avanza, su principal competidor.\",\"breadcrumb\":{\"@id\":\"https:\/\/nuevodigitaldeescobar.com.ar\/?p=17890#breadcrumb\"},\"inLanguage\":\"es\",\"potentialAction\":[{\"@type\":\"ReadAction\",\"target\":[\"https:\/\/nuevodigitaldeescobar.com.ar\/?p=17890\"]}]},{\"@type\":\"ImageObject\",\"inLanguage\":\"es\",\"@id\":\"https:\/\/nuevodigitaldeescobar.com.ar\/?p=17890#primaryimage\",\"url\":\"https:\/\/nuevodigitaldeescobar.com.ar\/wp-content\/uploads\/2025\/09\/PJ-3-scaled.jpeg\",\"contentUrl\":\"https:\/\/nuevodigitaldeescobar.com.ar\/wp-content\/uploads\/2025\/09\/PJ-3-scaled.jpeg\",\"width\":2560,\"height\":1707},{\"@type\":\"BreadcrumbList\",\"@id\":\"https:\/\/nuevodigitaldeescobar.com.ar\/?p=17890#breadcrumb\",\"itemListElement\":[{\"@type\":\"ListItem\",\"position\":1,\"name\":\"Portada\",\"item\":\"https:\/\/nuevodigitaldeescobar.com.ar\/\"},{\"@type\":\"ListItem\",\"position\":2,\"name\":\"\u00abLos vecinos eligieron la verdad, la fuerza de una gesti\u00f3n que hace y que transform\u00f3 el distrito\u00bb\"}]},{\"@type\":\"WebSite\",\"@id\":\"https:\/\/nuevodigitaldeescobar.com.ar\/#website\",\"url\":\"https:\/\/nuevodigitaldeescobar.com.ar\/\",\"name\":\"Nuevo Digital de Escobar\",\"description\":\"La vida escobarense. Directora: Rosana Brunner\",\"publisher\":{\"@id\":\"https:\/\/nuevodigitaldeescobar.com.ar\/#organization\"},\"potentialAction\":[{\"@type\":\"SearchAction\",\"target\":{\"@type\":\"EntryPoint\",\"urlTemplate\":\"https:\/\/nuevodigitaldeescobar.com.ar\/?s={search_term_string}\"},\"query-input\":{\"@type\":\"PropertyValueSpecification\",\"valueRequired\":true,\"valueName\":\"search_term_string\"}}],\"inLanguage\":\"es\"},{\"@type\":\"Organization\",\"@id\":\"https:\/\/nuevodigitaldeescobar.com.ar\/#organization\",\"name\":\"Nuevo Digital de Escobar\",\"url\":\"https:\/\/nuevodigitaldeescobar.com.ar\/\",\"logo\":{\"@type\":\"ImageObject\",\"inLanguage\":\"es\",\"@id\":\"https:\/\/nuevodigitaldeescobar.com.ar\/#\/schema\/logo\/image\/\",\"url\":\"https:\/\/nuevodigitaldeescobar.com.ar\/wp-content\/uploads\/2025\/05\/cropped-logo-nuevo2.jpg\",\"contentUrl\":\"https:\/\/nuevodigitaldeescobar.com.ar\/wp-content\/uploads\/2025\/05\/cropped-logo-nuevo2.jpg\",\"width\":305,\"height\":305,\"caption\":\"Nuevo Digital de Escobar\"},\"image\":{\"@id\":\"https:\/\/nuevodigitaldeescobar.com.ar\/#\/schema\/logo\/image\/\"},\"sameAs\":[\"https:\/\/www.facebook.com\/NUEVODigitalDeEscobar\",\"https:\/\/x.com\/nuevodigescobar\",\"https:\/\/www.instagram.com\/nuevodigitaldeescobar\"]},{\"@type\":\"Person\",\"@id\":\"https:\/\/nuevodigitaldeescobar.com.ar\/#\/schema\/person\/035e90a8efe9a80e6eec22656ad6ea4c\",\"name\":\"Redacci\u00f3n\",\"image\":{\"@type\":\"ImageObject\",\"inLanguage\":\"es\",\"@id\":\"https:\/\/nuevodigitaldeescobar.com.ar\/#\/schema\/person\/image\/\",\"url\":\"https:\/\/secure.gravatar.com\/avatar\/8af8f40000c24e9eef3034f2be5998a372bb1389e64b1a4a36b3a7979142220d?s=96&d=mm&r=g\",\"contentUrl\":\"https:\/\/secure.gravatar.com\/avatar\/8af8f40000c24e9eef3034f2be5998a372bb1389e64b1a4a36b3a7979142220d?s=96&d=mm&r=g\",\"caption\":\"Redacci\u00f3n\"},\"sameAs\":[\"http:\/\/nuevodigitaldeescobar.com.ar\"],\"url\":\"https:\/\/nuevodigitaldeescobar.com.ar\/?author=1\"}]}<\/script>\n<!-- \/ Yoast SEO plugin. -->","yoast_head_json":{"title":"\"Los vecinos eligieron la verdad, la fuerza de una gesti\u00f3n que hace y que transform\u00f3 el distrito\" - Nuevo Digital de Escobar","description":"Al alcanzar el 51,8% de los votos, Fuerza Patria Escobar se impuso en las elecciones legislativas locales y super\u00f3 por m\u00e1s de 17 puntos a La Libertad Avanza, su principal competidor.","robots":{"index":"index","follow":"follow","max-snippet":"max-snippet:-1","max-image-preview":"max-image-preview:large","max-video-preview":"max-video-preview:-1"},"canonical":"https:\/\/nuevodigitaldeescobar.com.ar\/?p=17890","og_locale":"es_ES","og_type":"article","og_title":"\"Los vecinos eligieron la verdad, la fuerza de una gesti\u00f3n que hace y que transform\u00f3 el distrito\"","og_description":"Al alcanzar el 51,8% de los votos, Fuerza Patria Escobar se impuso en las elecciones legislativas locales y super\u00f3 por m\u00e1s de 17 puntos a La Libertad Avanza, su principal competidor.","og_url":"https:\/\/nuevodigitaldeescobar.com.ar\/?p=17890","og_site_name":"Nuevo Digital de Escobar","article_publisher":"https:\/\/www.facebook.com\/NUEVODigitalDeEscobar","article_published_time":"2025-09-08T03:06:52+00:00","article_modified_time":"2025-09-08T03:06:56+00:00","og_image":[{"width":1600,"height":1066,"url":"http:\/\/nuevodigitaldeescobar.com.ar\/wp-content\/uploads\/2025\/09\/PJ-1.jpeg","type":"image\/jpeg"}],"author":"Redacci\u00f3n","twitter_card":"summary_large_image","twitter_creator":"@nuevodigescobar","twitter_site":"@nuevodigescobar","twitter_misc":{"Escrito por":"Redacci\u00f3n","Tiempo de lectura":"3 minutos"},"schema":{"@context":"https:\/\/schema.org","@graph":[{"@type":"Article","@id":"https:\/\/nuevodigitaldeescobar.com.ar\/?p=17890#article","isPartOf":{"@id":"https:\/\/nuevodigitaldeescobar.com.ar\/?p=17890"},"author":{"name":"Redacci\u00f3n","@id":"https:\/\/nuevodigitaldeescobar.com.ar\/#\/schema\/person\/035e90a8efe9a80e6eec22656ad6ea4c"},"headline":"\u00abLos vecinos eligieron la verdad, la fuerza de una gesti\u00f3n que hace y que transform\u00f3 el distrito\u00bb","datePublished":"2025-09-08T03:06:52+00:00","dateModified":"2025-09-08T03:06:56+00:00","mainEntityOfPage":{"@id":"https:\/\/nuevodigitaldeescobar.com.ar\/?p=17890"},"wordCount":458,"commentCount":0,"publisher":{"@id":"https:\/\/nuevodigitaldeescobar.com.ar\/#organization"},"image":{"@id":"https:\/\/nuevodigitaldeescobar.com.ar\/?p=17890#primaryimage"},"thumbnailUrl":"https:\/\/nuevodigitaldeescobar.com.ar\/wp-content\/uploads\/2025\/09\/PJ-3-scaled.jpeg","articleSection":["Pol\u00edtica"],"inLanguage":"es","potentialAction":[{"@type":"CommentAction","name":"Comment","target":["https:\/\/nuevodigitaldeescobar.com.ar\/?p=17890#respond"]}]},{"@type":"WebPage","@id":"https:\/\/nuevodigitaldeescobar.com.ar\/?p=17890","url":"https:\/\/nuevodigitaldeescobar.com.ar\/?p=17890","name":"\"Los vecinos eligieron la verdad, la fuerza de una gesti\u00f3n que hace y que transform\u00f3 el distrito\" - Nuevo Digital de Escobar","isPartOf":{"@id":"https:\/\/nuevodigitaldeescobar.com.ar\/#website"},"primaryImageOfPage":{"@id":"https:\/\/nuevodigitaldeescobar.com.ar\/?p=17890#primaryimage"},"image":{"@id":"https:\/\/nuevodigitaldeescobar.com.ar\/?p=17890#primaryimage"},"thumbnailUrl":"https:\/\/nuevodigitaldeescobar.com.ar\/wp-content\/uploads\/2025\/09\/PJ-3-scaled.jpeg","datePublished":"2025-09-08T03:06:52+00:00","dateModified":"2025-09-08T03:06:56+00:00","description":"Al alcanzar el 51,8% de los votos, Fuerza Patria Escobar se impuso en las elecciones legislativas locales y super\u00f3 por m\u00e1s de 17 puntos a La Libertad Avanza, su principal competidor.","breadcrumb":{"@id":"https:\/\/nuevodigitaldeescobar.com.ar\/?p=17890#breadcrumb"},"inLanguage":"es","potentialAction":[{"@type":"ReadAction","target":["https:\/\/nuevodigitaldeescobar.com.ar\/?p=17890"]}]},{"@type":"ImageObject","inLanguage":"es","@id":"https:\/\/nuevodigitaldeescobar.com.ar\/?p=17890#primaryimage","url":"https:\/\/nuevodigitaldeescobar.com.ar\/wp-content\/uploads\/2025\/09\/PJ-3-scaled.jpeg","contentUrl":"https:\/\/nuevodigitaldeescobar.com.ar\/wp-content\/uploads\/2025\/09\/PJ-3-scaled.jpeg","width":2560,"height":1707},{"@type":"BreadcrumbList","@id":"https:\/\/nuevodigitaldeescobar.com.ar\/?p=17890#breadcrumb","itemListElement":[{"@type":"ListItem","position":1,"name":"Portada","item":"https:\/\/nuevodigitaldeescobar.com.ar\/"},{"@type":"ListItem","position":2,"name":"\u00abLos vecinos eligieron la verdad, la fuerza de una gesti\u00f3n que hace y que transform\u00f3 el distrito\u00bb"}]},{"@type":"WebSite","@id":"https:\/\/nuevodigitaldeescobar.com.ar\/#website","url":"https:\/\/nuevodigitaldeescobar.com.ar\/","name":"Nuevo Digital de Escobar","description":"La vida escobarense. Directora: Rosana Brunner","publisher":{"@id":"https:\/\/nuevodigitaldeescobar.com.ar\/#organization"},"potentialAction":[{"@type":"SearchAction","target":{"@type":"EntryPoint","urlTemplate":"https:\/\/nuevodigitaldeescobar.com.ar\/?s={search_term_string}"},"query-input":{"@type":"PropertyValueSpecification","valueRequired":true,"valueName":"search_term_string"}}],"inLanguage":"es"},{"@type":"Organization","@id":"https:\/\/nuevodigitaldeescobar.com.ar\/#organization","name":"Nuevo Digital de Escobar","url":"https:\/\/nuevodigitaldeescobar.com.ar\/","logo":{"@type":"ImageObject","inLanguage":"es","@id":"https:\/\/nuevodigitaldeescobar.com.ar\/#\/schema\/logo\/image\/","url":"https:\/\/nuevodigitaldeescobar.com.ar\/wp-content\/uploads\/2025\/05\/cropped-logo-nuevo2.jpg","contentUrl":"https:\/\/nuevodigitaldeescobar.com.ar\/wp-content\/uploads\/2025\/05\/cropped-logo-nuevo2.jpg","width":305,"height":305,"caption":"Nuevo Digital de Escobar"},"image":{"@id":"https:\/\/nuevodigitaldeescobar.com.ar\/#\/schema\/logo\/image\/"},"sameAs":["https:\/\/www.facebook.com\/NUEVODigitalDeEscobar","https:\/\/x.com\/nuevodigescobar","https:\/\/www.instagram.com\/nuevodigitaldeescobar"]},{"@type":"Person","@id":"https:\/\/nuevodigitaldeescobar.com.ar\/#\/schema\/person\/035e90a8efe9a80e6eec22656ad6ea4c","name":"Redacci\u00f3n","image":{"@type":"ImageObject","inLanguage":"es","@id":"https:\/\/nuevodigitaldeescobar.com.ar\/#\/schema\/person\/image\/","url":"https:\/\/secure.gravatar.com\/avatar\/8af8f40000c24e9eef3034f2be5998a372bb1389e64b1a4a36b3a7979142220d?s=96&d=mm&r=g","contentUrl":"https:\/\/secure.gravatar.com\/avatar\/8af8f40000c24e9eef3034f2be5998a372bb1389e64b1a4a36b3a7979142220d?s=96&d=mm&r=g","caption":"Redacci\u00f3n"},"sameAs":["http:\/\/nuevodigitaldeescobar.com.ar"],"url":"https:\/\/nuevodigitaldeescobar.com.ar\/?author=1"}]}},"featured_image_urls":{"full":["https:\/\/nuevodigitaldeescobar.com.ar\/wp-content\/uploads\/2025\/09\/PJ-3-scaled.jpeg",2560,1707,false],"thumbnail":["https:\/\/nuevodigitaldeescobar.com.ar\/wp-content\/uploads\/2025\/09\/PJ-3-150x150.jpeg",150,150,true],"medium":["https:\/\/nuevodigitaldeescobar.com.ar\/wp-content\/uploads\/2025\/09\/PJ-3-300x200.jpeg",300,200,true],"medium_large":["https:\/\/nuevodigitaldeescobar.com.ar\/wp-content\/uploads\/2025\/09\/PJ-3-768x512.jpeg",640,427,true],"large":["https:\/\/nuevodigitaldeescobar.com.ar\/wp-content\/uploads\/2025\/09\/PJ-3-1024x683.jpeg",640,427,true],"1536x1536":["https:\/\/nuevodigitaldeescobar.com.ar\/wp-content\/uploads\/2025\/09\/PJ-3-1536x1024.jpeg",1536,1024,true],"2048x2048":["https:\/\/nuevodigitaldeescobar.com.ar\/wp-content\/uploads\/2025\/09\/PJ-3-2048x1366.jpeg",2048,1366,true]},"author_info":{"display_name":"Redacci\u00f3n","author_link":"https:\/\/nuevodigitaldeescobar.com.ar\/?author=1"},"category_info":"<a href=\"https:\/\/nuevodigitaldeescobar.com.ar\/?cat=6\" rel=\"category\">Pol\u00edtica<\/a>","tag_info":"Pol\u00edtica","comment_count":"0","_links":{"self":[{"href":"https:\/\/nuevodigitaldeescobar.com.ar\/index.php?rest_route=\/wp\/v2\/posts\/17890","targetHints":{"allow":["GET"]}}],"collection":[{"href":"https:\/\/nuevodigitaldeescobar.com.ar\/index.php?rest_route=\/wp\/v2\/posts"}],"about":[{"href":"https:\/\/nuevodigitaldeescobar.com.ar\/index.php?rest_route=\/wp\/v2\/types\/post"}],"author":[{"embeddable":true,"href":"https:\/\/nuevodigitaldeescobar.com.ar\/index.php?rest_route=\/wp\/v2\/users\/1"}],"replies":[{"embeddable":true,"href":"https:\/\/nuevodigitaldeescobar.com.ar\/index.php?rest_route=%2Fwp%2Fv2%2Fcomments&post=17890"}],"version-history":[{"count":1,"href":"https:\/\/nuevodigitaldeescobar.com.ar\/index.php?rest_route=\/wp\/v2\/posts\/17890\/revisions"}],"predecessor-version":[{"id":17894,"href":"https:\/\/nuevodigitaldeescobar.com.ar\/index.php?rest_route=\/wp\/v2\/posts\/17890\/revisions\/17894"}],"wp:featuredmedia":[{"embeddable":true,"href":"https:\/\/nuevodigitaldeescobar.com.ar\/index.php?rest_route=\/wp\/v2\/media\/17891"}],"wp:attachment":[{"href":"https:\/\/nuevodigitaldeescobar.com.ar\/index.php?rest_route=%2Fwp%2Fv2%2Fmedia&parent=17890"}],"wp:term":[{"taxonomy":"category","embeddable":true,"href":"https:\/\/nuevodigitaldeescobar.com.ar\/index.php?rest_route=%2Fwp%2Fv2%2Fcategories&post=17890"},{"taxonomy":"post_tag","embeddable":true,"href":"https:\/\/nuevodigitaldeescobar.com.ar\/index.php?rest_route=%2Fwp%2Fv2%2Ftags&post=17890"}],"curies":[{"name":"wp","href":"https:\/\/api.w.org\/{rel}","templated":true}]}}