{"id":17935,"date":"2025-09-09T03:32:00","date_gmt":"2025-09-09T06:32:00","guid":{"rendered":"https:\/\/nuevodigitaldeescobar.com.ar\/?p=17935"},"modified":"2025-09-08T20:35:47","modified_gmt":"2025-09-08T23:35:47","slug":"economia-bonaerense-en-retroceso-empleo-salarios-y-jubilaciones-bajo-presion","status":"publish","type":"post","link":"https:\/\/nuevodigitaldeescobar.com.ar\/?p=17935","title":{"rendered":"Econom\u00eda bonaerense en retroceso: empleo, salarios y jubilaciones bajo presi\u00f3n"},"content":{"rendered":"\n<p class=\"has-vivid-cyan-blue-color has-text-color has-link-color wp-elements-fc37d75bf1e8b9c009304e70cc0d7035\"><em><strong>La provincia de Buenos Aires atraviesa un panorama econ\u00f3mico complejo tras las elecciones legislativas. Con ca\u00eddas en la actividad productiva, retroceso del empleo formal y deterioro de salarios y jubilaciones, el escenario provincial se aleja de los indicadores nacionales y refuerza la posibilidad de una recesi\u00f3n t\u00e9cnica hacia fin de a\u00f1o.<\/strong><\/em><\/p>\n\n\n\n<!--more-->\n\n\n\n<h3 class=\"wp-block-heading has-text-color has-link-color wp-elements-2d125c5d612b659172bed510d884f7ee\" style=\"color:#1034b6\"><em>Actividad en baja<\/em><\/h3>\n\n\n\n<p>Seg\u00fan el informe <strong>Pulso PBA<\/strong>, elaborado por el Banco Provincia y la UBA, la actividad econ\u00f3mica cay\u00f3 <strong>0,3% en julio<\/strong> y <strong>1,4% en agosto<\/strong>. Para evitar una recesi\u00f3n, septiembre deber\u00eda haber crecido m\u00e1s de 5%, algo que los especialistas consideran poco probable.<\/p>\n\n\n\n<p>Mientras el EMAE nacional creci\u00f3 m\u00e1s de 3% entre noviembre de 2023 y junio de 2025, en PBA la contracci\u00f3n fue de <strong>2,7%<\/strong> al incluir agosto, debido a la menor incidencia de sectores como miner\u00eda y agro en la econom\u00eda provincial.<\/p>\n\n\n\n<h3 class=\"wp-block-heading has-text-color has-link-color wp-elements-b85fc8bbfcabd2f4ed2fefdf647b8fa1\" style=\"color:#1034b6\"><em>Empleo: retroceso moderado<\/em><\/h3>\n\n\n\n<p>El empleo formal cay\u00f3 <strong>2,5% a nivel pa\u00eds<\/strong>, pero en Buenos Aires la baja fue menor: <strong>1,3%<\/strong>. De todas formas, desde mediados de 2024 se perdieron hasta <strong>55.000 puestos de trabajo<\/strong>, con una recuperaci\u00f3n parcial hacia 2025.<\/p>\n\n\n\n<p class=\"has-text-color has-link-color wp-elements-5cbb2389b34c4e1f0d410a99bb015239\" style=\"color:#1034b6\"><strong>\ud83d\udcca Evoluci\u00f3n del empleo formal<\/strong><\/p>\n\n\n\n<figure class=\"wp-block-table is-style-stripes\"><table class=\"has-vivid-cyan-blue-to-vivid-purple-gradient-background has-background has-fixed-layout\"><thead><tr><th>Per\u00edodo<\/th><th>Naci\u00f3n<\/th><th>PBA<\/th><\/tr><\/thead><tbody><tr><td>Promedio 2023 &#8211; mayo 2025<\/td><td>-2,5%<\/td><td>-1,3%<\/td><\/tr><tr><td>Puestos perdidos en PBA<\/td><td>\u2014<\/td><td>33.156 (55.000 en el peor momento)<\/td><\/tr><\/tbody><\/table><\/figure>\n\n\n\n<h3 class=\"wp-block-heading has-text-color has-link-color wp-elements-2957699db93875307a9c8d570738545b\" style=\"color:#1034b6\"><em>Consumo y ventas<\/em><\/h3>\n\n\n\n<p>Las ventas en supermercados se desplomaron en el <strong>GBA (-6,6%)<\/strong>, mientras que en el interior bonaerense crecieron <strong>5,9%<\/strong>, mostrando una fuerte disparidad territorial.<\/p>\n\n\n\n<h3 class=\"wp-block-heading has-text-color has-link-color wp-elements-944923b334bc238369173dd8a650dbd4\" style=\"color:#1034b6\"><em>Salarios y jubilaciones en ca\u00edda<\/em><\/h3>\n\n\n\n<p>El deterioro de los ingresos fue generalizado:<\/p>\n\n\n\n<ul class=\"wp-block-list\">\n<li><strong>Salario privado registrado<\/strong>: cay\u00f3 <strong>4%<\/strong> en lo que va de 2025.<\/li>\n\n\n\n<li><strong>Salario p\u00fablico<\/strong>: perdi\u00f3 <strong>20% a inicios de 2024<\/strong> y en 2025 apenas recuper\u00f3 un 3%.<\/li>\n\n\n\n<li><strong>Jubilaciones<\/strong>: retrocedieron <strong>11% respecto a 2021<\/strong>, <strong>26% frente a 2017<\/strong> y <strong>28% en comparaci\u00f3n con 2013<\/strong>.<\/li>\n<\/ul>\n\n\n\n<p class=\"has-text-color has-link-color wp-elements-7cdd4198329697cd37c13eadfd4581a9\" style=\"color:#1034b6\"><strong>\ud83d\udcc9 Ca\u00edda de salarios y jubilaciones en PBA (comparaci\u00f3n hist\u00f3rica)<\/strong><\/p>\n\n\n\n<figure class=\"wp-block-table is-style-stripes\"><table class=\"has-luminous-vivid-orange-to-vivid-red-gradient-background has-background has-fixed-layout\"><thead><tr><th>Sector<\/th><th>vs. 2013<\/th><th>vs. 2017<\/th><th>vs. 2021<\/th><\/tr><\/thead><tbody><tr><td>Salarios privados<\/td><td>-14%<\/td><td>-12%<\/td><td>similar a 2021 (pandemia)<\/td><\/tr><tr><td>Salarios p\u00fablicos<\/td><td>-33%<\/td><td>-12%<\/td><td>-12%<\/td><\/tr><tr><td>Jubilaciones<\/td><td>-28%<\/td><td>-26%<\/td><td>-11%<\/td><\/tr><\/tbody><\/table><\/figure>\n\n\n\n<h3 class=\"wp-block-heading has-text-color has-link-color wp-elements-840543033004c421c85014fe573cc3e5\" style=\"color:#1034b6\"><em>Perspectiva<\/em><\/h3>\n\n\n\n<p>Los analistas se\u00f1alan que el impacto del retiro de subsidios, la ca\u00edda de la construcci\u00f3n y la industria, junto al retroceso del salario real, golpea con m\u00e1s fuerza al <strong>Conurbano bonaerense<\/strong>. El deterioro del poder adquisitivo y la merma del empleo configuran un escenario complejo que podr\u00eda profundizarse en los pr\u00f3ximos meses.<\/p>\n","protected":false},"excerpt":{"rendered":"<p>La provincia de Buenos Aires atraviesa un panorama econ\u00f3mico complejo tras las elecciones legislativas. Con ca\u00eddas en la actividad productiva, retroceso del empleo formal y [&hellip;]<\/p>\n","protected":false},"author":1,"featured_media":17936,"comment_status":"open","ping_status":"open","sticky":false,"template":"","format":"standard","meta":{"footnotes":""},"categories":[10],"tags":[],"class_list":["post-17935","post","type-post","status-publish","format-standard","has-post-thumbnail","hentry","category-economia"],"better_featured_image":{"id":17936,"alt_text":"","caption":"","description":"","media_type":"image","media_details":{"width":1183,"height":703,"file":"2025\/09\/caidacomerciopba57.png","filesize":1971677,"sizes":{"medium":{"file":"caidacomerciopba57-300x178.png","width":300,"height":178,"mime-type":"image\/png","filesize":46390,"source_url":"https:\/\/nuevodigitaldeescobar.com.ar\/wp-content\/uploads\/2025\/09\/caidacomerciopba57-300x178.png"},"large":{"file":"caidacomerciopba57-1024x609.png","width":1024,"height":609,"mime-type":"image\/png","filesize":432958,"source_url":"https:\/\/nuevodigitaldeescobar.com.ar\/wp-content\/uploads\/2025\/09\/caidacomerciopba57-1024x609.png"},"thumbnail":{"file":"caidacomerciopba57-150x150.png","width":150,"height":150,"mime-type":"image\/png","filesize":21096,"source_url":"https:\/\/nuevodigitaldeescobar.com.ar\/wp-content\/uploads\/2025\/09\/caidacomerciopba57-150x150.png"},"medium_large":{"file":"caidacomerciopba57-768x456.png","width":768,"height":456,"mime-type":"image\/png","filesize":255918,"source_url":"https:\/\/nuevodigitaldeescobar.com.ar\/wp-content\/uploads\/2025\/09\/caidacomerciopba57-768x456.png"}},"image_meta":{"aperture":"0","credit":"","camera":"","caption":"","created_timestamp":"0","copyright":"","focal_length":"0","iso":"0","shutter_speed":"0","title":"","orientation":"0","keywords":[]}},"post":17935,"source_url":"https:\/\/nuevodigitaldeescobar.com.ar\/wp-content\/uploads\/2025\/09\/caidacomerciopba57.png"},"yoast_head":"<!-- This site is optimized with the Yoast SEO plugin v26.1.1 - https:\/\/yoast.com\/wordpress\/plugins\/seo\/ -->\n<title>Econom\u00eda bonaerense en retroceso: empleo, salarios y jubilaciones bajo presi\u00f3n - Nuevo Digital de Escobar<\/title>\n<meta name=\"robots\" content=\"index, follow, max-snippet:-1, max-image-preview:large, max-video-preview:-1\" \/>\n<link rel=\"canonical\" href=\"https:\/\/nuevodigitaldeescobar.com.ar\/?p=17935\" \/>\n<meta property=\"og:locale\" content=\"es_ES\" \/>\n<meta property=\"og:type\" content=\"article\" \/>\n<meta property=\"og:title\" content=\"Econom\u00eda bonaerense en retroceso: empleo, salarios y jubilaciones bajo presi\u00f3n - Nuevo Digital de Escobar\" \/>\n<meta property=\"og:description\" content=\"La provincia de Buenos Aires atraviesa un panorama econ\u00f3mico complejo tras las elecciones legislativas. Con ca\u00eddas en la actividad productiva, retroceso del empleo formal y [&hellip;]\" \/>\n<meta property=\"og:url\" content=\"https:\/\/nuevodigitaldeescobar.com.ar\/?p=17935\" \/>\n<meta property=\"og:site_name\" content=\"Nuevo Digital de Escobar\" \/>\n<meta property=\"article:publisher\" content=\"https:\/\/www.facebook.com\/NUEVODigitalDeEscobar\" \/>\n<meta property=\"article:published_time\" content=\"2025-09-09T06:32:00+00:00\" \/>\n<meta property=\"og:image\" content=\"https:\/\/nuevodigitaldeescobar.com.ar\/wp-content\/uploads\/2025\/09\/caidacomerciopba57.png\" \/>\n\t<meta property=\"og:image:width\" content=\"1183\" \/>\n\t<meta property=\"og:image:height\" content=\"703\" \/>\n\t<meta property=\"og:image:type\" content=\"image\/png\" \/>\n<meta name=\"author\" content=\"Redacci\u00f3n\" \/>\n<meta name=\"twitter:card\" content=\"summary_large_image\" \/>\n<meta name=\"twitter:creator\" content=\"@nuevodigescobar\" \/>\n<meta name=\"twitter:site\" content=\"@nuevodigescobar\" \/>\n<meta name=\"twitter:label1\" content=\"Escrito por\" \/>\n\t<meta name=\"twitter:data1\" content=\"Redacci\u00f3n\" \/>\n\t<meta name=\"twitter:label2\" content=\"Tiempo de lectura\" \/>\n\t<meta name=\"twitter:data2\" content=\"2 minutos\" \/>\n<script type=\"application\/ld+json\" class=\"yoast-schema-graph\">{\"@context\":\"https:\/\/schema.org\",\"@graph\":[{\"@type\":\"Article\",\"@id\":\"https:\/\/nuevodigitaldeescobar.com.ar\/?p=17935#article\",\"isPartOf\":{\"@id\":\"https:\/\/nuevodigitaldeescobar.com.ar\/?p=17935\"},\"author\":{\"name\":\"Redacci\u00f3n\",\"@id\":\"https:\/\/nuevodigitaldeescobar.com.ar\/#\/schema\/person\/035e90a8efe9a80e6eec22656ad6ea4c\"},\"headline\":\"Econom\u00eda bonaerense en retroceso: empleo, salarios y jubilaciones bajo presi\u00f3n\",\"datePublished\":\"2025-09-09T06:32:00+00:00\",\"mainEntityOfPage\":{\"@id\":\"https:\/\/nuevodigitaldeescobar.com.ar\/?p=17935\"},\"wordCount\":378,\"commentCount\":0,\"publisher\":{\"@id\":\"https:\/\/nuevodigitaldeescobar.com.ar\/#organization\"},\"image\":{\"@id\":\"https:\/\/nuevodigitaldeescobar.com.ar\/?p=17935#primaryimage\"},\"thumbnailUrl\":\"https:\/\/nuevodigitaldeescobar.com.ar\/wp-content\/uploads\/2025\/09\/caidacomerciopba57.png\",\"articleSection\":[\"Econom\u00eda\"],\"inLanguage\":\"es\",\"potentialAction\":[{\"@type\":\"CommentAction\",\"name\":\"Comment\",\"target\":[\"https:\/\/nuevodigitaldeescobar.com.ar\/?p=17935#respond\"]}]},{\"@type\":\"WebPage\",\"@id\":\"https:\/\/nuevodigitaldeescobar.com.ar\/?p=17935\",\"url\":\"https:\/\/nuevodigitaldeescobar.com.ar\/?p=17935\",\"name\":\"Econom\u00eda bonaerense en retroceso: empleo, salarios y jubilaciones bajo presi\u00f3n - Nuevo Digital de Escobar\",\"isPartOf\":{\"@id\":\"https:\/\/nuevodigitaldeescobar.com.ar\/#website\"},\"primaryImageOfPage\":{\"@id\":\"https:\/\/nuevodigitaldeescobar.com.ar\/?p=17935#primaryimage\"},\"image\":{\"@id\":\"https:\/\/nuevodigitaldeescobar.com.ar\/?p=17935#primaryimage\"},\"thumbnailUrl\":\"https:\/\/nuevodigitaldeescobar.com.ar\/wp-content\/uploads\/2025\/09\/caidacomerciopba57.png\",\"datePublished\":\"2025-09-09T06:32:00+00:00\",\"breadcrumb\":{\"@id\":\"https:\/\/nuevodigitaldeescobar.com.ar\/?p=17935#breadcrumb\"},\"inLanguage\":\"es\",\"potentialAction\":[{\"@type\":\"ReadAction\",\"target\":[\"https:\/\/nuevodigitaldeescobar.com.ar\/?p=17935\"]}]},{\"@type\":\"ImageObject\",\"inLanguage\":\"es\",\"@id\":\"https:\/\/nuevodigitaldeescobar.com.ar\/?p=17935#primaryimage\",\"url\":\"https:\/\/nuevodigitaldeescobar.com.ar\/wp-content\/uploads\/2025\/09\/caidacomerciopba57.png\",\"contentUrl\":\"https:\/\/nuevodigitaldeescobar.com.ar\/wp-content\/uploads\/2025\/09\/caidacomerciopba57.png\",\"width\":1183,\"height\":703},{\"@type\":\"BreadcrumbList\",\"@id\":\"https:\/\/nuevodigitaldeescobar.com.ar\/?p=17935#breadcrumb\",\"itemListElement\":[{\"@type\":\"ListItem\",\"position\":1,\"name\":\"Portada\",\"item\":\"https:\/\/nuevodigitaldeescobar.com.ar\/\"},{\"@type\":\"ListItem\",\"position\":2,\"name\":\"Econom\u00eda bonaerense en retroceso: empleo, salarios y jubilaciones bajo presi\u00f3n\"}]},{\"@type\":\"WebSite\",\"@id\":\"https:\/\/nuevodigitaldeescobar.com.ar\/#website\",\"url\":\"https:\/\/nuevodigitaldeescobar.com.ar\/\",\"name\":\"Nuevo Digital de Escobar\",\"description\":\"La vida escobarense. Directora: Rosana Brunner\",\"publisher\":{\"@id\":\"https:\/\/nuevodigitaldeescobar.com.ar\/#organization\"},\"potentialAction\":[{\"@type\":\"SearchAction\",\"target\":{\"@type\":\"EntryPoint\",\"urlTemplate\":\"https:\/\/nuevodigitaldeescobar.com.ar\/?s={search_term_string}\"},\"query-input\":{\"@type\":\"PropertyValueSpecification\",\"valueRequired\":true,\"valueName\":\"search_term_string\"}}],\"inLanguage\":\"es\"},{\"@type\":\"Organization\",\"@id\":\"https:\/\/nuevodigitaldeescobar.com.ar\/#organization\",\"name\":\"Nuevo Digital de Escobar\",\"url\":\"https:\/\/nuevodigitaldeescobar.com.ar\/\",\"logo\":{\"@type\":\"ImageObject\",\"inLanguage\":\"es\",\"@id\":\"https:\/\/nuevodigitaldeescobar.com.ar\/#\/schema\/logo\/image\/\",\"url\":\"https:\/\/nuevodigitaldeescobar.com.ar\/wp-content\/uploads\/2025\/05\/cropped-logo-nuevo2.jpg\",\"contentUrl\":\"https:\/\/nuevodigitaldeescobar.com.ar\/wp-content\/uploads\/2025\/05\/cropped-logo-nuevo2.jpg\",\"width\":305,\"height\":305,\"caption\":\"Nuevo Digital de Escobar\"},\"image\":{\"@id\":\"https:\/\/nuevodigitaldeescobar.com.ar\/#\/schema\/logo\/image\/\"},\"sameAs\":[\"https:\/\/www.facebook.com\/NUEVODigitalDeEscobar\",\"https:\/\/x.com\/nuevodigescobar\",\"https:\/\/www.instagram.com\/nuevodigitaldeescobar\"]},{\"@type\":\"Person\",\"@id\":\"https:\/\/nuevodigitaldeescobar.com.ar\/#\/schema\/person\/035e90a8efe9a80e6eec22656ad6ea4c\",\"name\":\"Redacci\u00f3n\",\"image\":{\"@type\":\"ImageObject\",\"inLanguage\":\"es\",\"@id\":\"https:\/\/nuevodigitaldeescobar.com.ar\/#\/schema\/person\/image\/\",\"url\":\"https:\/\/secure.gravatar.com\/avatar\/8af8f40000c24e9eef3034f2be5998a372bb1389e64b1a4a36b3a7979142220d?s=96&d=mm&r=g\",\"contentUrl\":\"https:\/\/secure.gravatar.com\/avatar\/8af8f40000c24e9eef3034f2be5998a372bb1389e64b1a4a36b3a7979142220d?s=96&d=mm&r=g\",\"caption\":\"Redacci\u00f3n\"},\"sameAs\":[\"http:\/\/nuevodigitaldeescobar.com.ar\"],\"url\":\"https:\/\/nuevodigitaldeescobar.com.ar\/?author=1\"}]}<\/script>\n<!-- \/ Yoast SEO plugin. -->","yoast_head_json":{"title":"Econom\u00eda bonaerense en retroceso: empleo, salarios y jubilaciones bajo presi\u00f3n - Nuevo Digital de Escobar","robots":{"index":"index","follow":"follow","max-snippet":"max-snippet:-1","max-image-preview":"max-image-preview:large","max-video-preview":"max-video-preview:-1"},"canonical":"https:\/\/nuevodigitaldeescobar.com.ar\/?p=17935","og_locale":"es_ES","og_type":"article","og_title":"Econom\u00eda bonaerense en retroceso: empleo, salarios y jubilaciones bajo presi\u00f3n - Nuevo Digital de Escobar","og_description":"La provincia de Buenos Aires atraviesa un panorama econ\u00f3mico complejo tras las elecciones legislativas. Con ca\u00eddas en la actividad productiva, retroceso del empleo formal y [&hellip;]","og_url":"https:\/\/nuevodigitaldeescobar.com.ar\/?p=17935","og_site_name":"Nuevo Digital de Escobar","article_publisher":"https:\/\/www.facebook.com\/NUEVODigitalDeEscobar","article_published_time":"2025-09-09T06:32:00+00:00","og_image":[{"width":1183,"height":703,"url":"https:\/\/nuevodigitaldeescobar.com.ar\/wp-content\/uploads\/2025\/09\/caidacomerciopba57.png","type":"image\/png"}],"author":"Redacci\u00f3n","twitter_card":"summary_large_image","twitter_creator":"@nuevodigescobar","twitter_site":"@nuevodigescobar","twitter_misc":{"Escrito por":"Redacci\u00f3n","Tiempo de lectura":"2 minutos"},"schema":{"@context":"https:\/\/schema.org","@graph":[{"@type":"Article","@id":"https:\/\/nuevodigitaldeescobar.com.ar\/?p=17935#article","isPartOf":{"@id":"https:\/\/nuevodigitaldeescobar.com.ar\/?p=17935"},"author":{"name":"Redacci\u00f3n","@id":"https:\/\/nuevodigitaldeescobar.com.ar\/#\/schema\/person\/035e90a8efe9a80e6eec22656ad6ea4c"},"headline":"Econom\u00eda bonaerense en retroceso: empleo, salarios y jubilaciones bajo presi\u00f3n","datePublished":"2025-09-09T06:32:00+00:00","mainEntityOfPage":{"@id":"https:\/\/nuevodigitaldeescobar.com.ar\/?p=17935"},"wordCount":378,"commentCount":0,"publisher":{"@id":"https:\/\/nuevodigitaldeescobar.com.ar\/#organization"},"image":{"@id":"https:\/\/nuevodigitaldeescobar.com.ar\/?p=17935#primaryimage"},"thumbnailUrl":"https:\/\/nuevodigitaldeescobar.com.ar\/wp-content\/uploads\/2025\/09\/caidacomerciopba57.png","articleSection":["Econom\u00eda"],"inLanguage":"es","potentialAction":[{"@type":"CommentAction","name":"Comment","target":["https:\/\/nuevodigitaldeescobar.com.ar\/?p=17935#respond"]}]},{"@type":"WebPage","@id":"https:\/\/nuevodigitaldeescobar.com.ar\/?p=17935","url":"https:\/\/nuevodigitaldeescobar.com.ar\/?p=17935","name":"Econom\u00eda bonaerense en retroceso: empleo, salarios y jubilaciones bajo presi\u00f3n - Nuevo Digital de Escobar","isPartOf":{"@id":"https:\/\/nuevodigitaldeescobar.com.ar\/#website"},"primaryImageOfPage":{"@id":"https:\/\/nuevodigitaldeescobar.com.ar\/?p=17935#primaryimage"},"image":{"@id":"https:\/\/nuevodigitaldeescobar.com.ar\/?p=17935#primaryimage"},"thumbnailUrl":"https:\/\/nuevodigitaldeescobar.com.ar\/wp-content\/uploads\/2025\/09\/caidacomerciopba57.png","datePublished":"2025-09-09T06:32:00+00:00","breadcrumb":{"@id":"https:\/\/nuevodigitaldeescobar.com.ar\/?p=17935#breadcrumb"},"inLanguage":"es","potentialAction":[{"@type":"ReadAction","target":["https:\/\/nuevodigitaldeescobar.com.ar\/?p=17935"]}]},{"@type":"ImageObject","inLanguage":"es","@id":"https:\/\/nuevodigitaldeescobar.com.ar\/?p=17935#primaryimage","url":"https:\/\/nuevodigitaldeescobar.com.ar\/wp-content\/uploads\/2025\/09\/caidacomerciopba57.png","contentUrl":"https:\/\/nuevodigitaldeescobar.com.ar\/wp-content\/uploads\/2025\/09\/caidacomerciopba57.png","width":1183,"height":703},{"@type":"BreadcrumbList","@id":"https:\/\/nuevodigitaldeescobar.com.ar\/?p=17935#breadcrumb","itemListElement":[{"@type":"ListItem","position":1,"name":"Portada","item":"https:\/\/nuevodigitaldeescobar.com.ar\/"},{"@type":"ListItem","position":2,"name":"Econom\u00eda bonaerense en retroceso: empleo, salarios y jubilaciones bajo presi\u00f3n"}]},{"@type":"WebSite","@id":"https:\/\/nuevodigitaldeescobar.com.ar\/#website","url":"https:\/\/nuevodigitaldeescobar.com.ar\/","name":"Nuevo Digital de Escobar","description":"La vida escobarense. Directora: Rosana Brunner","publisher":{"@id":"https:\/\/nuevodigitaldeescobar.com.ar\/#organization"},"potentialAction":[{"@type":"SearchAction","target":{"@type":"EntryPoint","urlTemplate":"https:\/\/nuevodigitaldeescobar.com.ar\/?s={search_term_string}"},"query-input":{"@type":"PropertyValueSpecification","valueRequired":true,"valueName":"search_term_string"}}],"inLanguage":"es"},{"@type":"Organization","@id":"https:\/\/nuevodigitaldeescobar.com.ar\/#organization","name":"Nuevo Digital de Escobar","url":"https:\/\/nuevodigitaldeescobar.com.ar\/","logo":{"@type":"ImageObject","inLanguage":"es","@id":"https:\/\/nuevodigitaldeescobar.com.ar\/#\/schema\/logo\/image\/","url":"https:\/\/nuevodigitaldeescobar.com.ar\/wp-content\/uploads\/2025\/05\/cropped-logo-nuevo2.jpg","contentUrl":"https:\/\/nuevodigitaldeescobar.com.ar\/wp-content\/uploads\/2025\/05\/cropped-logo-nuevo2.jpg","width":305,"height":305,"caption":"Nuevo Digital de Escobar"},"image":{"@id":"https:\/\/nuevodigitaldeescobar.com.ar\/#\/schema\/logo\/image\/"},"sameAs":["https:\/\/www.facebook.com\/NUEVODigitalDeEscobar","https:\/\/x.com\/nuevodigescobar","https:\/\/www.instagram.com\/nuevodigitaldeescobar"]},{"@type":"Person","@id":"https:\/\/nuevodigitaldeescobar.com.ar\/#\/schema\/person\/035e90a8efe9a80e6eec22656ad6ea4c","name":"Redacci\u00f3n","image":{"@type":"ImageObject","inLanguage":"es","@id":"https:\/\/nuevodigitaldeescobar.com.ar\/#\/schema\/person\/image\/","url":"https:\/\/secure.gravatar.com\/avatar\/8af8f40000c24e9eef3034f2be5998a372bb1389e64b1a4a36b3a7979142220d?s=96&d=mm&r=g","contentUrl":"https:\/\/secure.gravatar.com\/avatar\/8af8f40000c24e9eef3034f2be5998a372bb1389e64b1a4a36b3a7979142220d?s=96&d=mm&r=g","caption":"Redacci\u00f3n"},"sameAs":["http:\/\/nuevodigitaldeescobar.com.ar"],"url":"https:\/\/nuevodigitaldeescobar.com.ar\/?author=1"}]}},"featured_image_urls":{"full":["https:\/\/nuevodigitaldeescobar.com.ar\/wp-content\/uploads\/2025\/09\/caidacomerciopba57.png",1183,703,false],"thumbnail":["https:\/\/nuevodigitaldeescobar.com.ar\/wp-content\/uploads\/2025\/09\/caidacomerciopba57-150x150.png",150,150,true],"medium":["https:\/\/nuevodigitaldeescobar.com.ar\/wp-content\/uploads\/2025\/09\/caidacomerciopba57-300x178.png",300,178,true],"medium_large":["https:\/\/nuevodigitaldeescobar.com.ar\/wp-content\/uploads\/2025\/09\/caidacomerciopba57-768x456.png",640,380,true],"large":["https:\/\/nuevodigitaldeescobar.com.ar\/wp-content\/uploads\/2025\/09\/caidacomerciopba57-1024x609.png",640,381,true],"1536x1536":["https:\/\/nuevodigitaldeescobar.com.ar\/wp-content\/uploads\/2025\/09\/caidacomerciopba57.png",1183,703,false],"2048x2048":["https:\/\/nuevodigitaldeescobar.com.ar\/wp-content\/uploads\/2025\/09\/caidacomerciopba57.png",1183,703,false]},"author_info":{"display_name":"Redacci\u00f3n","author_link":"https:\/\/nuevodigitaldeescobar.com.ar\/?author=1"},"category_info":"<a href=\"https:\/\/nuevodigitaldeescobar.com.ar\/?cat=10\" rel=\"category\">Econom\u00eda<\/a>","tag_info":"Econom\u00eda","comment_count":"0","_links":{"self":[{"href":"https:\/\/nuevodigitaldeescobar.com.ar\/index.php?rest_route=\/wp\/v2\/posts\/17935","targetHints":{"allow":["GET"]}}],"collection":[{"href":"https:\/\/nuevodigitaldeescobar.com.ar\/index.php?rest_route=\/wp\/v2\/posts"}],"about":[{"href":"https:\/\/nuevodigitaldeescobar.com.ar\/index.php?rest_route=\/wp\/v2\/types\/post"}],"author":[{"embeddable":true,"href":"https:\/\/nuevodigitaldeescobar.com.ar\/index.php?rest_route=\/wp\/v2\/users\/1"}],"replies":[{"embeddable":true,"href":"https:\/\/nuevodigitaldeescobar.com.ar\/index.php?rest_route=%2Fwp%2Fv2%2Fcomments&post=17935"}],"version-history":[{"count":1,"href":"https:\/\/nuevodigitaldeescobar.com.ar\/index.php?rest_route=\/wp\/v2\/posts\/17935\/revisions"}],"predecessor-version":[{"id":17937,"href":"https:\/\/nuevodigitaldeescobar.com.ar\/index.php?rest_route=\/wp\/v2\/posts\/17935\/revisions\/17937"}],"wp:featuredmedia":[{"embeddable":true,"href":"https:\/\/nuevodigitaldeescobar.com.ar\/index.php?rest_route=\/wp\/v2\/media\/17936"}],"wp:attachment":[{"href":"https:\/\/nuevodigitaldeescobar.com.ar\/index.php?rest_route=%2Fwp%2Fv2%2Fmedia&parent=17935"}],"wp:term":[{"taxonomy":"category","embeddable":true,"href":"https:\/\/nuevodigitaldeescobar.com.ar\/index.php?rest_route=%2Fwp%2Fv2%2Fcategories&post=17935"},{"taxonomy":"post_tag","embeddable":true,"href":"https:\/\/nuevodigitaldeescobar.com.ar\/index.php?rest_route=%2Fwp%2Fv2%2Ftags&post=17935"}],"curies":[{"name":"wp","href":"https:\/\/api.w.org\/{rel}","templated":true}]}}