{"id":17958,"date":"2025-09-09T23:20:20","date_gmt":"2025-09-10T02:20:20","guid":{"rendered":"https:\/\/nuevodigitaldeescobar.com.ar\/?p=17958"},"modified":"2025-09-09T23:24:03","modified_gmt":"2025-09-10T02:24:03","slug":"la-seleccion-perdio-1-0-con-ecuador-en-una-noche-para-el-olvido-en-guayaquil","status":"publish","type":"post","link":"https:\/\/nuevodigitaldeescobar.com.ar\/?p=17958","title":{"rendered":"La Selecci\u00f3n perdi\u00f3 1-0 con Ecuador en una noche para el olvido en Guayaquil"},"content":{"rendered":"\n<p><strong>Argentina tuvo una noche gris ante Ecuador<\/strong>\u00a0 en la \u00faltima fecha de las Eliminatorias Sudamericanas. La Selecci\u00f3n no pudo marcar nunca la diferencia y <strong>la Tri supo sacar provecho al m\u00e1ximo de su ventaja f\u00edsica y las deficiencias defensivas de su rival<\/strong>, ganando con bastante autoridad por \u00a0<strong>1-0<\/strong>.<\/p>\n<p><strong>El local empez\u00f3 el partido con la posesi\u00f3n y varias chances claras<\/strong>, entre ellas un remate de Angulo que Dibu contuvo en el primer palo y un gol anulado por un claro offside de Enner Valencia.<\/p>\n<p>Ese dominio de la Tri en la primera media hora deriv\u00f3 en un ataque peligroso que empez\u00f3 con un pase largo de Mois\u00e9s Caicedo, y recepcion\u00f3 el mismo <strong>Valencia<\/strong>, que <strong>le gan\u00f3 la espalda a Balerdi<\/strong> y que oblig\u00f3 a <strong>Otamendi<\/strong>\u00a0 a cruzarlo como \u00faltimo hombre, resultando en su <strong>expulsi\u00f3n<\/strong>\u00a0 en <strong>su\u00a0\u00faltimo partido de Eliminatorias con la Selecci\u00f3n<\/strong>.<\/p>\n\n<h3 class=\"dailyMotionTitle\">La expulsi\u00f3n de Nicol\u00e1s Otamendi<\/h3>\n<aside>\n<figure class=\"op-interactive\"><\/figure>\n<\/aside>\n<\/div>\n<p>La roja del defensor del B\u00e9nfica forz\u00f3 a hacer un <strong>cambio de emergencia a Lionel Scaloni para reforzar la defensa<\/strong> (<strong>Juan Foyth por Giulano Simeone<\/strong>), aunque no calm\u00f3 las embestidas de los locales, quienes aprovechaban la diferencia num\u00e9rica.<\/p>\n<p>A pesar de esta situaci\u00f3n adversa para la Albiceleste, el combinado ecuatoriano no logr\u00f3 convertir sus opciones en gol. Sin embargo, sobre el cierre de la primera mitad,\u00a0<strong>Tagliafico le cometi\u00f3 un pol\u00e9mico penal a \u00c1ngelo Preciado<\/strong>, que <strong>Valencia transform\u00f3 en gol<\/strong>.<\/p>\n<div class=\"text-center\">\n<h3 class=\"dailyMotionTitle\">El gol de Valencia para el 1-0 de Ecuador<\/h3>\n<aside>\n<figure class=\"op-interactive\"><\/figure>\n<\/aside>\n<\/div>\n<p>Ya en el segundo tiempo, Ecuador no logr\u00f3 sostener su jugador extra, ya que \u00a0<strong>Caicedo ver\u00eda la segunda amarilla tras un cruce con Nico Gonz\u00e1lez<\/strong>.<\/p>\n<div class=\"text-center\">\n<h3 class=\"dailyMotionTitle\">La expulsi\u00f3n de Mois\u00e9s Caicedo<\/h3>\n<aside>\n<figure class=\"op-interactive\"><\/figure>\n<\/aside>\n<\/div>\n<p>A partir de ese momento, Argentina pudo tener por primera vez algunos lapsos de posesi\u00f3n y presi\u00f3n en la zona defensiva ecuatoriana, pero <strong>no resultaron en nada<\/strong>, terminando el partido con m\u00e1s dudas que certezas.<\/p>\n<p>Con este resultado, \u00a0<strong>la Selecci\u00f3n finaliz\u00f3 primera indiscutida en las Eliminatorias Sudamericanas con 38\u00a0puntos<\/strong>, producto de <strong>12 victorias, 2 empates y 4 derrotas<\/strong>. Por otra parte, esta derrota signific\u00f3 tambi\u00e9n el <strong>fin de su racha como primera del ranking FIFA<\/strong>, ya que <strong>ser\u00e1 superada por Espa\u00f1a y Francia en la siguiente actualizaci\u00f3n<\/strong>.<\/p>\n","protected":false},"excerpt":{"rendered":"<p>Argentina tuvo una noche gris ante Ecuador\u00a0 en la \u00faltima fecha de las Eliminatorias Sudamericanas. La Selecci\u00f3n no pudo marcar nunca la diferencia y la [&hellip;]<\/p>\n","protected":false},"author":1,"featured_media":17960,"comment_status":"open","ping_status":"open","sticky":false,"template":"","format":"standard","meta":{"footnotes":""},"categories":[8],"tags":[],"class_list":["post-17958","post","type-post","status-publish","format-standard","has-post-thumbnail","hentry","category-deportes"],"better_featured_image":{"id":17960,"alt_text":"","caption":"","description":"","media_type":"image","media_details":{"width":1600,"height":1067,"file":"2025\/09\/enner-valencia-ecuador-argentina-1440x810_1600_1067-KYF0vC.jpg","filesize":141934,"sizes":{"medium":{"file":"enner-valencia-ecuador-argentina-1440x810_1600_1067-KYF0vC-300x200.jpg","width":300,"height":200,"mime-type":"image\/jpeg","filesize":19717,"source_url":"https:\/\/nuevodigitaldeescobar.com.ar\/wp-content\/uploads\/2025\/09\/enner-valencia-ecuador-argentina-1440x810_1600_1067-KYF0vC-300x200.jpg"},"large":{"file":"enner-valencia-ecuador-argentina-1440x810_1600_1067-KYF0vC-1024x683.jpg","width":1024,"height":683,"mime-type":"image\/jpeg","filesize":114528,"source_url":"https:\/\/nuevodigitaldeescobar.com.ar\/wp-content\/uploads\/2025\/09\/enner-valencia-ecuador-argentina-1440x810_1600_1067-KYF0vC-1024x683.jpg"},"thumbnail":{"file":"enner-valencia-ecuador-argentina-1440x810_1600_1067-KYF0vC-150x150.jpg","width":150,"height":150,"mime-type":"image\/jpeg","filesize":8671,"source_url":"https:\/\/nuevodigitaldeescobar.com.ar\/wp-content\/uploads\/2025\/09\/enner-valencia-ecuador-argentina-1440x810_1600_1067-KYF0vC-150x150.jpg"},"medium_large":{"file":"enner-valencia-ecuador-argentina-1440x810_1600_1067-KYF0vC-768x512.jpg","width":768,"height":512,"mime-type":"image\/jpeg","filesize":75400,"source_url":"https:\/\/nuevodigitaldeescobar.com.ar\/wp-content\/uploads\/2025\/09\/enner-valencia-ecuador-argentina-1440x810_1600_1067-KYF0vC-768x512.jpg"},"1536x1536":{"file":"enner-valencia-ecuador-argentina-1440x810_1600_1067-KYF0vC-1536x1024.jpg","width":1536,"height":1024,"mime-type":"image\/jpeg","filesize":201976,"source_url":"https:\/\/nuevodigitaldeescobar.com.ar\/wp-content\/uploads\/2025\/09\/enner-valencia-ecuador-argentina-1440x810_1600_1067-KYF0vC-1536x1024.jpg"}},"image_meta":{"aperture":"0","credit":"","camera":"","caption":"","created_timestamp":"0","copyright":"","focal_length":"0","iso":"0","shutter_speed":"0","title":"","orientation":"0","keywords":[]}},"post":17958,"source_url":"https:\/\/nuevodigitaldeescobar.com.ar\/wp-content\/uploads\/2025\/09\/enner-valencia-ecuador-argentina-1440x810_1600_1067-KYF0vC.jpg"},"yoast_head":"<!-- This site is optimized with the Yoast SEO plugin v26.1.1 - https:\/\/yoast.com\/wordpress\/plugins\/seo\/ -->\n<title>La Selecci\u00f3n perdi\u00f3 1-0 con Ecuador en una noche para el olvido en Guayaquil - Nuevo Digital de Escobar<\/title>\n<meta name=\"robots\" content=\"index, follow, max-snippet:-1, max-image-preview:large, max-video-preview:-1\" \/>\n<link rel=\"canonical\" href=\"https:\/\/nuevodigitaldeescobar.com.ar\/?p=17958\" \/>\n<meta property=\"og:locale\" content=\"es_ES\" \/>\n<meta property=\"og:type\" content=\"article\" \/>\n<meta property=\"og:title\" content=\"La Selecci\u00f3n perdi\u00f3 1-0 con Ecuador en una noche para el olvido en Guayaquil - Nuevo Digital de Escobar\" \/>\n<meta property=\"og:description\" content=\"Argentina tuvo una noche gris ante Ecuador\u00a0 en la \u00faltima fecha de las Eliminatorias Sudamericanas. La Selecci\u00f3n no pudo marcar nunca la diferencia y la [&hellip;]\" \/>\n<meta property=\"og:url\" content=\"https:\/\/nuevodigitaldeescobar.com.ar\/?p=17958\" \/>\n<meta property=\"og:site_name\" content=\"Nuevo Digital de Escobar\" \/>\n<meta property=\"article:publisher\" content=\"https:\/\/www.facebook.com\/NUEVODigitalDeEscobar\" \/>\n<meta property=\"article:published_time\" content=\"2025-09-10T02:20:20+00:00\" \/>\n<meta property=\"article:modified_time\" content=\"2025-09-10T02:24:03+00:00\" \/>\n<meta property=\"og:image\" content=\"http:\/\/nuevodigitaldeescobar.com.ar\/wp-content\/uploads\/2025\/09\/enner-valencia-ecuador-argentina-1440x810_1600_1067-KYF0vC.jpg\" \/>\n\t<meta property=\"og:image:width\" content=\"1600\" \/>\n\t<meta property=\"og:image:height\" content=\"1067\" \/>\n\t<meta property=\"og:image:type\" content=\"image\/jpeg\" \/>\n<meta name=\"author\" content=\"Redacci\u00f3n\" \/>\n<meta name=\"twitter:card\" content=\"summary_large_image\" \/>\n<meta name=\"twitter:creator\" content=\"@nuevodigescobar\" \/>\n<meta name=\"twitter:site\" content=\"@nuevodigescobar\" \/>\n<meta name=\"twitter:label1\" content=\"Escrito por\" \/>\n\t<meta name=\"twitter:data1\" content=\"Redacci\u00f3n\" \/>\n\t<meta name=\"twitter:label2\" content=\"Tiempo de lectura\" \/>\n\t<meta name=\"twitter:data2\" content=\"2 minutos\" \/>\n<script type=\"application\/ld+json\" class=\"yoast-schema-graph\">{\"@context\":\"https:\/\/schema.org\",\"@graph\":[{\"@type\":\"Article\",\"@id\":\"https:\/\/nuevodigitaldeescobar.com.ar\/?p=17958#article\",\"isPartOf\":{\"@id\":\"https:\/\/nuevodigitaldeescobar.com.ar\/?p=17958\"},\"author\":{\"name\":\"Redacci\u00f3n\",\"@id\":\"https:\/\/nuevodigitaldeescobar.com.ar\/#\/schema\/person\/035e90a8efe9a80e6eec22656ad6ea4c\"},\"headline\":\"La Selecci\u00f3n perdi\u00f3 1-0 con Ecuador en una noche para el olvido en Guayaquil\",\"datePublished\":\"2025-09-10T02:20:20+00:00\",\"dateModified\":\"2025-09-10T02:24:03+00:00\",\"mainEntityOfPage\":{\"@id\":\"https:\/\/nuevodigitaldeescobar.com.ar\/?p=17958\"},\"wordCount\":390,\"commentCount\":0,\"publisher\":{\"@id\":\"https:\/\/nuevodigitaldeescobar.com.ar\/#organization\"},\"image\":{\"@id\":\"https:\/\/nuevodigitaldeescobar.com.ar\/?p=17958#primaryimage\"},\"thumbnailUrl\":\"https:\/\/nuevodigitaldeescobar.com.ar\/wp-content\/uploads\/2025\/09\/enner-valencia-ecuador-argentina-1440x810_1600_1067-KYF0vC.jpg\",\"articleSection\":[\"Deportes\"],\"inLanguage\":\"es\",\"potentialAction\":[{\"@type\":\"CommentAction\",\"name\":\"Comment\",\"target\":[\"https:\/\/nuevodigitaldeescobar.com.ar\/?p=17958#respond\"]}]},{\"@type\":\"WebPage\",\"@id\":\"https:\/\/nuevodigitaldeescobar.com.ar\/?p=17958\",\"url\":\"https:\/\/nuevodigitaldeescobar.com.ar\/?p=17958\",\"name\":\"La Selecci\u00f3n perdi\u00f3 1-0 con Ecuador en una noche para el olvido en Guayaquil - Nuevo Digital de Escobar\",\"isPartOf\":{\"@id\":\"https:\/\/nuevodigitaldeescobar.com.ar\/#website\"},\"primaryImageOfPage\":{\"@id\":\"https:\/\/nuevodigitaldeescobar.com.ar\/?p=17958#primaryimage\"},\"image\":{\"@id\":\"https:\/\/nuevodigitaldeescobar.com.ar\/?p=17958#primaryimage\"},\"thumbnailUrl\":\"https:\/\/nuevodigitaldeescobar.com.ar\/wp-content\/uploads\/2025\/09\/enner-valencia-ecuador-argentina-1440x810_1600_1067-KYF0vC.jpg\",\"datePublished\":\"2025-09-10T02:20:20+00:00\",\"dateModified\":\"2025-09-10T02:24:03+00:00\",\"breadcrumb\":{\"@id\":\"https:\/\/nuevodigitaldeescobar.com.ar\/?p=17958#breadcrumb\"},\"inLanguage\":\"es\",\"potentialAction\":[{\"@type\":\"ReadAction\",\"target\":[\"https:\/\/nuevodigitaldeescobar.com.ar\/?p=17958\"]}]},{\"@type\":\"ImageObject\",\"inLanguage\":\"es\",\"@id\":\"https:\/\/nuevodigitaldeescobar.com.ar\/?p=17958#primaryimage\",\"url\":\"https:\/\/nuevodigitaldeescobar.com.ar\/wp-content\/uploads\/2025\/09\/enner-valencia-ecuador-argentina-1440x810_1600_1067-KYF0vC.jpg\",\"contentUrl\":\"https:\/\/nuevodigitaldeescobar.com.ar\/wp-content\/uploads\/2025\/09\/enner-valencia-ecuador-argentina-1440x810_1600_1067-KYF0vC.jpg\",\"width\":1600,\"height\":1067},{\"@type\":\"BreadcrumbList\",\"@id\":\"https:\/\/nuevodigitaldeescobar.com.ar\/?p=17958#breadcrumb\",\"itemListElement\":[{\"@type\":\"ListItem\",\"position\":1,\"name\":\"Portada\",\"item\":\"https:\/\/nuevodigitaldeescobar.com.ar\/\"},{\"@type\":\"ListItem\",\"position\":2,\"name\":\"La Selecci\u00f3n perdi\u00f3 1-0 con Ecuador en una noche para el olvido en Guayaquil\"}]},{\"@type\":\"WebSite\",\"@id\":\"https:\/\/nuevodigitaldeescobar.com.ar\/#website\",\"url\":\"https:\/\/nuevodigitaldeescobar.com.ar\/\",\"name\":\"Nuevo Digital de Escobar\",\"description\":\"La vida escobarense. Directora: Rosana Brunner\",\"publisher\":{\"@id\":\"https:\/\/nuevodigitaldeescobar.com.ar\/#organization\"},\"potentialAction\":[{\"@type\":\"SearchAction\",\"target\":{\"@type\":\"EntryPoint\",\"urlTemplate\":\"https:\/\/nuevodigitaldeescobar.com.ar\/?s={search_term_string}\"},\"query-input\":{\"@type\":\"PropertyValueSpecification\",\"valueRequired\":true,\"valueName\":\"search_term_string\"}}],\"inLanguage\":\"es\"},{\"@type\":\"Organization\",\"@id\":\"https:\/\/nuevodigitaldeescobar.com.ar\/#organization\",\"name\":\"Nuevo Digital de Escobar\",\"url\":\"https:\/\/nuevodigitaldeescobar.com.ar\/\",\"logo\":{\"@type\":\"ImageObject\",\"inLanguage\":\"es\",\"@id\":\"https:\/\/nuevodigitaldeescobar.com.ar\/#\/schema\/logo\/image\/\",\"url\":\"https:\/\/nuevodigitaldeescobar.com.ar\/wp-content\/uploads\/2025\/05\/cropped-logo-nuevo2.jpg\",\"contentUrl\":\"https:\/\/nuevodigitaldeescobar.com.ar\/wp-content\/uploads\/2025\/05\/cropped-logo-nuevo2.jpg\",\"width\":305,\"height\":305,\"caption\":\"Nuevo Digital de Escobar\"},\"image\":{\"@id\":\"https:\/\/nuevodigitaldeescobar.com.ar\/#\/schema\/logo\/image\/\"},\"sameAs\":[\"https:\/\/www.facebook.com\/NUEVODigitalDeEscobar\",\"https:\/\/x.com\/nuevodigescobar\",\"https:\/\/www.instagram.com\/nuevodigitaldeescobar\"]},{\"@type\":\"Person\",\"@id\":\"https:\/\/nuevodigitaldeescobar.com.ar\/#\/schema\/person\/035e90a8efe9a80e6eec22656ad6ea4c\",\"name\":\"Redacci\u00f3n\",\"image\":{\"@type\":\"ImageObject\",\"inLanguage\":\"es\",\"@id\":\"https:\/\/nuevodigitaldeescobar.com.ar\/#\/schema\/person\/image\/\",\"url\":\"https:\/\/secure.gravatar.com\/avatar\/8af8f40000c24e9eef3034f2be5998a372bb1389e64b1a4a36b3a7979142220d?s=96&d=mm&r=g\",\"contentUrl\":\"https:\/\/secure.gravatar.com\/avatar\/8af8f40000c24e9eef3034f2be5998a372bb1389e64b1a4a36b3a7979142220d?s=96&d=mm&r=g\",\"caption\":\"Redacci\u00f3n\"},\"sameAs\":[\"http:\/\/nuevodigitaldeescobar.com.ar\"],\"url\":\"https:\/\/nuevodigitaldeescobar.com.ar\/?author=1\"}]}<\/script>\n<!-- \/ Yoast SEO plugin. -->","yoast_head_json":{"title":"La Selecci\u00f3n perdi\u00f3 1-0 con Ecuador en una noche para el olvido en Guayaquil - Nuevo Digital de Escobar","robots":{"index":"index","follow":"follow","max-snippet":"max-snippet:-1","max-image-preview":"max-image-preview:large","max-video-preview":"max-video-preview:-1"},"canonical":"https:\/\/nuevodigitaldeescobar.com.ar\/?p=17958","og_locale":"es_ES","og_type":"article","og_title":"La Selecci\u00f3n perdi\u00f3 1-0 con Ecuador en una noche para el olvido en Guayaquil - Nuevo Digital de Escobar","og_description":"Argentina tuvo una noche gris ante Ecuador\u00a0 en la \u00faltima fecha de las Eliminatorias Sudamericanas. La Selecci\u00f3n no pudo marcar nunca la diferencia y la [&hellip;]","og_url":"https:\/\/nuevodigitaldeescobar.com.ar\/?p=17958","og_site_name":"Nuevo Digital de Escobar","article_publisher":"https:\/\/www.facebook.com\/NUEVODigitalDeEscobar","article_published_time":"2025-09-10T02:20:20+00:00","article_modified_time":"2025-09-10T02:24:03+00:00","og_image":[{"width":1600,"height":1067,"url":"http:\/\/nuevodigitaldeescobar.com.ar\/wp-content\/uploads\/2025\/09\/enner-valencia-ecuador-argentina-1440x810_1600_1067-KYF0vC.jpg","type":"image\/jpeg"}],"author":"Redacci\u00f3n","twitter_card":"summary_large_image","twitter_creator":"@nuevodigescobar","twitter_site":"@nuevodigescobar","twitter_misc":{"Escrito por":"Redacci\u00f3n","Tiempo de lectura":"2 minutos"},"schema":{"@context":"https:\/\/schema.org","@graph":[{"@type":"Article","@id":"https:\/\/nuevodigitaldeescobar.com.ar\/?p=17958#article","isPartOf":{"@id":"https:\/\/nuevodigitaldeescobar.com.ar\/?p=17958"},"author":{"name":"Redacci\u00f3n","@id":"https:\/\/nuevodigitaldeescobar.com.ar\/#\/schema\/person\/035e90a8efe9a80e6eec22656ad6ea4c"},"headline":"La Selecci\u00f3n perdi\u00f3 1-0 con Ecuador en una noche para el olvido en Guayaquil","datePublished":"2025-09-10T02:20:20+00:00","dateModified":"2025-09-10T02:24:03+00:00","mainEntityOfPage":{"@id":"https:\/\/nuevodigitaldeescobar.com.ar\/?p=17958"},"wordCount":390,"commentCount":0,"publisher":{"@id":"https:\/\/nuevodigitaldeescobar.com.ar\/#organization"},"image":{"@id":"https:\/\/nuevodigitaldeescobar.com.ar\/?p=17958#primaryimage"},"thumbnailUrl":"https:\/\/nuevodigitaldeescobar.com.ar\/wp-content\/uploads\/2025\/09\/enner-valencia-ecuador-argentina-1440x810_1600_1067-KYF0vC.jpg","articleSection":["Deportes"],"inLanguage":"es","potentialAction":[{"@type":"CommentAction","name":"Comment","target":["https:\/\/nuevodigitaldeescobar.com.ar\/?p=17958#respond"]}]},{"@type":"WebPage","@id":"https:\/\/nuevodigitaldeescobar.com.ar\/?p=17958","url":"https:\/\/nuevodigitaldeescobar.com.ar\/?p=17958","name":"La Selecci\u00f3n perdi\u00f3 1-0 con Ecuador en una noche para el olvido en Guayaquil - Nuevo Digital de Escobar","isPartOf":{"@id":"https:\/\/nuevodigitaldeescobar.com.ar\/#website"},"primaryImageOfPage":{"@id":"https:\/\/nuevodigitaldeescobar.com.ar\/?p=17958#primaryimage"},"image":{"@id":"https:\/\/nuevodigitaldeescobar.com.ar\/?p=17958#primaryimage"},"thumbnailUrl":"https:\/\/nuevodigitaldeescobar.com.ar\/wp-content\/uploads\/2025\/09\/enner-valencia-ecuador-argentina-1440x810_1600_1067-KYF0vC.jpg","datePublished":"2025-09-10T02:20:20+00:00","dateModified":"2025-09-10T02:24:03+00:00","breadcrumb":{"@id":"https:\/\/nuevodigitaldeescobar.com.ar\/?p=17958#breadcrumb"},"inLanguage":"es","potentialAction":[{"@type":"ReadAction","target":["https:\/\/nuevodigitaldeescobar.com.ar\/?p=17958"]}]},{"@type":"ImageObject","inLanguage":"es","@id":"https:\/\/nuevodigitaldeescobar.com.ar\/?p=17958#primaryimage","url":"https:\/\/nuevodigitaldeescobar.com.ar\/wp-content\/uploads\/2025\/09\/enner-valencia-ecuador-argentina-1440x810_1600_1067-KYF0vC.jpg","contentUrl":"https:\/\/nuevodigitaldeescobar.com.ar\/wp-content\/uploads\/2025\/09\/enner-valencia-ecuador-argentina-1440x810_1600_1067-KYF0vC.jpg","width":1600,"height":1067},{"@type":"BreadcrumbList","@id":"https:\/\/nuevodigitaldeescobar.com.ar\/?p=17958#breadcrumb","itemListElement":[{"@type":"ListItem","position":1,"name":"Portada","item":"https:\/\/nuevodigitaldeescobar.com.ar\/"},{"@type":"ListItem","position":2,"name":"La Selecci\u00f3n perdi\u00f3 1-0 con Ecuador en una noche para el olvido en Guayaquil"}]},{"@type":"WebSite","@id":"https:\/\/nuevodigitaldeescobar.com.ar\/#website","url":"https:\/\/nuevodigitaldeescobar.com.ar\/","name":"Nuevo Digital de Escobar","description":"La vida escobarense. Directora: Rosana Brunner","publisher":{"@id":"https:\/\/nuevodigitaldeescobar.com.ar\/#organization"},"potentialAction":[{"@type":"SearchAction","target":{"@type":"EntryPoint","urlTemplate":"https:\/\/nuevodigitaldeescobar.com.ar\/?s={search_term_string}"},"query-input":{"@type":"PropertyValueSpecification","valueRequired":true,"valueName":"search_term_string"}}],"inLanguage":"es"},{"@type":"Organization","@id":"https:\/\/nuevodigitaldeescobar.com.ar\/#organization","name":"Nuevo Digital de Escobar","url":"https:\/\/nuevodigitaldeescobar.com.ar\/","logo":{"@type":"ImageObject","inLanguage":"es","@id":"https:\/\/nuevodigitaldeescobar.com.ar\/#\/schema\/logo\/image\/","url":"https:\/\/nuevodigitaldeescobar.com.ar\/wp-content\/uploads\/2025\/05\/cropped-logo-nuevo2.jpg","contentUrl":"https:\/\/nuevodigitaldeescobar.com.ar\/wp-content\/uploads\/2025\/05\/cropped-logo-nuevo2.jpg","width":305,"height":305,"caption":"Nuevo Digital de Escobar"},"image":{"@id":"https:\/\/nuevodigitaldeescobar.com.ar\/#\/schema\/logo\/image\/"},"sameAs":["https:\/\/www.facebook.com\/NUEVODigitalDeEscobar","https:\/\/x.com\/nuevodigescobar","https:\/\/www.instagram.com\/nuevodigitaldeescobar"]},{"@type":"Person","@id":"https:\/\/nuevodigitaldeescobar.com.ar\/#\/schema\/person\/035e90a8efe9a80e6eec22656ad6ea4c","name":"Redacci\u00f3n","image":{"@type":"ImageObject","inLanguage":"es","@id":"https:\/\/nuevodigitaldeescobar.com.ar\/#\/schema\/person\/image\/","url":"https:\/\/secure.gravatar.com\/avatar\/8af8f40000c24e9eef3034f2be5998a372bb1389e64b1a4a36b3a7979142220d?s=96&d=mm&r=g","contentUrl":"https:\/\/secure.gravatar.com\/avatar\/8af8f40000c24e9eef3034f2be5998a372bb1389e64b1a4a36b3a7979142220d?s=96&d=mm&r=g","caption":"Redacci\u00f3n"},"sameAs":["http:\/\/nuevodigitaldeescobar.com.ar"],"url":"https:\/\/nuevodigitaldeescobar.com.ar\/?author=1"}]}},"featured_image_urls":{"full":["https:\/\/nuevodigitaldeescobar.com.ar\/wp-content\/uploads\/2025\/09\/enner-valencia-ecuador-argentina-1440x810_1600_1067-KYF0vC.jpg",1600,1067,false],"thumbnail":["https:\/\/nuevodigitaldeescobar.com.ar\/wp-content\/uploads\/2025\/09\/enner-valencia-ecuador-argentina-1440x810_1600_1067-KYF0vC-150x150.jpg",150,150,true],"medium":["https:\/\/nuevodigitaldeescobar.com.ar\/wp-content\/uploads\/2025\/09\/enner-valencia-ecuador-argentina-1440x810_1600_1067-KYF0vC-300x200.jpg",300,200,true],"medium_large":["https:\/\/nuevodigitaldeescobar.com.ar\/wp-content\/uploads\/2025\/09\/enner-valencia-ecuador-argentina-1440x810_1600_1067-KYF0vC-768x512.jpg",640,427,true],"large":["https:\/\/nuevodigitaldeescobar.com.ar\/wp-content\/uploads\/2025\/09\/enner-valencia-ecuador-argentina-1440x810_1600_1067-KYF0vC-1024x683.jpg",640,427,true],"1536x1536":["https:\/\/nuevodigitaldeescobar.com.ar\/wp-content\/uploads\/2025\/09\/enner-valencia-ecuador-argentina-1440x810_1600_1067-KYF0vC-1536x1024.jpg",1536,1024,true],"2048x2048":["https:\/\/nuevodigitaldeescobar.com.ar\/wp-content\/uploads\/2025\/09\/enner-valencia-ecuador-argentina-1440x810_1600_1067-KYF0vC.jpg",1600,1067,false]},"author_info":{"display_name":"Redacci\u00f3n","author_link":"https:\/\/nuevodigitaldeescobar.com.ar\/?author=1"},"category_info":"<a href=\"https:\/\/nuevodigitaldeescobar.com.ar\/?cat=8\" rel=\"category\">Deportes<\/a>","tag_info":"Deportes","comment_count":"0","_links":{"self":[{"href":"https:\/\/nuevodigitaldeescobar.com.ar\/index.php?rest_route=\/wp\/v2\/posts\/17958","targetHints":{"allow":["GET"]}}],"collection":[{"href":"https:\/\/nuevodigitaldeescobar.com.ar\/index.php?rest_route=\/wp\/v2\/posts"}],"about":[{"href":"https:\/\/nuevodigitaldeescobar.com.ar\/index.php?rest_route=\/wp\/v2\/types\/post"}],"author":[{"embeddable":true,"href":"https:\/\/nuevodigitaldeescobar.com.ar\/index.php?rest_route=\/wp\/v2\/users\/1"}],"replies":[{"embeddable":true,"href":"https:\/\/nuevodigitaldeescobar.com.ar\/index.php?rest_route=%2Fwp%2Fv2%2Fcomments&post=17958"}],"version-history":[{"count":1,"href":"https:\/\/nuevodigitaldeescobar.com.ar\/index.php?rest_route=\/wp\/v2\/posts\/17958\/revisions"}],"predecessor-version":[{"id":17963,"href":"https:\/\/nuevodigitaldeescobar.com.ar\/index.php?rest_route=\/wp\/v2\/posts\/17958\/revisions\/17963"}],"wp:featuredmedia":[{"embeddable":true,"href":"https:\/\/nuevodigitaldeescobar.com.ar\/index.php?rest_route=\/wp\/v2\/media\/17960"}],"wp:attachment":[{"href":"https:\/\/nuevodigitaldeescobar.com.ar\/index.php?rest_route=%2Fwp%2Fv2%2Fmedia&parent=17958"}],"wp:term":[{"taxonomy":"category","embeddable":true,"href":"https:\/\/nuevodigitaldeescobar.com.ar\/index.php?rest_route=%2Fwp%2Fv2%2Fcategories&post=17958"},{"taxonomy":"post_tag","embeddable":true,"href":"https:\/\/nuevodigitaldeescobar.com.ar\/index.php?rest_route=%2Fwp%2Fv2%2Ftags&post=17958"}],"curies":[{"name":"wp","href":"https:\/\/api.w.org\/{rel}","templated":true}]}}