{"id":17959,"date":"2025-09-09T23:22:31","date_gmt":"2025-09-10T02:22:31","guid":{"rendered":"https:\/\/nuevodigitaldeescobar.com.ar\/?p=17959"},"modified":"2025-09-09T23:26:41","modified_gmt":"2025-09-10T02:26:41","slug":"un-joven-de-garin-fue-baleado-al-intentar-robar-a-un-policia-en-pablo-nogues","status":"publish","type":"post","link":"https:\/\/nuevodigitaldeescobar.com.ar\/?p=17959","title":{"rendered":"Un joven de Gar\u00edn fue baleado al intentar robar a un polic\u00eda en Pablo Nogu\u00e9s"},"content":{"rendered":"\n<p>Un efectivo de la Polic\u00eda Federal se defendi\u00f3 de un intento de robo y termin\u00f3 hiriendo gravemente a un delincuente en la localidad de Pablo Nogu\u00e9s, partido de Malvinas Argentinas.<\/p>\n\n\n\n<!--more-->\n\n\n\n<p>El hecho ocurri\u00f3 esta noche en la intersecci\u00f3n de las calles Avenida Olivos y Venezuela, donde el agente abri\u00f3 fuego tras ser abordado. Seg\u00fan fuentes oficiales, el delincuente recibi\u00f3 un disparo en la parte inferior del abdomen y fue trasladado de urgencia al Hospital de Trauma de Pablo Nogu\u00e9s, donde permanece internado e intervenido quir\u00fargicamente.<\/p>\n\n\n\n<p>El herido fue identificado como Luis Aranda, de 23 a\u00f1os, con domicilio en Gar\u00edn.<\/p>\n\n\n\n<p>La informaci\u00f3n fue publicada inicialmente por <strong>Malvinas Argentinas Noticias<\/strong>.<\/p>\n","protected":false},"excerpt":{"rendered":"<p>Un efectivo de la Polic\u00eda Federal se defendi\u00f3 de un intento de robo y termin\u00f3 hiriendo gravemente a un delincuente en la localidad de Pablo [&hellip;]<\/p>\n","protected":false},"author":1,"featured_media":17961,"comment_status":"open","ping_status":"open","sticky":false,"template":"","format":"standard","meta":{"footnotes":""},"categories":[13],"tags":[],"class_list":["post-17959","post","type-post","status-publish","format-standard","has-post-thumbnail","hentry","category-policiales"],"better_featured_image":{"id":17961,"alt_text":"","caption":"","description":"","media_type":"image","media_details":{"width":1052,"height":780,"file":"2025\/09\/546152985_1191500263012085_4330560008940568575_n.jpg","filesize":106683,"sizes":{"medium":{"file":"546152985_1191500263012085_4330560008940568575_n-300x222.jpg","width":300,"height":222,"mime-type":"image\/jpeg","filesize":12777,"source_url":"https:\/\/nuevodigitaldeescobar.com.ar\/wp-content\/uploads\/2025\/09\/546152985_1191500263012085_4330560008940568575_n-300x222.jpg"},"large":{"file":"546152985_1191500263012085_4330560008940568575_n-1024x759.jpg","width":1024,"height":759,"mime-type":"image\/jpeg","filesize":86936,"source_url":"https:\/\/nuevodigitaldeescobar.com.ar\/wp-content\/uploads\/2025\/09\/546152985_1191500263012085_4330560008940568575_n-1024x759.jpg"},"thumbnail":{"file":"546152985_1191500263012085_4330560008940568575_n-150x150.jpg","width":150,"height":150,"mime-type":"image\/jpeg","filesize":5516,"source_url":"https:\/\/nuevodigitaldeescobar.com.ar\/wp-content\/uploads\/2025\/09\/546152985_1191500263012085_4330560008940568575_n-150x150.jpg"},"medium_large":{"file":"546152985_1191500263012085_4330560008940568575_n-768x569.jpg","width":768,"height":569,"mime-type":"image\/jpeg","filesize":56280,"source_url":"https:\/\/nuevodigitaldeescobar.com.ar\/wp-content\/uploads\/2025\/09\/546152985_1191500263012085_4330560008940568575_n-768x569.jpg"}},"image_meta":{"aperture":"0","credit":"","camera":"","caption":"","created_timestamp":"0","copyright":"","focal_length":"0","iso":"0","shutter_speed":"0","title":"","orientation":"0","keywords":[]}},"post":17959,"source_url":"https:\/\/nuevodigitaldeescobar.com.ar\/wp-content\/uploads\/2025\/09\/546152985_1191500263012085_4330560008940568575_n.jpg"},"yoast_head":"<!-- This site is optimized with the Yoast SEO plugin v26.1.1 - https:\/\/yoast.com\/wordpress\/plugins\/seo\/ -->\n<title>Un joven de Gar\u00edn fue baleado al intentar robar a un polic\u00eda en Pablo Nogu\u00e9s - Nuevo Digital de Escobar<\/title>\n<meta name=\"description\" content=\"Un efectivo de la Polic\u00eda Federal se defendi\u00f3 de un intento de robo y termin\u00f3 hiriendo gravemente a un delincuente en la localidad de Pablo Nogu\u00e9s, partido de Malvinas Argentinas.\" \/>\n<meta name=\"robots\" content=\"index, follow, max-snippet:-1, max-image-preview:large, max-video-preview:-1\" \/>\n<link rel=\"canonical\" href=\"https:\/\/nuevodigitaldeescobar.com.ar\/?p=17959\" \/>\n<meta property=\"og:locale\" content=\"es_ES\" \/>\n<meta property=\"og:type\" content=\"article\" \/>\n<meta property=\"og:title\" content=\"Un joven de Gar\u00edn fue baleado al intentar robar a un polic\u00eda en Pablo Nogu\u00e9s\" \/>\n<meta property=\"og:description\" content=\"Un efectivo de la Polic\u00eda Federal se defendi\u00f3 de un intento de robo y termin\u00f3 hiriendo gravemente a un delincuente en la localidad de Pablo Nogu\u00e9s, partido de Malvinas Argentinas.\" \/>\n<meta property=\"og:url\" content=\"https:\/\/nuevodigitaldeescobar.com.ar\/?p=17959\" \/>\n<meta property=\"og:site_name\" content=\"Nuevo Digital de Escobar\" \/>\n<meta property=\"article:publisher\" content=\"https:\/\/www.facebook.com\/NUEVODigitalDeEscobar\" \/>\n<meta property=\"article:published_time\" content=\"2025-09-10T02:22:31+00:00\" \/>\n<meta property=\"article:modified_time\" content=\"2025-09-10T02:26:41+00:00\" \/>\n<meta property=\"og:image\" content=\"http:\/\/nuevodigitaldeescobar.com.ar\/wp-content\/uploads\/2025\/09\/546152985_1191500263012085_4330560008940568575_n.jpg\" \/>\n\t<meta property=\"og:image:width\" content=\"1052\" \/>\n\t<meta property=\"og:image:height\" content=\"780\" \/>\n\t<meta property=\"og:image:type\" content=\"image\/jpeg\" \/>\n<meta name=\"author\" content=\"Redacci\u00f3n\" \/>\n<meta name=\"twitter:card\" content=\"summary_large_image\" \/>\n<meta name=\"twitter:title\" content=\"Un joven de Gar\u00edn fue baleado al intentar robar a un polic\u00eda en Pablo Nogu\u00e9s\" \/>\n<meta name=\"twitter:image\" content=\"https:\/\/nuevodigitaldeescobar.com.ar\/wp-content\/uploads\/2025\/09\/546152985_1191500263012085_4330560008940568575_n.jpg\" \/>\n<meta name=\"twitter:creator\" content=\"@nuevodigescobar\" \/>\n<meta name=\"twitter:site\" content=\"@nuevodigescobar\" \/>\n<meta name=\"twitter:label1\" content=\"Escrito por\" \/>\n\t<meta name=\"twitter:data1\" content=\"Redacci\u00f3n\" \/>\n\t<meta name=\"twitter:label2\" content=\"Tiempo de lectura\" \/>\n\t<meta name=\"twitter:data2\" content=\"1 minuto\" \/>\n<script type=\"application\/ld+json\" class=\"yoast-schema-graph\">{\"@context\":\"https:\/\/schema.org\",\"@graph\":[{\"@type\":\"Article\",\"@id\":\"https:\/\/nuevodigitaldeescobar.com.ar\/?p=17959#article\",\"isPartOf\":{\"@id\":\"https:\/\/nuevodigitaldeescobar.com.ar\/?p=17959\"},\"author\":{\"name\":\"Redacci\u00f3n\",\"@id\":\"https:\/\/nuevodigitaldeescobar.com.ar\/#\/schema\/person\/035e90a8efe9a80e6eec22656ad6ea4c\"},\"headline\":\"Un joven de Gar\u00edn fue baleado al intentar robar a un polic\u00eda en Pablo Nogu\u00e9s\",\"datePublished\":\"2025-09-10T02:22:31+00:00\",\"dateModified\":\"2025-09-10T02:26:41+00:00\",\"mainEntityOfPage\":{\"@id\":\"https:\/\/nuevodigitaldeescobar.com.ar\/?p=17959\"},\"wordCount\":134,\"commentCount\":0,\"publisher\":{\"@id\":\"https:\/\/nuevodigitaldeescobar.com.ar\/#organization\"},\"image\":{\"@id\":\"https:\/\/nuevodigitaldeescobar.com.ar\/?p=17959#primaryimage\"},\"thumbnailUrl\":\"https:\/\/nuevodigitaldeescobar.com.ar\/wp-content\/uploads\/2025\/09\/546152985_1191500263012085_4330560008940568575_n.jpg\",\"articleSection\":[\"Policiales\"],\"inLanguage\":\"es\",\"potentialAction\":[{\"@type\":\"CommentAction\",\"name\":\"Comment\",\"target\":[\"https:\/\/nuevodigitaldeescobar.com.ar\/?p=17959#respond\"]}]},{\"@type\":\"WebPage\",\"@id\":\"https:\/\/nuevodigitaldeescobar.com.ar\/?p=17959\",\"url\":\"https:\/\/nuevodigitaldeescobar.com.ar\/?p=17959\",\"name\":\"Un joven de Gar\u00edn fue baleado al intentar robar a un polic\u00eda en Pablo Nogu\u00e9s - Nuevo Digital de Escobar\",\"isPartOf\":{\"@id\":\"https:\/\/nuevodigitaldeescobar.com.ar\/#website\"},\"primaryImageOfPage\":{\"@id\":\"https:\/\/nuevodigitaldeescobar.com.ar\/?p=17959#primaryimage\"},\"image\":{\"@id\":\"https:\/\/nuevodigitaldeescobar.com.ar\/?p=17959#primaryimage\"},\"thumbnailUrl\":\"https:\/\/nuevodigitaldeescobar.com.ar\/wp-content\/uploads\/2025\/09\/546152985_1191500263012085_4330560008940568575_n.jpg\",\"datePublished\":\"2025-09-10T02:22:31+00:00\",\"dateModified\":\"2025-09-10T02:26:41+00:00\",\"description\":\"Un efectivo de la Polic\u00eda Federal se defendi\u00f3 de un intento de robo y termin\u00f3 hiriendo gravemente a un delincuente en la localidad de Pablo Nogu\u00e9s, partido de Malvinas Argentinas.\",\"breadcrumb\":{\"@id\":\"https:\/\/nuevodigitaldeescobar.com.ar\/?p=17959#breadcrumb\"},\"inLanguage\":\"es\",\"potentialAction\":[{\"@type\":\"ReadAction\",\"target\":[\"https:\/\/nuevodigitaldeescobar.com.ar\/?p=17959\"]}]},{\"@type\":\"ImageObject\",\"inLanguage\":\"es\",\"@id\":\"https:\/\/nuevodigitaldeescobar.com.ar\/?p=17959#primaryimage\",\"url\":\"https:\/\/nuevodigitaldeescobar.com.ar\/wp-content\/uploads\/2025\/09\/546152985_1191500263012085_4330560008940568575_n.jpg\",\"contentUrl\":\"https:\/\/nuevodigitaldeescobar.com.ar\/wp-content\/uploads\/2025\/09\/546152985_1191500263012085_4330560008940568575_n.jpg\",\"width\":1052,\"height\":780},{\"@type\":\"BreadcrumbList\",\"@id\":\"https:\/\/nuevodigitaldeescobar.com.ar\/?p=17959#breadcrumb\",\"itemListElement\":[{\"@type\":\"ListItem\",\"position\":1,\"name\":\"Portada\",\"item\":\"https:\/\/nuevodigitaldeescobar.com.ar\/\"},{\"@type\":\"ListItem\",\"position\":2,\"name\":\"Un joven de Gar\u00edn fue baleado al intentar robar a un polic\u00eda en Pablo Nogu\u00e9s\"}]},{\"@type\":\"WebSite\",\"@id\":\"https:\/\/nuevodigitaldeescobar.com.ar\/#website\",\"url\":\"https:\/\/nuevodigitaldeescobar.com.ar\/\",\"name\":\"Nuevo Digital de Escobar\",\"description\":\"La vida escobarense. Directora: Rosana Brunner\",\"publisher\":{\"@id\":\"https:\/\/nuevodigitaldeescobar.com.ar\/#organization\"},\"potentialAction\":[{\"@type\":\"SearchAction\",\"target\":{\"@type\":\"EntryPoint\",\"urlTemplate\":\"https:\/\/nuevodigitaldeescobar.com.ar\/?s={search_term_string}\"},\"query-input\":{\"@type\":\"PropertyValueSpecification\",\"valueRequired\":true,\"valueName\":\"search_term_string\"}}],\"inLanguage\":\"es\"},{\"@type\":\"Organization\",\"@id\":\"https:\/\/nuevodigitaldeescobar.com.ar\/#organization\",\"name\":\"Nuevo Digital de Escobar\",\"url\":\"https:\/\/nuevodigitaldeescobar.com.ar\/\",\"logo\":{\"@type\":\"ImageObject\",\"inLanguage\":\"es\",\"@id\":\"https:\/\/nuevodigitaldeescobar.com.ar\/#\/schema\/logo\/image\/\",\"url\":\"https:\/\/nuevodigitaldeescobar.com.ar\/wp-content\/uploads\/2025\/05\/cropped-logo-nuevo2.jpg\",\"contentUrl\":\"https:\/\/nuevodigitaldeescobar.com.ar\/wp-content\/uploads\/2025\/05\/cropped-logo-nuevo2.jpg\",\"width\":305,\"height\":305,\"caption\":\"Nuevo Digital de Escobar\"},\"image\":{\"@id\":\"https:\/\/nuevodigitaldeescobar.com.ar\/#\/schema\/logo\/image\/\"},\"sameAs\":[\"https:\/\/www.facebook.com\/NUEVODigitalDeEscobar\",\"https:\/\/x.com\/nuevodigescobar\",\"https:\/\/www.instagram.com\/nuevodigitaldeescobar\"]},{\"@type\":\"Person\",\"@id\":\"https:\/\/nuevodigitaldeescobar.com.ar\/#\/schema\/person\/035e90a8efe9a80e6eec22656ad6ea4c\",\"name\":\"Redacci\u00f3n\",\"image\":{\"@type\":\"ImageObject\",\"inLanguage\":\"es\",\"@id\":\"https:\/\/nuevodigitaldeescobar.com.ar\/#\/schema\/person\/image\/\",\"url\":\"https:\/\/secure.gravatar.com\/avatar\/8af8f40000c24e9eef3034f2be5998a372bb1389e64b1a4a36b3a7979142220d?s=96&d=mm&r=g\",\"contentUrl\":\"https:\/\/secure.gravatar.com\/avatar\/8af8f40000c24e9eef3034f2be5998a372bb1389e64b1a4a36b3a7979142220d?s=96&d=mm&r=g\",\"caption\":\"Redacci\u00f3n\"},\"sameAs\":[\"http:\/\/nuevodigitaldeescobar.com.ar\"],\"url\":\"https:\/\/nuevodigitaldeescobar.com.ar\/?author=1\"}]}<\/script>\n<!-- \/ Yoast SEO plugin. -->","yoast_head_json":{"title":"Un joven de Gar\u00edn fue baleado al intentar robar a un polic\u00eda en Pablo Nogu\u00e9s - Nuevo Digital de Escobar","description":"Un efectivo de la Polic\u00eda Federal se defendi\u00f3 de un intento de robo y termin\u00f3 hiriendo gravemente a un delincuente en la localidad de Pablo Nogu\u00e9s, partido de Malvinas Argentinas.","robots":{"index":"index","follow":"follow","max-snippet":"max-snippet:-1","max-image-preview":"max-image-preview:large","max-video-preview":"max-video-preview:-1"},"canonical":"https:\/\/nuevodigitaldeescobar.com.ar\/?p=17959","og_locale":"es_ES","og_type":"article","og_title":"Un joven de Gar\u00edn fue baleado al intentar robar a un polic\u00eda en Pablo Nogu\u00e9s","og_description":"Un efectivo de la Polic\u00eda Federal se defendi\u00f3 de un intento de robo y termin\u00f3 hiriendo gravemente a un delincuente en la localidad de Pablo Nogu\u00e9s, partido de Malvinas Argentinas.","og_url":"https:\/\/nuevodigitaldeescobar.com.ar\/?p=17959","og_site_name":"Nuevo Digital de Escobar","article_publisher":"https:\/\/www.facebook.com\/NUEVODigitalDeEscobar","article_published_time":"2025-09-10T02:22:31+00:00","article_modified_time":"2025-09-10T02:26:41+00:00","og_image":[{"width":1052,"height":780,"url":"http:\/\/nuevodigitaldeescobar.com.ar\/wp-content\/uploads\/2025\/09\/546152985_1191500263012085_4330560008940568575_n.jpg","type":"image\/jpeg"}],"author":"Redacci\u00f3n","twitter_card":"summary_large_image","twitter_title":"Un joven de Gar\u00edn fue baleado al intentar robar a un polic\u00eda en Pablo Nogu\u00e9s","twitter_image":"https:\/\/nuevodigitaldeescobar.com.ar\/wp-content\/uploads\/2025\/09\/546152985_1191500263012085_4330560008940568575_n.jpg","twitter_creator":"@nuevodigescobar","twitter_site":"@nuevodigescobar","twitter_misc":{"Escrito por":"Redacci\u00f3n","Tiempo de lectura":"1 minuto"},"schema":{"@context":"https:\/\/schema.org","@graph":[{"@type":"Article","@id":"https:\/\/nuevodigitaldeescobar.com.ar\/?p=17959#article","isPartOf":{"@id":"https:\/\/nuevodigitaldeescobar.com.ar\/?p=17959"},"author":{"name":"Redacci\u00f3n","@id":"https:\/\/nuevodigitaldeescobar.com.ar\/#\/schema\/person\/035e90a8efe9a80e6eec22656ad6ea4c"},"headline":"Un joven de Gar\u00edn fue baleado al intentar robar a un polic\u00eda en Pablo Nogu\u00e9s","datePublished":"2025-09-10T02:22:31+00:00","dateModified":"2025-09-10T02:26:41+00:00","mainEntityOfPage":{"@id":"https:\/\/nuevodigitaldeescobar.com.ar\/?p=17959"},"wordCount":134,"commentCount":0,"publisher":{"@id":"https:\/\/nuevodigitaldeescobar.com.ar\/#organization"},"image":{"@id":"https:\/\/nuevodigitaldeescobar.com.ar\/?p=17959#primaryimage"},"thumbnailUrl":"https:\/\/nuevodigitaldeescobar.com.ar\/wp-content\/uploads\/2025\/09\/546152985_1191500263012085_4330560008940568575_n.jpg","articleSection":["Policiales"],"inLanguage":"es","potentialAction":[{"@type":"CommentAction","name":"Comment","target":["https:\/\/nuevodigitaldeescobar.com.ar\/?p=17959#respond"]}]},{"@type":"WebPage","@id":"https:\/\/nuevodigitaldeescobar.com.ar\/?p=17959","url":"https:\/\/nuevodigitaldeescobar.com.ar\/?p=17959","name":"Un joven de Gar\u00edn fue baleado al intentar robar a un polic\u00eda en Pablo Nogu\u00e9s - Nuevo Digital de Escobar","isPartOf":{"@id":"https:\/\/nuevodigitaldeescobar.com.ar\/#website"},"primaryImageOfPage":{"@id":"https:\/\/nuevodigitaldeescobar.com.ar\/?p=17959#primaryimage"},"image":{"@id":"https:\/\/nuevodigitaldeescobar.com.ar\/?p=17959#primaryimage"},"thumbnailUrl":"https:\/\/nuevodigitaldeescobar.com.ar\/wp-content\/uploads\/2025\/09\/546152985_1191500263012085_4330560008940568575_n.jpg","datePublished":"2025-09-10T02:22:31+00:00","dateModified":"2025-09-10T02:26:41+00:00","description":"Un efectivo de la Polic\u00eda Federal se defendi\u00f3 de un intento de robo y termin\u00f3 hiriendo gravemente a un delincuente en la localidad de Pablo Nogu\u00e9s, partido de Malvinas Argentinas.","breadcrumb":{"@id":"https:\/\/nuevodigitaldeescobar.com.ar\/?p=17959#breadcrumb"},"inLanguage":"es","potentialAction":[{"@type":"ReadAction","target":["https:\/\/nuevodigitaldeescobar.com.ar\/?p=17959"]}]},{"@type":"ImageObject","inLanguage":"es","@id":"https:\/\/nuevodigitaldeescobar.com.ar\/?p=17959#primaryimage","url":"https:\/\/nuevodigitaldeescobar.com.ar\/wp-content\/uploads\/2025\/09\/546152985_1191500263012085_4330560008940568575_n.jpg","contentUrl":"https:\/\/nuevodigitaldeescobar.com.ar\/wp-content\/uploads\/2025\/09\/546152985_1191500263012085_4330560008940568575_n.jpg","width":1052,"height":780},{"@type":"BreadcrumbList","@id":"https:\/\/nuevodigitaldeescobar.com.ar\/?p=17959#breadcrumb","itemListElement":[{"@type":"ListItem","position":1,"name":"Portada","item":"https:\/\/nuevodigitaldeescobar.com.ar\/"},{"@type":"ListItem","position":2,"name":"Un joven de Gar\u00edn fue baleado al intentar robar a un polic\u00eda en Pablo Nogu\u00e9s"}]},{"@type":"WebSite","@id":"https:\/\/nuevodigitaldeescobar.com.ar\/#website","url":"https:\/\/nuevodigitaldeescobar.com.ar\/","name":"Nuevo Digital de Escobar","description":"La vida escobarense. Directora: Rosana Brunner","publisher":{"@id":"https:\/\/nuevodigitaldeescobar.com.ar\/#organization"},"potentialAction":[{"@type":"SearchAction","target":{"@type":"EntryPoint","urlTemplate":"https:\/\/nuevodigitaldeescobar.com.ar\/?s={search_term_string}"},"query-input":{"@type":"PropertyValueSpecification","valueRequired":true,"valueName":"search_term_string"}}],"inLanguage":"es"},{"@type":"Organization","@id":"https:\/\/nuevodigitaldeescobar.com.ar\/#organization","name":"Nuevo Digital de Escobar","url":"https:\/\/nuevodigitaldeescobar.com.ar\/","logo":{"@type":"ImageObject","inLanguage":"es","@id":"https:\/\/nuevodigitaldeescobar.com.ar\/#\/schema\/logo\/image\/","url":"https:\/\/nuevodigitaldeescobar.com.ar\/wp-content\/uploads\/2025\/05\/cropped-logo-nuevo2.jpg","contentUrl":"https:\/\/nuevodigitaldeescobar.com.ar\/wp-content\/uploads\/2025\/05\/cropped-logo-nuevo2.jpg","width":305,"height":305,"caption":"Nuevo Digital de Escobar"},"image":{"@id":"https:\/\/nuevodigitaldeescobar.com.ar\/#\/schema\/logo\/image\/"},"sameAs":["https:\/\/www.facebook.com\/NUEVODigitalDeEscobar","https:\/\/x.com\/nuevodigescobar","https:\/\/www.instagram.com\/nuevodigitaldeescobar"]},{"@type":"Person","@id":"https:\/\/nuevodigitaldeescobar.com.ar\/#\/schema\/person\/035e90a8efe9a80e6eec22656ad6ea4c","name":"Redacci\u00f3n","image":{"@type":"ImageObject","inLanguage":"es","@id":"https:\/\/nuevodigitaldeescobar.com.ar\/#\/schema\/person\/image\/","url":"https:\/\/secure.gravatar.com\/avatar\/8af8f40000c24e9eef3034f2be5998a372bb1389e64b1a4a36b3a7979142220d?s=96&d=mm&r=g","contentUrl":"https:\/\/secure.gravatar.com\/avatar\/8af8f40000c24e9eef3034f2be5998a372bb1389e64b1a4a36b3a7979142220d?s=96&d=mm&r=g","caption":"Redacci\u00f3n"},"sameAs":["http:\/\/nuevodigitaldeescobar.com.ar"],"url":"https:\/\/nuevodigitaldeescobar.com.ar\/?author=1"}]}},"featured_image_urls":{"full":["https:\/\/nuevodigitaldeescobar.com.ar\/wp-content\/uploads\/2025\/09\/546152985_1191500263012085_4330560008940568575_n.jpg",1052,780,false],"thumbnail":["https:\/\/nuevodigitaldeescobar.com.ar\/wp-content\/uploads\/2025\/09\/546152985_1191500263012085_4330560008940568575_n-150x150.jpg",150,150,true],"medium":["https:\/\/nuevodigitaldeescobar.com.ar\/wp-content\/uploads\/2025\/09\/546152985_1191500263012085_4330560008940568575_n-300x222.jpg",300,222,true],"medium_large":["https:\/\/nuevodigitaldeescobar.com.ar\/wp-content\/uploads\/2025\/09\/546152985_1191500263012085_4330560008940568575_n-768x569.jpg",640,474,true],"large":["https:\/\/nuevodigitaldeescobar.com.ar\/wp-content\/uploads\/2025\/09\/546152985_1191500263012085_4330560008940568575_n-1024x759.jpg",640,474,true],"1536x1536":["https:\/\/nuevodigitaldeescobar.com.ar\/wp-content\/uploads\/2025\/09\/546152985_1191500263012085_4330560008940568575_n.jpg",1052,780,false],"2048x2048":["https:\/\/nuevodigitaldeescobar.com.ar\/wp-content\/uploads\/2025\/09\/546152985_1191500263012085_4330560008940568575_n.jpg",1052,780,false]},"author_info":{"display_name":"Redacci\u00f3n","author_link":"https:\/\/nuevodigitaldeescobar.com.ar\/?author=1"},"category_info":"<a href=\"https:\/\/nuevodigitaldeescobar.com.ar\/?cat=13\" rel=\"category\">Policiales<\/a>","tag_info":"Policiales","comment_count":"0","_links":{"self":[{"href":"https:\/\/nuevodigitaldeescobar.com.ar\/index.php?rest_route=\/wp\/v2\/posts\/17959","targetHints":{"allow":["GET"]}}],"collection":[{"href":"https:\/\/nuevodigitaldeescobar.com.ar\/index.php?rest_route=\/wp\/v2\/posts"}],"about":[{"href":"https:\/\/nuevodigitaldeescobar.com.ar\/index.php?rest_route=\/wp\/v2\/types\/post"}],"author":[{"embeddable":true,"href":"https:\/\/nuevodigitaldeescobar.com.ar\/index.php?rest_route=\/wp\/v2\/users\/1"}],"replies":[{"embeddable":true,"href":"https:\/\/nuevodigitaldeescobar.com.ar\/index.php?rest_route=%2Fwp%2Fv2%2Fcomments&post=17959"}],"version-history":[{"count":1,"href":"https:\/\/nuevodigitaldeescobar.com.ar\/index.php?rest_route=\/wp\/v2\/posts\/17959\/revisions"}],"predecessor-version":[{"id":17962,"href":"https:\/\/nuevodigitaldeescobar.com.ar\/index.php?rest_route=\/wp\/v2\/posts\/17959\/revisions\/17962"}],"wp:featuredmedia":[{"embeddable":true,"href":"https:\/\/nuevodigitaldeescobar.com.ar\/index.php?rest_route=\/wp\/v2\/media\/17961"}],"wp:attachment":[{"href":"https:\/\/nuevodigitaldeescobar.com.ar\/index.php?rest_route=%2Fwp%2Fv2%2Fmedia&parent=17959"}],"wp:term":[{"taxonomy":"category","embeddable":true,"href":"https:\/\/nuevodigitaldeescobar.com.ar\/index.php?rest_route=%2Fwp%2Fv2%2Fcategories&post=17959"},{"taxonomy":"post_tag","embeddable":true,"href":"https:\/\/nuevodigitaldeescobar.com.ar\/index.php?rest_route=%2Fwp%2Fv2%2Ftags&post=17959"}],"curies":[{"name":"wp","href":"https:\/\/api.w.org\/{rel}","templated":true}]}}