{"id":17974,"date":"2025-09-10T15:29:56","date_gmt":"2025-09-10T18:29:56","guid":{"rendered":"https:\/\/nuevodigitaldeescobar.com.ar\/?p=17974"},"modified":"2025-09-10T15:30:09","modified_gmt":"2025-09-10T18:30:09","slug":"robo-y-ataque-contra-javier-rehl-investigan-posibles-implicancias-politicas","status":"publish","type":"post","link":"https:\/\/nuevodigitaldeescobar.com.ar\/?p=17974","title":{"rendered":"Robo y ataque contra Javier Rehl: investigan posibles implicancias pol\u00edticas"},"content":{"rendered":"\n<p>El presidente del bloque de concejales de Uni\u00f3n por la Patria, Javier Rehl, sufri\u00f3 en la noche del martes un hecho violento, que -por sus llamativas caracter\u00edsticas- es investigado por posibles implicancias pol\u00edticas.<\/p>\n\n\n\n<!--more-->\n\n\n\n<p>Rehl fue interceptado por cinco delincuentes que le atravesaron un autom\u00f3vil -un Peugeot 208 blanco- en la calle Hip\u00f3lito Yrigoyen, a metros de C\u00e9sar D\u00edaz, en la zona c\u00e9ntrica de Bel\u00e9n de Escobar. El concejal recibi\u00f3 un golpe en la cabeza y fue obligado a bajarse del auto, al igual que la persona que lo acompa\u00f1aba. Luego, los atacantes se llevaron su veh\u00edculo.<\/p>\n\n\n\n<p>Lo llamativo para los investigadores -adem\u00e1s del lugar en donde se produjo el hecho- es que a Rehl no le sustrajeron dinero ni las pertenencias personales que llevaba encima. Pareciera que se apunt\u00f3 a dejar un mensaje, m\u00e1s que tratarse de un robo convencional. Una de las hip\u00f3tesis es que se trat\u00f3 de un intento de amedrentamiento a solo dos d\u00edas de las elecciones legislativas locales y provinciales.<\/p>\n\n\n\n<p>La Polic\u00eda ya tiene en sus manos c\u00e1maras de seguridad y testimonios para esclarecer el caso.<\/p>\n","protected":false},"excerpt":{"rendered":"<p>El presidente del bloque de concejales de Uni\u00f3n por la Patria, Javier Rehl, sufri\u00f3 en la noche del martes un hecho violento, que -por sus [&hellip;]<\/p>\n","protected":false},"author":1,"featured_media":17975,"comment_status":"open","ping_status":"open","sticky":false,"template":"","format":"standard","meta":{"footnotes":""},"categories":[13],"tags":[],"class_list":["post-17974","post","type-post","status-publish","format-standard","has-post-thumbnail","hentry","category-policiales"],"better_featured_image":{"id":17975,"alt_text":"","caption":"","description":"","media_type":"image","media_details":{"width":2560,"height":1816,"file":"2025\/09\/0bc42e2d-a2f0-4cb2-a66c-45d31e407e89-scaled.jpg","filesize":683378,"sizes":{"medium":{"file":"0bc42e2d-a2f0-4cb2-a66c-45d31e407e89-300x213.jpg","width":300,"height":213,"mime-type":"image\/jpeg","filesize":11479,"source_url":"https:\/\/nuevodigitaldeescobar.com.ar\/wp-content\/uploads\/2025\/09\/0bc42e2d-a2f0-4cb2-a66c-45d31e407e89-300x213.jpg"},"large":{"file":"0bc42e2d-a2f0-4cb2-a66c-45d31e407e89-1024x726.jpg","width":1024,"height":726,"mime-type":"image\/jpeg","filesize":81964,"source_url":"https:\/\/nuevodigitaldeescobar.com.ar\/wp-content\/uploads\/2025\/09\/0bc42e2d-a2f0-4cb2-a66c-45d31e407e89-1024x726.jpg"},"thumbnail":{"file":"0bc42e2d-a2f0-4cb2-a66c-45d31e407e89-150x150.jpg","width":150,"height":150,"mime-type":"image\/jpeg","filesize":5387,"source_url":"https:\/\/nuevodigitaldeescobar.com.ar\/wp-content\/uploads\/2025\/09\/0bc42e2d-a2f0-4cb2-a66c-45d31e407e89-150x150.jpg"},"medium_large":{"file":"0bc42e2d-a2f0-4cb2-a66c-45d31e407e89-768x545.jpg","width":768,"height":545,"mime-type":"image\/jpeg","filesize":49870,"source_url":"https:\/\/nuevodigitaldeescobar.com.ar\/wp-content\/uploads\/2025\/09\/0bc42e2d-a2f0-4cb2-a66c-45d31e407e89-768x545.jpg"},"1536x1536":{"file":"0bc42e2d-a2f0-4cb2-a66c-45d31e407e89-1536x1089.jpg","width":1536,"height":1089,"mime-type":"image\/jpeg","filesize":195632,"source_url":"https:\/\/nuevodigitaldeescobar.com.ar\/wp-content\/uploads\/2025\/09\/0bc42e2d-a2f0-4cb2-a66c-45d31e407e89-1536x1089.jpg"},"2048x2048":{"file":"0bc42e2d-a2f0-4cb2-a66c-45d31e407e89-2048x1453.jpg","width":2048,"height":1453,"mime-type":"image\/jpeg","filesize":393114,"source_url":"https:\/\/nuevodigitaldeescobar.com.ar\/wp-content\/uploads\/2025\/09\/0bc42e2d-a2f0-4cb2-a66c-45d31e407e89-2048x1453.jpg"}},"image_meta":{"aperture":"0","credit":"","camera":"","caption":"","created_timestamp":"0","copyright":"","focal_length":"0","iso":"0","shutter_speed":"0","title":"","orientation":"0","keywords":[]},"original_image":"0bc42e2d-a2f0-4cb2-a66c-45d31e407e89.jpg"},"post":17974,"source_url":"https:\/\/nuevodigitaldeescobar.com.ar\/wp-content\/uploads\/2025\/09\/0bc42e2d-a2f0-4cb2-a66c-45d31e407e89-scaled.jpg"},"yoast_head":"<!-- This site is optimized with the Yoast SEO plugin v26.1.1 - https:\/\/yoast.com\/wordpress\/plugins\/seo\/ -->\n<title>Robo y ataque contra Javier Rehl: investigan posibles implicancias pol\u00edticas - Nuevo Digital de Escobar<\/title>\n<meta name=\"description\" content=\"El presidente del bloque de concejales de Uni\u00f3n por la Patria, Javier Rehl, sufri\u00f3 en la noche del martes un hecho violento, que -por sus llamativas caracter\u00edsticas- es investigado por posibles implicancias pol\u00edticas.\" \/>\n<meta name=\"robots\" content=\"index, follow, max-snippet:-1, max-image-preview:large, max-video-preview:-1\" \/>\n<link rel=\"canonical\" href=\"https:\/\/nuevodigitaldeescobar.com.ar\/?p=17974\" \/>\n<meta property=\"og:locale\" content=\"es_ES\" \/>\n<meta property=\"og:type\" content=\"article\" \/>\n<meta property=\"og:title\" content=\"Robo y ataque contra Javier Rehl: investigan posibles implicancias pol\u00edticas\" \/>\n<meta property=\"og:description\" content=\"El presidente del bloque de concejales de Uni\u00f3n por la Patria, Javier Rehl, sufri\u00f3 en la noche del martes un hecho violento, que -por sus llamativas caracter\u00edsticas- es investigado por posibles implicancias pol\u00edticas.\" \/>\n<meta property=\"og:url\" content=\"https:\/\/nuevodigitaldeescobar.com.ar\/?p=17974\" \/>\n<meta property=\"og:site_name\" content=\"Nuevo Digital de Escobar\" \/>\n<meta property=\"article:publisher\" content=\"https:\/\/www.facebook.com\/NUEVODigitalDeEscobar\" \/>\n<meta property=\"article:published_time\" content=\"2025-09-10T18:29:56+00:00\" \/>\n<meta property=\"article:modified_time\" content=\"2025-09-10T18:30:09+00:00\" \/>\n<meta property=\"og:image\" content=\"http:\/\/nuevodigitaldeescobar.com.ar\/wp-content\/uploads\/2025\/09\/0bc42e2d-a2f0-4cb2-a66c-45d31e407e89-scaled.jpg\" \/>\n\t<meta property=\"og:image:width\" content=\"2560\" \/>\n\t<meta property=\"og:image:height\" content=\"1816\" \/>\n\t<meta property=\"og:image:type\" content=\"image\/jpeg\" \/>\n<meta name=\"author\" content=\"Redacci\u00f3n\" \/>\n<meta name=\"twitter:card\" content=\"summary_large_image\" \/>\n<meta name=\"twitter:creator\" content=\"@nuevodigescobar\" \/>\n<meta name=\"twitter:site\" content=\"@nuevodigescobar\" \/>\n<meta name=\"twitter:label1\" content=\"Escrito por\" \/>\n\t<meta name=\"twitter:data1\" content=\"Redacci\u00f3n\" \/>\n\t<meta name=\"twitter:label2\" content=\"Tiempo de lectura\" \/>\n\t<meta name=\"twitter:data2\" content=\"2 minutos\" \/>\n<script type=\"application\/ld+json\" class=\"yoast-schema-graph\">{\"@context\":\"https:\/\/schema.org\",\"@graph\":[{\"@type\":\"Article\",\"@id\":\"https:\/\/nuevodigitaldeescobar.com.ar\/?p=17974#article\",\"isPartOf\":{\"@id\":\"https:\/\/nuevodigitaldeescobar.com.ar\/?p=17974\"},\"author\":{\"name\":\"Redacci\u00f3n\",\"@id\":\"https:\/\/nuevodigitaldeescobar.com.ar\/#\/schema\/person\/035e90a8efe9a80e6eec22656ad6ea4c\"},\"headline\":\"Robo y ataque contra Javier Rehl: investigan posibles implicancias pol\u00edticas\",\"datePublished\":\"2025-09-10T18:29:56+00:00\",\"dateModified\":\"2025-09-10T18:30:09+00:00\",\"mainEntityOfPage\":{\"@id\":\"https:\/\/nuevodigitaldeescobar.com.ar\/?p=17974\"},\"wordCount\":207,\"commentCount\":0,\"publisher\":{\"@id\":\"https:\/\/nuevodigitaldeescobar.com.ar\/#organization\"},\"image\":{\"@id\":\"https:\/\/nuevodigitaldeescobar.com.ar\/?p=17974#primaryimage\"},\"thumbnailUrl\":\"https:\/\/nuevodigitaldeescobar.com.ar\/wp-content\/uploads\/2025\/09\/0bc42e2d-a2f0-4cb2-a66c-45d31e407e89-scaled.jpg\",\"articleSection\":[\"Policiales\"],\"inLanguage\":\"es\",\"potentialAction\":[{\"@type\":\"CommentAction\",\"name\":\"Comment\",\"target\":[\"https:\/\/nuevodigitaldeescobar.com.ar\/?p=17974#respond\"]}]},{\"@type\":\"WebPage\",\"@id\":\"https:\/\/nuevodigitaldeescobar.com.ar\/?p=17974\",\"url\":\"https:\/\/nuevodigitaldeescobar.com.ar\/?p=17974\",\"name\":\"Robo y ataque contra Javier Rehl: investigan posibles implicancias pol\u00edticas - Nuevo Digital de Escobar\",\"isPartOf\":{\"@id\":\"https:\/\/nuevodigitaldeescobar.com.ar\/#website\"},\"primaryImageOfPage\":{\"@id\":\"https:\/\/nuevodigitaldeescobar.com.ar\/?p=17974#primaryimage\"},\"image\":{\"@id\":\"https:\/\/nuevodigitaldeescobar.com.ar\/?p=17974#primaryimage\"},\"thumbnailUrl\":\"https:\/\/nuevodigitaldeescobar.com.ar\/wp-content\/uploads\/2025\/09\/0bc42e2d-a2f0-4cb2-a66c-45d31e407e89-scaled.jpg\",\"datePublished\":\"2025-09-10T18:29:56+00:00\",\"dateModified\":\"2025-09-10T18:30:09+00:00\",\"description\":\"El presidente del bloque de concejales de Uni\u00f3n por la Patria, Javier Rehl, sufri\u00f3 en la noche del martes un hecho violento, que -por sus llamativas caracter\u00edsticas- es investigado por posibles implicancias pol\u00edticas.\",\"breadcrumb\":{\"@id\":\"https:\/\/nuevodigitaldeescobar.com.ar\/?p=17974#breadcrumb\"},\"inLanguage\":\"es\",\"potentialAction\":[{\"@type\":\"ReadAction\",\"target\":[\"https:\/\/nuevodigitaldeescobar.com.ar\/?p=17974\"]}]},{\"@type\":\"ImageObject\",\"inLanguage\":\"es\",\"@id\":\"https:\/\/nuevodigitaldeescobar.com.ar\/?p=17974#primaryimage\",\"url\":\"https:\/\/nuevodigitaldeescobar.com.ar\/wp-content\/uploads\/2025\/09\/0bc42e2d-a2f0-4cb2-a66c-45d31e407e89-scaled.jpg\",\"contentUrl\":\"https:\/\/nuevodigitaldeescobar.com.ar\/wp-content\/uploads\/2025\/09\/0bc42e2d-a2f0-4cb2-a66c-45d31e407e89-scaled.jpg\",\"width\":2560,\"height\":1816},{\"@type\":\"BreadcrumbList\",\"@id\":\"https:\/\/nuevodigitaldeescobar.com.ar\/?p=17974#breadcrumb\",\"itemListElement\":[{\"@type\":\"ListItem\",\"position\":1,\"name\":\"Portada\",\"item\":\"https:\/\/nuevodigitaldeescobar.com.ar\/\"},{\"@type\":\"ListItem\",\"position\":2,\"name\":\"Robo y ataque contra Javier Rehl: investigan posibles implicancias pol\u00edticas\"}]},{\"@type\":\"WebSite\",\"@id\":\"https:\/\/nuevodigitaldeescobar.com.ar\/#website\",\"url\":\"https:\/\/nuevodigitaldeescobar.com.ar\/\",\"name\":\"Nuevo Digital de Escobar\",\"description\":\"La vida escobarense. Directora: Rosana Brunner\",\"publisher\":{\"@id\":\"https:\/\/nuevodigitaldeescobar.com.ar\/#organization\"},\"potentialAction\":[{\"@type\":\"SearchAction\",\"target\":{\"@type\":\"EntryPoint\",\"urlTemplate\":\"https:\/\/nuevodigitaldeescobar.com.ar\/?s={search_term_string}\"},\"query-input\":{\"@type\":\"PropertyValueSpecification\",\"valueRequired\":true,\"valueName\":\"search_term_string\"}}],\"inLanguage\":\"es\"},{\"@type\":\"Organization\",\"@id\":\"https:\/\/nuevodigitaldeescobar.com.ar\/#organization\",\"name\":\"Nuevo Digital de Escobar\",\"url\":\"https:\/\/nuevodigitaldeescobar.com.ar\/\",\"logo\":{\"@type\":\"ImageObject\",\"inLanguage\":\"es\",\"@id\":\"https:\/\/nuevodigitaldeescobar.com.ar\/#\/schema\/logo\/image\/\",\"url\":\"https:\/\/nuevodigitaldeescobar.com.ar\/wp-content\/uploads\/2025\/05\/cropped-logo-nuevo2.jpg\",\"contentUrl\":\"https:\/\/nuevodigitaldeescobar.com.ar\/wp-content\/uploads\/2025\/05\/cropped-logo-nuevo2.jpg\",\"width\":305,\"height\":305,\"caption\":\"Nuevo Digital de Escobar\"},\"image\":{\"@id\":\"https:\/\/nuevodigitaldeescobar.com.ar\/#\/schema\/logo\/image\/\"},\"sameAs\":[\"https:\/\/www.facebook.com\/NUEVODigitalDeEscobar\",\"https:\/\/x.com\/nuevodigescobar\",\"https:\/\/www.instagram.com\/nuevodigitaldeescobar\"]},{\"@type\":\"Person\",\"@id\":\"https:\/\/nuevodigitaldeescobar.com.ar\/#\/schema\/person\/035e90a8efe9a80e6eec22656ad6ea4c\",\"name\":\"Redacci\u00f3n\",\"image\":{\"@type\":\"ImageObject\",\"inLanguage\":\"es\",\"@id\":\"https:\/\/nuevodigitaldeescobar.com.ar\/#\/schema\/person\/image\/\",\"url\":\"https:\/\/secure.gravatar.com\/avatar\/8af8f40000c24e9eef3034f2be5998a372bb1389e64b1a4a36b3a7979142220d?s=96&d=mm&r=g\",\"contentUrl\":\"https:\/\/secure.gravatar.com\/avatar\/8af8f40000c24e9eef3034f2be5998a372bb1389e64b1a4a36b3a7979142220d?s=96&d=mm&r=g\",\"caption\":\"Redacci\u00f3n\"},\"sameAs\":[\"http:\/\/nuevodigitaldeescobar.com.ar\"],\"url\":\"https:\/\/nuevodigitaldeescobar.com.ar\/?author=1\"}]}<\/script>\n<!-- \/ Yoast SEO plugin. -->","yoast_head_json":{"title":"Robo y ataque contra Javier Rehl: investigan posibles implicancias pol\u00edticas - Nuevo Digital de Escobar","description":"El presidente del bloque de concejales de Uni\u00f3n por la Patria, Javier Rehl, sufri\u00f3 en la noche del martes un hecho violento, que -por sus llamativas caracter\u00edsticas- es investigado por posibles implicancias pol\u00edticas.","robots":{"index":"index","follow":"follow","max-snippet":"max-snippet:-1","max-image-preview":"max-image-preview:large","max-video-preview":"max-video-preview:-1"},"canonical":"https:\/\/nuevodigitaldeescobar.com.ar\/?p=17974","og_locale":"es_ES","og_type":"article","og_title":"Robo y ataque contra Javier Rehl: investigan posibles implicancias pol\u00edticas","og_description":"El presidente del bloque de concejales de Uni\u00f3n por la Patria, Javier Rehl, sufri\u00f3 en la noche del martes un hecho violento, que -por sus llamativas caracter\u00edsticas- es investigado por posibles implicancias pol\u00edticas.","og_url":"https:\/\/nuevodigitaldeescobar.com.ar\/?p=17974","og_site_name":"Nuevo Digital de Escobar","article_publisher":"https:\/\/www.facebook.com\/NUEVODigitalDeEscobar","article_published_time":"2025-09-10T18:29:56+00:00","article_modified_time":"2025-09-10T18:30:09+00:00","og_image":[{"width":2560,"height":1816,"url":"http:\/\/nuevodigitaldeescobar.com.ar\/wp-content\/uploads\/2025\/09\/0bc42e2d-a2f0-4cb2-a66c-45d31e407e89-scaled.jpg","type":"image\/jpeg"}],"author":"Redacci\u00f3n","twitter_card":"summary_large_image","twitter_creator":"@nuevodigescobar","twitter_site":"@nuevodigescobar","twitter_misc":{"Escrito por":"Redacci\u00f3n","Tiempo de lectura":"2 minutos"},"schema":{"@context":"https:\/\/schema.org","@graph":[{"@type":"Article","@id":"https:\/\/nuevodigitaldeescobar.com.ar\/?p=17974#article","isPartOf":{"@id":"https:\/\/nuevodigitaldeescobar.com.ar\/?p=17974"},"author":{"name":"Redacci\u00f3n","@id":"https:\/\/nuevodigitaldeescobar.com.ar\/#\/schema\/person\/035e90a8efe9a80e6eec22656ad6ea4c"},"headline":"Robo y ataque contra Javier Rehl: investigan posibles implicancias pol\u00edticas","datePublished":"2025-09-10T18:29:56+00:00","dateModified":"2025-09-10T18:30:09+00:00","mainEntityOfPage":{"@id":"https:\/\/nuevodigitaldeescobar.com.ar\/?p=17974"},"wordCount":207,"commentCount":0,"publisher":{"@id":"https:\/\/nuevodigitaldeescobar.com.ar\/#organization"},"image":{"@id":"https:\/\/nuevodigitaldeescobar.com.ar\/?p=17974#primaryimage"},"thumbnailUrl":"https:\/\/nuevodigitaldeescobar.com.ar\/wp-content\/uploads\/2025\/09\/0bc42e2d-a2f0-4cb2-a66c-45d31e407e89-scaled.jpg","articleSection":["Policiales"],"inLanguage":"es","potentialAction":[{"@type":"CommentAction","name":"Comment","target":["https:\/\/nuevodigitaldeescobar.com.ar\/?p=17974#respond"]}]},{"@type":"WebPage","@id":"https:\/\/nuevodigitaldeescobar.com.ar\/?p=17974","url":"https:\/\/nuevodigitaldeescobar.com.ar\/?p=17974","name":"Robo y ataque contra Javier Rehl: investigan posibles implicancias pol\u00edticas - Nuevo Digital de Escobar","isPartOf":{"@id":"https:\/\/nuevodigitaldeescobar.com.ar\/#website"},"primaryImageOfPage":{"@id":"https:\/\/nuevodigitaldeescobar.com.ar\/?p=17974#primaryimage"},"image":{"@id":"https:\/\/nuevodigitaldeescobar.com.ar\/?p=17974#primaryimage"},"thumbnailUrl":"https:\/\/nuevodigitaldeescobar.com.ar\/wp-content\/uploads\/2025\/09\/0bc42e2d-a2f0-4cb2-a66c-45d31e407e89-scaled.jpg","datePublished":"2025-09-10T18:29:56+00:00","dateModified":"2025-09-10T18:30:09+00:00","description":"El presidente del bloque de concejales de Uni\u00f3n por la Patria, Javier Rehl, sufri\u00f3 en la noche del martes un hecho violento, que -por sus llamativas caracter\u00edsticas- es investigado por posibles implicancias pol\u00edticas.","breadcrumb":{"@id":"https:\/\/nuevodigitaldeescobar.com.ar\/?p=17974#breadcrumb"},"inLanguage":"es","potentialAction":[{"@type":"ReadAction","target":["https:\/\/nuevodigitaldeescobar.com.ar\/?p=17974"]}]},{"@type":"ImageObject","inLanguage":"es","@id":"https:\/\/nuevodigitaldeescobar.com.ar\/?p=17974#primaryimage","url":"https:\/\/nuevodigitaldeescobar.com.ar\/wp-content\/uploads\/2025\/09\/0bc42e2d-a2f0-4cb2-a66c-45d31e407e89-scaled.jpg","contentUrl":"https:\/\/nuevodigitaldeescobar.com.ar\/wp-content\/uploads\/2025\/09\/0bc42e2d-a2f0-4cb2-a66c-45d31e407e89-scaled.jpg","width":2560,"height":1816},{"@type":"BreadcrumbList","@id":"https:\/\/nuevodigitaldeescobar.com.ar\/?p=17974#breadcrumb","itemListElement":[{"@type":"ListItem","position":1,"name":"Portada","item":"https:\/\/nuevodigitaldeescobar.com.ar\/"},{"@type":"ListItem","position":2,"name":"Robo y ataque contra Javier Rehl: investigan posibles implicancias pol\u00edticas"}]},{"@type":"WebSite","@id":"https:\/\/nuevodigitaldeescobar.com.ar\/#website","url":"https:\/\/nuevodigitaldeescobar.com.ar\/","name":"Nuevo Digital de Escobar","description":"La vida escobarense. Directora: Rosana Brunner","publisher":{"@id":"https:\/\/nuevodigitaldeescobar.com.ar\/#organization"},"potentialAction":[{"@type":"SearchAction","target":{"@type":"EntryPoint","urlTemplate":"https:\/\/nuevodigitaldeescobar.com.ar\/?s={search_term_string}"},"query-input":{"@type":"PropertyValueSpecification","valueRequired":true,"valueName":"search_term_string"}}],"inLanguage":"es"},{"@type":"Organization","@id":"https:\/\/nuevodigitaldeescobar.com.ar\/#organization","name":"Nuevo Digital de Escobar","url":"https:\/\/nuevodigitaldeescobar.com.ar\/","logo":{"@type":"ImageObject","inLanguage":"es","@id":"https:\/\/nuevodigitaldeescobar.com.ar\/#\/schema\/logo\/image\/","url":"https:\/\/nuevodigitaldeescobar.com.ar\/wp-content\/uploads\/2025\/05\/cropped-logo-nuevo2.jpg","contentUrl":"https:\/\/nuevodigitaldeescobar.com.ar\/wp-content\/uploads\/2025\/05\/cropped-logo-nuevo2.jpg","width":305,"height":305,"caption":"Nuevo Digital de Escobar"},"image":{"@id":"https:\/\/nuevodigitaldeescobar.com.ar\/#\/schema\/logo\/image\/"},"sameAs":["https:\/\/www.facebook.com\/NUEVODigitalDeEscobar","https:\/\/x.com\/nuevodigescobar","https:\/\/www.instagram.com\/nuevodigitaldeescobar"]},{"@type":"Person","@id":"https:\/\/nuevodigitaldeescobar.com.ar\/#\/schema\/person\/035e90a8efe9a80e6eec22656ad6ea4c","name":"Redacci\u00f3n","image":{"@type":"ImageObject","inLanguage":"es","@id":"https:\/\/nuevodigitaldeescobar.com.ar\/#\/schema\/person\/image\/","url":"https:\/\/secure.gravatar.com\/avatar\/8af8f40000c24e9eef3034f2be5998a372bb1389e64b1a4a36b3a7979142220d?s=96&d=mm&r=g","contentUrl":"https:\/\/secure.gravatar.com\/avatar\/8af8f40000c24e9eef3034f2be5998a372bb1389e64b1a4a36b3a7979142220d?s=96&d=mm&r=g","caption":"Redacci\u00f3n"},"sameAs":["http:\/\/nuevodigitaldeescobar.com.ar"],"url":"https:\/\/nuevodigitaldeescobar.com.ar\/?author=1"}]}},"featured_image_urls":{"full":["https:\/\/nuevodigitaldeescobar.com.ar\/wp-content\/uploads\/2025\/09\/0bc42e2d-a2f0-4cb2-a66c-45d31e407e89-scaled.jpg",2560,1816,false],"thumbnail":["https:\/\/nuevodigitaldeescobar.com.ar\/wp-content\/uploads\/2025\/09\/0bc42e2d-a2f0-4cb2-a66c-45d31e407e89-150x150.jpg",150,150,true],"medium":["https:\/\/nuevodigitaldeescobar.com.ar\/wp-content\/uploads\/2025\/09\/0bc42e2d-a2f0-4cb2-a66c-45d31e407e89-300x213.jpg",300,213,true],"medium_large":["https:\/\/nuevodigitaldeescobar.com.ar\/wp-content\/uploads\/2025\/09\/0bc42e2d-a2f0-4cb2-a66c-45d31e407e89-768x545.jpg",640,454,true],"large":["https:\/\/nuevodigitaldeescobar.com.ar\/wp-content\/uploads\/2025\/09\/0bc42e2d-a2f0-4cb2-a66c-45d31e407e89-1024x726.jpg",640,454,true],"1536x1536":["https:\/\/nuevodigitaldeescobar.com.ar\/wp-content\/uploads\/2025\/09\/0bc42e2d-a2f0-4cb2-a66c-45d31e407e89-1536x1089.jpg",1536,1089,true],"2048x2048":["https:\/\/nuevodigitaldeescobar.com.ar\/wp-content\/uploads\/2025\/09\/0bc42e2d-a2f0-4cb2-a66c-45d31e407e89-2048x1453.jpg",2048,1453,true]},"author_info":{"display_name":"Redacci\u00f3n","author_link":"https:\/\/nuevodigitaldeescobar.com.ar\/?author=1"},"category_info":"<a href=\"https:\/\/nuevodigitaldeescobar.com.ar\/?cat=13\" rel=\"category\">Policiales<\/a>","tag_info":"Policiales","comment_count":"0","_links":{"self":[{"href":"https:\/\/nuevodigitaldeescobar.com.ar\/index.php?rest_route=\/wp\/v2\/posts\/17974","targetHints":{"allow":["GET"]}}],"collection":[{"href":"https:\/\/nuevodigitaldeescobar.com.ar\/index.php?rest_route=\/wp\/v2\/posts"}],"about":[{"href":"https:\/\/nuevodigitaldeescobar.com.ar\/index.php?rest_route=\/wp\/v2\/types\/post"}],"author":[{"embeddable":true,"href":"https:\/\/nuevodigitaldeescobar.com.ar\/index.php?rest_route=\/wp\/v2\/users\/1"}],"replies":[{"embeddable":true,"href":"https:\/\/nuevodigitaldeescobar.com.ar\/index.php?rest_route=%2Fwp%2Fv2%2Fcomments&post=17974"}],"version-history":[{"count":1,"href":"https:\/\/nuevodigitaldeescobar.com.ar\/index.php?rest_route=\/wp\/v2\/posts\/17974\/revisions"}],"predecessor-version":[{"id":17976,"href":"https:\/\/nuevodigitaldeescobar.com.ar\/index.php?rest_route=\/wp\/v2\/posts\/17974\/revisions\/17976"}],"wp:featuredmedia":[{"embeddable":true,"href":"https:\/\/nuevodigitaldeescobar.com.ar\/index.php?rest_route=\/wp\/v2\/media\/17975"}],"wp:attachment":[{"href":"https:\/\/nuevodigitaldeescobar.com.ar\/index.php?rest_route=%2Fwp%2Fv2%2Fmedia&parent=17974"}],"wp:term":[{"taxonomy":"category","embeddable":true,"href":"https:\/\/nuevodigitaldeescobar.com.ar\/index.php?rest_route=%2Fwp%2Fv2%2Fcategories&post=17974"},{"taxonomy":"post_tag","embeddable":true,"href":"https:\/\/nuevodigitaldeescobar.com.ar\/index.php?rest_route=%2Fwp%2Fv2%2Ftags&post=17974"}],"curies":[{"name":"wp","href":"https:\/\/api.w.org\/{rel}","templated":true}]}}