{"id":17983,"date":"2025-09-11T00:51:18","date_gmt":"2025-09-11T03:51:18","guid":{"rendered":"https:\/\/nuevodigitaldeescobar.com.ar\/?p=17983"},"modified":"2025-09-11T00:51:21","modified_gmt":"2025-09-11T03:51:21","slug":"la-inflacion-de-agosto-fue-del-19-y-acumula-336-interanual","status":"publish","type":"post","link":"https:\/\/nuevodigitaldeescobar.com.ar\/?p=17983","title":{"rendered":"La inflaci\u00f3n de agosto fue del 1,9% y acumula 33,6% interanual"},"content":{"rendered":"\n<p class=\"has-vivid-cyan-blue-color has-text-color has-link-color wp-elements-29627bcf20b3557a165bf9fdb6c49038\"><em><strong>El Instituto Nacional de Estad\u00edstica y Censos (Indec) inform\u00f3 este mi\u00e9rcoles que la inflaci\u00f3n de agosto fue del 1,9%, manteniendo la misma variaci\u00f3n que en julio. Con este registro, los precios acumulan un alza del 19,5% en lo que va de 2025 y un 33,6% en los \u00faltimos doce meses.<\/strong><\/em><\/p>\n\n\n\n<!--more-->\n\n\n\n<p>Este resultado se dio en un contexto marcado por las tensiones electorales y la suba del d\u00f3lar, aunque la falta de consumo evit\u00f3 un traslado mayor de costos a los precios finales. Seg\u00fan el organismo, agosto represent\u00f3 el <strong>cuarto mes consecutivo con inflaci\u00f3n por debajo del 2%<\/strong>, algo que no ocurr\u00eda desde 2017.<\/p>\n\n\n\n<h3 class=\"wp-block-heading has-text-color has-link-color wp-elements-36dd3d31bf2c87ad41c8cd9346710de2\" style=\"color:#112ab9\"><em>Rubros con mayores y menores aumentos<\/em><\/h3>\n\n\n\n<p>Los sectores que m\u00e1s subieron en agosto fueron:<\/p>\n\n\n\n<ul class=\"wp-block-list\">\n<li>\ud83d\ude97 <strong>Transporte<\/strong>: 3,6% (veh\u00edculos y combustibles)<\/li>\n\n\n\n<li>\ud83c\udf77 <strong>Bebidas alcoh\u00f3licas y tabaco<\/strong>: 3,5%<\/li>\n\n\n\n<li>\ud83c\udf7d\ufe0f <strong>Restaurantes y hoteles<\/strong>: 3,4%<\/li>\n<\/ul>\n\n\n\n<p>En el otro extremo, las menores variaciones se registraron en:<\/p>\n\n\n\n<ul class=\"wp-block-list\">\n<li>\ud83c\udfad <strong>Recreaci\u00f3n y cultura<\/strong>: 0,5%<\/li>\n\n\n\n<li>\ud83d\udc57 <strong>Indumentaria y calzado<\/strong>: -0,3%<\/li>\n<\/ul>\n\n\n\n<p>En tanto, <strong>Alimentos y bebidas no alcoh\u00f3licas<\/strong> subieron 1,4%, un dato relevante ya que se encuentra por debajo del promedio general.<\/p>\n\n\n\n<h3 class=\"wp-block-heading has-text-color has-link-color wp-elements-30f2e269628715a4ccec6e34b3e33cf8\" style=\"color:#112ab9\"><em>Bienes y servicios<\/em><\/h3>\n\n\n\n<ul class=\"wp-block-list\">\n<li>Los <strong>bienes<\/strong> aumentaron 1,6%.<\/li>\n\n\n\n<li>Los <strong>servicios<\/strong> treparon 2,5%.<\/li>\n\n\n\n<li>La <strong>inflaci\u00f3n n\u00facleo<\/strong> (que excluye regulados y estacionales) se ubic\u00f3 en 2%.<\/li>\n\n\n\n<li>Los <strong>precios regulados<\/strong> subieron 2,7%.<\/li>\n\n\n\n<li>Los <strong>estacionales<\/strong> bajaron 0,8%.<\/li>\n<\/ul>\n\n\n\n<h3 class=\"wp-block-heading has-text-color has-link-color wp-elements-37042416afac11e73ca55ddc6ae4469a\" style=\"color:#112ab9\"><em>La situaci\u00f3n en la Ciudad de Buenos Aires<\/em><\/h3>\n\n\n\n<p>En paralelo, el Instituto de Estad\u00edsticas porte\u00f1o inform\u00f3 que la inflaci\u00f3n en la Ciudad fue de <strong>1,6% en agosto<\/strong>, acumulando <strong>37,4% interanual<\/strong> y un <strong>20% en lo que va del a\u00f1o<\/strong>.<br>El mayor aumento en CABA estuvo en <strong>seguros y servicios financieros<\/strong> (+5,7%), seguido por <strong>Transporte<\/strong> (+3%). El rubro <strong>Alimentos y bebidas<\/strong> subi\u00f3 apenas 1%, mientras que <strong>Indumentaria y calzado<\/strong> bajaron 0,4%.<\/p>\n\n\n\n<h3 class=\"wp-block-heading has-text-color has-link-color wp-elements-648b7a990a6e0cbfe02232e324ee2c61\" style=\"color:#112ab9\"><em>Estimaciones privadas<\/em><\/h3>\n\n\n\n<p>Consultoras econ\u00f3micas ofrecieron proyecciones en torno al dato oficial:<\/p>\n\n\n\n<ul class=\"wp-block-list\">\n<li><strong>Libertad y Progreso<\/strong>: 1,9%<\/li>\n\n\n\n<li><strong>Analytica<\/strong>: 1,7%<\/li>\n\n\n\n<li><strong>Orlando J. Ferreres<\/strong>: 2,1%<\/li>\n\n\n\n<li><strong>C&amp;T Asesores Econ\u00f3micos<\/strong>: 1,6%<\/li>\n<\/ul>\n\n\n\n<p>El Relevamiento de Expectativas de Mercado (REM) del Banco Central hab\u00eda estimado un 2,1% para agosto, lo que muestra que el n\u00famero final qued\u00f3 por debajo de las expectativas m\u00e1s pesimistas.<\/p>\n\n\n\n<p>Con estos resultados, la econom\u00eda argentina sigue mostrando cierta desaceleraci\u00f3n en los precios, aunque persisten tensiones en rubros clave que afectan de manera directa al poder adquisitivo de los hogares.<\/p>\n","protected":false},"excerpt":{"rendered":"<p>El Instituto Nacional de Estad\u00edstica y Censos (Indec) inform\u00f3 este mi\u00e9rcoles que la inflaci\u00f3n de agosto fue del 1,9%, manteniendo la misma variaci\u00f3n que en [&hellip;]<\/p>\n","protected":false},"author":1,"featured_media":3785,"comment_status":"open","ping_status":"open","sticky":false,"template":"","format":"standard","meta":{"footnotes":""},"categories":[10],"tags":[],"class_list":["post-17983","post","type-post","status-publish","format-standard","has-post-thumbnail","hentry","category-economia"],"better_featured_image":{"id":3785,"alt_text":"","caption":"","description":"","media_type":"image","media_details":{"width":720,"height":453,"file":"2024\/02\/inflacion-precios-e1709051497747.jpg","filesize":140134,"sizes":{"medium":{"file":"inflacion-precios-e1709051488265-300x189.jpg","width":300,"height":189,"mime-type":"image\/jpeg","filesize":17938,"source_url":"https:\/\/nuevodigitaldeescobar.com.ar\/wp-content\/uploads\/2024\/02\/inflacion-precios-e1709051488265-300x189.jpg"},"thumbnail":{"file":"inflacion-precios-e1709051488265-150x150.jpg","width":150,"height":150,"mime-type":"image\/jpeg","filesize":8179,"source_url":"https:\/\/nuevodigitaldeescobar.com.ar\/wp-content\/uploads\/2024\/02\/inflacion-precios-e1709051488265-150x150.jpg"},"medium_large":{"file":"inflacion-precios-e1709051488265-768x483.jpg","width":768,"height":483,"mime-type":"image\/jpeg","filesize":79699,"source_url":"https:\/\/nuevodigitaldeescobar.com.ar\/wp-content\/uploads\/2024\/02\/inflacion-precios-e1709051488265-768x483.jpg"}},"image_meta":{"aperture":"0","credit":"","camera":"","caption":"","created_timestamp":"0","copyright":"","focal_length":"0","iso":"0","shutter_speed":"0","title":"","orientation":"0","keywords":[]}},"post":3782,"source_url":"https:\/\/nuevodigitaldeescobar.com.ar\/wp-content\/uploads\/2024\/02\/inflacion-precios-e1709051497747.jpg"},"yoast_head":"<!-- This site is optimized with the Yoast SEO plugin v26.1.1 - https:\/\/yoast.com\/wordpress\/plugins\/seo\/ -->\n<title>La inflaci\u00f3n de agosto fue del 1,9% y acumula 33,6% interanual - Nuevo Digital de Escobar<\/title>\n<meta name=\"robots\" content=\"index, follow, max-snippet:-1, max-image-preview:large, max-video-preview:-1\" \/>\n<link rel=\"canonical\" href=\"https:\/\/nuevodigitaldeescobar.com.ar\/?p=17983\" \/>\n<meta property=\"og:locale\" content=\"es_ES\" \/>\n<meta property=\"og:type\" content=\"article\" \/>\n<meta property=\"og:title\" content=\"La inflaci\u00f3n de agosto fue del 1,9% y acumula 33,6% interanual - Nuevo Digital de Escobar\" \/>\n<meta property=\"og:description\" content=\"El Instituto Nacional de Estad\u00edstica y Censos (Indec) inform\u00f3 este mi\u00e9rcoles que la inflaci\u00f3n de agosto fue del 1,9%, manteniendo la misma variaci\u00f3n que en [&hellip;]\" \/>\n<meta property=\"og:url\" content=\"https:\/\/nuevodigitaldeescobar.com.ar\/?p=17983\" \/>\n<meta property=\"og:site_name\" content=\"Nuevo Digital de Escobar\" \/>\n<meta property=\"article:publisher\" content=\"https:\/\/www.facebook.com\/NUEVODigitalDeEscobar\" \/>\n<meta property=\"article:published_time\" content=\"2025-09-11T03:51:18+00:00\" \/>\n<meta property=\"article:modified_time\" content=\"2025-09-11T03:51:21+00:00\" \/>\n<meta property=\"og:image\" content=\"http:\/\/nuevodigitaldeescobar.com.ar\/wp-content\/uploads\/2024\/02\/inflacion-precios-e1709051497747.jpg\" \/>\n\t<meta property=\"og:image:width\" content=\"720\" \/>\n\t<meta property=\"og:image:height\" content=\"453\" \/>\n\t<meta property=\"og:image:type\" content=\"image\/jpeg\" \/>\n<meta name=\"author\" content=\"Redacci\u00f3n\" \/>\n<meta name=\"twitter:card\" content=\"summary_large_image\" \/>\n<meta name=\"twitter:creator\" content=\"@nuevodigescobar\" \/>\n<meta name=\"twitter:site\" content=\"@nuevodigescobar\" \/>\n<meta name=\"twitter:label1\" content=\"Escrito por\" \/>\n\t<meta name=\"twitter:data1\" content=\"Redacci\u00f3n\" \/>\n\t<meta name=\"twitter:label2\" content=\"Tiempo de lectura\" \/>\n\t<meta name=\"twitter:data2\" content=\"2 minutos\" \/>\n<script type=\"application\/ld+json\" class=\"yoast-schema-graph\">{\"@context\":\"https:\/\/schema.org\",\"@graph\":[{\"@type\":\"Article\",\"@id\":\"https:\/\/nuevodigitaldeescobar.com.ar\/?p=17983#article\",\"isPartOf\":{\"@id\":\"https:\/\/nuevodigitaldeescobar.com.ar\/?p=17983\"},\"author\":{\"name\":\"Redacci\u00f3n\",\"@id\":\"https:\/\/nuevodigitaldeescobar.com.ar\/#\/schema\/person\/035e90a8efe9a80e6eec22656ad6ea4c\"},\"headline\":\"La inflaci\u00f3n de agosto fue del 1,9% y acumula 33,6% interanual\",\"datePublished\":\"2025-09-11T03:51:18+00:00\",\"dateModified\":\"2025-09-11T03:51:21+00:00\",\"mainEntityOfPage\":{\"@id\":\"https:\/\/nuevodigitaldeescobar.com.ar\/?p=17983\"},\"wordCount\":369,\"commentCount\":0,\"publisher\":{\"@id\":\"https:\/\/nuevodigitaldeescobar.com.ar\/#organization\"},\"image\":{\"@id\":\"https:\/\/nuevodigitaldeescobar.com.ar\/?p=17983#primaryimage\"},\"thumbnailUrl\":\"https:\/\/nuevodigitaldeescobar.com.ar\/wp-content\/uploads\/2024\/02\/inflacion-precios-e1709051497747.jpg\",\"articleSection\":[\"Econom\u00eda\"],\"inLanguage\":\"es\",\"potentialAction\":[{\"@type\":\"CommentAction\",\"name\":\"Comment\",\"target\":[\"https:\/\/nuevodigitaldeescobar.com.ar\/?p=17983#respond\"]}]},{\"@type\":\"WebPage\",\"@id\":\"https:\/\/nuevodigitaldeescobar.com.ar\/?p=17983\",\"url\":\"https:\/\/nuevodigitaldeescobar.com.ar\/?p=17983\",\"name\":\"La inflaci\u00f3n de agosto fue del 1,9% y acumula 33,6% interanual - Nuevo Digital de Escobar\",\"isPartOf\":{\"@id\":\"https:\/\/nuevodigitaldeescobar.com.ar\/#website\"},\"primaryImageOfPage\":{\"@id\":\"https:\/\/nuevodigitaldeescobar.com.ar\/?p=17983#primaryimage\"},\"image\":{\"@id\":\"https:\/\/nuevodigitaldeescobar.com.ar\/?p=17983#primaryimage\"},\"thumbnailUrl\":\"https:\/\/nuevodigitaldeescobar.com.ar\/wp-content\/uploads\/2024\/02\/inflacion-precios-e1709051497747.jpg\",\"datePublished\":\"2025-09-11T03:51:18+00:00\",\"dateModified\":\"2025-09-11T03:51:21+00:00\",\"breadcrumb\":{\"@id\":\"https:\/\/nuevodigitaldeescobar.com.ar\/?p=17983#breadcrumb\"},\"inLanguage\":\"es\",\"potentialAction\":[{\"@type\":\"ReadAction\",\"target\":[\"https:\/\/nuevodigitaldeescobar.com.ar\/?p=17983\"]}]},{\"@type\":\"ImageObject\",\"inLanguage\":\"es\",\"@id\":\"https:\/\/nuevodigitaldeescobar.com.ar\/?p=17983#primaryimage\",\"url\":\"https:\/\/nuevodigitaldeescobar.com.ar\/wp-content\/uploads\/2024\/02\/inflacion-precios-e1709051497747.jpg\",\"contentUrl\":\"https:\/\/nuevodigitaldeescobar.com.ar\/wp-content\/uploads\/2024\/02\/inflacion-precios-e1709051497747.jpg\",\"width\":720,\"height\":453},{\"@type\":\"BreadcrumbList\",\"@id\":\"https:\/\/nuevodigitaldeescobar.com.ar\/?p=17983#breadcrumb\",\"itemListElement\":[{\"@type\":\"ListItem\",\"position\":1,\"name\":\"Portada\",\"item\":\"https:\/\/nuevodigitaldeescobar.com.ar\/\"},{\"@type\":\"ListItem\",\"position\":2,\"name\":\"La inflaci\u00f3n de agosto fue del 1,9% y acumula 33,6% interanual\"}]},{\"@type\":\"WebSite\",\"@id\":\"https:\/\/nuevodigitaldeescobar.com.ar\/#website\",\"url\":\"https:\/\/nuevodigitaldeescobar.com.ar\/\",\"name\":\"Nuevo Digital de Escobar\",\"description\":\"La vida escobarense. Directora: Rosana Brunner\",\"publisher\":{\"@id\":\"https:\/\/nuevodigitaldeescobar.com.ar\/#organization\"},\"potentialAction\":[{\"@type\":\"SearchAction\",\"target\":{\"@type\":\"EntryPoint\",\"urlTemplate\":\"https:\/\/nuevodigitaldeescobar.com.ar\/?s={search_term_string}\"},\"query-input\":{\"@type\":\"PropertyValueSpecification\",\"valueRequired\":true,\"valueName\":\"search_term_string\"}}],\"inLanguage\":\"es\"},{\"@type\":\"Organization\",\"@id\":\"https:\/\/nuevodigitaldeescobar.com.ar\/#organization\",\"name\":\"Nuevo Digital de Escobar\",\"url\":\"https:\/\/nuevodigitaldeescobar.com.ar\/\",\"logo\":{\"@type\":\"ImageObject\",\"inLanguage\":\"es\",\"@id\":\"https:\/\/nuevodigitaldeescobar.com.ar\/#\/schema\/logo\/image\/\",\"url\":\"https:\/\/nuevodigitaldeescobar.com.ar\/wp-content\/uploads\/2025\/05\/cropped-logo-nuevo2.jpg\",\"contentUrl\":\"https:\/\/nuevodigitaldeescobar.com.ar\/wp-content\/uploads\/2025\/05\/cropped-logo-nuevo2.jpg\",\"width\":305,\"height\":305,\"caption\":\"Nuevo Digital de Escobar\"},\"image\":{\"@id\":\"https:\/\/nuevodigitaldeescobar.com.ar\/#\/schema\/logo\/image\/\"},\"sameAs\":[\"https:\/\/www.facebook.com\/NUEVODigitalDeEscobar\",\"https:\/\/x.com\/nuevodigescobar\",\"https:\/\/www.instagram.com\/nuevodigitaldeescobar\"]},{\"@type\":\"Person\",\"@id\":\"https:\/\/nuevodigitaldeescobar.com.ar\/#\/schema\/person\/035e90a8efe9a80e6eec22656ad6ea4c\",\"name\":\"Redacci\u00f3n\",\"image\":{\"@type\":\"ImageObject\",\"inLanguage\":\"es\",\"@id\":\"https:\/\/nuevodigitaldeescobar.com.ar\/#\/schema\/person\/image\/\",\"url\":\"https:\/\/secure.gravatar.com\/avatar\/8af8f40000c24e9eef3034f2be5998a372bb1389e64b1a4a36b3a7979142220d?s=96&d=mm&r=g\",\"contentUrl\":\"https:\/\/secure.gravatar.com\/avatar\/8af8f40000c24e9eef3034f2be5998a372bb1389e64b1a4a36b3a7979142220d?s=96&d=mm&r=g\",\"caption\":\"Redacci\u00f3n\"},\"sameAs\":[\"http:\/\/nuevodigitaldeescobar.com.ar\"],\"url\":\"https:\/\/nuevodigitaldeescobar.com.ar\/?author=1\"}]}<\/script>\n<!-- \/ Yoast SEO plugin. -->","yoast_head_json":{"title":"La inflaci\u00f3n de agosto fue del 1,9% y acumula 33,6% interanual - Nuevo Digital de Escobar","robots":{"index":"index","follow":"follow","max-snippet":"max-snippet:-1","max-image-preview":"max-image-preview:large","max-video-preview":"max-video-preview:-1"},"canonical":"https:\/\/nuevodigitaldeescobar.com.ar\/?p=17983","og_locale":"es_ES","og_type":"article","og_title":"La inflaci\u00f3n de agosto fue del 1,9% y acumula 33,6% interanual - Nuevo Digital de Escobar","og_description":"El Instituto Nacional de Estad\u00edstica y Censos (Indec) inform\u00f3 este mi\u00e9rcoles que la inflaci\u00f3n de agosto fue del 1,9%, manteniendo la misma variaci\u00f3n que en [&hellip;]","og_url":"https:\/\/nuevodigitaldeescobar.com.ar\/?p=17983","og_site_name":"Nuevo Digital de Escobar","article_publisher":"https:\/\/www.facebook.com\/NUEVODigitalDeEscobar","article_published_time":"2025-09-11T03:51:18+00:00","article_modified_time":"2025-09-11T03:51:21+00:00","og_image":[{"width":720,"height":453,"url":"http:\/\/nuevodigitaldeescobar.com.ar\/wp-content\/uploads\/2024\/02\/inflacion-precios-e1709051497747.jpg","type":"image\/jpeg"}],"author":"Redacci\u00f3n","twitter_card":"summary_large_image","twitter_creator":"@nuevodigescobar","twitter_site":"@nuevodigescobar","twitter_misc":{"Escrito por":"Redacci\u00f3n","Tiempo de lectura":"2 minutos"},"schema":{"@context":"https:\/\/schema.org","@graph":[{"@type":"Article","@id":"https:\/\/nuevodigitaldeescobar.com.ar\/?p=17983#article","isPartOf":{"@id":"https:\/\/nuevodigitaldeescobar.com.ar\/?p=17983"},"author":{"name":"Redacci\u00f3n","@id":"https:\/\/nuevodigitaldeescobar.com.ar\/#\/schema\/person\/035e90a8efe9a80e6eec22656ad6ea4c"},"headline":"La inflaci\u00f3n de agosto fue del 1,9% y acumula 33,6% interanual","datePublished":"2025-09-11T03:51:18+00:00","dateModified":"2025-09-11T03:51:21+00:00","mainEntityOfPage":{"@id":"https:\/\/nuevodigitaldeescobar.com.ar\/?p=17983"},"wordCount":369,"commentCount":0,"publisher":{"@id":"https:\/\/nuevodigitaldeescobar.com.ar\/#organization"},"image":{"@id":"https:\/\/nuevodigitaldeescobar.com.ar\/?p=17983#primaryimage"},"thumbnailUrl":"https:\/\/nuevodigitaldeescobar.com.ar\/wp-content\/uploads\/2024\/02\/inflacion-precios-e1709051497747.jpg","articleSection":["Econom\u00eda"],"inLanguage":"es","potentialAction":[{"@type":"CommentAction","name":"Comment","target":["https:\/\/nuevodigitaldeescobar.com.ar\/?p=17983#respond"]}]},{"@type":"WebPage","@id":"https:\/\/nuevodigitaldeescobar.com.ar\/?p=17983","url":"https:\/\/nuevodigitaldeescobar.com.ar\/?p=17983","name":"La inflaci\u00f3n de agosto fue del 1,9% y acumula 33,6% interanual - Nuevo Digital de Escobar","isPartOf":{"@id":"https:\/\/nuevodigitaldeescobar.com.ar\/#website"},"primaryImageOfPage":{"@id":"https:\/\/nuevodigitaldeescobar.com.ar\/?p=17983#primaryimage"},"image":{"@id":"https:\/\/nuevodigitaldeescobar.com.ar\/?p=17983#primaryimage"},"thumbnailUrl":"https:\/\/nuevodigitaldeescobar.com.ar\/wp-content\/uploads\/2024\/02\/inflacion-precios-e1709051497747.jpg","datePublished":"2025-09-11T03:51:18+00:00","dateModified":"2025-09-11T03:51:21+00:00","breadcrumb":{"@id":"https:\/\/nuevodigitaldeescobar.com.ar\/?p=17983#breadcrumb"},"inLanguage":"es","potentialAction":[{"@type":"ReadAction","target":["https:\/\/nuevodigitaldeescobar.com.ar\/?p=17983"]}]},{"@type":"ImageObject","inLanguage":"es","@id":"https:\/\/nuevodigitaldeescobar.com.ar\/?p=17983#primaryimage","url":"https:\/\/nuevodigitaldeescobar.com.ar\/wp-content\/uploads\/2024\/02\/inflacion-precios-e1709051497747.jpg","contentUrl":"https:\/\/nuevodigitaldeescobar.com.ar\/wp-content\/uploads\/2024\/02\/inflacion-precios-e1709051497747.jpg","width":720,"height":453},{"@type":"BreadcrumbList","@id":"https:\/\/nuevodigitaldeescobar.com.ar\/?p=17983#breadcrumb","itemListElement":[{"@type":"ListItem","position":1,"name":"Portada","item":"https:\/\/nuevodigitaldeescobar.com.ar\/"},{"@type":"ListItem","position":2,"name":"La inflaci\u00f3n de agosto fue del 1,9% y acumula 33,6% interanual"}]},{"@type":"WebSite","@id":"https:\/\/nuevodigitaldeescobar.com.ar\/#website","url":"https:\/\/nuevodigitaldeescobar.com.ar\/","name":"Nuevo Digital de Escobar","description":"La vida escobarense. Directora: Rosana Brunner","publisher":{"@id":"https:\/\/nuevodigitaldeescobar.com.ar\/#organization"},"potentialAction":[{"@type":"SearchAction","target":{"@type":"EntryPoint","urlTemplate":"https:\/\/nuevodigitaldeescobar.com.ar\/?s={search_term_string}"},"query-input":{"@type":"PropertyValueSpecification","valueRequired":true,"valueName":"search_term_string"}}],"inLanguage":"es"},{"@type":"Organization","@id":"https:\/\/nuevodigitaldeescobar.com.ar\/#organization","name":"Nuevo Digital de Escobar","url":"https:\/\/nuevodigitaldeescobar.com.ar\/","logo":{"@type":"ImageObject","inLanguage":"es","@id":"https:\/\/nuevodigitaldeescobar.com.ar\/#\/schema\/logo\/image\/","url":"https:\/\/nuevodigitaldeescobar.com.ar\/wp-content\/uploads\/2025\/05\/cropped-logo-nuevo2.jpg","contentUrl":"https:\/\/nuevodigitaldeescobar.com.ar\/wp-content\/uploads\/2025\/05\/cropped-logo-nuevo2.jpg","width":305,"height":305,"caption":"Nuevo Digital de Escobar"},"image":{"@id":"https:\/\/nuevodigitaldeescobar.com.ar\/#\/schema\/logo\/image\/"},"sameAs":["https:\/\/www.facebook.com\/NUEVODigitalDeEscobar","https:\/\/x.com\/nuevodigescobar","https:\/\/www.instagram.com\/nuevodigitaldeescobar"]},{"@type":"Person","@id":"https:\/\/nuevodigitaldeescobar.com.ar\/#\/schema\/person\/035e90a8efe9a80e6eec22656ad6ea4c","name":"Redacci\u00f3n","image":{"@type":"ImageObject","inLanguage":"es","@id":"https:\/\/nuevodigitaldeescobar.com.ar\/#\/schema\/person\/image\/","url":"https:\/\/secure.gravatar.com\/avatar\/8af8f40000c24e9eef3034f2be5998a372bb1389e64b1a4a36b3a7979142220d?s=96&d=mm&r=g","contentUrl":"https:\/\/secure.gravatar.com\/avatar\/8af8f40000c24e9eef3034f2be5998a372bb1389e64b1a4a36b3a7979142220d?s=96&d=mm&r=g","caption":"Redacci\u00f3n"},"sameAs":["http:\/\/nuevodigitaldeescobar.com.ar"],"url":"https:\/\/nuevodigitaldeescobar.com.ar\/?author=1"}]}},"featured_image_urls":{"full":["https:\/\/nuevodigitaldeescobar.com.ar\/wp-content\/uploads\/2024\/02\/inflacion-precios-e1709051497747.jpg",720,453,false],"thumbnail":["https:\/\/nuevodigitaldeescobar.com.ar\/wp-content\/uploads\/2024\/02\/inflacion-precios-e1709051488265-150x150.jpg",150,150,true],"medium":["https:\/\/nuevodigitaldeescobar.com.ar\/wp-content\/uploads\/2024\/02\/inflacion-precios-e1709051488265-300x189.jpg",300,189,true],"medium_large":["https:\/\/nuevodigitaldeescobar.com.ar\/wp-content\/uploads\/2024\/02\/inflacion-precios-e1709051488265-768x483.jpg",640,403,true],"large":["https:\/\/nuevodigitaldeescobar.com.ar\/wp-content\/uploads\/2024\/02\/inflacion-precios-e1709051497747.jpg",640,403,false],"1536x1536":["https:\/\/nuevodigitaldeescobar.com.ar\/wp-content\/uploads\/2024\/02\/inflacion-precios-e1709051497747.jpg",720,453,false],"2048x2048":["https:\/\/nuevodigitaldeescobar.com.ar\/wp-content\/uploads\/2024\/02\/inflacion-precios-e1709051497747.jpg",720,453,false]},"author_info":{"display_name":"Redacci\u00f3n","author_link":"https:\/\/nuevodigitaldeescobar.com.ar\/?author=1"},"category_info":"<a href=\"https:\/\/nuevodigitaldeescobar.com.ar\/?cat=10\" rel=\"category\">Econom\u00eda<\/a>","tag_info":"Econom\u00eda","comment_count":"0","_links":{"self":[{"href":"https:\/\/nuevodigitaldeescobar.com.ar\/index.php?rest_route=\/wp\/v2\/posts\/17983","targetHints":{"allow":["GET"]}}],"collection":[{"href":"https:\/\/nuevodigitaldeescobar.com.ar\/index.php?rest_route=\/wp\/v2\/posts"}],"about":[{"href":"https:\/\/nuevodigitaldeescobar.com.ar\/index.php?rest_route=\/wp\/v2\/types\/post"}],"author":[{"embeddable":true,"href":"https:\/\/nuevodigitaldeescobar.com.ar\/index.php?rest_route=\/wp\/v2\/users\/1"}],"replies":[{"embeddable":true,"href":"https:\/\/nuevodigitaldeescobar.com.ar\/index.php?rest_route=%2Fwp%2Fv2%2Fcomments&post=17983"}],"version-history":[{"count":1,"href":"https:\/\/nuevodigitaldeescobar.com.ar\/index.php?rest_route=\/wp\/v2\/posts\/17983\/revisions"}],"predecessor-version":[{"id":17984,"href":"https:\/\/nuevodigitaldeescobar.com.ar\/index.php?rest_route=\/wp\/v2\/posts\/17983\/revisions\/17984"}],"wp:featuredmedia":[{"embeddable":true,"href":"https:\/\/nuevodigitaldeescobar.com.ar\/index.php?rest_route=\/wp\/v2\/media\/3785"}],"wp:attachment":[{"href":"https:\/\/nuevodigitaldeescobar.com.ar\/index.php?rest_route=%2Fwp%2Fv2%2Fmedia&parent=17983"}],"wp:term":[{"taxonomy":"category","embeddable":true,"href":"https:\/\/nuevodigitaldeescobar.com.ar\/index.php?rest_route=%2Fwp%2Fv2%2Fcategories&post=17983"},{"taxonomy":"post_tag","embeddable":true,"href":"https:\/\/nuevodigitaldeescobar.com.ar\/index.php?rest_route=%2Fwp%2Fv2%2Ftags&post=17983"}],"curies":[{"name":"wp","href":"https:\/\/api.w.org\/{rel}","templated":true}]}}