{"id":18003,"date":"2025-09-13T08:34:49","date_gmt":"2025-09-13T11:34:49","guid":{"rendered":"https:\/\/nuevodigitaldeescobar.com.ar\/?p=18003"},"modified":"2025-09-13T08:34:52","modified_gmt":"2025-09-13T11:34:52","slug":"maschwitz-y-loma-verde-celebran-sus-aniversarios","status":"publish","type":"post","link":"https:\/\/nuevodigitaldeescobar.com.ar\/?p=18003","title":{"rendered":"Maschwitz y Loma Verde celebran sus aniversarios"},"content":{"rendered":"\n<p>Este fin de semana la Municipalidad de Escobar ofrece distintas actividades para disfrutar con amigos o en familia, entre las que se destacan los festejos por los aniversarios de Ingeniero Maschwitz y Loma Verde.<\/p>\n\n\n\n<!--more-->\n\n\n\n<p>A partir de las 10 horas, se celebrar\u00e1 el 40\u00ba aniversario de Ingeniero Maschwitz, en el Parque Papa Francisco (Av. El Dorado 1900) con un paseo gastron\u00f3mico, el festival Alma Bohemia, feria de emprendedores, artistas locales y un show musical de Riddim. Los festejos continuar\u00e1n el domingo hasta las 18 horas y finalizar\u00e1n con un show a cargo de Sara Hebe.<\/p>\n\n\n\n<p><br>El domingo, desde las 10 horas en la Agrupaci\u00f3n Gaucha El Molino (Repetto y \u00c1guila, Loma Verde), se llevar\u00e1n a cabo los festejos por el 8\u00ba aniversario de Loma Verde con shows de artistas locales, un paseo gastron\u00f3mico, feria de emprendedores y actividades para toda la familia. <\/p>\n\n\n<div class=\"wp-block-image\">\n<figure class=\"aligncenter size-full\"><img fetchpriority=\"high\" decoding=\"async\" width=\"1000\" height=\"624\" src=\"http:\/\/nuevodigitaldeescobar.com.ar\/wp-content\/uploads\/2025\/09\/whatsapp_image_2025_09_12_at_11_20_13__1_.jpeg\" alt=\"\" class=\"wp-image-18005\" srcset=\"https:\/\/nuevodigitaldeescobar.com.ar\/wp-content\/uploads\/2025\/09\/whatsapp_image_2025_09_12_at_11_20_13__1_.jpeg 1000w, https:\/\/nuevodigitaldeescobar.com.ar\/wp-content\/uploads\/2025\/09\/whatsapp_image_2025_09_12_at_11_20_13__1_-300x187.jpeg 300w, https:\/\/nuevodigitaldeescobar.com.ar\/wp-content\/uploads\/2025\/09\/whatsapp_image_2025_09_12_at_11_20_13__1_-768x479.jpeg 768w\" sizes=\"(max-width: 1000px) 100vw, 1000px\" \/><\/figure><\/div>\n\n\n<p>M\u00e1s tarde, a las 11 horas se realizar\u00e1 una Feria Japonesa en la Asociaci\u00f3n Japonesa de Escobar (C\u00e9sar D\u00edaz 1178, Bel\u00e9n de Escobar) con gastronom\u00eda t\u00edpica, feria de emprendedores, m\u00fasica tem\u00e1tica, shows de tambores taiko, venta de art\u00edculos y mucho m\u00e1s. Adem\u00e1s, a las 17 horas en la Glorieta de Gar\u00edn (Boulevard Presidente Per\u00f3n y Libertad), se desarrollar\u00e1 una milonga abierta con n\u00fameros de tango y una clase libre y gratuita para quienes quieren aprender o practicar. Por \u00faltimo, a las 21 horas en el Teatro Seminari, habr\u00e1 una funci\u00f3n del show musical \u201c\u00d3pera Negra\u201d a cargo de las bandas Compresi\u00f3n y Del Pantano.<\/p>\n","protected":false},"excerpt":{"rendered":"<p>Este fin de semana la Municipalidad de Escobar ofrece distintas actividades para disfrutar con amigos o en familia, entre las que se destacan los festejos [&hellip;]<\/p>\n","protected":false},"author":1,"featured_media":18004,"comment_status":"open","ping_status":"open","sticky":false,"template":"","format":"standard","meta":{"footnotes":""},"categories":[11],"tags":[],"class_list":["post-18003","post","type-post","status-publish","format-standard","has-post-thumbnail","hentry","category-cultura-arte-y-espectaculos"],"better_featured_image":{"id":18004,"alt_text":"","caption":"","description":"","media_type":"image","media_details":{"width":1400,"height":693,"file":"2025\/09\/whatsapp_image_2025_09_12_at_11_20_13.jpeg","filesize":152293,"sizes":{"medium":{"file":"whatsapp_image_2025_09_12_at_11_20_13-300x149.jpeg","width":300,"height":149,"mime-type":"image\/jpeg","filesize":11443,"source_url":"https:\/\/nuevodigitaldeescobar.com.ar\/wp-content\/uploads\/2025\/09\/whatsapp_image_2025_09_12_at_11_20_13-300x149.jpeg"},"large":{"file":"whatsapp_image_2025_09_12_at_11_20_13-1024x507.jpeg","width":1024,"height":507,"mime-type":"image\/jpeg","filesize":64575,"source_url":"https:\/\/nuevodigitaldeescobar.com.ar\/wp-content\/uploads\/2025\/09\/whatsapp_image_2025_09_12_at_11_20_13-1024x507.jpeg"},"thumbnail":{"file":"whatsapp_image_2025_09_12_at_11_20_13-150x150.jpeg","width":150,"height":150,"mime-type":"image\/jpeg","filesize":7263,"source_url":"https:\/\/nuevodigitaldeescobar.com.ar\/wp-content\/uploads\/2025\/09\/whatsapp_image_2025_09_12_at_11_20_13-150x150.jpeg"},"medium_large":{"file":"whatsapp_image_2025_09_12_at_11_20_13-768x380.jpeg","width":768,"height":380,"mime-type":"image\/jpeg","filesize":43199,"source_url":"https:\/\/nuevodigitaldeescobar.com.ar\/wp-content\/uploads\/2025\/09\/whatsapp_image_2025_09_12_at_11_20_13-768x380.jpeg"}},"image_meta":{"aperture":"0","credit":"","camera":"","caption":"","created_timestamp":"0","copyright":"","focal_length":"0","iso":"0","shutter_speed":"0","title":"","orientation":"0","keywords":[]}},"post":18003,"source_url":"https:\/\/nuevodigitaldeescobar.com.ar\/wp-content\/uploads\/2025\/09\/whatsapp_image_2025_09_12_at_11_20_13.jpeg"},"yoast_head":"<!-- This site is optimized with the Yoast SEO plugin v26.1.1 - https:\/\/yoast.com\/wordpress\/plugins\/seo\/ -->\n<title>Maschwitz y Loma Verde celebran sus aniversarios - Nuevo Digital de Escobar<\/title>\n<meta name=\"description\" content=\"A partir de las 10 horas, se celebrar\u00e1 el 40\u00ba aniversario de Ingeniero Maschwitz, en el Parque Papa Francisco (Av. El Dorado 1900) con un paseo gastron\u00f3mico, el festival Alma Bohemia, feria de emprendedores, artistas locales y un show musical de Riddim.\" \/>\n<meta name=\"robots\" content=\"index, follow, max-snippet:-1, max-image-preview:large, max-video-preview:-1\" \/>\n<link rel=\"canonical\" href=\"https:\/\/nuevodigitaldeescobar.com.ar\/?p=18003\" \/>\n<meta property=\"og:locale\" content=\"es_ES\" \/>\n<meta property=\"og:type\" content=\"article\" \/>\n<meta property=\"og:title\" content=\"Maschwitz y Loma Verde celebran sus aniversarios\" \/>\n<meta property=\"og:description\" content=\"A partir de las 10 horas, se celebrar\u00e1 el 40\u00ba aniversario de Ingeniero Maschwitz, en el Parque Papa Francisco (Av. El Dorado 1900) con un paseo gastron\u00f3mico, el festival Alma Bohemia, feria de emprendedores, artistas locales y un show musical de Riddim.\" \/>\n<meta property=\"og:url\" content=\"https:\/\/nuevodigitaldeescobar.com.ar\/?p=18003\" \/>\n<meta property=\"og:site_name\" content=\"Nuevo Digital de Escobar\" \/>\n<meta property=\"article:publisher\" content=\"https:\/\/www.facebook.com\/NUEVODigitalDeEscobar\" \/>\n<meta property=\"article:published_time\" content=\"2025-09-13T11:34:49+00:00\" \/>\n<meta property=\"article:modified_time\" content=\"2025-09-13T11:34:52+00:00\" \/>\n<meta property=\"og:image\" content=\"http:\/\/nuevodigitaldeescobar.com.ar\/wp-content\/uploads\/2025\/09\/whatsapp_image_2025_09_12_at_11_20_13.jpeg\" \/>\n\t<meta property=\"og:image:width\" content=\"1400\" \/>\n\t<meta property=\"og:image:height\" content=\"693\" \/>\n\t<meta property=\"og:image:type\" content=\"image\/jpeg\" \/>\n<meta name=\"author\" content=\"Redacci\u00f3n\" \/>\n<meta name=\"twitter:card\" content=\"summary_large_image\" \/>\n<meta name=\"twitter:creator\" content=\"@nuevodigescobar\" \/>\n<meta name=\"twitter:site\" content=\"@nuevodigescobar\" \/>\n<meta name=\"twitter:label1\" content=\"Escrito por\" \/>\n\t<meta name=\"twitter:data1\" content=\"Redacci\u00f3n\" \/>\n\t<meta name=\"twitter:label2\" content=\"Tiempo de lectura\" \/>\n\t<meta name=\"twitter:data2\" content=\"2 minutos\" \/>\n<script type=\"application\/ld+json\" class=\"yoast-schema-graph\">{\"@context\":\"https:\/\/schema.org\",\"@graph\":[{\"@type\":\"Article\",\"@id\":\"https:\/\/nuevodigitaldeescobar.com.ar\/?p=18003#article\",\"isPartOf\":{\"@id\":\"https:\/\/nuevodigitaldeescobar.com.ar\/?p=18003\"},\"author\":{\"name\":\"Redacci\u00f3n\",\"@id\":\"https:\/\/nuevodigitaldeescobar.com.ar\/#\/schema\/person\/035e90a8efe9a80e6eec22656ad6ea4c\"},\"headline\":\"Maschwitz y Loma Verde celebran sus aniversarios\",\"datePublished\":\"2025-09-13T11:34:49+00:00\",\"dateModified\":\"2025-09-13T11:34:52+00:00\",\"mainEntityOfPage\":{\"@id\":\"https:\/\/nuevodigitaldeescobar.com.ar\/?p=18003\"},\"wordCount\":266,\"commentCount\":0,\"publisher\":{\"@id\":\"https:\/\/nuevodigitaldeescobar.com.ar\/#organization\"},\"image\":{\"@id\":\"https:\/\/nuevodigitaldeescobar.com.ar\/?p=18003#primaryimage\"},\"thumbnailUrl\":\"https:\/\/nuevodigitaldeescobar.com.ar\/wp-content\/uploads\/2025\/09\/whatsapp_image_2025_09_12_at_11_20_13.jpeg\",\"articleSection\":[\"Cultura, Arte y Espect\u00e1culos\"],\"inLanguage\":\"es\",\"potentialAction\":[{\"@type\":\"CommentAction\",\"name\":\"Comment\",\"target\":[\"https:\/\/nuevodigitaldeescobar.com.ar\/?p=18003#respond\"]}]},{\"@type\":\"WebPage\",\"@id\":\"https:\/\/nuevodigitaldeescobar.com.ar\/?p=18003\",\"url\":\"https:\/\/nuevodigitaldeescobar.com.ar\/?p=18003\",\"name\":\"Maschwitz y Loma Verde celebran sus aniversarios - Nuevo Digital de Escobar\",\"isPartOf\":{\"@id\":\"https:\/\/nuevodigitaldeescobar.com.ar\/#website\"},\"primaryImageOfPage\":{\"@id\":\"https:\/\/nuevodigitaldeescobar.com.ar\/?p=18003#primaryimage\"},\"image\":{\"@id\":\"https:\/\/nuevodigitaldeescobar.com.ar\/?p=18003#primaryimage\"},\"thumbnailUrl\":\"https:\/\/nuevodigitaldeescobar.com.ar\/wp-content\/uploads\/2025\/09\/whatsapp_image_2025_09_12_at_11_20_13.jpeg\",\"datePublished\":\"2025-09-13T11:34:49+00:00\",\"dateModified\":\"2025-09-13T11:34:52+00:00\",\"description\":\"A partir de las 10 horas, se celebrar\u00e1 el 40\u00ba aniversario de Ingeniero Maschwitz, en el Parque Papa Francisco (Av. El Dorado 1900) con un paseo gastron\u00f3mico, el festival Alma Bohemia, feria de emprendedores, artistas locales y un show musical de Riddim.\",\"breadcrumb\":{\"@id\":\"https:\/\/nuevodigitaldeescobar.com.ar\/?p=18003#breadcrumb\"},\"inLanguage\":\"es\",\"potentialAction\":[{\"@type\":\"ReadAction\",\"target\":[\"https:\/\/nuevodigitaldeescobar.com.ar\/?p=18003\"]}]},{\"@type\":\"ImageObject\",\"inLanguage\":\"es\",\"@id\":\"https:\/\/nuevodigitaldeescobar.com.ar\/?p=18003#primaryimage\",\"url\":\"https:\/\/nuevodigitaldeescobar.com.ar\/wp-content\/uploads\/2025\/09\/whatsapp_image_2025_09_12_at_11_20_13.jpeg\",\"contentUrl\":\"https:\/\/nuevodigitaldeescobar.com.ar\/wp-content\/uploads\/2025\/09\/whatsapp_image_2025_09_12_at_11_20_13.jpeg\",\"width\":1400,\"height\":693},{\"@type\":\"BreadcrumbList\",\"@id\":\"https:\/\/nuevodigitaldeescobar.com.ar\/?p=18003#breadcrumb\",\"itemListElement\":[{\"@type\":\"ListItem\",\"position\":1,\"name\":\"Portada\",\"item\":\"https:\/\/nuevodigitaldeescobar.com.ar\/\"},{\"@type\":\"ListItem\",\"position\":2,\"name\":\"Maschwitz y Loma Verde celebran sus aniversarios\"}]},{\"@type\":\"WebSite\",\"@id\":\"https:\/\/nuevodigitaldeescobar.com.ar\/#website\",\"url\":\"https:\/\/nuevodigitaldeescobar.com.ar\/\",\"name\":\"Nuevo Digital de Escobar\",\"description\":\"La vida escobarense. Directora: Rosana Brunner\",\"publisher\":{\"@id\":\"https:\/\/nuevodigitaldeescobar.com.ar\/#organization\"},\"potentialAction\":[{\"@type\":\"SearchAction\",\"target\":{\"@type\":\"EntryPoint\",\"urlTemplate\":\"https:\/\/nuevodigitaldeescobar.com.ar\/?s={search_term_string}\"},\"query-input\":{\"@type\":\"PropertyValueSpecification\",\"valueRequired\":true,\"valueName\":\"search_term_string\"}}],\"inLanguage\":\"es\"},{\"@type\":\"Organization\",\"@id\":\"https:\/\/nuevodigitaldeescobar.com.ar\/#organization\",\"name\":\"Nuevo Digital de Escobar\",\"url\":\"https:\/\/nuevodigitaldeescobar.com.ar\/\",\"logo\":{\"@type\":\"ImageObject\",\"inLanguage\":\"es\",\"@id\":\"https:\/\/nuevodigitaldeescobar.com.ar\/#\/schema\/logo\/image\/\",\"url\":\"https:\/\/nuevodigitaldeescobar.com.ar\/wp-content\/uploads\/2025\/05\/cropped-logo-nuevo2.jpg\",\"contentUrl\":\"https:\/\/nuevodigitaldeescobar.com.ar\/wp-content\/uploads\/2025\/05\/cropped-logo-nuevo2.jpg\",\"width\":305,\"height\":305,\"caption\":\"Nuevo Digital de Escobar\"},\"image\":{\"@id\":\"https:\/\/nuevodigitaldeescobar.com.ar\/#\/schema\/logo\/image\/\"},\"sameAs\":[\"https:\/\/www.facebook.com\/NUEVODigitalDeEscobar\",\"https:\/\/x.com\/nuevodigescobar\",\"https:\/\/www.instagram.com\/nuevodigitaldeescobar\"]},{\"@type\":\"Person\",\"@id\":\"https:\/\/nuevodigitaldeescobar.com.ar\/#\/schema\/person\/035e90a8efe9a80e6eec22656ad6ea4c\",\"name\":\"Redacci\u00f3n\",\"image\":{\"@type\":\"ImageObject\",\"inLanguage\":\"es\",\"@id\":\"https:\/\/nuevodigitaldeescobar.com.ar\/#\/schema\/person\/image\/\",\"url\":\"https:\/\/secure.gravatar.com\/avatar\/8af8f40000c24e9eef3034f2be5998a372bb1389e64b1a4a36b3a7979142220d?s=96&d=mm&r=g\",\"contentUrl\":\"https:\/\/secure.gravatar.com\/avatar\/8af8f40000c24e9eef3034f2be5998a372bb1389e64b1a4a36b3a7979142220d?s=96&d=mm&r=g\",\"caption\":\"Redacci\u00f3n\"},\"sameAs\":[\"http:\/\/nuevodigitaldeescobar.com.ar\"],\"url\":\"https:\/\/nuevodigitaldeescobar.com.ar\/?author=1\"}]}<\/script>\n<!-- \/ Yoast SEO plugin. -->","yoast_head_json":{"title":"Maschwitz y Loma Verde celebran sus aniversarios - Nuevo Digital de Escobar","description":"A partir de las 10 horas, se celebrar\u00e1 el 40\u00ba aniversario de Ingeniero Maschwitz, en el Parque Papa Francisco (Av. El Dorado 1900) con un paseo gastron\u00f3mico, el festival Alma Bohemia, feria de emprendedores, artistas locales y un show musical de Riddim.","robots":{"index":"index","follow":"follow","max-snippet":"max-snippet:-1","max-image-preview":"max-image-preview:large","max-video-preview":"max-video-preview:-1"},"canonical":"https:\/\/nuevodigitaldeescobar.com.ar\/?p=18003","og_locale":"es_ES","og_type":"article","og_title":"Maschwitz y Loma Verde celebran sus aniversarios","og_description":"A partir de las 10 horas, se celebrar\u00e1 el 40\u00ba aniversario de Ingeniero Maschwitz, en el Parque Papa Francisco (Av. El Dorado 1900) con un paseo gastron\u00f3mico, el festival Alma Bohemia, feria de emprendedores, artistas locales y un show musical de Riddim.","og_url":"https:\/\/nuevodigitaldeescobar.com.ar\/?p=18003","og_site_name":"Nuevo Digital de Escobar","article_publisher":"https:\/\/www.facebook.com\/NUEVODigitalDeEscobar","article_published_time":"2025-09-13T11:34:49+00:00","article_modified_time":"2025-09-13T11:34:52+00:00","og_image":[{"width":1400,"height":693,"url":"http:\/\/nuevodigitaldeescobar.com.ar\/wp-content\/uploads\/2025\/09\/whatsapp_image_2025_09_12_at_11_20_13.jpeg","type":"image\/jpeg"}],"author":"Redacci\u00f3n","twitter_card":"summary_large_image","twitter_creator":"@nuevodigescobar","twitter_site":"@nuevodigescobar","twitter_misc":{"Escrito por":"Redacci\u00f3n","Tiempo de lectura":"2 minutos"},"schema":{"@context":"https:\/\/schema.org","@graph":[{"@type":"Article","@id":"https:\/\/nuevodigitaldeescobar.com.ar\/?p=18003#article","isPartOf":{"@id":"https:\/\/nuevodigitaldeescobar.com.ar\/?p=18003"},"author":{"name":"Redacci\u00f3n","@id":"https:\/\/nuevodigitaldeescobar.com.ar\/#\/schema\/person\/035e90a8efe9a80e6eec22656ad6ea4c"},"headline":"Maschwitz y Loma Verde celebran sus aniversarios","datePublished":"2025-09-13T11:34:49+00:00","dateModified":"2025-09-13T11:34:52+00:00","mainEntityOfPage":{"@id":"https:\/\/nuevodigitaldeescobar.com.ar\/?p=18003"},"wordCount":266,"commentCount":0,"publisher":{"@id":"https:\/\/nuevodigitaldeescobar.com.ar\/#organization"},"image":{"@id":"https:\/\/nuevodigitaldeescobar.com.ar\/?p=18003#primaryimage"},"thumbnailUrl":"https:\/\/nuevodigitaldeescobar.com.ar\/wp-content\/uploads\/2025\/09\/whatsapp_image_2025_09_12_at_11_20_13.jpeg","articleSection":["Cultura, Arte y Espect\u00e1culos"],"inLanguage":"es","potentialAction":[{"@type":"CommentAction","name":"Comment","target":["https:\/\/nuevodigitaldeescobar.com.ar\/?p=18003#respond"]}]},{"@type":"WebPage","@id":"https:\/\/nuevodigitaldeescobar.com.ar\/?p=18003","url":"https:\/\/nuevodigitaldeescobar.com.ar\/?p=18003","name":"Maschwitz y Loma Verde celebran sus aniversarios - Nuevo Digital de Escobar","isPartOf":{"@id":"https:\/\/nuevodigitaldeescobar.com.ar\/#website"},"primaryImageOfPage":{"@id":"https:\/\/nuevodigitaldeescobar.com.ar\/?p=18003#primaryimage"},"image":{"@id":"https:\/\/nuevodigitaldeescobar.com.ar\/?p=18003#primaryimage"},"thumbnailUrl":"https:\/\/nuevodigitaldeescobar.com.ar\/wp-content\/uploads\/2025\/09\/whatsapp_image_2025_09_12_at_11_20_13.jpeg","datePublished":"2025-09-13T11:34:49+00:00","dateModified":"2025-09-13T11:34:52+00:00","description":"A partir de las 10 horas, se celebrar\u00e1 el 40\u00ba aniversario de Ingeniero Maschwitz, en el Parque Papa Francisco (Av. El Dorado 1900) con un paseo gastron\u00f3mico, el festival Alma Bohemia, feria de emprendedores, artistas locales y un show musical de Riddim.","breadcrumb":{"@id":"https:\/\/nuevodigitaldeescobar.com.ar\/?p=18003#breadcrumb"},"inLanguage":"es","potentialAction":[{"@type":"ReadAction","target":["https:\/\/nuevodigitaldeescobar.com.ar\/?p=18003"]}]},{"@type":"ImageObject","inLanguage":"es","@id":"https:\/\/nuevodigitaldeescobar.com.ar\/?p=18003#primaryimage","url":"https:\/\/nuevodigitaldeescobar.com.ar\/wp-content\/uploads\/2025\/09\/whatsapp_image_2025_09_12_at_11_20_13.jpeg","contentUrl":"https:\/\/nuevodigitaldeescobar.com.ar\/wp-content\/uploads\/2025\/09\/whatsapp_image_2025_09_12_at_11_20_13.jpeg","width":1400,"height":693},{"@type":"BreadcrumbList","@id":"https:\/\/nuevodigitaldeescobar.com.ar\/?p=18003#breadcrumb","itemListElement":[{"@type":"ListItem","position":1,"name":"Portada","item":"https:\/\/nuevodigitaldeescobar.com.ar\/"},{"@type":"ListItem","position":2,"name":"Maschwitz y Loma Verde celebran sus aniversarios"}]},{"@type":"WebSite","@id":"https:\/\/nuevodigitaldeescobar.com.ar\/#website","url":"https:\/\/nuevodigitaldeescobar.com.ar\/","name":"Nuevo Digital de Escobar","description":"La vida escobarense. Directora: Rosana Brunner","publisher":{"@id":"https:\/\/nuevodigitaldeescobar.com.ar\/#organization"},"potentialAction":[{"@type":"SearchAction","target":{"@type":"EntryPoint","urlTemplate":"https:\/\/nuevodigitaldeescobar.com.ar\/?s={search_term_string}"},"query-input":{"@type":"PropertyValueSpecification","valueRequired":true,"valueName":"search_term_string"}}],"inLanguage":"es"},{"@type":"Organization","@id":"https:\/\/nuevodigitaldeescobar.com.ar\/#organization","name":"Nuevo Digital de Escobar","url":"https:\/\/nuevodigitaldeescobar.com.ar\/","logo":{"@type":"ImageObject","inLanguage":"es","@id":"https:\/\/nuevodigitaldeescobar.com.ar\/#\/schema\/logo\/image\/","url":"https:\/\/nuevodigitaldeescobar.com.ar\/wp-content\/uploads\/2025\/05\/cropped-logo-nuevo2.jpg","contentUrl":"https:\/\/nuevodigitaldeescobar.com.ar\/wp-content\/uploads\/2025\/05\/cropped-logo-nuevo2.jpg","width":305,"height":305,"caption":"Nuevo Digital de Escobar"},"image":{"@id":"https:\/\/nuevodigitaldeescobar.com.ar\/#\/schema\/logo\/image\/"},"sameAs":["https:\/\/www.facebook.com\/NUEVODigitalDeEscobar","https:\/\/x.com\/nuevodigescobar","https:\/\/www.instagram.com\/nuevodigitaldeescobar"]},{"@type":"Person","@id":"https:\/\/nuevodigitaldeescobar.com.ar\/#\/schema\/person\/035e90a8efe9a80e6eec22656ad6ea4c","name":"Redacci\u00f3n","image":{"@type":"ImageObject","inLanguage":"es","@id":"https:\/\/nuevodigitaldeescobar.com.ar\/#\/schema\/person\/image\/","url":"https:\/\/secure.gravatar.com\/avatar\/8af8f40000c24e9eef3034f2be5998a372bb1389e64b1a4a36b3a7979142220d?s=96&d=mm&r=g","contentUrl":"https:\/\/secure.gravatar.com\/avatar\/8af8f40000c24e9eef3034f2be5998a372bb1389e64b1a4a36b3a7979142220d?s=96&d=mm&r=g","caption":"Redacci\u00f3n"},"sameAs":["http:\/\/nuevodigitaldeescobar.com.ar"],"url":"https:\/\/nuevodigitaldeescobar.com.ar\/?author=1"}]}},"featured_image_urls":{"full":["https:\/\/nuevodigitaldeescobar.com.ar\/wp-content\/uploads\/2025\/09\/whatsapp_image_2025_09_12_at_11_20_13.jpeg",1400,693,false],"thumbnail":["https:\/\/nuevodigitaldeescobar.com.ar\/wp-content\/uploads\/2025\/09\/whatsapp_image_2025_09_12_at_11_20_13-150x150.jpeg",150,150,true],"medium":["https:\/\/nuevodigitaldeescobar.com.ar\/wp-content\/uploads\/2025\/09\/whatsapp_image_2025_09_12_at_11_20_13-300x149.jpeg",300,149,true],"medium_large":["https:\/\/nuevodigitaldeescobar.com.ar\/wp-content\/uploads\/2025\/09\/whatsapp_image_2025_09_12_at_11_20_13-768x380.jpeg",640,317,true],"large":["https:\/\/nuevodigitaldeescobar.com.ar\/wp-content\/uploads\/2025\/09\/whatsapp_image_2025_09_12_at_11_20_13-1024x507.jpeg",640,317,true],"1536x1536":["https:\/\/nuevodigitaldeescobar.com.ar\/wp-content\/uploads\/2025\/09\/whatsapp_image_2025_09_12_at_11_20_13.jpeg",1400,693,false],"2048x2048":["https:\/\/nuevodigitaldeescobar.com.ar\/wp-content\/uploads\/2025\/09\/whatsapp_image_2025_09_12_at_11_20_13.jpeg",1400,693,false]},"author_info":{"display_name":"Redacci\u00f3n","author_link":"https:\/\/nuevodigitaldeescobar.com.ar\/?author=1"},"category_info":"<a href=\"https:\/\/nuevodigitaldeescobar.com.ar\/?cat=11\" rel=\"category\">Cultura, Arte y Espect\u00e1culos<\/a>","tag_info":"Cultura, Arte y Espect\u00e1culos","comment_count":"0","_links":{"self":[{"href":"https:\/\/nuevodigitaldeescobar.com.ar\/index.php?rest_route=\/wp\/v2\/posts\/18003","targetHints":{"allow":["GET"]}}],"collection":[{"href":"https:\/\/nuevodigitaldeescobar.com.ar\/index.php?rest_route=\/wp\/v2\/posts"}],"about":[{"href":"https:\/\/nuevodigitaldeescobar.com.ar\/index.php?rest_route=\/wp\/v2\/types\/post"}],"author":[{"embeddable":true,"href":"https:\/\/nuevodigitaldeescobar.com.ar\/index.php?rest_route=\/wp\/v2\/users\/1"}],"replies":[{"embeddable":true,"href":"https:\/\/nuevodigitaldeescobar.com.ar\/index.php?rest_route=%2Fwp%2Fv2%2Fcomments&post=18003"}],"version-history":[{"count":1,"href":"https:\/\/nuevodigitaldeescobar.com.ar\/index.php?rest_route=\/wp\/v2\/posts\/18003\/revisions"}],"predecessor-version":[{"id":18006,"href":"https:\/\/nuevodigitaldeescobar.com.ar\/index.php?rest_route=\/wp\/v2\/posts\/18003\/revisions\/18006"}],"wp:featuredmedia":[{"embeddable":true,"href":"https:\/\/nuevodigitaldeescobar.com.ar\/index.php?rest_route=\/wp\/v2\/media\/18004"}],"wp:attachment":[{"href":"https:\/\/nuevodigitaldeescobar.com.ar\/index.php?rest_route=%2Fwp%2Fv2%2Fmedia&parent=18003"}],"wp:term":[{"taxonomy":"category","embeddable":true,"href":"https:\/\/nuevodigitaldeescobar.com.ar\/index.php?rest_route=%2Fwp%2Fv2%2Fcategories&post=18003"},{"taxonomy":"post_tag","embeddable":true,"href":"https:\/\/nuevodigitaldeescobar.com.ar\/index.php?rest_route=%2Fwp%2Fv2%2Ftags&post=18003"}],"curies":[{"name":"wp","href":"https:\/\/api.w.org\/{rel}","templated":true}]}}