{"id":18028,"date":"2025-09-15T00:07:05","date_gmt":"2025-09-15T03:07:05","guid":{"rendered":"https:\/\/nuevodigitaldeescobar.com.ar\/?p=18028"},"modified":"2025-09-15T00:07:11","modified_gmt":"2025-09-15T03:07:11","slug":"catamarca-la-justicia-ordeno-devolver-las-pensiones-por-invalidez-suspendidas","status":"publish","type":"post","link":"https:\/\/nuevodigitaldeescobar.com.ar\/?p=18028","title":{"rendered":"Catamarca: la Justicia orden\u00f3 devolver las pensiones por invalidez suspendidas"},"content":{"rendered":"\n<p class=\"has-vivid-cyan-blue-color has-text-color has-link-color wp-elements-5b73a4e6badb51ef3e6f63c746c4d6cc\"><em><strong>Un fallo judicial en Catamarca marc\u00f3 un fuerte precedente en la discusi\u00f3n por las pensiones por invalidez. El Juzgado Federal N\u00b0 2 de esa provincia orden\u00f3 a la Agencia Nacional de Discapacidad (ANDIS) restablecer, en un plazo m\u00e1ximo de 24 horas, todas las pensiones no contributivas que hab\u00edan sido suspendidas y reintegrar los haberes retenidos a sus titulares.<\/strong><\/em><\/p>\n\n\n\n<!--more-->\n\n\n\n<p>La decisi\u00f3n fue adoptada por el juez <strong>Guillermo D\u00edaz Mart\u00ednez<\/strong>, quien adem\u00e1s prohibi\u00f3 a la agencia aplicar nuevas suspensiones hasta que haya una sentencia definitiva. Aunque la medida tiene alcance \u00fanicamente en Catamarca, especialistas se\u00f1alan que podr\u00eda ser utilizada como <strong>precedente<\/strong> en otras provincias.<\/p>\n\n\n\n<h2 class=\"wp-block-heading has-text-color has-link-color wp-elements-75bf3309c41662861c316d5ad0e3ab93\" style=\"color:#1327b8\"><em>Los argumentos de la demanda<\/em><\/h2>\n\n\n\n<p>El amparo fue presentado por la <strong>Asociaci\u00f3n de Personas y Familiares de Discapacitados Motores<\/strong>, ciudadanos afectados y el <strong>Defensor del Pueblo provincial<\/strong>. Los demandantes reclamaron que el decreto <strong>843\/24<\/strong>, que endureci\u00f3 los requisitos para acceder a la pensi\u00f3n (exigiendo una incapacidad total y permanente del 66% y la ausencia de empleo formal), resulta <strong>inconstitucional<\/strong> por violar los principios de progresividad y no regresividad en materia de derechos.<\/p>\n\n\n\n<p>Tambi\u00e9n denunciaron irregularidades en las auditor\u00edas: notificaciones defectuosas, plazos exiguos y centros de revisi\u00f3n alejados de los domicilios, lo que \u2014seg\u00fan remarcaron\u2014 atent\u00f3 contra el derecho de defensa y el debido proceso. Incluso se\u00f1alaron que en algunos casos los beneficiarios se presentaron, pero no hab\u00eda personal disponible para evaluarlos.<\/p>\n\n\n\n<h2 class=\"wp-block-heading has-text-color has-link-color wp-elements-ea5a2f8e8158eb2fcccef8b0ea73d488\" style=\"color:#1327b8\"><em>La postura judicial<\/em><\/h2>\n\n\n\n<p>El juez consider\u00f3 acreditada la <strong>vulnerabilidad del colectivo afectado<\/strong> y el car\u00e1cter alimentario de las pensiones. Por ello, resolvi\u00f3 dictar la medida sin dar traslado previo al Estado Nacional, argumentando que una demora podr\u00eda generar <strong>da\u00f1os irreparables<\/strong>.<\/p>\n\n\n\n<p>El magistrado tambi\u00e9n destac\u00f3 que el Defensor del Pueblo de Catamarca ten\u00eda legitimidad para accionar en nombre del sector afectado, en un contexto donde el cargo de Defensor del Pueblo de la Naci\u00f3n permanece vacante.<\/p>\n\n\n\n<h2 class=\"wp-block-heading has-text-color has-link-color wp-elements-f5ca72442255acd1aeb532ebfda4bb8e\" style=\"color:#1327b8\"><em>Alcance e impacto<\/em><\/h2>\n\n\n\n<p>En Catamarca, la suspensi\u00f3n de pensiones comenz\u00f3 en julio y muchos beneficiarios se enteraron de la baja al no percibir sus haberes. Para los demandantes, el fallo significa una reparaci\u00f3n inmediata y la posibilidad de que el criterio judicial se replique en otros tribunales.<\/p>\n\n\n\n<p>En paralelo, el juzgado dispuso comunicar la resoluci\u00f3n al <strong>Registro de Procesos Colectivos<\/strong>, lo que refuerza la posibilidad de que este caso sirva como <strong>referencia para futuros litigios<\/strong> en distintas jurisdicciones.<\/p>\n","protected":false},"excerpt":{"rendered":"<p>Un fallo judicial en Catamarca marc\u00f3 un fuerte precedente en la discusi\u00f3n por las pensiones por invalidez. El Juzgado Federal N\u00b0 2 de esa provincia [&hellip;]<\/p>\n","protected":false},"author":1,"featured_media":7644,"comment_status":"open","ping_status":"open","sticky":false,"template":"","format":"standard","meta":{"footnotes":""},"categories":[235],"tags":[],"class_list":["post-18028","post","type-post","status-publish","format-standard","has-post-thumbnail","hentry","category-judiciales"],"better_featured_image":{"id":7644,"alt_text":"","caption":"","description":"","media_type":"image","media_details":{"width":600,"height":453,"file":"2024\/08\/andis-e1724784580365.jpg","filesize":88250,"sizes":{"medium":{"file":"andis-e1724784580365-300x227.jpg","width":300,"height":227,"mime-type":"image\/jpeg","filesize":15658,"source_url":"https:\/\/nuevodigitaldeescobar.com.ar\/wp-content\/uploads\/2024\/08\/andis-e1724784580365-300x227.jpg"},"thumbnail":{"file":"andis-e1724784580365-150x150.jpg","width":150,"height":150,"mime-type":"image\/jpeg","filesize":6407,"source_url":"https:\/\/nuevodigitaldeescobar.com.ar\/wp-content\/uploads\/2024\/08\/andis-e1724784580365-150x150.jpg"}},"image_meta":{"aperture":"0","credit":"","camera":"","caption":"","created_timestamp":"0","copyright":"","focal_length":"0","iso":"0","shutter_speed":"0","title":"","orientation":"0","keywords":[]}},"post":7643,"source_url":"https:\/\/nuevodigitaldeescobar.com.ar\/wp-content\/uploads\/2024\/08\/andis-e1724784580365.jpg"},"yoast_head":"<!-- This site is optimized with the Yoast SEO plugin v26.1.1 - https:\/\/yoast.com\/wordpress\/plugins\/seo\/ -->\n<title>Catamarca: la Justicia orden\u00f3 devolver las pensiones por invalidez suspendidas - Nuevo Digital de Escobar<\/title>\n<meta name=\"robots\" content=\"index, follow, max-snippet:-1, max-image-preview:large, max-video-preview:-1\" \/>\n<link rel=\"canonical\" href=\"https:\/\/nuevodigitaldeescobar.com.ar\/?p=18028\" \/>\n<meta property=\"og:locale\" content=\"es_ES\" \/>\n<meta property=\"og:type\" content=\"article\" \/>\n<meta property=\"og:title\" content=\"Catamarca: la Justicia orden\u00f3 devolver las pensiones por invalidez suspendidas - Nuevo Digital de Escobar\" \/>\n<meta property=\"og:description\" content=\"Un fallo judicial en Catamarca marc\u00f3 un fuerte precedente en la discusi\u00f3n por las pensiones por invalidez. El Juzgado Federal N\u00b0 2 de esa provincia [&hellip;]\" \/>\n<meta property=\"og:url\" content=\"https:\/\/nuevodigitaldeescobar.com.ar\/?p=18028\" \/>\n<meta property=\"og:site_name\" content=\"Nuevo Digital de Escobar\" \/>\n<meta property=\"article:publisher\" content=\"https:\/\/www.facebook.com\/NUEVODigitalDeEscobar\" \/>\n<meta property=\"article:published_time\" content=\"2025-09-15T03:07:05+00:00\" \/>\n<meta property=\"article:modified_time\" content=\"2025-09-15T03:07:11+00:00\" \/>\n<meta property=\"og:image\" content=\"http:\/\/nuevodigitaldeescobar.com.ar\/wp-content\/uploads\/2024\/08\/andis-e1724784580365.jpg\" \/>\n\t<meta property=\"og:image:width\" content=\"600\" \/>\n\t<meta property=\"og:image:height\" content=\"453\" \/>\n\t<meta property=\"og:image:type\" content=\"image\/jpeg\" \/>\n<meta name=\"author\" content=\"Redacci\u00f3n\" \/>\n<meta name=\"twitter:card\" content=\"summary_large_image\" \/>\n<meta name=\"twitter:creator\" content=\"@nuevodigescobar\" \/>\n<meta name=\"twitter:site\" content=\"@nuevodigescobar\" \/>\n<meta name=\"twitter:label1\" content=\"Escrito por\" \/>\n\t<meta name=\"twitter:data1\" content=\"Redacci\u00f3n\" \/>\n\t<meta name=\"twitter:label2\" content=\"Tiempo de lectura\" \/>\n\t<meta name=\"twitter:data2\" content=\"2 minutos\" \/>\n<script type=\"application\/ld+json\" class=\"yoast-schema-graph\">{\"@context\":\"https:\/\/schema.org\",\"@graph\":[{\"@type\":\"Article\",\"@id\":\"https:\/\/nuevodigitaldeescobar.com.ar\/?p=18028#article\",\"isPartOf\":{\"@id\":\"https:\/\/nuevodigitaldeescobar.com.ar\/?p=18028\"},\"author\":{\"name\":\"Redacci\u00f3n\",\"@id\":\"https:\/\/nuevodigitaldeescobar.com.ar\/#\/schema\/person\/035e90a8efe9a80e6eec22656ad6ea4c\"},\"headline\":\"Catamarca: la Justicia orden\u00f3 devolver las pensiones por invalidez suspendidas\",\"datePublished\":\"2025-09-15T03:07:05+00:00\",\"dateModified\":\"2025-09-15T03:07:11+00:00\",\"mainEntityOfPage\":{\"@id\":\"https:\/\/nuevodigitaldeescobar.com.ar\/?p=18028\"},\"wordCount\":408,\"commentCount\":0,\"publisher\":{\"@id\":\"https:\/\/nuevodigitaldeescobar.com.ar\/#organization\"},\"image\":{\"@id\":\"https:\/\/nuevodigitaldeescobar.com.ar\/?p=18028#primaryimage\"},\"thumbnailUrl\":\"https:\/\/nuevodigitaldeescobar.com.ar\/wp-content\/uploads\/2024\/08\/andis-e1724784580365.jpg\",\"articleSection\":[\"Judiciales\"],\"inLanguage\":\"es\",\"potentialAction\":[{\"@type\":\"CommentAction\",\"name\":\"Comment\",\"target\":[\"https:\/\/nuevodigitaldeescobar.com.ar\/?p=18028#respond\"]}]},{\"@type\":\"WebPage\",\"@id\":\"https:\/\/nuevodigitaldeescobar.com.ar\/?p=18028\",\"url\":\"https:\/\/nuevodigitaldeescobar.com.ar\/?p=18028\",\"name\":\"Catamarca: la Justicia orden\u00f3 devolver las pensiones por invalidez suspendidas - Nuevo Digital de Escobar\",\"isPartOf\":{\"@id\":\"https:\/\/nuevodigitaldeescobar.com.ar\/#website\"},\"primaryImageOfPage\":{\"@id\":\"https:\/\/nuevodigitaldeescobar.com.ar\/?p=18028#primaryimage\"},\"image\":{\"@id\":\"https:\/\/nuevodigitaldeescobar.com.ar\/?p=18028#primaryimage\"},\"thumbnailUrl\":\"https:\/\/nuevodigitaldeescobar.com.ar\/wp-content\/uploads\/2024\/08\/andis-e1724784580365.jpg\",\"datePublished\":\"2025-09-15T03:07:05+00:00\",\"dateModified\":\"2025-09-15T03:07:11+00:00\",\"breadcrumb\":{\"@id\":\"https:\/\/nuevodigitaldeescobar.com.ar\/?p=18028#breadcrumb\"},\"inLanguage\":\"es\",\"potentialAction\":[{\"@type\":\"ReadAction\",\"target\":[\"https:\/\/nuevodigitaldeescobar.com.ar\/?p=18028\"]}]},{\"@type\":\"ImageObject\",\"inLanguage\":\"es\",\"@id\":\"https:\/\/nuevodigitaldeescobar.com.ar\/?p=18028#primaryimage\",\"url\":\"https:\/\/nuevodigitaldeescobar.com.ar\/wp-content\/uploads\/2024\/08\/andis-e1724784580365.jpg\",\"contentUrl\":\"https:\/\/nuevodigitaldeescobar.com.ar\/wp-content\/uploads\/2024\/08\/andis-e1724784580365.jpg\",\"width\":600,\"height\":453},{\"@type\":\"BreadcrumbList\",\"@id\":\"https:\/\/nuevodigitaldeescobar.com.ar\/?p=18028#breadcrumb\",\"itemListElement\":[{\"@type\":\"ListItem\",\"position\":1,\"name\":\"Portada\",\"item\":\"https:\/\/nuevodigitaldeescobar.com.ar\/\"},{\"@type\":\"ListItem\",\"position\":2,\"name\":\"Catamarca: la Justicia orden\u00f3 devolver las pensiones por invalidez suspendidas\"}]},{\"@type\":\"WebSite\",\"@id\":\"https:\/\/nuevodigitaldeescobar.com.ar\/#website\",\"url\":\"https:\/\/nuevodigitaldeescobar.com.ar\/\",\"name\":\"Nuevo Digital de Escobar\",\"description\":\"La vida escobarense. Directora: Rosana Brunner\",\"publisher\":{\"@id\":\"https:\/\/nuevodigitaldeescobar.com.ar\/#organization\"},\"potentialAction\":[{\"@type\":\"SearchAction\",\"target\":{\"@type\":\"EntryPoint\",\"urlTemplate\":\"https:\/\/nuevodigitaldeescobar.com.ar\/?s={search_term_string}\"},\"query-input\":{\"@type\":\"PropertyValueSpecification\",\"valueRequired\":true,\"valueName\":\"search_term_string\"}}],\"inLanguage\":\"es\"},{\"@type\":\"Organization\",\"@id\":\"https:\/\/nuevodigitaldeescobar.com.ar\/#organization\",\"name\":\"Nuevo Digital de Escobar\",\"url\":\"https:\/\/nuevodigitaldeescobar.com.ar\/\",\"logo\":{\"@type\":\"ImageObject\",\"inLanguage\":\"es\",\"@id\":\"https:\/\/nuevodigitaldeescobar.com.ar\/#\/schema\/logo\/image\/\",\"url\":\"https:\/\/nuevodigitaldeescobar.com.ar\/wp-content\/uploads\/2025\/05\/cropped-logo-nuevo2.jpg\",\"contentUrl\":\"https:\/\/nuevodigitaldeescobar.com.ar\/wp-content\/uploads\/2025\/05\/cropped-logo-nuevo2.jpg\",\"width\":305,\"height\":305,\"caption\":\"Nuevo Digital de Escobar\"},\"image\":{\"@id\":\"https:\/\/nuevodigitaldeescobar.com.ar\/#\/schema\/logo\/image\/\"},\"sameAs\":[\"https:\/\/www.facebook.com\/NUEVODigitalDeEscobar\",\"https:\/\/x.com\/nuevodigescobar\",\"https:\/\/www.instagram.com\/nuevodigitaldeescobar\"]},{\"@type\":\"Person\",\"@id\":\"https:\/\/nuevodigitaldeescobar.com.ar\/#\/schema\/person\/035e90a8efe9a80e6eec22656ad6ea4c\",\"name\":\"Redacci\u00f3n\",\"image\":{\"@type\":\"ImageObject\",\"inLanguage\":\"es\",\"@id\":\"https:\/\/nuevodigitaldeescobar.com.ar\/#\/schema\/person\/image\/\",\"url\":\"https:\/\/secure.gravatar.com\/avatar\/8af8f40000c24e9eef3034f2be5998a372bb1389e64b1a4a36b3a7979142220d?s=96&d=mm&r=g\",\"contentUrl\":\"https:\/\/secure.gravatar.com\/avatar\/8af8f40000c24e9eef3034f2be5998a372bb1389e64b1a4a36b3a7979142220d?s=96&d=mm&r=g\",\"caption\":\"Redacci\u00f3n\"},\"sameAs\":[\"http:\/\/nuevodigitaldeescobar.com.ar\"],\"url\":\"https:\/\/nuevodigitaldeescobar.com.ar\/?author=1\"}]}<\/script>\n<!-- \/ Yoast SEO plugin. -->","yoast_head_json":{"title":"Catamarca: la Justicia orden\u00f3 devolver las pensiones por invalidez suspendidas - Nuevo Digital de Escobar","robots":{"index":"index","follow":"follow","max-snippet":"max-snippet:-1","max-image-preview":"max-image-preview:large","max-video-preview":"max-video-preview:-1"},"canonical":"https:\/\/nuevodigitaldeescobar.com.ar\/?p=18028","og_locale":"es_ES","og_type":"article","og_title":"Catamarca: la Justicia orden\u00f3 devolver las pensiones por invalidez suspendidas - Nuevo Digital de Escobar","og_description":"Un fallo judicial en Catamarca marc\u00f3 un fuerte precedente en la discusi\u00f3n por las pensiones por invalidez. El Juzgado Federal N\u00b0 2 de esa provincia [&hellip;]","og_url":"https:\/\/nuevodigitaldeescobar.com.ar\/?p=18028","og_site_name":"Nuevo Digital de Escobar","article_publisher":"https:\/\/www.facebook.com\/NUEVODigitalDeEscobar","article_published_time":"2025-09-15T03:07:05+00:00","article_modified_time":"2025-09-15T03:07:11+00:00","og_image":[{"width":600,"height":453,"url":"http:\/\/nuevodigitaldeescobar.com.ar\/wp-content\/uploads\/2024\/08\/andis-e1724784580365.jpg","type":"image\/jpeg"}],"author":"Redacci\u00f3n","twitter_card":"summary_large_image","twitter_creator":"@nuevodigescobar","twitter_site":"@nuevodigescobar","twitter_misc":{"Escrito por":"Redacci\u00f3n","Tiempo de lectura":"2 minutos"},"schema":{"@context":"https:\/\/schema.org","@graph":[{"@type":"Article","@id":"https:\/\/nuevodigitaldeescobar.com.ar\/?p=18028#article","isPartOf":{"@id":"https:\/\/nuevodigitaldeescobar.com.ar\/?p=18028"},"author":{"name":"Redacci\u00f3n","@id":"https:\/\/nuevodigitaldeescobar.com.ar\/#\/schema\/person\/035e90a8efe9a80e6eec22656ad6ea4c"},"headline":"Catamarca: la Justicia orden\u00f3 devolver las pensiones por invalidez suspendidas","datePublished":"2025-09-15T03:07:05+00:00","dateModified":"2025-09-15T03:07:11+00:00","mainEntityOfPage":{"@id":"https:\/\/nuevodigitaldeescobar.com.ar\/?p=18028"},"wordCount":408,"commentCount":0,"publisher":{"@id":"https:\/\/nuevodigitaldeescobar.com.ar\/#organization"},"image":{"@id":"https:\/\/nuevodigitaldeescobar.com.ar\/?p=18028#primaryimage"},"thumbnailUrl":"https:\/\/nuevodigitaldeescobar.com.ar\/wp-content\/uploads\/2024\/08\/andis-e1724784580365.jpg","articleSection":["Judiciales"],"inLanguage":"es","potentialAction":[{"@type":"CommentAction","name":"Comment","target":["https:\/\/nuevodigitaldeescobar.com.ar\/?p=18028#respond"]}]},{"@type":"WebPage","@id":"https:\/\/nuevodigitaldeescobar.com.ar\/?p=18028","url":"https:\/\/nuevodigitaldeescobar.com.ar\/?p=18028","name":"Catamarca: la Justicia orden\u00f3 devolver las pensiones por invalidez suspendidas - Nuevo Digital de Escobar","isPartOf":{"@id":"https:\/\/nuevodigitaldeescobar.com.ar\/#website"},"primaryImageOfPage":{"@id":"https:\/\/nuevodigitaldeescobar.com.ar\/?p=18028#primaryimage"},"image":{"@id":"https:\/\/nuevodigitaldeescobar.com.ar\/?p=18028#primaryimage"},"thumbnailUrl":"https:\/\/nuevodigitaldeescobar.com.ar\/wp-content\/uploads\/2024\/08\/andis-e1724784580365.jpg","datePublished":"2025-09-15T03:07:05+00:00","dateModified":"2025-09-15T03:07:11+00:00","breadcrumb":{"@id":"https:\/\/nuevodigitaldeescobar.com.ar\/?p=18028#breadcrumb"},"inLanguage":"es","potentialAction":[{"@type":"ReadAction","target":["https:\/\/nuevodigitaldeescobar.com.ar\/?p=18028"]}]},{"@type":"ImageObject","inLanguage":"es","@id":"https:\/\/nuevodigitaldeescobar.com.ar\/?p=18028#primaryimage","url":"https:\/\/nuevodigitaldeescobar.com.ar\/wp-content\/uploads\/2024\/08\/andis-e1724784580365.jpg","contentUrl":"https:\/\/nuevodigitaldeescobar.com.ar\/wp-content\/uploads\/2024\/08\/andis-e1724784580365.jpg","width":600,"height":453},{"@type":"BreadcrumbList","@id":"https:\/\/nuevodigitaldeescobar.com.ar\/?p=18028#breadcrumb","itemListElement":[{"@type":"ListItem","position":1,"name":"Portada","item":"https:\/\/nuevodigitaldeescobar.com.ar\/"},{"@type":"ListItem","position":2,"name":"Catamarca: la Justicia orden\u00f3 devolver las pensiones por invalidez suspendidas"}]},{"@type":"WebSite","@id":"https:\/\/nuevodigitaldeescobar.com.ar\/#website","url":"https:\/\/nuevodigitaldeescobar.com.ar\/","name":"Nuevo Digital de Escobar","description":"La vida escobarense. Directora: Rosana Brunner","publisher":{"@id":"https:\/\/nuevodigitaldeescobar.com.ar\/#organization"},"potentialAction":[{"@type":"SearchAction","target":{"@type":"EntryPoint","urlTemplate":"https:\/\/nuevodigitaldeescobar.com.ar\/?s={search_term_string}"},"query-input":{"@type":"PropertyValueSpecification","valueRequired":true,"valueName":"search_term_string"}}],"inLanguage":"es"},{"@type":"Organization","@id":"https:\/\/nuevodigitaldeescobar.com.ar\/#organization","name":"Nuevo Digital de Escobar","url":"https:\/\/nuevodigitaldeescobar.com.ar\/","logo":{"@type":"ImageObject","inLanguage":"es","@id":"https:\/\/nuevodigitaldeescobar.com.ar\/#\/schema\/logo\/image\/","url":"https:\/\/nuevodigitaldeescobar.com.ar\/wp-content\/uploads\/2025\/05\/cropped-logo-nuevo2.jpg","contentUrl":"https:\/\/nuevodigitaldeescobar.com.ar\/wp-content\/uploads\/2025\/05\/cropped-logo-nuevo2.jpg","width":305,"height":305,"caption":"Nuevo Digital de Escobar"},"image":{"@id":"https:\/\/nuevodigitaldeescobar.com.ar\/#\/schema\/logo\/image\/"},"sameAs":["https:\/\/www.facebook.com\/NUEVODigitalDeEscobar","https:\/\/x.com\/nuevodigescobar","https:\/\/www.instagram.com\/nuevodigitaldeescobar"]},{"@type":"Person","@id":"https:\/\/nuevodigitaldeescobar.com.ar\/#\/schema\/person\/035e90a8efe9a80e6eec22656ad6ea4c","name":"Redacci\u00f3n","image":{"@type":"ImageObject","inLanguage":"es","@id":"https:\/\/nuevodigitaldeescobar.com.ar\/#\/schema\/person\/image\/","url":"https:\/\/secure.gravatar.com\/avatar\/8af8f40000c24e9eef3034f2be5998a372bb1389e64b1a4a36b3a7979142220d?s=96&d=mm&r=g","contentUrl":"https:\/\/secure.gravatar.com\/avatar\/8af8f40000c24e9eef3034f2be5998a372bb1389e64b1a4a36b3a7979142220d?s=96&d=mm&r=g","caption":"Redacci\u00f3n"},"sameAs":["http:\/\/nuevodigitaldeescobar.com.ar"],"url":"https:\/\/nuevodigitaldeescobar.com.ar\/?author=1"}]}},"featured_image_urls":{"full":["https:\/\/nuevodigitaldeescobar.com.ar\/wp-content\/uploads\/2024\/08\/andis-e1724784580365.jpg",600,453,false],"thumbnail":["https:\/\/nuevodigitaldeescobar.com.ar\/wp-content\/uploads\/2024\/08\/andis-e1724784580365-150x150.jpg",150,150,true],"medium":["https:\/\/nuevodigitaldeescobar.com.ar\/wp-content\/uploads\/2024\/08\/andis-e1724784580365-300x227.jpg",300,227,true],"medium_large":["https:\/\/nuevodigitaldeescobar.com.ar\/wp-content\/uploads\/2024\/08\/andis-e1724784580365.jpg",600,453,false],"large":["https:\/\/nuevodigitaldeescobar.com.ar\/wp-content\/uploads\/2024\/08\/andis-e1724784580365.jpg",600,453,false],"1536x1536":["https:\/\/nuevodigitaldeescobar.com.ar\/wp-content\/uploads\/2024\/08\/andis-e1724784580365.jpg",600,453,false],"2048x2048":["https:\/\/nuevodigitaldeescobar.com.ar\/wp-content\/uploads\/2024\/08\/andis-e1724784580365.jpg",600,453,false]},"author_info":{"display_name":"Redacci\u00f3n","author_link":"https:\/\/nuevodigitaldeescobar.com.ar\/?author=1"},"category_info":"<a href=\"https:\/\/nuevodigitaldeescobar.com.ar\/?cat=235\" rel=\"category\">Judiciales<\/a>","tag_info":"Judiciales","comment_count":"0","_links":{"self":[{"href":"https:\/\/nuevodigitaldeescobar.com.ar\/index.php?rest_route=\/wp\/v2\/posts\/18028","targetHints":{"allow":["GET"]}}],"collection":[{"href":"https:\/\/nuevodigitaldeescobar.com.ar\/index.php?rest_route=\/wp\/v2\/posts"}],"about":[{"href":"https:\/\/nuevodigitaldeescobar.com.ar\/index.php?rest_route=\/wp\/v2\/types\/post"}],"author":[{"embeddable":true,"href":"https:\/\/nuevodigitaldeescobar.com.ar\/index.php?rest_route=\/wp\/v2\/users\/1"}],"replies":[{"embeddable":true,"href":"https:\/\/nuevodigitaldeescobar.com.ar\/index.php?rest_route=%2Fwp%2Fv2%2Fcomments&post=18028"}],"version-history":[{"count":1,"href":"https:\/\/nuevodigitaldeescobar.com.ar\/index.php?rest_route=\/wp\/v2\/posts\/18028\/revisions"}],"predecessor-version":[{"id":18029,"href":"https:\/\/nuevodigitaldeescobar.com.ar\/index.php?rest_route=\/wp\/v2\/posts\/18028\/revisions\/18029"}],"wp:featuredmedia":[{"embeddable":true,"href":"https:\/\/nuevodigitaldeescobar.com.ar\/index.php?rest_route=\/wp\/v2\/media\/7644"}],"wp:attachment":[{"href":"https:\/\/nuevodigitaldeescobar.com.ar\/index.php?rest_route=%2Fwp%2Fv2%2Fmedia&parent=18028"}],"wp:term":[{"taxonomy":"category","embeddable":true,"href":"https:\/\/nuevodigitaldeescobar.com.ar\/index.php?rest_route=%2Fwp%2Fv2%2Fcategories&post=18028"},{"taxonomy":"post_tag","embeddable":true,"href":"https:\/\/nuevodigitaldeescobar.com.ar\/index.php?rest_route=%2Fwp%2Fv2%2Ftags&post=18028"}],"curies":[{"name":"wp","href":"https:\/\/api.w.org\/{rel}","templated":true}]}}