{"id":18040,"date":"2025-09-16T08:07:51","date_gmt":"2025-09-16T11:07:51","guid":{"rendered":"https:\/\/nuevodigitaldeescobar.com.ar\/?p=18040"},"modified":"2025-09-16T08:08:50","modified_gmt":"2025-09-16T11:08:50","slug":"cadena-nacional-de-javier-milei-avances-desafios-y-un-presupuesto-que-marcara-el-2026","status":"publish","type":"post","link":"https:\/\/nuevodigitaldeescobar.com.ar\/?p=18040","title":{"rendered":"Cadena nacional de Javier Milei: avances, desaf\u00edos y un presupuesto que marcar\u00e1 el 2026"},"content":{"rendered":"\n<p class=\"has-vivid-cyan-blue-color has-text-color has-link-color wp-elements-38bdfb0069c95ba2373f06e590682ff8\"><strong><em>El presidente Javier Milei encabez\u00f3 anoche una cadena nacional para presentar el proyecto de Presupuesto 2026. En un mensaje de tono institucional, destac\u00f3 los logros econ\u00f3micos alcanzados en su gesti\u00f3n y traz\u00f3 las principales l\u00edneas de su plan para el pr\u00f3ximo a\u00f1o.<\/em><\/strong><\/p>\n\n\n\n<!--more-->\n\n\n\n<h3 class=\"wp-block-heading has-text-color has-link-color wp-elements-f352dbfda6ad945f1c870ce36dad12da\" style=\"color:#1320c0\">Los puntos centrales del discurso<\/h3>\n\n\n\n<ul class=\"wp-block-list\">\n<li><strong>Equilibrio fiscal<\/strong>: Milei reiter\u00f3 que se trata de la \u201cpiedra angular\u201d de su programa y asegur\u00f3 que no habr\u00e1 retrocesos en esta materia. Tambi\u00e9n remarc\u00f3 que el Tesoro no podr\u00e1 financiarse a trav\u00e9s de emisi\u00f3n monetaria del Banco Central.<\/li>\n\n\n\n<li><strong>Medidas sociales<\/strong>: Se anunciaron incrementos en \u00e1reas sensibles como jubilaciones, salud, educaci\u00f3n, discapacidad y partidas para las universidades nacionales.<\/li>\n\n\n\n<li><strong>Presupuesto y control del gasto<\/strong>: El proyecto contempla una \u201cregla de estabilidad fiscal\u201d que ajustar\u00e1 autom\u00e1ticamente partidas en caso de que los ingresos caigan o el gasto supere lo previsto.<\/li>\n\n\n\n<li><strong>Relaci\u00f3n con provincias<\/strong>: Se prev\u00e9 un r\u00e9gimen de extinci\u00f3n de deudas rec\u00edprocas entre Naci\u00f3n y distritos, lo que podr\u00eda aliviar tensiones en la coparticipaci\u00f3n.<\/li>\n\n\n\n<li><strong>Sector privado<\/strong>: Milei insisti\u00f3 en que el empresariado no debe ser visto como un enemigo, y subray\u00f3 la importancia de garantizar seguridad jur\u00eddica y respeto a la propiedad para estimular inversiones.<\/li>\n\n\n\n<li><strong>Resultados de gesti\u00f3n<\/strong>: El mandatario enumer\u00f3 como logros la baja sostenida de la inflaci\u00f3n, la reducci\u00f3n de la pobreza, el alivio impositivo y el inicio de la salida del cepo cambiario.<\/li>\n<\/ul>\n\n\n\n<h3 class=\"wp-block-heading has-text-color has-link-color wp-elements-3fd44fcd1cbc9e827cd0bea20e62f30e\" style=\"color:#1320c0\">Los aspectos que generan dudas<\/h3>\n\n\n\n<p>M\u00e1s all\u00e1 de los avances se\u00f1alados, persisten cuestionamientos:<\/p>\n\n\n\n<ul class=\"wp-block-list\">\n<li><strong>Retiro gradual del Estado<\/strong>: La reducci\u00f3n de la intervenci\u00f3n estatal, aunque ordena las cuentas p\u00fablicas, plantea interrogantes sobre el impacto en sectores vulnerables.<\/li>\n\n\n\n<li><strong>Efecto social del ajuste<\/strong>: Milei reconoci\u00f3 que muchos argentinos a\u00fan no perciben en su vida cotidiana la mejora macroecon\u00f3mica.<\/li>\n\n\n\n<li><strong>Cr\u00edticas al impuesto en cascada<\/strong>: Especialistas advierten que la continuidad de tributos como Ingresos Brutos y la retenci\u00f3n anticipada de impuestos siguen generando saldos a favor de dif\u00edcil recuperaci\u00f3n.<\/li>\n\n\n\n<li><strong>Contexto pol\u00edtico<\/strong>: La derrota en elecciones provinciales recientes mostr\u00f3 un escenario de desgaste, lo que obliga a sostener apoyo social para consolidar los cambios propuestos.<\/li>\n<\/ul>\n\n\n\n<h3 class=\"wp-block-heading has-text-color has-link-color wp-elements-443225e3b5a1b7dd4c14b61c7f606565\" style=\"color:#1320c0\">Balance<\/h3>\n\n\n\n<p>El discurso busc\u00f3 transmitir confianza y proyectar estabilidad hacia el futuro. Sin embargo, los desaf\u00edos de gesti\u00f3n, la necesidad de acompa\u00f1amiento social y la implementaci\u00f3n efectiva de las medidas econ\u00f3micas ser\u00e1n claves para que el Presupuesto 2026 cumpla con las expectativas anunciadas.<\/p>\n\n\n\n<p><\/p>\n","protected":false},"excerpt":{"rendered":"<p>El presidente Javier Milei encabez\u00f3 anoche una cadena nacional para presentar el proyecto de Presupuesto 2026. En un mensaje de tono institucional, destac\u00f3 los logros [&hellip;]<\/p>\n","protected":false},"author":1,"featured_media":17080,"comment_status":"open","ping_status":"open","sticky":false,"template":"","format":"standard","meta":{"footnotes":""},"categories":[6],"tags":[],"class_list":["post-18040","post","type-post","status-publish","format-standard","has-post-thumbnail","hentry","category-politica"],"better_featured_image":{"id":17080,"alt_text":"","caption":"","description":"","media_type":"image","media_details":{"width":1135,"height":673,"file":"2025\/08\/mileianuncios211.png","filesize":874969,"sizes":{"medium":{"file":"mileianuncios211-300x178.png","width":300,"height":178,"mime-type":"image\/png","filesize":42128,"source_url":"https:\/\/nuevodigitaldeescobar.com.ar\/wp-content\/uploads\/2025\/08\/mileianuncios211-300x178.png"},"large":{"file":"mileianuncios211-1024x607.png","width":1024,"height":607,"mime-type":"image\/png","filesize":361853,"source_url":"https:\/\/nuevodigitaldeescobar.com.ar\/wp-content\/uploads\/2025\/08\/mileianuncios211-1024x607.png"},"thumbnail":{"file":"mileianuncios211-150x150.png","width":150,"height":150,"mime-type":"image\/png","filesize":20755,"source_url":"https:\/\/nuevodigitaldeescobar.com.ar\/wp-content\/uploads\/2025\/08\/mileianuncios211-150x150.png"},"medium_large":{"file":"mileianuncios211-768x455.png","width":768,"height":455,"mime-type":"image\/png","filesize":215759,"source_url":"https:\/\/nuevodigitaldeescobar.com.ar\/wp-content\/uploads\/2025\/08\/mileianuncios211-768x455.png"}},"image_meta":{"aperture":"0","credit":"","camera":"","caption":"","created_timestamp":"0","copyright":"","focal_length":"0","iso":"0","shutter_speed":"0","title":"","orientation":"0","keywords":[]}},"post":17079,"source_url":"https:\/\/nuevodigitaldeescobar.com.ar\/wp-content\/uploads\/2025\/08\/mileianuncios211.png"},"yoast_head":"<!-- This site is optimized with the Yoast SEO plugin v26.1.1 - https:\/\/yoast.com\/wordpress\/plugins\/seo\/ -->\n<title>Cadena nacional de Javier Milei: avances, desaf\u00edos y un presupuesto que marcar\u00e1 el 2026 - Nuevo Digital de Escobar<\/title>\n<meta name=\"robots\" content=\"index, follow, max-snippet:-1, max-image-preview:large, max-video-preview:-1\" \/>\n<link rel=\"canonical\" href=\"https:\/\/nuevodigitaldeescobar.com.ar\/?p=18040\" \/>\n<meta property=\"og:locale\" content=\"es_ES\" \/>\n<meta property=\"og:type\" content=\"article\" \/>\n<meta property=\"og:title\" content=\"Cadena nacional de Javier Milei: avances, desaf\u00edos y un presupuesto que marcar\u00e1 el 2026 - Nuevo Digital de Escobar\" \/>\n<meta property=\"og:description\" content=\"El presidente Javier Milei encabez\u00f3 anoche una cadena nacional para presentar el proyecto de Presupuesto 2026. En un mensaje de tono institucional, destac\u00f3 los logros [&hellip;]\" \/>\n<meta property=\"og:url\" content=\"https:\/\/nuevodigitaldeescobar.com.ar\/?p=18040\" \/>\n<meta property=\"og:site_name\" content=\"Nuevo Digital de Escobar\" \/>\n<meta property=\"article:publisher\" content=\"https:\/\/www.facebook.com\/NUEVODigitalDeEscobar\" \/>\n<meta property=\"article:published_time\" content=\"2025-09-16T11:07:51+00:00\" \/>\n<meta property=\"article:modified_time\" content=\"2025-09-16T11:08:50+00:00\" \/>\n<meta property=\"og:image\" content=\"http:\/\/nuevodigitaldeescobar.com.ar\/wp-content\/uploads\/2025\/08\/mileianuncios211.png\" \/>\n\t<meta property=\"og:image:width\" content=\"1135\" \/>\n\t<meta property=\"og:image:height\" content=\"673\" \/>\n\t<meta property=\"og:image:type\" content=\"image\/png\" \/>\n<meta name=\"author\" content=\"Redacci\u00f3n\" \/>\n<meta name=\"twitter:card\" content=\"summary_large_image\" \/>\n<meta name=\"twitter:creator\" content=\"@nuevodigescobar\" \/>\n<meta name=\"twitter:site\" content=\"@nuevodigescobar\" \/>\n<meta name=\"twitter:label1\" content=\"Escrito por\" \/>\n\t<meta name=\"twitter:data1\" content=\"Redacci\u00f3n\" \/>\n\t<meta name=\"twitter:label2\" content=\"Tiempo de lectura\" \/>\n\t<meta name=\"twitter:data2\" content=\"2 minutos\" \/>\n<script type=\"application\/ld+json\" class=\"yoast-schema-graph\">{\"@context\":\"https:\/\/schema.org\",\"@graph\":[{\"@type\":\"Article\",\"@id\":\"https:\/\/nuevodigitaldeescobar.com.ar\/?p=18040#article\",\"isPartOf\":{\"@id\":\"https:\/\/nuevodigitaldeescobar.com.ar\/?p=18040\"},\"author\":{\"name\":\"Redacci\u00f3n\",\"@id\":\"https:\/\/nuevodigitaldeescobar.com.ar\/#\/schema\/person\/035e90a8efe9a80e6eec22656ad6ea4c\"},\"headline\":\"Cadena nacional de Javier Milei: avances, desaf\u00edos y un presupuesto que marcar\u00e1 el 2026\",\"datePublished\":\"2025-09-16T11:07:51+00:00\",\"dateModified\":\"2025-09-16T11:08:50+00:00\",\"mainEntityOfPage\":{\"@id\":\"https:\/\/nuevodigitaldeescobar.com.ar\/?p=18040\"},\"wordCount\":424,\"commentCount\":0,\"publisher\":{\"@id\":\"https:\/\/nuevodigitaldeescobar.com.ar\/#organization\"},\"image\":{\"@id\":\"https:\/\/nuevodigitaldeescobar.com.ar\/?p=18040#primaryimage\"},\"thumbnailUrl\":\"https:\/\/nuevodigitaldeescobar.com.ar\/wp-content\/uploads\/2025\/08\/mileianuncios211.png\",\"articleSection\":[\"Pol\u00edtica\"],\"inLanguage\":\"es\",\"potentialAction\":[{\"@type\":\"CommentAction\",\"name\":\"Comment\",\"target\":[\"https:\/\/nuevodigitaldeescobar.com.ar\/?p=18040#respond\"]}]},{\"@type\":\"WebPage\",\"@id\":\"https:\/\/nuevodigitaldeescobar.com.ar\/?p=18040\",\"url\":\"https:\/\/nuevodigitaldeescobar.com.ar\/?p=18040\",\"name\":\"Cadena nacional de Javier Milei: avances, desaf\u00edos y un presupuesto que marcar\u00e1 el 2026 - Nuevo Digital de Escobar\",\"isPartOf\":{\"@id\":\"https:\/\/nuevodigitaldeescobar.com.ar\/#website\"},\"primaryImageOfPage\":{\"@id\":\"https:\/\/nuevodigitaldeescobar.com.ar\/?p=18040#primaryimage\"},\"image\":{\"@id\":\"https:\/\/nuevodigitaldeescobar.com.ar\/?p=18040#primaryimage\"},\"thumbnailUrl\":\"https:\/\/nuevodigitaldeescobar.com.ar\/wp-content\/uploads\/2025\/08\/mileianuncios211.png\",\"datePublished\":\"2025-09-16T11:07:51+00:00\",\"dateModified\":\"2025-09-16T11:08:50+00:00\",\"breadcrumb\":{\"@id\":\"https:\/\/nuevodigitaldeescobar.com.ar\/?p=18040#breadcrumb\"},\"inLanguage\":\"es\",\"potentialAction\":[{\"@type\":\"ReadAction\",\"target\":[\"https:\/\/nuevodigitaldeescobar.com.ar\/?p=18040\"]}]},{\"@type\":\"ImageObject\",\"inLanguage\":\"es\",\"@id\":\"https:\/\/nuevodigitaldeescobar.com.ar\/?p=18040#primaryimage\",\"url\":\"https:\/\/nuevodigitaldeescobar.com.ar\/wp-content\/uploads\/2025\/08\/mileianuncios211.png\",\"contentUrl\":\"https:\/\/nuevodigitaldeescobar.com.ar\/wp-content\/uploads\/2025\/08\/mileianuncios211.png\",\"width\":1135,\"height\":673},{\"@type\":\"BreadcrumbList\",\"@id\":\"https:\/\/nuevodigitaldeescobar.com.ar\/?p=18040#breadcrumb\",\"itemListElement\":[{\"@type\":\"ListItem\",\"position\":1,\"name\":\"Portada\",\"item\":\"https:\/\/nuevodigitaldeescobar.com.ar\/\"},{\"@type\":\"ListItem\",\"position\":2,\"name\":\"Cadena nacional de Javier Milei: avances, desaf\u00edos y un presupuesto que marcar\u00e1 el 2026\"}]},{\"@type\":\"WebSite\",\"@id\":\"https:\/\/nuevodigitaldeescobar.com.ar\/#website\",\"url\":\"https:\/\/nuevodigitaldeescobar.com.ar\/\",\"name\":\"Nuevo Digital de Escobar\",\"description\":\"La vida escobarense. Directora: Rosana Brunner\",\"publisher\":{\"@id\":\"https:\/\/nuevodigitaldeescobar.com.ar\/#organization\"},\"potentialAction\":[{\"@type\":\"SearchAction\",\"target\":{\"@type\":\"EntryPoint\",\"urlTemplate\":\"https:\/\/nuevodigitaldeescobar.com.ar\/?s={search_term_string}\"},\"query-input\":{\"@type\":\"PropertyValueSpecification\",\"valueRequired\":true,\"valueName\":\"search_term_string\"}}],\"inLanguage\":\"es\"},{\"@type\":\"Organization\",\"@id\":\"https:\/\/nuevodigitaldeescobar.com.ar\/#organization\",\"name\":\"Nuevo Digital de Escobar\",\"url\":\"https:\/\/nuevodigitaldeescobar.com.ar\/\",\"logo\":{\"@type\":\"ImageObject\",\"inLanguage\":\"es\",\"@id\":\"https:\/\/nuevodigitaldeescobar.com.ar\/#\/schema\/logo\/image\/\",\"url\":\"https:\/\/nuevodigitaldeescobar.com.ar\/wp-content\/uploads\/2025\/05\/cropped-logo-nuevo2.jpg\",\"contentUrl\":\"https:\/\/nuevodigitaldeescobar.com.ar\/wp-content\/uploads\/2025\/05\/cropped-logo-nuevo2.jpg\",\"width\":305,\"height\":305,\"caption\":\"Nuevo Digital de Escobar\"},\"image\":{\"@id\":\"https:\/\/nuevodigitaldeescobar.com.ar\/#\/schema\/logo\/image\/\"},\"sameAs\":[\"https:\/\/www.facebook.com\/NUEVODigitalDeEscobar\",\"https:\/\/x.com\/nuevodigescobar\",\"https:\/\/www.instagram.com\/nuevodigitaldeescobar\"]},{\"@type\":\"Person\",\"@id\":\"https:\/\/nuevodigitaldeescobar.com.ar\/#\/schema\/person\/035e90a8efe9a80e6eec22656ad6ea4c\",\"name\":\"Redacci\u00f3n\",\"image\":{\"@type\":\"ImageObject\",\"inLanguage\":\"es\",\"@id\":\"https:\/\/nuevodigitaldeescobar.com.ar\/#\/schema\/person\/image\/\",\"url\":\"https:\/\/secure.gravatar.com\/avatar\/8af8f40000c24e9eef3034f2be5998a372bb1389e64b1a4a36b3a7979142220d?s=96&d=mm&r=g\",\"contentUrl\":\"https:\/\/secure.gravatar.com\/avatar\/8af8f40000c24e9eef3034f2be5998a372bb1389e64b1a4a36b3a7979142220d?s=96&d=mm&r=g\",\"caption\":\"Redacci\u00f3n\"},\"sameAs\":[\"http:\/\/nuevodigitaldeescobar.com.ar\"],\"url\":\"https:\/\/nuevodigitaldeescobar.com.ar\/?author=1\"}]}<\/script>\n<!-- \/ Yoast SEO plugin. -->","yoast_head_json":{"title":"Cadena nacional de Javier Milei: avances, desaf\u00edos y un presupuesto que marcar\u00e1 el 2026 - Nuevo Digital de Escobar","robots":{"index":"index","follow":"follow","max-snippet":"max-snippet:-1","max-image-preview":"max-image-preview:large","max-video-preview":"max-video-preview:-1"},"canonical":"https:\/\/nuevodigitaldeescobar.com.ar\/?p=18040","og_locale":"es_ES","og_type":"article","og_title":"Cadena nacional de Javier Milei: avances, desaf\u00edos y un presupuesto que marcar\u00e1 el 2026 - Nuevo Digital de Escobar","og_description":"El presidente Javier Milei encabez\u00f3 anoche una cadena nacional para presentar el proyecto de Presupuesto 2026. En un mensaje de tono institucional, destac\u00f3 los logros [&hellip;]","og_url":"https:\/\/nuevodigitaldeescobar.com.ar\/?p=18040","og_site_name":"Nuevo Digital de Escobar","article_publisher":"https:\/\/www.facebook.com\/NUEVODigitalDeEscobar","article_published_time":"2025-09-16T11:07:51+00:00","article_modified_time":"2025-09-16T11:08:50+00:00","og_image":[{"width":1135,"height":673,"url":"http:\/\/nuevodigitaldeescobar.com.ar\/wp-content\/uploads\/2025\/08\/mileianuncios211.png","type":"image\/png"}],"author":"Redacci\u00f3n","twitter_card":"summary_large_image","twitter_creator":"@nuevodigescobar","twitter_site":"@nuevodigescobar","twitter_misc":{"Escrito por":"Redacci\u00f3n","Tiempo de lectura":"2 minutos"},"schema":{"@context":"https:\/\/schema.org","@graph":[{"@type":"Article","@id":"https:\/\/nuevodigitaldeescobar.com.ar\/?p=18040#article","isPartOf":{"@id":"https:\/\/nuevodigitaldeescobar.com.ar\/?p=18040"},"author":{"name":"Redacci\u00f3n","@id":"https:\/\/nuevodigitaldeescobar.com.ar\/#\/schema\/person\/035e90a8efe9a80e6eec22656ad6ea4c"},"headline":"Cadena nacional de Javier Milei: avances, desaf\u00edos y un presupuesto que marcar\u00e1 el 2026","datePublished":"2025-09-16T11:07:51+00:00","dateModified":"2025-09-16T11:08:50+00:00","mainEntityOfPage":{"@id":"https:\/\/nuevodigitaldeescobar.com.ar\/?p=18040"},"wordCount":424,"commentCount":0,"publisher":{"@id":"https:\/\/nuevodigitaldeescobar.com.ar\/#organization"},"image":{"@id":"https:\/\/nuevodigitaldeescobar.com.ar\/?p=18040#primaryimage"},"thumbnailUrl":"https:\/\/nuevodigitaldeescobar.com.ar\/wp-content\/uploads\/2025\/08\/mileianuncios211.png","articleSection":["Pol\u00edtica"],"inLanguage":"es","potentialAction":[{"@type":"CommentAction","name":"Comment","target":["https:\/\/nuevodigitaldeescobar.com.ar\/?p=18040#respond"]}]},{"@type":"WebPage","@id":"https:\/\/nuevodigitaldeescobar.com.ar\/?p=18040","url":"https:\/\/nuevodigitaldeescobar.com.ar\/?p=18040","name":"Cadena nacional de Javier Milei: avances, desaf\u00edos y un presupuesto que marcar\u00e1 el 2026 - Nuevo Digital de Escobar","isPartOf":{"@id":"https:\/\/nuevodigitaldeescobar.com.ar\/#website"},"primaryImageOfPage":{"@id":"https:\/\/nuevodigitaldeescobar.com.ar\/?p=18040#primaryimage"},"image":{"@id":"https:\/\/nuevodigitaldeescobar.com.ar\/?p=18040#primaryimage"},"thumbnailUrl":"https:\/\/nuevodigitaldeescobar.com.ar\/wp-content\/uploads\/2025\/08\/mileianuncios211.png","datePublished":"2025-09-16T11:07:51+00:00","dateModified":"2025-09-16T11:08:50+00:00","breadcrumb":{"@id":"https:\/\/nuevodigitaldeescobar.com.ar\/?p=18040#breadcrumb"},"inLanguage":"es","potentialAction":[{"@type":"ReadAction","target":["https:\/\/nuevodigitaldeescobar.com.ar\/?p=18040"]}]},{"@type":"ImageObject","inLanguage":"es","@id":"https:\/\/nuevodigitaldeescobar.com.ar\/?p=18040#primaryimage","url":"https:\/\/nuevodigitaldeescobar.com.ar\/wp-content\/uploads\/2025\/08\/mileianuncios211.png","contentUrl":"https:\/\/nuevodigitaldeescobar.com.ar\/wp-content\/uploads\/2025\/08\/mileianuncios211.png","width":1135,"height":673},{"@type":"BreadcrumbList","@id":"https:\/\/nuevodigitaldeescobar.com.ar\/?p=18040#breadcrumb","itemListElement":[{"@type":"ListItem","position":1,"name":"Portada","item":"https:\/\/nuevodigitaldeescobar.com.ar\/"},{"@type":"ListItem","position":2,"name":"Cadena nacional de Javier Milei: avances, desaf\u00edos y un presupuesto que marcar\u00e1 el 2026"}]},{"@type":"WebSite","@id":"https:\/\/nuevodigitaldeescobar.com.ar\/#website","url":"https:\/\/nuevodigitaldeescobar.com.ar\/","name":"Nuevo Digital de Escobar","description":"La vida escobarense. Directora: Rosana Brunner","publisher":{"@id":"https:\/\/nuevodigitaldeescobar.com.ar\/#organization"},"potentialAction":[{"@type":"SearchAction","target":{"@type":"EntryPoint","urlTemplate":"https:\/\/nuevodigitaldeescobar.com.ar\/?s={search_term_string}"},"query-input":{"@type":"PropertyValueSpecification","valueRequired":true,"valueName":"search_term_string"}}],"inLanguage":"es"},{"@type":"Organization","@id":"https:\/\/nuevodigitaldeescobar.com.ar\/#organization","name":"Nuevo Digital de Escobar","url":"https:\/\/nuevodigitaldeescobar.com.ar\/","logo":{"@type":"ImageObject","inLanguage":"es","@id":"https:\/\/nuevodigitaldeescobar.com.ar\/#\/schema\/logo\/image\/","url":"https:\/\/nuevodigitaldeescobar.com.ar\/wp-content\/uploads\/2025\/05\/cropped-logo-nuevo2.jpg","contentUrl":"https:\/\/nuevodigitaldeescobar.com.ar\/wp-content\/uploads\/2025\/05\/cropped-logo-nuevo2.jpg","width":305,"height":305,"caption":"Nuevo Digital de Escobar"},"image":{"@id":"https:\/\/nuevodigitaldeescobar.com.ar\/#\/schema\/logo\/image\/"},"sameAs":["https:\/\/www.facebook.com\/NUEVODigitalDeEscobar","https:\/\/x.com\/nuevodigescobar","https:\/\/www.instagram.com\/nuevodigitaldeescobar"]},{"@type":"Person","@id":"https:\/\/nuevodigitaldeescobar.com.ar\/#\/schema\/person\/035e90a8efe9a80e6eec22656ad6ea4c","name":"Redacci\u00f3n","image":{"@type":"ImageObject","inLanguage":"es","@id":"https:\/\/nuevodigitaldeescobar.com.ar\/#\/schema\/person\/image\/","url":"https:\/\/secure.gravatar.com\/avatar\/8af8f40000c24e9eef3034f2be5998a372bb1389e64b1a4a36b3a7979142220d?s=96&d=mm&r=g","contentUrl":"https:\/\/secure.gravatar.com\/avatar\/8af8f40000c24e9eef3034f2be5998a372bb1389e64b1a4a36b3a7979142220d?s=96&d=mm&r=g","caption":"Redacci\u00f3n"},"sameAs":["http:\/\/nuevodigitaldeescobar.com.ar"],"url":"https:\/\/nuevodigitaldeescobar.com.ar\/?author=1"}]}},"featured_image_urls":{"full":["https:\/\/nuevodigitaldeescobar.com.ar\/wp-content\/uploads\/2025\/08\/mileianuncios211.png",1135,673,false],"thumbnail":["https:\/\/nuevodigitaldeescobar.com.ar\/wp-content\/uploads\/2025\/08\/mileianuncios211-150x150.png",150,150,true],"medium":["https:\/\/nuevodigitaldeescobar.com.ar\/wp-content\/uploads\/2025\/08\/mileianuncios211-300x178.png",300,178,true],"medium_large":["https:\/\/nuevodigitaldeescobar.com.ar\/wp-content\/uploads\/2025\/08\/mileianuncios211-768x455.png",640,379,true],"large":["https:\/\/nuevodigitaldeescobar.com.ar\/wp-content\/uploads\/2025\/08\/mileianuncios211-1024x607.png",640,379,true],"1536x1536":["https:\/\/nuevodigitaldeescobar.com.ar\/wp-content\/uploads\/2025\/08\/mileianuncios211.png",1135,673,false],"2048x2048":["https:\/\/nuevodigitaldeescobar.com.ar\/wp-content\/uploads\/2025\/08\/mileianuncios211.png",1135,673,false]},"author_info":{"display_name":"Redacci\u00f3n","author_link":"https:\/\/nuevodigitaldeescobar.com.ar\/?author=1"},"category_info":"<a href=\"https:\/\/nuevodigitaldeescobar.com.ar\/?cat=6\" rel=\"category\">Pol\u00edtica<\/a>","tag_info":"Pol\u00edtica","comment_count":"0","_links":{"self":[{"href":"https:\/\/nuevodigitaldeescobar.com.ar\/index.php?rest_route=\/wp\/v2\/posts\/18040","targetHints":{"allow":["GET"]}}],"collection":[{"href":"https:\/\/nuevodigitaldeescobar.com.ar\/index.php?rest_route=\/wp\/v2\/posts"}],"about":[{"href":"https:\/\/nuevodigitaldeescobar.com.ar\/index.php?rest_route=\/wp\/v2\/types\/post"}],"author":[{"embeddable":true,"href":"https:\/\/nuevodigitaldeescobar.com.ar\/index.php?rest_route=\/wp\/v2\/users\/1"}],"replies":[{"embeddable":true,"href":"https:\/\/nuevodigitaldeescobar.com.ar\/index.php?rest_route=%2Fwp%2Fv2%2Fcomments&post=18040"}],"version-history":[{"count":2,"href":"https:\/\/nuevodigitaldeescobar.com.ar\/index.php?rest_route=\/wp\/v2\/posts\/18040\/revisions"}],"predecessor-version":[{"id":18043,"href":"https:\/\/nuevodigitaldeescobar.com.ar\/index.php?rest_route=\/wp\/v2\/posts\/18040\/revisions\/18043"}],"wp:featuredmedia":[{"embeddable":true,"href":"https:\/\/nuevodigitaldeescobar.com.ar\/index.php?rest_route=\/wp\/v2\/media\/17080"}],"wp:attachment":[{"href":"https:\/\/nuevodigitaldeescobar.com.ar\/index.php?rest_route=%2Fwp%2Fv2%2Fmedia&parent=18040"}],"wp:term":[{"taxonomy":"category","embeddable":true,"href":"https:\/\/nuevodigitaldeescobar.com.ar\/index.php?rest_route=%2Fwp%2Fv2%2Fcategories&post=18040"},{"taxonomy":"post_tag","embeddable":true,"href":"https:\/\/nuevodigitaldeescobar.com.ar\/index.php?rest_route=%2Fwp%2Fv2%2Ftags&post=18040"}],"curies":[{"name":"wp","href":"https:\/\/api.w.org\/{rel}","templated":true}]}}