{"id":18083,"date":"2025-09-18T16:11:28","date_gmt":"2025-09-18T19:11:28","guid":{"rendered":"https:\/\/nuevodigitaldeescobar.com.ar\/?p=18083"},"modified":"2025-09-18T16:11:40","modified_gmt":"2025-09-18T19:11:40","slug":"el-coro-polifonico-nacional-de-ciegos-se-presentara-en-maschwitz-con-un-concierto-unico","status":"publish","type":"post","link":"https:\/\/nuevodigitaldeescobar.com.ar\/?p=18083","title":{"rendered":"El Coro Polif\u00f3nico Nacional de Ciegos se presentar\u00e1 en Maschwitz con un concierto \u00fanico"},"content":{"rendered":"\n<p>El pr\u00f3ximo <strong>domingo 21 de septiembre a las 20 horas<\/strong>, la Parroquia San Antonio de Padua, ubicada en La Plata 1165 de Ingeniero Maschwitz, ser\u00e1 escenario de un espect\u00e1culo art\u00edstico y profundamente emotivo. El <strong>Coro Polif\u00f3nico Nacional de Ciegos \u201cCarlos Roberto Larrimbe\u201d<\/strong> ofrecer\u00e1 el concierto titulado <em>\u201cNuestra manera de cantar\u201d<\/em>, bajo la direcci\u00f3n del maestro <strong>Osvaldo Manzanelli<\/strong>.<\/p>\n\n\n\n<!--more-->\n\n\n\n<p>Se trata de una propuesta cultural singular, ya que este elenco es el \u00fanico en su tipo en todo el mundo. Su prestigiosa trayectoria y la calidad de sus interpretaciones lo han convertido en un referente indiscutido de la m\u00fasica coral, fusionando arte e inclusi\u00f3n en cada presentaci\u00f3n.<\/p>\n\n\n\n<p>\u201c<strong>Nuestra manera de cantar no es solo una forma de interpretar la m\u00fasica, sino de compartir el alma a trav\u00e9s de cada nota<\/strong>\u201d, expres\u00f3 Manzanelli en la previa, sintetizando el esp\u00edritu de un espect\u00e1culo pensado para conmover y emocionar al p\u00fablico.<\/p>\n\n\n\n<h3 class=\"wp-block-heading\">Un repertorio diverso y emocionante<\/h3>\n\n\n\n<p>El programa contempla piezas cl\u00e1sicas y populares de distintas \u00e9pocas y geograf\u00edas, ofreciendo un viaje musical de gran riqueza. Entre las obras seleccionadas se incluyen:<\/p>\n\n\n\n<ul class=\"wp-block-list\">\n<li><em>Locus Iste<\/em>, de Anton Bruckner (Austria)<\/li>\n\n\n\n<li>Fragmentos de la <strong>Misa en Mib a doble coro<\/strong>, de Josef Rheinberger (Alemania)<\/li>\n\n\n\n<li><em>Alleluia<\/em>, de Jake Runestad (Estados Unidos)<\/li>\n\n\n\n<li><em>You Raise Me Up<\/em>, de Rolf L\u00f8vland (Noruega) y Brendan Graham (Irlanda), con las voces de Carla Mangiapani y Lourdes Fl\u00fcgel<\/li>\n\n\n\n<li><em>Jubilate Deo<\/em>, de Ko Matsushita (Jap\u00f3n)<\/li>\n\n\n\n<li><em>Hay quien precisa<\/em>, de Silvio Rodr\u00edguez, con arreglo de Beatriz Corona (Cuba), interpretada por Eric Montenegro<\/li>\n\n\n\n<li><em>Oiga compae<\/em>, de C\u00e9sar Alejandro Castillo (Venezuela)<\/li>\n\n\n\n<li><em>Pu\u00f1una<\/em>, de Juan Camilo Stafforini (Argentina), con la participaci\u00f3n de Luc\u00eda Salazar<\/li>\n\n\n\n<li><em>Zamba azul<\/em>, de Tito Francia y Armando Tejada G\u00f3mez<\/li>\n\n\n\n<li><em>Chacarera de las piedras<\/em>, de Atahualpa Yupanqui y Pablo del Cerro<\/li>\n<\/ul>\n\n\n\n<p>La velada contar\u00e1 con la colaboraci\u00f3n del pianista <strong>Hugo de la Vega<\/strong>.<\/p>\n\n\n\n<h3 class=\"wp-block-heading\">Entrada libre y gratuita<\/h3>\n\n\n\n<p>El concierto ser\u00e1 con <strong>entrada libre y gratuita<\/strong>, invitando a toda la comunidad a acercarse y disfrutar de una experiencia musical \u00fanica en Ingeniero Maschwitz.<\/p>\n","protected":false},"excerpt":{"rendered":"<p>El pr\u00f3ximo domingo 21 de septiembre a las 20 horas, la Parroquia San Antonio de Padua, ubicada en La Plata 1165 de Ingeniero Maschwitz, ser\u00e1 [&hellip;]<\/p>\n","protected":false},"author":1,"featured_media":18084,"comment_status":"open","ping_status":"open","sticky":false,"template":"","format":"standard","meta":{"footnotes":""},"categories":[11],"tags":[449,133],"class_list":["post-18083","post","type-post","status-publish","format-standard","has-post-thumbnail","hentry","category-cultura-arte-y-espectaculos","tag-coro-polifonico-nacional-de-ciegos","tag-ingeniero-maschwitz"],"better_featured_image":{"id":18084,"alt_text":"","caption":"","description":"","media_type":"image","media_details":{"width":2560,"height":1752,"file":"2025\/09\/Copia-de-CPNC-1_-21-9-25-scaled.png","filesize":2891563,"sizes":{"medium":{"file":"Copia-de-CPNC-1_-21-9-25-300x205.png","width":300,"height":205,"mime-type":"image\/png","filesize":54256,"source_url":"https:\/\/nuevodigitaldeescobar.com.ar\/wp-content\/uploads\/2025\/09\/Copia-de-CPNC-1_-21-9-25-300x205.png"},"large":{"file":"Copia-de-CPNC-1_-21-9-25-1024x701.png","width":1024,"height":701,"mime-type":"image\/png","filesize":511860,"source_url":"https:\/\/nuevodigitaldeescobar.com.ar\/wp-content\/uploads\/2025\/09\/Copia-de-CPNC-1_-21-9-25-1024x701.png"},"thumbnail":{"file":"Copia-de-CPNC-1_-21-9-25-150x150.png","width":150,"height":150,"mime-type":"image\/png","filesize":21823,"source_url":"https:\/\/nuevodigitaldeescobar.com.ar\/wp-content\/uploads\/2025\/09\/Copia-de-CPNC-1_-21-9-25-150x150.png"},"medium_large":{"file":"Copia-de-CPNC-1_-21-9-25-768x525.png","width":768,"height":525,"mime-type":"image\/png","filesize":295723,"source_url":"https:\/\/nuevodigitaldeescobar.com.ar\/wp-content\/uploads\/2025\/09\/Copia-de-CPNC-1_-21-9-25-768x525.png"},"1536x1536":{"file":"Copia-de-CPNC-1_-21-9-25-1536x1051.png","width":1536,"height":1051,"mime-type":"image\/png","filesize":1098578,"source_url":"https:\/\/nuevodigitaldeescobar.com.ar\/wp-content\/uploads\/2025\/09\/Copia-de-CPNC-1_-21-9-25-1536x1051.png"}},"image_meta":{"aperture":"0","credit":"","camera":"","caption":"","created_timestamp":"0","copyright":"","focal_length":"0","iso":"0","shutter_speed":"0","title":"","orientation":"0","keywords":[]},"original_image":"Copia-de-CPNC-1_-21-9-25.png"},"post":18083,"source_url":"https:\/\/nuevodigitaldeescobar.com.ar\/wp-content\/uploads\/2025\/09\/Copia-de-CPNC-1_-21-9-25-scaled.png"},"yoast_head":"<!-- This site is optimized with the Yoast SEO plugin v26.1.1 - https:\/\/yoast.com\/wordpress\/plugins\/seo\/ -->\n<title>El Coro Polif\u00f3nico Nacional de Ciegos se presentar\u00e1 en Maschwitz con un concierto \u00fanico - Nuevo Digital de Escobar<\/title>\n<meta name=\"description\" content=\"Se trata de una propuesta cultural singular, ya que este elenco es el \u00fanico en su tipo en todo el mundo. Su prestigiosa trayectoria y la calidad de sus interpretaciones lo han convertido en un referente indiscutido de la m\u00fasica coral, fusionando arte e inclusi\u00f3n en cada presentaci\u00f3n.\" \/>\n<meta name=\"robots\" content=\"index, follow, max-snippet:-1, max-image-preview:large, max-video-preview:-1\" \/>\n<link rel=\"canonical\" href=\"https:\/\/nuevodigitaldeescobar.com.ar\/?p=18083\" \/>\n<meta property=\"og:locale\" content=\"es_ES\" \/>\n<meta property=\"og:type\" content=\"article\" \/>\n<meta property=\"og:title\" content=\"El Coro Polif\u00f3nico Nacional de Ciegos se presentar\u00e1 en Maschwitz con un concierto \u00fanico\" \/>\n<meta property=\"og:description\" content=\"Se trata de una propuesta cultural singular, ya que este elenco es el \u00fanico en su tipo en todo el mundo. Su prestigiosa trayectoria y la calidad de sus interpretaciones lo han convertido en un referente indiscutido de la m\u00fasica coral, fusionando arte e inclusi\u00f3n en cada presentaci\u00f3n.\" \/>\n<meta property=\"og:url\" content=\"https:\/\/nuevodigitaldeescobar.com.ar\/?p=18083\" \/>\n<meta property=\"og:site_name\" content=\"Nuevo Digital de Escobar\" \/>\n<meta property=\"article:publisher\" content=\"https:\/\/www.facebook.com\/NUEVODigitalDeEscobar\" \/>\n<meta property=\"article:published_time\" content=\"2025-09-18T19:11:28+00:00\" \/>\n<meta property=\"article:modified_time\" content=\"2025-09-18T19:11:40+00:00\" \/>\n<meta property=\"og:image\" content=\"http:\/\/nuevodigitaldeescobar.com.ar\/wp-content\/uploads\/2025\/09\/Copia-de-CPNC-1_-21-9-25-1024x701.png\" \/>\n\t<meta property=\"og:image:width\" content=\"1024\" \/>\n\t<meta property=\"og:image:height\" content=\"701\" \/>\n\t<meta property=\"og:image:type\" content=\"image\/png\" \/>\n<meta name=\"author\" content=\"Redacci\u00f3n\" \/>\n<meta name=\"twitter:card\" content=\"summary_large_image\" \/>\n<meta name=\"twitter:creator\" content=\"@nuevodigescobar\" \/>\n<meta name=\"twitter:site\" content=\"@nuevodigescobar\" \/>\n<meta name=\"twitter:label1\" content=\"Escrito por\" \/>\n\t<meta name=\"twitter:data1\" content=\"Redacci\u00f3n\" \/>\n\t<meta name=\"twitter:label2\" content=\"Tiempo de lectura\" \/>\n\t<meta name=\"twitter:data2\" content=\"2 minutos\" \/>\n<script type=\"application\/ld+json\" class=\"yoast-schema-graph\">{\"@context\":\"https:\/\/schema.org\",\"@graph\":[{\"@type\":\"Article\",\"@id\":\"https:\/\/nuevodigitaldeescobar.com.ar\/?p=18083#article\",\"isPartOf\":{\"@id\":\"https:\/\/nuevodigitaldeescobar.com.ar\/?p=18083\"},\"author\":{\"name\":\"Redacci\u00f3n\",\"@id\":\"https:\/\/nuevodigitaldeescobar.com.ar\/#\/schema\/person\/035e90a8efe9a80e6eec22656ad6ea4c\"},\"headline\":\"El Coro Polif\u00f3nico Nacional de Ciegos se presentar\u00e1 en Maschwitz con un concierto \u00fanico\",\"datePublished\":\"2025-09-18T19:11:28+00:00\",\"dateModified\":\"2025-09-18T19:11:40+00:00\",\"mainEntityOfPage\":{\"@id\":\"https:\/\/nuevodigitaldeescobar.com.ar\/?p=18083\"},\"wordCount\":361,\"commentCount\":0,\"publisher\":{\"@id\":\"https:\/\/nuevodigitaldeescobar.com.ar\/#organization\"},\"image\":{\"@id\":\"https:\/\/nuevodigitaldeescobar.com.ar\/?p=18083#primaryimage\"},\"thumbnailUrl\":\"https:\/\/nuevodigitaldeescobar.com.ar\/wp-content\/uploads\/2025\/09\/Copia-de-CPNC-1_-21-9-25-scaled.png\",\"keywords\":[\"Coro Polif\u00f3nico Nacional de Ciegos\",\"Ingeniero Maschwitz\"],\"articleSection\":[\"Cultura, Arte y Espect\u00e1culos\"],\"inLanguage\":\"es\",\"potentialAction\":[{\"@type\":\"CommentAction\",\"name\":\"Comment\",\"target\":[\"https:\/\/nuevodigitaldeescobar.com.ar\/?p=18083#respond\"]}]},{\"@type\":\"WebPage\",\"@id\":\"https:\/\/nuevodigitaldeescobar.com.ar\/?p=18083\",\"url\":\"https:\/\/nuevodigitaldeescobar.com.ar\/?p=18083\",\"name\":\"El Coro Polif\u00f3nico Nacional de Ciegos se presentar\u00e1 en Maschwitz con un concierto \u00fanico - Nuevo Digital de Escobar\",\"isPartOf\":{\"@id\":\"https:\/\/nuevodigitaldeescobar.com.ar\/#website\"},\"primaryImageOfPage\":{\"@id\":\"https:\/\/nuevodigitaldeescobar.com.ar\/?p=18083#primaryimage\"},\"image\":{\"@id\":\"https:\/\/nuevodigitaldeescobar.com.ar\/?p=18083#primaryimage\"},\"thumbnailUrl\":\"https:\/\/nuevodigitaldeescobar.com.ar\/wp-content\/uploads\/2025\/09\/Copia-de-CPNC-1_-21-9-25-scaled.png\",\"datePublished\":\"2025-09-18T19:11:28+00:00\",\"dateModified\":\"2025-09-18T19:11:40+00:00\",\"description\":\"Se trata de una propuesta cultural singular, ya que este elenco es el \u00fanico en su tipo en todo el mundo. Su prestigiosa trayectoria y la calidad de sus interpretaciones lo han convertido en un referente indiscutido de la m\u00fasica coral, fusionando arte e inclusi\u00f3n en cada presentaci\u00f3n.\",\"breadcrumb\":{\"@id\":\"https:\/\/nuevodigitaldeescobar.com.ar\/?p=18083#breadcrumb\"},\"inLanguage\":\"es\",\"potentialAction\":[{\"@type\":\"ReadAction\",\"target\":[\"https:\/\/nuevodigitaldeescobar.com.ar\/?p=18083\"]}]},{\"@type\":\"ImageObject\",\"inLanguage\":\"es\",\"@id\":\"https:\/\/nuevodigitaldeescobar.com.ar\/?p=18083#primaryimage\",\"url\":\"https:\/\/nuevodigitaldeescobar.com.ar\/wp-content\/uploads\/2025\/09\/Copia-de-CPNC-1_-21-9-25-scaled.png\",\"contentUrl\":\"https:\/\/nuevodigitaldeescobar.com.ar\/wp-content\/uploads\/2025\/09\/Copia-de-CPNC-1_-21-9-25-scaled.png\",\"width\":2560,\"height\":1752},{\"@type\":\"BreadcrumbList\",\"@id\":\"https:\/\/nuevodigitaldeescobar.com.ar\/?p=18083#breadcrumb\",\"itemListElement\":[{\"@type\":\"ListItem\",\"position\":1,\"name\":\"Portada\",\"item\":\"https:\/\/nuevodigitaldeescobar.com.ar\/\"},{\"@type\":\"ListItem\",\"position\":2,\"name\":\"El Coro Polif\u00f3nico Nacional de Ciegos se presentar\u00e1 en Maschwitz con un concierto \u00fanico\"}]},{\"@type\":\"WebSite\",\"@id\":\"https:\/\/nuevodigitaldeescobar.com.ar\/#website\",\"url\":\"https:\/\/nuevodigitaldeescobar.com.ar\/\",\"name\":\"Nuevo Digital de Escobar\",\"description\":\"La vida escobarense. Directora: Rosana Brunner\",\"publisher\":{\"@id\":\"https:\/\/nuevodigitaldeescobar.com.ar\/#organization\"},\"potentialAction\":[{\"@type\":\"SearchAction\",\"target\":{\"@type\":\"EntryPoint\",\"urlTemplate\":\"https:\/\/nuevodigitaldeescobar.com.ar\/?s={search_term_string}\"},\"query-input\":{\"@type\":\"PropertyValueSpecification\",\"valueRequired\":true,\"valueName\":\"search_term_string\"}}],\"inLanguage\":\"es\"},{\"@type\":\"Organization\",\"@id\":\"https:\/\/nuevodigitaldeescobar.com.ar\/#organization\",\"name\":\"Nuevo Digital de Escobar\",\"url\":\"https:\/\/nuevodigitaldeescobar.com.ar\/\",\"logo\":{\"@type\":\"ImageObject\",\"inLanguage\":\"es\",\"@id\":\"https:\/\/nuevodigitaldeescobar.com.ar\/#\/schema\/logo\/image\/\",\"url\":\"https:\/\/nuevodigitaldeescobar.com.ar\/wp-content\/uploads\/2025\/05\/cropped-logo-nuevo2.jpg\",\"contentUrl\":\"https:\/\/nuevodigitaldeescobar.com.ar\/wp-content\/uploads\/2025\/05\/cropped-logo-nuevo2.jpg\",\"width\":305,\"height\":305,\"caption\":\"Nuevo Digital de Escobar\"},\"image\":{\"@id\":\"https:\/\/nuevodigitaldeescobar.com.ar\/#\/schema\/logo\/image\/\"},\"sameAs\":[\"https:\/\/www.facebook.com\/NUEVODigitalDeEscobar\",\"https:\/\/x.com\/nuevodigescobar\",\"https:\/\/www.instagram.com\/nuevodigitaldeescobar\"]},{\"@type\":\"Person\",\"@id\":\"https:\/\/nuevodigitaldeescobar.com.ar\/#\/schema\/person\/035e90a8efe9a80e6eec22656ad6ea4c\",\"name\":\"Redacci\u00f3n\",\"image\":{\"@type\":\"ImageObject\",\"inLanguage\":\"es\",\"@id\":\"https:\/\/nuevodigitaldeescobar.com.ar\/#\/schema\/person\/image\/\",\"url\":\"https:\/\/secure.gravatar.com\/avatar\/8af8f40000c24e9eef3034f2be5998a372bb1389e64b1a4a36b3a7979142220d?s=96&d=mm&r=g\",\"contentUrl\":\"https:\/\/secure.gravatar.com\/avatar\/8af8f40000c24e9eef3034f2be5998a372bb1389e64b1a4a36b3a7979142220d?s=96&d=mm&r=g\",\"caption\":\"Redacci\u00f3n\"},\"sameAs\":[\"http:\/\/nuevodigitaldeescobar.com.ar\"],\"url\":\"https:\/\/nuevodigitaldeescobar.com.ar\/?author=1\"}]}<\/script>\n<!-- \/ Yoast SEO plugin. -->","yoast_head_json":{"title":"El Coro Polif\u00f3nico Nacional de Ciegos se presentar\u00e1 en Maschwitz con un concierto \u00fanico - Nuevo Digital de Escobar","description":"Se trata de una propuesta cultural singular, ya que este elenco es el \u00fanico en su tipo en todo el mundo. Su prestigiosa trayectoria y la calidad de sus interpretaciones lo han convertido en un referente indiscutido de la m\u00fasica coral, fusionando arte e inclusi\u00f3n en cada presentaci\u00f3n.","robots":{"index":"index","follow":"follow","max-snippet":"max-snippet:-1","max-image-preview":"max-image-preview:large","max-video-preview":"max-video-preview:-1"},"canonical":"https:\/\/nuevodigitaldeescobar.com.ar\/?p=18083","og_locale":"es_ES","og_type":"article","og_title":"El Coro Polif\u00f3nico Nacional de Ciegos se presentar\u00e1 en Maschwitz con un concierto \u00fanico","og_description":"Se trata de una propuesta cultural singular, ya que este elenco es el \u00fanico en su tipo en todo el mundo. Su prestigiosa trayectoria y la calidad de sus interpretaciones lo han convertido en un referente indiscutido de la m\u00fasica coral, fusionando arte e inclusi\u00f3n en cada presentaci\u00f3n.","og_url":"https:\/\/nuevodigitaldeescobar.com.ar\/?p=18083","og_site_name":"Nuevo Digital de Escobar","article_publisher":"https:\/\/www.facebook.com\/NUEVODigitalDeEscobar","article_published_time":"2025-09-18T19:11:28+00:00","article_modified_time":"2025-09-18T19:11:40+00:00","og_image":[{"width":1024,"height":701,"url":"http:\/\/nuevodigitaldeescobar.com.ar\/wp-content\/uploads\/2025\/09\/Copia-de-CPNC-1_-21-9-25-1024x701.png","type":"image\/png"}],"author":"Redacci\u00f3n","twitter_card":"summary_large_image","twitter_creator":"@nuevodigescobar","twitter_site":"@nuevodigescobar","twitter_misc":{"Escrito por":"Redacci\u00f3n","Tiempo de lectura":"2 minutos"},"schema":{"@context":"https:\/\/schema.org","@graph":[{"@type":"Article","@id":"https:\/\/nuevodigitaldeescobar.com.ar\/?p=18083#article","isPartOf":{"@id":"https:\/\/nuevodigitaldeescobar.com.ar\/?p=18083"},"author":{"name":"Redacci\u00f3n","@id":"https:\/\/nuevodigitaldeescobar.com.ar\/#\/schema\/person\/035e90a8efe9a80e6eec22656ad6ea4c"},"headline":"El Coro Polif\u00f3nico Nacional de Ciegos se presentar\u00e1 en Maschwitz con un concierto \u00fanico","datePublished":"2025-09-18T19:11:28+00:00","dateModified":"2025-09-18T19:11:40+00:00","mainEntityOfPage":{"@id":"https:\/\/nuevodigitaldeescobar.com.ar\/?p=18083"},"wordCount":361,"commentCount":0,"publisher":{"@id":"https:\/\/nuevodigitaldeescobar.com.ar\/#organization"},"image":{"@id":"https:\/\/nuevodigitaldeescobar.com.ar\/?p=18083#primaryimage"},"thumbnailUrl":"https:\/\/nuevodigitaldeescobar.com.ar\/wp-content\/uploads\/2025\/09\/Copia-de-CPNC-1_-21-9-25-scaled.png","keywords":["Coro Polif\u00f3nico Nacional de Ciegos","Ingeniero Maschwitz"],"articleSection":["Cultura, Arte y Espect\u00e1culos"],"inLanguage":"es","potentialAction":[{"@type":"CommentAction","name":"Comment","target":["https:\/\/nuevodigitaldeescobar.com.ar\/?p=18083#respond"]}]},{"@type":"WebPage","@id":"https:\/\/nuevodigitaldeescobar.com.ar\/?p=18083","url":"https:\/\/nuevodigitaldeescobar.com.ar\/?p=18083","name":"El Coro Polif\u00f3nico Nacional de Ciegos se presentar\u00e1 en Maschwitz con un concierto \u00fanico - Nuevo Digital de Escobar","isPartOf":{"@id":"https:\/\/nuevodigitaldeescobar.com.ar\/#website"},"primaryImageOfPage":{"@id":"https:\/\/nuevodigitaldeescobar.com.ar\/?p=18083#primaryimage"},"image":{"@id":"https:\/\/nuevodigitaldeescobar.com.ar\/?p=18083#primaryimage"},"thumbnailUrl":"https:\/\/nuevodigitaldeescobar.com.ar\/wp-content\/uploads\/2025\/09\/Copia-de-CPNC-1_-21-9-25-scaled.png","datePublished":"2025-09-18T19:11:28+00:00","dateModified":"2025-09-18T19:11:40+00:00","description":"Se trata de una propuesta cultural singular, ya que este elenco es el \u00fanico en su tipo en todo el mundo. Su prestigiosa trayectoria y la calidad de sus interpretaciones lo han convertido en un referente indiscutido de la m\u00fasica coral, fusionando arte e inclusi\u00f3n en cada presentaci\u00f3n.","breadcrumb":{"@id":"https:\/\/nuevodigitaldeescobar.com.ar\/?p=18083#breadcrumb"},"inLanguage":"es","potentialAction":[{"@type":"ReadAction","target":["https:\/\/nuevodigitaldeescobar.com.ar\/?p=18083"]}]},{"@type":"ImageObject","inLanguage":"es","@id":"https:\/\/nuevodigitaldeescobar.com.ar\/?p=18083#primaryimage","url":"https:\/\/nuevodigitaldeescobar.com.ar\/wp-content\/uploads\/2025\/09\/Copia-de-CPNC-1_-21-9-25-scaled.png","contentUrl":"https:\/\/nuevodigitaldeescobar.com.ar\/wp-content\/uploads\/2025\/09\/Copia-de-CPNC-1_-21-9-25-scaled.png","width":2560,"height":1752},{"@type":"BreadcrumbList","@id":"https:\/\/nuevodigitaldeescobar.com.ar\/?p=18083#breadcrumb","itemListElement":[{"@type":"ListItem","position":1,"name":"Portada","item":"https:\/\/nuevodigitaldeescobar.com.ar\/"},{"@type":"ListItem","position":2,"name":"El Coro Polif\u00f3nico Nacional de Ciegos se presentar\u00e1 en Maschwitz con un concierto \u00fanico"}]},{"@type":"WebSite","@id":"https:\/\/nuevodigitaldeescobar.com.ar\/#website","url":"https:\/\/nuevodigitaldeescobar.com.ar\/","name":"Nuevo Digital de Escobar","description":"La vida escobarense. Directora: Rosana Brunner","publisher":{"@id":"https:\/\/nuevodigitaldeescobar.com.ar\/#organization"},"potentialAction":[{"@type":"SearchAction","target":{"@type":"EntryPoint","urlTemplate":"https:\/\/nuevodigitaldeescobar.com.ar\/?s={search_term_string}"},"query-input":{"@type":"PropertyValueSpecification","valueRequired":true,"valueName":"search_term_string"}}],"inLanguage":"es"},{"@type":"Organization","@id":"https:\/\/nuevodigitaldeescobar.com.ar\/#organization","name":"Nuevo Digital de Escobar","url":"https:\/\/nuevodigitaldeescobar.com.ar\/","logo":{"@type":"ImageObject","inLanguage":"es","@id":"https:\/\/nuevodigitaldeescobar.com.ar\/#\/schema\/logo\/image\/","url":"https:\/\/nuevodigitaldeescobar.com.ar\/wp-content\/uploads\/2025\/05\/cropped-logo-nuevo2.jpg","contentUrl":"https:\/\/nuevodigitaldeescobar.com.ar\/wp-content\/uploads\/2025\/05\/cropped-logo-nuevo2.jpg","width":305,"height":305,"caption":"Nuevo Digital de Escobar"},"image":{"@id":"https:\/\/nuevodigitaldeescobar.com.ar\/#\/schema\/logo\/image\/"},"sameAs":["https:\/\/www.facebook.com\/NUEVODigitalDeEscobar","https:\/\/x.com\/nuevodigescobar","https:\/\/www.instagram.com\/nuevodigitaldeescobar"]},{"@type":"Person","@id":"https:\/\/nuevodigitaldeescobar.com.ar\/#\/schema\/person\/035e90a8efe9a80e6eec22656ad6ea4c","name":"Redacci\u00f3n","image":{"@type":"ImageObject","inLanguage":"es","@id":"https:\/\/nuevodigitaldeescobar.com.ar\/#\/schema\/person\/image\/","url":"https:\/\/secure.gravatar.com\/avatar\/8af8f40000c24e9eef3034f2be5998a372bb1389e64b1a4a36b3a7979142220d?s=96&d=mm&r=g","contentUrl":"https:\/\/secure.gravatar.com\/avatar\/8af8f40000c24e9eef3034f2be5998a372bb1389e64b1a4a36b3a7979142220d?s=96&d=mm&r=g","caption":"Redacci\u00f3n"},"sameAs":["http:\/\/nuevodigitaldeescobar.com.ar"],"url":"https:\/\/nuevodigitaldeescobar.com.ar\/?author=1"}]}},"featured_image_urls":{"full":["https:\/\/nuevodigitaldeescobar.com.ar\/wp-content\/uploads\/2025\/09\/Copia-de-CPNC-1_-21-9-25-scaled.png",2560,1752,false],"thumbnail":["https:\/\/nuevodigitaldeescobar.com.ar\/wp-content\/uploads\/2025\/09\/Copia-de-CPNC-1_-21-9-25-150x150.png",150,150,true],"medium":["https:\/\/nuevodigitaldeescobar.com.ar\/wp-content\/uploads\/2025\/09\/Copia-de-CPNC-1_-21-9-25-300x205.png",300,205,true],"medium_large":["https:\/\/nuevodigitaldeescobar.com.ar\/wp-content\/uploads\/2025\/09\/Copia-de-CPNC-1_-21-9-25-768x525.png",640,438,true],"large":["https:\/\/nuevodigitaldeescobar.com.ar\/wp-content\/uploads\/2025\/09\/Copia-de-CPNC-1_-21-9-25-1024x701.png",640,438,true],"1536x1536":["https:\/\/nuevodigitaldeescobar.com.ar\/wp-content\/uploads\/2025\/09\/Copia-de-CPNC-1_-21-9-25-1536x1051.png",1536,1051,true],"2048x2048":["https:\/\/nuevodigitaldeescobar.com.ar\/wp-content\/uploads\/2025\/09\/Copia-de-CPNC-1_-21-9-25-scaled.png",2048,1402,false]},"author_info":{"display_name":"Redacci\u00f3n","author_link":"https:\/\/nuevodigitaldeescobar.com.ar\/?author=1"},"category_info":"<a href=\"https:\/\/nuevodigitaldeescobar.com.ar\/?cat=11\" rel=\"category\">Cultura, Arte y Espect\u00e1culos<\/a>","tag_info":"Cultura, Arte y Espect\u00e1culos","comment_count":"0","_links":{"self":[{"href":"https:\/\/nuevodigitaldeescobar.com.ar\/index.php?rest_route=\/wp\/v2\/posts\/18083","targetHints":{"allow":["GET"]}}],"collection":[{"href":"https:\/\/nuevodigitaldeescobar.com.ar\/index.php?rest_route=\/wp\/v2\/posts"}],"about":[{"href":"https:\/\/nuevodigitaldeescobar.com.ar\/index.php?rest_route=\/wp\/v2\/types\/post"}],"author":[{"embeddable":true,"href":"https:\/\/nuevodigitaldeescobar.com.ar\/index.php?rest_route=\/wp\/v2\/users\/1"}],"replies":[{"embeddable":true,"href":"https:\/\/nuevodigitaldeescobar.com.ar\/index.php?rest_route=%2Fwp%2Fv2%2Fcomments&post=18083"}],"version-history":[{"count":1,"href":"https:\/\/nuevodigitaldeescobar.com.ar\/index.php?rest_route=\/wp\/v2\/posts\/18083\/revisions"}],"predecessor-version":[{"id":18085,"href":"https:\/\/nuevodigitaldeescobar.com.ar\/index.php?rest_route=\/wp\/v2\/posts\/18083\/revisions\/18085"}],"wp:featuredmedia":[{"embeddable":true,"href":"https:\/\/nuevodigitaldeescobar.com.ar\/index.php?rest_route=\/wp\/v2\/media\/18084"}],"wp:attachment":[{"href":"https:\/\/nuevodigitaldeescobar.com.ar\/index.php?rest_route=%2Fwp%2Fv2%2Fmedia&parent=18083"}],"wp:term":[{"taxonomy":"category","embeddable":true,"href":"https:\/\/nuevodigitaldeescobar.com.ar\/index.php?rest_route=%2Fwp%2Fv2%2Fcategories&post=18083"},{"taxonomy":"post_tag","embeddable":true,"href":"https:\/\/nuevodigitaldeescobar.com.ar\/index.php?rest_route=%2Fwp%2Fv2%2Ftags&post=18083"}],"curies":[{"name":"wp","href":"https:\/\/api.w.org\/{rel}","templated":true}]}}