{"id":18086,"date":"2025-09-18T16:20:11","date_gmt":"2025-09-18T19:20:11","guid":{"rendered":"https:\/\/nuevodigitaldeescobar.com.ar\/?p=18086"},"modified":"2025-09-18T16:20:16","modified_gmt":"2025-09-18T19:20:16","slug":"fiesta-nacional-de-la-flor-ya-estan-a-la-venta-las-entradas-con-promociones-especiales-para-vecinos-de-escobar","status":"publish","type":"post","link":"https:\/\/nuevodigitaldeescobar.com.ar\/?p=18086","title":{"rendered":"Fiesta Nacional de la Flor: ya est\u00e1n a la venta las entradas con promociones especiales para vecinos de Escobar"},"content":{"rendered":"\n<p>Escobar se prepara para vivir una nueva edici\u00f3n de la Fiesta Nacional de la Flor, el encuentro de floricultura m\u00e1s grande de Sudam\u00e9rica, que se desarrollar\u00e1 del 4 al 12 de octubre en el Predio Floral de Bel\u00e9n de Escobar (Mateo Gelves 1050). <\/p>\n\n\n\n<!--more-->\n\n\n\n<p>Las entradas anticipadas ya est\u00e1n a la venta en la web oficial <a href=\"http:\/\/www.escobar.gob.ar\/fnf\" target=\"_blank\" rel=\"noreferrer noopener\">www.escobar.gob.ar\/fnf<\/a>. Durante los nueve d\u00edas de la celebraci\u00f3n, tambi\u00e9n podr\u00e1n adquirirse en la boleter\u00eda del lugar desde el comienzo de la Fiesta.<\/p>\n\n\n\n<p>Las entradas tienen un valor general de $10.000 para mayores de 10 a\u00f1os y $8.000 para jubilados y residentes de Escobar. En tanto, los jubilados escobarenses, los menores de 10 a\u00f1os y las personas con discapacidad con acompa\u00f1ante tendr\u00e1n ingreso gratuito. Adem\u00e1s, el mi\u00e9rcoles 8 de octubre, en el marco del aniversario del partido de Escobar, la entrada ser\u00e1 libre y gratuita para todos los escobarenses.<\/p>\n\n\n\n<p>Los d\u00edas 10 y 11 de octubre el escenario mayor recibir\u00e1 a grandes artistas que brindar\u00e1n recitales con entradas solidarias: el acceso ser\u00e1 a cambio de 4 alimentos no perecederos que se canalizar\u00e1n hasta comedores y merenderos a trav\u00e9s del programa municipal Escobar Hambre Cero.<\/p>\n\n\n\n<p>El predio abrir\u00e1 de domingo a jueves de 9 a 19 horas, y viernes y s\u00e1bados de 9 a 20 horas, con m\u00e1s de 120 expositores, talleres de jardiner\u00eda y producci\u00f3n sustentable, espacios para los m\u00e1s chicos, feria gastron\u00f3mica de entidades de bien p\u00fablico, adem\u00e1s del tradicional desfile de carrozas el s\u00e1bado 11 y la elecci\u00f3n de embajadoras y embajadores el domingo 12.<\/p>\n\n\n\n<p>Este a\u00f1o, la flor elegida para representar a la Fiesta es el girasol, s\u00edmbolo de vitalidad y energ\u00eda, que se convertir\u00e1 en protagonista de una edici\u00f3n que promete atraer a decenas de miles de visitantes de todo el pa\u00eds.<\/p>\n","protected":false},"excerpt":{"rendered":"<p>Escobar se prepara para vivir una nueva edici\u00f3n de la Fiesta Nacional de la Flor, el encuentro de floricultura m\u00e1s grande de Sudam\u00e9rica, que se [&hellip;]<\/p>\n","protected":false},"author":1,"featured_media":18087,"comment_status":"open","ping_status":"open","sticky":false,"template":"","format":"standard","meta":{"footnotes":""},"categories":[7],"tags":[],"class_list":["post-18086","post","type-post","status-publish","format-standard","has-post-thumbnail","hentry","category-interes-general"],"better_featured_image":{"id":18087,"alt_text":"","caption":"","description":"","media_type":"image","media_details":{"width":1920,"height":1280,"file":"2025\/09\/dsc_3536__1_.jpg","filesize":376857,"sizes":{"medium":{"file":"dsc_3536__1_-300x200.jpg","width":300,"height":200,"mime-type":"image\/jpeg","filesize":22761,"source_url":"https:\/\/nuevodigitaldeescobar.com.ar\/wp-content\/uploads\/2025\/09\/dsc_3536__1_-300x200.jpg"},"large":{"file":"dsc_3536__1_-1024x683.jpg","width":1024,"height":683,"mime-type":"image\/jpeg","filesize":166231,"source_url":"https:\/\/nuevodigitaldeescobar.com.ar\/wp-content\/uploads\/2025\/09\/dsc_3536__1_-1024x683.jpg"},"thumbnail":{"file":"dsc_3536__1_-150x150.jpg","width":150,"height":150,"mime-type":"image\/jpeg","filesize":9787,"source_url":"https:\/\/nuevodigitaldeescobar.com.ar\/wp-content\/uploads\/2025\/09\/dsc_3536__1_-150x150.jpg"},"medium_large":{"file":"dsc_3536__1_-768x512.jpg","width":768,"height":512,"mime-type":"image\/jpeg","filesize":105367,"source_url":"https:\/\/nuevodigitaldeescobar.com.ar\/wp-content\/uploads\/2025\/09\/dsc_3536__1_-768x512.jpg"},"1536x1536":{"file":"dsc_3536__1_-1536x1024.jpg","width":1536,"height":1024,"mime-type":"image\/jpeg","filesize":305776,"source_url":"https:\/\/nuevodigitaldeescobar.com.ar\/wp-content\/uploads\/2025\/09\/dsc_3536__1_-1536x1024.jpg"}},"image_meta":{"aperture":"0","credit":"","camera":"","caption":"","created_timestamp":"0","copyright":"","focal_length":"0","iso":"0","shutter_speed":"0","title":"","orientation":"0","keywords":[]}},"post":18086,"source_url":"https:\/\/nuevodigitaldeescobar.com.ar\/wp-content\/uploads\/2025\/09\/dsc_3536__1_.jpg"},"yoast_head":"<!-- This site is optimized with the Yoast SEO plugin v26.1.1 - https:\/\/yoast.com\/wordpress\/plugins\/seo\/ -->\n<title>Fiesta Nacional de la Flor: ya est\u00e1n a la venta las entradas con promociones especiales para vecinos de Escobar - Nuevo Digital de Escobar<\/title>\n<meta name=\"description\" content=\"Las entradas tienen un valor general de $10.000 para mayores de 10 a\u00f1os y $8.000 para jubilados y residentes de Escobar. En tanto, los jubilados escobarenses, los menores de 10 a\u00f1os y las personas con discapacidad con acompa\u00f1ante tendr\u00e1n ingreso gratuito.\" \/>\n<meta name=\"robots\" content=\"index, follow, max-snippet:-1, max-image-preview:large, max-video-preview:-1\" \/>\n<link rel=\"canonical\" href=\"https:\/\/nuevodigitaldeescobar.com.ar\/?p=18086\" \/>\n<meta property=\"og:locale\" content=\"es_ES\" \/>\n<meta property=\"og:type\" content=\"article\" \/>\n<meta property=\"og:title\" content=\"Fiesta Nacional de la Flor: ya est\u00e1n a la venta las entradas con promociones especiales para vecinos de Escobar\" \/>\n<meta property=\"og:description\" content=\"Las entradas tienen un valor general de $10.000 para mayores de 10 a\u00f1os y $8.000 para jubilados y residentes de Escobar. En tanto, los jubilados escobarenses, los menores de 10 a\u00f1os y las personas con discapacidad con acompa\u00f1ante tendr\u00e1n ingreso gratuito.\" \/>\n<meta property=\"og:url\" content=\"https:\/\/nuevodigitaldeescobar.com.ar\/?p=18086\" \/>\n<meta property=\"og:site_name\" content=\"Nuevo Digital de Escobar\" \/>\n<meta property=\"article:publisher\" content=\"https:\/\/www.facebook.com\/NUEVODigitalDeEscobar\" \/>\n<meta property=\"article:published_time\" content=\"2025-09-18T19:20:11+00:00\" \/>\n<meta property=\"article:modified_time\" content=\"2025-09-18T19:20:16+00:00\" \/>\n<meta property=\"og:image\" content=\"http:\/\/nuevodigitaldeescobar.com.ar\/wp-content\/uploads\/2025\/09\/dsc_3536__1_.jpg\" \/>\n\t<meta property=\"og:image:width\" content=\"1920\" \/>\n\t<meta property=\"og:image:height\" content=\"1280\" \/>\n\t<meta property=\"og:image:type\" content=\"image\/jpeg\" \/>\n<meta name=\"author\" content=\"Redacci\u00f3n\" \/>\n<meta name=\"twitter:card\" content=\"summary_large_image\" \/>\n<meta name=\"twitter:creator\" content=\"@nuevodigescobar\" \/>\n<meta name=\"twitter:site\" content=\"@nuevodigescobar\" \/>\n<meta name=\"twitter:label1\" content=\"Escrito por\" \/>\n\t<meta name=\"twitter:data1\" content=\"Redacci\u00f3n\" \/>\n\t<meta name=\"twitter:label2\" content=\"Tiempo de lectura\" \/>\n\t<meta name=\"twitter:data2\" content=\"2 minutos\" \/>\n<script type=\"application\/ld+json\" class=\"yoast-schema-graph\">{\"@context\":\"https:\/\/schema.org\",\"@graph\":[{\"@type\":\"Article\",\"@id\":\"https:\/\/nuevodigitaldeescobar.com.ar\/?p=18086#article\",\"isPartOf\":{\"@id\":\"https:\/\/nuevodigitaldeescobar.com.ar\/?p=18086\"},\"author\":{\"name\":\"Redacci\u00f3n\",\"@id\":\"https:\/\/nuevodigitaldeescobar.com.ar\/#\/schema\/person\/035e90a8efe9a80e6eec22656ad6ea4c\"},\"headline\":\"Fiesta Nacional de la Flor: ya est\u00e1n a la venta las entradas con promociones especiales para vecinos de Escobar\",\"datePublished\":\"2025-09-18T19:20:11+00:00\",\"dateModified\":\"2025-09-18T19:20:16+00:00\",\"mainEntityOfPage\":{\"@id\":\"https:\/\/nuevodigitaldeescobar.com.ar\/?p=18086\"},\"wordCount\":331,\"commentCount\":0,\"publisher\":{\"@id\":\"https:\/\/nuevodigitaldeescobar.com.ar\/#organization\"},\"image\":{\"@id\":\"https:\/\/nuevodigitaldeescobar.com.ar\/?p=18086#primaryimage\"},\"thumbnailUrl\":\"https:\/\/nuevodigitaldeescobar.com.ar\/wp-content\/uploads\/2025\/09\/dsc_3536__1_.jpg\",\"articleSection\":[\"Inter\u00e9s general\"],\"inLanguage\":\"es\",\"potentialAction\":[{\"@type\":\"CommentAction\",\"name\":\"Comment\",\"target\":[\"https:\/\/nuevodigitaldeescobar.com.ar\/?p=18086#respond\"]}]},{\"@type\":\"WebPage\",\"@id\":\"https:\/\/nuevodigitaldeescobar.com.ar\/?p=18086\",\"url\":\"https:\/\/nuevodigitaldeescobar.com.ar\/?p=18086\",\"name\":\"Fiesta Nacional de la Flor: ya est\u00e1n a la venta las entradas con promociones especiales para vecinos de Escobar - Nuevo Digital de Escobar\",\"isPartOf\":{\"@id\":\"https:\/\/nuevodigitaldeescobar.com.ar\/#website\"},\"primaryImageOfPage\":{\"@id\":\"https:\/\/nuevodigitaldeescobar.com.ar\/?p=18086#primaryimage\"},\"image\":{\"@id\":\"https:\/\/nuevodigitaldeescobar.com.ar\/?p=18086#primaryimage\"},\"thumbnailUrl\":\"https:\/\/nuevodigitaldeescobar.com.ar\/wp-content\/uploads\/2025\/09\/dsc_3536__1_.jpg\",\"datePublished\":\"2025-09-18T19:20:11+00:00\",\"dateModified\":\"2025-09-18T19:20:16+00:00\",\"description\":\"Las entradas tienen un valor general de $10.000 para mayores de 10 a\u00f1os y $8.000 para jubilados y residentes de Escobar. En tanto, los jubilados escobarenses, los menores de 10 a\u00f1os y las personas con discapacidad con acompa\u00f1ante tendr\u00e1n ingreso gratuito.\",\"breadcrumb\":{\"@id\":\"https:\/\/nuevodigitaldeescobar.com.ar\/?p=18086#breadcrumb\"},\"inLanguage\":\"es\",\"potentialAction\":[{\"@type\":\"ReadAction\",\"target\":[\"https:\/\/nuevodigitaldeescobar.com.ar\/?p=18086\"]}]},{\"@type\":\"ImageObject\",\"inLanguage\":\"es\",\"@id\":\"https:\/\/nuevodigitaldeescobar.com.ar\/?p=18086#primaryimage\",\"url\":\"https:\/\/nuevodigitaldeescobar.com.ar\/wp-content\/uploads\/2025\/09\/dsc_3536__1_.jpg\",\"contentUrl\":\"https:\/\/nuevodigitaldeescobar.com.ar\/wp-content\/uploads\/2025\/09\/dsc_3536__1_.jpg\",\"width\":1920,\"height\":1280},{\"@type\":\"BreadcrumbList\",\"@id\":\"https:\/\/nuevodigitaldeescobar.com.ar\/?p=18086#breadcrumb\",\"itemListElement\":[{\"@type\":\"ListItem\",\"position\":1,\"name\":\"Portada\",\"item\":\"https:\/\/nuevodigitaldeescobar.com.ar\/\"},{\"@type\":\"ListItem\",\"position\":2,\"name\":\"Fiesta Nacional de la Flor: ya est\u00e1n a la venta las entradas con promociones especiales para vecinos de Escobar\"}]},{\"@type\":\"WebSite\",\"@id\":\"https:\/\/nuevodigitaldeescobar.com.ar\/#website\",\"url\":\"https:\/\/nuevodigitaldeescobar.com.ar\/\",\"name\":\"Nuevo Digital de Escobar\",\"description\":\"La vida escobarense. Directora: Rosana Brunner\",\"publisher\":{\"@id\":\"https:\/\/nuevodigitaldeescobar.com.ar\/#organization\"},\"potentialAction\":[{\"@type\":\"SearchAction\",\"target\":{\"@type\":\"EntryPoint\",\"urlTemplate\":\"https:\/\/nuevodigitaldeescobar.com.ar\/?s={search_term_string}\"},\"query-input\":{\"@type\":\"PropertyValueSpecification\",\"valueRequired\":true,\"valueName\":\"search_term_string\"}}],\"inLanguage\":\"es\"},{\"@type\":\"Organization\",\"@id\":\"https:\/\/nuevodigitaldeescobar.com.ar\/#organization\",\"name\":\"Nuevo Digital de Escobar\",\"url\":\"https:\/\/nuevodigitaldeescobar.com.ar\/\",\"logo\":{\"@type\":\"ImageObject\",\"inLanguage\":\"es\",\"@id\":\"https:\/\/nuevodigitaldeescobar.com.ar\/#\/schema\/logo\/image\/\",\"url\":\"https:\/\/nuevodigitaldeescobar.com.ar\/wp-content\/uploads\/2025\/05\/cropped-logo-nuevo2.jpg\",\"contentUrl\":\"https:\/\/nuevodigitaldeescobar.com.ar\/wp-content\/uploads\/2025\/05\/cropped-logo-nuevo2.jpg\",\"width\":305,\"height\":305,\"caption\":\"Nuevo Digital de Escobar\"},\"image\":{\"@id\":\"https:\/\/nuevodigitaldeescobar.com.ar\/#\/schema\/logo\/image\/\"},\"sameAs\":[\"https:\/\/www.facebook.com\/NUEVODigitalDeEscobar\",\"https:\/\/x.com\/nuevodigescobar\",\"https:\/\/www.instagram.com\/nuevodigitaldeescobar\"]},{\"@type\":\"Person\",\"@id\":\"https:\/\/nuevodigitaldeescobar.com.ar\/#\/schema\/person\/035e90a8efe9a80e6eec22656ad6ea4c\",\"name\":\"Redacci\u00f3n\",\"image\":{\"@type\":\"ImageObject\",\"inLanguage\":\"es\",\"@id\":\"https:\/\/nuevodigitaldeescobar.com.ar\/#\/schema\/person\/image\/\",\"url\":\"https:\/\/secure.gravatar.com\/avatar\/8af8f40000c24e9eef3034f2be5998a372bb1389e64b1a4a36b3a7979142220d?s=96&d=mm&r=g\",\"contentUrl\":\"https:\/\/secure.gravatar.com\/avatar\/8af8f40000c24e9eef3034f2be5998a372bb1389e64b1a4a36b3a7979142220d?s=96&d=mm&r=g\",\"caption\":\"Redacci\u00f3n\"},\"sameAs\":[\"http:\/\/nuevodigitaldeescobar.com.ar\"],\"url\":\"https:\/\/nuevodigitaldeescobar.com.ar\/?author=1\"}]}<\/script>\n<!-- \/ Yoast SEO plugin. -->","yoast_head_json":{"title":"Fiesta Nacional de la Flor: ya est\u00e1n a la venta las entradas con promociones especiales para vecinos de Escobar - Nuevo Digital de Escobar","description":"Las entradas tienen un valor general de $10.000 para mayores de 10 a\u00f1os y $8.000 para jubilados y residentes de Escobar. En tanto, los jubilados escobarenses, los menores de 10 a\u00f1os y las personas con discapacidad con acompa\u00f1ante tendr\u00e1n ingreso gratuito.","robots":{"index":"index","follow":"follow","max-snippet":"max-snippet:-1","max-image-preview":"max-image-preview:large","max-video-preview":"max-video-preview:-1"},"canonical":"https:\/\/nuevodigitaldeescobar.com.ar\/?p=18086","og_locale":"es_ES","og_type":"article","og_title":"Fiesta Nacional de la Flor: ya est\u00e1n a la venta las entradas con promociones especiales para vecinos de Escobar","og_description":"Las entradas tienen un valor general de $10.000 para mayores de 10 a\u00f1os y $8.000 para jubilados y residentes de Escobar. En tanto, los jubilados escobarenses, los menores de 10 a\u00f1os y las personas con discapacidad con acompa\u00f1ante tendr\u00e1n ingreso gratuito.","og_url":"https:\/\/nuevodigitaldeescobar.com.ar\/?p=18086","og_site_name":"Nuevo Digital de Escobar","article_publisher":"https:\/\/www.facebook.com\/NUEVODigitalDeEscobar","article_published_time":"2025-09-18T19:20:11+00:00","article_modified_time":"2025-09-18T19:20:16+00:00","og_image":[{"width":1920,"height":1280,"url":"http:\/\/nuevodigitaldeescobar.com.ar\/wp-content\/uploads\/2025\/09\/dsc_3536__1_.jpg","type":"image\/jpeg"}],"author":"Redacci\u00f3n","twitter_card":"summary_large_image","twitter_creator":"@nuevodigescobar","twitter_site":"@nuevodigescobar","twitter_misc":{"Escrito por":"Redacci\u00f3n","Tiempo de lectura":"2 minutos"},"schema":{"@context":"https:\/\/schema.org","@graph":[{"@type":"Article","@id":"https:\/\/nuevodigitaldeescobar.com.ar\/?p=18086#article","isPartOf":{"@id":"https:\/\/nuevodigitaldeescobar.com.ar\/?p=18086"},"author":{"name":"Redacci\u00f3n","@id":"https:\/\/nuevodigitaldeescobar.com.ar\/#\/schema\/person\/035e90a8efe9a80e6eec22656ad6ea4c"},"headline":"Fiesta Nacional de la Flor: ya est\u00e1n a la venta las entradas con promociones especiales para vecinos de Escobar","datePublished":"2025-09-18T19:20:11+00:00","dateModified":"2025-09-18T19:20:16+00:00","mainEntityOfPage":{"@id":"https:\/\/nuevodigitaldeescobar.com.ar\/?p=18086"},"wordCount":331,"commentCount":0,"publisher":{"@id":"https:\/\/nuevodigitaldeescobar.com.ar\/#organization"},"image":{"@id":"https:\/\/nuevodigitaldeescobar.com.ar\/?p=18086#primaryimage"},"thumbnailUrl":"https:\/\/nuevodigitaldeescobar.com.ar\/wp-content\/uploads\/2025\/09\/dsc_3536__1_.jpg","articleSection":["Inter\u00e9s general"],"inLanguage":"es","potentialAction":[{"@type":"CommentAction","name":"Comment","target":["https:\/\/nuevodigitaldeescobar.com.ar\/?p=18086#respond"]}]},{"@type":"WebPage","@id":"https:\/\/nuevodigitaldeescobar.com.ar\/?p=18086","url":"https:\/\/nuevodigitaldeescobar.com.ar\/?p=18086","name":"Fiesta Nacional de la Flor: ya est\u00e1n a la venta las entradas con promociones especiales para vecinos de Escobar - Nuevo Digital de Escobar","isPartOf":{"@id":"https:\/\/nuevodigitaldeescobar.com.ar\/#website"},"primaryImageOfPage":{"@id":"https:\/\/nuevodigitaldeescobar.com.ar\/?p=18086#primaryimage"},"image":{"@id":"https:\/\/nuevodigitaldeescobar.com.ar\/?p=18086#primaryimage"},"thumbnailUrl":"https:\/\/nuevodigitaldeescobar.com.ar\/wp-content\/uploads\/2025\/09\/dsc_3536__1_.jpg","datePublished":"2025-09-18T19:20:11+00:00","dateModified":"2025-09-18T19:20:16+00:00","description":"Las entradas tienen un valor general de $10.000 para mayores de 10 a\u00f1os y $8.000 para jubilados y residentes de Escobar. En tanto, los jubilados escobarenses, los menores de 10 a\u00f1os y las personas con discapacidad con acompa\u00f1ante tendr\u00e1n ingreso gratuito.","breadcrumb":{"@id":"https:\/\/nuevodigitaldeescobar.com.ar\/?p=18086#breadcrumb"},"inLanguage":"es","potentialAction":[{"@type":"ReadAction","target":["https:\/\/nuevodigitaldeescobar.com.ar\/?p=18086"]}]},{"@type":"ImageObject","inLanguage":"es","@id":"https:\/\/nuevodigitaldeescobar.com.ar\/?p=18086#primaryimage","url":"https:\/\/nuevodigitaldeescobar.com.ar\/wp-content\/uploads\/2025\/09\/dsc_3536__1_.jpg","contentUrl":"https:\/\/nuevodigitaldeescobar.com.ar\/wp-content\/uploads\/2025\/09\/dsc_3536__1_.jpg","width":1920,"height":1280},{"@type":"BreadcrumbList","@id":"https:\/\/nuevodigitaldeescobar.com.ar\/?p=18086#breadcrumb","itemListElement":[{"@type":"ListItem","position":1,"name":"Portada","item":"https:\/\/nuevodigitaldeescobar.com.ar\/"},{"@type":"ListItem","position":2,"name":"Fiesta Nacional de la Flor: ya est\u00e1n a la venta las entradas con promociones especiales para vecinos de Escobar"}]},{"@type":"WebSite","@id":"https:\/\/nuevodigitaldeescobar.com.ar\/#website","url":"https:\/\/nuevodigitaldeescobar.com.ar\/","name":"Nuevo Digital de Escobar","description":"La vida escobarense. Directora: Rosana Brunner","publisher":{"@id":"https:\/\/nuevodigitaldeescobar.com.ar\/#organization"},"potentialAction":[{"@type":"SearchAction","target":{"@type":"EntryPoint","urlTemplate":"https:\/\/nuevodigitaldeescobar.com.ar\/?s={search_term_string}"},"query-input":{"@type":"PropertyValueSpecification","valueRequired":true,"valueName":"search_term_string"}}],"inLanguage":"es"},{"@type":"Organization","@id":"https:\/\/nuevodigitaldeescobar.com.ar\/#organization","name":"Nuevo Digital de Escobar","url":"https:\/\/nuevodigitaldeescobar.com.ar\/","logo":{"@type":"ImageObject","inLanguage":"es","@id":"https:\/\/nuevodigitaldeescobar.com.ar\/#\/schema\/logo\/image\/","url":"https:\/\/nuevodigitaldeescobar.com.ar\/wp-content\/uploads\/2025\/05\/cropped-logo-nuevo2.jpg","contentUrl":"https:\/\/nuevodigitaldeescobar.com.ar\/wp-content\/uploads\/2025\/05\/cropped-logo-nuevo2.jpg","width":305,"height":305,"caption":"Nuevo Digital de Escobar"},"image":{"@id":"https:\/\/nuevodigitaldeescobar.com.ar\/#\/schema\/logo\/image\/"},"sameAs":["https:\/\/www.facebook.com\/NUEVODigitalDeEscobar","https:\/\/x.com\/nuevodigescobar","https:\/\/www.instagram.com\/nuevodigitaldeescobar"]},{"@type":"Person","@id":"https:\/\/nuevodigitaldeescobar.com.ar\/#\/schema\/person\/035e90a8efe9a80e6eec22656ad6ea4c","name":"Redacci\u00f3n","image":{"@type":"ImageObject","inLanguage":"es","@id":"https:\/\/nuevodigitaldeescobar.com.ar\/#\/schema\/person\/image\/","url":"https:\/\/secure.gravatar.com\/avatar\/8af8f40000c24e9eef3034f2be5998a372bb1389e64b1a4a36b3a7979142220d?s=96&d=mm&r=g","contentUrl":"https:\/\/secure.gravatar.com\/avatar\/8af8f40000c24e9eef3034f2be5998a372bb1389e64b1a4a36b3a7979142220d?s=96&d=mm&r=g","caption":"Redacci\u00f3n"},"sameAs":["http:\/\/nuevodigitaldeescobar.com.ar"],"url":"https:\/\/nuevodigitaldeescobar.com.ar\/?author=1"}]}},"featured_image_urls":{"full":["https:\/\/nuevodigitaldeescobar.com.ar\/wp-content\/uploads\/2025\/09\/dsc_3536__1_.jpg",1920,1280,false],"thumbnail":["https:\/\/nuevodigitaldeescobar.com.ar\/wp-content\/uploads\/2025\/09\/dsc_3536__1_-150x150.jpg",150,150,true],"medium":["https:\/\/nuevodigitaldeescobar.com.ar\/wp-content\/uploads\/2025\/09\/dsc_3536__1_-300x200.jpg",300,200,true],"medium_large":["https:\/\/nuevodigitaldeescobar.com.ar\/wp-content\/uploads\/2025\/09\/dsc_3536__1_-768x512.jpg",640,427,true],"large":["https:\/\/nuevodigitaldeescobar.com.ar\/wp-content\/uploads\/2025\/09\/dsc_3536__1_-1024x683.jpg",640,427,true],"1536x1536":["https:\/\/nuevodigitaldeescobar.com.ar\/wp-content\/uploads\/2025\/09\/dsc_3536__1_-1536x1024.jpg",1536,1024,true],"2048x2048":["https:\/\/nuevodigitaldeescobar.com.ar\/wp-content\/uploads\/2025\/09\/dsc_3536__1_.jpg",1920,1280,false]},"author_info":{"display_name":"Redacci\u00f3n","author_link":"https:\/\/nuevodigitaldeescobar.com.ar\/?author=1"},"category_info":"<a href=\"https:\/\/nuevodigitaldeescobar.com.ar\/?cat=7\" rel=\"category\">Inter\u00e9s general<\/a>","tag_info":"Inter\u00e9s general","comment_count":"0","_links":{"self":[{"href":"https:\/\/nuevodigitaldeescobar.com.ar\/index.php?rest_route=\/wp\/v2\/posts\/18086","targetHints":{"allow":["GET"]}}],"collection":[{"href":"https:\/\/nuevodigitaldeescobar.com.ar\/index.php?rest_route=\/wp\/v2\/posts"}],"about":[{"href":"https:\/\/nuevodigitaldeescobar.com.ar\/index.php?rest_route=\/wp\/v2\/types\/post"}],"author":[{"embeddable":true,"href":"https:\/\/nuevodigitaldeescobar.com.ar\/index.php?rest_route=\/wp\/v2\/users\/1"}],"replies":[{"embeddable":true,"href":"https:\/\/nuevodigitaldeescobar.com.ar\/index.php?rest_route=%2Fwp%2Fv2%2Fcomments&post=18086"}],"version-history":[{"count":1,"href":"https:\/\/nuevodigitaldeescobar.com.ar\/index.php?rest_route=\/wp\/v2\/posts\/18086\/revisions"}],"predecessor-version":[{"id":18088,"href":"https:\/\/nuevodigitaldeescobar.com.ar\/index.php?rest_route=\/wp\/v2\/posts\/18086\/revisions\/18088"}],"wp:featuredmedia":[{"embeddable":true,"href":"https:\/\/nuevodigitaldeescobar.com.ar\/index.php?rest_route=\/wp\/v2\/media\/18087"}],"wp:attachment":[{"href":"https:\/\/nuevodigitaldeescobar.com.ar\/index.php?rest_route=%2Fwp%2Fv2%2Fmedia&parent=18086"}],"wp:term":[{"taxonomy":"category","embeddable":true,"href":"https:\/\/nuevodigitaldeescobar.com.ar\/index.php?rest_route=%2Fwp%2Fv2%2Fcategories&post=18086"},{"taxonomy":"post_tag","embeddable":true,"href":"https:\/\/nuevodigitaldeescobar.com.ar\/index.php?rest_route=%2Fwp%2Fv2%2Ftags&post=18086"}],"curies":[{"name":"wp","href":"https:\/\/api.w.org\/{rel}","templated":true}]}}