{"id":18089,"date":"2025-09-19T00:29:57","date_gmt":"2025-09-19T03:29:57","guid":{"rendered":"https:\/\/nuevodigitaldeescobar.com.ar\/?p=18089"},"modified":"2025-09-19T00:30:09","modified_gmt":"2025-09-19T03:30:09","slug":"el-senado-rechazo-el-veto-de-milei-a-los-fondos-para-las-provincias","status":"publish","type":"post","link":"https:\/\/nuevodigitaldeescobar.com.ar\/?p=18089","title":{"rendered":"El Senado rechaz\u00f3 el veto de Milei a los fondos para las provincias"},"content":{"rendered":"\n<p class=\"has-vivid-cyan-blue-color has-text-color has-link-color wp-elements-1292ecd10f2788739451da42bd5724b7\"><strong><em>El Senado de la Naci\u00f3n rechaz\u00f3 este mi\u00e9rcoles, por amplia mayor\u00eda, el veto del presidente Javier Milei a la ley que establece la distribuci\u00f3n autom\u00e1tica de los Aportes del Tesoro Nacional (ATN). Con 59 votos afirmativos, 9 negativos y 3 abstenciones, la C\u00e1mara alta volvi\u00f3 a darle respaldo a una iniciativa que ya hab\u00eda contado con un fuerte apoyo multipartidario en su aprobaci\u00f3n original.<\/em><\/strong><\/p>\n\n\n\n<!--more-->\n\n\n\n<p>El resultado marca un nuevo cap\u00edtulo en la tensi\u00f3n entre el Poder Ejecutivo y los gobernadores, quienes reclaman previsibilidad en el reparto de los recursos. Desde la oposici\u00f3n se\u00f1alaron que la Casa Rosada utiliza los ATN de forma discrecional, mientras que el oficialismo defendi\u00f3 el veto con el argumento de que son una herramienta para situaciones de emergencia.<\/p>\n\n\n\n<p>Durante el debate, los cruces no faltaron. La senadora <strong>Luc\u00eda Corpacci<\/strong> advirti\u00f3: <em>\u201cNadie quiere voltearlo al Presidente, queremos que escuche\u201d<\/em>. Por su parte, <strong>Guillermo Andrada<\/strong> fue m\u00e1s duro: <em>\u201cNo voy a dejar que un filibustero financiero se lleve los recursos que necesitamos las provincias\u201d<\/em>.<\/p>\n\n\n\n<p>En contrapartida, desde La Libertad Avanza y el PRO se acus\u00f3 a la oposici\u00f3n de intentar desestabilizar al Gobierno. La senadora <strong>Carmen \u00c1lvarez Rivero<\/strong> habl\u00f3 de \u201cgran hipocres\u00eda\u201d en el uso hist\u00f3rico de los fondos, mientras que <strong>Luis Juez<\/strong> mantuvo su rechazo inicial a la ley.<\/p>\n\n\n\n<hr class=\"wp-block-separator has-alpha-channel-opacity\"\/>\n\n\n\n<h2 class=\"wp-block-heading has-text-color has-link-color wp-elements-166a2980850d250c530524c0dc7be65a\" style=\"color:#1422c3\"><span style=\"text-decoration: underline;\">C\u00f3mo vot\u00f3 cada senador<\/span><\/h2>\n\n\n\n<h3 class=\"wp-block-heading has-vivid-red-color has-text-color has-link-color wp-elements-1b27bb3de588735fa7eaa25d7f278c9d\"><em><span style=\"text-decoration: underline;\">A favor del rechazo al veto<\/span><\/em><\/h3>\n\n\n\n<ul class=\"wp-block-list\">\n<li>Maximiliano Abad (UCR \u2013 Buenos Aires)<\/li>\n\n\n\n<li>Beatriz \u00c1vila (Por la Justicia Social \u2013 Tucum\u00e1n)<\/li>\n\n\n\n<li>Guillermo Andrada (Convicci\u00f3n Federal \u2013 Catamarca)<\/li>\n\n\n\n<li>Carlos Arce (Frente Renovador de la Concordia \u2013 Misiones)<\/li>\n\n\n\n<li>Daniel Bensus\u00e1n (Frente Nacional y Popular \u2013 La Pampa)<\/li>\n\n\n\n<li>Pablo Blanco (UCR \u2013 Tierra del Fuego)<\/li>\n\n\n\n<li>Jos\u00e9 Carambia (Por Santa Cruz \u2013 Santa Cruz)<\/li>\n\n\n\n<li>Stefania Cora (Unidad Ciudadana \u2013 Entre R\u00edos)<\/li>\n\n\n\n<li>Luc\u00eda Corpacci (Frente Nacional y Popular \u2013 Catamarca)<\/li>\n\n\n\n<li>Carmen Crexell (Movimiento Neuquino \u2013 Neuqu\u00e9n)<\/li>\n\n\n\n<li>Andrea Cristina (Frente PRO \u2013 Chubut)<\/li>\n\n\n\n<li>Eduardo \u201cWado\u201d de Pedro (Unidad Ciudadana \u2013 Buenos Aires)<\/li>\n\n\n\n<li>Juliana Di Tullio (Unidad Ciudadana \u2013 Buenos Aires)<\/li>\n\n\n\n<li>Claudio Do\u00f1ate (Unidad Ciudadana \u2013 R\u00edo Negro)<\/li>\n\n\n\n<li>Mar\u00eda Eugenia Dur\u00e9 (Unidad Ciudadana \u2013 Tierra del Fuego)<\/li>\n\n\n\n<li>Carlos \u201cCamau\u201d Esp\u00ednola (Unidad Federal \u2013 Corrientes)<\/li>\n\n\n\n<li>Flavio Fama (UCR \u2013 Catamarca)<\/li>\n\n\n\n<li>Anabel Fern\u00e1ndez Sagasti (Unidad Ciudadana \u2013 Mendoza)<\/li>\n\n\n\n<li>Natalia Gadano (Por Santa Cruz \u2013 Santa Cruz)<\/li>\n\n\n\n<li>Eduardo Galaretto (UCR \u2013 Santa Fe)<\/li>\n\n\n\n<li>Silvia Garc\u00eda Larraburu (Unidad Ciudadana \u2013 R\u00edo Negro)<\/li>\n\n\n\n<li>Mar\u00eda Celeste Gim\u00e9nez Navarro (Unidad Ciudadana \u2013 San Juan)<\/li>\n\n\n\n<li>Nora Gim\u00e9nez (Unidad Ciudadana \u2013 Salta)<\/li>\n\n\n\n<li>Enrique Goerling (Frente PRO \u2013 Misiones)<\/li>\n\n\n\n<li>Mar\u00eda Gonz\u00e1lez (Frente Nacional y Popular \u2013 Formosa)<\/li>\n\n\n\n<li>Mar\u00eda Victoria Huala (Frente PRO \u2013 La Pampa)<\/li>\n\n\n\n<li>Alicia Kirchner (Unidad Ciudadana \u2013 Santa Cruz)<\/li>\n\n\n\n<li>Daniel Kroneberger (UCR \u2013 La Pampa)<\/li>\n\n\n\n<li>Sergio Leavy (Unidad Ciudadana \u2013 Salta)<\/li>\n\n\n\n<li>Oscar Parrilli (Unidad Ciudadana \u2013 Neuqu\u00e9n)<\/li>\n\n\n\n<li>Claudia Ledesma Abdala (Frente Nacional y Popular \u2013 Santiago del Estero)<\/li>\n\n\n\n<li>Marcelo Lewandowski (Frente Nacional y Popular \u2013 Santa Fe)<\/li>\n\n\n\n<li>Carlos Linares (Unidad Ciudadana \u2013 Chubut)<\/li>\n\n\n\n<li>C\u00e1ndida L\u00f3pez (Unidad Ciudadana \u2013 Tierra del Fuego)<\/li>\n\n\n\n<li>Florencia L\u00f3pez (Frente Nacional y Popular \u2013 La Rioja)<\/li>\n\n\n\n<li>Carolina Losada (UCR \u2013 Santa Fe)<\/li>\n\n\n\n<li>Mart\u00edn Lousteau (UCR \u2013 CABA)<\/li>\n\n\n\n<li>Juan Manzur (Unidad Ciudadana \u2013 Tucum\u00e1n)<\/li>\n\n\n\n<li>Jos\u00e9 Mayans (Frente Nacional y Popular \u2013 Formosa)<\/li>\n\n\n\n<li>Sandra Mendoza (Unidad Ciudadana \u2013 Chaco)<\/li>\n\n\n\n<li>Carolina Mois\u00e9s (Unidad Ciudadana \u2013 Jujuy)<\/li>\n\n\n\n<li>Gerardo Montenegro (Frente Nacional y Popular \u2013 Santiago del Estero)<\/li>\n\n\n\n<li>Jos\u00e9 Emilio Neder (Frente Nacional y Popular \u2013 Santiago del Estero)<\/li>\n\n\n\n<li>Stella Maris Olalla (UCR \u2013 Entre R\u00edos)<\/li>\n\n\n\n<li>Mar\u00eda In\u00e9s Pilatti Vergara (Frente Nacional y Popular \u2013 Chaco)<\/li>\n\n\n\n<li>Mariano Recalde (Frente Nacional y Popular \u2013 CABA)<\/li>\n\n\n\n<li>Jes\u00fas Rejal (Convicci\u00f3n Federal \u2013 La Rioja)<\/li>\n\n\n\n<li>Antonio Rodas (Frente Nacional y Popular \u2013 Chaco)<\/li>\n\n\n\n<li>Sonia Rojas Decut (Frente Renovador de la Concordia \u2013 Misiones)<\/li>\n\n\n\n<li>Juan Carlos Romero (Cambio Federal \u2013 Salta)<\/li>\n\n\n\n<li>Fernando Salino (Convicci\u00f3n Federal \u2013 San Luis)<\/li>\n\n\n\n<li>Silvia Sapag (Unidad Ciudadana \u2013 Neuqu\u00e9n)<\/li>\n\n\n\n<li>M\u00f3nica Silva (Juntos Somos R\u00edo Negro \u2013 R\u00edo Negro)<\/li>\n\n\n\n<li>Guadalupe Tagliaferri (Frente PRO \u2013 CABA)<\/li>\n\n\n\n<li>Edith Terenzi (Despierta Chubut \u2013 Chubut)<\/li>\n\n\n\n<li>Sergio U\u00f1ac (Frente Nacional y Popular \u2013 San Juan)<\/li>\n\n\n\n<li>Mercedes Valenzuela (UCR \u2013 Corrientes)<\/li>\n\n\n\n<li>Alejandra Vigo (Unidad Federal \u2013 C\u00f3rdoba)<\/li>\n\n\n\n<li>Eduardo Vischi (UCR \u2013 Corrientes)<\/li>\n\n\n\n<li>V\u00edctor Zimmermann (UCR \u2013 Chaco)<\/li>\n<\/ul>\n\n\n\n<h3 class=\"wp-block-heading has-vivid-green-cyan-color has-text-color has-link-color wp-elements-04e776e58a52c544dd7745c17d1c049b\"><span style=\"text-decoration: underline;\"><em>En contra<\/em><\/span><\/h3>\n\n\n\n<ul class=\"wp-block-list\">\n<li>Bartolom\u00e9 Abdala (La Libertad Avanza \u2013 San Luis)<\/li>\n\n\n\n<li>Carmen \u00c1lvarez Rivero (Frente PRO \u2013 C\u00f3rdoba)<\/li>\n\n\n\n<li>Ivanna Arrascaeta (La Libertad Avanza \u2013 San Luis)<\/li>\n\n\n\n<li>Ezequiel Atauche (La Libertad Avanza \u2013 Jujuy)<\/li>\n\n\n\n<li>Vilma Bedia (La Libertad Avanza \u2013 Jujuy)<\/li>\n\n\n\n<li>Luis Juez (Frente PRO \u2013 C\u00f3rdoba)<\/li>\n\n\n\n<li>Bruno Olivera Lucero (La Libertad Avanza \u2013 San Juan)<\/li>\n\n\n\n<li>Juan Carlos Pagotto (La Libertad Avanza \u2013 La Rioja)<\/li>\n\n\n\n<li>Francisco Paoltroni (Libertad, Trabajo y Progreso \u2013 Formosa)<\/li>\n<\/ul>\n\n\n\n<h3 class=\"wp-block-heading has-luminous-vivid-orange-color has-text-color has-link-color wp-elements-31f3e31e68a3d8319c71bcb533ad07b9\"><span style=\"text-decoration: underline;\"><em>Abstenciones y ausentes<\/em><\/span><\/h3>\n\n\n\n<ul class=\"wp-block-list\">\n<li>Alfredo De Angeli (Frente PRO \u2013 Entre R\u00edos)<\/li>\n\n\n\n<li>Rodolfo Su\u00e1rez (UCR \u2013 Mendoza)<\/li>\n\n\n\n<li>Mariana Juri (UCR \u2013 Mendoza)<\/li>\n\n\n\n<li>Juan Carlos Romero (Cambio Federal \u2013 Salta) \u2013 Ausente<\/li>\n<\/ul>\n","protected":false},"excerpt":{"rendered":"<p>El Senado de la Naci\u00f3n rechaz\u00f3 este mi\u00e9rcoles, por amplia mayor\u00eda, el veto del presidente Javier Milei a la ley que establece la distribuci\u00f3n autom\u00e1tica [&hellip;]<\/p>\n","protected":false},"author":1,"featured_media":18090,"comment_status":"open","ping_status":"open","sticky":false,"template":"","format":"standard","meta":{"footnotes":""},"categories":[6],"tags":[],"class_list":["post-18089","post","type-post","status-publish","format-standard","has-post-thumbnail","hentry","category-politica"],"better_featured_image":{"id":18090,"alt_text":"","caption":"","description":"","media_type":"image","media_details":{"width":687,"height":715,"file":"2025\/09\/vetoatn34.png","filesize":223992,"sizes":{"medium":{"file":"vetoatn34-288x300.png","width":288,"height":300,"mime-type":"image\/png","filesize":22245,"source_url":"https:\/\/nuevodigitaldeescobar.com.ar\/wp-content\/uploads\/2025\/09\/vetoatn34-288x300.png"},"thumbnail":{"file":"vetoatn34-150x150.png","width":150,"height":150,"mime-type":"image\/png","filesize":7918,"source_url":"https:\/\/nuevodigitaldeescobar.com.ar\/wp-content\/uploads\/2025\/09\/vetoatn34-150x150.png"}},"image_meta":{"aperture":"0","credit":"","camera":"","caption":"","created_timestamp":"0","copyright":"","focal_length":"0","iso":"0","shutter_speed":"0","title":"","orientation":"0","keywords":[]}},"post":18089,"source_url":"https:\/\/nuevodigitaldeescobar.com.ar\/wp-content\/uploads\/2025\/09\/vetoatn34.png"},"yoast_head":"<!-- This site is optimized with the Yoast SEO plugin v26.1.1 - https:\/\/yoast.com\/wordpress\/plugins\/seo\/ -->\n<title>El Senado rechaz\u00f3 el veto de Milei a los fondos para las provincias - Nuevo Digital de Escobar<\/title>\n<meta name=\"robots\" content=\"index, follow, max-snippet:-1, max-image-preview:large, max-video-preview:-1\" \/>\n<link rel=\"canonical\" href=\"https:\/\/nuevodigitaldeescobar.com.ar\/?p=18089\" \/>\n<meta property=\"og:locale\" content=\"es_ES\" \/>\n<meta property=\"og:type\" content=\"article\" \/>\n<meta property=\"og:title\" content=\"El Senado rechaz\u00f3 el veto de Milei a los fondos para las provincias - Nuevo Digital de Escobar\" \/>\n<meta property=\"og:description\" content=\"El Senado de la Naci\u00f3n rechaz\u00f3 este mi\u00e9rcoles, por amplia mayor\u00eda, el veto del presidente Javier Milei a la ley que establece la distribuci\u00f3n autom\u00e1tica [&hellip;]\" \/>\n<meta property=\"og:url\" content=\"https:\/\/nuevodigitaldeescobar.com.ar\/?p=18089\" \/>\n<meta property=\"og:site_name\" content=\"Nuevo Digital de Escobar\" \/>\n<meta property=\"article:publisher\" content=\"https:\/\/www.facebook.com\/NUEVODigitalDeEscobar\" \/>\n<meta property=\"article:published_time\" content=\"2025-09-19T03:29:57+00:00\" \/>\n<meta property=\"article:modified_time\" content=\"2025-09-19T03:30:09+00:00\" \/>\n<meta property=\"og:image\" content=\"http:\/\/nuevodigitaldeescobar.com.ar\/wp-content\/uploads\/2025\/09\/vetoatn34.png\" \/>\n\t<meta property=\"og:image:width\" content=\"687\" \/>\n\t<meta property=\"og:image:height\" content=\"715\" \/>\n\t<meta property=\"og:image:type\" content=\"image\/png\" \/>\n<meta name=\"author\" content=\"Redacci\u00f3n\" \/>\n<meta name=\"twitter:card\" content=\"summary_large_image\" \/>\n<meta name=\"twitter:creator\" content=\"@nuevodigescobar\" \/>\n<meta name=\"twitter:site\" content=\"@nuevodigescobar\" \/>\n<meta name=\"twitter:label1\" content=\"Escrito por\" \/>\n\t<meta name=\"twitter:data1\" content=\"Redacci\u00f3n\" \/>\n\t<meta name=\"twitter:label2\" content=\"Tiempo de lectura\" \/>\n\t<meta name=\"twitter:data2\" content=\"4 minutos\" \/>\n<script type=\"application\/ld+json\" class=\"yoast-schema-graph\">{\"@context\":\"https:\/\/schema.org\",\"@graph\":[{\"@type\":\"Article\",\"@id\":\"https:\/\/nuevodigitaldeescobar.com.ar\/?p=18089#article\",\"isPartOf\":{\"@id\":\"https:\/\/nuevodigitaldeescobar.com.ar\/?p=18089\"},\"author\":{\"name\":\"Redacci\u00f3n\",\"@id\":\"https:\/\/nuevodigitaldeescobar.com.ar\/#\/schema\/person\/035e90a8efe9a80e6eec22656ad6ea4c\"},\"headline\":\"El Senado rechaz\u00f3 el veto de Milei a los fondos para las provincias\",\"datePublished\":\"2025-09-19T03:29:57+00:00\",\"dateModified\":\"2025-09-19T03:30:09+00:00\",\"mainEntityOfPage\":{\"@id\":\"https:\/\/nuevodigitaldeescobar.com.ar\/?p=18089\"},\"wordCount\":758,\"commentCount\":0,\"publisher\":{\"@id\":\"https:\/\/nuevodigitaldeescobar.com.ar\/#organization\"},\"image\":{\"@id\":\"https:\/\/nuevodigitaldeescobar.com.ar\/?p=18089#primaryimage\"},\"thumbnailUrl\":\"https:\/\/nuevodigitaldeescobar.com.ar\/wp-content\/uploads\/2025\/09\/vetoatn34.png\",\"articleSection\":[\"Pol\u00edtica\"],\"inLanguage\":\"es\",\"potentialAction\":[{\"@type\":\"CommentAction\",\"name\":\"Comment\",\"target\":[\"https:\/\/nuevodigitaldeescobar.com.ar\/?p=18089#respond\"]}]},{\"@type\":\"WebPage\",\"@id\":\"https:\/\/nuevodigitaldeescobar.com.ar\/?p=18089\",\"url\":\"https:\/\/nuevodigitaldeescobar.com.ar\/?p=18089\",\"name\":\"El Senado rechaz\u00f3 el veto de Milei a los fondos para las provincias - Nuevo Digital de Escobar\",\"isPartOf\":{\"@id\":\"https:\/\/nuevodigitaldeescobar.com.ar\/#website\"},\"primaryImageOfPage\":{\"@id\":\"https:\/\/nuevodigitaldeescobar.com.ar\/?p=18089#primaryimage\"},\"image\":{\"@id\":\"https:\/\/nuevodigitaldeescobar.com.ar\/?p=18089#primaryimage\"},\"thumbnailUrl\":\"https:\/\/nuevodigitaldeescobar.com.ar\/wp-content\/uploads\/2025\/09\/vetoatn34.png\",\"datePublished\":\"2025-09-19T03:29:57+00:00\",\"dateModified\":\"2025-09-19T03:30:09+00:00\",\"breadcrumb\":{\"@id\":\"https:\/\/nuevodigitaldeescobar.com.ar\/?p=18089#breadcrumb\"},\"inLanguage\":\"es\",\"potentialAction\":[{\"@type\":\"ReadAction\",\"target\":[\"https:\/\/nuevodigitaldeescobar.com.ar\/?p=18089\"]}]},{\"@type\":\"ImageObject\",\"inLanguage\":\"es\",\"@id\":\"https:\/\/nuevodigitaldeescobar.com.ar\/?p=18089#primaryimage\",\"url\":\"https:\/\/nuevodigitaldeescobar.com.ar\/wp-content\/uploads\/2025\/09\/vetoatn34.png\",\"contentUrl\":\"https:\/\/nuevodigitaldeescobar.com.ar\/wp-content\/uploads\/2025\/09\/vetoatn34.png\",\"width\":687,\"height\":715},{\"@type\":\"BreadcrumbList\",\"@id\":\"https:\/\/nuevodigitaldeescobar.com.ar\/?p=18089#breadcrumb\",\"itemListElement\":[{\"@type\":\"ListItem\",\"position\":1,\"name\":\"Portada\",\"item\":\"https:\/\/nuevodigitaldeescobar.com.ar\/\"},{\"@type\":\"ListItem\",\"position\":2,\"name\":\"El Senado rechaz\u00f3 el veto de Milei a los fondos para las provincias\"}]},{\"@type\":\"WebSite\",\"@id\":\"https:\/\/nuevodigitaldeescobar.com.ar\/#website\",\"url\":\"https:\/\/nuevodigitaldeescobar.com.ar\/\",\"name\":\"Nuevo Digital de Escobar\",\"description\":\"La vida escobarense. Directora: Rosana Brunner\",\"publisher\":{\"@id\":\"https:\/\/nuevodigitaldeescobar.com.ar\/#organization\"},\"potentialAction\":[{\"@type\":\"SearchAction\",\"target\":{\"@type\":\"EntryPoint\",\"urlTemplate\":\"https:\/\/nuevodigitaldeescobar.com.ar\/?s={search_term_string}\"},\"query-input\":{\"@type\":\"PropertyValueSpecification\",\"valueRequired\":true,\"valueName\":\"search_term_string\"}}],\"inLanguage\":\"es\"},{\"@type\":\"Organization\",\"@id\":\"https:\/\/nuevodigitaldeescobar.com.ar\/#organization\",\"name\":\"Nuevo Digital de Escobar\",\"url\":\"https:\/\/nuevodigitaldeescobar.com.ar\/\",\"logo\":{\"@type\":\"ImageObject\",\"inLanguage\":\"es\",\"@id\":\"https:\/\/nuevodigitaldeescobar.com.ar\/#\/schema\/logo\/image\/\",\"url\":\"https:\/\/nuevodigitaldeescobar.com.ar\/wp-content\/uploads\/2025\/05\/cropped-logo-nuevo2.jpg\",\"contentUrl\":\"https:\/\/nuevodigitaldeescobar.com.ar\/wp-content\/uploads\/2025\/05\/cropped-logo-nuevo2.jpg\",\"width\":305,\"height\":305,\"caption\":\"Nuevo Digital de Escobar\"},\"image\":{\"@id\":\"https:\/\/nuevodigitaldeescobar.com.ar\/#\/schema\/logo\/image\/\"},\"sameAs\":[\"https:\/\/www.facebook.com\/NUEVODigitalDeEscobar\",\"https:\/\/x.com\/nuevodigescobar\",\"https:\/\/www.instagram.com\/nuevodigitaldeescobar\"]},{\"@type\":\"Person\",\"@id\":\"https:\/\/nuevodigitaldeescobar.com.ar\/#\/schema\/person\/035e90a8efe9a80e6eec22656ad6ea4c\",\"name\":\"Redacci\u00f3n\",\"image\":{\"@type\":\"ImageObject\",\"inLanguage\":\"es\",\"@id\":\"https:\/\/nuevodigitaldeescobar.com.ar\/#\/schema\/person\/image\/\",\"url\":\"https:\/\/secure.gravatar.com\/avatar\/8af8f40000c24e9eef3034f2be5998a372bb1389e64b1a4a36b3a7979142220d?s=96&d=mm&r=g\",\"contentUrl\":\"https:\/\/secure.gravatar.com\/avatar\/8af8f40000c24e9eef3034f2be5998a372bb1389e64b1a4a36b3a7979142220d?s=96&d=mm&r=g\",\"caption\":\"Redacci\u00f3n\"},\"sameAs\":[\"http:\/\/nuevodigitaldeescobar.com.ar\"],\"url\":\"https:\/\/nuevodigitaldeescobar.com.ar\/?author=1\"}]}<\/script>\n<!-- \/ Yoast SEO plugin. -->","yoast_head_json":{"title":"El Senado rechaz\u00f3 el veto de Milei a los fondos para las provincias - Nuevo Digital de Escobar","robots":{"index":"index","follow":"follow","max-snippet":"max-snippet:-1","max-image-preview":"max-image-preview:large","max-video-preview":"max-video-preview:-1"},"canonical":"https:\/\/nuevodigitaldeescobar.com.ar\/?p=18089","og_locale":"es_ES","og_type":"article","og_title":"El Senado rechaz\u00f3 el veto de Milei a los fondos para las provincias - Nuevo Digital de Escobar","og_description":"El Senado de la Naci\u00f3n rechaz\u00f3 este mi\u00e9rcoles, por amplia mayor\u00eda, el veto del presidente Javier Milei a la ley que establece la distribuci\u00f3n autom\u00e1tica [&hellip;]","og_url":"https:\/\/nuevodigitaldeescobar.com.ar\/?p=18089","og_site_name":"Nuevo Digital de Escobar","article_publisher":"https:\/\/www.facebook.com\/NUEVODigitalDeEscobar","article_published_time":"2025-09-19T03:29:57+00:00","article_modified_time":"2025-09-19T03:30:09+00:00","og_image":[{"width":687,"height":715,"url":"http:\/\/nuevodigitaldeescobar.com.ar\/wp-content\/uploads\/2025\/09\/vetoatn34.png","type":"image\/png"}],"author":"Redacci\u00f3n","twitter_card":"summary_large_image","twitter_creator":"@nuevodigescobar","twitter_site":"@nuevodigescobar","twitter_misc":{"Escrito por":"Redacci\u00f3n","Tiempo de lectura":"4 minutos"},"schema":{"@context":"https:\/\/schema.org","@graph":[{"@type":"Article","@id":"https:\/\/nuevodigitaldeescobar.com.ar\/?p=18089#article","isPartOf":{"@id":"https:\/\/nuevodigitaldeescobar.com.ar\/?p=18089"},"author":{"name":"Redacci\u00f3n","@id":"https:\/\/nuevodigitaldeescobar.com.ar\/#\/schema\/person\/035e90a8efe9a80e6eec22656ad6ea4c"},"headline":"El Senado rechaz\u00f3 el veto de Milei a los fondos para las provincias","datePublished":"2025-09-19T03:29:57+00:00","dateModified":"2025-09-19T03:30:09+00:00","mainEntityOfPage":{"@id":"https:\/\/nuevodigitaldeescobar.com.ar\/?p=18089"},"wordCount":758,"commentCount":0,"publisher":{"@id":"https:\/\/nuevodigitaldeescobar.com.ar\/#organization"},"image":{"@id":"https:\/\/nuevodigitaldeescobar.com.ar\/?p=18089#primaryimage"},"thumbnailUrl":"https:\/\/nuevodigitaldeescobar.com.ar\/wp-content\/uploads\/2025\/09\/vetoatn34.png","articleSection":["Pol\u00edtica"],"inLanguage":"es","potentialAction":[{"@type":"CommentAction","name":"Comment","target":["https:\/\/nuevodigitaldeescobar.com.ar\/?p=18089#respond"]}]},{"@type":"WebPage","@id":"https:\/\/nuevodigitaldeescobar.com.ar\/?p=18089","url":"https:\/\/nuevodigitaldeescobar.com.ar\/?p=18089","name":"El Senado rechaz\u00f3 el veto de Milei a los fondos para las provincias - Nuevo Digital de Escobar","isPartOf":{"@id":"https:\/\/nuevodigitaldeescobar.com.ar\/#website"},"primaryImageOfPage":{"@id":"https:\/\/nuevodigitaldeescobar.com.ar\/?p=18089#primaryimage"},"image":{"@id":"https:\/\/nuevodigitaldeescobar.com.ar\/?p=18089#primaryimage"},"thumbnailUrl":"https:\/\/nuevodigitaldeescobar.com.ar\/wp-content\/uploads\/2025\/09\/vetoatn34.png","datePublished":"2025-09-19T03:29:57+00:00","dateModified":"2025-09-19T03:30:09+00:00","breadcrumb":{"@id":"https:\/\/nuevodigitaldeescobar.com.ar\/?p=18089#breadcrumb"},"inLanguage":"es","potentialAction":[{"@type":"ReadAction","target":["https:\/\/nuevodigitaldeescobar.com.ar\/?p=18089"]}]},{"@type":"ImageObject","inLanguage":"es","@id":"https:\/\/nuevodigitaldeescobar.com.ar\/?p=18089#primaryimage","url":"https:\/\/nuevodigitaldeescobar.com.ar\/wp-content\/uploads\/2025\/09\/vetoatn34.png","contentUrl":"https:\/\/nuevodigitaldeescobar.com.ar\/wp-content\/uploads\/2025\/09\/vetoatn34.png","width":687,"height":715},{"@type":"BreadcrumbList","@id":"https:\/\/nuevodigitaldeescobar.com.ar\/?p=18089#breadcrumb","itemListElement":[{"@type":"ListItem","position":1,"name":"Portada","item":"https:\/\/nuevodigitaldeescobar.com.ar\/"},{"@type":"ListItem","position":2,"name":"El Senado rechaz\u00f3 el veto de Milei a los fondos para las provincias"}]},{"@type":"WebSite","@id":"https:\/\/nuevodigitaldeescobar.com.ar\/#website","url":"https:\/\/nuevodigitaldeescobar.com.ar\/","name":"Nuevo Digital de Escobar","description":"La vida escobarense. Directora: Rosana Brunner","publisher":{"@id":"https:\/\/nuevodigitaldeescobar.com.ar\/#organization"},"potentialAction":[{"@type":"SearchAction","target":{"@type":"EntryPoint","urlTemplate":"https:\/\/nuevodigitaldeescobar.com.ar\/?s={search_term_string}"},"query-input":{"@type":"PropertyValueSpecification","valueRequired":true,"valueName":"search_term_string"}}],"inLanguage":"es"},{"@type":"Organization","@id":"https:\/\/nuevodigitaldeescobar.com.ar\/#organization","name":"Nuevo Digital de Escobar","url":"https:\/\/nuevodigitaldeescobar.com.ar\/","logo":{"@type":"ImageObject","inLanguage":"es","@id":"https:\/\/nuevodigitaldeescobar.com.ar\/#\/schema\/logo\/image\/","url":"https:\/\/nuevodigitaldeescobar.com.ar\/wp-content\/uploads\/2025\/05\/cropped-logo-nuevo2.jpg","contentUrl":"https:\/\/nuevodigitaldeescobar.com.ar\/wp-content\/uploads\/2025\/05\/cropped-logo-nuevo2.jpg","width":305,"height":305,"caption":"Nuevo Digital de Escobar"},"image":{"@id":"https:\/\/nuevodigitaldeescobar.com.ar\/#\/schema\/logo\/image\/"},"sameAs":["https:\/\/www.facebook.com\/NUEVODigitalDeEscobar","https:\/\/x.com\/nuevodigescobar","https:\/\/www.instagram.com\/nuevodigitaldeescobar"]},{"@type":"Person","@id":"https:\/\/nuevodigitaldeescobar.com.ar\/#\/schema\/person\/035e90a8efe9a80e6eec22656ad6ea4c","name":"Redacci\u00f3n","image":{"@type":"ImageObject","inLanguage":"es","@id":"https:\/\/nuevodigitaldeescobar.com.ar\/#\/schema\/person\/image\/","url":"https:\/\/secure.gravatar.com\/avatar\/8af8f40000c24e9eef3034f2be5998a372bb1389e64b1a4a36b3a7979142220d?s=96&d=mm&r=g","contentUrl":"https:\/\/secure.gravatar.com\/avatar\/8af8f40000c24e9eef3034f2be5998a372bb1389e64b1a4a36b3a7979142220d?s=96&d=mm&r=g","caption":"Redacci\u00f3n"},"sameAs":["http:\/\/nuevodigitaldeescobar.com.ar"],"url":"https:\/\/nuevodigitaldeescobar.com.ar\/?author=1"}]}},"featured_image_urls":{"full":["https:\/\/nuevodigitaldeescobar.com.ar\/wp-content\/uploads\/2025\/09\/vetoatn34.png",687,715,false],"thumbnail":["https:\/\/nuevodigitaldeescobar.com.ar\/wp-content\/uploads\/2025\/09\/vetoatn34-150x150.png",150,150,true],"medium":["https:\/\/nuevodigitaldeescobar.com.ar\/wp-content\/uploads\/2025\/09\/vetoatn34-288x300.png",288,300,true],"medium_large":["https:\/\/nuevodigitaldeescobar.com.ar\/wp-content\/uploads\/2025\/09\/vetoatn34.png",640,666,false],"large":["https:\/\/nuevodigitaldeescobar.com.ar\/wp-content\/uploads\/2025\/09\/vetoatn34.png",640,666,false],"1536x1536":["https:\/\/nuevodigitaldeescobar.com.ar\/wp-content\/uploads\/2025\/09\/vetoatn34.png",687,715,false],"2048x2048":["https:\/\/nuevodigitaldeescobar.com.ar\/wp-content\/uploads\/2025\/09\/vetoatn34.png",687,715,false]},"author_info":{"display_name":"Redacci\u00f3n","author_link":"https:\/\/nuevodigitaldeescobar.com.ar\/?author=1"},"category_info":"<a href=\"https:\/\/nuevodigitaldeescobar.com.ar\/?cat=6\" rel=\"category\">Pol\u00edtica<\/a>","tag_info":"Pol\u00edtica","comment_count":"0","_links":{"self":[{"href":"https:\/\/nuevodigitaldeescobar.com.ar\/index.php?rest_route=\/wp\/v2\/posts\/18089","targetHints":{"allow":["GET"]}}],"collection":[{"href":"https:\/\/nuevodigitaldeescobar.com.ar\/index.php?rest_route=\/wp\/v2\/posts"}],"about":[{"href":"https:\/\/nuevodigitaldeescobar.com.ar\/index.php?rest_route=\/wp\/v2\/types\/post"}],"author":[{"embeddable":true,"href":"https:\/\/nuevodigitaldeescobar.com.ar\/index.php?rest_route=\/wp\/v2\/users\/1"}],"replies":[{"embeddable":true,"href":"https:\/\/nuevodigitaldeescobar.com.ar\/index.php?rest_route=%2Fwp%2Fv2%2Fcomments&post=18089"}],"version-history":[{"count":1,"href":"https:\/\/nuevodigitaldeescobar.com.ar\/index.php?rest_route=\/wp\/v2\/posts\/18089\/revisions"}],"predecessor-version":[{"id":18091,"href":"https:\/\/nuevodigitaldeescobar.com.ar\/index.php?rest_route=\/wp\/v2\/posts\/18089\/revisions\/18091"}],"wp:featuredmedia":[{"embeddable":true,"href":"https:\/\/nuevodigitaldeescobar.com.ar\/index.php?rest_route=\/wp\/v2\/media\/18090"}],"wp:attachment":[{"href":"https:\/\/nuevodigitaldeescobar.com.ar\/index.php?rest_route=%2Fwp%2Fv2%2Fmedia&parent=18089"}],"wp:term":[{"taxonomy":"category","embeddable":true,"href":"https:\/\/nuevodigitaldeescobar.com.ar\/index.php?rest_route=%2Fwp%2Fv2%2Fcategories&post=18089"},{"taxonomy":"post_tag","embeddable":true,"href":"https:\/\/nuevodigitaldeescobar.com.ar\/index.php?rest_route=%2Fwp%2Fv2%2Ftags&post=18089"}],"curies":[{"name":"wp","href":"https:\/\/api.w.org\/{rel}","templated":true}]}}