{"id":18109,"date":"2025-09-21T11:04:05","date_gmt":"2025-09-21T14:04:05","guid":{"rendered":"https:\/\/nuevodigitaldeescobar.com.ar\/?p=18109"},"modified":"2025-09-21T11:04:08","modified_gmt":"2025-09-21T14:04:08","slug":"temporal-en-el-amba-calles-anegadas-techos-volados-y-pronostico-extendido-para-escobar","status":"publish","type":"post","link":"https:\/\/nuevodigitaldeescobar.com.ar\/?p=18109","title":{"rendered":"Temporal en el AMBA: calles anegadas, techos volados y pron\u00f3stico extendido para Escobar"},"content":{"rendered":"\n<p class=\"has-vivid-cyan-blue-color has-text-color has-link-color wp-elements-c16f154acbf506de3e03764d1a4120c7\"><em><strong>El fuerte temporal que azot\u00f3 al \u00c1rea Metropolitana de Buenos Aires (AMBA) en la noche del s\u00e1bado dej\u00f3 como saldo calles inundadas, voladuras de techos y ca\u00edda de \u00e1rboles en distintos puntos de la regi\u00f3n. Tal como hab\u00eda advertido el Servicio Meteorol\u00f3gico Nacional (SMN), la alerta naranja se activ\u00f3 en toda la provincia y, aunque lo peor ya pas\u00f3, el clima seguir\u00e1 inestable en los pr\u00f3ximos d\u00edas.<\/strong><\/em><\/p>\n\n\n\n<!--more-->\n\n\n\n<p>En Escobar y alrededores, los vecinos reportaron intensas r\u00e1fagas de viento y acumulaci\u00f3n de agua en varias arterias principales. El fen\u00f3meno se sinti\u00f3 con fuerza a partir de las 19 horas, cuando en apenas una hora cayeron grandes cantidades de lluvia, acompa\u00f1adas de vientos superiores a los <strong>70 km\/h<\/strong> en zonas como Moreno, Ezeiza y San Fernando.<\/p>\n\n\n\n<figure class=\"wp-block-video aligncenter\"><video controls src=\"https:\/\/nuevodigitaldeescobar.com.ar\/wp-content\/uploads\/2025\/09\/temporal2109.mp4\"><\/video><\/figure>\n\n\n\n<p>En el oeste bonaerense, una familia de Merlo sufri\u00f3 la voladura completa del techo de su vivienda, mientras que en Tigre la tormenta oblig\u00f3 a suspender un partido de f\u00fatbol profesional por el anegamiento del campo de juego.<\/p>\n\n\n\n<p>Aunque la intensidad baj\u00f3 hacia la madrugada, los especialistas advierten que el cielo continuar\u00e1 cubierto, con r\u00e1fagas moderadas y temperaturas frescas.<\/p>\n\n\n\n<hr class=\"wp-block-separator has-alpha-channel-opacity\"\/>\n\n\n\n<h3 class=\"wp-block-heading has-text-color has-link-color wp-elements-e3840859b55d34d9e1d108d7026e570d\" style=\"color:#0c25b2\">\ud83d\udcc6 Pron\u00f3stico extendido para Escobar y el AMBA<\/h3>\n\n\n\n<figure class=\"wp-block-table is-style-stripes\"><table class=\"has-vivid-cyan-blue-to-vivid-purple-gradient-background has-background has-fixed-layout\"><thead><tr><th>D\u00eda<\/th><th>Condici\u00f3n<\/th><th>Temp. Min \/ Max<\/th><th>Viento<\/th><\/tr><\/thead><tbody><tr><td>\ud83c\udf27\ufe0f Domingo 21\/09<\/td><td>Lluvias aisladas por la madrugada. Nublado el resto del d\u00eda<\/td><td>11\u00b0C \/ 16\u00b0C<\/td><td>40-50 km\/h<\/td><\/tr><tr><td>\u2601\ufe0f Lunes 22\/09<\/td><td>Cielo mayormente nublado<\/td><td>10\u00b0C \/ 18\u00b0C<\/td><td>30-40 km\/h<\/td><\/tr><tr><td>\ud83c\udf24\ufe0f Martes 23\/09<\/td><td>Nubosidad variable, mejoras temporarias<\/td><td>9\u00b0C \/ 20\u00b0C<\/td><td>20-35 km\/h<\/td><\/tr><tr><td>\u26c5 Mi\u00e9rcoles 24\/09<\/td><td>Parcialmente nublado<\/td><td>11\u00b0C \/ 21\u00b0C<\/td><td>25-40 km\/h<\/td><\/tr><tr><td>\ud83c\udf25\ufe0f Jueves 25\/09<\/td><td>Mayormente nublado, sin lluvias previstas<\/td><td>12\u00b0C \/ 22\u00b0C<\/td><td>30-40 km\/h<\/td><\/tr><tr><td>\ud83c\udf26\ufe0f Viernes 26\/09<\/td><td>Probabilidad de chaparrones aislados<\/td><td>13\u00b0C \/ 21\u00b0C<\/td><td>35-45 km\/h<\/td><\/tr><\/tbody><\/table><\/figure>\n\n\n\n<p>El SMN confirm\u00f3 que la alerta naranja dej\u00f3 de regir en gran parte de la provincia, aunque se mantiene un nivel amarillo en sectores de la Costa Atl\u00e1ntica y el sur bonaerense. Para el AMBA, se espera una <strong>semana fresca, ventosa y con posibles lluvias intermitentes<\/strong>, especialmente hacia el cierre de la semana.<\/p>\n","protected":false},"excerpt":{"rendered":"<p>El fuerte temporal que azot\u00f3 al \u00c1rea Metropolitana de Buenos Aires (AMBA) en la noche del s\u00e1bado dej\u00f3 como saldo calles inundadas, voladuras de techos [&hellip;]<\/p>\n","protected":false},"author":1,"featured_media":1930,"comment_status":"open","ping_status":"open","sticky":false,"template":"","format":"standard","meta":{"footnotes":""},"categories":[14],"tags":[],"class_list":["post-18109","post","type-post","status-publish","format-standard","has-post-thumbnail","hentry","category-clima-medioambiente-y-sostenibilidad"],"better_featured_image":{"id":1930,"alt_text":"","caption":"","description":"","media_type":"image","media_details":{"width":720,"height":407,"file":"2023\/12\/temporal-1-e1702901828442.jpg","filesize":136646,"sizes":{"medium":{"file":"temporal-1-300x169.jpg","width":300,"height":169,"mime-type":"image\/jpeg","filesize":10907,"source_url":"https:\/\/nuevodigitaldeescobar.com.ar\/wp-content\/uploads\/2023\/12\/temporal-1-300x169.jpg"},"large":{"file":"temporal-1-1024x578.jpg","width":1024,"height":578,"mime-type":"image\/jpeg","filesize":71918,"source_url":"https:\/\/nuevodigitaldeescobar.com.ar\/wp-content\/uploads\/2023\/12\/temporal-1-1024x578.jpg"},"thumbnail":{"file":"temporal-1-150x150.jpg","width":150,"height":150,"mime-type":"image\/jpeg","filesize":5948,"source_url":"https:\/\/nuevodigitaldeescobar.com.ar\/wp-content\/uploads\/2023\/12\/temporal-1-150x150.jpg"},"medium_large":{"file":"temporal-1-768x434.jpg","width":768,"height":434,"mime-type":"image\/jpeg","filesize":47334,"source_url":"https:\/\/nuevodigitaldeescobar.com.ar\/wp-content\/uploads\/2023\/12\/temporal-1-768x434.jpg"},"covernews-slider-full":{"file":"temporal-1-1115x715.jpg","width":1115,"height":715,"mime-type":"image\/jpeg","filesize":90708,"source_url":"https:\/\/nuevodigitaldeescobar.com.ar\/wp-content\/uploads\/2023\/12\/temporal-1-1115x715.jpg"},"covernews-slider-center":{"file":"temporal-1-800x500.jpg","width":800,"height":500,"mime-type":"image\/jpeg","filesize":55031,"source_url":"https:\/\/nuevodigitaldeescobar.com.ar\/wp-content\/uploads\/2023\/12\/temporal-1-800x500.jpg"},"covernews-featured":{"file":"temporal-1-1024x578.jpg","width":1024,"height":578,"mime-type":"image\/jpeg","filesize":71918,"source_url":"https:\/\/nuevodigitaldeescobar.com.ar\/wp-content\/uploads\/2023\/12\/temporal-1-1024x578.jpg"},"covernews-medium":{"file":"temporal-1-540x340.jpg","width":540,"height":340,"mime-type":"image\/jpeg","filesize":31114,"source_url":"https:\/\/nuevodigitaldeescobar.com.ar\/wp-content\/uploads\/2023\/12\/temporal-1-540x340.jpg"},"covernews-medium-square":{"file":"temporal-1-400x250.jpg","width":400,"height":250,"mime-type":"image\/jpeg","filesize":19286,"source_url":"https:\/\/nuevodigitaldeescobar.com.ar\/wp-content\/uploads\/2023\/12\/temporal-1-400x250.jpg"}},"image_meta":{"aperture":"0","credit":"","camera":"","caption":"","created_timestamp":"0","copyright":"","focal_length":"0","iso":"0","shutter_speed":"0","title":"","orientation":"0","keywords":[]}},"post":1928,"source_url":"https:\/\/nuevodigitaldeescobar.com.ar\/wp-content\/uploads\/2023\/12\/temporal-1-e1702901828442.jpg"},"yoast_head":"<!-- This site is optimized with the Yoast SEO plugin v26.1.1 - https:\/\/yoast.com\/wordpress\/plugins\/seo\/ -->\n<title>Temporal en el AMBA: calles anegadas, techos volados y pron\u00f3stico extendido para Escobar - Nuevo Digital de Escobar<\/title>\n<meta name=\"robots\" content=\"index, follow, max-snippet:-1, max-image-preview:large, max-video-preview:-1\" \/>\n<link rel=\"canonical\" href=\"https:\/\/nuevodigitaldeescobar.com.ar\/?p=18109\" \/>\n<meta property=\"og:locale\" content=\"es_ES\" \/>\n<meta property=\"og:type\" content=\"article\" \/>\n<meta property=\"og:title\" content=\"Temporal en el AMBA: calles anegadas, techos volados y pron\u00f3stico extendido para Escobar - Nuevo Digital de Escobar\" \/>\n<meta property=\"og:description\" content=\"El fuerte temporal que azot\u00f3 al \u00c1rea Metropolitana de Buenos Aires (AMBA) en la noche del s\u00e1bado dej\u00f3 como saldo calles inundadas, voladuras de techos [&hellip;]\" \/>\n<meta property=\"og:url\" content=\"https:\/\/nuevodigitaldeescobar.com.ar\/?p=18109\" \/>\n<meta property=\"og:site_name\" content=\"Nuevo Digital de Escobar\" \/>\n<meta property=\"article:publisher\" content=\"https:\/\/www.facebook.com\/NUEVODigitalDeEscobar\" \/>\n<meta property=\"article:published_time\" content=\"2025-09-21T14:04:05+00:00\" \/>\n<meta property=\"article:modified_time\" content=\"2025-09-21T14:04:08+00:00\" \/>\n<meta property=\"og:image\" content=\"http:\/\/nuevodigitaldeescobar.com.ar\/wp-content\/uploads\/2023\/12\/temporal-1-e1702901828442.jpg\" \/>\n\t<meta property=\"og:image:width\" content=\"720\" \/>\n\t<meta property=\"og:image:height\" content=\"407\" \/>\n\t<meta property=\"og:image:type\" content=\"image\/jpeg\" \/>\n<meta name=\"author\" content=\"Redacci\u00f3n\" \/>\n<meta name=\"twitter:card\" content=\"summary_large_image\" \/>\n<meta name=\"twitter:creator\" content=\"@nuevodigescobar\" \/>\n<meta name=\"twitter:site\" content=\"@nuevodigescobar\" \/>\n<meta name=\"twitter:label1\" content=\"Escrito por\" \/>\n\t<meta name=\"twitter:data1\" content=\"Redacci\u00f3n\" \/>\n\t<meta name=\"twitter:label2\" content=\"Tiempo de lectura\" \/>\n\t<meta name=\"twitter:data2\" content=\"2 minutos\" \/>\n<script type=\"application\/ld+json\" class=\"yoast-schema-graph\">{\"@context\":\"https:\/\/schema.org\",\"@graph\":[{\"@type\":\"Article\",\"@id\":\"https:\/\/nuevodigitaldeescobar.com.ar\/?p=18109#article\",\"isPartOf\":{\"@id\":\"https:\/\/nuevodigitaldeescobar.com.ar\/?p=18109\"},\"author\":{\"name\":\"Redacci\u00f3n\",\"@id\":\"https:\/\/nuevodigitaldeescobar.com.ar\/#\/schema\/person\/035e90a8efe9a80e6eec22656ad6ea4c\"},\"headline\":\"Temporal en el AMBA: calles anegadas, techos volados y pron\u00f3stico extendido para Escobar\",\"datePublished\":\"2025-09-21T14:04:05+00:00\",\"dateModified\":\"2025-09-21T14:04:08+00:00\",\"mainEntityOfPage\":{\"@id\":\"https:\/\/nuevodigitaldeescobar.com.ar\/?p=18109\"},\"wordCount\":345,\"commentCount\":0,\"publisher\":{\"@id\":\"https:\/\/nuevodigitaldeescobar.com.ar\/#organization\"},\"image\":{\"@id\":\"https:\/\/nuevodigitaldeescobar.com.ar\/?p=18109#primaryimage\"},\"thumbnailUrl\":\"https:\/\/nuevodigitaldeescobar.com.ar\/wp-content\/uploads\/2023\/12\/temporal-1-e1702901828442.jpg\",\"articleSection\":[\"Clima, Medioambiente y Sostenibilidad\"],\"inLanguage\":\"es\",\"potentialAction\":[{\"@type\":\"CommentAction\",\"name\":\"Comment\",\"target\":[\"https:\/\/nuevodigitaldeescobar.com.ar\/?p=18109#respond\"]}]},{\"@type\":\"WebPage\",\"@id\":\"https:\/\/nuevodigitaldeescobar.com.ar\/?p=18109\",\"url\":\"https:\/\/nuevodigitaldeescobar.com.ar\/?p=18109\",\"name\":\"Temporal en el AMBA: calles anegadas, techos volados y pron\u00f3stico extendido para Escobar - Nuevo Digital de Escobar\",\"isPartOf\":{\"@id\":\"https:\/\/nuevodigitaldeescobar.com.ar\/#website\"},\"primaryImageOfPage\":{\"@id\":\"https:\/\/nuevodigitaldeescobar.com.ar\/?p=18109#primaryimage\"},\"image\":{\"@id\":\"https:\/\/nuevodigitaldeescobar.com.ar\/?p=18109#primaryimage\"},\"thumbnailUrl\":\"https:\/\/nuevodigitaldeescobar.com.ar\/wp-content\/uploads\/2023\/12\/temporal-1-e1702901828442.jpg\",\"datePublished\":\"2025-09-21T14:04:05+00:00\",\"dateModified\":\"2025-09-21T14:04:08+00:00\",\"breadcrumb\":{\"@id\":\"https:\/\/nuevodigitaldeescobar.com.ar\/?p=18109#breadcrumb\"},\"inLanguage\":\"es\",\"potentialAction\":[{\"@type\":\"ReadAction\",\"target\":[\"https:\/\/nuevodigitaldeescobar.com.ar\/?p=18109\"]}]},{\"@type\":\"ImageObject\",\"inLanguage\":\"es\",\"@id\":\"https:\/\/nuevodigitaldeescobar.com.ar\/?p=18109#primaryimage\",\"url\":\"https:\/\/nuevodigitaldeescobar.com.ar\/wp-content\/uploads\/2023\/12\/temporal-1-e1702901828442.jpg\",\"contentUrl\":\"https:\/\/nuevodigitaldeescobar.com.ar\/wp-content\/uploads\/2023\/12\/temporal-1-e1702901828442.jpg\",\"width\":720,\"height\":407},{\"@type\":\"BreadcrumbList\",\"@id\":\"https:\/\/nuevodigitaldeescobar.com.ar\/?p=18109#breadcrumb\",\"itemListElement\":[{\"@type\":\"ListItem\",\"position\":1,\"name\":\"Portada\",\"item\":\"https:\/\/nuevodigitaldeescobar.com.ar\/\"},{\"@type\":\"ListItem\",\"position\":2,\"name\":\"Temporal en el AMBA: calles anegadas, techos volados y pron\u00f3stico extendido para Escobar\"}]},{\"@type\":\"WebSite\",\"@id\":\"https:\/\/nuevodigitaldeescobar.com.ar\/#website\",\"url\":\"https:\/\/nuevodigitaldeescobar.com.ar\/\",\"name\":\"Nuevo Digital de Escobar\",\"description\":\"La vida escobarense. Directora: Rosana Brunner\",\"publisher\":{\"@id\":\"https:\/\/nuevodigitaldeescobar.com.ar\/#organization\"},\"potentialAction\":[{\"@type\":\"SearchAction\",\"target\":{\"@type\":\"EntryPoint\",\"urlTemplate\":\"https:\/\/nuevodigitaldeescobar.com.ar\/?s={search_term_string}\"},\"query-input\":{\"@type\":\"PropertyValueSpecification\",\"valueRequired\":true,\"valueName\":\"search_term_string\"}}],\"inLanguage\":\"es\"},{\"@type\":\"Organization\",\"@id\":\"https:\/\/nuevodigitaldeescobar.com.ar\/#organization\",\"name\":\"Nuevo Digital de Escobar\",\"url\":\"https:\/\/nuevodigitaldeescobar.com.ar\/\",\"logo\":{\"@type\":\"ImageObject\",\"inLanguage\":\"es\",\"@id\":\"https:\/\/nuevodigitaldeescobar.com.ar\/#\/schema\/logo\/image\/\",\"url\":\"https:\/\/nuevodigitaldeescobar.com.ar\/wp-content\/uploads\/2025\/05\/cropped-logo-nuevo2.jpg\",\"contentUrl\":\"https:\/\/nuevodigitaldeescobar.com.ar\/wp-content\/uploads\/2025\/05\/cropped-logo-nuevo2.jpg\",\"width\":305,\"height\":305,\"caption\":\"Nuevo Digital de Escobar\"},\"image\":{\"@id\":\"https:\/\/nuevodigitaldeescobar.com.ar\/#\/schema\/logo\/image\/\"},\"sameAs\":[\"https:\/\/www.facebook.com\/NUEVODigitalDeEscobar\",\"https:\/\/x.com\/nuevodigescobar\",\"https:\/\/www.instagram.com\/nuevodigitaldeescobar\"]},{\"@type\":\"Person\",\"@id\":\"https:\/\/nuevodigitaldeescobar.com.ar\/#\/schema\/person\/035e90a8efe9a80e6eec22656ad6ea4c\",\"name\":\"Redacci\u00f3n\",\"image\":{\"@type\":\"ImageObject\",\"inLanguage\":\"es\",\"@id\":\"https:\/\/nuevodigitaldeescobar.com.ar\/#\/schema\/person\/image\/\",\"url\":\"https:\/\/secure.gravatar.com\/avatar\/8af8f40000c24e9eef3034f2be5998a372bb1389e64b1a4a36b3a7979142220d?s=96&d=mm&r=g\",\"contentUrl\":\"https:\/\/secure.gravatar.com\/avatar\/8af8f40000c24e9eef3034f2be5998a372bb1389e64b1a4a36b3a7979142220d?s=96&d=mm&r=g\",\"caption\":\"Redacci\u00f3n\"},\"sameAs\":[\"http:\/\/nuevodigitaldeescobar.com.ar\"],\"url\":\"https:\/\/nuevodigitaldeescobar.com.ar\/?author=1\"}]}<\/script>\n<!-- \/ Yoast SEO plugin. -->","yoast_head_json":{"title":"Temporal en el AMBA: calles anegadas, techos volados y pron\u00f3stico extendido para Escobar - Nuevo Digital de Escobar","robots":{"index":"index","follow":"follow","max-snippet":"max-snippet:-1","max-image-preview":"max-image-preview:large","max-video-preview":"max-video-preview:-1"},"canonical":"https:\/\/nuevodigitaldeescobar.com.ar\/?p=18109","og_locale":"es_ES","og_type":"article","og_title":"Temporal en el AMBA: calles anegadas, techos volados y pron\u00f3stico extendido para Escobar - Nuevo Digital de Escobar","og_description":"El fuerte temporal que azot\u00f3 al \u00c1rea Metropolitana de Buenos Aires (AMBA) en la noche del s\u00e1bado dej\u00f3 como saldo calles inundadas, voladuras de techos [&hellip;]","og_url":"https:\/\/nuevodigitaldeescobar.com.ar\/?p=18109","og_site_name":"Nuevo Digital de Escobar","article_publisher":"https:\/\/www.facebook.com\/NUEVODigitalDeEscobar","article_published_time":"2025-09-21T14:04:05+00:00","article_modified_time":"2025-09-21T14:04:08+00:00","og_image":[{"width":720,"height":407,"url":"http:\/\/nuevodigitaldeescobar.com.ar\/wp-content\/uploads\/2023\/12\/temporal-1-e1702901828442.jpg","type":"image\/jpeg"}],"author":"Redacci\u00f3n","twitter_card":"summary_large_image","twitter_creator":"@nuevodigescobar","twitter_site":"@nuevodigescobar","twitter_misc":{"Escrito por":"Redacci\u00f3n","Tiempo de lectura":"2 minutos"},"schema":{"@context":"https:\/\/schema.org","@graph":[{"@type":"Article","@id":"https:\/\/nuevodigitaldeescobar.com.ar\/?p=18109#article","isPartOf":{"@id":"https:\/\/nuevodigitaldeescobar.com.ar\/?p=18109"},"author":{"name":"Redacci\u00f3n","@id":"https:\/\/nuevodigitaldeescobar.com.ar\/#\/schema\/person\/035e90a8efe9a80e6eec22656ad6ea4c"},"headline":"Temporal en el AMBA: calles anegadas, techos volados y pron\u00f3stico extendido para Escobar","datePublished":"2025-09-21T14:04:05+00:00","dateModified":"2025-09-21T14:04:08+00:00","mainEntityOfPage":{"@id":"https:\/\/nuevodigitaldeescobar.com.ar\/?p=18109"},"wordCount":345,"commentCount":0,"publisher":{"@id":"https:\/\/nuevodigitaldeescobar.com.ar\/#organization"},"image":{"@id":"https:\/\/nuevodigitaldeescobar.com.ar\/?p=18109#primaryimage"},"thumbnailUrl":"https:\/\/nuevodigitaldeescobar.com.ar\/wp-content\/uploads\/2023\/12\/temporal-1-e1702901828442.jpg","articleSection":["Clima, Medioambiente y Sostenibilidad"],"inLanguage":"es","potentialAction":[{"@type":"CommentAction","name":"Comment","target":["https:\/\/nuevodigitaldeescobar.com.ar\/?p=18109#respond"]}]},{"@type":"WebPage","@id":"https:\/\/nuevodigitaldeescobar.com.ar\/?p=18109","url":"https:\/\/nuevodigitaldeescobar.com.ar\/?p=18109","name":"Temporal en el AMBA: calles anegadas, techos volados y pron\u00f3stico extendido para Escobar - Nuevo Digital de Escobar","isPartOf":{"@id":"https:\/\/nuevodigitaldeescobar.com.ar\/#website"},"primaryImageOfPage":{"@id":"https:\/\/nuevodigitaldeescobar.com.ar\/?p=18109#primaryimage"},"image":{"@id":"https:\/\/nuevodigitaldeescobar.com.ar\/?p=18109#primaryimage"},"thumbnailUrl":"https:\/\/nuevodigitaldeescobar.com.ar\/wp-content\/uploads\/2023\/12\/temporal-1-e1702901828442.jpg","datePublished":"2025-09-21T14:04:05+00:00","dateModified":"2025-09-21T14:04:08+00:00","breadcrumb":{"@id":"https:\/\/nuevodigitaldeescobar.com.ar\/?p=18109#breadcrumb"},"inLanguage":"es","potentialAction":[{"@type":"ReadAction","target":["https:\/\/nuevodigitaldeescobar.com.ar\/?p=18109"]}]},{"@type":"ImageObject","inLanguage":"es","@id":"https:\/\/nuevodigitaldeescobar.com.ar\/?p=18109#primaryimage","url":"https:\/\/nuevodigitaldeescobar.com.ar\/wp-content\/uploads\/2023\/12\/temporal-1-e1702901828442.jpg","contentUrl":"https:\/\/nuevodigitaldeescobar.com.ar\/wp-content\/uploads\/2023\/12\/temporal-1-e1702901828442.jpg","width":720,"height":407},{"@type":"BreadcrumbList","@id":"https:\/\/nuevodigitaldeescobar.com.ar\/?p=18109#breadcrumb","itemListElement":[{"@type":"ListItem","position":1,"name":"Portada","item":"https:\/\/nuevodigitaldeescobar.com.ar\/"},{"@type":"ListItem","position":2,"name":"Temporal en el AMBA: calles anegadas, techos volados y pron\u00f3stico extendido para Escobar"}]},{"@type":"WebSite","@id":"https:\/\/nuevodigitaldeescobar.com.ar\/#website","url":"https:\/\/nuevodigitaldeescobar.com.ar\/","name":"Nuevo Digital de Escobar","description":"La vida escobarense. Directora: Rosana Brunner","publisher":{"@id":"https:\/\/nuevodigitaldeescobar.com.ar\/#organization"},"potentialAction":[{"@type":"SearchAction","target":{"@type":"EntryPoint","urlTemplate":"https:\/\/nuevodigitaldeescobar.com.ar\/?s={search_term_string}"},"query-input":{"@type":"PropertyValueSpecification","valueRequired":true,"valueName":"search_term_string"}}],"inLanguage":"es"},{"@type":"Organization","@id":"https:\/\/nuevodigitaldeescobar.com.ar\/#organization","name":"Nuevo Digital de Escobar","url":"https:\/\/nuevodigitaldeescobar.com.ar\/","logo":{"@type":"ImageObject","inLanguage":"es","@id":"https:\/\/nuevodigitaldeescobar.com.ar\/#\/schema\/logo\/image\/","url":"https:\/\/nuevodigitaldeescobar.com.ar\/wp-content\/uploads\/2025\/05\/cropped-logo-nuevo2.jpg","contentUrl":"https:\/\/nuevodigitaldeescobar.com.ar\/wp-content\/uploads\/2025\/05\/cropped-logo-nuevo2.jpg","width":305,"height":305,"caption":"Nuevo Digital de Escobar"},"image":{"@id":"https:\/\/nuevodigitaldeescobar.com.ar\/#\/schema\/logo\/image\/"},"sameAs":["https:\/\/www.facebook.com\/NUEVODigitalDeEscobar","https:\/\/x.com\/nuevodigescobar","https:\/\/www.instagram.com\/nuevodigitaldeescobar"]},{"@type":"Person","@id":"https:\/\/nuevodigitaldeescobar.com.ar\/#\/schema\/person\/035e90a8efe9a80e6eec22656ad6ea4c","name":"Redacci\u00f3n","image":{"@type":"ImageObject","inLanguage":"es","@id":"https:\/\/nuevodigitaldeescobar.com.ar\/#\/schema\/person\/image\/","url":"https:\/\/secure.gravatar.com\/avatar\/8af8f40000c24e9eef3034f2be5998a372bb1389e64b1a4a36b3a7979142220d?s=96&d=mm&r=g","contentUrl":"https:\/\/secure.gravatar.com\/avatar\/8af8f40000c24e9eef3034f2be5998a372bb1389e64b1a4a36b3a7979142220d?s=96&d=mm&r=g","caption":"Redacci\u00f3n"},"sameAs":["http:\/\/nuevodigitaldeescobar.com.ar"],"url":"https:\/\/nuevodigitaldeescobar.com.ar\/?author=1"}]}},"featured_image_urls":{"full":["https:\/\/nuevodigitaldeescobar.com.ar\/wp-content\/uploads\/2023\/12\/temporal-1-e1702901828442.jpg",720,407,false],"thumbnail":["https:\/\/nuevodigitaldeescobar.com.ar\/wp-content\/uploads\/2023\/12\/temporal-1-150x150.jpg",150,150,true],"medium":["https:\/\/nuevodigitaldeescobar.com.ar\/wp-content\/uploads\/2023\/12\/temporal-1-300x169.jpg",300,169,true],"medium_large":["https:\/\/nuevodigitaldeescobar.com.ar\/wp-content\/uploads\/2023\/12\/temporal-1-768x434.jpg",640,362,true],"large":["https:\/\/nuevodigitaldeescobar.com.ar\/wp-content\/uploads\/2023\/12\/temporal-1-1024x578.jpg",640,361,true],"1536x1536":["https:\/\/nuevodigitaldeescobar.com.ar\/wp-content\/uploads\/2023\/12\/temporal-1-e1702901828442.jpg",720,407,false],"2048x2048":["https:\/\/nuevodigitaldeescobar.com.ar\/wp-content\/uploads\/2023\/12\/temporal-1-e1702901828442.jpg",720,407,false]},"author_info":{"display_name":"Redacci\u00f3n","author_link":"https:\/\/nuevodigitaldeescobar.com.ar\/?author=1"},"category_info":"<a href=\"https:\/\/nuevodigitaldeescobar.com.ar\/?cat=14\" rel=\"category\">Clima, Medioambiente y Sostenibilidad<\/a>","tag_info":"Clima, Medioambiente y Sostenibilidad","comment_count":"0","_links":{"self":[{"href":"https:\/\/nuevodigitaldeescobar.com.ar\/index.php?rest_route=\/wp\/v2\/posts\/18109","targetHints":{"allow":["GET"]}}],"collection":[{"href":"https:\/\/nuevodigitaldeescobar.com.ar\/index.php?rest_route=\/wp\/v2\/posts"}],"about":[{"href":"https:\/\/nuevodigitaldeescobar.com.ar\/index.php?rest_route=\/wp\/v2\/types\/post"}],"author":[{"embeddable":true,"href":"https:\/\/nuevodigitaldeescobar.com.ar\/index.php?rest_route=\/wp\/v2\/users\/1"}],"replies":[{"embeddable":true,"href":"https:\/\/nuevodigitaldeescobar.com.ar\/index.php?rest_route=%2Fwp%2Fv2%2Fcomments&post=18109"}],"version-history":[{"count":1,"href":"https:\/\/nuevodigitaldeescobar.com.ar\/index.php?rest_route=\/wp\/v2\/posts\/18109\/revisions"}],"predecessor-version":[{"id":18111,"href":"https:\/\/nuevodigitaldeescobar.com.ar\/index.php?rest_route=\/wp\/v2\/posts\/18109\/revisions\/18111"}],"wp:featuredmedia":[{"embeddable":true,"href":"https:\/\/nuevodigitaldeescobar.com.ar\/index.php?rest_route=\/wp\/v2\/media\/1930"}],"wp:attachment":[{"href":"https:\/\/nuevodigitaldeescobar.com.ar\/index.php?rest_route=%2Fwp%2Fv2%2Fmedia&parent=18109"}],"wp:term":[{"taxonomy":"category","embeddable":true,"href":"https:\/\/nuevodigitaldeescobar.com.ar\/index.php?rest_route=%2Fwp%2Fv2%2Fcategories&post=18109"},{"taxonomy":"post_tag","embeddable":true,"href":"https:\/\/nuevodigitaldeescobar.com.ar\/index.php?rest_route=%2Fwp%2Fv2%2Ftags&post=18109"}],"curies":[{"name":"wp","href":"https:\/\/api.w.org\/{rel}","templated":true}]}}