{"id":18249,"date":"2025-10-01T04:34:00","date_gmt":"2025-10-01T07:34:00","guid":{"rendered":"https:\/\/nuevodigitaldeescobar.com.ar\/?p=18249"},"modified":"2025-09-30T23:40:57","modified_gmt":"2025-10-01T02:40:57","slug":"%f0%9f%96%8a%ef%b8%8f-columna-de-opinion-german-grams","status":"publish","type":"post","link":"https:\/\/nuevodigitaldeescobar.com.ar\/?p=18249","title":{"rendered":"\ud83d\udd8a\ufe0f Columna de Opini\u00f3n \u2013 Germ\u00e1n Grams"},"content":{"rendered":"\n<h2 class=\"wp-block-heading\">Seguridad en Escobar: la polic\u00eda municipal no alcanza y los vecinos seguimos expuestos<\/h2>\n\n\n\n<p class=\"has-vivid-cyan-blue-color has-text-color has-link-color wp-elements-eee42f20920fa88d949a77f6833ab56b\"><em><strong>El viernes 26 de septiembre, a plena luz del d\u00eda y a tan solo dos cuadras del centro de Escobar, dos delincuentes robaron una moto en cuesti\u00f3n de segundos. Las im\u00e1genes de las c\u00e1maras de seguridad son elocuentes: los ladrones caminan tranquilamente por la calle Travi, entre Hip\u00f3lito Yrigoyen y Belgrano, rompen el traba manubrio, fuerzan el tambor y se marchan como si nada, sin prisa y con total impunidad.<\/strong><\/em><\/p>\n\n\n\n<!--more-->\n\n\n\n<p>Este hecho, ocurrido pegado a una reconocida helader\u00eda del distrito, vuelve a poner en el centro del debate la fragilidad de nuestro sistema de seguridad local. Pese a los anuncios oficiales y a la incorporaci\u00f3n de la llamada <strong>\u201cPolic\u00eda Municipal\u201d<\/strong>, la realidad es que los delitos no s\u00f3lo no disminuyen, sino que ocurren cada vez con mayor descaro y en lugares c\u00e9ntricos, donde se supone deber\u00eda haber mayor presencia policial.<\/p>\n\n\n\n<figure class=\"wp-block-video aligncenter\"><video controls src=\"https:\/\/nuevodigitaldeescobar.com.ar\/wp-content\/uploads\/2025\/09\/robocremo45.mp4\"><\/video><\/figure>\n\n\n\n<p>La impotencia vecinal es evidente. Una joven hecho relat\u00f3 que las c\u00e1maras pertenecen a la helader\u00eda de la zona y que <em>\u201cmuchos trabajadores de aplicaciones como Pedidos Ya entran a buscar pedidos y despu\u00e9s no tienen m\u00e1s su moto en la vereda\u201d<\/em>. Incluso record\u00f3 que el a\u00f1o pasado, en el edificio lindero, le robaron la bicicleta directamente del balc\u00f3n de un primer piso. \u00bfQu\u00e9 otra se\u00f1al necesitamos para aceptar que el problema es grave y estructural?<\/p>\n\n\n\n<p>El incremento de patrulleros, uniformes y efectivos poco sirve si no hay un plan real de prevenci\u00f3n y respuesta. La <strong>sensaci\u00f3n de impunidad<\/strong> se multiplica cuando, en la mayor\u00eda de los casos, los delincuentes son detenidos y liberados en apenas 24 horas, si es que llegan a ser detenidos. As\u00ed, la comunidad queda a merced de bandas que act\u00faan sin miedo a las consecuencias.<\/p>\n\n\n\n<p>La inseguridad no distingue barrios ni horarios. El robo de esta moto en pleno mediod\u00eda escobarense es solo un ejemplo m\u00e1s de una problem\u00e1tica diaria que erosiona la confianza ciudadana. Mientras tanto, los vecinos sentimos que seguimos solos, a la buena de Dios, en un distrito que parece haber naturalizado que vivir con miedo es lo habitual.<\/p>\n\n\n\n<p>El desaf\u00edo para quienes gobiernan Escobar no es sumar estructuras burocr\u00e1ticas con nuevos nombres, sino garantizar resultados reales. No alcanza con m\u00e1s m\u00f3viles ni con m\u00e1s anuncios: <strong>la gente necesita seguridad efectiva, no promesas<\/strong>.<\/p>\n\n\n\n<hr class=\"wp-block-separator has-alpha-channel-opacity\"\/>\n\n\n\n<p>\u270d\ufe0f <em>Por Germ\u00e1n Grams<\/em><\/p>\n","protected":false},"excerpt":{"rendered":"<p>Seguridad en Escobar: la polic\u00eda municipal no alcanza y los vecinos seguimos expuestos El viernes 26 de septiembre, a plena luz del d\u00eda y a [&hellip;]<\/p>\n","protected":false},"author":1,"featured_media":18251,"comment_status":"open","ping_status":"open","sticky":false,"template":"","format":"standard","meta":{"footnotes":""},"categories":[48],"tags":[],"class_list":["post-18249","post","type-post","status-publish","format-standard","has-post-thumbnail","hentry","category-opinion"],"better_featured_image":{"id":18251,"alt_text":"","caption":"","description":"","media_type":"image","media_details":{"width":812,"height":682,"file":"2025\/09\/chorroscremo3.png","filesize":1356841,"sizes":{"medium":{"file":"chorroscremo3-300x252.png","width":300,"height":252,"mime-type":"image\/png","filesize":56900,"source_url":"https:\/\/nuevodigitaldeescobar.com.ar\/wp-content\/uploads\/2025\/09\/chorroscremo3-300x252.png"},"thumbnail":{"file":"chorroscremo3-150x150.png","width":150,"height":150,"mime-type":"image\/png","filesize":20677,"source_url":"https:\/\/nuevodigitaldeescobar.com.ar\/wp-content\/uploads\/2025\/09\/chorroscremo3-150x150.png"},"medium_large":{"file":"chorroscremo3-768x645.png","width":768,"height":645,"mime-type":"image\/png","filesize":318251,"source_url":"https:\/\/nuevodigitaldeescobar.com.ar\/wp-content\/uploads\/2025\/09\/chorroscremo3-768x645.png"}},"image_meta":{"aperture":"0","credit":"","camera":"","caption":"","created_timestamp":"0","copyright":"","focal_length":"0","iso":"0","shutter_speed":"0","title":"","orientation":"0","keywords":[]}},"post":18249,"source_url":"https:\/\/nuevodigitaldeescobar.com.ar\/wp-content\/uploads\/2025\/09\/chorroscremo3.png"},"yoast_head":"<!-- This site is optimized with the Yoast SEO plugin v26.1.1 - https:\/\/yoast.com\/wordpress\/plugins\/seo\/ -->\n<title>\ud83d\udd8a\ufe0f Columna de Opini\u00f3n \u2013 Germ\u00e1n Grams - Nuevo Digital de Escobar<\/title>\n<meta name=\"robots\" content=\"index, follow, max-snippet:-1, max-image-preview:large, max-video-preview:-1\" \/>\n<link rel=\"canonical\" href=\"https:\/\/nuevodigitaldeescobar.com.ar\/?p=18249\" \/>\n<meta property=\"og:locale\" content=\"es_ES\" \/>\n<meta property=\"og:type\" content=\"article\" \/>\n<meta property=\"og:title\" content=\"\ud83d\udd8a\ufe0f Columna de Opini\u00f3n \u2013 Germ\u00e1n Grams - Nuevo Digital de Escobar\" \/>\n<meta property=\"og:description\" content=\"Seguridad en Escobar: la polic\u00eda municipal no alcanza y los vecinos seguimos expuestos El viernes 26 de septiembre, a plena luz del d\u00eda y a [&hellip;]\" \/>\n<meta property=\"og:url\" content=\"https:\/\/nuevodigitaldeescobar.com.ar\/?p=18249\" \/>\n<meta property=\"og:site_name\" content=\"Nuevo Digital de Escobar\" \/>\n<meta property=\"article:publisher\" content=\"https:\/\/www.facebook.com\/NUEVODigitalDeEscobar\" \/>\n<meta property=\"article:published_time\" content=\"2025-10-01T07:34:00+00:00\" \/>\n<meta property=\"og:image\" content=\"https:\/\/nuevodigitaldeescobar.com.ar\/wp-content\/uploads\/2025\/09\/chorroscremo3.png\" \/>\n\t<meta property=\"og:image:width\" content=\"812\" \/>\n\t<meta property=\"og:image:height\" content=\"682\" \/>\n\t<meta property=\"og:image:type\" content=\"image\/png\" \/>\n<meta name=\"author\" content=\"Redacci\u00f3n\" \/>\n<meta name=\"twitter:card\" content=\"summary_large_image\" \/>\n<meta name=\"twitter:creator\" content=\"@nuevodigescobar\" \/>\n<meta name=\"twitter:site\" content=\"@nuevodigescobar\" \/>\n<meta name=\"twitter:label1\" content=\"Escrito por\" \/>\n\t<meta name=\"twitter:data1\" content=\"Redacci\u00f3n\" \/>\n\t<meta name=\"twitter:label2\" content=\"Tiempo de lectura\" \/>\n\t<meta name=\"twitter:data2\" content=\"2 minutos\" \/>\n<script type=\"application\/ld+json\" class=\"yoast-schema-graph\">{\"@context\":\"https:\/\/schema.org\",\"@graph\":[{\"@type\":\"Article\",\"@id\":\"https:\/\/nuevodigitaldeescobar.com.ar\/?p=18249#article\",\"isPartOf\":{\"@id\":\"https:\/\/nuevodigitaldeescobar.com.ar\/?p=18249\"},\"author\":{\"name\":\"Redacci\u00f3n\",\"@id\":\"https:\/\/nuevodigitaldeescobar.com.ar\/#\/schema\/person\/035e90a8efe9a80e6eec22656ad6ea4c\"},\"headline\":\"\ud83d\udd8a\ufe0f Columna de Opini\u00f3n \u2013 Germ\u00e1n Grams\",\"datePublished\":\"2025-10-01T07:34:00+00:00\",\"mainEntityOfPage\":{\"@id\":\"https:\/\/nuevodigitaldeescobar.com.ar\/?p=18249\"},\"wordCount\":424,\"commentCount\":0,\"publisher\":{\"@id\":\"https:\/\/nuevodigitaldeescobar.com.ar\/#organization\"},\"image\":{\"@id\":\"https:\/\/nuevodigitaldeescobar.com.ar\/?p=18249#primaryimage\"},\"thumbnailUrl\":\"https:\/\/nuevodigitaldeescobar.com.ar\/wp-content\/uploads\/2025\/09\/chorroscremo3.png\",\"articleSection\":[\"Opini\u00f3n\"],\"inLanguage\":\"es\",\"potentialAction\":[{\"@type\":\"CommentAction\",\"name\":\"Comment\",\"target\":[\"https:\/\/nuevodigitaldeescobar.com.ar\/?p=18249#respond\"]}]},{\"@type\":\"WebPage\",\"@id\":\"https:\/\/nuevodigitaldeescobar.com.ar\/?p=18249\",\"url\":\"https:\/\/nuevodigitaldeescobar.com.ar\/?p=18249\",\"name\":\"\ud83d\udd8a\ufe0f Columna de Opini\u00f3n \u2013 Germ\u00e1n Grams - Nuevo Digital de Escobar\",\"isPartOf\":{\"@id\":\"https:\/\/nuevodigitaldeescobar.com.ar\/#website\"},\"primaryImageOfPage\":{\"@id\":\"https:\/\/nuevodigitaldeescobar.com.ar\/?p=18249#primaryimage\"},\"image\":{\"@id\":\"https:\/\/nuevodigitaldeescobar.com.ar\/?p=18249#primaryimage\"},\"thumbnailUrl\":\"https:\/\/nuevodigitaldeescobar.com.ar\/wp-content\/uploads\/2025\/09\/chorroscremo3.png\",\"datePublished\":\"2025-10-01T07:34:00+00:00\",\"breadcrumb\":{\"@id\":\"https:\/\/nuevodigitaldeescobar.com.ar\/?p=18249#breadcrumb\"},\"inLanguage\":\"es\",\"potentialAction\":[{\"@type\":\"ReadAction\",\"target\":[\"https:\/\/nuevodigitaldeescobar.com.ar\/?p=18249\"]}]},{\"@type\":\"ImageObject\",\"inLanguage\":\"es\",\"@id\":\"https:\/\/nuevodigitaldeescobar.com.ar\/?p=18249#primaryimage\",\"url\":\"https:\/\/nuevodigitaldeescobar.com.ar\/wp-content\/uploads\/2025\/09\/chorroscremo3.png\",\"contentUrl\":\"https:\/\/nuevodigitaldeescobar.com.ar\/wp-content\/uploads\/2025\/09\/chorroscremo3.png\",\"width\":812,\"height\":682},{\"@type\":\"BreadcrumbList\",\"@id\":\"https:\/\/nuevodigitaldeescobar.com.ar\/?p=18249#breadcrumb\",\"itemListElement\":[{\"@type\":\"ListItem\",\"position\":1,\"name\":\"Portada\",\"item\":\"https:\/\/nuevodigitaldeescobar.com.ar\/\"},{\"@type\":\"ListItem\",\"position\":2,\"name\":\"\ud83d\udd8a\ufe0f Columna de Opini\u00f3n \u2013 Germ\u00e1n Grams\"}]},{\"@type\":\"WebSite\",\"@id\":\"https:\/\/nuevodigitaldeescobar.com.ar\/#website\",\"url\":\"https:\/\/nuevodigitaldeescobar.com.ar\/\",\"name\":\"Nuevo Digital de Escobar\",\"description\":\"La vida escobarense. Directora: Rosana Brunner\",\"publisher\":{\"@id\":\"https:\/\/nuevodigitaldeescobar.com.ar\/#organization\"},\"potentialAction\":[{\"@type\":\"SearchAction\",\"target\":{\"@type\":\"EntryPoint\",\"urlTemplate\":\"https:\/\/nuevodigitaldeescobar.com.ar\/?s={search_term_string}\"},\"query-input\":{\"@type\":\"PropertyValueSpecification\",\"valueRequired\":true,\"valueName\":\"search_term_string\"}}],\"inLanguage\":\"es\"},{\"@type\":\"Organization\",\"@id\":\"https:\/\/nuevodigitaldeescobar.com.ar\/#organization\",\"name\":\"Nuevo Digital de Escobar\",\"url\":\"https:\/\/nuevodigitaldeescobar.com.ar\/\",\"logo\":{\"@type\":\"ImageObject\",\"inLanguage\":\"es\",\"@id\":\"https:\/\/nuevodigitaldeescobar.com.ar\/#\/schema\/logo\/image\/\",\"url\":\"https:\/\/nuevodigitaldeescobar.com.ar\/wp-content\/uploads\/2025\/05\/cropped-logo-nuevo2.jpg\",\"contentUrl\":\"https:\/\/nuevodigitaldeescobar.com.ar\/wp-content\/uploads\/2025\/05\/cropped-logo-nuevo2.jpg\",\"width\":305,\"height\":305,\"caption\":\"Nuevo Digital de Escobar\"},\"image\":{\"@id\":\"https:\/\/nuevodigitaldeescobar.com.ar\/#\/schema\/logo\/image\/\"},\"sameAs\":[\"https:\/\/www.facebook.com\/NUEVODigitalDeEscobar\",\"https:\/\/x.com\/nuevodigescobar\",\"https:\/\/www.instagram.com\/nuevodigitaldeescobar\"]},{\"@type\":\"Person\",\"@id\":\"https:\/\/nuevodigitaldeescobar.com.ar\/#\/schema\/person\/035e90a8efe9a80e6eec22656ad6ea4c\",\"name\":\"Redacci\u00f3n\",\"image\":{\"@type\":\"ImageObject\",\"inLanguage\":\"es\",\"@id\":\"https:\/\/nuevodigitaldeescobar.com.ar\/#\/schema\/person\/image\/\",\"url\":\"https:\/\/secure.gravatar.com\/avatar\/8af8f40000c24e9eef3034f2be5998a372bb1389e64b1a4a36b3a7979142220d?s=96&d=mm&r=g\",\"contentUrl\":\"https:\/\/secure.gravatar.com\/avatar\/8af8f40000c24e9eef3034f2be5998a372bb1389e64b1a4a36b3a7979142220d?s=96&d=mm&r=g\",\"caption\":\"Redacci\u00f3n\"},\"sameAs\":[\"http:\/\/nuevodigitaldeescobar.com.ar\"],\"url\":\"https:\/\/nuevodigitaldeescobar.com.ar\/?author=1\"}]}<\/script>\n<!-- \/ Yoast SEO plugin. -->","yoast_head_json":{"title":"\ud83d\udd8a\ufe0f Columna de Opini\u00f3n \u2013 Germ\u00e1n Grams - Nuevo Digital de Escobar","robots":{"index":"index","follow":"follow","max-snippet":"max-snippet:-1","max-image-preview":"max-image-preview:large","max-video-preview":"max-video-preview:-1"},"canonical":"https:\/\/nuevodigitaldeescobar.com.ar\/?p=18249","og_locale":"es_ES","og_type":"article","og_title":"\ud83d\udd8a\ufe0f Columna de Opini\u00f3n \u2013 Germ\u00e1n Grams - Nuevo Digital de Escobar","og_description":"Seguridad en Escobar: la polic\u00eda municipal no alcanza y los vecinos seguimos expuestos El viernes 26 de septiembre, a plena luz del d\u00eda y a [&hellip;]","og_url":"https:\/\/nuevodigitaldeescobar.com.ar\/?p=18249","og_site_name":"Nuevo Digital de Escobar","article_publisher":"https:\/\/www.facebook.com\/NUEVODigitalDeEscobar","article_published_time":"2025-10-01T07:34:00+00:00","og_image":[{"width":812,"height":682,"url":"https:\/\/nuevodigitaldeescobar.com.ar\/wp-content\/uploads\/2025\/09\/chorroscremo3.png","type":"image\/png"}],"author":"Redacci\u00f3n","twitter_card":"summary_large_image","twitter_creator":"@nuevodigescobar","twitter_site":"@nuevodigescobar","twitter_misc":{"Escrito por":"Redacci\u00f3n","Tiempo de lectura":"2 minutos"},"schema":{"@context":"https:\/\/schema.org","@graph":[{"@type":"Article","@id":"https:\/\/nuevodigitaldeescobar.com.ar\/?p=18249#article","isPartOf":{"@id":"https:\/\/nuevodigitaldeescobar.com.ar\/?p=18249"},"author":{"name":"Redacci\u00f3n","@id":"https:\/\/nuevodigitaldeescobar.com.ar\/#\/schema\/person\/035e90a8efe9a80e6eec22656ad6ea4c"},"headline":"\ud83d\udd8a\ufe0f Columna de Opini\u00f3n \u2013 Germ\u00e1n Grams","datePublished":"2025-10-01T07:34:00+00:00","mainEntityOfPage":{"@id":"https:\/\/nuevodigitaldeescobar.com.ar\/?p=18249"},"wordCount":424,"commentCount":0,"publisher":{"@id":"https:\/\/nuevodigitaldeescobar.com.ar\/#organization"},"image":{"@id":"https:\/\/nuevodigitaldeescobar.com.ar\/?p=18249#primaryimage"},"thumbnailUrl":"https:\/\/nuevodigitaldeescobar.com.ar\/wp-content\/uploads\/2025\/09\/chorroscremo3.png","articleSection":["Opini\u00f3n"],"inLanguage":"es","potentialAction":[{"@type":"CommentAction","name":"Comment","target":["https:\/\/nuevodigitaldeescobar.com.ar\/?p=18249#respond"]}]},{"@type":"WebPage","@id":"https:\/\/nuevodigitaldeescobar.com.ar\/?p=18249","url":"https:\/\/nuevodigitaldeescobar.com.ar\/?p=18249","name":"\ud83d\udd8a\ufe0f Columna de Opini\u00f3n \u2013 Germ\u00e1n Grams - Nuevo Digital de Escobar","isPartOf":{"@id":"https:\/\/nuevodigitaldeescobar.com.ar\/#website"},"primaryImageOfPage":{"@id":"https:\/\/nuevodigitaldeescobar.com.ar\/?p=18249#primaryimage"},"image":{"@id":"https:\/\/nuevodigitaldeescobar.com.ar\/?p=18249#primaryimage"},"thumbnailUrl":"https:\/\/nuevodigitaldeescobar.com.ar\/wp-content\/uploads\/2025\/09\/chorroscremo3.png","datePublished":"2025-10-01T07:34:00+00:00","breadcrumb":{"@id":"https:\/\/nuevodigitaldeescobar.com.ar\/?p=18249#breadcrumb"},"inLanguage":"es","potentialAction":[{"@type":"ReadAction","target":["https:\/\/nuevodigitaldeescobar.com.ar\/?p=18249"]}]},{"@type":"ImageObject","inLanguage":"es","@id":"https:\/\/nuevodigitaldeescobar.com.ar\/?p=18249#primaryimage","url":"https:\/\/nuevodigitaldeescobar.com.ar\/wp-content\/uploads\/2025\/09\/chorroscremo3.png","contentUrl":"https:\/\/nuevodigitaldeescobar.com.ar\/wp-content\/uploads\/2025\/09\/chorroscremo3.png","width":812,"height":682},{"@type":"BreadcrumbList","@id":"https:\/\/nuevodigitaldeescobar.com.ar\/?p=18249#breadcrumb","itemListElement":[{"@type":"ListItem","position":1,"name":"Portada","item":"https:\/\/nuevodigitaldeescobar.com.ar\/"},{"@type":"ListItem","position":2,"name":"\ud83d\udd8a\ufe0f Columna de Opini\u00f3n \u2013 Germ\u00e1n Grams"}]},{"@type":"WebSite","@id":"https:\/\/nuevodigitaldeescobar.com.ar\/#website","url":"https:\/\/nuevodigitaldeescobar.com.ar\/","name":"Nuevo Digital de Escobar","description":"La vida escobarense. Directora: Rosana Brunner","publisher":{"@id":"https:\/\/nuevodigitaldeescobar.com.ar\/#organization"},"potentialAction":[{"@type":"SearchAction","target":{"@type":"EntryPoint","urlTemplate":"https:\/\/nuevodigitaldeescobar.com.ar\/?s={search_term_string}"},"query-input":{"@type":"PropertyValueSpecification","valueRequired":true,"valueName":"search_term_string"}}],"inLanguage":"es"},{"@type":"Organization","@id":"https:\/\/nuevodigitaldeescobar.com.ar\/#organization","name":"Nuevo Digital de Escobar","url":"https:\/\/nuevodigitaldeescobar.com.ar\/","logo":{"@type":"ImageObject","inLanguage":"es","@id":"https:\/\/nuevodigitaldeescobar.com.ar\/#\/schema\/logo\/image\/","url":"https:\/\/nuevodigitaldeescobar.com.ar\/wp-content\/uploads\/2025\/05\/cropped-logo-nuevo2.jpg","contentUrl":"https:\/\/nuevodigitaldeescobar.com.ar\/wp-content\/uploads\/2025\/05\/cropped-logo-nuevo2.jpg","width":305,"height":305,"caption":"Nuevo Digital de Escobar"},"image":{"@id":"https:\/\/nuevodigitaldeescobar.com.ar\/#\/schema\/logo\/image\/"},"sameAs":["https:\/\/www.facebook.com\/NUEVODigitalDeEscobar","https:\/\/x.com\/nuevodigescobar","https:\/\/www.instagram.com\/nuevodigitaldeescobar"]},{"@type":"Person","@id":"https:\/\/nuevodigitaldeescobar.com.ar\/#\/schema\/person\/035e90a8efe9a80e6eec22656ad6ea4c","name":"Redacci\u00f3n","image":{"@type":"ImageObject","inLanguage":"es","@id":"https:\/\/nuevodigitaldeescobar.com.ar\/#\/schema\/person\/image\/","url":"https:\/\/secure.gravatar.com\/avatar\/8af8f40000c24e9eef3034f2be5998a372bb1389e64b1a4a36b3a7979142220d?s=96&d=mm&r=g","contentUrl":"https:\/\/secure.gravatar.com\/avatar\/8af8f40000c24e9eef3034f2be5998a372bb1389e64b1a4a36b3a7979142220d?s=96&d=mm&r=g","caption":"Redacci\u00f3n"},"sameAs":["http:\/\/nuevodigitaldeescobar.com.ar"],"url":"https:\/\/nuevodigitaldeescobar.com.ar\/?author=1"}]}},"featured_image_urls":{"full":["https:\/\/nuevodigitaldeescobar.com.ar\/wp-content\/uploads\/2025\/09\/chorroscremo3.png",812,682,false],"thumbnail":["https:\/\/nuevodigitaldeescobar.com.ar\/wp-content\/uploads\/2025\/09\/chorroscremo3-150x150.png",150,150,true],"medium":["https:\/\/nuevodigitaldeescobar.com.ar\/wp-content\/uploads\/2025\/09\/chorroscremo3-300x252.png",300,252,true],"medium_large":["https:\/\/nuevodigitaldeescobar.com.ar\/wp-content\/uploads\/2025\/09\/chorroscremo3-768x645.png",640,538,true],"large":["https:\/\/nuevodigitaldeescobar.com.ar\/wp-content\/uploads\/2025\/09\/chorroscremo3.png",640,538,false],"1536x1536":["https:\/\/nuevodigitaldeescobar.com.ar\/wp-content\/uploads\/2025\/09\/chorroscremo3.png",812,682,false],"2048x2048":["https:\/\/nuevodigitaldeescobar.com.ar\/wp-content\/uploads\/2025\/09\/chorroscremo3.png",812,682,false]},"author_info":{"display_name":"Redacci\u00f3n","author_link":"https:\/\/nuevodigitaldeescobar.com.ar\/?author=1"},"category_info":"<a href=\"https:\/\/nuevodigitaldeescobar.com.ar\/?cat=48\" rel=\"category\">Opini\u00f3n<\/a>","tag_info":"Opini\u00f3n","comment_count":"0","_links":{"self":[{"href":"https:\/\/nuevodigitaldeescobar.com.ar\/index.php?rest_route=\/wp\/v2\/posts\/18249","targetHints":{"allow":["GET"]}}],"collection":[{"href":"https:\/\/nuevodigitaldeescobar.com.ar\/index.php?rest_route=\/wp\/v2\/posts"}],"about":[{"href":"https:\/\/nuevodigitaldeescobar.com.ar\/index.php?rest_route=\/wp\/v2\/types\/post"}],"author":[{"embeddable":true,"href":"https:\/\/nuevodigitaldeescobar.com.ar\/index.php?rest_route=\/wp\/v2\/users\/1"}],"replies":[{"embeddable":true,"href":"https:\/\/nuevodigitaldeescobar.com.ar\/index.php?rest_route=%2Fwp%2Fv2%2Fcomments&post=18249"}],"version-history":[{"count":2,"href":"https:\/\/nuevodigitaldeescobar.com.ar\/index.php?rest_route=\/wp\/v2\/posts\/18249\/revisions"}],"predecessor-version":[{"id":18280,"href":"https:\/\/nuevodigitaldeescobar.com.ar\/index.php?rest_route=\/wp\/v2\/posts\/18249\/revisions\/18280"}],"wp:featuredmedia":[{"embeddable":true,"href":"https:\/\/nuevodigitaldeescobar.com.ar\/index.php?rest_route=\/wp\/v2\/media\/18251"}],"wp:attachment":[{"href":"https:\/\/nuevodigitaldeescobar.com.ar\/index.php?rest_route=%2Fwp%2Fv2%2Fmedia&parent=18249"}],"wp:term":[{"taxonomy":"category","embeddable":true,"href":"https:\/\/nuevodigitaldeescobar.com.ar\/index.php?rest_route=%2Fwp%2Fv2%2Fcategories&post=18249"},{"taxonomy":"post_tag","embeddable":true,"href":"https:\/\/nuevodigitaldeescobar.com.ar\/index.php?rest_route=%2Fwp%2Fv2%2Ftags&post=18249"}],"curies":[{"name":"wp","href":"https:\/\/api.w.org\/{rel}","templated":true}]}}