{"id":18260,"date":"2025-10-02T15:35:13","date_gmt":"2025-10-02T18:35:13","guid":{"rendered":"https:\/\/nuevodigitaldeescobar.com.ar\/?p=18260"},"modified":"2025-10-02T15:35:44","modified_gmt":"2025-10-02T18:35:44","slug":"se-suman-mas-atracciones-a-la-62-fiesta-nacional-de-la-flor","status":"publish","type":"post","link":"https:\/\/nuevodigitaldeescobar.com.ar\/?p=18260","title":{"rendered":"Se suman m\u00e1s atracciones a la 62\u00b0 Fiesta Nacional de la Flor"},"content":{"rendered":"\n<p>La 62\u00b0 Fiesta Nacional de la Flor incorpora nuevas atracciones para el disfrute de los visitantes. Se trata del Mercado de Oportunidades, que vuelve con ofertas exclusivas en productos y servicios de comercios locales, y la Banda Militar Tambor de Tacuar\u00ed del Regimiento de Infanter\u00eda 1 \u00abPatricios\u00bb, que abrir\u00e1 el tradicional desfile. <\/p>\n\n\n\n<!--more-->\n\n\n\n<p>Adem\u00e1s, se suma el festival Alma Bohemia y una grilla de artistas locales que se presentar\u00e1n en el escenario del Campanario.\u00a0<\/p>\n\n\n\n<p>El Mercado de Oportunidades funcionar\u00e1 el viernes y s\u00e1bado de 9 a 20 horas y el domingo de 9 a 19 horas, ofreciendo una amplia gama de productos con descuentos especiales en indumentaria, calzado, tecnolog\u00eda, gastronom\u00eda y accesorios. Los visitantes podr\u00e1n adquirir art\u00edculos a precios accesibles como remeras desde $4.900, buzos desde $14.900 y zapatillas a $55.000, adem\u00e1s de disfrutar de promociones en alimentos y bebidas. Por su parte, la presentaci\u00f3n de la Banda Militar Tambor de Tacuar\u00ed ser\u00e1 protagonista en la apertura del desfile, que se realizar\u00e1 el pr\u00f3ximo 11 de octubre sobre la avenida Tapia de Cruz, en Bel\u00e9n de Escobar, a las 19 horas.<\/p>\n\n\n\n<p>En el escenario del Campanario, se prev\u00e9n distintas fechas para la participaci\u00f3n de artistas locales. El s\u00e1bado 4, de 11 a 19 horas, actuar\u00e1n bandas y artistas de cumbia; el domingo 5, en el mismo horario, ser\u00e1n protagonistas ballets y grupos folcl\u00f3ricos. Los mi\u00e9rcoles 8 y jueves 9, se presentar\u00e1n muestras de diferentes g\u00e9neros musicales, desde el mediod\u00eda hasta las 18 horas. El viernes 10, de 11 a 19 horas, participar\u00e1n artistas de rock, y el s\u00e1bado 11, en el mismo horario, se presentar\u00e1n diversas academias de danza del distrito.<\/p>\n\n\n\n<p>Adem\u00e1s, en el parque ubicado frente al predio principal, se suma el festival Alma Bohemia. El s\u00e1bado 4 y domingo 5, de 9 a 19 horas, contar\u00e1 con una feria itinerante que invita a descubrir dise\u00f1os exclusivos, creaciones de artistas visuales y el trabajo artesanal de productores locales. Tambi\u00e9n habr\u00e1 un escenario con m\u00fasica en vivo durante las dos jornadas.&nbsp;<\/p>\n\n\n\n<p>Por \u00faltimo, cabe aclarar que para ingresar a los recitales ser\u00e1 necesario llevar cuatro alimentos no perecederos, que ser\u00e1n destinados a comedores del distrito, centros de jubilados y al programa Escobar Hambre Cero. El viernes 10, a las 20:30 horas, se presentar\u00e1 Turf mientras que el s\u00e1bado 11, en el mismo horario, se realizar\u00e1 la fiesta cumbiera \u201cSin Miedo\u201d, con la actuaci\u00f3n de Nico Mattioli, Jambao, Dany Lezcano y Supermerk2. \u00abEstos shows se pueden realizar gracias al apoyo de los sponsors del evento\u00bb, mencionaron fuentes municipales.\u00a0<\/p>\n\n\n\n<p><\/p>\n","protected":false},"excerpt":{"rendered":"<p>La 62\u00b0 Fiesta Nacional de la Flor incorpora nuevas atracciones para el disfrute de los visitantes. Se trata del Mercado de Oportunidades, que vuelve con [&hellip;]<\/p>\n","protected":false},"author":1,"featured_media":18263,"comment_status":"open","ping_status":"open","sticky":false,"template":"","format":"standard","meta":{"footnotes":""},"categories":[7],"tags":[277],"class_list":["post-18260","post","type-post","status-publish","format-standard","has-post-thumbnail","hentry","category-interes-general","tag-fiesta-nacional-de-la-flor"],"better_featured_image":{"id":18263,"alt_text":"","caption":"","description":"","media_type":"image","media_details":{"width":1920,"height":1280,"file":"2025\/10\/whatsapp_image_2025_10_01_at_18_34_17.jpeg","filesize":258945,"sizes":{"medium":{"file":"whatsapp_image_2025_10_01_at_18_34_17-300x200.jpeg","width":300,"height":200,"mime-type":"image\/jpeg","filesize":19500,"source_url":"https:\/\/nuevodigitaldeescobar.com.ar\/wp-content\/uploads\/2025\/10\/whatsapp_image_2025_10_01_at_18_34_17-300x200.jpeg"},"large":{"file":"whatsapp_image_2025_10_01_at_18_34_17-1024x683.jpeg","width":1024,"height":683,"mime-type":"image\/jpeg","filesize":120418,"source_url":"https:\/\/nuevodigitaldeescobar.com.ar\/wp-content\/uploads\/2025\/10\/whatsapp_image_2025_10_01_at_18_34_17-1024x683.jpeg"},"thumbnail":{"file":"whatsapp_image_2025_10_01_at_18_34_17-150x150.jpeg","width":150,"height":150,"mime-type":"image\/jpeg","filesize":8623,"source_url":"https:\/\/nuevodigitaldeescobar.com.ar\/wp-content\/uploads\/2025\/10\/whatsapp_image_2025_10_01_at_18_34_17-150x150.jpeg"},"medium_large":{"file":"whatsapp_image_2025_10_01_at_18_34_17-768x512.jpeg","width":768,"height":512,"mime-type":"image\/jpeg","filesize":78501,"source_url":"https:\/\/nuevodigitaldeescobar.com.ar\/wp-content\/uploads\/2025\/10\/whatsapp_image_2025_10_01_at_18_34_17-768x512.jpeg"},"1536x1536":{"file":"whatsapp_image_2025_10_01_at_18_34_17-1536x1024.jpeg","width":1536,"height":1024,"mime-type":"image\/jpeg","filesize":215967,"source_url":"https:\/\/nuevodigitaldeescobar.com.ar\/wp-content\/uploads\/2025\/10\/whatsapp_image_2025_10_01_at_18_34_17-1536x1024.jpeg"}},"image_meta":{"aperture":"0","credit":"","camera":"","caption":"","created_timestamp":"0","copyright":"","focal_length":"0","iso":"0","shutter_speed":"0","title":"","orientation":"0","keywords":[]}},"post":18260,"source_url":"https:\/\/nuevodigitaldeescobar.com.ar\/wp-content\/uploads\/2025\/10\/whatsapp_image_2025_10_01_at_18_34_17.jpeg"},"yoast_head":"<!-- This site is optimized with the Yoast SEO plugin v26.1.1 - https:\/\/yoast.com\/wordpress\/plugins\/seo\/ -->\n<title>Se suman m\u00e1s atracciones a la 62\u00b0 Fiesta Nacional de la Flor - Nuevo Digital de Escobar<\/title>\n<meta name=\"description\" content=\"Se trata del Mercado de Oportunidades, que vuelve con ofertas exclusivas en productos y servicios de comercios locales, y la Banda Militar Tambor de Tacuar\u00ed del Regimiento de Infanter\u00eda 1 &quot;Patricios&quot;, que abrir\u00e1 el tradicional desfile.\" \/>\n<meta name=\"robots\" content=\"index, follow, max-snippet:-1, max-image-preview:large, max-video-preview:-1\" \/>\n<link rel=\"canonical\" href=\"https:\/\/nuevodigitaldeescobar.com.ar\/?p=18260\" \/>\n<meta property=\"og:locale\" content=\"es_ES\" \/>\n<meta property=\"og:type\" content=\"article\" \/>\n<meta property=\"og:title\" content=\"Se suman m\u00e1s atracciones a la 62\u00b0 Fiesta Nacional de la Flor\" \/>\n<meta property=\"og:description\" content=\"Se trata del Mercado de Oportunidades, que vuelve con ofertas exclusivas en productos y servicios de comercios locales, y la Banda Militar Tambor de Tacuar\u00ed del Regimiento de Infanter\u00eda 1 &quot;Patricios&quot;, que abrir\u00e1 el tradicional desfile.\" \/>\n<meta property=\"og:url\" content=\"https:\/\/nuevodigitaldeescobar.com.ar\/?p=18260\" \/>\n<meta property=\"og:site_name\" content=\"Nuevo Digital de Escobar\" \/>\n<meta property=\"article:publisher\" content=\"https:\/\/www.facebook.com\/NUEVODigitalDeEscobar\" \/>\n<meta property=\"article:published_time\" content=\"2025-10-02T18:35:13+00:00\" \/>\n<meta property=\"article:modified_time\" content=\"2025-10-02T18:35:44+00:00\" \/>\n<meta property=\"og:image\" content=\"http:\/\/nuevodigitaldeescobar.com.ar\/wp-content\/uploads\/2025\/10\/whatsapp_image_2025_10_01_at_18_34_17.jpeg\" \/>\n\t<meta property=\"og:image:width\" content=\"1920\" \/>\n\t<meta property=\"og:image:height\" content=\"1280\" \/>\n\t<meta property=\"og:image:type\" content=\"image\/jpeg\" \/>\n<meta name=\"author\" content=\"Redacci\u00f3n\" \/>\n<meta name=\"twitter:card\" content=\"summary_large_image\" \/>\n<meta name=\"twitter:creator\" content=\"@nuevodigescobar\" \/>\n<meta name=\"twitter:site\" content=\"@nuevodigescobar\" \/>\n<meta name=\"twitter:label1\" content=\"Escrito por\" \/>\n\t<meta name=\"twitter:data1\" content=\"Redacci\u00f3n\" \/>\n\t<meta name=\"twitter:label2\" content=\"Tiempo de lectura\" \/>\n\t<meta name=\"twitter:data2\" content=\"3 minutos\" \/>\n<script type=\"application\/ld+json\" class=\"yoast-schema-graph\">{\"@context\":\"https:\/\/schema.org\",\"@graph\":[{\"@type\":\"Article\",\"@id\":\"https:\/\/nuevodigitaldeescobar.com.ar\/?p=18260#article\",\"isPartOf\":{\"@id\":\"https:\/\/nuevodigitaldeescobar.com.ar\/?p=18260\"},\"author\":{\"name\":\"Redacci\u00f3n\",\"@id\":\"https:\/\/nuevodigitaldeescobar.com.ar\/#\/schema\/person\/035e90a8efe9a80e6eec22656ad6ea4c\"},\"headline\":\"Se suman m\u00e1s atracciones a la 62\u00b0 Fiesta Nacional de la Flor\",\"datePublished\":\"2025-10-02T18:35:13+00:00\",\"dateModified\":\"2025-10-02T18:35:44+00:00\",\"mainEntityOfPage\":{\"@id\":\"https:\/\/nuevodigitaldeescobar.com.ar\/?p=18260\"},\"wordCount\":433,\"commentCount\":0,\"publisher\":{\"@id\":\"https:\/\/nuevodigitaldeescobar.com.ar\/#organization\"},\"image\":{\"@id\":\"https:\/\/nuevodigitaldeescobar.com.ar\/?p=18260#primaryimage\"},\"thumbnailUrl\":\"https:\/\/nuevodigitaldeescobar.com.ar\/wp-content\/uploads\/2025\/10\/whatsapp_image_2025_10_01_at_18_34_17.jpeg\",\"keywords\":[\"Fiesta Nacional de la Flor\"],\"articleSection\":[\"Inter\u00e9s general\"],\"inLanguage\":\"es\",\"potentialAction\":[{\"@type\":\"CommentAction\",\"name\":\"Comment\",\"target\":[\"https:\/\/nuevodigitaldeescobar.com.ar\/?p=18260#respond\"]}]},{\"@type\":\"WebPage\",\"@id\":\"https:\/\/nuevodigitaldeescobar.com.ar\/?p=18260\",\"url\":\"https:\/\/nuevodigitaldeescobar.com.ar\/?p=18260\",\"name\":\"Se suman m\u00e1s atracciones a la 62\u00b0 Fiesta Nacional de la Flor - Nuevo Digital de Escobar\",\"isPartOf\":{\"@id\":\"https:\/\/nuevodigitaldeescobar.com.ar\/#website\"},\"primaryImageOfPage\":{\"@id\":\"https:\/\/nuevodigitaldeescobar.com.ar\/?p=18260#primaryimage\"},\"image\":{\"@id\":\"https:\/\/nuevodigitaldeescobar.com.ar\/?p=18260#primaryimage\"},\"thumbnailUrl\":\"https:\/\/nuevodigitaldeescobar.com.ar\/wp-content\/uploads\/2025\/10\/whatsapp_image_2025_10_01_at_18_34_17.jpeg\",\"datePublished\":\"2025-10-02T18:35:13+00:00\",\"dateModified\":\"2025-10-02T18:35:44+00:00\",\"description\":\"Se trata del Mercado de Oportunidades, que vuelve con ofertas exclusivas en productos y servicios de comercios locales, y la Banda Militar Tambor de Tacuar\u00ed del Regimiento de Infanter\u00eda 1 \\\"Patricios\\\", que abrir\u00e1 el tradicional desfile.\",\"breadcrumb\":{\"@id\":\"https:\/\/nuevodigitaldeescobar.com.ar\/?p=18260#breadcrumb\"},\"inLanguage\":\"es\",\"potentialAction\":[{\"@type\":\"ReadAction\",\"target\":[\"https:\/\/nuevodigitaldeescobar.com.ar\/?p=18260\"]}]},{\"@type\":\"ImageObject\",\"inLanguage\":\"es\",\"@id\":\"https:\/\/nuevodigitaldeescobar.com.ar\/?p=18260#primaryimage\",\"url\":\"https:\/\/nuevodigitaldeescobar.com.ar\/wp-content\/uploads\/2025\/10\/whatsapp_image_2025_10_01_at_18_34_17.jpeg\",\"contentUrl\":\"https:\/\/nuevodigitaldeescobar.com.ar\/wp-content\/uploads\/2025\/10\/whatsapp_image_2025_10_01_at_18_34_17.jpeg\",\"width\":1920,\"height\":1280},{\"@type\":\"BreadcrumbList\",\"@id\":\"https:\/\/nuevodigitaldeescobar.com.ar\/?p=18260#breadcrumb\",\"itemListElement\":[{\"@type\":\"ListItem\",\"position\":1,\"name\":\"Portada\",\"item\":\"https:\/\/nuevodigitaldeescobar.com.ar\/\"},{\"@type\":\"ListItem\",\"position\":2,\"name\":\"Se suman m\u00e1s atracciones a la 62\u00b0 Fiesta Nacional de la Flor\"}]},{\"@type\":\"WebSite\",\"@id\":\"https:\/\/nuevodigitaldeescobar.com.ar\/#website\",\"url\":\"https:\/\/nuevodigitaldeescobar.com.ar\/\",\"name\":\"Nuevo Digital de Escobar\",\"description\":\"La vida escobarense. Directora: Rosana Brunner\",\"publisher\":{\"@id\":\"https:\/\/nuevodigitaldeescobar.com.ar\/#organization\"},\"potentialAction\":[{\"@type\":\"SearchAction\",\"target\":{\"@type\":\"EntryPoint\",\"urlTemplate\":\"https:\/\/nuevodigitaldeescobar.com.ar\/?s={search_term_string}\"},\"query-input\":{\"@type\":\"PropertyValueSpecification\",\"valueRequired\":true,\"valueName\":\"search_term_string\"}}],\"inLanguage\":\"es\"},{\"@type\":\"Organization\",\"@id\":\"https:\/\/nuevodigitaldeescobar.com.ar\/#organization\",\"name\":\"Nuevo Digital de Escobar\",\"url\":\"https:\/\/nuevodigitaldeescobar.com.ar\/\",\"logo\":{\"@type\":\"ImageObject\",\"inLanguage\":\"es\",\"@id\":\"https:\/\/nuevodigitaldeescobar.com.ar\/#\/schema\/logo\/image\/\",\"url\":\"https:\/\/nuevodigitaldeescobar.com.ar\/wp-content\/uploads\/2025\/05\/cropped-logo-nuevo2.jpg\",\"contentUrl\":\"https:\/\/nuevodigitaldeescobar.com.ar\/wp-content\/uploads\/2025\/05\/cropped-logo-nuevo2.jpg\",\"width\":305,\"height\":305,\"caption\":\"Nuevo Digital de Escobar\"},\"image\":{\"@id\":\"https:\/\/nuevodigitaldeescobar.com.ar\/#\/schema\/logo\/image\/\"},\"sameAs\":[\"https:\/\/www.facebook.com\/NUEVODigitalDeEscobar\",\"https:\/\/x.com\/nuevodigescobar\",\"https:\/\/www.instagram.com\/nuevodigitaldeescobar\"]},{\"@type\":\"Person\",\"@id\":\"https:\/\/nuevodigitaldeescobar.com.ar\/#\/schema\/person\/035e90a8efe9a80e6eec22656ad6ea4c\",\"name\":\"Redacci\u00f3n\",\"image\":{\"@type\":\"ImageObject\",\"inLanguage\":\"es\",\"@id\":\"https:\/\/nuevodigitaldeescobar.com.ar\/#\/schema\/person\/image\/\",\"url\":\"https:\/\/secure.gravatar.com\/avatar\/8af8f40000c24e9eef3034f2be5998a372bb1389e64b1a4a36b3a7979142220d?s=96&d=mm&r=g\",\"contentUrl\":\"https:\/\/secure.gravatar.com\/avatar\/8af8f40000c24e9eef3034f2be5998a372bb1389e64b1a4a36b3a7979142220d?s=96&d=mm&r=g\",\"caption\":\"Redacci\u00f3n\"},\"sameAs\":[\"http:\/\/nuevodigitaldeescobar.com.ar\"],\"url\":\"https:\/\/nuevodigitaldeescobar.com.ar\/?author=1\"}]}<\/script>\n<!-- \/ Yoast SEO plugin. -->","yoast_head_json":{"title":"Se suman m\u00e1s atracciones a la 62\u00b0 Fiesta Nacional de la Flor - Nuevo Digital de Escobar","description":"Se trata del Mercado de Oportunidades, que vuelve con ofertas exclusivas en productos y servicios de comercios locales, y la Banda Militar Tambor de Tacuar\u00ed del Regimiento de Infanter\u00eda 1 \"Patricios\", que abrir\u00e1 el tradicional desfile.","robots":{"index":"index","follow":"follow","max-snippet":"max-snippet:-1","max-image-preview":"max-image-preview:large","max-video-preview":"max-video-preview:-1"},"canonical":"https:\/\/nuevodigitaldeescobar.com.ar\/?p=18260","og_locale":"es_ES","og_type":"article","og_title":"Se suman m\u00e1s atracciones a la 62\u00b0 Fiesta Nacional de la Flor","og_description":"Se trata del Mercado de Oportunidades, que vuelve con ofertas exclusivas en productos y servicios de comercios locales, y la Banda Militar Tambor de Tacuar\u00ed del Regimiento de Infanter\u00eda 1 \"Patricios\", que abrir\u00e1 el tradicional desfile.","og_url":"https:\/\/nuevodigitaldeescobar.com.ar\/?p=18260","og_site_name":"Nuevo Digital de Escobar","article_publisher":"https:\/\/www.facebook.com\/NUEVODigitalDeEscobar","article_published_time":"2025-10-02T18:35:13+00:00","article_modified_time":"2025-10-02T18:35:44+00:00","og_image":[{"width":1920,"height":1280,"url":"http:\/\/nuevodigitaldeescobar.com.ar\/wp-content\/uploads\/2025\/10\/whatsapp_image_2025_10_01_at_18_34_17.jpeg","type":"image\/jpeg"}],"author":"Redacci\u00f3n","twitter_card":"summary_large_image","twitter_creator":"@nuevodigescobar","twitter_site":"@nuevodigescobar","twitter_misc":{"Escrito por":"Redacci\u00f3n","Tiempo de lectura":"3 minutos"},"schema":{"@context":"https:\/\/schema.org","@graph":[{"@type":"Article","@id":"https:\/\/nuevodigitaldeescobar.com.ar\/?p=18260#article","isPartOf":{"@id":"https:\/\/nuevodigitaldeescobar.com.ar\/?p=18260"},"author":{"name":"Redacci\u00f3n","@id":"https:\/\/nuevodigitaldeescobar.com.ar\/#\/schema\/person\/035e90a8efe9a80e6eec22656ad6ea4c"},"headline":"Se suman m\u00e1s atracciones a la 62\u00b0 Fiesta Nacional de la Flor","datePublished":"2025-10-02T18:35:13+00:00","dateModified":"2025-10-02T18:35:44+00:00","mainEntityOfPage":{"@id":"https:\/\/nuevodigitaldeescobar.com.ar\/?p=18260"},"wordCount":433,"commentCount":0,"publisher":{"@id":"https:\/\/nuevodigitaldeescobar.com.ar\/#organization"},"image":{"@id":"https:\/\/nuevodigitaldeescobar.com.ar\/?p=18260#primaryimage"},"thumbnailUrl":"https:\/\/nuevodigitaldeescobar.com.ar\/wp-content\/uploads\/2025\/10\/whatsapp_image_2025_10_01_at_18_34_17.jpeg","keywords":["Fiesta Nacional de la Flor"],"articleSection":["Inter\u00e9s general"],"inLanguage":"es","potentialAction":[{"@type":"CommentAction","name":"Comment","target":["https:\/\/nuevodigitaldeescobar.com.ar\/?p=18260#respond"]}]},{"@type":"WebPage","@id":"https:\/\/nuevodigitaldeescobar.com.ar\/?p=18260","url":"https:\/\/nuevodigitaldeescobar.com.ar\/?p=18260","name":"Se suman m\u00e1s atracciones a la 62\u00b0 Fiesta Nacional de la Flor - Nuevo Digital de Escobar","isPartOf":{"@id":"https:\/\/nuevodigitaldeescobar.com.ar\/#website"},"primaryImageOfPage":{"@id":"https:\/\/nuevodigitaldeescobar.com.ar\/?p=18260#primaryimage"},"image":{"@id":"https:\/\/nuevodigitaldeescobar.com.ar\/?p=18260#primaryimage"},"thumbnailUrl":"https:\/\/nuevodigitaldeescobar.com.ar\/wp-content\/uploads\/2025\/10\/whatsapp_image_2025_10_01_at_18_34_17.jpeg","datePublished":"2025-10-02T18:35:13+00:00","dateModified":"2025-10-02T18:35:44+00:00","description":"Se trata del Mercado de Oportunidades, que vuelve con ofertas exclusivas en productos y servicios de comercios locales, y la Banda Militar Tambor de Tacuar\u00ed del Regimiento de Infanter\u00eda 1 \"Patricios\", que abrir\u00e1 el tradicional desfile.","breadcrumb":{"@id":"https:\/\/nuevodigitaldeescobar.com.ar\/?p=18260#breadcrumb"},"inLanguage":"es","potentialAction":[{"@type":"ReadAction","target":["https:\/\/nuevodigitaldeescobar.com.ar\/?p=18260"]}]},{"@type":"ImageObject","inLanguage":"es","@id":"https:\/\/nuevodigitaldeescobar.com.ar\/?p=18260#primaryimage","url":"https:\/\/nuevodigitaldeescobar.com.ar\/wp-content\/uploads\/2025\/10\/whatsapp_image_2025_10_01_at_18_34_17.jpeg","contentUrl":"https:\/\/nuevodigitaldeescobar.com.ar\/wp-content\/uploads\/2025\/10\/whatsapp_image_2025_10_01_at_18_34_17.jpeg","width":1920,"height":1280},{"@type":"BreadcrumbList","@id":"https:\/\/nuevodigitaldeescobar.com.ar\/?p=18260#breadcrumb","itemListElement":[{"@type":"ListItem","position":1,"name":"Portada","item":"https:\/\/nuevodigitaldeescobar.com.ar\/"},{"@type":"ListItem","position":2,"name":"Se suman m\u00e1s atracciones a la 62\u00b0 Fiesta Nacional de la Flor"}]},{"@type":"WebSite","@id":"https:\/\/nuevodigitaldeescobar.com.ar\/#website","url":"https:\/\/nuevodigitaldeescobar.com.ar\/","name":"Nuevo Digital de Escobar","description":"La vida escobarense. Directora: Rosana Brunner","publisher":{"@id":"https:\/\/nuevodigitaldeescobar.com.ar\/#organization"},"potentialAction":[{"@type":"SearchAction","target":{"@type":"EntryPoint","urlTemplate":"https:\/\/nuevodigitaldeescobar.com.ar\/?s={search_term_string}"},"query-input":{"@type":"PropertyValueSpecification","valueRequired":true,"valueName":"search_term_string"}}],"inLanguage":"es"},{"@type":"Organization","@id":"https:\/\/nuevodigitaldeescobar.com.ar\/#organization","name":"Nuevo Digital de Escobar","url":"https:\/\/nuevodigitaldeescobar.com.ar\/","logo":{"@type":"ImageObject","inLanguage":"es","@id":"https:\/\/nuevodigitaldeescobar.com.ar\/#\/schema\/logo\/image\/","url":"https:\/\/nuevodigitaldeescobar.com.ar\/wp-content\/uploads\/2025\/05\/cropped-logo-nuevo2.jpg","contentUrl":"https:\/\/nuevodigitaldeescobar.com.ar\/wp-content\/uploads\/2025\/05\/cropped-logo-nuevo2.jpg","width":305,"height":305,"caption":"Nuevo Digital de Escobar"},"image":{"@id":"https:\/\/nuevodigitaldeescobar.com.ar\/#\/schema\/logo\/image\/"},"sameAs":["https:\/\/www.facebook.com\/NUEVODigitalDeEscobar","https:\/\/x.com\/nuevodigescobar","https:\/\/www.instagram.com\/nuevodigitaldeescobar"]},{"@type":"Person","@id":"https:\/\/nuevodigitaldeescobar.com.ar\/#\/schema\/person\/035e90a8efe9a80e6eec22656ad6ea4c","name":"Redacci\u00f3n","image":{"@type":"ImageObject","inLanguage":"es","@id":"https:\/\/nuevodigitaldeescobar.com.ar\/#\/schema\/person\/image\/","url":"https:\/\/secure.gravatar.com\/avatar\/8af8f40000c24e9eef3034f2be5998a372bb1389e64b1a4a36b3a7979142220d?s=96&d=mm&r=g","contentUrl":"https:\/\/secure.gravatar.com\/avatar\/8af8f40000c24e9eef3034f2be5998a372bb1389e64b1a4a36b3a7979142220d?s=96&d=mm&r=g","caption":"Redacci\u00f3n"},"sameAs":["http:\/\/nuevodigitaldeescobar.com.ar"],"url":"https:\/\/nuevodigitaldeescobar.com.ar\/?author=1"}]}},"featured_image_urls":{"full":["https:\/\/nuevodigitaldeescobar.com.ar\/wp-content\/uploads\/2025\/10\/whatsapp_image_2025_10_01_at_18_34_17.jpeg",1920,1280,false],"thumbnail":["https:\/\/nuevodigitaldeescobar.com.ar\/wp-content\/uploads\/2025\/10\/whatsapp_image_2025_10_01_at_18_34_17-150x150.jpeg",150,150,true],"medium":["https:\/\/nuevodigitaldeescobar.com.ar\/wp-content\/uploads\/2025\/10\/whatsapp_image_2025_10_01_at_18_34_17-300x200.jpeg",300,200,true],"medium_large":["https:\/\/nuevodigitaldeescobar.com.ar\/wp-content\/uploads\/2025\/10\/whatsapp_image_2025_10_01_at_18_34_17-768x512.jpeg",640,427,true],"large":["https:\/\/nuevodigitaldeescobar.com.ar\/wp-content\/uploads\/2025\/10\/whatsapp_image_2025_10_01_at_18_34_17-1024x683.jpeg",640,427,true],"1536x1536":["https:\/\/nuevodigitaldeescobar.com.ar\/wp-content\/uploads\/2025\/10\/whatsapp_image_2025_10_01_at_18_34_17-1536x1024.jpeg",1536,1024,true],"2048x2048":["https:\/\/nuevodigitaldeescobar.com.ar\/wp-content\/uploads\/2025\/10\/whatsapp_image_2025_10_01_at_18_34_17.jpeg",1920,1280,false]},"author_info":{"display_name":"Redacci\u00f3n","author_link":"https:\/\/nuevodigitaldeescobar.com.ar\/?author=1"},"category_info":"<a href=\"https:\/\/nuevodigitaldeescobar.com.ar\/?cat=7\" rel=\"category\">Inter\u00e9s general<\/a>","tag_info":"Inter\u00e9s general","comment_count":"0","_links":{"self":[{"href":"https:\/\/nuevodigitaldeescobar.com.ar\/index.php?rest_route=\/wp\/v2\/posts\/18260","targetHints":{"allow":["GET"]}}],"collection":[{"href":"https:\/\/nuevodigitaldeescobar.com.ar\/index.php?rest_route=\/wp\/v2\/posts"}],"about":[{"href":"https:\/\/nuevodigitaldeescobar.com.ar\/index.php?rest_route=\/wp\/v2\/types\/post"}],"author":[{"embeddable":true,"href":"https:\/\/nuevodigitaldeescobar.com.ar\/index.php?rest_route=\/wp\/v2\/users\/1"}],"replies":[{"embeddable":true,"href":"https:\/\/nuevodigitaldeescobar.com.ar\/index.php?rest_route=%2Fwp%2Fv2%2Fcomments&post=18260"}],"version-history":[{"count":1,"href":"https:\/\/nuevodigitaldeescobar.com.ar\/index.php?rest_route=\/wp\/v2\/posts\/18260\/revisions"}],"predecessor-version":[{"id":18264,"href":"https:\/\/nuevodigitaldeescobar.com.ar\/index.php?rest_route=\/wp\/v2\/posts\/18260\/revisions\/18264"}],"wp:featuredmedia":[{"embeddable":true,"href":"https:\/\/nuevodigitaldeescobar.com.ar\/index.php?rest_route=\/wp\/v2\/media\/18263"}],"wp:attachment":[{"href":"https:\/\/nuevodigitaldeescobar.com.ar\/index.php?rest_route=%2Fwp%2Fv2%2Fmedia&parent=18260"}],"wp:term":[{"taxonomy":"category","embeddable":true,"href":"https:\/\/nuevodigitaldeescobar.com.ar\/index.php?rest_route=%2Fwp%2Fv2%2Fcategories&post=18260"},{"taxonomy":"post_tag","embeddable":true,"href":"https:\/\/nuevodigitaldeescobar.com.ar\/index.php?rest_route=%2Fwp%2Fv2%2Ftags&post=18260"}],"curies":[{"name":"wp","href":"https:\/\/api.w.org\/{rel}","templated":true}]}}