{"id":18274,"date":"2025-10-03T12:18:35","date_gmt":"2025-10-03T15:18:35","guid":{"rendered":"https:\/\/nuevodigitaldeescobar.com.ar\/?p=18274"},"modified":"2025-10-03T12:18:47","modified_gmt":"2025-10-03T15:18:47","slug":"espert-reconocio-una-transferencia-de-usd-200-mil-y-nego-que-se-tratara-de-un-aporte-de-campana","status":"publish","type":"post","link":"https:\/\/nuevodigitaldeescobar.com.ar\/?p=18274","title":{"rendered":"Espert reconoci\u00f3 una transferencia de USD 200 mil y neg\u00f3 que se tratara de un aporte de campa\u00f1a"},"content":{"rendered":"\n<p class=\"has-vivid-cyan-blue-color has-text-color has-link-color wp-elements-82cee1845e7f08fd71b23f5b9f1dca28\"><strong><em>El candidato a diputado nacional por La Libertad Avanza, Jos\u00e9 Luis Espert, public\u00f3 un video en redes sociales en el que respondi\u00f3 a la pol\u00e9mica en torno a una transferencia de 200 mil d\u00f3lares proveniente de una empresa vinculada al empresario Fred Machado, detenido por narcotr\u00e1fico.<\/em><\/strong><\/p>\n\n\n\n<!--more-->\n\n\n\n<p>Espert admiti\u00f3 haber recibido el dinero en 2020, pero aclar\u00f3 que no fue para financiar su campa\u00f1a presidencial de 2019 sino como pago por servicios profesionales en su rol de economista. Seg\u00fan explic\u00f3, el v\u00ednculo fue con la empresa minera <strong>Minas del Pueblo de Guatemala<\/strong>, que lo contrat\u00f3 para asesorar en proyectos y en la reestructuraci\u00f3n de deudas.<\/p>\n\n\n\n<figure class=\"wp-block-video aligncenter\"><video controls src=\"https:\/\/nuevodigitaldeescobar.com.ar\/wp-content\/uploads\/2025\/10\/espert200usd.mp4\"><\/video><figcaption class=\"wp-element-caption\"><em>Fuente: Infobae<\/em><\/figcaption><\/figure>\n\n\n\n<p><em>\u201cFue un contrato firmado en mi car\u00e1cter de consultor privado, despu\u00e9s de las elecciones. El pago se hizo a mi cuenta declarada en Estados Unidos, mediante transferencia bancaria completamente transparente\u201d<\/em>, afirm\u00f3 el economista.<\/p>\n\n\n\n<p>El dirigente libertario insisti\u00f3 en que <em>\u201cno recibi\u00f3 fondos de origen il\u00edcito\u201d<\/em> y se\u00f1al\u00f3 que su relaci\u00f3n con Machado en 2019 se limit\u00f3 a la presentaci\u00f3n de un libro y a ciertos apoyos log\u00edsticos en campa\u00f1a. Agreg\u00f3 que nunca pudo completar el trabajo con la empresa minera por las restricciones de la pandemia.<\/p>\n\n\n\n<p>En su descargo, tambi\u00e9n apunt\u00f3 contra el dirigente social <strong>Juan Grabois<\/strong>, quien lo denunci\u00f3 p\u00fablicamente por presunto financiamiento ilegal. <em>\u201cEsto es una campa\u00f1a sucia que se repite desde hace a\u00f1os. Me quieren ensuciar cuando lo que deber\u00eda discutirse es la corrupci\u00f3n de quienes gobiernan hace d\u00e9cadas\u201d<\/em>, sostuvo.<\/p>\n\n\n\n<p>El propio presidente <strong>Javier Milei<\/strong> respald\u00f3 a Espert en redes sociales, acusando al kirchnerismo de <em>\u201cmontar operaciones\u201d<\/em> en su contra.<\/p>\n\n\n\n<p>La controversia se reaviv\u00f3 despu\u00e9s de que se conociera documentaci\u00f3n judicial de Estados Unidos donde figura la operaci\u00f3n bancaria. El expediente vincula a Debra Mercer-Erwin, socia de Machado, condenada por fraude, lavado de dinero y conspiraci\u00f3n para traficar drogas.<\/p>\n\n\n\n<p>Espert cerr\u00f3 su mensaje insistiendo en que se trat\u00f3 de <em>\u201cun trabajo privado\u201d<\/em> y que los pagos fueron <em>\u201clegales y declarados\u201d<\/em>.<\/p>\n\n\n\n<p>\ud83d\udccc Fuente: <em>Infobae<\/em><\/p>\n\n\n\n<p><\/p>\n","protected":false},"excerpt":{"rendered":"<p>El candidato a diputado nacional por La Libertad Avanza, Jos\u00e9 Luis Espert, public\u00f3 un video en redes sociales en el que respondi\u00f3 a la pol\u00e9mica [&hellip;]<\/p>\n","protected":false},"author":1,"featured_media":8933,"comment_status":"open","ping_status":"open","sticky":false,"template":"","format":"standard","meta":{"footnotes":""},"categories":[6],"tags":[],"class_list":["post-18274","post","type-post","status-publish","format-standard","has-post-thumbnail","hentry","category-politica"],"better_featured_image":{"id":8933,"alt_text":"","caption":"","description":"","media_type":"image","media_details":{"width":660,"height":436,"file":"2024\/10\/jose-luis-espert-e1729697179778.jpg","filesize":89475,"sizes":{"medium":{"file":"jose-luis-espert-e1729697179778-300x198.jpg","width":300,"height":198,"mime-type":"image\/jpeg","filesize":12832,"source_url":"https:\/\/nuevodigitaldeescobar.com.ar\/wp-content\/uploads\/2024\/10\/jose-luis-espert-e1729697179778-300x198.jpg"},"thumbnail":{"file":"jose-luis-espert-e1729697179778-150x150.jpg","width":150,"height":150,"mime-type":"image\/jpeg","filesize":5933,"source_url":"https:\/\/nuevodigitaldeescobar.com.ar\/wp-content\/uploads\/2024\/10\/jose-luis-espert-e1729697179778-150x150.jpg"},"medium_large":{"file":"jose-luis-espert-768x576.jpg","width":768,"height":576,"mime-type":"image\/jpeg","filesize":59119,"source_url":"https:\/\/nuevodigitaldeescobar.com.ar\/wp-content\/uploads\/2024\/10\/jose-luis-espert-768x576.jpg"}},"image_meta":{"aperture":"0","credit":"","camera":"","caption":"","created_timestamp":"0","copyright":"","focal_length":"0","iso":"0","shutter_speed":"0","title":"","orientation":"0","keywords":[]}},"post":8932,"source_url":"https:\/\/nuevodigitaldeescobar.com.ar\/wp-content\/uploads\/2024\/10\/jose-luis-espert-e1729697179778.jpg"},"yoast_head":"<!-- This site is optimized with the Yoast SEO plugin v26.1.1 - https:\/\/yoast.com\/wordpress\/plugins\/seo\/ -->\n<title>Espert reconoci\u00f3 una transferencia de USD 200 mil y neg\u00f3 que se tratara de un aporte de campa\u00f1a - Nuevo Digital de Escobar<\/title>\n<meta name=\"robots\" content=\"index, follow, max-snippet:-1, max-image-preview:large, max-video-preview:-1\" \/>\n<link rel=\"canonical\" href=\"https:\/\/nuevodigitaldeescobar.com.ar\/?p=18274\" \/>\n<meta property=\"og:locale\" content=\"es_ES\" \/>\n<meta property=\"og:type\" content=\"article\" \/>\n<meta property=\"og:title\" content=\"Espert reconoci\u00f3 una transferencia de USD 200 mil y neg\u00f3 que se tratara de un aporte de campa\u00f1a - Nuevo Digital de Escobar\" \/>\n<meta property=\"og:description\" content=\"El candidato a diputado nacional por La Libertad Avanza, Jos\u00e9 Luis Espert, public\u00f3 un video en redes sociales en el que respondi\u00f3 a la pol\u00e9mica [&hellip;]\" \/>\n<meta property=\"og:url\" content=\"https:\/\/nuevodigitaldeescobar.com.ar\/?p=18274\" \/>\n<meta property=\"og:site_name\" content=\"Nuevo Digital de Escobar\" \/>\n<meta property=\"article:publisher\" content=\"https:\/\/www.facebook.com\/NUEVODigitalDeEscobar\" \/>\n<meta property=\"article:published_time\" content=\"2025-10-03T15:18:35+00:00\" \/>\n<meta property=\"article:modified_time\" content=\"2025-10-03T15:18:47+00:00\" \/>\n<meta property=\"og:image\" content=\"http:\/\/nuevodigitaldeescobar.com.ar\/wp-content\/uploads\/2024\/10\/jose-luis-espert-e1729697179778.jpg\" \/>\n\t<meta property=\"og:image:width\" content=\"660\" \/>\n\t<meta property=\"og:image:height\" content=\"436\" \/>\n\t<meta property=\"og:image:type\" content=\"image\/jpeg\" \/>\n<meta name=\"author\" content=\"Redacci\u00f3n\" \/>\n<meta name=\"twitter:card\" content=\"summary_large_image\" \/>\n<meta name=\"twitter:creator\" content=\"@nuevodigescobar\" \/>\n<meta name=\"twitter:site\" content=\"@nuevodigescobar\" \/>\n<meta name=\"twitter:label1\" content=\"Escrito por\" \/>\n\t<meta name=\"twitter:data1\" content=\"Redacci\u00f3n\" \/>\n\t<meta name=\"twitter:label2\" content=\"Tiempo de lectura\" \/>\n\t<meta name=\"twitter:data2\" content=\"2 minutos\" \/>\n<script type=\"application\/ld+json\" class=\"yoast-schema-graph\">{\"@context\":\"https:\/\/schema.org\",\"@graph\":[{\"@type\":\"Article\",\"@id\":\"https:\/\/nuevodigitaldeescobar.com.ar\/?p=18274#article\",\"isPartOf\":{\"@id\":\"https:\/\/nuevodigitaldeescobar.com.ar\/?p=18274\"},\"author\":{\"name\":\"Redacci\u00f3n\",\"@id\":\"https:\/\/nuevodigitaldeescobar.com.ar\/#\/schema\/person\/035e90a8efe9a80e6eec22656ad6ea4c\"},\"headline\":\"Espert reconoci\u00f3 una transferencia de USD 200 mil y neg\u00f3 que se tratara de un aporte de campa\u00f1a\",\"datePublished\":\"2025-10-03T15:18:35+00:00\",\"dateModified\":\"2025-10-03T15:18:47+00:00\",\"mainEntityOfPage\":{\"@id\":\"https:\/\/nuevodigitaldeescobar.com.ar\/?p=18274\"},\"wordCount\":361,\"commentCount\":0,\"publisher\":{\"@id\":\"https:\/\/nuevodigitaldeescobar.com.ar\/#organization\"},\"image\":{\"@id\":\"https:\/\/nuevodigitaldeescobar.com.ar\/?p=18274#primaryimage\"},\"thumbnailUrl\":\"https:\/\/nuevodigitaldeescobar.com.ar\/wp-content\/uploads\/2024\/10\/jose-luis-espert-e1729697179778.jpg\",\"articleSection\":[\"Pol\u00edtica\"],\"inLanguage\":\"es\",\"potentialAction\":[{\"@type\":\"CommentAction\",\"name\":\"Comment\",\"target\":[\"https:\/\/nuevodigitaldeescobar.com.ar\/?p=18274#respond\"]}]},{\"@type\":\"WebPage\",\"@id\":\"https:\/\/nuevodigitaldeescobar.com.ar\/?p=18274\",\"url\":\"https:\/\/nuevodigitaldeescobar.com.ar\/?p=18274\",\"name\":\"Espert reconoci\u00f3 una transferencia de USD 200 mil y neg\u00f3 que se tratara de un aporte de campa\u00f1a - Nuevo Digital de Escobar\",\"isPartOf\":{\"@id\":\"https:\/\/nuevodigitaldeescobar.com.ar\/#website\"},\"primaryImageOfPage\":{\"@id\":\"https:\/\/nuevodigitaldeescobar.com.ar\/?p=18274#primaryimage\"},\"image\":{\"@id\":\"https:\/\/nuevodigitaldeescobar.com.ar\/?p=18274#primaryimage\"},\"thumbnailUrl\":\"https:\/\/nuevodigitaldeescobar.com.ar\/wp-content\/uploads\/2024\/10\/jose-luis-espert-e1729697179778.jpg\",\"datePublished\":\"2025-10-03T15:18:35+00:00\",\"dateModified\":\"2025-10-03T15:18:47+00:00\",\"breadcrumb\":{\"@id\":\"https:\/\/nuevodigitaldeescobar.com.ar\/?p=18274#breadcrumb\"},\"inLanguage\":\"es\",\"potentialAction\":[{\"@type\":\"ReadAction\",\"target\":[\"https:\/\/nuevodigitaldeescobar.com.ar\/?p=18274\"]}]},{\"@type\":\"ImageObject\",\"inLanguage\":\"es\",\"@id\":\"https:\/\/nuevodigitaldeescobar.com.ar\/?p=18274#primaryimage\",\"url\":\"https:\/\/nuevodigitaldeescobar.com.ar\/wp-content\/uploads\/2024\/10\/jose-luis-espert-e1729697179778.jpg\",\"contentUrl\":\"https:\/\/nuevodigitaldeescobar.com.ar\/wp-content\/uploads\/2024\/10\/jose-luis-espert-e1729697179778.jpg\",\"width\":660,\"height\":436},{\"@type\":\"BreadcrumbList\",\"@id\":\"https:\/\/nuevodigitaldeescobar.com.ar\/?p=18274#breadcrumb\",\"itemListElement\":[{\"@type\":\"ListItem\",\"position\":1,\"name\":\"Portada\",\"item\":\"https:\/\/nuevodigitaldeescobar.com.ar\/\"},{\"@type\":\"ListItem\",\"position\":2,\"name\":\"Espert reconoci\u00f3 una transferencia de USD 200 mil y neg\u00f3 que se tratara de un aporte de campa\u00f1a\"}]},{\"@type\":\"WebSite\",\"@id\":\"https:\/\/nuevodigitaldeescobar.com.ar\/#website\",\"url\":\"https:\/\/nuevodigitaldeescobar.com.ar\/\",\"name\":\"Nuevo Digital de Escobar\",\"description\":\"La vida escobarense. Directora: Rosana Brunner\",\"publisher\":{\"@id\":\"https:\/\/nuevodigitaldeescobar.com.ar\/#organization\"},\"potentialAction\":[{\"@type\":\"SearchAction\",\"target\":{\"@type\":\"EntryPoint\",\"urlTemplate\":\"https:\/\/nuevodigitaldeescobar.com.ar\/?s={search_term_string}\"},\"query-input\":{\"@type\":\"PropertyValueSpecification\",\"valueRequired\":true,\"valueName\":\"search_term_string\"}}],\"inLanguage\":\"es\"},{\"@type\":\"Organization\",\"@id\":\"https:\/\/nuevodigitaldeescobar.com.ar\/#organization\",\"name\":\"Nuevo Digital de Escobar\",\"url\":\"https:\/\/nuevodigitaldeescobar.com.ar\/\",\"logo\":{\"@type\":\"ImageObject\",\"inLanguage\":\"es\",\"@id\":\"https:\/\/nuevodigitaldeescobar.com.ar\/#\/schema\/logo\/image\/\",\"url\":\"https:\/\/nuevodigitaldeescobar.com.ar\/wp-content\/uploads\/2025\/05\/cropped-logo-nuevo2.jpg\",\"contentUrl\":\"https:\/\/nuevodigitaldeescobar.com.ar\/wp-content\/uploads\/2025\/05\/cropped-logo-nuevo2.jpg\",\"width\":305,\"height\":305,\"caption\":\"Nuevo Digital de Escobar\"},\"image\":{\"@id\":\"https:\/\/nuevodigitaldeescobar.com.ar\/#\/schema\/logo\/image\/\"},\"sameAs\":[\"https:\/\/www.facebook.com\/NUEVODigitalDeEscobar\",\"https:\/\/x.com\/nuevodigescobar\",\"https:\/\/www.instagram.com\/nuevodigitaldeescobar\"]},{\"@type\":\"Person\",\"@id\":\"https:\/\/nuevodigitaldeescobar.com.ar\/#\/schema\/person\/035e90a8efe9a80e6eec22656ad6ea4c\",\"name\":\"Redacci\u00f3n\",\"image\":{\"@type\":\"ImageObject\",\"inLanguage\":\"es\",\"@id\":\"https:\/\/nuevodigitaldeescobar.com.ar\/#\/schema\/person\/image\/\",\"url\":\"https:\/\/secure.gravatar.com\/avatar\/8af8f40000c24e9eef3034f2be5998a372bb1389e64b1a4a36b3a7979142220d?s=96&d=mm&r=g\",\"contentUrl\":\"https:\/\/secure.gravatar.com\/avatar\/8af8f40000c24e9eef3034f2be5998a372bb1389e64b1a4a36b3a7979142220d?s=96&d=mm&r=g\",\"caption\":\"Redacci\u00f3n\"},\"sameAs\":[\"http:\/\/nuevodigitaldeescobar.com.ar\"],\"url\":\"https:\/\/nuevodigitaldeescobar.com.ar\/?author=1\"}]}<\/script>\n<!-- \/ Yoast SEO plugin. -->","yoast_head_json":{"title":"Espert reconoci\u00f3 una transferencia de USD 200 mil y neg\u00f3 que se tratara de un aporte de campa\u00f1a - Nuevo Digital de Escobar","robots":{"index":"index","follow":"follow","max-snippet":"max-snippet:-1","max-image-preview":"max-image-preview:large","max-video-preview":"max-video-preview:-1"},"canonical":"https:\/\/nuevodigitaldeescobar.com.ar\/?p=18274","og_locale":"es_ES","og_type":"article","og_title":"Espert reconoci\u00f3 una transferencia de USD 200 mil y neg\u00f3 que se tratara de un aporte de campa\u00f1a - Nuevo Digital de Escobar","og_description":"El candidato a diputado nacional por La Libertad Avanza, Jos\u00e9 Luis Espert, public\u00f3 un video en redes sociales en el que respondi\u00f3 a la pol\u00e9mica [&hellip;]","og_url":"https:\/\/nuevodigitaldeescobar.com.ar\/?p=18274","og_site_name":"Nuevo Digital de Escobar","article_publisher":"https:\/\/www.facebook.com\/NUEVODigitalDeEscobar","article_published_time":"2025-10-03T15:18:35+00:00","article_modified_time":"2025-10-03T15:18:47+00:00","og_image":[{"width":660,"height":436,"url":"http:\/\/nuevodigitaldeescobar.com.ar\/wp-content\/uploads\/2024\/10\/jose-luis-espert-e1729697179778.jpg","type":"image\/jpeg"}],"author":"Redacci\u00f3n","twitter_card":"summary_large_image","twitter_creator":"@nuevodigescobar","twitter_site":"@nuevodigescobar","twitter_misc":{"Escrito por":"Redacci\u00f3n","Tiempo de lectura":"2 minutos"},"schema":{"@context":"https:\/\/schema.org","@graph":[{"@type":"Article","@id":"https:\/\/nuevodigitaldeescobar.com.ar\/?p=18274#article","isPartOf":{"@id":"https:\/\/nuevodigitaldeescobar.com.ar\/?p=18274"},"author":{"name":"Redacci\u00f3n","@id":"https:\/\/nuevodigitaldeescobar.com.ar\/#\/schema\/person\/035e90a8efe9a80e6eec22656ad6ea4c"},"headline":"Espert reconoci\u00f3 una transferencia de USD 200 mil y neg\u00f3 que se tratara de un aporte de campa\u00f1a","datePublished":"2025-10-03T15:18:35+00:00","dateModified":"2025-10-03T15:18:47+00:00","mainEntityOfPage":{"@id":"https:\/\/nuevodigitaldeescobar.com.ar\/?p=18274"},"wordCount":361,"commentCount":0,"publisher":{"@id":"https:\/\/nuevodigitaldeescobar.com.ar\/#organization"},"image":{"@id":"https:\/\/nuevodigitaldeescobar.com.ar\/?p=18274#primaryimage"},"thumbnailUrl":"https:\/\/nuevodigitaldeescobar.com.ar\/wp-content\/uploads\/2024\/10\/jose-luis-espert-e1729697179778.jpg","articleSection":["Pol\u00edtica"],"inLanguage":"es","potentialAction":[{"@type":"CommentAction","name":"Comment","target":["https:\/\/nuevodigitaldeescobar.com.ar\/?p=18274#respond"]}]},{"@type":"WebPage","@id":"https:\/\/nuevodigitaldeescobar.com.ar\/?p=18274","url":"https:\/\/nuevodigitaldeescobar.com.ar\/?p=18274","name":"Espert reconoci\u00f3 una transferencia de USD 200 mil y neg\u00f3 que se tratara de un aporte de campa\u00f1a - Nuevo Digital de Escobar","isPartOf":{"@id":"https:\/\/nuevodigitaldeescobar.com.ar\/#website"},"primaryImageOfPage":{"@id":"https:\/\/nuevodigitaldeescobar.com.ar\/?p=18274#primaryimage"},"image":{"@id":"https:\/\/nuevodigitaldeescobar.com.ar\/?p=18274#primaryimage"},"thumbnailUrl":"https:\/\/nuevodigitaldeescobar.com.ar\/wp-content\/uploads\/2024\/10\/jose-luis-espert-e1729697179778.jpg","datePublished":"2025-10-03T15:18:35+00:00","dateModified":"2025-10-03T15:18:47+00:00","breadcrumb":{"@id":"https:\/\/nuevodigitaldeescobar.com.ar\/?p=18274#breadcrumb"},"inLanguage":"es","potentialAction":[{"@type":"ReadAction","target":["https:\/\/nuevodigitaldeescobar.com.ar\/?p=18274"]}]},{"@type":"ImageObject","inLanguage":"es","@id":"https:\/\/nuevodigitaldeescobar.com.ar\/?p=18274#primaryimage","url":"https:\/\/nuevodigitaldeescobar.com.ar\/wp-content\/uploads\/2024\/10\/jose-luis-espert-e1729697179778.jpg","contentUrl":"https:\/\/nuevodigitaldeescobar.com.ar\/wp-content\/uploads\/2024\/10\/jose-luis-espert-e1729697179778.jpg","width":660,"height":436},{"@type":"BreadcrumbList","@id":"https:\/\/nuevodigitaldeescobar.com.ar\/?p=18274#breadcrumb","itemListElement":[{"@type":"ListItem","position":1,"name":"Portada","item":"https:\/\/nuevodigitaldeescobar.com.ar\/"},{"@type":"ListItem","position":2,"name":"Espert reconoci\u00f3 una transferencia de USD 200 mil y neg\u00f3 que se tratara de un aporte de campa\u00f1a"}]},{"@type":"WebSite","@id":"https:\/\/nuevodigitaldeescobar.com.ar\/#website","url":"https:\/\/nuevodigitaldeescobar.com.ar\/","name":"Nuevo Digital de Escobar","description":"La vida escobarense. Directora: Rosana Brunner","publisher":{"@id":"https:\/\/nuevodigitaldeescobar.com.ar\/#organization"},"potentialAction":[{"@type":"SearchAction","target":{"@type":"EntryPoint","urlTemplate":"https:\/\/nuevodigitaldeescobar.com.ar\/?s={search_term_string}"},"query-input":{"@type":"PropertyValueSpecification","valueRequired":true,"valueName":"search_term_string"}}],"inLanguage":"es"},{"@type":"Organization","@id":"https:\/\/nuevodigitaldeescobar.com.ar\/#organization","name":"Nuevo Digital de Escobar","url":"https:\/\/nuevodigitaldeescobar.com.ar\/","logo":{"@type":"ImageObject","inLanguage":"es","@id":"https:\/\/nuevodigitaldeescobar.com.ar\/#\/schema\/logo\/image\/","url":"https:\/\/nuevodigitaldeescobar.com.ar\/wp-content\/uploads\/2025\/05\/cropped-logo-nuevo2.jpg","contentUrl":"https:\/\/nuevodigitaldeescobar.com.ar\/wp-content\/uploads\/2025\/05\/cropped-logo-nuevo2.jpg","width":305,"height":305,"caption":"Nuevo Digital de Escobar"},"image":{"@id":"https:\/\/nuevodigitaldeescobar.com.ar\/#\/schema\/logo\/image\/"},"sameAs":["https:\/\/www.facebook.com\/NUEVODigitalDeEscobar","https:\/\/x.com\/nuevodigescobar","https:\/\/www.instagram.com\/nuevodigitaldeescobar"]},{"@type":"Person","@id":"https:\/\/nuevodigitaldeescobar.com.ar\/#\/schema\/person\/035e90a8efe9a80e6eec22656ad6ea4c","name":"Redacci\u00f3n","image":{"@type":"ImageObject","inLanguage":"es","@id":"https:\/\/nuevodigitaldeescobar.com.ar\/#\/schema\/person\/image\/","url":"https:\/\/secure.gravatar.com\/avatar\/8af8f40000c24e9eef3034f2be5998a372bb1389e64b1a4a36b3a7979142220d?s=96&d=mm&r=g","contentUrl":"https:\/\/secure.gravatar.com\/avatar\/8af8f40000c24e9eef3034f2be5998a372bb1389e64b1a4a36b3a7979142220d?s=96&d=mm&r=g","caption":"Redacci\u00f3n"},"sameAs":["http:\/\/nuevodigitaldeescobar.com.ar"],"url":"https:\/\/nuevodigitaldeescobar.com.ar\/?author=1"}]}},"featured_image_urls":{"full":["https:\/\/nuevodigitaldeescobar.com.ar\/wp-content\/uploads\/2024\/10\/jose-luis-espert-e1729697179778.jpg",660,436,false],"thumbnail":["https:\/\/nuevodigitaldeescobar.com.ar\/wp-content\/uploads\/2024\/10\/jose-luis-espert-e1729697179778-150x150.jpg",150,150,true],"medium":["https:\/\/nuevodigitaldeescobar.com.ar\/wp-content\/uploads\/2024\/10\/jose-luis-espert-e1729697179778-300x198.jpg",300,198,true],"medium_large":["https:\/\/nuevodigitaldeescobar.com.ar\/wp-content\/uploads\/2024\/10\/jose-luis-espert-768x576.jpg",640,480,true],"large":["https:\/\/nuevodigitaldeescobar.com.ar\/wp-content\/uploads\/2024\/10\/jose-luis-espert-e1729697179778.jpg",640,423,false],"1536x1536":["https:\/\/nuevodigitaldeescobar.com.ar\/wp-content\/uploads\/2024\/10\/jose-luis-espert-e1729697179778.jpg",660,436,false],"2048x2048":["https:\/\/nuevodigitaldeescobar.com.ar\/wp-content\/uploads\/2024\/10\/jose-luis-espert-e1729697179778.jpg",660,436,false]},"author_info":{"display_name":"Redacci\u00f3n","author_link":"https:\/\/nuevodigitaldeescobar.com.ar\/?author=1"},"category_info":"<a href=\"https:\/\/nuevodigitaldeescobar.com.ar\/?cat=6\" rel=\"category\">Pol\u00edtica<\/a>","tag_info":"Pol\u00edtica","comment_count":"0","_links":{"self":[{"href":"https:\/\/nuevodigitaldeescobar.com.ar\/index.php?rest_route=\/wp\/v2\/posts\/18274","targetHints":{"allow":["GET"]}}],"collection":[{"href":"https:\/\/nuevodigitaldeescobar.com.ar\/index.php?rest_route=\/wp\/v2\/posts"}],"about":[{"href":"https:\/\/nuevodigitaldeescobar.com.ar\/index.php?rest_route=\/wp\/v2\/types\/post"}],"author":[{"embeddable":true,"href":"https:\/\/nuevodigitaldeescobar.com.ar\/index.php?rest_route=\/wp\/v2\/users\/1"}],"replies":[{"embeddable":true,"href":"https:\/\/nuevodigitaldeescobar.com.ar\/index.php?rest_route=%2Fwp%2Fv2%2Fcomments&post=18274"}],"version-history":[{"count":1,"href":"https:\/\/nuevodigitaldeescobar.com.ar\/index.php?rest_route=\/wp\/v2\/posts\/18274\/revisions"}],"predecessor-version":[{"id":18276,"href":"https:\/\/nuevodigitaldeescobar.com.ar\/index.php?rest_route=\/wp\/v2\/posts\/18274\/revisions\/18276"}],"wp:featuredmedia":[{"embeddable":true,"href":"https:\/\/nuevodigitaldeescobar.com.ar\/index.php?rest_route=\/wp\/v2\/media\/8933"}],"wp:attachment":[{"href":"https:\/\/nuevodigitaldeescobar.com.ar\/index.php?rest_route=%2Fwp%2Fv2%2Fmedia&parent=18274"}],"wp:term":[{"taxonomy":"category","embeddable":true,"href":"https:\/\/nuevodigitaldeescobar.com.ar\/index.php?rest_route=%2Fwp%2Fv2%2Fcategories&post=18274"},{"taxonomy":"post_tag","embeddable":true,"href":"https:\/\/nuevodigitaldeescobar.com.ar\/index.php?rest_route=%2Fwp%2Fv2%2Ftags&post=18274"}],"curies":[{"name":"wp","href":"https:\/\/api.w.org\/{rel}","templated":true}]}}