{"id":18348,"date":"2025-10-08T03:09:00","date_gmt":"2025-10-08T06:09:00","guid":{"rendered":"https:\/\/nuevodigitaldeescobar.com.ar\/?p=18348"},"modified":"2025-10-07T11:16:40","modified_gmt":"2025-10-07T14:16:40","slug":"fred-machado-admitio-que-financio-la-campana-de-jose-luis-espert-en-2019-y-revelo-nuevos-detalles-sobre-su-vinculo","status":"publish","type":"post","link":"https:\/\/nuevodigitaldeescobar.com.ar\/?p=18348","title":{"rendered":"Fred Machado admiti\u00f3 que financi\u00f3 la campa\u00f1a de Jos\u00e9 Luis Espert en 2019 y revel\u00f3 nuevos detalles sobre su v\u00ednculo"},"content":{"rendered":"\n<p class=\"has-vivid-cyan-blue-color has-text-color has-link-color wp-elements-af69f7fb9aee4cc644da4591e0dd2d64\"><em><strong>El empresario argentino Federico \u201cFred\u201d Machado, actualmente detenido con prisi\u00f3n domiciliaria y acusado en Estados Unidos por presuntos v\u00ednculos con el narcotr\u00e1fico, reconoci\u00f3 p\u00fablicamente que aport\u00f3 dinero a la campa\u00f1a presidencial de Jos\u00e9 Luis Espert en 2019.<\/strong><\/em><\/p>\n\n\n\n<!--more-->\n\n\n\n<p>En declaraciones radiales, Machado explic\u00f3 que su acercamiento al entonces candidato liberal fue <em>\u201ccasual\u201d<\/em> y que lo hizo movido por simpat\u00eda hacia sus ideas y su estilo. <em>\u201cLo conoc\u00ed en 2019, me gust\u00f3 c\u00f3mo hablaba. En ese momento no era agresivo como ahora\u201d<\/em>, afirm\u00f3 en di\u00e1logo con Radio Rivadavia.<\/p>\n\n\n\n<p>El empresario aclar\u00f3 que su colaboraci\u00f3n no se trat\u00f3 de un financiamiento millonario, sino de una ayuda puntual para cubrir gastos log\u00edsticos y actividades de promoci\u00f3n pol\u00edtica. <em>\u201cEspert me pidi\u00f3 apoyo econ\u00f3mico porque estaban sin recursos. Yo lo ayud\u00e9 con lo que pude, no era una gran estructura, \u00e9ramos tres personas y unos s\u00e1ndwiches con Coca-Cola\u201d<\/em>, relat\u00f3.<\/p>\n\n\n\n<p>Entre los gastos reconocidos, Machado confirm\u00f3 haber financiado la visita a la Argentina del reconocido consultor estadounidense Dick Morris, exasesor del expresidente Bill Clinton, quien particip\u00f3 de reuniones estrat\u00e9gicas con Espert y su entorno. <em>\u201cMe pidieron que le pagara el viaje y el hotel a Morris. Fui al hotel, lo busqu\u00e9 y lo llev\u00e9 a la casa de Luis Rosales, donde se arm\u00f3 la reuni\u00f3n de campa\u00f1a\u201d<\/em>, record\u00f3.<\/p>\n\n\n\n<p>Seg\u00fan su testimonio, el total de su apoyo rond\u00f3 los <strong>USD 150.000<\/strong>, adem\u00e1s de una <strong>asesor\u00eda privada posterior<\/strong> que Espert habr\u00eda firmado por otros <strong>USD 200.000<\/strong>, vinculada a un proyecto minero en Guatemala. <em>\u201c\u00c9l me dijo que era buen economista y que pod\u00eda hacer una consultor\u00eda. Firmamos un contrato con todas las formalidades\u201d<\/em>, asegur\u00f3.<\/p>\n\n\n\n<p>Machado tambi\u00e9n revel\u00f3 que Espert viaj\u00f3 en un avi\u00f3n de su propiedad durante la campa\u00f1a electoral, aunque neg\u00f3 que existiera una relaci\u00f3n comercial o pol\u00edtica sostenida. <em>\u201cTuvo un avi\u00f3n a disposici\u00f3n, pero fueron pocas veces. No me arrepiento de haberlo ayudado, pero su error fue negarme. Tendr\u00eda que haber dicho la verdad\u201d<\/em>, sentenci\u00f3.<\/p>\n\n\n\n<p>Respecto de las acusaciones judiciales que enfrenta en Estados Unidos, el empresario insisti\u00f3 en su inocencia. <em>\u201cNunca transport\u00e9 drogas ni tuve relaci\u00f3n con narcotraficantes. Me investigan porque algunos aviones que vend\u00ed o administr\u00e9 se usaron para tr\u00e1fico, pero no tengo nada que ver. Mi trabajo siempre fue legal\u201d<\/em>, sostuvo.<\/p>\n\n\n\n<p>Machado, que hizo fortuna en el sector aeron\u00e1utico y asegura haber construido su patrimonio <em>\u201ctrabajando duro y fuera del pa\u00eds\u201d<\/em>, afirm\u00f3 que su vida cambi\u00f3 por completo desde que la investigaci\u00f3n se hizo p\u00fablica. <em>\u201cEl \u00fanico que te reconoce es tu madre y tu perro. Todo lo dem\u00e1s es ruido\u201d<\/em>, reflexion\u00f3.<\/p>\n\n\n\n<p>El caso reabre el debate sobre los <strong>mecanismos de financiamiento pol\u00edtico en Argentina<\/strong> y la transparencia de los aportes de campa\u00f1a. Aunque Espert no respondi\u00f3 p\u00fablicamente a las declaraciones de Machado, el esc\u00e1ndalo vuelve a poner bajo la lupa los v\u00ednculos entre empresarios y figuras pol\u00edticas en el pa\u00eds.<\/p>\n","protected":false},"excerpt":{"rendered":"<p>El empresario argentino Federico \u201cFred\u201d Machado, actualmente detenido con prisi\u00f3n domiciliaria y acusado en Estados Unidos por presuntos v\u00ednculos con el narcotr\u00e1fico, reconoci\u00f3 p\u00fablicamente que [&hellip;]<\/p>\n","protected":false},"author":1,"featured_media":18349,"comment_status":"open","ping_status":"open","sticky":false,"template":"","format":"standard","meta":{"footnotes":""},"categories":[6],"tags":[],"class_list":["post-18348","post","type-post","status-publish","format-standard","has-post-thumbnail","hentry","category-politica"],"better_featured_image":{"id":18349,"alt_text":"","caption":"","description":"","media_type":"image","media_details":{"width":1083,"height":453,"file":"2025\/10\/machadoespert43.png","filesize":598454,"sizes":{"medium":{"file":"machadoespert43-300x125.png","width":300,"height":125,"mime-type":"image\/png","filesize":30608,"source_url":"https:\/\/nuevodigitaldeescobar.com.ar\/wp-content\/uploads\/2025\/10\/machadoespert43-300x125.png"},"large":{"file":"machadoespert43-1024x428.png","width":1024,"height":428,"mime-type":"image\/png","filesize":259043,"source_url":"https:\/\/nuevodigitaldeescobar.com.ar\/wp-content\/uploads\/2025\/10\/machadoespert43-1024x428.png"},"thumbnail":{"file":"machadoespert43-150x150.png","width":150,"height":150,"mime-type":"image\/png","filesize":16886,"source_url":"https:\/\/nuevodigitaldeescobar.com.ar\/wp-content\/uploads\/2025\/10\/machadoespert43-150x150.png"},"medium_large":{"file":"machadoespert43-768x321.png","width":768,"height":321,"mime-type":"image\/png","filesize":155299,"source_url":"https:\/\/nuevodigitaldeescobar.com.ar\/wp-content\/uploads\/2025\/10\/machadoespert43-768x321.png"}},"image_meta":{"aperture":"0","credit":"","camera":"","caption":"","created_timestamp":"0","copyright":"","focal_length":"0","iso":"0","shutter_speed":"0","title":"","orientation":"0","keywords":[]}},"post":18348,"source_url":"https:\/\/nuevodigitaldeescobar.com.ar\/wp-content\/uploads\/2025\/10\/machadoespert43.png"},"yoast_head":"<!-- This site is optimized with the Yoast SEO plugin v26.1.1 - https:\/\/yoast.com\/wordpress\/plugins\/seo\/ -->\n<title>Fred Machado admiti\u00f3 que financi\u00f3 la campa\u00f1a de Jos\u00e9 Luis Espert en 2019 y revel\u00f3 nuevos detalles sobre su v\u00ednculo - Nuevo Digital de Escobar<\/title>\n<meta name=\"robots\" content=\"index, follow, max-snippet:-1, max-image-preview:large, max-video-preview:-1\" \/>\n<link rel=\"canonical\" href=\"https:\/\/nuevodigitaldeescobar.com.ar\/?p=18348\" \/>\n<meta property=\"og:locale\" content=\"es_ES\" \/>\n<meta property=\"og:type\" content=\"article\" \/>\n<meta property=\"og:title\" content=\"Fred Machado admiti\u00f3 que financi\u00f3 la campa\u00f1a de Jos\u00e9 Luis Espert en 2019 y revel\u00f3 nuevos detalles sobre su v\u00ednculo - Nuevo Digital de Escobar\" \/>\n<meta property=\"og:description\" content=\"El empresario argentino Federico \u201cFred\u201d Machado, actualmente detenido con prisi\u00f3n domiciliaria y acusado en Estados Unidos por presuntos v\u00ednculos con el narcotr\u00e1fico, reconoci\u00f3 p\u00fablicamente que [&hellip;]\" \/>\n<meta property=\"og:url\" content=\"https:\/\/nuevodigitaldeescobar.com.ar\/?p=18348\" \/>\n<meta property=\"og:site_name\" content=\"Nuevo Digital de Escobar\" \/>\n<meta property=\"article:publisher\" content=\"https:\/\/www.facebook.com\/NUEVODigitalDeEscobar\" \/>\n<meta property=\"article:published_time\" content=\"2025-10-08T06:09:00+00:00\" \/>\n<meta property=\"og:image\" content=\"https:\/\/nuevodigitaldeescobar.com.ar\/wp-content\/uploads\/2025\/10\/machadoespert43.png\" \/>\n\t<meta property=\"og:image:width\" content=\"1083\" \/>\n\t<meta property=\"og:image:height\" content=\"453\" \/>\n\t<meta property=\"og:image:type\" content=\"image\/png\" \/>\n<meta name=\"author\" content=\"Redacci\u00f3n\" \/>\n<meta name=\"twitter:card\" content=\"summary_large_image\" \/>\n<meta name=\"twitter:creator\" content=\"@nuevodigescobar\" \/>\n<meta name=\"twitter:site\" content=\"@nuevodigescobar\" \/>\n<meta name=\"twitter:label1\" content=\"Escrito por\" \/>\n\t<meta name=\"twitter:data1\" content=\"Redacci\u00f3n\" \/>\n\t<meta name=\"twitter:label2\" content=\"Tiempo de lectura\" \/>\n\t<meta name=\"twitter:data2\" content=\"3 minutos\" \/>\n<script type=\"application\/ld+json\" class=\"yoast-schema-graph\">{\"@context\":\"https:\/\/schema.org\",\"@graph\":[{\"@type\":\"Article\",\"@id\":\"https:\/\/nuevodigitaldeescobar.com.ar\/?p=18348#article\",\"isPartOf\":{\"@id\":\"https:\/\/nuevodigitaldeescobar.com.ar\/?p=18348\"},\"author\":{\"name\":\"Redacci\u00f3n\",\"@id\":\"https:\/\/nuevodigitaldeescobar.com.ar\/#\/schema\/person\/035e90a8efe9a80e6eec22656ad6ea4c\"},\"headline\":\"Fred Machado admiti\u00f3 que financi\u00f3 la campa\u00f1a de Jos\u00e9 Luis Espert en 2019 y revel\u00f3 nuevos detalles sobre su v\u00ednculo\",\"datePublished\":\"2025-10-08T06:09:00+00:00\",\"mainEntityOfPage\":{\"@id\":\"https:\/\/nuevodigitaldeescobar.com.ar\/?p=18348\"},\"wordCount\":529,\"commentCount\":0,\"publisher\":{\"@id\":\"https:\/\/nuevodigitaldeescobar.com.ar\/#organization\"},\"image\":{\"@id\":\"https:\/\/nuevodigitaldeescobar.com.ar\/?p=18348#primaryimage\"},\"thumbnailUrl\":\"https:\/\/nuevodigitaldeescobar.com.ar\/wp-content\/uploads\/2025\/10\/machadoespert43.png\",\"articleSection\":[\"Pol\u00edtica\"],\"inLanguage\":\"es\",\"potentialAction\":[{\"@type\":\"CommentAction\",\"name\":\"Comment\",\"target\":[\"https:\/\/nuevodigitaldeescobar.com.ar\/?p=18348#respond\"]}]},{\"@type\":\"WebPage\",\"@id\":\"https:\/\/nuevodigitaldeescobar.com.ar\/?p=18348\",\"url\":\"https:\/\/nuevodigitaldeescobar.com.ar\/?p=18348\",\"name\":\"Fred Machado admiti\u00f3 que financi\u00f3 la campa\u00f1a de Jos\u00e9 Luis Espert en 2019 y revel\u00f3 nuevos detalles sobre su v\u00ednculo - Nuevo Digital de Escobar\",\"isPartOf\":{\"@id\":\"https:\/\/nuevodigitaldeescobar.com.ar\/#website\"},\"primaryImageOfPage\":{\"@id\":\"https:\/\/nuevodigitaldeescobar.com.ar\/?p=18348#primaryimage\"},\"image\":{\"@id\":\"https:\/\/nuevodigitaldeescobar.com.ar\/?p=18348#primaryimage\"},\"thumbnailUrl\":\"https:\/\/nuevodigitaldeescobar.com.ar\/wp-content\/uploads\/2025\/10\/machadoespert43.png\",\"datePublished\":\"2025-10-08T06:09:00+00:00\",\"breadcrumb\":{\"@id\":\"https:\/\/nuevodigitaldeescobar.com.ar\/?p=18348#breadcrumb\"},\"inLanguage\":\"es\",\"potentialAction\":[{\"@type\":\"ReadAction\",\"target\":[\"https:\/\/nuevodigitaldeescobar.com.ar\/?p=18348\"]}]},{\"@type\":\"ImageObject\",\"inLanguage\":\"es\",\"@id\":\"https:\/\/nuevodigitaldeescobar.com.ar\/?p=18348#primaryimage\",\"url\":\"https:\/\/nuevodigitaldeescobar.com.ar\/wp-content\/uploads\/2025\/10\/machadoespert43.png\",\"contentUrl\":\"https:\/\/nuevodigitaldeescobar.com.ar\/wp-content\/uploads\/2025\/10\/machadoespert43.png\",\"width\":1083,\"height\":453},{\"@type\":\"BreadcrumbList\",\"@id\":\"https:\/\/nuevodigitaldeescobar.com.ar\/?p=18348#breadcrumb\",\"itemListElement\":[{\"@type\":\"ListItem\",\"position\":1,\"name\":\"Portada\",\"item\":\"https:\/\/nuevodigitaldeescobar.com.ar\/\"},{\"@type\":\"ListItem\",\"position\":2,\"name\":\"Fred Machado admiti\u00f3 que financi\u00f3 la campa\u00f1a de Jos\u00e9 Luis Espert en 2019 y revel\u00f3 nuevos detalles sobre su v\u00ednculo\"}]},{\"@type\":\"WebSite\",\"@id\":\"https:\/\/nuevodigitaldeescobar.com.ar\/#website\",\"url\":\"https:\/\/nuevodigitaldeescobar.com.ar\/\",\"name\":\"Nuevo Digital de Escobar\",\"description\":\"La vida escobarense. Directora: Rosana Brunner\",\"publisher\":{\"@id\":\"https:\/\/nuevodigitaldeescobar.com.ar\/#organization\"},\"potentialAction\":[{\"@type\":\"SearchAction\",\"target\":{\"@type\":\"EntryPoint\",\"urlTemplate\":\"https:\/\/nuevodigitaldeescobar.com.ar\/?s={search_term_string}\"},\"query-input\":{\"@type\":\"PropertyValueSpecification\",\"valueRequired\":true,\"valueName\":\"search_term_string\"}}],\"inLanguage\":\"es\"},{\"@type\":\"Organization\",\"@id\":\"https:\/\/nuevodigitaldeescobar.com.ar\/#organization\",\"name\":\"Nuevo Digital de Escobar\",\"url\":\"https:\/\/nuevodigitaldeescobar.com.ar\/\",\"logo\":{\"@type\":\"ImageObject\",\"inLanguage\":\"es\",\"@id\":\"https:\/\/nuevodigitaldeescobar.com.ar\/#\/schema\/logo\/image\/\",\"url\":\"https:\/\/nuevodigitaldeescobar.com.ar\/wp-content\/uploads\/2025\/05\/cropped-logo-nuevo2.jpg\",\"contentUrl\":\"https:\/\/nuevodigitaldeescobar.com.ar\/wp-content\/uploads\/2025\/05\/cropped-logo-nuevo2.jpg\",\"width\":305,\"height\":305,\"caption\":\"Nuevo Digital de Escobar\"},\"image\":{\"@id\":\"https:\/\/nuevodigitaldeescobar.com.ar\/#\/schema\/logo\/image\/\"},\"sameAs\":[\"https:\/\/www.facebook.com\/NUEVODigitalDeEscobar\",\"https:\/\/x.com\/nuevodigescobar\",\"https:\/\/www.instagram.com\/nuevodigitaldeescobar\"]},{\"@type\":\"Person\",\"@id\":\"https:\/\/nuevodigitaldeescobar.com.ar\/#\/schema\/person\/035e90a8efe9a80e6eec22656ad6ea4c\",\"name\":\"Redacci\u00f3n\",\"image\":{\"@type\":\"ImageObject\",\"inLanguage\":\"es\",\"@id\":\"https:\/\/nuevodigitaldeescobar.com.ar\/#\/schema\/person\/image\/\",\"url\":\"https:\/\/secure.gravatar.com\/avatar\/8af8f40000c24e9eef3034f2be5998a372bb1389e64b1a4a36b3a7979142220d?s=96&d=mm&r=g\",\"contentUrl\":\"https:\/\/secure.gravatar.com\/avatar\/8af8f40000c24e9eef3034f2be5998a372bb1389e64b1a4a36b3a7979142220d?s=96&d=mm&r=g\",\"caption\":\"Redacci\u00f3n\"},\"sameAs\":[\"http:\/\/nuevodigitaldeescobar.com.ar\"],\"url\":\"https:\/\/nuevodigitaldeescobar.com.ar\/?author=1\"}]}<\/script>\n<!-- \/ Yoast SEO plugin. -->","yoast_head_json":{"title":"Fred Machado admiti\u00f3 que financi\u00f3 la campa\u00f1a de Jos\u00e9 Luis Espert en 2019 y revel\u00f3 nuevos detalles sobre su v\u00ednculo - Nuevo Digital de Escobar","robots":{"index":"index","follow":"follow","max-snippet":"max-snippet:-1","max-image-preview":"max-image-preview:large","max-video-preview":"max-video-preview:-1"},"canonical":"https:\/\/nuevodigitaldeescobar.com.ar\/?p=18348","og_locale":"es_ES","og_type":"article","og_title":"Fred Machado admiti\u00f3 que financi\u00f3 la campa\u00f1a de Jos\u00e9 Luis Espert en 2019 y revel\u00f3 nuevos detalles sobre su v\u00ednculo - Nuevo Digital de Escobar","og_description":"El empresario argentino Federico \u201cFred\u201d Machado, actualmente detenido con prisi\u00f3n domiciliaria y acusado en Estados Unidos por presuntos v\u00ednculos con el narcotr\u00e1fico, reconoci\u00f3 p\u00fablicamente que [&hellip;]","og_url":"https:\/\/nuevodigitaldeescobar.com.ar\/?p=18348","og_site_name":"Nuevo Digital de Escobar","article_publisher":"https:\/\/www.facebook.com\/NUEVODigitalDeEscobar","article_published_time":"2025-10-08T06:09:00+00:00","og_image":[{"width":1083,"height":453,"url":"https:\/\/nuevodigitaldeescobar.com.ar\/wp-content\/uploads\/2025\/10\/machadoespert43.png","type":"image\/png"}],"author":"Redacci\u00f3n","twitter_card":"summary_large_image","twitter_creator":"@nuevodigescobar","twitter_site":"@nuevodigescobar","twitter_misc":{"Escrito por":"Redacci\u00f3n","Tiempo de lectura":"3 minutos"},"schema":{"@context":"https:\/\/schema.org","@graph":[{"@type":"Article","@id":"https:\/\/nuevodigitaldeescobar.com.ar\/?p=18348#article","isPartOf":{"@id":"https:\/\/nuevodigitaldeescobar.com.ar\/?p=18348"},"author":{"name":"Redacci\u00f3n","@id":"https:\/\/nuevodigitaldeescobar.com.ar\/#\/schema\/person\/035e90a8efe9a80e6eec22656ad6ea4c"},"headline":"Fred Machado admiti\u00f3 que financi\u00f3 la campa\u00f1a de Jos\u00e9 Luis Espert en 2019 y revel\u00f3 nuevos detalles sobre su v\u00ednculo","datePublished":"2025-10-08T06:09:00+00:00","mainEntityOfPage":{"@id":"https:\/\/nuevodigitaldeescobar.com.ar\/?p=18348"},"wordCount":529,"commentCount":0,"publisher":{"@id":"https:\/\/nuevodigitaldeescobar.com.ar\/#organization"},"image":{"@id":"https:\/\/nuevodigitaldeescobar.com.ar\/?p=18348#primaryimage"},"thumbnailUrl":"https:\/\/nuevodigitaldeescobar.com.ar\/wp-content\/uploads\/2025\/10\/machadoespert43.png","articleSection":["Pol\u00edtica"],"inLanguage":"es","potentialAction":[{"@type":"CommentAction","name":"Comment","target":["https:\/\/nuevodigitaldeescobar.com.ar\/?p=18348#respond"]}]},{"@type":"WebPage","@id":"https:\/\/nuevodigitaldeescobar.com.ar\/?p=18348","url":"https:\/\/nuevodigitaldeescobar.com.ar\/?p=18348","name":"Fred Machado admiti\u00f3 que financi\u00f3 la campa\u00f1a de Jos\u00e9 Luis Espert en 2019 y revel\u00f3 nuevos detalles sobre su v\u00ednculo - Nuevo Digital de Escobar","isPartOf":{"@id":"https:\/\/nuevodigitaldeescobar.com.ar\/#website"},"primaryImageOfPage":{"@id":"https:\/\/nuevodigitaldeescobar.com.ar\/?p=18348#primaryimage"},"image":{"@id":"https:\/\/nuevodigitaldeescobar.com.ar\/?p=18348#primaryimage"},"thumbnailUrl":"https:\/\/nuevodigitaldeescobar.com.ar\/wp-content\/uploads\/2025\/10\/machadoespert43.png","datePublished":"2025-10-08T06:09:00+00:00","breadcrumb":{"@id":"https:\/\/nuevodigitaldeescobar.com.ar\/?p=18348#breadcrumb"},"inLanguage":"es","potentialAction":[{"@type":"ReadAction","target":["https:\/\/nuevodigitaldeescobar.com.ar\/?p=18348"]}]},{"@type":"ImageObject","inLanguage":"es","@id":"https:\/\/nuevodigitaldeescobar.com.ar\/?p=18348#primaryimage","url":"https:\/\/nuevodigitaldeescobar.com.ar\/wp-content\/uploads\/2025\/10\/machadoespert43.png","contentUrl":"https:\/\/nuevodigitaldeescobar.com.ar\/wp-content\/uploads\/2025\/10\/machadoespert43.png","width":1083,"height":453},{"@type":"BreadcrumbList","@id":"https:\/\/nuevodigitaldeescobar.com.ar\/?p=18348#breadcrumb","itemListElement":[{"@type":"ListItem","position":1,"name":"Portada","item":"https:\/\/nuevodigitaldeescobar.com.ar\/"},{"@type":"ListItem","position":2,"name":"Fred Machado admiti\u00f3 que financi\u00f3 la campa\u00f1a de Jos\u00e9 Luis Espert en 2019 y revel\u00f3 nuevos detalles sobre su v\u00ednculo"}]},{"@type":"WebSite","@id":"https:\/\/nuevodigitaldeescobar.com.ar\/#website","url":"https:\/\/nuevodigitaldeescobar.com.ar\/","name":"Nuevo Digital de Escobar","description":"La vida escobarense. Directora: Rosana Brunner","publisher":{"@id":"https:\/\/nuevodigitaldeescobar.com.ar\/#organization"},"potentialAction":[{"@type":"SearchAction","target":{"@type":"EntryPoint","urlTemplate":"https:\/\/nuevodigitaldeescobar.com.ar\/?s={search_term_string}"},"query-input":{"@type":"PropertyValueSpecification","valueRequired":true,"valueName":"search_term_string"}}],"inLanguage":"es"},{"@type":"Organization","@id":"https:\/\/nuevodigitaldeescobar.com.ar\/#organization","name":"Nuevo Digital de Escobar","url":"https:\/\/nuevodigitaldeescobar.com.ar\/","logo":{"@type":"ImageObject","inLanguage":"es","@id":"https:\/\/nuevodigitaldeescobar.com.ar\/#\/schema\/logo\/image\/","url":"https:\/\/nuevodigitaldeescobar.com.ar\/wp-content\/uploads\/2025\/05\/cropped-logo-nuevo2.jpg","contentUrl":"https:\/\/nuevodigitaldeescobar.com.ar\/wp-content\/uploads\/2025\/05\/cropped-logo-nuevo2.jpg","width":305,"height":305,"caption":"Nuevo Digital de Escobar"},"image":{"@id":"https:\/\/nuevodigitaldeescobar.com.ar\/#\/schema\/logo\/image\/"},"sameAs":["https:\/\/www.facebook.com\/NUEVODigitalDeEscobar","https:\/\/x.com\/nuevodigescobar","https:\/\/www.instagram.com\/nuevodigitaldeescobar"]},{"@type":"Person","@id":"https:\/\/nuevodigitaldeescobar.com.ar\/#\/schema\/person\/035e90a8efe9a80e6eec22656ad6ea4c","name":"Redacci\u00f3n","image":{"@type":"ImageObject","inLanguage":"es","@id":"https:\/\/nuevodigitaldeescobar.com.ar\/#\/schema\/person\/image\/","url":"https:\/\/secure.gravatar.com\/avatar\/8af8f40000c24e9eef3034f2be5998a372bb1389e64b1a4a36b3a7979142220d?s=96&d=mm&r=g","contentUrl":"https:\/\/secure.gravatar.com\/avatar\/8af8f40000c24e9eef3034f2be5998a372bb1389e64b1a4a36b3a7979142220d?s=96&d=mm&r=g","caption":"Redacci\u00f3n"},"sameAs":["http:\/\/nuevodigitaldeescobar.com.ar"],"url":"https:\/\/nuevodigitaldeescobar.com.ar\/?author=1"}]}},"featured_image_urls":{"full":["https:\/\/nuevodigitaldeescobar.com.ar\/wp-content\/uploads\/2025\/10\/machadoespert43.png",1083,453,false],"thumbnail":["https:\/\/nuevodigitaldeescobar.com.ar\/wp-content\/uploads\/2025\/10\/machadoespert43-150x150.png",150,150,true],"medium":["https:\/\/nuevodigitaldeescobar.com.ar\/wp-content\/uploads\/2025\/10\/machadoespert43-300x125.png",300,125,true],"medium_large":["https:\/\/nuevodigitaldeescobar.com.ar\/wp-content\/uploads\/2025\/10\/machadoespert43-768x321.png",640,268,true],"large":["https:\/\/nuevodigitaldeescobar.com.ar\/wp-content\/uploads\/2025\/10\/machadoespert43-1024x428.png",640,268,true],"1536x1536":["https:\/\/nuevodigitaldeescobar.com.ar\/wp-content\/uploads\/2025\/10\/machadoespert43.png",1083,453,false],"2048x2048":["https:\/\/nuevodigitaldeescobar.com.ar\/wp-content\/uploads\/2025\/10\/machadoespert43.png",1083,453,false]},"author_info":{"display_name":"Redacci\u00f3n","author_link":"https:\/\/nuevodigitaldeescobar.com.ar\/?author=1"},"category_info":"<a href=\"https:\/\/nuevodigitaldeescobar.com.ar\/?cat=6\" rel=\"category\">Pol\u00edtica<\/a>","tag_info":"Pol\u00edtica","comment_count":"0","_links":{"self":[{"href":"https:\/\/nuevodigitaldeescobar.com.ar\/index.php?rest_route=\/wp\/v2\/posts\/18348","targetHints":{"allow":["GET"]}}],"collection":[{"href":"https:\/\/nuevodigitaldeescobar.com.ar\/index.php?rest_route=\/wp\/v2\/posts"}],"about":[{"href":"https:\/\/nuevodigitaldeescobar.com.ar\/index.php?rest_route=\/wp\/v2\/types\/post"}],"author":[{"embeddable":true,"href":"https:\/\/nuevodigitaldeescobar.com.ar\/index.php?rest_route=\/wp\/v2\/users\/1"}],"replies":[{"embeddable":true,"href":"https:\/\/nuevodigitaldeescobar.com.ar\/index.php?rest_route=%2Fwp%2Fv2%2Fcomments&post=18348"}],"version-history":[{"count":1,"href":"https:\/\/nuevodigitaldeescobar.com.ar\/index.php?rest_route=\/wp\/v2\/posts\/18348\/revisions"}],"predecessor-version":[{"id":18350,"href":"https:\/\/nuevodigitaldeescobar.com.ar\/index.php?rest_route=\/wp\/v2\/posts\/18348\/revisions\/18350"}],"wp:featuredmedia":[{"embeddable":true,"href":"https:\/\/nuevodigitaldeescobar.com.ar\/index.php?rest_route=\/wp\/v2\/media\/18349"}],"wp:attachment":[{"href":"https:\/\/nuevodigitaldeescobar.com.ar\/index.php?rest_route=%2Fwp%2Fv2%2Fmedia&parent=18348"}],"wp:term":[{"taxonomy":"category","embeddable":true,"href":"https:\/\/nuevodigitaldeescobar.com.ar\/index.php?rest_route=%2Fwp%2Fv2%2Fcategories&post=18348"},{"taxonomy":"post_tag","embeddable":true,"href":"https:\/\/nuevodigitaldeescobar.com.ar\/index.php?rest_route=%2Fwp%2Fv2%2Ftags&post=18348"}],"curies":[{"name":"wp","href":"https:\/\/api.w.org\/{rel}","templated":true}]}}