{"id":18369,"date":"2025-10-09T00:18:00","date_gmt":"2025-10-09T03:18:00","guid":{"rendered":"https:\/\/nuevodigitaldeescobar.com.ar\/?p=18369"},"modified":"2025-10-09T00:00:45","modified_gmt":"2025-10-09T03:00:45","slug":"diputados-aprobo-cambios-a-la-ley-que-limita-los-dnu-y-el-proyecto-debera-volver-al-senado","status":"publish","type":"post","link":"https:\/\/nuevodigitaldeescobar.com.ar\/?p=18369","title":{"rendered":"Diputados aprob\u00f3 cambios a la ley que limita los DNU y el proyecto deber\u00e1 volver al Senado"},"content":{"rendered":"\n<p class=\"has-vivid-cyan-blue-color has-text-color has-link-color wp-elements-f6d554b85179d32ff705aaf9906c0251\"><em><strong>La C\u00e1mara de Diputados dio media sanci\u00f3n a un proyecto que busca restringir el uso de los Decretos de Necesidad y Urgencia (DNU) por parte del Poder Ejecutivo, aunque con modificaciones que obligan a que el texto regrese al Senado para una nueva revisi\u00f3n.<\/strong><\/em><\/p>\n\n\n\n<!--more-->\n\n\n\n<p>El debate se extendi\u00f3 durante horas y reflej\u00f3 una fuerte tensi\u00f3n pol\u00edtica. Si bien la oposici\u00f3n consigui\u00f3 aprobar la iniciativa que limita las facultades presidenciales para dictar DNU, un art\u00edculo clave \u2014el que fijaba un plazo de 90 d\u00edas para que el Congreso se pronuncie sobre su validez\u2014 fue rechazado por apenas dos votos. Esto implica que la norma no quedar\u00e1 firme hasta que el Senado ratifique o modifique el texto.<\/p>\n\n\n\n<p>Desde el oficialismo celebraron el resultado, que posterga cualquier definici\u00f3n hasta despu\u00e9s de las elecciones legislativas del 26 de octubre. En la Casa Rosada consideraron que, de avanzar la reforma sin ese cambio, se pondr\u00eda en riesgo la gobernabilidad y se restringir\u00eda de forma severa la capacidad de reacci\u00f3n del Ejecutivo frente a emergencias.<\/p>\n\n\n\n<p>La iniciativa modifica la <strong>Ley 26.122<\/strong>, aprobada en 2006 durante el gobierno de N\u00e9stor Kirchner, y establece que <strong>tanto Diputados como el Senado deber\u00e1n aprobar los DNU para que estos sean v\u00e1lidos<\/strong>, en lugar de depender solo del aval de una C\u00e1mara. Con esta modificaci\u00f3n, la oposici\u00f3n podr\u00eda anular decretos con mayor\u00eda simple en cualquiera de las dos.<\/p>\n\n\n\n<p>Otro punto relevante del texto aprobado es que <strong>cada decreto deber\u00e1 referirse a un solo tema o \u00e1rea espec\u00edfica<\/strong>, evitando la inclusi\u00f3n de m\u00faltiples materias en un mismo documento, como ocurri\u00f3 con el DNU 70\/23, que abarc\u00f3 cientos de leyes y disposiciones de distintas \u00e1reas.<\/p>\n\n\n\n<p>La votaci\u00f3n del pol\u00e9mico art\u00edculo 3 \u2014el que impon\u00eda un l\u00edmite de 90 d\u00edas para tratar los decretos\u2014 se defini\u00f3 por un estrecho margen. Con 127 votos afirmativos, no alcanz\u00f3 los 129 necesarios. El rechazo se produjo por abstenciones y cambios de postura de algunos legisladores de la Coalici\u00f3n C\u00edvica, el PRO, el MID y el radicalismo.<\/p>\n\n\n\n<p>Para la oposici\u00f3n, el objetivo de la reforma es <strong>equilibrar el uso de los DNU y fortalecer el control del Congreso<\/strong> sobre decisiones de alto impacto institucional. Sin embargo, desde La Libertad Avanza aseguran que la medida busca <em>\u201cinmovilizar al Poder Ejecutivo y debilitar la gobernabilidad\u201d<\/em>.<\/p>\n\n\n\n<p>El diputado \u00c1lvaro Mart\u00ednez (LLA) afirm\u00f3 que <em>\u201cel peronismo act\u00faa por oportunismo pol\u00edtico\u201d<\/em> y que <em>\u201ccuando fueron gobierno abusaron de los DNU\u201d<\/em>. En la misma l\u00ednea, el referente del PRO Dami\u00e1n Arabia record\u00f3 que <em>\u201cN\u00e9stor Kirchner firm\u00f3 236 decretos, Cristina Fern\u00e1ndez 81 y Alberto Fern\u00e1ndez 178\u201d<\/em>, y acus\u00f3 a la oposici\u00f3n de querer frenar la gesti\u00f3n de Milei.<\/p>\n\n\n\n<p>Por su parte, el radical Mart\u00edn Tetaz sostuvo que <em>\u201cla ley actual es mala\u201d<\/em>, pero que discutir una nueva reglamentaci\u00f3n <em>\u201cdeber\u00eda hacerse en otro momento pol\u00edtico\u201d<\/em>. En tanto, Maximiliano Ferraro (Coalici\u00f3n C\u00edvica) advirti\u00f3 que los decretos <em>\u201chan sido la herramienta m\u00e1s destructiva para la libertad\u201d<\/em> y que <em>\u201csin l\u00edmites, el pa\u00eds vive en un estado de excepci\u00f3n permanente\u201d<\/em>.<\/p>\n\n\n\n<p>La votaci\u00f3n, que evidenci\u00f3 las divisiones entre bloques y alianzas parlamentarias, dej\u00f3 un panorama abierto. Ahora el proyecto deber\u00e1 volver al Senado, donde se definir\u00e1 si se ratifica el texto original o se aprueban las modificaciones. Mientras tanto, el debate sobre los l\u00edmites al poder presidencial seguir\u00e1 siendo uno de los temas m\u00e1s sensibles del escenario pol\u00edtico nacional.<\/p>\n\n\n\n<p><\/p>\n","protected":false},"excerpt":{"rendered":"<p>La C\u00e1mara de Diputados dio media sanci\u00f3n a un proyecto que busca restringir el uso de los Decretos de Necesidad y Urgencia (DNU) por parte [&hellip;]<\/p>\n","protected":false},"author":1,"featured_media":3793,"comment_status":"open","ping_status":"open","sticky":false,"template":"","format":"standard","meta":{"footnotes":""},"categories":[6],"tags":[],"class_list":["post-18369","post","type-post","status-publish","format-standard","has-post-thumbnail","hentry","category-politica"],"better_featured_image":{"id":3793,"alt_text":"","caption":"","description":"","media_type":"image","media_details":{"width":720,"height":480,"file":"2024\/02\/camara-de-diputados-1-e1709071714606.jpg","filesize":154469,"sizes":{"medium":{"file":"camara-de-diputados-1-300x200.jpg","width":300,"height":200,"mime-type":"image\/jpeg","filesize":19901,"source_url":"https:\/\/nuevodigitaldeescobar.com.ar\/wp-content\/uploads\/2024\/02\/camara-de-diputados-1-300x200.jpg"},"thumbnail":{"file":"camara-de-diputados-1-150x150.jpg","width":150,"height":150,"mime-type":"image\/jpeg","filesize":8506,"source_url":"https:\/\/nuevodigitaldeescobar.com.ar\/wp-content\/uploads\/2024\/02\/camara-de-diputados-1-150x150.jpg"}},"image_meta":{"aperture":"0","credit":"","camera":"","caption":"","created_timestamp":"0","copyright":"","focal_length":"0","iso":"0","shutter_speed":"0","title":"","orientation":"0","keywords":[]}},"post":3792,"source_url":"https:\/\/nuevodigitaldeescobar.com.ar\/wp-content\/uploads\/2024\/02\/camara-de-diputados-1-e1709071714606.jpg"},"yoast_head":"<!-- This site is optimized with the Yoast SEO plugin v26.1.1 - https:\/\/yoast.com\/wordpress\/plugins\/seo\/ -->\n<title>Diputados aprob\u00f3 cambios a la ley que limita los DNU y el proyecto deber\u00e1 volver al Senado - Nuevo Digital de Escobar<\/title>\n<meta name=\"robots\" content=\"index, follow, max-snippet:-1, max-image-preview:large, max-video-preview:-1\" \/>\n<link rel=\"canonical\" href=\"https:\/\/nuevodigitaldeescobar.com.ar\/?p=18369\" \/>\n<meta property=\"og:locale\" content=\"es_ES\" \/>\n<meta property=\"og:type\" content=\"article\" \/>\n<meta property=\"og:title\" content=\"Diputados aprob\u00f3 cambios a la ley que limita los DNU y el proyecto deber\u00e1 volver al Senado - Nuevo Digital de Escobar\" \/>\n<meta property=\"og:description\" content=\"La C\u00e1mara de Diputados dio media sanci\u00f3n a un proyecto que busca restringir el uso de los Decretos de Necesidad y Urgencia (DNU) por parte [&hellip;]\" \/>\n<meta property=\"og:url\" content=\"https:\/\/nuevodigitaldeescobar.com.ar\/?p=18369\" \/>\n<meta property=\"og:site_name\" content=\"Nuevo Digital de Escobar\" \/>\n<meta property=\"article:publisher\" content=\"https:\/\/www.facebook.com\/NUEVODigitalDeEscobar\" \/>\n<meta property=\"article:published_time\" content=\"2025-10-09T03:18:00+00:00\" \/>\n<meta property=\"og:image\" content=\"https:\/\/nuevodigitaldeescobar.com.ar\/wp-content\/uploads\/2024\/02\/camara-de-diputados-1-e1709071714606.jpg\" \/>\n\t<meta property=\"og:image:width\" content=\"720\" \/>\n\t<meta property=\"og:image:height\" content=\"480\" \/>\n\t<meta property=\"og:image:type\" content=\"image\/jpeg\" \/>\n<meta name=\"author\" content=\"Redacci\u00f3n\" \/>\n<meta name=\"twitter:card\" content=\"summary_large_image\" \/>\n<meta name=\"twitter:creator\" content=\"@nuevodigescobar\" \/>\n<meta name=\"twitter:site\" content=\"@nuevodigescobar\" \/>\n<meta name=\"twitter:label1\" content=\"Escrito por\" \/>\n\t<meta name=\"twitter:data1\" content=\"Redacci\u00f3n\" \/>\n\t<meta name=\"twitter:label2\" content=\"Tiempo de lectura\" \/>\n\t<meta name=\"twitter:data2\" content=\"3 minutos\" \/>\n<script type=\"application\/ld+json\" class=\"yoast-schema-graph\">{\"@context\":\"https:\/\/schema.org\",\"@graph\":[{\"@type\":\"Article\",\"@id\":\"https:\/\/nuevodigitaldeescobar.com.ar\/?p=18369#article\",\"isPartOf\":{\"@id\":\"https:\/\/nuevodigitaldeescobar.com.ar\/?p=18369\"},\"author\":{\"name\":\"Redacci\u00f3n\",\"@id\":\"https:\/\/nuevodigitaldeescobar.com.ar\/#\/schema\/person\/035e90a8efe9a80e6eec22656ad6ea4c\"},\"headline\":\"Diputados aprob\u00f3 cambios a la ley que limita los DNU y el proyecto deber\u00e1 volver al Senado\",\"datePublished\":\"2025-10-09T03:18:00+00:00\",\"mainEntityOfPage\":{\"@id\":\"https:\/\/nuevodigitaldeescobar.com.ar\/?p=18369\"},\"wordCount\":611,\"commentCount\":0,\"publisher\":{\"@id\":\"https:\/\/nuevodigitaldeescobar.com.ar\/#organization\"},\"image\":{\"@id\":\"https:\/\/nuevodigitaldeescobar.com.ar\/?p=18369#primaryimage\"},\"thumbnailUrl\":\"https:\/\/nuevodigitaldeescobar.com.ar\/wp-content\/uploads\/2024\/02\/camara-de-diputados-1-e1709071714606.jpg\",\"articleSection\":[\"Pol\u00edtica\"],\"inLanguage\":\"es\",\"potentialAction\":[{\"@type\":\"CommentAction\",\"name\":\"Comment\",\"target\":[\"https:\/\/nuevodigitaldeescobar.com.ar\/?p=18369#respond\"]}]},{\"@type\":\"WebPage\",\"@id\":\"https:\/\/nuevodigitaldeescobar.com.ar\/?p=18369\",\"url\":\"https:\/\/nuevodigitaldeescobar.com.ar\/?p=18369\",\"name\":\"Diputados aprob\u00f3 cambios a la ley que limita los DNU y el proyecto deber\u00e1 volver al Senado - Nuevo Digital de Escobar\",\"isPartOf\":{\"@id\":\"https:\/\/nuevodigitaldeescobar.com.ar\/#website\"},\"primaryImageOfPage\":{\"@id\":\"https:\/\/nuevodigitaldeescobar.com.ar\/?p=18369#primaryimage\"},\"image\":{\"@id\":\"https:\/\/nuevodigitaldeescobar.com.ar\/?p=18369#primaryimage\"},\"thumbnailUrl\":\"https:\/\/nuevodigitaldeescobar.com.ar\/wp-content\/uploads\/2024\/02\/camara-de-diputados-1-e1709071714606.jpg\",\"datePublished\":\"2025-10-09T03:18:00+00:00\",\"breadcrumb\":{\"@id\":\"https:\/\/nuevodigitaldeescobar.com.ar\/?p=18369#breadcrumb\"},\"inLanguage\":\"es\",\"potentialAction\":[{\"@type\":\"ReadAction\",\"target\":[\"https:\/\/nuevodigitaldeescobar.com.ar\/?p=18369\"]}]},{\"@type\":\"ImageObject\",\"inLanguage\":\"es\",\"@id\":\"https:\/\/nuevodigitaldeescobar.com.ar\/?p=18369#primaryimage\",\"url\":\"https:\/\/nuevodigitaldeescobar.com.ar\/wp-content\/uploads\/2024\/02\/camara-de-diputados-1-e1709071714606.jpg\",\"contentUrl\":\"https:\/\/nuevodigitaldeescobar.com.ar\/wp-content\/uploads\/2024\/02\/camara-de-diputados-1-e1709071714606.jpg\",\"width\":720,\"height\":480},{\"@type\":\"BreadcrumbList\",\"@id\":\"https:\/\/nuevodigitaldeescobar.com.ar\/?p=18369#breadcrumb\",\"itemListElement\":[{\"@type\":\"ListItem\",\"position\":1,\"name\":\"Portada\",\"item\":\"https:\/\/nuevodigitaldeescobar.com.ar\/\"},{\"@type\":\"ListItem\",\"position\":2,\"name\":\"Diputados aprob\u00f3 cambios a la ley que limita los DNU y el proyecto deber\u00e1 volver al Senado\"}]},{\"@type\":\"WebSite\",\"@id\":\"https:\/\/nuevodigitaldeescobar.com.ar\/#website\",\"url\":\"https:\/\/nuevodigitaldeescobar.com.ar\/\",\"name\":\"Nuevo Digital de Escobar\",\"description\":\"La vida escobarense. Directora: Rosana Brunner\",\"publisher\":{\"@id\":\"https:\/\/nuevodigitaldeescobar.com.ar\/#organization\"},\"potentialAction\":[{\"@type\":\"SearchAction\",\"target\":{\"@type\":\"EntryPoint\",\"urlTemplate\":\"https:\/\/nuevodigitaldeescobar.com.ar\/?s={search_term_string}\"},\"query-input\":{\"@type\":\"PropertyValueSpecification\",\"valueRequired\":true,\"valueName\":\"search_term_string\"}}],\"inLanguage\":\"es\"},{\"@type\":\"Organization\",\"@id\":\"https:\/\/nuevodigitaldeescobar.com.ar\/#organization\",\"name\":\"Nuevo Digital de Escobar\",\"url\":\"https:\/\/nuevodigitaldeescobar.com.ar\/\",\"logo\":{\"@type\":\"ImageObject\",\"inLanguage\":\"es\",\"@id\":\"https:\/\/nuevodigitaldeescobar.com.ar\/#\/schema\/logo\/image\/\",\"url\":\"https:\/\/nuevodigitaldeescobar.com.ar\/wp-content\/uploads\/2025\/05\/cropped-logo-nuevo2.jpg\",\"contentUrl\":\"https:\/\/nuevodigitaldeescobar.com.ar\/wp-content\/uploads\/2025\/05\/cropped-logo-nuevo2.jpg\",\"width\":305,\"height\":305,\"caption\":\"Nuevo Digital de Escobar\"},\"image\":{\"@id\":\"https:\/\/nuevodigitaldeescobar.com.ar\/#\/schema\/logo\/image\/\"},\"sameAs\":[\"https:\/\/www.facebook.com\/NUEVODigitalDeEscobar\",\"https:\/\/x.com\/nuevodigescobar\",\"https:\/\/www.instagram.com\/nuevodigitaldeescobar\"]},{\"@type\":\"Person\",\"@id\":\"https:\/\/nuevodigitaldeescobar.com.ar\/#\/schema\/person\/035e90a8efe9a80e6eec22656ad6ea4c\",\"name\":\"Redacci\u00f3n\",\"image\":{\"@type\":\"ImageObject\",\"inLanguage\":\"es\",\"@id\":\"https:\/\/nuevodigitaldeescobar.com.ar\/#\/schema\/person\/image\/\",\"url\":\"https:\/\/secure.gravatar.com\/avatar\/8af8f40000c24e9eef3034f2be5998a372bb1389e64b1a4a36b3a7979142220d?s=96&d=mm&r=g\",\"contentUrl\":\"https:\/\/secure.gravatar.com\/avatar\/8af8f40000c24e9eef3034f2be5998a372bb1389e64b1a4a36b3a7979142220d?s=96&d=mm&r=g\",\"caption\":\"Redacci\u00f3n\"},\"sameAs\":[\"http:\/\/nuevodigitaldeescobar.com.ar\"],\"url\":\"https:\/\/nuevodigitaldeescobar.com.ar\/?author=1\"}]}<\/script>\n<!-- \/ Yoast SEO plugin. -->","yoast_head_json":{"title":"Diputados aprob\u00f3 cambios a la ley que limita los DNU y el proyecto deber\u00e1 volver al Senado - Nuevo Digital de Escobar","robots":{"index":"index","follow":"follow","max-snippet":"max-snippet:-1","max-image-preview":"max-image-preview:large","max-video-preview":"max-video-preview:-1"},"canonical":"https:\/\/nuevodigitaldeescobar.com.ar\/?p=18369","og_locale":"es_ES","og_type":"article","og_title":"Diputados aprob\u00f3 cambios a la ley que limita los DNU y el proyecto deber\u00e1 volver al Senado - Nuevo Digital de Escobar","og_description":"La C\u00e1mara de Diputados dio media sanci\u00f3n a un proyecto que busca restringir el uso de los Decretos de Necesidad y Urgencia (DNU) por parte [&hellip;]","og_url":"https:\/\/nuevodigitaldeescobar.com.ar\/?p=18369","og_site_name":"Nuevo Digital de Escobar","article_publisher":"https:\/\/www.facebook.com\/NUEVODigitalDeEscobar","article_published_time":"2025-10-09T03:18:00+00:00","og_image":[{"width":720,"height":480,"url":"https:\/\/nuevodigitaldeescobar.com.ar\/wp-content\/uploads\/2024\/02\/camara-de-diputados-1-e1709071714606.jpg","type":"image\/jpeg"}],"author":"Redacci\u00f3n","twitter_card":"summary_large_image","twitter_creator":"@nuevodigescobar","twitter_site":"@nuevodigescobar","twitter_misc":{"Escrito por":"Redacci\u00f3n","Tiempo de lectura":"3 minutos"},"schema":{"@context":"https:\/\/schema.org","@graph":[{"@type":"Article","@id":"https:\/\/nuevodigitaldeescobar.com.ar\/?p=18369#article","isPartOf":{"@id":"https:\/\/nuevodigitaldeescobar.com.ar\/?p=18369"},"author":{"name":"Redacci\u00f3n","@id":"https:\/\/nuevodigitaldeescobar.com.ar\/#\/schema\/person\/035e90a8efe9a80e6eec22656ad6ea4c"},"headline":"Diputados aprob\u00f3 cambios a la ley que limita los DNU y el proyecto deber\u00e1 volver al Senado","datePublished":"2025-10-09T03:18:00+00:00","mainEntityOfPage":{"@id":"https:\/\/nuevodigitaldeescobar.com.ar\/?p=18369"},"wordCount":611,"commentCount":0,"publisher":{"@id":"https:\/\/nuevodigitaldeescobar.com.ar\/#organization"},"image":{"@id":"https:\/\/nuevodigitaldeescobar.com.ar\/?p=18369#primaryimage"},"thumbnailUrl":"https:\/\/nuevodigitaldeescobar.com.ar\/wp-content\/uploads\/2024\/02\/camara-de-diputados-1-e1709071714606.jpg","articleSection":["Pol\u00edtica"],"inLanguage":"es","potentialAction":[{"@type":"CommentAction","name":"Comment","target":["https:\/\/nuevodigitaldeescobar.com.ar\/?p=18369#respond"]}]},{"@type":"WebPage","@id":"https:\/\/nuevodigitaldeescobar.com.ar\/?p=18369","url":"https:\/\/nuevodigitaldeescobar.com.ar\/?p=18369","name":"Diputados aprob\u00f3 cambios a la ley que limita los DNU y el proyecto deber\u00e1 volver al Senado - Nuevo Digital de Escobar","isPartOf":{"@id":"https:\/\/nuevodigitaldeescobar.com.ar\/#website"},"primaryImageOfPage":{"@id":"https:\/\/nuevodigitaldeescobar.com.ar\/?p=18369#primaryimage"},"image":{"@id":"https:\/\/nuevodigitaldeescobar.com.ar\/?p=18369#primaryimage"},"thumbnailUrl":"https:\/\/nuevodigitaldeescobar.com.ar\/wp-content\/uploads\/2024\/02\/camara-de-diputados-1-e1709071714606.jpg","datePublished":"2025-10-09T03:18:00+00:00","breadcrumb":{"@id":"https:\/\/nuevodigitaldeescobar.com.ar\/?p=18369#breadcrumb"},"inLanguage":"es","potentialAction":[{"@type":"ReadAction","target":["https:\/\/nuevodigitaldeescobar.com.ar\/?p=18369"]}]},{"@type":"ImageObject","inLanguage":"es","@id":"https:\/\/nuevodigitaldeescobar.com.ar\/?p=18369#primaryimage","url":"https:\/\/nuevodigitaldeescobar.com.ar\/wp-content\/uploads\/2024\/02\/camara-de-diputados-1-e1709071714606.jpg","contentUrl":"https:\/\/nuevodigitaldeescobar.com.ar\/wp-content\/uploads\/2024\/02\/camara-de-diputados-1-e1709071714606.jpg","width":720,"height":480},{"@type":"BreadcrumbList","@id":"https:\/\/nuevodigitaldeescobar.com.ar\/?p=18369#breadcrumb","itemListElement":[{"@type":"ListItem","position":1,"name":"Portada","item":"https:\/\/nuevodigitaldeescobar.com.ar\/"},{"@type":"ListItem","position":2,"name":"Diputados aprob\u00f3 cambios a la ley que limita los DNU y el proyecto deber\u00e1 volver al Senado"}]},{"@type":"WebSite","@id":"https:\/\/nuevodigitaldeescobar.com.ar\/#website","url":"https:\/\/nuevodigitaldeescobar.com.ar\/","name":"Nuevo Digital de Escobar","description":"La vida escobarense. Directora: Rosana Brunner","publisher":{"@id":"https:\/\/nuevodigitaldeescobar.com.ar\/#organization"},"potentialAction":[{"@type":"SearchAction","target":{"@type":"EntryPoint","urlTemplate":"https:\/\/nuevodigitaldeescobar.com.ar\/?s={search_term_string}"},"query-input":{"@type":"PropertyValueSpecification","valueRequired":true,"valueName":"search_term_string"}}],"inLanguage":"es"},{"@type":"Organization","@id":"https:\/\/nuevodigitaldeescobar.com.ar\/#organization","name":"Nuevo Digital de Escobar","url":"https:\/\/nuevodigitaldeescobar.com.ar\/","logo":{"@type":"ImageObject","inLanguage":"es","@id":"https:\/\/nuevodigitaldeescobar.com.ar\/#\/schema\/logo\/image\/","url":"https:\/\/nuevodigitaldeescobar.com.ar\/wp-content\/uploads\/2025\/05\/cropped-logo-nuevo2.jpg","contentUrl":"https:\/\/nuevodigitaldeescobar.com.ar\/wp-content\/uploads\/2025\/05\/cropped-logo-nuevo2.jpg","width":305,"height":305,"caption":"Nuevo Digital de Escobar"},"image":{"@id":"https:\/\/nuevodigitaldeescobar.com.ar\/#\/schema\/logo\/image\/"},"sameAs":["https:\/\/www.facebook.com\/NUEVODigitalDeEscobar","https:\/\/x.com\/nuevodigescobar","https:\/\/www.instagram.com\/nuevodigitaldeescobar"]},{"@type":"Person","@id":"https:\/\/nuevodigitaldeescobar.com.ar\/#\/schema\/person\/035e90a8efe9a80e6eec22656ad6ea4c","name":"Redacci\u00f3n","image":{"@type":"ImageObject","inLanguage":"es","@id":"https:\/\/nuevodigitaldeescobar.com.ar\/#\/schema\/person\/image\/","url":"https:\/\/secure.gravatar.com\/avatar\/8af8f40000c24e9eef3034f2be5998a372bb1389e64b1a4a36b3a7979142220d?s=96&d=mm&r=g","contentUrl":"https:\/\/secure.gravatar.com\/avatar\/8af8f40000c24e9eef3034f2be5998a372bb1389e64b1a4a36b3a7979142220d?s=96&d=mm&r=g","caption":"Redacci\u00f3n"},"sameAs":["http:\/\/nuevodigitaldeescobar.com.ar"],"url":"https:\/\/nuevodigitaldeescobar.com.ar\/?author=1"}]}},"featured_image_urls":{"full":["https:\/\/nuevodigitaldeescobar.com.ar\/wp-content\/uploads\/2024\/02\/camara-de-diputados-1-e1709071714606.jpg",720,480,false],"thumbnail":["https:\/\/nuevodigitaldeescobar.com.ar\/wp-content\/uploads\/2024\/02\/camara-de-diputados-1-150x150.jpg",150,150,true],"medium":["https:\/\/nuevodigitaldeescobar.com.ar\/wp-content\/uploads\/2024\/02\/camara-de-diputados-1-300x200.jpg",300,200,true],"medium_large":["https:\/\/nuevodigitaldeescobar.com.ar\/wp-content\/uploads\/2024\/02\/camara-de-diputados-1-e1709071714606.jpg",640,427,false],"large":["https:\/\/nuevodigitaldeescobar.com.ar\/wp-content\/uploads\/2024\/02\/camara-de-diputados-1-e1709071714606.jpg",640,427,false],"1536x1536":["https:\/\/nuevodigitaldeescobar.com.ar\/wp-content\/uploads\/2024\/02\/camara-de-diputados-1-e1709071714606.jpg",720,480,false],"2048x2048":["https:\/\/nuevodigitaldeescobar.com.ar\/wp-content\/uploads\/2024\/02\/camara-de-diputados-1-e1709071714606.jpg",720,480,false]},"author_info":{"display_name":"Redacci\u00f3n","author_link":"https:\/\/nuevodigitaldeescobar.com.ar\/?author=1"},"category_info":"<a href=\"https:\/\/nuevodigitaldeescobar.com.ar\/?cat=6\" rel=\"category\">Pol\u00edtica<\/a>","tag_info":"Pol\u00edtica","comment_count":"0","_links":{"self":[{"href":"https:\/\/nuevodigitaldeescobar.com.ar\/index.php?rest_route=\/wp\/v2\/posts\/18369","targetHints":{"allow":["GET"]}}],"collection":[{"href":"https:\/\/nuevodigitaldeescobar.com.ar\/index.php?rest_route=\/wp\/v2\/posts"}],"about":[{"href":"https:\/\/nuevodigitaldeescobar.com.ar\/index.php?rest_route=\/wp\/v2\/types\/post"}],"author":[{"embeddable":true,"href":"https:\/\/nuevodigitaldeescobar.com.ar\/index.php?rest_route=\/wp\/v2\/users\/1"}],"replies":[{"embeddable":true,"href":"https:\/\/nuevodigitaldeescobar.com.ar\/index.php?rest_route=%2Fwp%2Fv2%2Fcomments&post=18369"}],"version-history":[{"count":1,"href":"https:\/\/nuevodigitaldeescobar.com.ar\/index.php?rest_route=\/wp\/v2\/posts\/18369\/revisions"}],"predecessor-version":[{"id":18370,"href":"https:\/\/nuevodigitaldeescobar.com.ar\/index.php?rest_route=\/wp\/v2\/posts\/18369\/revisions\/18370"}],"wp:featuredmedia":[{"embeddable":true,"href":"https:\/\/nuevodigitaldeescobar.com.ar\/index.php?rest_route=\/wp\/v2\/media\/3793"}],"wp:attachment":[{"href":"https:\/\/nuevodigitaldeescobar.com.ar\/index.php?rest_route=%2Fwp%2Fv2%2Fmedia&parent=18369"}],"wp:term":[{"taxonomy":"category","embeddable":true,"href":"https:\/\/nuevodigitaldeescobar.com.ar\/index.php?rest_route=%2Fwp%2Fv2%2Fcategories&post=18369"},{"taxonomy":"post_tag","embeddable":true,"href":"https:\/\/nuevodigitaldeescobar.com.ar\/index.php?rest_route=%2Fwp%2Fv2%2Ftags&post=18369"}],"curies":[{"name":"wp","href":"https:\/\/api.w.org\/{rel}","templated":true}]}}