{"id":1837,"date":"2023-12-14T11:07:25","date_gmt":"2023-12-14T14:07:25","guid":{"rendered":"https:\/\/nuevodigitaldeescobar.com.ar\/?p=1837"},"modified":"2023-12-14T11:07:28","modified_gmt":"2023-12-14T14:07:28","slug":"dos-muertos-y-graves-destrozos-en-entre-rios-por-un-temporal","status":"publish","type":"post","link":"https:\/\/nuevodigitaldeescobar.com.ar\/?p=1837","title":{"rendered":"Dos muertos y graves destrozos en Entre R\u00edos por un temporal"},"content":{"rendered":"<p><span style=\"color: #003366;\"><strong><em>Adem\u00e1s de las v\u00edctimas cuyo auto fue arrastrado por la corriente, la tormenta afect\u00f3 a gran parte de la provincia y provoc\u00f3 da\u00f1os en escuelas, polideportivos, terminales de \u00f3mnibus, adem\u00e1s de ca\u00edda de \u00e1rboles y postes de luz, y cortes de rutas.<\/em><\/strong><\/span><\/p>\n<p><!--more--><\/p>\n<hr \/>\n<p>Dos personas murieron este mi\u00e9rcoles luego de ser arrastradas con su auto por un arroyo que sobrepas\u00f3 la ruta nacional 14 en Entre R\u00edos a ra\u00edz del temporal de lluvias y vientos que afect\u00f3 a esa regi\u00f3n y provoc\u00f3 destrozos en varias ciudades, por lo que el gobernador, Rogelio Frigerio, adelant\u00f3 que solicitar\u00e1 ayuda al Gobierno nacional.<\/p>\n<p>El accidente ocurri\u00f3 cerca de la localidad de Colonia El\u00eda, en el kil\u00f3metro 99 de la autov\u00eda, donde desde las primeras horas de este mi\u00e9rcoles el agua cubri\u00f3 ambos sentidos de la ruta, un cami\u00f3n despist\u00f3 y se cort\u00f3 el tr\u00e1nsito por varias horas, seg\u00fan inform\u00f3 la polic\u00eda provincial.<\/p>\n<p>Una mujer que se trasladaba por la ruta cont\u00f3 que logr\u00f3 ver c\u00f3mo un auto Volkswagen Vento despist\u00f3 del carril por el agua que cubr\u00eda la ruta, y fue arrastrado por el arroyo que pasa por el lugar.<\/p>\n<p>Cerca de las 11, personal de Bomberos Voluntarios hall\u00f3 el veh\u00edculo dentro de un campo, a unos 200 metros de la banquina, en sentido inverso y sumergido en el agua del sector. Luego de una hora de trabajo con una gr\u00faa, encontraron fallecidos a Silvino Pereyra y la ciudadana brasile\u00f1a Lenhart Kener, ambos domiciliados en la ciudad bonaerense de Chacabuco. En el lugar trabajaron dotaciones de Bomberos Voluntarios de Concepci\u00f3n del Uruguay, Colonia El\u00eda y Ceibas, personal de la Polic\u00eda de Entre R\u00edos, de Gendarmer\u00eda Nacional y de Caminos del R\u00edo Uruguay (Crusa).<\/p>\n<p>El temporal afect\u00f3 a gran parte de la provincia y provoc\u00f3 da\u00f1os en escuelas, polideportivos, terminales de \u00f3mnibus, adem\u00e1s de ca\u00edda de \u00e1rboles y postes de luz, cortes de rutas y se volvi\u00f3 imposible de transitar por distintos caminos rurales y accesos a pueblos.<\/p>\n<figure id=\"attachment_1840\" aria-describedby=\"caption-attachment-1840\" style=\"width: 720px\" class=\"wp-caption alignnone\"><img fetchpriority=\"high\" decoding=\"async\" class=\"size-full wp-image-1840\" src=\"http:\/\/nuevodigitaldeescobar.com.ar\/wp-content\/uploads\/2023\/12\/entre-rios-3-e1702562760945.jpg\" alt=\"\" width=\"720\" height=\"405\" \/><figcaption id=\"caption-attachment-1840\" class=\"wp-caption-text\">Foto: X.<\/figcaption><\/figure>\n<p>Villaguay, en el centro de Entre R\u00edos, fue una de las ciudades m\u00e1s afectadas, donde la destrucci\u00f3n de las redes el\u00e9ctricas dej\u00f3 a casi toda la ciudad sin luz, y varias estructuras completamente destruidas.<\/p>\n<p>All\u00ed se relevaron numerosas roturas en viviendas y veh\u00edculos, gran cantidad de \u00e1rboles ca\u00eddos, m\u00e1s de 25 voladuras de techos, y destrozos en el Colegio Nacional, en la Escuela Urquiza, en el Polideportivo Municipal y en la nueva terminal.<\/p>\n<p>El polideportivo qued\u00f3 reducido a chapas y columnas esparcidas por el predio, mientras que en la Terminal se cay\u00f3 el techo, y se detectaron quebraduras en las paredes y columnas.<\/p>\n<p>Si bien las autoridades dijeron que el predio funciona con normalidad, solicitaron que nadie se acerque <em>\u00absi no es de extrema necesitad\u00bb<\/em> ya que se mantiene un <em>\u00abalerta por la situaci\u00f3n de riesgo\u00bb<\/em> en el lugar.<\/p>\n<p>Ante este panorama, el gobernador Frigerio viaj\u00f3 a la ciudad donde asegur\u00f3 que los efectos eran <em>\u00abdevastadores\u00bb<\/em>, al igual que en algunas otras ciudades, por lo que se realiz\u00f3 un relevamiento en detalle de los da\u00f1os.<\/p>\n<p>En ese sentido, apunt\u00f3 que <em>\u00abhace falta reconstruir los techos, reponer colchones, y es necesario asistir tambi\u00e9n con alimentos\u00bb<\/em> a los perjudicados por el temporal.<\/p>\n<p><em>\u00abEstamos revisando tambi\u00e9n con los intendentes de los lugares afectados, vamos a estar donde se necesite\u00bb<\/em>, dijo Frigerio al encabezar all\u00ed la reuni\u00f3n del Comit\u00e9 de Emergencia, y adelant\u00f3 que pedir\u00e1 asistencia de Naci\u00f3n.<\/p>\n<p>El departamento Uruguay, sobre el este de Entre R\u00edos, era otra de las zonas m\u00e1s afectadas por el temporal, dado que la ciudad de Basavilbaso qued\u00f3 m\u00e1s de una hora sin energ\u00eda el\u00e9ctrica por r\u00e1fagas de viento de m\u00e1s de 70 kil\u00f3metros por hora, que tambi\u00e9n generaron ca\u00edda de \u00e1rboles, postes, luminarias y cables.<\/p>\n<p>Adem\u00e1s, una pareja de adultos mayores qued\u00f3 atrapada en el interior de su casa ante la ca\u00edda de un \u00e1rbol, y el Municipio recomend\u00f3 transitar las calles <em>\u00abs\u00f3lo si es estrictamente necesario\u00bb<\/em>.<\/p>\n<figure id=\"attachment_1839\" aria-describedby=\"caption-attachment-1839\" style=\"width: 720px\" class=\"wp-caption alignnone\"><img decoding=\"async\" class=\"size-full wp-image-1839\" src=\"http:\/\/nuevodigitaldeescobar.com.ar\/wp-content\/uploads\/2023\/12\/entre-rios-2-e1702562788867.jpg\" alt=\"\" width=\"720\" height=\"405\" \/><figcaption id=\"caption-attachment-1839\" class=\"wp-caption-text\">Foto: X.<\/figcaption><\/figure>\n<h3><\/h3>\n<h3><span style=\"color: #003366;\"><strong>Otras zonas afectadas<\/strong><\/span><\/h3>\n<p>Rocamora, a unos 10 kil\u00f3metros de Basavilbaso, sufri\u00f3 el corte del servicio de luz; en Colonia San Jos\u00e9 del Monte varias empresas av\u00edcolas y rurales registraron severos da\u00f1os, al igual que en Villa San Marcial y otras zonas rurales.<\/p>\n<p>En Libaros, a 16 kil\u00f3metros de Basavilbaso, los fuertes vientos, actividad el\u00e9ctrica, granizo y lluvia provoc\u00f3 la voladura de techos y chapas de viviendas y granjas, y la ca\u00edda de postes de luz y tel\u00e9fono.<\/p>\n<p>Concepci\u00f3n del Uruguay, 65 kil\u00f3metros m\u00e1s al este, registr\u00f3 numerosos barrios con viviendas inundadas, calles de tierra intransitables, ca\u00edda de \u00e1rboles y postes de luz y desborde de zanjones.<\/p>\n<p>Del otro lado de la provincia, m\u00e1s cerca de la costa del r\u00edo Paran\u00e1, el temporal tambi\u00e9n gener\u00f3 destrozos en varias localidades y caminos.<\/p>\n<p>En la capital entrerriana los fuertes vientos y la lluvia ca\u00edda provocaron anegamientos en calles y caminos de distintos barrios, ca\u00edda de postes y \u00e1rboles, y el colapso de la estructura de una escuela en construcci\u00f3n.<\/p>\n<p>Victoria tambi\u00e9n sufri\u00f3 el fuerte temporal, y la Municipalidad registr\u00f3 la ca\u00edda de un \u00e1rbol de navidad montado en la plaza principal, y se destruy\u00f3 la estructura de ingreso a la ciudad, con el cartel de bienvenida y el lector de patentes, adem\u00e1s de \u00e1rboles, postes y carteles ca\u00eddos.<\/p>\n<p>A 63 kil\u00f3metros de la capital entrerriana, General Ram\u00edrez sufri\u00f3 la ca\u00edda de \u00e1rboles, gajos, cables y postes, voladura de techos, viviendas y calles anegadas, y da\u00f1os en estructuras como centros de salud, escuelas y organismos; y el corte de luz en varios barrios de la localidad.<\/p>\n<p>Los mismos da\u00f1os se registraron Nogoy\u00e1, a 108 kil\u00f3metros de Paran\u00e1, donde adem\u00e1s un circo mexicano recientemente instalado qued\u00f3 completamente destruido por los fuertes vientos.<\/p>\n<p>El centro y norte de Entre R\u00edos permanecen en alerta naranja a la espera de que contin\u00faen los <em>\u00abfen\u00f3menos meteorol\u00f3gicos peligrosos\u00bb<\/em>, inform\u00f3 el Servicio Meteorol\u00f3gico Nacional (SMN), con lluvias y tormentas, r\u00e1fagas de viento, actividad el\u00e9ctrica, granizo y gran ca\u00edda de agua en cortos per\u00edodos.<\/p>\n<p><em>(T\u00e9lam)<\/em><\/p>\n","protected":false},"excerpt":{"rendered":"<p>Adem\u00e1s de las v\u00edctimas cuyo auto fue arrastrado por la corriente, la tormenta afect\u00f3 a gran parte de la provincia y provoc\u00f3 da\u00f1os en escuelas, [&hellip;]<\/p>\n","protected":false},"author":1,"featured_media":1838,"comment_status":"open","ping_status":"closed","sticky":false,"template":"","format":"standard","meta":{"footnotes":""},"categories":[14,61],"tags":[],"class_list":["post-1837","post","type-post","status-publish","format-standard","has-post-thumbnail","hentry","category-clima-medioambiente-y-sostenibilidad","category-nacionales"],"better_featured_image":{"id":1838,"alt_text":"","caption":"","description":"","media_type":"image","media_details":{"width":720,"height":405,"file":"2023\/12\/entre-rios-1-e1702562839837.jpg","filesize":334788,"sizes":{"medium":{"file":"entre-rios-1-300x169.jpg","width":300,"height":169,"mime-type":"image\/jpeg","filesize":20972,"source_url":"https:\/\/nuevodigitaldeescobar.com.ar\/wp-content\/uploads\/2023\/12\/entre-rios-1-300x169.jpg"},"large":{"file":"entre-rios-1-1024x576.jpg","width":1024,"height":576,"mime-type":"image\/jpeg","filesize":195243,"source_url":"https:\/\/nuevodigitaldeescobar.com.ar\/wp-content\/uploads\/2023\/12\/entre-rios-1-1024x576.jpg"},"thumbnail":{"file":"entre-rios-1-150x150.jpg","width":150,"height":150,"mime-type":"image\/jpeg","filesize":9369,"source_url":"https:\/\/nuevodigitaldeescobar.com.ar\/wp-content\/uploads\/2023\/12\/entre-rios-1-150x150.jpg"},"medium_large":{"file":"entre-rios-1-768x432.jpg","width":768,"height":432,"mime-type":"image\/jpeg","filesize":123603,"source_url":"https:\/\/nuevodigitaldeescobar.com.ar\/wp-content\/uploads\/2023\/12\/entre-rios-1-768x432.jpg"},"covernews-slider-full":{"file":"entre-rios-1-1115x675.jpg","width":1115,"height":675,"mime-type":"image\/jpeg","filesize":250410,"source_url":"https:\/\/nuevodigitaldeescobar.com.ar\/wp-content\/uploads\/2023\/12\/entre-rios-1-1115x675.jpg"},"covernews-slider-center":{"file":"entre-rios-1-800x500.jpg","width":800,"height":500,"mime-type":"image\/jpeg","filesize":140938,"source_url":"https:\/\/nuevodigitaldeescobar.com.ar\/wp-content\/uploads\/2023\/12\/entre-rios-1-800x500.jpg"},"covernews-featured":{"file":"entre-rios-1-1024x576.jpg","width":1024,"height":576,"mime-type":"image\/jpeg","filesize":195243,"source_url":"https:\/\/nuevodigitaldeescobar.com.ar\/wp-content\/uploads\/2023\/12\/entre-rios-1-1024x576.jpg"},"covernews-medium":{"file":"entre-rios-1-540x340.jpg","width":540,"height":340,"mime-type":"image\/jpeg","filesize":72739,"source_url":"https:\/\/nuevodigitaldeescobar.com.ar\/wp-content\/uploads\/2023\/12\/entre-rios-1-540x340.jpg"},"covernews-medium-square":{"file":"entre-rios-1-400x250.jpg","width":400,"height":250,"mime-type":"image\/jpeg","filesize":40444,"source_url":"https:\/\/nuevodigitaldeescobar.com.ar\/wp-content\/uploads\/2023\/12\/entre-rios-1-400x250.jpg"}},"image_meta":{"aperture":"0","credit":"","camera":"","caption":"","created_timestamp":"0","copyright":"","focal_length":"0","iso":"0","shutter_speed":"0","title":"","orientation":"0","keywords":[]}},"post":1837,"source_url":"https:\/\/nuevodigitaldeescobar.com.ar\/wp-content\/uploads\/2023\/12\/entre-rios-1-e1702562839837.jpg"},"yoast_head":"<!-- This site is optimized with the Yoast SEO plugin v26.1.1 - https:\/\/yoast.com\/wordpress\/plugins\/seo\/ -->\n<title>Dos muertos y graves destrozos en Entre R\u00edos por un temporal - Nuevo Digital de Escobar<\/title>\n<meta name=\"robots\" content=\"index, follow, max-snippet:-1, max-image-preview:large, max-video-preview:-1\" \/>\n<link rel=\"canonical\" href=\"https:\/\/nuevodigitaldeescobar.com.ar\/?p=1837\" \/>\n<meta property=\"og:locale\" content=\"es_ES\" \/>\n<meta property=\"og:type\" content=\"article\" \/>\n<meta property=\"og:title\" content=\"Dos muertos y graves destrozos en Entre R\u00edos por un temporal - Nuevo Digital de Escobar\" \/>\n<meta property=\"og:description\" content=\"Adem\u00e1s de las v\u00edctimas cuyo auto fue arrastrado por la corriente, la tormenta afect\u00f3 a gran parte de la provincia y provoc\u00f3 da\u00f1os en escuelas, [&hellip;]\" \/>\n<meta property=\"og:url\" content=\"https:\/\/nuevodigitaldeescobar.com.ar\/?p=1837\" \/>\n<meta property=\"og:site_name\" content=\"Nuevo Digital de Escobar\" \/>\n<meta property=\"article:publisher\" content=\"https:\/\/www.facebook.com\/NUEVODigitalDeEscobar\" \/>\n<meta property=\"article:published_time\" content=\"2023-12-14T14:07:25+00:00\" \/>\n<meta property=\"article:modified_time\" content=\"2023-12-14T14:07:28+00:00\" \/>\n<meta property=\"og:image\" content=\"https:\/\/nuevodigitaldeescobar.com.ar\/wp-content\/uploads\/2023\/12\/entre-rios-1-e1702562839837.jpg\" \/>\n\t<meta property=\"og:image:width\" content=\"720\" \/>\n\t<meta property=\"og:image:height\" content=\"405\" \/>\n\t<meta property=\"og:image:type\" content=\"image\/jpeg\" \/>\n<meta name=\"author\" content=\"Redacci\u00f3n\" \/>\n<meta name=\"twitter:card\" content=\"summary_large_image\" \/>\n<meta name=\"twitter:creator\" content=\"@nuevodigescobar\" \/>\n<meta name=\"twitter:site\" content=\"@nuevodigescobar\" \/>\n<meta name=\"twitter:label1\" content=\"Escrito por\" \/>\n\t<meta name=\"twitter:data1\" content=\"Redacci\u00f3n\" \/>\n\t<meta name=\"twitter:label2\" content=\"Tiempo de lectura\" \/>\n\t<meta name=\"twitter:data2\" content=\"5 minutos\" \/>\n<script type=\"application\/ld+json\" class=\"yoast-schema-graph\">{\"@context\":\"https:\/\/schema.org\",\"@graph\":[{\"@type\":\"Article\",\"@id\":\"https:\/\/nuevodigitaldeescobar.com.ar\/?p=1837#article\",\"isPartOf\":{\"@id\":\"https:\/\/nuevodigitaldeescobar.com.ar\/?p=1837\"},\"author\":{\"name\":\"Redacci\u00f3n\",\"@id\":\"https:\/\/nuevodigitaldeescobar.com.ar\/#\/schema\/person\/035e90a8efe9a80e6eec22656ad6ea4c\"},\"headline\":\"Dos muertos y graves destrozos en Entre R\u00edos por un temporal\",\"datePublished\":\"2023-12-14T14:07:25+00:00\",\"dateModified\":\"2023-12-14T14:07:28+00:00\",\"mainEntityOfPage\":{\"@id\":\"https:\/\/nuevodigitaldeescobar.com.ar\/?p=1837\"},\"wordCount\":1090,\"commentCount\":0,\"publisher\":{\"@id\":\"https:\/\/nuevodigitaldeescobar.com.ar\/#organization\"},\"image\":{\"@id\":\"https:\/\/nuevodigitaldeescobar.com.ar\/?p=1837#primaryimage\"},\"thumbnailUrl\":\"https:\/\/nuevodigitaldeescobar.com.ar\/wp-content\/uploads\/2023\/12\/entre-rios-1-e1702562839837.jpg\",\"articleSection\":[\"Clima, Medioambiente y Sostenibilidad\",\"Nacionales\"],\"inLanguage\":\"es\",\"potentialAction\":[{\"@type\":\"CommentAction\",\"name\":\"Comment\",\"target\":[\"https:\/\/nuevodigitaldeescobar.com.ar\/?p=1837#respond\"]}]},{\"@type\":\"WebPage\",\"@id\":\"https:\/\/nuevodigitaldeescobar.com.ar\/?p=1837\",\"url\":\"https:\/\/nuevodigitaldeescobar.com.ar\/?p=1837\",\"name\":\"Dos muertos y graves destrozos en Entre R\u00edos por un temporal - Nuevo Digital de Escobar\",\"isPartOf\":{\"@id\":\"https:\/\/nuevodigitaldeescobar.com.ar\/#website\"},\"primaryImageOfPage\":{\"@id\":\"https:\/\/nuevodigitaldeescobar.com.ar\/?p=1837#primaryimage\"},\"image\":{\"@id\":\"https:\/\/nuevodigitaldeescobar.com.ar\/?p=1837#primaryimage\"},\"thumbnailUrl\":\"https:\/\/nuevodigitaldeescobar.com.ar\/wp-content\/uploads\/2023\/12\/entre-rios-1-e1702562839837.jpg\",\"datePublished\":\"2023-12-14T14:07:25+00:00\",\"dateModified\":\"2023-12-14T14:07:28+00:00\",\"breadcrumb\":{\"@id\":\"https:\/\/nuevodigitaldeescobar.com.ar\/?p=1837#breadcrumb\"},\"inLanguage\":\"es\",\"potentialAction\":[{\"@type\":\"ReadAction\",\"target\":[\"https:\/\/nuevodigitaldeescobar.com.ar\/?p=1837\"]}]},{\"@type\":\"ImageObject\",\"inLanguage\":\"es\",\"@id\":\"https:\/\/nuevodigitaldeescobar.com.ar\/?p=1837#primaryimage\",\"url\":\"https:\/\/nuevodigitaldeescobar.com.ar\/wp-content\/uploads\/2023\/12\/entre-rios-1-e1702562839837.jpg\",\"contentUrl\":\"https:\/\/nuevodigitaldeescobar.com.ar\/wp-content\/uploads\/2023\/12\/entre-rios-1-e1702562839837.jpg\",\"width\":720,\"height\":405},{\"@type\":\"BreadcrumbList\",\"@id\":\"https:\/\/nuevodigitaldeescobar.com.ar\/?p=1837#breadcrumb\",\"itemListElement\":[{\"@type\":\"ListItem\",\"position\":1,\"name\":\"Portada\",\"item\":\"https:\/\/nuevodigitaldeescobar.com.ar\/\"},{\"@type\":\"ListItem\",\"position\":2,\"name\":\"Dos muertos y graves destrozos en Entre R\u00edos por un temporal\"}]},{\"@type\":\"WebSite\",\"@id\":\"https:\/\/nuevodigitaldeescobar.com.ar\/#website\",\"url\":\"https:\/\/nuevodigitaldeescobar.com.ar\/\",\"name\":\"Nuevo Digital de Escobar\",\"description\":\"La vida escobarense. Directora: Rosana Brunner\",\"publisher\":{\"@id\":\"https:\/\/nuevodigitaldeescobar.com.ar\/#organization\"},\"potentialAction\":[{\"@type\":\"SearchAction\",\"target\":{\"@type\":\"EntryPoint\",\"urlTemplate\":\"https:\/\/nuevodigitaldeescobar.com.ar\/?s={search_term_string}\"},\"query-input\":{\"@type\":\"PropertyValueSpecification\",\"valueRequired\":true,\"valueName\":\"search_term_string\"}}],\"inLanguage\":\"es\"},{\"@type\":\"Organization\",\"@id\":\"https:\/\/nuevodigitaldeescobar.com.ar\/#organization\",\"name\":\"Nuevo Digital de Escobar\",\"url\":\"https:\/\/nuevodigitaldeescobar.com.ar\/\",\"logo\":{\"@type\":\"ImageObject\",\"inLanguage\":\"es\",\"@id\":\"https:\/\/nuevodigitaldeescobar.com.ar\/#\/schema\/logo\/image\/\",\"url\":\"https:\/\/nuevodigitaldeescobar.com.ar\/wp-content\/uploads\/2025\/05\/cropped-logo-nuevo2.jpg\",\"contentUrl\":\"https:\/\/nuevodigitaldeescobar.com.ar\/wp-content\/uploads\/2025\/05\/cropped-logo-nuevo2.jpg\",\"width\":305,\"height\":305,\"caption\":\"Nuevo Digital de Escobar\"},\"image\":{\"@id\":\"https:\/\/nuevodigitaldeescobar.com.ar\/#\/schema\/logo\/image\/\"},\"sameAs\":[\"https:\/\/www.facebook.com\/NUEVODigitalDeEscobar\",\"https:\/\/x.com\/nuevodigescobar\",\"https:\/\/www.instagram.com\/nuevodigitaldeescobar\"]},{\"@type\":\"Person\",\"@id\":\"https:\/\/nuevodigitaldeescobar.com.ar\/#\/schema\/person\/035e90a8efe9a80e6eec22656ad6ea4c\",\"name\":\"Redacci\u00f3n\",\"image\":{\"@type\":\"ImageObject\",\"inLanguage\":\"es\",\"@id\":\"https:\/\/nuevodigitaldeescobar.com.ar\/#\/schema\/person\/image\/\",\"url\":\"https:\/\/secure.gravatar.com\/avatar\/8af8f40000c24e9eef3034f2be5998a372bb1389e64b1a4a36b3a7979142220d?s=96&d=mm&r=g\",\"contentUrl\":\"https:\/\/secure.gravatar.com\/avatar\/8af8f40000c24e9eef3034f2be5998a372bb1389e64b1a4a36b3a7979142220d?s=96&d=mm&r=g\",\"caption\":\"Redacci\u00f3n\"},\"sameAs\":[\"http:\/\/nuevodigitaldeescobar.com.ar\"],\"url\":\"https:\/\/nuevodigitaldeescobar.com.ar\/?author=1\"}]}<\/script>\n<!-- \/ Yoast SEO plugin. -->","yoast_head_json":{"title":"Dos muertos y graves destrozos en Entre R\u00edos por un temporal - Nuevo Digital de Escobar","robots":{"index":"index","follow":"follow","max-snippet":"max-snippet:-1","max-image-preview":"max-image-preview:large","max-video-preview":"max-video-preview:-1"},"canonical":"https:\/\/nuevodigitaldeescobar.com.ar\/?p=1837","og_locale":"es_ES","og_type":"article","og_title":"Dos muertos y graves destrozos en Entre R\u00edos por un temporal - Nuevo Digital de Escobar","og_description":"Adem\u00e1s de las v\u00edctimas cuyo auto fue arrastrado por la corriente, la tormenta afect\u00f3 a gran parte de la provincia y provoc\u00f3 da\u00f1os en escuelas, [&hellip;]","og_url":"https:\/\/nuevodigitaldeescobar.com.ar\/?p=1837","og_site_name":"Nuevo Digital de Escobar","article_publisher":"https:\/\/www.facebook.com\/NUEVODigitalDeEscobar","article_published_time":"2023-12-14T14:07:25+00:00","article_modified_time":"2023-12-14T14:07:28+00:00","og_image":[{"width":720,"height":405,"url":"https:\/\/nuevodigitaldeescobar.com.ar\/wp-content\/uploads\/2023\/12\/entre-rios-1-e1702562839837.jpg","type":"image\/jpeg"}],"author":"Redacci\u00f3n","twitter_card":"summary_large_image","twitter_creator":"@nuevodigescobar","twitter_site":"@nuevodigescobar","twitter_misc":{"Escrito por":"Redacci\u00f3n","Tiempo de lectura":"5 minutos"},"schema":{"@context":"https:\/\/schema.org","@graph":[{"@type":"Article","@id":"https:\/\/nuevodigitaldeescobar.com.ar\/?p=1837#article","isPartOf":{"@id":"https:\/\/nuevodigitaldeescobar.com.ar\/?p=1837"},"author":{"name":"Redacci\u00f3n","@id":"https:\/\/nuevodigitaldeescobar.com.ar\/#\/schema\/person\/035e90a8efe9a80e6eec22656ad6ea4c"},"headline":"Dos muertos y graves destrozos en Entre R\u00edos por un temporal","datePublished":"2023-12-14T14:07:25+00:00","dateModified":"2023-12-14T14:07:28+00:00","mainEntityOfPage":{"@id":"https:\/\/nuevodigitaldeescobar.com.ar\/?p=1837"},"wordCount":1090,"commentCount":0,"publisher":{"@id":"https:\/\/nuevodigitaldeescobar.com.ar\/#organization"},"image":{"@id":"https:\/\/nuevodigitaldeescobar.com.ar\/?p=1837#primaryimage"},"thumbnailUrl":"https:\/\/nuevodigitaldeescobar.com.ar\/wp-content\/uploads\/2023\/12\/entre-rios-1-e1702562839837.jpg","articleSection":["Clima, Medioambiente y Sostenibilidad","Nacionales"],"inLanguage":"es","potentialAction":[{"@type":"CommentAction","name":"Comment","target":["https:\/\/nuevodigitaldeescobar.com.ar\/?p=1837#respond"]}]},{"@type":"WebPage","@id":"https:\/\/nuevodigitaldeescobar.com.ar\/?p=1837","url":"https:\/\/nuevodigitaldeescobar.com.ar\/?p=1837","name":"Dos muertos y graves destrozos en Entre R\u00edos por un temporal - Nuevo Digital de Escobar","isPartOf":{"@id":"https:\/\/nuevodigitaldeescobar.com.ar\/#website"},"primaryImageOfPage":{"@id":"https:\/\/nuevodigitaldeescobar.com.ar\/?p=1837#primaryimage"},"image":{"@id":"https:\/\/nuevodigitaldeescobar.com.ar\/?p=1837#primaryimage"},"thumbnailUrl":"https:\/\/nuevodigitaldeescobar.com.ar\/wp-content\/uploads\/2023\/12\/entre-rios-1-e1702562839837.jpg","datePublished":"2023-12-14T14:07:25+00:00","dateModified":"2023-12-14T14:07:28+00:00","breadcrumb":{"@id":"https:\/\/nuevodigitaldeescobar.com.ar\/?p=1837#breadcrumb"},"inLanguage":"es","potentialAction":[{"@type":"ReadAction","target":["https:\/\/nuevodigitaldeescobar.com.ar\/?p=1837"]}]},{"@type":"ImageObject","inLanguage":"es","@id":"https:\/\/nuevodigitaldeescobar.com.ar\/?p=1837#primaryimage","url":"https:\/\/nuevodigitaldeescobar.com.ar\/wp-content\/uploads\/2023\/12\/entre-rios-1-e1702562839837.jpg","contentUrl":"https:\/\/nuevodigitaldeescobar.com.ar\/wp-content\/uploads\/2023\/12\/entre-rios-1-e1702562839837.jpg","width":720,"height":405},{"@type":"BreadcrumbList","@id":"https:\/\/nuevodigitaldeescobar.com.ar\/?p=1837#breadcrumb","itemListElement":[{"@type":"ListItem","position":1,"name":"Portada","item":"https:\/\/nuevodigitaldeescobar.com.ar\/"},{"@type":"ListItem","position":2,"name":"Dos muertos y graves destrozos en Entre R\u00edos por un temporal"}]},{"@type":"WebSite","@id":"https:\/\/nuevodigitaldeescobar.com.ar\/#website","url":"https:\/\/nuevodigitaldeescobar.com.ar\/","name":"Nuevo Digital de Escobar","description":"La vida escobarense. Directora: Rosana Brunner","publisher":{"@id":"https:\/\/nuevodigitaldeescobar.com.ar\/#organization"},"potentialAction":[{"@type":"SearchAction","target":{"@type":"EntryPoint","urlTemplate":"https:\/\/nuevodigitaldeescobar.com.ar\/?s={search_term_string}"},"query-input":{"@type":"PropertyValueSpecification","valueRequired":true,"valueName":"search_term_string"}}],"inLanguage":"es"},{"@type":"Organization","@id":"https:\/\/nuevodigitaldeescobar.com.ar\/#organization","name":"Nuevo Digital de Escobar","url":"https:\/\/nuevodigitaldeescobar.com.ar\/","logo":{"@type":"ImageObject","inLanguage":"es","@id":"https:\/\/nuevodigitaldeescobar.com.ar\/#\/schema\/logo\/image\/","url":"https:\/\/nuevodigitaldeescobar.com.ar\/wp-content\/uploads\/2025\/05\/cropped-logo-nuevo2.jpg","contentUrl":"https:\/\/nuevodigitaldeescobar.com.ar\/wp-content\/uploads\/2025\/05\/cropped-logo-nuevo2.jpg","width":305,"height":305,"caption":"Nuevo Digital de Escobar"},"image":{"@id":"https:\/\/nuevodigitaldeescobar.com.ar\/#\/schema\/logo\/image\/"},"sameAs":["https:\/\/www.facebook.com\/NUEVODigitalDeEscobar","https:\/\/x.com\/nuevodigescobar","https:\/\/www.instagram.com\/nuevodigitaldeescobar"]},{"@type":"Person","@id":"https:\/\/nuevodigitaldeescobar.com.ar\/#\/schema\/person\/035e90a8efe9a80e6eec22656ad6ea4c","name":"Redacci\u00f3n","image":{"@type":"ImageObject","inLanguage":"es","@id":"https:\/\/nuevodigitaldeescobar.com.ar\/#\/schema\/person\/image\/","url":"https:\/\/secure.gravatar.com\/avatar\/8af8f40000c24e9eef3034f2be5998a372bb1389e64b1a4a36b3a7979142220d?s=96&d=mm&r=g","contentUrl":"https:\/\/secure.gravatar.com\/avatar\/8af8f40000c24e9eef3034f2be5998a372bb1389e64b1a4a36b3a7979142220d?s=96&d=mm&r=g","caption":"Redacci\u00f3n"},"sameAs":["http:\/\/nuevodigitaldeescobar.com.ar"],"url":"https:\/\/nuevodigitaldeescobar.com.ar\/?author=1"}]}},"featured_image_urls":{"full":["https:\/\/nuevodigitaldeescobar.com.ar\/wp-content\/uploads\/2023\/12\/entre-rios-1-e1702562839837.jpg",720,405,false],"thumbnail":["https:\/\/nuevodigitaldeescobar.com.ar\/wp-content\/uploads\/2023\/12\/entre-rios-1-150x150.jpg",150,150,true],"medium":["https:\/\/nuevodigitaldeescobar.com.ar\/wp-content\/uploads\/2023\/12\/entre-rios-1-300x169.jpg",300,169,true],"medium_large":["https:\/\/nuevodigitaldeescobar.com.ar\/wp-content\/uploads\/2023\/12\/entre-rios-1-768x432.jpg",640,360,true],"large":["https:\/\/nuevodigitaldeescobar.com.ar\/wp-content\/uploads\/2023\/12\/entre-rios-1-1024x576.jpg",640,360,true],"1536x1536":["https:\/\/nuevodigitaldeescobar.com.ar\/wp-content\/uploads\/2023\/12\/entre-rios-1-e1702562839837.jpg",720,405,false],"2048x2048":["https:\/\/nuevodigitaldeescobar.com.ar\/wp-content\/uploads\/2023\/12\/entre-rios-1-e1702562839837.jpg",720,405,false]},"author_info":{"display_name":"Redacci\u00f3n","author_link":"https:\/\/nuevodigitaldeescobar.com.ar\/?author=1"},"category_info":"<a href=\"https:\/\/nuevodigitaldeescobar.com.ar\/?cat=14\" rel=\"category\">Clima, Medioambiente y Sostenibilidad<\/a> <a href=\"https:\/\/nuevodigitaldeescobar.com.ar\/?cat=61\" rel=\"category\">Nacionales<\/a>","tag_info":"Nacionales","comment_count":"0","_links":{"self":[{"href":"https:\/\/nuevodigitaldeescobar.com.ar\/index.php?rest_route=\/wp\/v2\/posts\/1837","targetHints":{"allow":["GET"]}}],"collection":[{"href":"https:\/\/nuevodigitaldeescobar.com.ar\/index.php?rest_route=\/wp\/v2\/posts"}],"about":[{"href":"https:\/\/nuevodigitaldeescobar.com.ar\/index.php?rest_route=\/wp\/v2\/types\/post"}],"author":[{"embeddable":true,"href":"https:\/\/nuevodigitaldeescobar.com.ar\/index.php?rest_route=\/wp\/v2\/users\/1"}],"replies":[{"embeddable":true,"href":"https:\/\/nuevodigitaldeescobar.com.ar\/index.php?rest_route=%2Fwp%2Fv2%2Fcomments&post=1837"}],"version-history":[{"count":1,"href":"https:\/\/nuevodigitaldeescobar.com.ar\/index.php?rest_route=\/wp\/v2\/posts\/1837\/revisions"}],"predecessor-version":[{"id":1841,"href":"https:\/\/nuevodigitaldeescobar.com.ar\/index.php?rest_route=\/wp\/v2\/posts\/1837\/revisions\/1841"}],"wp:featuredmedia":[{"embeddable":true,"href":"https:\/\/nuevodigitaldeescobar.com.ar\/index.php?rest_route=\/wp\/v2\/media\/1838"}],"wp:attachment":[{"href":"https:\/\/nuevodigitaldeescobar.com.ar\/index.php?rest_route=%2Fwp%2Fv2%2Fmedia&parent=1837"}],"wp:term":[{"taxonomy":"category","embeddable":true,"href":"https:\/\/nuevodigitaldeescobar.com.ar\/index.php?rest_route=%2Fwp%2Fv2%2Fcategories&post=1837"},{"taxonomy":"post_tag","embeddable":true,"href":"https:\/\/nuevodigitaldeescobar.com.ar\/index.php?rest_route=%2Fwp%2Fv2%2Ftags&post=1837"}],"curies":[{"name":"wp","href":"https:\/\/api.w.org\/{rel}","templated":true}]}}