{"id":18393,"date":"2025-10-10T16:20:38","date_gmt":"2025-10-10T19:20:38","guid":{"rendered":"https:\/\/nuevodigitaldeescobar.com.ar\/?p=18393"},"modified":"2025-10-10T16:30:37","modified_gmt":"2025-10-10T19:30:37","slug":"mejora-la-salud-del-socorrista-de-defensa-civil-herido-durante-el-operativo-en-panamericana","status":"publish","type":"post","link":"https:\/\/nuevodigitaldeescobar.com.ar\/?p=18393","title":{"rendered":"Mejora la salud del socorrista de Defensa Civil herido durante el operativo en Panamericana"},"content":{"rendered":"\n<p>Una imagen que vieron muchos vecinos de Escobar durante el jueves provoc\u00f3 estupor y preocupaci\u00f3n. Gabriel Alejandro Grecco, socorrista de Defensa Civil, participaba de las tareas de rescate en el accidente que ocurri\u00f3 en el km 45 de la Autopista Panamericana que involucr\u00f3 a un auto y un cami\u00f3n. <\/p>\n\n\n\n<!--more-->\n\n\n\n<p>A causa del gran porte de este \u00faltimo veh\u00edculo, de 42 toneladas, un taco de madera que formaba parte del equipo llamado minicoj\u00edn (un artefacto que se utiliza para levantar cuerpos pesados) se desprendi\u00f3 y le peg\u00f3 violentamente en la cara a Grecco, quien se desplom\u00f3 y perdi\u00f3 la conciencia durante unos segundos. <\/p>\n\n\n\n<p>De inmediato, el agente de Defensa Civil fue trasladado al Hospital Municipal de Gar\u00edn, donde recibi\u00f3 los primeros auxilios y luego fue derivado a la recientemente inaugurada Cl\u00ednica de Alta Complejidad Manuel Belgrano, en Ingeniero Maschwitz. <\/p>\n\n\n<div class=\"wp-block-image\">\n<figure class=\"aligncenter size-full\"><img fetchpriority=\"high\" decoding=\"async\" width=\"420\" height=\"280\" src=\"http:\/\/nuevodigitaldeescobar.com.ar\/wp-content\/uploads\/2025\/10\/FB_IMG_1760124370662.jpg\" alt=\"\" class=\"wp-image-18396\" srcset=\"https:\/\/nuevodigitaldeescobar.com.ar\/wp-content\/uploads\/2025\/10\/FB_IMG_1760124370662.jpg 420w, https:\/\/nuevodigitaldeescobar.com.ar\/wp-content\/uploads\/2025\/10\/FB_IMG_1760124370662-300x200.jpg 300w\" sizes=\"(max-width: 420px) 100vw, 420px\" \/><\/figure><\/div>\n\n\n<p>Los m\u00e9dicos le realizaron varios estudios, incluyendo una tomograf\u00eda, para tambi\u00e9n realizarle una rectificaci\u00f3n cervical, adem\u00e1s de curarle heridas cortantes en el rostro. Afortunadamente, el efectivo de Defensa Civil se encuentra fuera de peligro.    <\/p>\n\n\n\n<p>El socorrista, de 57 a\u00f1os, realizaba esa acci\u00f3n para rescatar a los dos ocupantes del Fiat Mobi que se incrust\u00f3 debajo del cami\u00f3n Scania T113 que se encontraba detenido en la banquina de la autopista. <\/p>\n\n\n\n<p>En un procedimiento que dur\u00f3 m\u00e1s de una hora, los rescatistas tuvieron que cortar la carrocer\u00eda del auto para poder sacar a su conductor y a su acompa\u00f1ante, ambos de cerca de 80 a\u00f1os, quienes fueron trasladados al Hospital Erill.<\/p>\n","protected":false},"excerpt":{"rendered":"<p>Una imagen que vieron muchos vecinos de Escobar durante el jueves provoc\u00f3 estupor y preocupaci\u00f3n. Gabriel Alejandro Grecco, socorrista de Defensa Civil, participaba de las [&hellip;]<\/p>\n","protected":false},"author":1,"featured_media":18395,"comment_status":"open","ping_status":"open","sticky":false,"template":"","format":"standard","meta":{"footnotes":""},"categories":[7],"tags":[],"class_list":["post-18393","post","type-post","status-publish","format-standard","has-post-thumbnail","hentry","category-interes-general"],"better_featured_image":{"id":18395,"alt_text":"","caption":"","description":"","media_type":"image","media_details":{"width":1080,"height":932,"file":"2025\/10\/FB_IMG_1760124372733.jpg","filesize":75133,"sizes":{"medium":{"file":"FB_IMG_1760124372733-300x259.jpg","width":300,"height":259,"mime-type":"image\/jpeg","filesize":20780,"source_url":"https:\/\/nuevodigitaldeescobar.com.ar\/wp-content\/uploads\/2025\/10\/FB_IMG_1760124372733-300x259.jpg"},"large":{"file":"FB_IMG_1760124372733-1024x884.jpg","width":1024,"height":884,"mime-type":"image\/jpeg","filesize":118509,"source_url":"https:\/\/nuevodigitaldeescobar.com.ar\/wp-content\/uploads\/2025\/10\/FB_IMG_1760124372733-1024x884.jpg"},"thumbnail":{"file":"FB_IMG_1760124372733-150x150.jpg","width":150,"height":150,"mime-type":"image\/jpeg","filesize":7543,"source_url":"https:\/\/nuevodigitaldeescobar.com.ar\/wp-content\/uploads\/2025\/10\/FB_IMG_1760124372733-150x150.jpg"},"medium_large":{"file":"FB_IMG_1760124372733-768x663.jpg","width":768,"height":663,"mime-type":"image\/jpeg","filesize":79529,"source_url":"https:\/\/nuevodigitaldeescobar.com.ar\/wp-content\/uploads\/2025\/10\/FB_IMG_1760124372733-768x663.jpg"}},"image_meta":{"aperture":"0","credit":"","camera":"","caption":"","created_timestamp":"0","copyright":"","focal_length":"0","iso":"0","shutter_speed":"0","title":"","orientation":"0","keywords":[]}},"post":18393,"source_url":"https:\/\/nuevodigitaldeescobar.com.ar\/wp-content\/uploads\/2025\/10\/FB_IMG_1760124372733.jpg"},"yoast_head":"<!-- This site is optimized with the Yoast SEO plugin v26.1.1 - https:\/\/yoast.com\/wordpress\/plugins\/seo\/ -->\n<title>Mejora la salud del socorrista de Defensa Civil herido durante el operativo en Panamericana - Nuevo Digital de Escobar<\/title>\n<meta name=\"description\" content=\"El agente de Defensa Civil fue trasladado al Hospital Municipal de Gar\u00edn, donde recibi\u00f3 los primeros auxilios y luego fue derivado a la Cl\u00ednica de Alta Complejidad Manuel Belgrano, en Maschwitz.\" \/>\n<meta name=\"robots\" content=\"index, follow, max-snippet:-1, max-image-preview:large, max-video-preview:-1\" \/>\n<link rel=\"canonical\" href=\"https:\/\/nuevodigitaldeescobar.com.ar\/?p=18393\" \/>\n<meta property=\"og:locale\" content=\"es_ES\" \/>\n<meta property=\"og:type\" content=\"article\" \/>\n<meta property=\"og:title\" content=\"Mejora la salud del socorrista de Defensa Civil herido durante el operativo en Panamericana\" \/>\n<meta property=\"og:description\" content=\"El agente de Defensa Civil fue trasladado al Hospital Municipal de Gar\u00edn, donde recibi\u00f3 los primeros auxilios y luego fue derivado a la Cl\u00ednica de Alta Complejidad Manuel Belgrano, en Maschwitz.\" \/>\n<meta property=\"og:url\" content=\"https:\/\/nuevodigitaldeescobar.com.ar\/?p=18393\" \/>\n<meta property=\"og:site_name\" content=\"Nuevo Digital de Escobar\" \/>\n<meta property=\"article:publisher\" content=\"https:\/\/www.facebook.com\/NUEVODigitalDeEscobar\" \/>\n<meta property=\"article:published_time\" content=\"2025-10-10T19:20:38+00:00\" \/>\n<meta property=\"article:modified_time\" content=\"2025-10-10T19:30:37+00:00\" \/>\n<meta property=\"og:image\" content=\"http:\/\/nuevodigitaldeescobar.com.ar\/wp-content\/uploads\/2025\/10\/FB_IMG_1760124372733.jpg\" \/>\n\t<meta property=\"og:image:width\" content=\"1080\" \/>\n\t<meta property=\"og:image:height\" content=\"932\" \/>\n\t<meta property=\"og:image:type\" content=\"image\/jpeg\" \/>\n<meta name=\"author\" content=\"Redacci\u00f3n\" \/>\n<meta name=\"twitter:card\" content=\"summary_large_image\" \/>\n<meta name=\"twitter:creator\" content=\"@nuevodigescobar\" \/>\n<meta name=\"twitter:site\" content=\"@nuevodigescobar\" \/>\n<meta name=\"twitter:label1\" content=\"Escrito por\" \/>\n\t<meta name=\"twitter:data1\" content=\"Redacci\u00f3n\" \/>\n\t<meta name=\"twitter:label2\" content=\"Tiempo de lectura\" \/>\n\t<meta name=\"twitter:data2\" content=\"2 minutos\" \/>\n<script type=\"application\/ld+json\" class=\"yoast-schema-graph\">{\"@context\":\"https:\/\/schema.org\",\"@graph\":[{\"@type\":\"Article\",\"@id\":\"https:\/\/nuevodigitaldeescobar.com.ar\/?p=18393#article\",\"isPartOf\":{\"@id\":\"https:\/\/nuevodigitaldeescobar.com.ar\/?p=18393\"},\"author\":{\"name\":\"Redacci\u00f3n\",\"@id\":\"https:\/\/nuevodigitaldeescobar.com.ar\/#\/schema\/person\/035e90a8efe9a80e6eec22656ad6ea4c\"},\"headline\":\"Mejora la salud del socorrista de Defensa Civil herido durante el operativo en Panamericana\",\"datePublished\":\"2025-10-10T19:20:38+00:00\",\"dateModified\":\"2025-10-10T19:30:37+00:00\",\"mainEntityOfPage\":{\"@id\":\"https:\/\/nuevodigitaldeescobar.com.ar\/?p=18393\"},\"wordCount\":275,\"commentCount\":0,\"publisher\":{\"@id\":\"https:\/\/nuevodigitaldeescobar.com.ar\/#organization\"},\"image\":{\"@id\":\"https:\/\/nuevodigitaldeescobar.com.ar\/?p=18393#primaryimage\"},\"thumbnailUrl\":\"https:\/\/nuevodigitaldeescobar.com.ar\/wp-content\/uploads\/2025\/10\/FB_IMG_1760124372733.jpg\",\"articleSection\":[\"Inter\u00e9s general\"],\"inLanguage\":\"es\",\"potentialAction\":[{\"@type\":\"CommentAction\",\"name\":\"Comment\",\"target\":[\"https:\/\/nuevodigitaldeescobar.com.ar\/?p=18393#respond\"]}]},{\"@type\":\"WebPage\",\"@id\":\"https:\/\/nuevodigitaldeescobar.com.ar\/?p=18393\",\"url\":\"https:\/\/nuevodigitaldeescobar.com.ar\/?p=18393\",\"name\":\"Mejora la salud del socorrista de Defensa Civil herido durante el operativo en Panamericana - Nuevo Digital de Escobar\",\"isPartOf\":{\"@id\":\"https:\/\/nuevodigitaldeescobar.com.ar\/#website\"},\"primaryImageOfPage\":{\"@id\":\"https:\/\/nuevodigitaldeescobar.com.ar\/?p=18393#primaryimage\"},\"image\":{\"@id\":\"https:\/\/nuevodigitaldeescobar.com.ar\/?p=18393#primaryimage\"},\"thumbnailUrl\":\"https:\/\/nuevodigitaldeescobar.com.ar\/wp-content\/uploads\/2025\/10\/FB_IMG_1760124372733.jpg\",\"datePublished\":\"2025-10-10T19:20:38+00:00\",\"dateModified\":\"2025-10-10T19:30:37+00:00\",\"description\":\"El agente de Defensa Civil fue trasladado al Hospital Municipal de Gar\u00edn, donde recibi\u00f3 los primeros auxilios y luego fue derivado a la Cl\u00ednica de Alta Complejidad Manuel Belgrano, en Maschwitz.\",\"breadcrumb\":{\"@id\":\"https:\/\/nuevodigitaldeescobar.com.ar\/?p=18393#breadcrumb\"},\"inLanguage\":\"es\",\"potentialAction\":[{\"@type\":\"ReadAction\",\"target\":[\"https:\/\/nuevodigitaldeescobar.com.ar\/?p=18393\"]}]},{\"@type\":\"ImageObject\",\"inLanguage\":\"es\",\"@id\":\"https:\/\/nuevodigitaldeescobar.com.ar\/?p=18393#primaryimage\",\"url\":\"https:\/\/nuevodigitaldeescobar.com.ar\/wp-content\/uploads\/2025\/10\/FB_IMG_1760124372733.jpg\",\"contentUrl\":\"https:\/\/nuevodigitaldeescobar.com.ar\/wp-content\/uploads\/2025\/10\/FB_IMG_1760124372733.jpg\",\"width\":1080,\"height\":932},{\"@type\":\"BreadcrumbList\",\"@id\":\"https:\/\/nuevodigitaldeescobar.com.ar\/?p=18393#breadcrumb\",\"itemListElement\":[{\"@type\":\"ListItem\",\"position\":1,\"name\":\"Portada\",\"item\":\"https:\/\/nuevodigitaldeescobar.com.ar\/\"},{\"@type\":\"ListItem\",\"position\":2,\"name\":\"Mejora la salud del socorrista de Defensa Civil herido durante el operativo en Panamericana\"}]},{\"@type\":\"WebSite\",\"@id\":\"https:\/\/nuevodigitaldeescobar.com.ar\/#website\",\"url\":\"https:\/\/nuevodigitaldeescobar.com.ar\/\",\"name\":\"Nuevo Digital de Escobar\",\"description\":\"La vida escobarense. Directora: Rosana Brunner\",\"publisher\":{\"@id\":\"https:\/\/nuevodigitaldeescobar.com.ar\/#organization\"},\"potentialAction\":[{\"@type\":\"SearchAction\",\"target\":{\"@type\":\"EntryPoint\",\"urlTemplate\":\"https:\/\/nuevodigitaldeescobar.com.ar\/?s={search_term_string}\"},\"query-input\":{\"@type\":\"PropertyValueSpecification\",\"valueRequired\":true,\"valueName\":\"search_term_string\"}}],\"inLanguage\":\"es\"},{\"@type\":\"Organization\",\"@id\":\"https:\/\/nuevodigitaldeescobar.com.ar\/#organization\",\"name\":\"Nuevo Digital de Escobar\",\"url\":\"https:\/\/nuevodigitaldeescobar.com.ar\/\",\"logo\":{\"@type\":\"ImageObject\",\"inLanguage\":\"es\",\"@id\":\"https:\/\/nuevodigitaldeescobar.com.ar\/#\/schema\/logo\/image\/\",\"url\":\"https:\/\/nuevodigitaldeescobar.com.ar\/wp-content\/uploads\/2025\/05\/cropped-logo-nuevo2.jpg\",\"contentUrl\":\"https:\/\/nuevodigitaldeescobar.com.ar\/wp-content\/uploads\/2025\/05\/cropped-logo-nuevo2.jpg\",\"width\":305,\"height\":305,\"caption\":\"Nuevo Digital de Escobar\"},\"image\":{\"@id\":\"https:\/\/nuevodigitaldeescobar.com.ar\/#\/schema\/logo\/image\/\"},\"sameAs\":[\"https:\/\/www.facebook.com\/NUEVODigitalDeEscobar\",\"https:\/\/x.com\/nuevodigescobar\",\"https:\/\/www.instagram.com\/nuevodigitaldeescobar\"]},{\"@type\":\"Person\",\"@id\":\"https:\/\/nuevodigitaldeescobar.com.ar\/#\/schema\/person\/035e90a8efe9a80e6eec22656ad6ea4c\",\"name\":\"Redacci\u00f3n\",\"image\":{\"@type\":\"ImageObject\",\"inLanguage\":\"es\",\"@id\":\"https:\/\/nuevodigitaldeescobar.com.ar\/#\/schema\/person\/image\/\",\"url\":\"https:\/\/secure.gravatar.com\/avatar\/8af8f40000c24e9eef3034f2be5998a372bb1389e64b1a4a36b3a7979142220d?s=96&d=mm&r=g\",\"contentUrl\":\"https:\/\/secure.gravatar.com\/avatar\/8af8f40000c24e9eef3034f2be5998a372bb1389e64b1a4a36b3a7979142220d?s=96&d=mm&r=g\",\"caption\":\"Redacci\u00f3n\"},\"sameAs\":[\"http:\/\/nuevodigitaldeescobar.com.ar\"],\"url\":\"https:\/\/nuevodigitaldeescobar.com.ar\/?author=1\"}]}<\/script>\n<!-- \/ Yoast SEO plugin. -->","yoast_head_json":{"title":"Mejora la salud del socorrista de Defensa Civil herido durante el operativo en Panamericana - Nuevo Digital de Escobar","description":"El agente de Defensa Civil fue trasladado al Hospital Municipal de Gar\u00edn, donde recibi\u00f3 los primeros auxilios y luego fue derivado a la Cl\u00ednica de Alta Complejidad Manuel Belgrano, en Maschwitz.","robots":{"index":"index","follow":"follow","max-snippet":"max-snippet:-1","max-image-preview":"max-image-preview:large","max-video-preview":"max-video-preview:-1"},"canonical":"https:\/\/nuevodigitaldeescobar.com.ar\/?p=18393","og_locale":"es_ES","og_type":"article","og_title":"Mejora la salud del socorrista de Defensa Civil herido durante el operativo en Panamericana","og_description":"El agente de Defensa Civil fue trasladado al Hospital Municipal de Gar\u00edn, donde recibi\u00f3 los primeros auxilios y luego fue derivado a la Cl\u00ednica de Alta Complejidad Manuel Belgrano, en Maschwitz.","og_url":"https:\/\/nuevodigitaldeescobar.com.ar\/?p=18393","og_site_name":"Nuevo Digital de Escobar","article_publisher":"https:\/\/www.facebook.com\/NUEVODigitalDeEscobar","article_published_time":"2025-10-10T19:20:38+00:00","article_modified_time":"2025-10-10T19:30:37+00:00","og_image":[{"width":1080,"height":932,"url":"http:\/\/nuevodigitaldeescobar.com.ar\/wp-content\/uploads\/2025\/10\/FB_IMG_1760124372733.jpg","type":"image\/jpeg"}],"author":"Redacci\u00f3n","twitter_card":"summary_large_image","twitter_creator":"@nuevodigescobar","twitter_site":"@nuevodigescobar","twitter_misc":{"Escrito por":"Redacci\u00f3n","Tiempo de lectura":"2 minutos"},"schema":{"@context":"https:\/\/schema.org","@graph":[{"@type":"Article","@id":"https:\/\/nuevodigitaldeescobar.com.ar\/?p=18393#article","isPartOf":{"@id":"https:\/\/nuevodigitaldeescobar.com.ar\/?p=18393"},"author":{"name":"Redacci\u00f3n","@id":"https:\/\/nuevodigitaldeescobar.com.ar\/#\/schema\/person\/035e90a8efe9a80e6eec22656ad6ea4c"},"headline":"Mejora la salud del socorrista de Defensa Civil herido durante el operativo en Panamericana","datePublished":"2025-10-10T19:20:38+00:00","dateModified":"2025-10-10T19:30:37+00:00","mainEntityOfPage":{"@id":"https:\/\/nuevodigitaldeescobar.com.ar\/?p=18393"},"wordCount":275,"commentCount":0,"publisher":{"@id":"https:\/\/nuevodigitaldeescobar.com.ar\/#organization"},"image":{"@id":"https:\/\/nuevodigitaldeescobar.com.ar\/?p=18393#primaryimage"},"thumbnailUrl":"https:\/\/nuevodigitaldeescobar.com.ar\/wp-content\/uploads\/2025\/10\/FB_IMG_1760124372733.jpg","articleSection":["Inter\u00e9s general"],"inLanguage":"es","potentialAction":[{"@type":"CommentAction","name":"Comment","target":["https:\/\/nuevodigitaldeescobar.com.ar\/?p=18393#respond"]}]},{"@type":"WebPage","@id":"https:\/\/nuevodigitaldeescobar.com.ar\/?p=18393","url":"https:\/\/nuevodigitaldeescobar.com.ar\/?p=18393","name":"Mejora la salud del socorrista de Defensa Civil herido durante el operativo en Panamericana - Nuevo Digital de Escobar","isPartOf":{"@id":"https:\/\/nuevodigitaldeescobar.com.ar\/#website"},"primaryImageOfPage":{"@id":"https:\/\/nuevodigitaldeescobar.com.ar\/?p=18393#primaryimage"},"image":{"@id":"https:\/\/nuevodigitaldeescobar.com.ar\/?p=18393#primaryimage"},"thumbnailUrl":"https:\/\/nuevodigitaldeescobar.com.ar\/wp-content\/uploads\/2025\/10\/FB_IMG_1760124372733.jpg","datePublished":"2025-10-10T19:20:38+00:00","dateModified":"2025-10-10T19:30:37+00:00","description":"El agente de Defensa Civil fue trasladado al Hospital Municipal de Gar\u00edn, donde recibi\u00f3 los primeros auxilios y luego fue derivado a la Cl\u00ednica de Alta Complejidad Manuel Belgrano, en Maschwitz.","breadcrumb":{"@id":"https:\/\/nuevodigitaldeescobar.com.ar\/?p=18393#breadcrumb"},"inLanguage":"es","potentialAction":[{"@type":"ReadAction","target":["https:\/\/nuevodigitaldeescobar.com.ar\/?p=18393"]}]},{"@type":"ImageObject","inLanguage":"es","@id":"https:\/\/nuevodigitaldeescobar.com.ar\/?p=18393#primaryimage","url":"https:\/\/nuevodigitaldeescobar.com.ar\/wp-content\/uploads\/2025\/10\/FB_IMG_1760124372733.jpg","contentUrl":"https:\/\/nuevodigitaldeescobar.com.ar\/wp-content\/uploads\/2025\/10\/FB_IMG_1760124372733.jpg","width":1080,"height":932},{"@type":"BreadcrumbList","@id":"https:\/\/nuevodigitaldeescobar.com.ar\/?p=18393#breadcrumb","itemListElement":[{"@type":"ListItem","position":1,"name":"Portada","item":"https:\/\/nuevodigitaldeescobar.com.ar\/"},{"@type":"ListItem","position":2,"name":"Mejora la salud del socorrista de Defensa Civil herido durante el operativo en Panamericana"}]},{"@type":"WebSite","@id":"https:\/\/nuevodigitaldeescobar.com.ar\/#website","url":"https:\/\/nuevodigitaldeescobar.com.ar\/","name":"Nuevo Digital de Escobar","description":"La vida escobarense. Directora: Rosana Brunner","publisher":{"@id":"https:\/\/nuevodigitaldeescobar.com.ar\/#organization"},"potentialAction":[{"@type":"SearchAction","target":{"@type":"EntryPoint","urlTemplate":"https:\/\/nuevodigitaldeescobar.com.ar\/?s={search_term_string}"},"query-input":{"@type":"PropertyValueSpecification","valueRequired":true,"valueName":"search_term_string"}}],"inLanguage":"es"},{"@type":"Organization","@id":"https:\/\/nuevodigitaldeescobar.com.ar\/#organization","name":"Nuevo Digital de Escobar","url":"https:\/\/nuevodigitaldeescobar.com.ar\/","logo":{"@type":"ImageObject","inLanguage":"es","@id":"https:\/\/nuevodigitaldeescobar.com.ar\/#\/schema\/logo\/image\/","url":"https:\/\/nuevodigitaldeescobar.com.ar\/wp-content\/uploads\/2025\/05\/cropped-logo-nuevo2.jpg","contentUrl":"https:\/\/nuevodigitaldeescobar.com.ar\/wp-content\/uploads\/2025\/05\/cropped-logo-nuevo2.jpg","width":305,"height":305,"caption":"Nuevo Digital de Escobar"},"image":{"@id":"https:\/\/nuevodigitaldeescobar.com.ar\/#\/schema\/logo\/image\/"},"sameAs":["https:\/\/www.facebook.com\/NUEVODigitalDeEscobar","https:\/\/x.com\/nuevodigescobar","https:\/\/www.instagram.com\/nuevodigitaldeescobar"]},{"@type":"Person","@id":"https:\/\/nuevodigitaldeescobar.com.ar\/#\/schema\/person\/035e90a8efe9a80e6eec22656ad6ea4c","name":"Redacci\u00f3n","image":{"@type":"ImageObject","inLanguage":"es","@id":"https:\/\/nuevodigitaldeescobar.com.ar\/#\/schema\/person\/image\/","url":"https:\/\/secure.gravatar.com\/avatar\/8af8f40000c24e9eef3034f2be5998a372bb1389e64b1a4a36b3a7979142220d?s=96&d=mm&r=g","contentUrl":"https:\/\/secure.gravatar.com\/avatar\/8af8f40000c24e9eef3034f2be5998a372bb1389e64b1a4a36b3a7979142220d?s=96&d=mm&r=g","caption":"Redacci\u00f3n"},"sameAs":["http:\/\/nuevodigitaldeescobar.com.ar"],"url":"https:\/\/nuevodigitaldeescobar.com.ar\/?author=1"}]}},"featured_image_urls":{"full":["https:\/\/nuevodigitaldeescobar.com.ar\/wp-content\/uploads\/2025\/10\/FB_IMG_1760124372733.jpg",1080,932,false],"thumbnail":["https:\/\/nuevodigitaldeescobar.com.ar\/wp-content\/uploads\/2025\/10\/FB_IMG_1760124372733-150x150.jpg",150,150,true],"medium":["https:\/\/nuevodigitaldeescobar.com.ar\/wp-content\/uploads\/2025\/10\/FB_IMG_1760124372733-300x259.jpg",300,259,true],"medium_large":["https:\/\/nuevodigitaldeescobar.com.ar\/wp-content\/uploads\/2025\/10\/FB_IMG_1760124372733-768x663.jpg",640,553,true],"large":["https:\/\/nuevodigitaldeescobar.com.ar\/wp-content\/uploads\/2025\/10\/FB_IMG_1760124372733-1024x884.jpg",640,553,true],"1536x1536":["https:\/\/nuevodigitaldeescobar.com.ar\/wp-content\/uploads\/2025\/10\/FB_IMG_1760124372733.jpg",1080,932,false],"2048x2048":["https:\/\/nuevodigitaldeescobar.com.ar\/wp-content\/uploads\/2025\/10\/FB_IMG_1760124372733.jpg",1080,932,false]},"author_info":{"display_name":"Redacci\u00f3n","author_link":"https:\/\/nuevodigitaldeescobar.com.ar\/?author=1"},"category_info":"<a href=\"https:\/\/nuevodigitaldeescobar.com.ar\/?cat=7\" rel=\"category\">Inter\u00e9s general<\/a>","tag_info":"Inter\u00e9s general","comment_count":"0","_links":{"self":[{"href":"https:\/\/nuevodigitaldeescobar.com.ar\/index.php?rest_route=\/wp\/v2\/posts\/18393","targetHints":{"allow":["GET"]}}],"collection":[{"href":"https:\/\/nuevodigitaldeescobar.com.ar\/index.php?rest_route=\/wp\/v2\/posts"}],"about":[{"href":"https:\/\/nuevodigitaldeescobar.com.ar\/index.php?rest_route=\/wp\/v2\/types\/post"}],"author":[{"embeddable":true,"href":"https:\/\/nuevodigitaldeescobar.com.ar\/index.php?rest_route=\/wp\/v2\/users\/1"}],"replies":[{"embeddable":true,"href":"https:\/\/nuevodigitaldeescobar.com.ar\/index.php?rest_route=%2Fwp%2Fv2%2Fcomments&post=18393"}],"version-history":[{"count":2,"href":"https:\/\/nuevodigitaldeescobar.com.ar\/index.php?rest_route=\/wp\/v2\/posts\/18393\/revisions"}],"predecessor-version":[{"id":18398,"href":"https:\/\/nuevodigitaldeescobar.com.ar\/index.php?rest_route=\/wp\/v2\/posts\/18393\/revisions\/18398"}],"wp:featuredmedia":[{"embeddable":true,"href":"https:\/\/nuevodigitaldeescobar.com.ar\/index.php?rest_route=\/wp\/v2\/media\/18395"}],"wp:attachment":[{"href":"https:\/\/nuevodigitaldeescobar.com.ar\/index.php?rest_route=%2Fwp%2Fv2%2Fmedia&parent=18393"}],"wp:term":[{"taxonomy":"category","embeddable":true,"href":"https:\/\/nuevodigitaldeescobar.com.ar\/index.php?rest_route=%2Fwp%2Fv2%2Fcategories&post=18393"},{"taxonomy":"post_tag","embeddable":true,"href":"https:\/\/nuevodigitaldeescobar.com.ar\/index.php?rest_route=%2Fwp%2Fv2%2Ftags&post=18393"}],"curies":[{"name":"wp","href":"https:\/\/api.w.org\/{rel}","templated":true}]}}