{"id":18402,"date":"2025-10-11T23:33:54","date_gmt":"2025-10-12T02:33:54","guid":{"rendered":"https:\/\/nuevodigitaldeescobar.com.ar\/?p=18402"},"modified":"2025-10-11T23:33:59","modified_gmt":"2025-10-12T02:33:59","slug":"alerta-por-tormentas-y-descenso-de-temperatura-asi-estara-el-clima-este-domingo-en-escobar-y-el-amba","status":"publish","type":"post","link":"https:\/\/nuevodigitaldeescobar.com.ar\/?p=18402","title":{"rendered":"Alerta por tormentas y descenso de temperatura: as\u00ed estar\u00e1 el clima este domingo en Escobar y el AMBA"},"content":{"rendered":"\n<p class=\"has-vivid-cyan-blue-color has-text-color has-link-color wp-elements-e56b4297a084eb0334e94d5b768236db\"><strong><em>El Servicio Meteorol\u00f3gico Nacional (SMN) mantiene vigente una alerta amarilla por tormentas fuertes para el \u00c1rea Metropolitana de Buenos Aires (AMBA), que incluye a Escobar y sus alrededores.<br>Luego de una jornada c\u00e1lida y mayormente soleada este s\u00e1bado, se espera que el mal tiempo contin\u00fae durante la madrugada y parte del domingo, con lluvias, r\u00e1fagas intensas y un marcado descenso t\u00e9rmico.<\/em><\/strong><\/p>\n\n\n\n<!--more-->\n\n\n\n<h3 class=\"wp-block-heading has-text-color has-link-color wp-elements-502ef854c84a8736d6df785d5851a607\" style=\"color:#17389d\">\ud83c\udf29\ufe0f Noche de tormentas y domingo ventoso<\/h3>\n\n\n\n<p>Seg\u00fan el informe del SMN, el cambio de las condiciones clim\u00e1ticas se debe al avance de un sistema de baja presi\u00f3n que afectar\u00e1 gran parte del centro del pa\u00eds.<br>Durante la noche del s\u00e1bado se prev\u00e9n <strong>tormentas de variada intensidad<\/strong>, con <strong>alta probabilidad de precipitaciones (entre 70% y 100%)<\/strong> y posibles episodios de <strong>granizo aislado<\/strong> en zonas del norte bonaerense.<\/p>\n\n\n\n<p>En Escobar, el cielo se mantendr\u00e1 <strong>cubierto<\/strong>, con lluvias y <strong>temperaturas cercanas a los 21 grados<\/strong>.<br>El <strong>domingo<\/strong>, las condiciones mejorar\u00e1n de forma paulatina, aunque persistir\u00e1n <strong>chubascos intermitentes y vientos fuertes<\/strong>, con r\u00e1fagas que podr\u00edan superar los <strong>55 kil\u00f3metros por hora<\/strong>, especialmente durante la madrugada y la ma\u00f1ana.<\/p>\n\n\n\n<p>Las <strong>temperaturas bajar\u00e1n notablemente<\/strong>: se espera una m\u00ednima de <strong>14\u00b0C<\/strong> y una m\u00e1xima que no superar\u00e1 los <strong>18\u00b0C<\/strong>, lo que marcar\u00e1 el regreso del aire fresco tras varios d\u00edas de calor at\u00edpico para la \u00e9poca.<\/p>\n\n\n\n<h3 class=\"wp-block-heading has-text-color has-link-color wp-elements-794ed7a3c3ced34fb3c72f9de044addd\" style=\"color:#17389d\">\u26a0\ufe0f Recomendaciones del SMN<\/h3>\n\n\n\n<p>El organismo nacional reiter\u00f3 la importancia de mantener precauciones durante el periodo de mal tiempo.<br>Entre las recomendaciones principales se destacan:<\/p>\n\n\n\n<ul class=\"wp-block-list\">\n<li>Evitar circular por calles inundadas.<\/li>\n\n\n\n<li>No permanecer al aire libre durante las tormentas.<\/li>\n\n\n\n<li>Alejarse de cables, \u00e1rboles y estructuras met\u00e1licas.<\/li>\n\n\n\n<li>Desconectar aparatos el\u00e9ctricos en caso de riesgo de ingreso de agua.<\/li>\n\n\n\n<li>Mantenerse informado a trav\u00e9s de los canales oficiales del SMN y Defensa Civil.<\/li>\n<\/ul>\n\n\n\n<h3 class=\"wp-block-heading has-text-color has-link-color wp-elements-0f3a44db03267afe2306a195fb1dddd4\" style=\"color:#17389d\">\ud83c\udf2c\ufe0f El panorama en la provincia<\/h3>\n\n\n\n<p>El fen\u00f3meno tambi\u00e9n afecta otras regiones del interior bonaerense, con alertas por <strong>viento fuerte<\/strong> y <strong>tormentas localizadas<\/strong>.<br>En el sur y el litoral argentino se mantienen advertencias similares, mientras que en zonas del norte del pa\u00eds rigen alertas por <strong>tormentas de nivel naranja<\/strong>, seg\u00fan inform\u00f3 el SMN.<\/p>\n\n\n\n<p>En el caso del AMBA, <strong>el domingo transcurrir\u00e1 con lluvias aisladas, viento del sur y temperaturas bajas<\/strong>, y se espera que el clima reci\u00e9n comience a estabilizarse entre la noche del domingo y el lunes por la ma\u00f1ana.<\/p>\n","protected":false},"excerpt":{"rendered":"<p>El Servicio Meteorol\u00f3gico Nacional (SMN) mantiene vigente una alerta amarilla por tormentas fuertes para el \u00c1rea Metropolitana de Buenos Aires (AMBA), que incluye a Escobar [&hellip;]<\/p>\n","protected":false},"author":1,"featured_media":877,"comment_status":"open","ping_status":"open","sticky":false,"template":"","format":"standard","meta":{"footnotes":""},"categories":[14],"tags":[],"class_list":["post-18402","post","type-post","status-publish","format-standard","has-post-thumbnail","hentry","category-clima-medioambiente-y-sostenibilidad"],"better_featured_image":{"id":877,"alt_text":"","caption":"Las tormentas se esperan durante la tarde y la noche en CABA y GBA.","description":"","media_type":"image","media_details":{"width":720,"height":398,"file":"2023\/11\/tormentas-2.jpg","filesize":35008,"sizes":{"medium":{"file":"tormentas-2-300x166.jpg","width":300,"height":166,"mime-type":"image\/jpeg","filesize":11438,"source_url":"https:\/\/nuevodigitaldeescobar.com.ar\/wp-content\/uploads\/2023\/11\/tormentas-2-300x166.jpg"},"thumbnail":{"file":"tormentas-2-150x150.jpg","width":150,"height":150,"mime-type":"image\/jpeg","filesize":7517,"source_url":"https:\/\/nuevodigitaldeescobar.com.ar\/wp-content\/uploads\/2023\/11\/tormentas-2-150x150.jpg"},"covernews-medium":{"file":"tormentas-2-540x340.jpg","width":540,"height":340,"mime-type":"image\/jpeg","filesize":25969,"source_url":"https:\/\/nuevodigitaldeescobar.com.ar\/wp-content\/uploads\/2023\/11\/tormentas-2-540x340.jpg"},"covernews-medium-square":{"file":"tormentas-2-400x250.jpg","width":400,"height":250,"mime-type":"image\/jpeg","filesize":17474,"source_url":"https:\/\/nuevodigitaldeescobar.com.ar\/wp-content\/uploads\/2023\/11\/tormentas-2-400x250.jpg"}},"image_meta":{"aperture":"0","credit":"","camera":"","caption":"","created_timestamp":"0","copyright":"","focal_length":"0","iso":"0","shutter_speed":"0","title":"","orientation":"0","keywords":[]}},"post":874,"source_url":"https:\/\/nuevodigitaldeescobar.com.ar\/wp-content\/uploads\/2023\/11\/tormentas-2.jpg"},"yoast_head":"<!-- This site is optimized with the Yoast SEO plugin v26.1.1 - https:\/\/yoast.com\/wordpress\/plugins\/seo\/ -->\n<title>Alerta por tormentas y descenso de temperatura: as\u00ed estar\u00e1 el clima este domingo en Escobar y el AMBA - Nuevo Digital de Escobar<\/title>\n<meta name=\"robots\" content=\"index, follow, max-snippet:-1, max-image-preview:large, max-video-preview:-1\" \/>\n<link rel=\"canonical\" href=\"https:\/\/nuevodigitaldeescobar.com.ar\/?p=18402\" \/>\n<meta property=\"og:locale\" content=\"es_ES\" \/>\n<meta property=\"og:type\" content=\"article\" \/>\n<meta property=\"og:title\" content=\"Alerta por tormentas y descenso de temperatura: as\u00ed estar\u00e1 el clima este domingo en Escobar y el AMBA - Nuevo Digital de Escobar\" \/>\n<meta property=\"og:description\" content=\"El Servicio Meteorol\u00f3gico Nacional (SMN) mantiene vigente una alerta amarilla por tormentas fuertes para el \u00c1rea Metropolitana de Buenos Aires (AMBA), que incluye a Escobar [&hellip;]\" \/>\n<meta property=\"og:url\" content=\"https:\/\/nuevodigitaldeescobar.com.ar\/?p=18402\" \/>\n<meta property=\"og:site_name\" content=\"Nuevo Digital de Escobar\" \/>\n<meta property=\"article:publisher\" content=\"https:\/\/www.facebook.com\/NUEVODigitalDeEscobar\" \/>\n<meta property=\"article:published_time\" content=\"2025-10-12T02:33:54+00:00\" \/>\n<meta property=\"article:modified_time\" content=\"2025-10-12T02:33:59+00:00\" \/>\n<meta property=\"og:image\" content=\"http:\/\/nuevodigitaldeescobar.com.ar\/wp-content\/uploads\/2023\/11\/tormentas-2.jpg\" \/>\n\t<meta property=\"og:image:width\" content=\"720\" \/>\n\t<meta property=\"og:image:height\" content=\"398\" \/>\n\t<meta property=\"og:image:type\" content=\"image\/jpeg\" \/>\n<meta name=\"author\" content=\"Redacci\u00f3n\" \/>\n<meta name=\"twitter:card\" content=\"summary_large_image\" \/>\n<meta name=\"twitter:creator\" content=\"@nuevodigescobar\" \/>\n<meta name=\"twitter:site\" content=\"@nuevodigescobar\" \/>\n<meta name=\"twitter:label1\" content=\"Escrito por\" \/>\n\t<meta name=\"twitter:data1\" content=\"Redacci\u00f3n\" \/>\n\t<meta name=\"twitter:label2\" content=\"Tiempo de lectura\" \/>\n\t<meta name=\"twitter:data2\" content=\"2 minutos\" \/>\n<script type=\"application\/ld+json\" class=\"yoast-schema-graph\">{\"@context\":\"https:\/\/schema.org\",\"@graph\":[{\"@type\":\"Article\",\"@id\":\"https:\/\/nuevodigitaldeescobar.com.ar\/?p=18402#article\",\"isPartOf\":{\"@id\":\"https:\/\/nuevodigitaldeescobar.com.ar\/?p=18402\"},\"author\":{\"name\":\"Redacci\u00f3n\",\"@id\":\"https:\/\/nuevodigitaldeescobar.com.ar\/#\/schema\/person\/035e90a8efe9a80e6eec22656ad6ea4c\"},\"headline\":\"Alerta por tormentas y descenso de temperatura: as\u00ed estar\u00e1 el clima este domingo en Escobar y el AMBA\",\"datePublished\":\"2025-10-12T02:33:54+00:00\",\"dateModified\":\"2025-10-12T02:33:59+00:00\",\"mainEntityOfPage\":{\"@id\":\"https:\/\/nuevodigitaldeescobar.com.ar\/?p=18402\"},\"wordCount\":414,\"commentCount\":0,\"publisher\":{\"@id\":\"https:\/\/nuevodigitaldeescobar.com.ar\/#organization\"},\"image\":{\"@id\":\"https:\/\/nuevodigitaldeescobar.com.ar\/?p=18402#primaryimage\"},\"thumbnailUrl\":\"https:\/\/nuevodigitaldeescobar.com.ar\/wp-content\/uploads\/2023\/11\/tormentas-2.jpg\",\"articleSection\":[\"Clima, Medioambiente y Sostenibilidad\"],\"inLanguage\":\"es\",\"potentialAction\":[{\"@type\":\"CommentAction\",\"name\":\"Comment\",\"target\":[\"https:\/\/nuevodigitaldeescobar.com.ar\/?p=18402#respond\"]}]},{\"@type\":\"WebPage\",\"@id\":\"https:\/\/nuevodigitaldeescobar.com.ar\/?p=18402\",\"url\":\"https:\/\/nuevodigitaldeescobar.com.ar\/?p=18402\",\"name\":\"Alerta por tormentas y descenso de temperatura: as\u00ed estar\u00e1 el clima este domingo en Escobar y el AMBA - Nuevo Digital de Escobar\",\"isPartOf\":{\"@id\":\"https:\/\/nuevodigitaldeescobar.com.ar\/#website\"},\"primaryImageOfPage\":{\"@id\":\"https:\/\/nuevodigitaldeescobar.com.ar\/?p=18402#primaryimage\"},\"image\":{\"@id\":\"https:\/\/nuevodigitaldeescobar.com.ar\/?p=18402#primaryimage\"},\"thumbnailUrl\":\"https:\/\/nuevodigitaldeescobar.com.ar\/wp-content\/uploads\/2023\/11\/tormentas-2.jpg\",\"datePublished\":\"2025-10-12T02:33:54+00:00\",\"dateModified\":\"2025-10-12T02:33:59+00:00\",\"breadcrumb\":{\"@id\":\"https:\/\/nuevodigitaldeescobar.com.ar\/?p=18402#breadcrumb\"},\"inLanguage\":\"es\",\"potentialAction\":[{\"@type\":\"ReadAction\",\"target\":[\"https:\/\/nuevodigitaldeescobar.com.ar\/?p=18402\"]}]},{\"@type\":\"ImageObject\",\"inLanguage\":\"es\",\"@id\":\"https:\/\/nuevodigitaldeescobar.com.ar\/?p=18402#primaryimage\",\"url\":\"https:\/\/nuevodigitaldeescobar.com.ar\/wp-content\/uploads\/2023\/11\/tormentas-2.jpg\",\"contentUrl\":\"https:\/\/nuevodigitaldeescobar.com.ar\/wp-content\/uploads\/2023\/11\/tormentas-2.jpg\",\"width\":720,\"height\":398,\"caption\":\"Las tormentas se esperan durante la tarde y la noche en CABA y GBA.\"},{\"@type\":\"BreadcrumbList\",\"@id\":\"https:\/\/nuevodigitaldeescobar.com.ar\/?p=18402#breadcrumb\",\"itemListElement\":[{\"@type\":\"ListItem\",\"position\":1,\"name\":\"Portada\",\"item\":\"https:\/\/nuevodigitaldeescobar.com.ar\/\"},{\"@type\":\"ListItem\",\"position\":2,\"name\":\"Alerta por tormentas y descenso de temperatura: as\u00ed estar\u00e1 el clima este domingo en Escobar y el AMBA\"}]},{\"@type\":\"WebSite\",\"@id\":\"https:\/\/nuevodigitaldeescobar.com.ar\/#website\",\"url\":\"https:\/\/nuevodigitaldeescobar.com.ar\/\",\"name\":\"Nuevo Digital de Escobar\",\"description\":\"La vida escobarense. Directora: Rosana Brunner\",\"publisher\":{\"@id\":\"https:\/\/nuevodigitaldeescobar.com.ar\/#organization\"},\"potentialAction\":[{\"@type\":\"SearchAction\",\"target\":{\"@type\":\"EntryPoint\",\"urlTemplate\":\"https:\/\/nuevodigitaldeescobar.com.ar\/?s={search_term_string}\"},\"query-input\":{\"@type\":\"PropertyValueSpecification\",\"valueRequired\":true,\"valueName\":\"search_term_string\"}}],\"inLanguage\":\"es\"},{\"@type\":\"Organization\",\"@id\":\"https:\/\/nuevodigitaldeescobar.com.ar\/#organization\",\"name\":\"Nuevo Digital de Escobar\",\"url\":\"https:\/\/nuevodigitaldeescobar.com.ar\/\",\"logo\":{\"@type\":\"ImageObject\",\"inLanguage\":\"es\",\"@id\":\"https:\/\/nuevodigitaldeescobar.com.ar\/#\/schema\/logo\/image\/\",\"url\":\"https:\/\/nuevodigitaldeescobar.com.ar\/wp-content\/uploads\/2025\/05\/cropped-logo-nuevo2.jpg\",\"contentUrl\":\"https:\/\/nuevodigitaldeescobar.com.ar\/wp-content\/uploads\/2025\/05\/cropped-logo-nuevo2.jpg\",\"width\":305,\"height\":305,\"caption\":\"Nuevo Digital de Escobar\"},\"image\":{\"@id\":\"https:\/\/nuevodigitaldeescobar.com.ar\/#\/schema\/logo\/image\/\"},\"sameAs\":[\"https:\/\/www.facebook.com\/NUEVODigitalDeEscobar\",\"https:\/\/x.com\/nuevodigescobar\",\"https:\/\/www.instagram.com\/nuevodigitaldeescobar\"]},{\"@type\":\"Person\",\"@id\":\"https:\/\/nuevodigitaldeescobar.com.ar\/#\/schema\/person\/035e90a8efe9a80e6eec22656ad6ea4c\",\"name\":\"Redacci\u00f3n\",\"image\":{\"@type\":\"ImageObject\",\"inLanguage\":\"es\",\"@id\":\"https:\/\/nuevodigitaldeescobar.com.ar\/#\/schema\/person\/image\/\",\"url\":\"https:\/\/secure.gravatar.com\/avatar\/8af8f40000c24e9eef3034f2be5998a372bb1389e64b1a4a36b3a7979142220d?s=96&d=mm&r=g\",\"contentUrl\":\"https:\/\/secure.gravatar.com\/avatar\/8af8f40000c24e9eef3034f2be5998a372bb1389e64b1a4a36b3a7979142220d?s=96&d=mm&r=g\",\"caption\":\"Redacci\u00f3n\"},\"sameAs\":[\"http:\/\/nuevodigitaldeescobar.com.ar\"],\"url\":\"https:\/\/nuevodigitaldeescobar.com.ar\/?author=1\"}]}<\/script>\n<!-- \/ Yoast SEO plugin. -->","yoast_head_json":{"title":"Alerta por tormentas y descenso de temperatura: as\u00ed estar\u00e1 el clima este domingo en Escobar y el AMBA - Nuevo Digital de Escobar","robots":{"index":"index","follow":"follow","max-snippet":"max-snippet:-1","max-image-preview":"max-image-preview:large","max-video-preview":"max-video-preview:-1"},"canonical":"https:\/\/nuevodigitaldeescobar.com.ar\/?p=18402","og_locale":"es_ES","og_type":"article","og_title":"Alerta por tormentas y descenso de temperatura: as\u00ed estar\u00e1 el clima este domingo en Escobar y el AMBA - Nuevo Digital de Escobar","og_description":"El Servicio Meteorol\u00f3gico Nacional (SMN) mantiene vigente una alerta amarilla por tormentas fuertes para el \u00c1rea Metropolitana de Buenos Aires (AMBA), que incluye a Escobar [&hellip;]","og_url":"https:\/\/nuevodigitaldeescobar.com.ar\/?p=18402","og_site_name":"Nuevo Digital de Escobar","article_publisher":"https:\/\/www.facebook.com\/NUEVODigitalDeEscobar","article_published_time":"2025-10-12T02:33:54+00:00","article_modified_time":"2025-10-12T02:33:59+00:00","og_image":[{"width":720,"height":398,"url":"http:\/\/nuevodigitaldeescobar.com.ar\/wp-content\/uploads\/2023\/11\/tormentas-2.jpg","type":"image\/jpeg"}],"author":"Redacci\u00f3n","twitter_card":"summary_large_image","twitter_creator":"@nuevodigescobar","twitter_site":"@nuevodigescobar","twitter_misc":{"Escrito por":"Redacci\u00f3n","Tiempo de lectura":"2 minutos"},"schema":{"@context":"https:\/\/schema.org","@graph":[{"@type":"Article","@id":"https:\/\/nuevodigitaldeescobar.com.ar\/?p=18402#article","isPartOf":{"@id":"https:\/\/nuevodigitaldeescobar.com.ar\/?p=18402"},"author":{"name":"Redacci\u00f3n","@id":"https:\/\/nuevodigitaldeescobar.com.ar\/#\/schema\/person\/035e90a8efe9a80e6eec22656ad6ea4c"},"headline":"Alerta por tormentas y descenso de temperatura: as\u00ed estar\u00e1 el clima este domingo en Escobar y el AMBA","datePublished":"2025-10-12T02:33:54+00:00","dateModified":"2025-10-12T02:33:59+00:00","mainEntityOfPage":{"@id":"https:\/\/nuevodigitaldeescobar.com.ar\/?p=18402"},"wordCount":414,"commentCount":0,"publisher":{"@id":"https:\/\/nuevodigitaldeescobar.com.ar\/#organization"},"image":{"@id":"https:\/\/nuevodigitaldeescobar.com.ar\/?p=18402#primaryimage"},"thumbnailUrl":"https:\/\/nuevodigitaldeescobar.com.ar\/wp-content\/uploads\/2023\/11\/tormentas-2.jpg","articleSection":["Clima, Medioambiente y Sostenibilidad"],"inLanguage":"es","potentialAction":[{"@type":"CommentAction","name":"Comment","target":["https:\/\/nuevodigitaldeescobar.com.ar\/?p=18402#respond"]}]},{"@type":"WebPage","@id":"https:\/\/nuevodigitaldeescobar.com.ar\/?p=18402","url":"https:\/\/nuevodigitaldeescobar.com.ar\/?p=18402","name":"Alerta por tormentas y descenso de temperatura: as\u00ed estar\u00e1 el clima este domingo en Escobar y el AMBA - Nuevo Digital de Escobar","isPartOf":{"@id":"https:\/\/nuevodigitaldeescobar.com.ar\/#website"},"primaryImageOfPage":{"@id":"https:\/\/nuevodigitaldeescobar.com.ar\/?p=18402#primaryimage"},"image":{"@id":"https:\/\/nuevodigitaldeescobar.com.ar\/?p=18402#primaryimage"},"thumbnailUrl":"https:\/\/nuevodigitaldeescobar.com.ar\/wp-content\/uploads\/2023\/11\/tormentas-2.jpg","datePublished":"2025-10-12T02:33:54+00:00","dateModified":"2025-10-12T02:33:59+00:00","breadcrumb":{"@id":"https:\/\/nuevodigitaldeescobar.com.ar\/?p=18402#breadcrumb"},"inLanguage":"es","potentialAction":[{"@type":"ReadAction","target":["https:\/\/nuevodigitaldeescobar.com.ar\/?p=18402"]}]},{"@type":"ImageObject","inLanguage":"es","@id":"https:\/\/nuevodigitaldeescobar.com.ar\/?p=18402#primaryimage","url":"https:\/\/nuevodigitaldeescobar.com.ar\/wp-content\/uploads\/2023\/11\/tormentas-2.jpg","contentUrl":"https:\/\/nuevodigitaldeescobar.com.ar\/wp-content\/uploads\/2023\/11\/tormentas-2.jpg","width":720,"height":398,"caption":"Las tormentas se esperan durante la tarde y la noche en CABA y GBA."},{"@type":"BreadcrumbList","@id":"https:\/\/nuevodigitaldeescobar.com.ar\/?p=18402#breadcrumb","itemListElement":[{"@type":"ListItem","position":1,"name":"Portada","item":"https:\/\/nuevodigitaldeescobar.com.ar\/"},{"@type":"ListItem","position":2,"name":"Alerta por tormentas y descenso de temperatura: as\u00ed estar\u00e1 el clima este domingo en Escobar y el AMBA"}]},{"@type":"WebSite","@id":"https:\/\/nuevodigitaldeescobar.com.ar\/#website","url":"https:\/\/nuevodigitaldeescobar.com.ar\/","name":"Nuevo Digital de Escobar","description":"La vida escobarense. Directora: Rosana Brunner","publisher":{"@id":"https:\/\/nuevodigitaldeescobar.com.ar\/#organization"},"potentialAction":[{"@type":"SearchAction","target":{"@type":"EntryPoint","urlTemplate":"https:\/\/nuevodigitaldeescobar.com.ar\/?s={search_term_string}"},"query-input":{"@type":"PropertyValueSpecification","valueRequired":true,"valueName":"search_term_string"}}],"inLanguage":"es"},{"@type":"Organization","@id":"https:\/\/nuevodigitaldeescobar.com.ar\/#organization","name":"Nuevo Digital de Escobar","url":"https:\/\/nuevodigitaldeescobar.com.ar\/","logo":{"@type":"ImageObject","inLanguage":"es","@id":"https:\/\/nuevodigitaldeescobar.com.ar\/#\/schema\/logo\/image\/","url":"https:\/\/nuevodigitaldeescobar.com.ar\/wp-content\/uploads\/2025\/05\/cropped-logo-nuevo2.jpg","contentUrl":"https:\/\/nuevodigitaldeescobar.com.ar\/wp-content\/uploads\/2025\/05\/cropped-logo-nuevo2.jpg","width":305,"height":305,"caption":"Nuevo Digital de Escobar"},"image":{"@id":"https:\/\/nuevodigitaldeescobar.com.ar\/#\/schema\/logo\/image\/"},"sameAs":["https:\/\/www.facebook.com\/NUEVODigitalDeEscobar","https:\/\/x.com\/nuevodigescobar","https:\/\/www.instagram.com\/nuevodigitaldeescobar"]},{"@type":"Person","@id":"https:\/\/nuevodigitaldeescobar.com.ar\/#\/schema\/person\/035e90a8efe9a80e6eec22656ad6ea4c","name":"Redacci\u00f3n","image":{"@type":"ImageObject","inLanguage":"es","@id":"https:\/\/nuevodigitaldeescobar.com.ar\/#\/schema\/person\/image\/","url":"https:\/\/secure.gravatar.com\/avatar\/8af8f40000c24e9eef3034f2be5998a372bb1389e64b1a4a36b3a7979142220d?s=96&d=mm&r=g","contentUrl":"https:\/\/secure.gravatar.com\/avatar\/8af8f40000c24e9eef3034f2be5998a372bb1389e64b1a4a36b3a7979142220d?s=96&d=mm&r=g","caption":"Redacci\u00f3n"},"sameAs":["http:\/\/nuevodigitaldeescobar.com.ar"],"url":"https:\/\/nuevodigitaldeescobar.com.ar\/?author=1"}]}},"featured_image_urls":{"full":["https:\/\/nuevodigitaldeescobar.com.ar\/wp-content\/uploads\/2023\/11\/tormentas-2.jpg",720,398,false],"thumbnail":["https:\/\/nuevodigitaldeescobar.com.ar\/wp-content\/uploads\/2023\/11\/tormentas-2-150x150.jpg",150,150,true],"medium":["https:\/\/nuevodigitaldeescobar.com.ar\/wp-content\/uploads\/2023\/11\/tormentas-2-300x166.jpg",300,166,true],"medium_large":["https:\/\/nuevodigitaldeescobar.com.ar\/wp-content\/uploads\/2023\/11\/tormentas-2.jpg",640,354,false],"large":["https:\/\/nuevodigitaldeescobar.com.ar\/wp-content\/uploads\/2023\/11\/tormentas-2.jpg",640,354,false],"1536x1536":["https:\/\/nuevodigitaldeescobar.com.ar\/wp-content\/uploads\/2023\/11\/tormentas-2.jpg",720,398,false],"2048x2048":["https:\/\/nuevodigitaldeescobar.com.ar\/wp-content\/uploads\/2023\/11\/tormentas-2.jpg",720,398,false]},"author_info":{"display_name":"Redacci\u00f3n","author_link":"https:\/\/nuevodigitaldeescobar.com.ar\/?author=1"},"category_info":"<a href=\"https:\/\/nuevodigitaldeescobar.com.ar\/?cat=14\" rel=\"category\">Clima, Medioambiente y Sostenibilidad<\/a>","tag_info":"Clima, Medioambiente y Sostenibilidad","comment_count":"0","_links":{"self":[{"href":"https:\/\/nuevodigitaldeescobar.com.ar\/index.php?rest_route=\/wp\/v2\/posts\/18402","targetHints":{"allow":["GET"]}}],"collection":[{"href":"https:\/\/nuevodigitaldeescobar.com.ar\/index.php?rest_route=\/wp\/v2\/posts"}],"about":[{"href":"https:\/\/nuevodigitaldeescobar.com.ar\/index.php?rest_route=\/wp\/v2\/types\/post"}],"author":[{"embeddable":true,"href":"https:\/\/nuevodigitaldeescobar.com.ar\/index.php?rest_route=\/wp\/v2\/users\/1"}],"replies":[{"embeddable":true,"href":"https:\/\/nuevodigitaldeescobar.com.ar\/index.php?rest_route=%2Fwp%2Fv2%2Fcomments&post=18402"}],"version-history":[{"count":1,"href":"https:\/\/nuevodigitaldeescobar.com.ar\/index.php?rest_route=\/wp\/v2\/posts\/18402\/revisions"}],"predecessor-version":[{"id":18403,"href":"https:\/\/nuevodigitaldeescobar.com.ar\/index.php?rest_route=\/wp\/v2\/posts\/18402\/revisions\/18403"}],"wp:featuredmedia":[{"embeddable":true,"href":"https:\/\/nuevodigitaldeescobar.com.ar\/index.php?rest_route=\/wp\/v2\/media\/877"}],"wp:attachment":[{"href":"https:\/\/nuevodigitaldeescobar.com.ar\/index.php?rest_route=%2Fwp%2Fv2%2Fmedia&parent=18402"}],"wp:term":[{"taxonomy":"category","embeddable":true,"href":"https:\/\/nuevodigitaldeescobar.com.ar\/index.php?rest_route=%2Fwp%2Fv2%2Fcategories&post=18402"},{"taxonomy":"post_tag","embeddable":true,"href":"https:\/\/nuevodigitaldeescobar.com.ar\/index.php?rest_route=%2Fwp%2Fv2%2Ftags&post=18402"}],"curies":[{"name":"wp","href":"https:\/\/api.w.org\/{rel}","templated":true}]}}