{"id":18429,"date":"2025-10-13T09:22:11","date_gmt":"2025-10-13T12:22:11","guid":{"rendered":"https:\/\/nuevodigitaldeescobar.com.ar\/?p=18429"},"modified":"2025-10-13T09:22:43","modified_gmt":"2025-10-13T12:22:43","slug":"emocion-en-israel-liberaron-a-los-20-rehenes-que-hamas-mantenia-cautivos-en-gaza-durante-mas-de-dos-anos","status":"publish","type":"post","link":"https:\/\/nuevodigitaldeescobar.com.ar\/?p=18429","title":{"rendered":"Emoci\u00f3n en Israel: liberaron a los 20 rehenes que Hamas manten\u00eda cautivos en Gaza durante m\u00e1s de dos a\u00f1os"},"content":{"rendered":"\n<p class=\"has-vivid-cyan-blue-color has-text-color has-link-color wp-elements-bf4e4f47f4602c3876c75172ae881aea\"><em><strong>La jornada amaneci\u00f3 distinta en Tel Aviv. Despu\u00e9s de m\u00e1s de dos a\u00f1os de incertidumbre y dolor, Israel recuper\u00f3 la esperanza: los 20 rehenes israel\u00edes que permanec\u00edan con vida bajo el poder del grupo terrorista Hamas fueron finalmente liberados. Entre ellos, se encuentran tres ciudadanos de origen argentino, lo que gener\u00f3 una profunda emoci\u00f3n en las comunidades israel\u00ed y argentina.<\/strong><\/em><\/p>\n\n\n\n<!--more-->\n\n\n\n<p>La <strong>Plaza de los Rehenes<\/strong>, s\u00edmbolo del reclamo permanente por su liberaci\u00f3n, se llen\u00f3 de abrazos, l\u00e1grimas y banderas. Por primera vez en 738 d\u00edas, las familias pudieron reencontrarse con sus seres queridos.<\/p>\n\n\n\n<h3 class=\"wp-block-heading has-text-color has-link-color wp-elements-9d28d3e9e8c0e96720bd7cf37f23e2ac\" style=\"color:#2729cb\">\ud83d\udd39 Un operativo humanitario hist\u00f3rico<\/h3>\n\n\n\n<p>El proceso de liberaci\u00f3n se realiz\u00f3 en dos etapas y cont\u00f3 con la supervisi\u00f3n del <strong>Comit\u00e9 Internacional de la Cruz Roja (CICR)<\/strong>. Los rehenes fueron trasladados desde distintos puntos de la Franja de Gaza hacia la base de Re\u2019im, donde fueron recibidos por las <strong>Fuerzas de Defensa de Israel (FDI)<\/strong>.<\/p>\n\n\n\n<p>Desde all\u00ed, fueron derivados a los hospitales <strong>Ichilov, Sheba y Beilinson<\/strong>, preparados especialmente para su atenci\u00f3n m\u00e9dica, psicol\u00f3gica y familiar. Seg\u00fan fuentes oficiales, se trata de <em>\u201cun operativo humanitario de precisi\u00f3n, donde lo m\u00e1s importante fue la vida y la dignidad de cada persona rescatada\u201d<\/em>.<\/p>\n\n\n\n<h3 class=\"wp-block-heading has-text-color has-link-color wp-elements-b28f5a8f294bf4f7a663c01d4f9b97c2\" style=\"color:#2729cb\">\ud83d\udd39 Entre los liberados, tres argentinos<\/h3>\n\n\n\n<p>Entre los 20 rehenes liberados hay <strong>tres ciudadanos de origen argentino<\/strong>: <strong>Ariel y David Cunio<\/strong>, hermanos secuestrados en el kibutz Nir Oz, y <strong>Eitan Horn<\/strong>, quien fue capturado mientras visitaba a su hermano en la misma comunidad.<br>Los Cunio ya hab\u00edan sufrido el secuestro previo de la esposa e hijas de David, liberadas durante una tregua anterior. <em>\u201cHoy vuelve a respirar la familia\u201d<\/em>, expres\u00f3 un familiar en Tel Aviv.<\/p>\n\n\n\n<hr class=\"wp-block-separator has-alpha-channel-opacity\"\/>\n\n\n\n<h3 class=\"wp-block-heading has-text-color has-link-color wp-elements-d291b1451fecee6ae300a2e0431bfb1e\" style=\"color:#2729cb\">\ud83d\udccb Lista de los rehenes israel\u00edes liberados<\/h3>\n\n\n\n<figure class=\"wp-block-table is-style-stripes\"><table class=\"has-vivid-cyan-blue-to-vivid-purple-gradient-background has-background has-fixed-layout\"><thead><tr><th>Nombre completo<\/th><th>Nacionalidad<\/th><th>Edad<\/th><th>Lugar del secuestro<\/th><th>Situaci\u00f3n familiar o dato relevante<\/th><\/tr><\/thead><tbody><tr><td>Ariel Cunio<\/td><td>Argentino-israel\u00ed<\/td><td>30<\/td><td>Kibutz Nir Oz<\/td><td>Hermano de David Cunio<\/td><\/tr><tr><td>David Cunio<\/td><td>Argentino-israel\u00ed<\/td><td>33<\/td><td>Kibutz Nir Oz<\/td><td>Su esposa e hijas fueron liberadas antes<\/td><\/tr><tr><td>Eitan Horn<\/td><td>Argentino-israel\u00ed<\/td><td>37<\/td><td>Kibutz Nir Oz<\/td><td>Su hermano Iair fue liberado en febrero<\/td><\/tr><tr><td>Matan Zangauker<\/td><td>Israel\u00ed<\/td><td>27<\/td><td>Festival Nova<\/td><td>Su pareja fue liberada en 2023<\/td><\/tr><tr><td>Matan Angrest<\/td><td>Israel\u00ed<\/td><td>22<\/td><td>Servicio militar<\/td><td>Soldado del ej\u00e9rcito israel\u00ed<\/td><\/tr><tr><td>Gali Berman<\/td><td>Israel\u00ed<\/td><td>28<\/td><td>Domicilio familiar<\/td><td>Hermano de Ziv Berman<\/td><\/tr><tr><td>Ziv Berman<\/td><td>Israel\u00ed<\/td><td>28<\/td><td>Domicilio familiar<\/td><td>Hermano de Gali Berman<\/td><\/tr><tr><td>Elkana Bohbot<\/td><td>Israel\u00ed<\/td><td>26<\/td><td>Festival Nova<\/td><td>Acompa\u00f1aba a heridos<\/td><\/tr><tr><td>Rom Braslavski<\/td><td>Israel\u00ed<\/td><td>31<\/td><td>Festival Nova<\/td><td>Guardia de seguridad<\/td><\/tr><tr><td>Nimrod Cohen<\/td><td>Israel\u00ed<\/td><td>21<\/td><td>Servicio militar<\/td><td>Cumpl\u00eda funciones en frontera sur<\/td><\/tr><tr><td>Evyatar David<\/td><td>Israel\u00ed<\/td><td>23<\/td><td>Servicio militar<\/td><td>Su hermano lo describi\u00f3 como \u201calma bondadosa\u201d<\/td><\/tr><tr><td>Guy Gilboa-Dalal<\/td><td>Israel\u00ed<\/td><td>25<\/td><td>Festival Nova<\/td><td>Secuestrado junto a su hermano Gal<\/td><\/tr><tr><td>Gal Gilboa-Dalal<\/td><td>Israel\u00ed<\/td><td>27<\/td><td>Festival Nova<\/td><td>Hermano de Guy<\/td><\/tr><tr><td>Maxim Herkin<\/td><td>Ruso-israel\u00ed<\/td><td>32<\/td><td>Gaza<\/td><td>Esperado por su familia en Tel Aviv<\/td><\/tr><tr><td>Segev Kalfon<\/td><td>Israel\u00ed<\/td><td>24<\/td><td>Festival Nova<\/td><td>Sufr\u00eda de ansiedad antes del secuestro<\/td><\/tr><tr><td>Bar Avraham Kupershtein<\/td><td>Israel\u00ed<\/td><td>29<\/td><td>Festival Nova<\/td><td>Auxiliaba a heridos al momento del ataque<\/td><\/tr><tr><td>Omri Miran<\/td><td>Israel\u00ed<\/td><td>34<\/td><td>Kibutz Nir Oz<\/td><td>Casado, padre de dos hijas<\/td><\/tr><tr><td>Eitan Mor<\/td><td>Israel\u00ed<\/td><td>28<\/td><td>Festival Nova<\/td><td>Guardia de seguridad<\/td><\/tr><tr><td>Yosef Haim Ohana<\/td><td>Israel\u00ed<\/td><td>27<\/td><td>Festival Nova<\/td><td>Se preparaba para ser piloto<\/td><\/tr><tr><td>Alon Ohel<\/td><td>Israel\u00ed<\/td><td>24<\/td><td>Festival Nova<\/td><td>Secuestrado junto a su novia Noa Argamani<\/td><\/tr><\/tbody><\/table><\/figure>\n\n\n\n<hr class=\"wp-block-separator has-alpha-channel-opacity\"\/>\n\n\n\n<h3 class=\"wp-block-heading has-text-color has-link-color wp-elements-b261ba29338d917be3b51cb3e0ce9b53\" style=\"color:#2729cb\">\ud83d\udd39 Un paso hacia la paz<\/h3>\n\n\n\n<p>La liberaci\u00f3n se concret\u00f3 tras un <strong>acuerdo impulsado por Estados Unidos<\/strong>, bajo la mediaci\u00f3n directa del presidente <strong>Donald Trump<\/strong>, quien arrib\u00f3 a Israel y participar\u00e1 en una <strong>Cumbre de Paz en Egipto<\/strong> junto a l\u00edderes de m\u00e1s de 20 pa\u00edses.<br>El pacto incluye la liberaci\u00f3n de los rehenes vivos, el retiro progresivo de tropas israel\u00edes y la reconstrucci\u00f3n de Gaza bajo supervisi\u00f3n internacional.<\/p>\n\n\n\n<p>En Israel, los hospitales habilitados prepararon ambientes especiales para recibir a los liberados. En el <strong>Hospital Beilinson<\/strong>, por ejemplo, se dise\u00f1aron habitaciones privadas y espacios familiares para garantizar contenci\u00f3n emocional y respeto a la intimidad. <em>\u201cDeben sentir que recuperan el control de su vida\u201d<\/em>, explic\u00f3 la doctora Keren Schwartz, jefa del Departamento de Tratamiento Social.<\/p>\n\n\n\n<hr class=\"wp-block-separator has-alpha-channel-opacity\"\/>\n\n\n\n<h3 class=\"wp-block-heading has-text-color has-link-color wp-elements-ccdc87df3068138322fa2e548ee92d10\" style=\"color:#2729cb\">\ud83d\udd39 Un d\u00eda de esperanza<\/h3>\n\n\n\n<p>Aunque el dolor por los 26 rehenes fallecidos persiste, el regreso de los sobrevivientes marc\u00f3 un antes y un despu\u00e9s en el largo conflicto.<br>Las im\u00e1genes de padres abrazando a sus hijos, de hermanos reencontr\u00e1ndose despu\u00e9s de 738 d\u00edas, recorrieron el mundo y dejaron un mensaje de esperanza: <strong>la vida y la paz siempre encuentran su camino<\/strong>.<\/p>\n","protected":false},"excerpt":{"rendered":"<p>La jornada amaneci\u00f3 distinta en Tel Aviv. Despu\u00e9s de m\u00e1s de dos a\u00f1os de incertidumbre y dolor, Israel recuper\u00f3 la esperanza: los 20 rehenes israel\u00edes [&hellip;]<\/p>\n","protected":false},"author":1,"featured_media":18430,"comment_status":"open","ping_status":"open","sticky":false,"template":"","format":"standard","meta":{"footnotes":""},"categories":[285],"tags":[],"class_list":["post-18429","post","type-post","status-publish","format-standard","has-post-thumbnail","hentry","category-internacionales"],"better_featured_image":{"id":18430,"alt_text":"","caption":"","description":"","media_type":"image","media_details":{"width":742,"height":492,"file":"2025\/10\/rehenesvuelven33.png","filesize":587315,"sizes":{"medium":{"file":"rehenesvuelven33-300x199.png","width":300,"height":199,"mime-type":"image\/png","filesize":45298,"source_url":"https:\/\/nuevodigitaldeescobar.com.ar\/wp-content\/uploads\/2025\/10\/rehenesvuelven33-300x199.png"},"thumbnail":{"file":"rehenesvuelven33-150x150.png","width":150,"height":150,"mime-type":"image\/png","filesize":19207,"source_url":"https:\/\/nuevodigitaldeescobar.com.ar\/wp-content\/uploads\/2025\/10\/rehenesvuelven33-150x150.png"}},"image_meta":{"aperture":"0","credit":"","camera":"","caption":"","created_timestamp":"0","copyright":"","focal_length":"0","iso":"0","shutter_speed":"0","title":"","orientation":"0","keywords":[]}},"post":18429,"source_url":"https:\/\/nuevodigitaldeescobar.com.ar\/wp-content\/uploads\/2025\/10\/rehenesvuelven33.png"},"yoast_head":"<!-- This site is optimized with the Yoast SEO plugin v26.1.1 - https:\/\/yoast.com\/wordpress\/plugins\/seo\/ -->\n<title>Emoci\u00f3n en Israel: liberaron a los 20 rehenes que Hamas manten\u00eda cautivos en Gaza durante m\u00e1s de dos a\u00f1os - Nuevo Digital de Escobar<\/title>\n<meta name=\"robots\" content=\"index, follow, max-snippet:-1, max-image-preview:large, max-video-preview:-1\" \/>\n<link rel=\"canonical\" href=\"https:\/\/nuevodigitaldeescobar.com.ar\/?p=18429\" \/>\n<meta property=\"og:locale\" content=\"es_ES\" \/>\n<meta property=\"og:type\" content=\"article\" \/>\n<meta property=\"og:title\" content=\"Emoci\u00f3n en Israel: liberaron a los 20 rehenes que Hamas manten\u00eda cautivos en Gaza durante m\u00e1s de dos a\u00f1os - Nuevo Digital de Escobar\" \/>\n<meta property=\"og:description\" content=\"La jornada amaneci\u00f3 distinta en Tel Aviv. Despu\u00e9s de m\u00e1s de dos a\u00f1os de incertidumbre y dolor, Israel recuper\u00f3 la esperanza: los 20 rehenes israel\u00edes [&hellip;]\" \/>\n<meta property=\"og:url\" content=\"https:\/\/nuevodigitaldeescobar.com.ar\/?p=18429\" \/>\n<meta property=\"og:site_name\" content=\"Nuevo Digital de Escobar\" \/>\n<meta property=\"article:publisher\" content=\"https:\/\/www.facebook.com\/NUEVODigitalDeEscobar\" \/>\n<meta property=\"article:published_time\" content=\"2025-10-13T12:22:11+00:00\" \/>\n<meta property=\"article:modified_time\" content=\"2025-10-13T12:22:43+00:00\" \/>\n<meta property=\"og:image\" content=\"http:\/\/nuevodigitaldeescobar.com.ar\/wp-content\/uploads\/2025\/10\/rehenesvuelven33.png\" \/>\n\t<meta property=\"og:image:width\" content=\"742\" \/>\n\t<meta property=\"og:image:height\" content=\"492\" \/>\n\t<meta property=\"og:image:type\" content=\"image\/png\" \/>\n<meta name=\"author\" content=\"Redacci\u00f3n\" \/>\n<meta name=\"twitter:card\" content=\"summary_large_image\" \/>\n<meta name=\"twitter:creator\" content=\"@nuevodigescobar\" \/>\n<meta name=\"twitter:site\" content=\"@nuevodigescobar\" \/>\n<meta name=\"twitter:label1\" content=\"Escrito por\" \/>\n\t<meta name=\"twitter:data1\" content=\"Redacci\u00f3n\" \/>\n\t<meta name=\"twitter:label2\" content=\"Tiempo de lectura\" \/>\n\t<meta name=\"twitter:data2\" content=\"4 minutos\" \/>\n<script type=\"application\/ld+json\" class=\"yoast-schema-graph\">{\"@context\":\"https:\/\/schema.org\",\"@graph\":[{\"@type\":\"Article\",\"@id\":\"https:\/\/nuevodigitaldeescobar.com.ar\/?p=18429#article\",\"isPartOf\":{\"@id\":\"https:\/\/nuevodigitaldeescobar.com.ar\/?p=18429\"},\"author\":{\"name\":\"Redacci\u00f3n\",\"@id\":\"https:\/\/nuevodigitaldeescobar.com.ar\/#\/schema\/person\/035e90a8efe9a80e6eec22656ad6ea4c\"},\"headline\":\"Emoci\u00f3n en Israel: liberaron a los 20 rehenes que Hamas manten\u00eda cautivos en Gaza durante m\u00e1s de dos a\u00f1os\",\"datePublished\":\"2025-10-13T12:22:11+00:00\",\"dateModified\":\"2025-10-13T12:22:43+00:00\",\"mainEntityOfPage\":{\"@id\":\"https:\/\/nuevodigitaldeescobar.com.ar\/?p=18429\"},\"wordCount\":735,\"commentCount\":0,\"publisher\":{\"@id\":\"https:\/\/nuevodigitaldeescobar.com.ar\/#organization\"},\"image\":{\"@id\":\"https:\/\/nuevodigitaldeescobar.com.ar\/?p=18429#primaryimage\"},\"thumbnailUrl\":\"https:\/\/nuevodigitaldeescobar.com.ar\/wp-content\/uploads\/2025\/10\/rehenesvuelven33.png\",\"articleSection\":[\"Internacionales\"],\"inLanguage\":\"es\",\"potentialAction\":[{\"@type\":\"CommentAction\",\"name\":\"Comment\",\"target\":[\"https:\/\/nuevodigitaldeescobar.com.ar\/?p=18429#respond\"]}]},{\"@type\":\"WebPage\",\"@id\":\"https:\/\/nuevodigitaldeescobar.com.ar\/?p=18429\",\"url\":\"https:\/\/nuevodigitaldeescobar.com.ar\/?p=18429\",\"name\":\"Emoci\u00f3n en Israel: liberaron a los 20 rehenes que Hamas manten\u00eda cautivos en Gaza durante m\u00e1s de dos a\u00f1os - Nuevo Digital de Escobar\",\"isPartOf\":{\"@id\":\"https:\/\/nuevodigitaldeescobar.com.ar\/#website\"},\"primaryImageOfPage\":{\"@id\":\"https:\/\/nuevodigitaldeescobar.com.ar\/?p=18429#primaryimage\"},\"image\":{\"@id\":\"https:\/\/nuevodigitaldeescobar.com.ar\/?p=18429#primaryimage\"},\"thumbnailUrl\":\"https:\/\/nuevodigitaldeescobar.com.ar\/wp-content\/uploads\/2025\/10\/rehenesvuelven33.png\",\"datePublished\":\"2025-10-13T12:22:11+00:00\",\"dateModified\":\"2025-10-13T12:22:43+00:00\",\"breadcrumb\":{\"@id\":\"https:\/\/nuevodigitaldeescobar.com.ar\/?p=18429#breadcrumb\"},\"inLanguage\":\"es\",\"potentialAction\":[{\"@type\":\"ReadAction\",\"target\":[\"https:\/\/nuevodigitaldeescobar.com.ar\/?p=18429\"]}]},{\"@type\":\"ImageObject\",\"inLanguage\":\"es\",\"@id\":\"https:\/\/nuevodigitaldeescobar.com.ar\/?p=18429#primaryimage\",\"url\":\"https:\/\/nuevodigitaldeescobar.com.ar\/wp-content\/uploads\/2025\/10\/rehenesvuelven33.png\",\"contentUrl\":\"https:\/\/nuevodigitaldeescobar.com.ar\/wp-content\/uploads\/2025\/10\/rehenesvuelven33.png\",\"width\":742,\"height\":492},{\"@type\":\"BreadcrumbList\",\"@id\":\"https:\/\/nuevodigitaldeescobar.com.ar\/?p=18429#breadcrumb\",\"itemListElement\":[{\"@type\":\"ListItem\",\"position\":1,\"name\":\"Portada\",\"item\":\"https:\/\/nuevodigitaldeescobar.com.ar\/\"},{\"@type\":\"ListItem\",\"position\":2,\"name\":\"Emoci\u00f3n en Israel: liberaron a los 20 rehenes que Hamas manten\u00eda cautivos en Gaza durante m\u00e1s de dos a\u00f1os\"}]},{\"@type\":\"WebSite\",\"@id\":\"https:\/\/nuevodigitaldeescobar.com.ar\/#website\",\"url\":\"https:\/\/nuevodigitaldeescobar.com.ar\/\",\"name\":\"Nuevo Digital de Escobar\",\"description\":\"La vida escobarense. Directora: Rosana Brunner\",\"publisher\":{\"@id\":\"https:\/\/nuevodigitaldeescobar.com.ar\/#organization\"},\"potentialAction\":[{\"@type\":\"SearchAction\",\"target\":{\"@type\":\"EntryPoint\",\"urlTemplate\":\"https:\/\/nuevodigitaldeescobar.com.ar\/?s={search_term_string}\"},\"query-input\":{\"@type\":\"PropertyValueSpecification\",\"valueRequired\":true,\"valueName\":\"search_term_string\"}}],\"inLanguage\":\"es\"},{\"@type\":\"Organization\",\"@id\":\"https:\/\/nuevodigitaldeescobar.com.ar\/#organization\",\"name\":\"Nuevo Digital de Escobar\",\"url\":\"https:\/\/nuevodigitaldeescobar.com.ar\/\",\"logo\":{\"@type\":\"ImageObject\",\"inLanguage\":\"es\",\"@id\":\"https:\/\/nuevodigitaldeescobar.com.ar\/#\/schema\/logo\/image\/\",\"url\":\"https:\/\/nuevodigitaldeescobar.com.ar\/wp-content\/uploads\/2025\/05\/cropped-logo-nuevo2.jpg\",\"contentUrl\":\"https:\/\/nuevodigitaldeescobar.com.ar\/wp-content\/uploads\/2025\/05\/cropped-logo-nuevo2.jpg\",\"width\":305,\"height\":305,\"caption\":\"Nuevo Digital de Escobar\"},\"image\":{\"@id\":\"https:\/\/nuevodigitaldeescobar.com.ar\/#\/schema\/logo\/image\/\"},\"sameAs\":[\"https:\/\/www.facebook.com\/NUEVODigitalDeEscobar\",\"https:\/\/x.com\/nuevodigescobar\",\"https:\/\/www.instagram.com\/nuevodigitaldeescobar\"]},{\"@type\":\"Person\",\"@id\":\"https:\/\/nuevodigitaldeescobar.com.ar\/#\/schema\/person\/035e90a8efe9a80e6eec22656ad6ea4c\",\"name\":\"Redacci\u00f3n\",\"image\":{\"@type\":\"ImageObject\",\"inLanguage\":\"es\",\"@id\":\"https:\/\/nuevodigitaldeescobar.com.ar\/#\/schema\/person\/image\/\",\"url\":\"https:\/\/secure.gravatar.com\/avatar\/8af8f40000c24e9eef3034f2be5998a372bb1389e64b1a4a36b3a7979142220d?s=96&d=mm&r=g\",\"contentUrl\":\"https:\/\/secure.gravatar.com\/avatar\/8af8f40000c24e9eef3034f2be5998a372bb1389e64b1a4a36b3a7979142220d?s=96&d=mm&r=g\",\"caption\":\"Redacci\u00f3n\"},\"sameAs\":[\"http:\/\/nuevodigitaldeescobar.com.ar\"],\"url\":\"https:\/\/nuevodigitaldeescobar.com.ar\/?author=1\"}]}<\/script>\n<!-- \/ Yoast SEO plugin. -->","yoast_head_json":{"title":"Emoci\u00f3n en Israel: liberaron a los 20 rehenes que Hamas manten\u00eda cautivos en Gaza durante m\u00e1s de dos a\u00f1os - Nuevo Digital de Escobar","robots":{"index":"index","follow":"follow","max-snippet":"max-snippet:-1","max-image-preview":"max-image-preview:large","max-video-preview":"max-video-preview:-1"},"canonical":"https:\/\/nuevodigitaldeescobar.com.ar\/?p=18429","og_locale":"es_ES","og_type":"article","og_title":"Emoci\u00f3n en Israel: liberaron a los 20 rehenes que Hamas manten\u00eda cautivos en Gaza durante m\u00e1s de dos a\u00f1os - Nuevo Digital de Escobar","og_description":"La jornada amaneci\u00f3 distinta en Tel Aviv. Despu\u00e9s de m\u00e1s de dos a\u00f1os de incertidumbre y dolor, Israel recuper\u00f3 la esperanza: los 20 rehenes israel\u00edes [&hellip;]","og_url":"https:\/\/nuevodigitaldeescobar.com.ar\/?p=18429","og_site_name":"Nuevo Digital de Escobar","article_publisher":"https:\/\/www.facebook.com\/NUEVODigitalDeEscobar","article_published_time":"2025-10-13T12:22:11+00:00","article_modified_time":"2025-10-13T12:22:43+00:00","og_image":[{"width":742,"height":492,"url":"http:\/\/nuevodigitaldeescobar.com.ar\/wp-content\/uploads\/2025\/10\/rehenesvuelven33.png","type":"image\/png"}],"author":"Redacci\u00f3n","twitter_card":"summary_large_image","twitter_creator":"@nuevodigescobar","twitter_site":"@nuevodigescobar","twitter_misc":{"Escrito por":"Redacci\u00f3n","Tiempo de lectura":"4 minutos"},"schema":{"@context":"https:\/\/schema.org","@graph":[{"@type":"Article","@id":"https:\/\/nuevodigitaldeescobar.com.ar\/?p=18429#article","isPartOf":{"@id":"https:\/\/nuevodigitaldeescobar.com.ar\/?p=18429"},"author":{"name":"Redacci\u00f3n","@id":"https:\/\/nuevodigitaldeescobar.com.ar\/#\/schema\/person\/035e90a8efe9a80e6eec22656ad6ea4c"},"headline":"Emoci\u00f3n en Israel: liberaron a los 20 rehenes que Hamas manten\u00eda cautivos en Gaza durante m\u00e1s de dos a\u00f1os","datePublished":"2025-10-13T12:22:11+00:00","dateModified":"2025-10-13T12:22:43+00:00","mainEntityOfPage":{"@id":"https:\/\/nuevodigitaldeescobar.com.ar\/?p=18429"},"wordCount":735,"commentCount":0,"publisher":{"@id":"https:\/\/nuevodigitaldeescobar.com.ar\/#organization"},"image":{"@id":"https:\/\/nuevodigitaldeescobar.com.ar\/?p=18429#primaryimage"},"thumbnailUrl":"https:\/\/nuevodigitaldeescobar.com.ar\/wp-content\/uploads\/2025\/10\/rehenesvuelven33.png","articleSection":["Internacionales"],"inLanguage":"es","potentialAction":[{"@type":"CommentAction","name":"Comment","target":["https:\/\/nuevodigitaldeescobar.com.ar\/?p=18429#respond"]}]},{"@type":"WebPage","@id":"https:\/\/nuevodigitaldeescobar.com.ar\/?p=18429","url":"https:\/\/nuevodigitaldeescobar.com.ar\/?p=18429","name":"Emoci\u00f3n en Israel: liberaron a los 20 rehenes que Hamas manten\u00eda cautivos en Gaza durante m\u00e1s de dos a\u00f1os - Nuevo Digital de Escobar","isPartOf":{"@id":"https:\/\/nuevodigitaldeescobar.com.ar\/#website"},"primaryImageOfPage":{"@id":"https:\/\/nuevodigitaldeescobar.com.ar\/?p=18429#primaryimage"},"image":{"@id":"https:\/\/nuevodigitaldeescobar.com.ar\/?p=18429#primaryimage"},"thumbnailUrl":"https:\/\/nuevodigitaldeescobar.com.ar\/wp-content\/uploads\/2025\/10\/rehenesvuelven33.png","datePublished":"2025-10-13T12:22:11+00:00","dateModified":"2025-10-13T12:22:43+00:00","breadcrumb":{"@id":"https:\/\/nuevodigitaldeescobar.com.ar\/?p=18429#breadcrumb"},"inLanguage":"es","potentialAction":[{"@type":"ReadAction","target":["https:\/\/nuevodigitaldeescobar.com.ar\/?p=18429"]}]},{"@type":"ImageObject","inLanguage":"es","@id":"https:\/\/nuevodigitaldeescobar.com.ar\/?p=18429#primaryimage","url":"https:\/\/nuevodigitaldeescobar.com.ar\/wp-content\/uploads\/2025\/10\/rehenesvuelven33.png","contentUrl":"https:\/\/nuevodigitaldeescobar.com.ar\/wp-content\/uploads\/2025\/10\/rehenesvuelven33.png","width":742,"height":492},{"@type":"BreadcrumbList","@id":"https:\/\/nuevodigitaldeescobar.com.ar\/?p=18429#breadcrumb","itemListElement":[{"@type":"ListItem","position":1,"name":"Portada","item":"https:\/\/nuevodigitaldeescobar.com.ar\/"},{"@type":"ListItem","position":2,"name":"Emoci\u00f3n en Israel: liberaron a los 20 rehenes que Hamas manten\u00eda cautivos en Gaza durante m\u00e1s de dos a\u00f1os"}]},{"@type":"WebSite","@id":"https:\/\/nuevodigitaldeescobar.com.ar\/#website","url":"https:\/\/nuevodigitaldeescobar.com.ar\/","name":"Nuevo Digital de Escobar","description":"La vida escobarense. Directora: Rosana Brunner","publisher":{"@id":"https:\/\/nuevodigitaldeescobar.com.ar\/#organization"},"potentialAction":[{"@type":"SearchAction","target":{"@type":"EntryPoint","urlTemplate":"https:\/\/nuevodigitaldeescobar.com.ar\/?s={search_term_string}"},"query-input":{"@type":"PropertyValueSpecification","valueRequired":true,"valueName":"search_term_string"}}],"inLanguage":"es"},{"@type":"Organization","@id":"https:\/\/nuevodigitaldeescobar.com.ar\/#organization","name":"Nuevo Digital de Escobar","url":"https:\/\/nuevodigitaldeescobar.com.ar\/","logo":{"@type":"ImageObject","inLanguage":"es","@id":"https:\/\/nuevodigitaldeescobar.com.ar\/#\/schema\/logo\/image\/","url":"https:\/\/nuevodigitaldeescobar.com.ar\/wp-content\/uploads\/2025\/05\/cropped-logo-nuevo2.jpg","contentUrl":"https:\/\/nuevodigitaldeescobar.com.ar\/wp-content\/uploads\/2025\/05\/cropped-logo-nuevo2.jpg","width":305,"height":305,"caption":"Nuevo Digital de Escobar"},"image":{"@id":"https:\/\/nuevodigitaldeescobar.com.ar\/#\/schema\/logo\/image\/"},"sameAs":["https:\/\/www.facebook.com\/NUEVODigitalDeEscobar","https:\/\/x.com\/nuevodigescobar","https:\/\/www.instagram.com\/nuevodigitaldeescobar"]},{"@type":"Person","@id":"https:\/\/nuevodigitaldeescobar.com.ar\/#\/schema\/person\/035e90a8efe9a80e6eec22656ad6ea4c","name":"Redacci\u00f3n","image":{"@type":"ImageObject","inLanguage":"es","@id":"https:\/\/nuevodigitaldeescobar.com.ar\/#\/schema\/person\/image\/","url":"https:\/\/secure.gravatar.com\/avatar\/8af8f40000c24e9eef3034f2be5998a372bb1389e64b1a4a36b3a7979142220d?s=96&d=mm&r=g","contentUrl":"https:\/\/secure.gravatar.com\/avatar\/8af8f40000c24e9eef3034f2be5998a372bb1389e64b1a4a36b3a7979142220d?s=96&d=mm&r=g","caption":"Redacci\u00f3n"},"sameAs":["http:\/\/nuevodigitaldeescobar.com.ar"],"url":"https:\/\/nuevodigitaldeescobar.com.ar\/?author=1"}]}},"featured_image_urls":{"full":["https:\/\/nuevodigitaldeescobar.com.ar\/wp-content\/uploads\/2025\/10\/rehenesvuelven33.png",742,492,false],"thumbnail":["https:\/\/nuevodigitaldeescobar.com.ar\/wp-content\/uploads\/2025\/10\/rehenesvuelven33-150x150.png",150,150,true],"medium":["https:\/\/nuevodigitaldeescobar.com.ar\/wp-content\/uploads\/2025\/10\/rehenesvuelven33-300x199.png",300,199,true],"medium_large":["https:\/\/nuevodigitaldeescobar.com.ar\/wp-content\/uploads\/2025\/10\/rehenesvuelven33.png",640,424,false],"large":["https:\/\/nuevodigitaldeescobar.com.ar\/wp-content\/uploads\/2025\/10\/rehenesvuelven33.png",640,424,false],"1536x1536":["https:\/\/nuevodigitaldeescobar.com.ar\/wp-content\/uploads\/2025\/10\/rehenesvuelven33.png",742,492,false],"2048x2048":["https:\/\/nuevodigitaldeescobar.com.ar\/wp-content\/uploads\/2025\/10\/rehenesvuelven33.png",742,492,false]},"author_info":{"display_name":"Redacci\u00f3n","author_link":"https:\/\/nuevodigitaldeescobar.com.ar\/?author=1"},"category_info":"<a href=\"https:\/\/nuevodigitaldeescobar.com.ar\/?cat=285\" rel=\"category\">Internacionales<\/a>","tag_info":"Internacionales","comment_count":"0","_links":{"self":[{"href":"https:\/\/nuevodigitaldeescobar.com.ar\/index.php?rest_route=\/wp\/v2\/posts\/18429","targetHints":{"allow":["GET"]}}],"collection":[{"href":"https:\/\/nuevodigitaldeescobar.com.ar\/index.php?rest_route=\/wp\/v2\/posts"}],"about":[{"href":"https:\/\/nuevodigitaldeescobar.com.ar\/index.php?rest_route=\/wp\/v2\/types\/post"}],"author":[{"embeddable":true,"href":"https:\/\/nuevodigitaldeescobar.com.ar\/index.php?rest_route=\/wp\/v2\/users\/1"}],"replies":[{"embeddable":true,"href":"https:\/\/nuevodigitaldeescobar.com.ar\/index.php?rest_route=%2Fwp%2Fv2%2Fcomments&post=18429"}],"version-history":[{"count":1,"href":"https:\/\/nuevodigitaldeescobar.com.ar\/index.php?rest_route=\/wp\/v2\/posts\/18429\/revisions"}],"predecessor-version":[{"id":18431,"href":"https:\/\/nuevodigitaldeescobar.com.ar\/index.php?rest_route=\/wp\/v2\/posts\/18429\/revisions\/18431"}],"wp:featuredmedia":[{"embeddable":true,"href":"https:\/\/nuevodigitaldeescobar.com.ar\/index.php?rest_route=\/wp\/v2\/media\/18430"}],"wp:attachment":[{"href":"https:\/\/nuevodigitaldeescobar.com.ar\/index.php?rest_route=%2Fwp%2Fv2%2Fmedia&parent=18429"}],"wp:term":[{"taxonomy":"category","embeddable":true,"href":"https:\/\/nuevodigitaldeescobar.com.ar\/index.php?rest_route=%2Fwp%2Fv2%2Fcategories&post=18429"},{"taxonomy":"post_tag","embeddable":true,"href":"https:\/\/nuevodigitaldeescobar.com.ar\/index.php?rest_route=%2Fwp%2Fv2%2Ftags&post=18429"}],"curies":[{"name":"wp","href":"https:\/\/api.w.org\/{rel}","templated":true}]}}