{"id":18432,"date":"2025-10-13T16:20:16","date_gmt":"2025-10-13T19:20:16","guid":{"rendered":"https:\/\/nuevodigitaldeescobar.com.ar\/?p=18432"},"modified":"2025-10-13T16:20:33","modified_gmt":"2025-10-13T19:20:33","slug":"el-mercado-de-oportunidades-en-la-fiesta-de-la-flor-vendio-un-60-mas-que-en-la-ultima-edicion","status":"publish","type":"post","link":"https:\/\/nuevodigitaldeescobar.com.ar\/?p=18432","title":{"rendered":"El Mercado de Oportunidades en la Fiesta de la Flor vendi\u00f3 un 60% m\u00e1s que en la \u00faltima edici\u00f3n"},"content":{"rendered":"\n<p>El Mercado de Oportunidades volvi\u00f3 a ser un \u00e9xito. Esta nueva edici\u00f3n se desarroll\u00f3 durante tres jornadas en la Fiesta Nacional de la Flor con importantes promociones y descuentos que permitieron elevar las ventas un 60% respecto a los n\u00fameros registrados en la edici\u00f3n realizada en las vacaciones de invierno.\u00a0<\/p>\n\n\n\n<!--more-->\n\n\n\n<p>Los rubros que m\u00e1s ventas registraron fueron electrodom\u00e9sticos, productos regionales e indumentaria. Tambi\u00e9n hubo importantes ventas en sectores como alimentos y decoraci\u00f3n que aportaron variedad a la oferta y atrajeron tanto a visitantes locales como a turistas de toda la regi\u00f3n.<\/p>\n\n\n<div class=\"wp-block-image\">\n<figure class=\"aligncenter size-large\"><img fetchpriority=\"high\" decoding=\"async\" width=\"1024\" height=\"683\" src=\"http:\/\/nuevodigitaldeescobar.com.ar\/wp-content\/uploads\/2025\/10\/whatsapp_image_2025_10_10_at_10_32_46__1_-1024x683.jpeg\" alt=\"\" class=\"wp-image-18433\" srcset=\"https:\/\/nuevodigitaldeescobar.com.ar\/wp-content\/uploads\/2025\/10\/whatsapp_image_2025_10_10_at_10_32_46__1_-1024x683.jpeg 1024w, https:\/\/nuevodigitaldeescobar.com.ar\/wp-content\/uploads\/2025\/10\/whatsapp_image_2025_10_10_at_10_32_46__1_-300x200.jpeg 300w, https:\/\/nuevodigitaldeescobar.com.ar\/wp-content\/uploads\/2025\/10\/whatsapp_image_2025_10_10_at_10_32_46__1_-768x512.jpeg 768w, https:\/\/nuevodigitaldeescobar.com.ar\/wp-content\/uploads\/2025\/10\/whatsapp_image_2025_10_10_at_10_32_46__1_.jpeg 1280w\" sizes=\"(max-width: 1024px) 100vw, 1024px\" \/><\/figure><\/div>\n\n\n<p>En total, se logr\u00f3 una recaudaci\u00f3n que super\u00f3 los 12 millones de pesos. \u00abEste resultado refleja la consolidaci\u00f3n del Mercado como el esperado hot sale escobarense\u00bb, aseguraron fuentes municipales.<\/p>\n","protected":false},"excerpt":{"rendered":"<p>El Mercado de Oportunidades volvi\u00f3 a ser un \u00e9xito. Esta nueva edici\u00f3n se desarroll\u00f3 durante tres jornadas en la Fiesta Nacional de la Flor con [&hellip;]<\/p>\n","protected":false},"author":1,"featured_media":18434,"comment_status":"open","ping_status":"open","sticky":false,"template":"","format":"standard","meta":{"footnotes":""},"categories":[7],"tags":[447,425],"class_list":["post-18432","post","type-post","status-publish","format-standard","has-post-thumbnail","hentry","category-interes-general","tag-fiesta-de-la-flor","tag-mercado-de-oportunidades"],"better_featured_image":{"id":18434,"alt_text":"","caption":"","description":"","media_type":"image","media_details":{"width":1280,"height":854,"file":"2025\/10\/whatsapp_image_2025_10_10_at_10_32_48.jpeg","filesize":148319,"sizes":{"medium":{"file":"whatsapp_image_2025_10_10_at_10_32_48-300x200.jpeg","width":300,"height":200,"mime-type":"image\/jpeg","filesize":18601,"source_url":"https:\/\/nuevodigitaldeescobar.com.ar\/wp-content\/uploads\/2025\/10\/whatsapp_image_2025_10_10_at_10_32_48-300x200.jpeg"},"large":{"file":"whatsapp_image_2025_10_10_at_10_32_48-1024x683.jpeg","width":1024,"height":683,"mime-type":"image\/jpeg","filesize":122479,"source_url":"https:\/\/nuevodigitaldeescobar.com.ar\/wp-content\/uploads\/2025\/10\/whatsapp_image_2025_10_10_at_10_32_48-1024x683.jpeg"},"thumbnail":{"file":"whatsapp_image_2025_10_10_at_10_32_48-150x150.jpeg","width":150,"height":150,"mime-type":"image\/jpeg","filesize":8292,"source_url":"https:\/\/nuevodigitaldeescobar.com.ar\/wp-content\/uploads\/2025\/10\/whatsapp_image_2025_10_10_at_10_32_48-150x150.jpeg"},"medium_large":{"file":"whatsapp_image_2025_10_10_at_10_32_48-768x512.jpeg","width":768,"height":512,"mime-type":"image\/jpeg","filesize":79437,"source_url":"https:\/\/nuevodigitaldeescobar.com.ar\/wp-content\/uploads\/2025\/10\/whatsapp_image_2025_10_10_at_10_32_48-768x512.jpeg"}},"image_meta":{"aperture":"0","credit":"","camera":"","caption":"","created_timestamp":"0","copyright":"","focal_length":"0","iso":"0","shutter_speed":"0","title":"","orientation":"0","keywords":[]}},"post":18432,"source_url":"https:\/\/nuevodigitaldeescobar.com.ar\/wp-content\/uploads\/2025\/10\/whatsapp_image_2025_10_10_at_10_32_48.jpeg"},"yoast_head":"<!-- This site is optimized with the Yoast SEO plugin v26.1.1 - https:\/\/yoast.com\/wordpress\/plugins\/seo\/ -->\n<title>El Mercado de Oportunidades en la Fiesta de la Flor vendi\u00f3 un 60% m\u00e1s que en la \u00faltima edici\u00f3n - Nuevo Digital de Escobar<\/title>\n<meta name=\"description\" content=\"Los rubros que m\u00e1s ventas registraron fueron electrodom\u00e9sticos, productos regionales e indumentaria. Tambi\u00e9n hubo importantes ventas en sectores como alimentos y decoraci\u00f3n que aportaron variedad a la oferta y atrajeron tanto a visitantes locales como a turistas de toda la regi\u00f3n.\" \/>\n<meta name=\"robots\" content=\"index, follow, max-snippet:-1, max-image-preview:large, max-video-preview:-1\" \/>\n<link rel=\"canonical\" href=\"https:\/\/nuevodigitaldeescobar.com.ar\/?p=18432\" \/>\n<meta property=\"og:locale\" content=\"es_ES\" \/>\n<meta property=\"og:type\" content=\"article\" \/>\n<meta property=\"og:title\" content=\"El Mercado de Oportunidades en la Fiesta de la Flor vendi\u00f3 un 60% m\u00e1s que en la \u00faltima edici\u00f3n\" \/>\n<meta property=\"og:description\" content=\"Los rubros que m\u00e1s ventas registraron fueron electrodom\u00e9sticos, productos regionales e indumentaria. Tambi\u00e9n hubo importantes ventas en sectores como alimentos y decoraci\u00f3n que aportaron variedad a la oferta y atrajeron tanto a visitantes locales como a turistas de toda la regi\u00f3n.\" \/>\n<meta property=\"og:url\" content=\"https:\/\/nuevodigitaldeescobar.com.ar\/?p=18432\" \/>\n<meta property=\"og:site_name\" content=\"Nuevo Digital de Escobar\" \/>\n<meta property=\"article:publisher\" content=\"https:\/\/www.facebook.com\/NUEVODigitalDeEscobar\" \/>\n<meta property=\"article:published_time\" content=\"2025-10-13T19:20:16+00:00\" \/>\n<meta property=\"article:modified_time\" content=\"2025-10-13T19:20:33+00:00\" \/>\n<meta property=\"og:image\" content=\"http:\/\/nuevodigitaldeescobar.com.ar\/wp-content\/uploads\/2025\/10\/whatsapp_image_2025_10_10_at_10_32_46__1_.jpeg\" \/>\n\t<meta property=\"og:image:width\" content=\"1280\" \/>\n\t<meta property=\"og:image:height\" content=\"854\" \/>\n\t<meta property=\"og:image:type\" content=\"image\/jpeg\" \/>\n<meta name=\"author\" content=\"Redacci\u00f3n\" \/>\n<meta name=\"twitter:card\" content=\"summary_large_image\" \/>\n<meta name=\"twitter:creator\" content=\"@nuevodigescobar\" \/>\n<meta name=\"twitter:site\" content=\"@nuevodigescobar\" \/>\n<meta name=\"twitter:label1\" content=\"Escrito por\" \/>\n\t<meta name=\"twitter:data1\" content=\"Redacci\u00f3n\" \/>\n\t<meta name=\"twitter:label2\" content=\"Tiempo de lectura\" \/>\n\t<meta name=\"twitter:data2\" content=\"1 minuto\" \/>\n<script type=\"application\/ld+json\" class=\"yoast-schema-graph\">{\"@context\":\"https:\/\/schema.org\",\"@graph\":[{\"@type\":\"Article\",\"@id\":\"https:\/\/nuevodigitaldeescobar.com.ar\/?p=18432#article\",\"isPartOf\":{\"@id\":\"https:\/\/nuevodigitaldeescobar.com.ar\/?p=18432\"},\"author\":{\"name\":\"Redacci\u00f3n\",\"@id\":\"https:\/\/nuevodigitaldeescobar.com.ar\/#\/schema\/person\/035e90a8efe9a80e6eec22656ad6ea4c\"},\"headline\":\"El Mercado de Oportunidades en la Fiesta de la Flor vendi\u00f3 un 60% m\u00e1s que en la \u00faltima edici\u00f3n\",\"datePublished\":\"2025-10-13T19:20:16+00:00\",\"dateModified\":\"2025-10-13T19:20:33+00:00\",\"mainEntityOfPage\":{\"@id\":\"https:\/\/nuevodigitaldeescobar.com.ar\/?p=18432\"},\"wordCount\":148,\"commentCount\":0,\"publisher\":{\"@id\":\"https:\/\/nuevodigitaldeescobar.com.ar\/#organization\"},\"image\":{\"@id\":\"https:\/\/nuevodigitaldeescobar.com.ar\/?p=18432#primaryimage\"},\"thumbnailUrl\":\"https:\/\/nuevodigitaldeescobar.com.ar\/wp-content\/uploads\/2025\/10\/whatsapp_image_2025_10_10_at_10_32_48.jpeg\",\"keywords\":[\"Fiesta de la Flor\",\"Mercado de Oportunidades\"],\"articleSection\":[\"Inter\u00e9s general\"],\"inLanguage\":\"es\",\"potentialAction\":[{\"@type\":\"CommentAction\",\"name\":\"Comment\",\"target\":[\"https:\/\/nuevodigitaldeescobar.com.ar\/?p=18432#respond\"]}]},{\"@type\":\"WebPage\",\"@id\":\"https:\/\/nuevodigitaldeescobar.com.ar\/?p=18432\",\"url\":\"https:\/\/nuevodigitaldeescobar.com.ar\/?p=18432\",\"name\":\"El Mercado de Oportunidades en la Fiesta de la Flor vendi\u00f3 un 60% m\u00e1s que en la \u00faltima edici\u00f3n - Nuevo Digital de Escobar\",\"isPartOf\":{\"@id\":\"https:\/\/nuevodigitaldeescobar.com.ar\/#website\"},\"primaryImageOfPage\":{\"@id\":\"https:\/\/nuevodigitaldeescobar.com.ar\/?p=18432#primaryimage\"},\"image\":{\"@id\":\"https:\/\/nuevodigitaldeescobar.com.ar\/?p=18432#primaryimage\"},\"thumbnailUrl\":\"https:\/\/nuevodigitaldeescobar.com.ar\/wp-content\/uploads\/2025\/10\/whatsapp_image_2025_10_10_at_10_32_48.jpeg\",\"datePublished\":\"2025-10-13T19:20:16+00:00\",\"dateModified\":\"2025-10-13T19:20:33+00:00\",\"description\":\"Los rubros que m\u00e1s ventas registraron fueron electrodom\u00e9sticos, productos regionales e indumentaria. Tambi\u00e9n hubo importantes ventas en sectores como alimentos y decoraci\u00f3n que aportaron variedad a la oferta y atrajeron tanto a visitantes locales como a turistas de toda la regi\u00f3n.\",\"breadcrumb\":{\"@id\":\"https:\/\/nuevodigitaldeescobar.com.ar\/?p=18432#breadcrumb\"},\"inLanguage\":\"es\",\"potentialAction\":[{\"@type\":\"ReadAction\",\"target\":[\"https:\/\/nuevodigitaldeescobar.com.ar\/?p=18432\"]}]},{\"@type\":\"ImageObject\",\"inLanguage\":\"es\",\"@id\":\"https:\/\/nuevodigitaldeescobar.com.ar\/?p=18432#primaryimage\",\"url\":\"https:\/\/nuevodigitaldeescobar.com.ar\/wp-content\/uploads\/2025\/10\/whatsapp_image_2025_10_10_at_10_32_48.jpeg\",\"contentUrl\":\"https:\/\/nuevodigitaldeescobar.com.ar\/wp-content\/uploads\/2025\/10\/whatsapp_image_2025_10_10_at_10_32_48.jpeg\",\"width\":1280,\"height\":854},{\"@type\":\"BreadcrumbList\",\"@id\":\"https:\/\/nuevodigitaldeescobar.com.ar\/?p=18432#breadcrumb\",\"itemListElement\":[{\"@type\":\"ListItem\",\"position\":1,\"name\":\"Portada\",\"item\":\"https:\/\/nuevodigitaldeescobar.com.ar\/\"},{\"@type\":\"ListItem\",\"position\":2,\"name\":\"El Mercado de Oportunidades en la Fiesta de la Flor vendi\u00f3 un 60% m\u00e1s que en la \u00faltima edici\u00f3n\"}]},{\"@type\":\"WebSite\",\"@id\":\"https:\/\/nuevodigitaldeescobar.com.ar\/#website\",\"url\":\"https:\/\/nuevodigitaldeescobar.com.ar\/\",\"name\":\"Nuevo Digital de Escobar\",\"description\":\"La vida escobarense. Directora: Rosana Brunner\",\"publisher\":{\"@id\":\"https:\/\/nuevodigitaldeescobar.com.ar\/#organization\"},\"potentialAction\":[{\"@type\":\"SearchAction\",\"target\":{\"@type\":\"EntryPoint\",\"urlTemplate\":\"https:\/\/nuevodigitaldeescobar.com.ar\/?s={search_term_string}\"},\"query-input\":{\"@type\":\"PropertyValueSpecification\",\"valueRequired\":true,\"valueName\":\"search_term_string\"}}],\"inLanguage\":\"es\"},{\"@type\":\"Organization\",\"@id\":\"https:\/\/nuevodigitaldeescobar.com.ar\/#organization\",\"name\":\"Nuevo Digital de Escobar\",\"url\":\"https:\/\/nuevodigitaldeescobar.com.ar\/\",\"logo\":{\"@type\":\"ImageObject\",\"inLanguage\":\"es\",\"@id\":\"https:\/\/nuevodigitaldeescobar.com.ar\/#\/schema\/logo\/image\/\",\"url\":\"https:\/\/nuevodigitaldeescobar.com.ar\/wp-content\/uploads\/2025\/05\/cropped-logo-nuevo2.jpg\",\"contentUrl\":\"https:\/\/nuevodigitaldeescobar.com.ar\/wp-content\/uploads\/2025\/05\/cropped-logo-nuevo2.jpg\",\"width\":305,\"height\":305,\"caption\":\"Nuevo Digital de Escobar\"},\"image\":{\"@id\":\"https:\/\/nuevodigitaldeescobar.com.ar\/#\/schema\/logo\/image\/\"},\"sameAs\":[\"https:\/\/www.facebook.com\/NUEVODigitalDeEscobar\",\"https:\/\/x.com\/nuevodigescobar\",\"https:\/\/www.instagram.com\/nuevodigitaldeescobar\"]},{\"@type\":\"Person\",\"@id\":\"https:\/\/nuevodigitaldeescobar.com.ar\/#\/schema\/person\/035e90a8efe9a80e6eec22656ad6ea4c\",\"name\":\"Redacci\u00f3n\",\"image\":{\"@type\":\"ImageObject\",\"inLanguage\":\"es\",\"@id\":\"https:\/\/nuevodigitaldeescobar.com.ar\/#\/schema\/person\/image\/\",\"url\":\"https:\/\/secure.gravatar.com\/avatar\/8af8f40000c24e9eef3034f2be5998a372bb1389e64b1a4a36b3a7979142220d?s=96&d=mm&r=g\",\"contentUrl\":\"https:\/\/secure.gravatar.com\/avatar\/8af8f40000c24e9eef3034f2be5998a372bb1389e64b1a4a36b3a7979142220d?s=96&d=mm&r=g\",\"caption\":\"Redacci\u00f3n\"},\"sameAs\":[\"http:\/\/nuevodigitaldeescobar.com.ar\"],\"url\":\"https:\/\/nuevodigitaldeescobar.com.ar\/?author=1\"}]}<\/script>\n<!-- \/ Yoast SEO plugin. -->","yoast_head_json":{"title":"El Mercado de Oportunidades en la Fiesta de la Flor vendi\u00f3 un 60% m\u00e1s que en la \u00faltima edici\u00f3n - Nuevo Digital de Escobar","description":"Los rubros que m\u00e1s ventas registraron fueron electrodom\u00e9sticos, productos regionales e indumentaria. Tambi\u00e9n hubo importantes ventas en sectores como alimentos y decoraci\u00f3n que aportaron variedad a la oferta y atrajeron tanto a visitantes locales como a turistas de toda la regi\u00f3n.","robots":{"index":"index","follow":"follow","max-snippet":"max-snippet:-1","max-image-preview":"max-image-preview:large","max-video-preview":"max-video-preview:-1"},"canonical":"https:\/\/nuevodigitaldeescobar.com.ar\/?p=18432","og_locale":"es_ES","og_type":"article","og_title":"El Mercado de Oportunidades en la Fiesta de la Flor vendi\u00f3 un 60% m\u00e1s que en la \u00faltima edici\u00f3n","og_description":"Los rubros que m\u00e1s ventas registraron fueron electrodom\u00e9sticos, productos regionales e indumentaria. Tambi\u00e9n hubo importantes ventas en sectores como alimentos y decoraci\u00f3n que aportaron variedad a la oferta y atrajeron tanto a visitantes locales como a turistas de toda la regi\u00f3n.","og_url":"https:\/\/nuevodigitaldeescobar.com.ar\/?p=18432","og_site_name":"Nuevo Digital de Escobar","article_publisher":"https:\/\/www.facebook.com\/NUEVODigitalDeEscobar","article_published_time":"2025-10-13T19:20:16+00:00","article_modified_time":"2025-10-13T19:20:33+00:00","og_image":[{"width":1280,"height":854,"url":"http:\/\/nuevodigitaldeescobar.com.ar\/wp-content\/uploads\/2025\/10\/whatsapp_image_2025_10_10_at_10_32_46__1_.jpeg","type":"image\/jpeg"}],"author":"Redacci\u00f3n","twitter_card":"summary_large_image","twitter_creator":"@nuevodigescobar","twitter_site":"@nuevodigescobar","twitter_misc":{"Escrito por":"Redacci\u00f3n","Tiempo de lectura":"1 minuto"},"schema":{"@context":"https:\/\/schema.org","@graph":[{"@type":"Article","@id":"https:\/\/nuevodigitaldeescobar.com.ar\/?p=18432#article","isPartOf":{"@id":"https:\/\/nuevodigitaldeescobar.com.ar\/?p=18432"},"author":{"name":"Redacci\u00f3n","@id":"https:\/\/nuevodigitaldeescobar.com.ar\/#\/schema\/person\/035e90a8efe9a80e6eec22656ad6ea4c"},"headline":"El Mercado de Oportunidades en la Fiesta de la Flor vendi\u00f3 un 60% m\u00e1s que en la \u00faltima edici\u00f3n","datePublished":"2025-10-13T19:20:16+00:00","dateModified":"2025-10-13T19:20:33+00:00","mainEntityOfPage":{"@id":"https:\/\/nuevodigitaldeescobar.com.ar\/?p=18432"},"wordCount":148,"commentCount":0,"publisher":{"@id":"https:\/\/nuevodigitaldeescobar.com.ar\/#organization"},"image":{"@id":"https:\/\/nuevodigitaldeescobar.com.ar\/?p=18432#primaryimage"},"thumbnailUrl":"https:\/\/nuevodigitaldeescobar.com.ar\/wp-content\/uploads\/2025\/10\/whatsapp_image_2025_10_10_at_10_32_48.jpeg","keywords":["Fiesta de la Flor","Mercado de Oportunidades"],"articleSection":["Inter\u00e9s general"],"inLanguage":"es","potentialAction":[{"@type":"CommentAction","name":"Comment","target":["https:\/\/nuevodigitaldeescobar.com.ar\/?p=18432#respond"]}]},{"@type":"WebPage","@id":"https:\/\/nuevodigitaldeescobar.com.ar\/?p=18432","url":"https:\/\/nuevodigitaldeescobar.com.ar\/?p=18432","name":"El Mercado de Oportunidades en la Fiesta de la Flor vendi\u00f3 un 60% m\u00e1s que en la \u00faltima edici\u00f3n - Nuevo Digital de Escobar","isPartOf":{"@id":"https:\/\/nuevodigitaldeescobar.com.ar\/#website"},"primaryImageOfPage":{"@id":"https:\/\/nuevodigitaldeescobar.com.ar\/?p=18432#primaryimage"},"image":{"@id":"https:\/\/nuevodigitaldeescobar.com.ar\/?p=18432#primaryimage"},"thumbnailUrl":"https:\/\/nuevodigitaldeescobar.com.ar\/wp-content\/uploads\/2025\/10\/whatsapp_image_2025_10_10_at_10_32_48.jpeg","datePublished":"2025-10-13T19:20:16+00:00","dateModified":"2025-10-13T19:20:33+00:00","description":"Los rubros que m\u00e1s ventas registraron fueron electrodom\u00e9sticos, productos regionales e indumentaria. Tambi\u00e9n hubo importantes ventas en sectores como alimentos y decoraci\u00f3n que aportaron variedad a la oferta y atrajeron tanto a visitantes locales como a turistas de toda la regi\u00f3n.","breadcrumb":{"@id":"https:\/\/nuevodigitaldeescobar.com.ar\/?p=18432#breadcrumb"},"inLanguage":"es","potentialAction":[{"@type":"ReadAction","target":["https:\/\/nuevodigitaldeescobar.com.ar\/?p=18432"]}]},{"@type":"ImageObject","inLanguage":"es","@id":"https:\/\/nuevodigitaldeescobar.com.ar\/?p=18432#primaryimage","url":"https:\/\/nuevodigitaldeescobar.com.ar\/wp-content\/uploads\/2025\/10\/whatsapp_image_2025_10_10_at_10_32_48.jpeg","contentUrl":"https:\/\/nuevodigitaldeescobar.com.ar\/wp-content\/uploads\/2025\/10\/whatsapp_image_2025_10_10_at_10_32_48.jpeg","width":1280,"height":854},{"@type":"BreadcrumbList","@id":"https:\/\/nuevodigitaldeescobar.com.ar\/?p=18432#breadcrumb","itemListElement":[{"@type":"ListItem","position":1,"name":"Portada","item":"https:\/\/nuevodigitaldeescobar.com.ar\/"},{"@type":"ListItem","position":2,"name":"El Mercado de Oportunidades en la Fiesta de la Flor vendi\u00f3 un 60% m\u00e1s que en la \u00faltima edici\u00f3n"}]},{"@type":"WebSite","@id":"https:\/\/nuevodigitaldeescobar.com.ar\/#website","url":"https:\/\/nuevodigitaldeescobar.com.ar\/","name":"Nuevo Digital de Escobar","description":"La vida escobarense. Directora: Rosana Brunner","publisher":{"@id":"https:\/\/nuevodigitaldeescobar.com.ar\/#organization"},"potentialAction":[{"@type":"SearchAction","target":{"@type":"EntryPoint","urlTemplate":"https:\/\/nuevodigitaldeescobar.com.ar\/?s={search_term_string}"},"query-input":{"@type":"PropertyValueSpecification","valueRequired":true,"valueName":"search_term_string"}}],"inLanguage":"es"},{"@type":"Organization","@id":"https:\/\/nuevodigitaldeescobar.com.ar\/#organization","name":"Nuevo Digital de Escobar","url":"https:\/\/nuevodigitaldeescobar.com.ar\/","logo":{"@type":"ImageObject","inLanguage":"es","@id":"https:\/\/nuevodigitaldeescobar.com.ar\/#\/schema\/logo\/image\/","url":"https:\/\/nuevodigitaldeescobar.com.ar\/wp-content\/uploads\/2025\/05\/cropped-logo-nuevo2.jpg","contentUrl":"https:\/\/nuevodigitaldeescobar.com.ar\/wp-content\/uploads\/2025\/05\/cropped-logo-nuevo2.jpg","width":305,"height":305,"caption":"Nuevo Digital de Escobar"},"image":{"@id":"https:\/\/nuevodigitaldeescobar.com.ar\/#\/schema\/logo\/image\/"},"sameAs":["https:\/\/www.facebook.com\/NUEVODigitalDeEscobar","https:\/\/x.com\/nuevodigescobar","https:\/\/www.instagram.com\/nuevodigitaldeescobar"]},{"@type":"Person","@id":"https:\/\/nuevodigitaldeescobar.com.ar\/#\/schema\/person\/035e90a8efe9a80e6eec22656ad6ea4c","name":"Redacci\u00f3n","image":{"@type":"ImageObject","inLanguage":"es","@id":"https:\/\/nuevodigitaldeescobar.com.ar\/#\/schema\/person\/image\/","url":"https:\/\/secure.gravatar.com\/avatar\/8af8f40000c24e9eef3034f2be5998a372bb1389e64b1a4a36b3a7979142220d?s=96&d=mm&r=g","contentUrl":"https:\/\/secure.gravatar.com\/avatar\/8af8f40000c24e9eef3034f2be5998a372bb1389e64b1a4a36b3a7979142220d?s=96&d=mm&r=g","caption":"Redacci\u00f3n"},"sameAs":["http:\/\/nuevodigitaldeescobar.com.ar"],"url":"https:\/\/nuevodigitaldeescobar.com.ar\/?author=1"}]}},"featured_image_urls":{"full":["https:\/\/nuevodigitaldeescobar.com.ar\/wp-content\/uploads\/2025\/10\/whatsapp_image_2025_10_10_at_10_32_48.jpeg",1280,854,false],"thumbnail":["https:\/\/nuevodigitaldeescobar.com.ar\/wp-content\/uploads\/2025\/10\/whatsapp_image_2025_10_10_at_10_32_48-150x150.jpeg",150,150,true],"medium":["https:\/\/nuevodigitaldeescobar.com.ar\/wp-content\/uploads\/2025\/10\/whatsapp_image_2025_10_10_at_10_32_48-300x200.jpeg",300,200,true],"medium_large":["https:\/\/nuevodigitaldeescobar.com.ar\/wp-content\/uploads\/2025\/10\/whatsapp_image_2025_10_10_at_10_32_48-768x512.jpeg",640,427,true],"large":["https:\/\/nuevodigitaldeescobar.com.ar\/wp-content\/uploads\/2025\/10\/whatsapp_image_2025_10_10_at_10_32_48-1024x683.jpeg",640,427,true],"1536x1536":["https:\/\/nuevodigitaldeescobar.com.ar\/wp-content\/uploads\/2025\/10\/whatsapp_image_2025_10_10_at_10_32_48.jpeg",1280,854,false],"2048x2048":["https:\/\/nuevodigitaldeescobar.com.ar\/wp-content\/uploads\/2025\/10\/whatsapp_image_2025_10_10_at_10_32_48.jpeg",1280,854,false]},"author_info":{"display_name":"Redacci\u00f3n","author_link":"https:\/\/nuevodigitaldeescobar.com.ar\/?author=1"},"category_info":"<a href=\"https:\/\/nuevodigitaldeescobar.com.ar\/?cat=7\" rel=\"category\">Inter\u00e9s general<\/a>","tag_info":"Inter\u00e9s general","comment_count":"0","_links":{"self":[{"href":"https:\/\/nuevodigitaldeescobar.com.ar\/index.php?rest_route=\/wp\/v2\/posts\/18432","targetHints":{"allow":["GET"]}}],"collection":[{"href":"https:\/\/nuevodigitaldeescobar.com.ar\/index.php?rest_route=\/wp\/v2\/posts"}],"about":[{"href":"https:\/\/nuevodigitaldeescobar.com.ar\/index.php?rest_route=\/wp\/v2\/types\/post"}],"author":[{"embeddable":true,"href":"https:\/\/nuevodigitaldeescobar.com.ar\/index.php?rest_route=\/wp\/v2\/users\/1"}],"replies":[{"embeddable":true,"href":"https:\/\/nuevodigitaldeescobar.com.ar\/index.php?rest_route=%2Fwp%2Fv2%2Fcomments&post=18432"}],"version-history":[{"count":1,"href":"https:\/\/nuevodigitaldeescobar.com.ar\/index.php?rest_route=\/wp\/v2\/posts\/18432\/revisions"}],"predecessor-version":[{"id":18435,"href":"https:\/\/nuevodigitaldeescobar.com.ar\/index.php?rest_route=\/wp\/v2\/posts\/18432\/revisions\/18435"}],"wp:featuredmedia":[{"embeddable":true,"href":"https:\/\/nuevodigitaldeescobar.com.ar\/index.php?rest_route=\/wp\/v2\/media\/18434"}],"wp:attachment":[{"href":"https:\/\/nuevodigitaldeescobar.com.ar\/index.php?rest_route=%2Fwp%2Fv2%2Fmedia&parent=18432"}],"wp:term":[{"taxonomy":"category","embeddable":true,"href":"https:\/\/nuevodigitaldeescobar.com.ar\/index.php?rest_route=%2Fwp%2Fv2%2Fcategories&post=18432"},{"taxonomy":"post_tag","embeddable":true,"href":"https:\/\/nuevodigitaldeescobar.com.ar\/index.php?rest_route=%2Fwp%2Fv2%2Ftags&post=18432"}],"curies":[{"name":"wp","href":"https:\/\/api.w.org\/{rel}","templated":true}]}}