{"id":18447,"date":"2025-10-14T08:26:00","date_gmt":"2025-10-14T11:26:00","guid":{"rendered":"https:\/\/nuevodigitaldeescobar.com.ar\/?p=18447"},"modified":"2025-10-14T09:33:05","modified_gmt":"2025-10-14T12:33:05","slug":"doble-femicidio-secuestro-y-horror-otro-caso-que-expone-el-fracaso-de-las-medidas-de-proteccion","status":"publish","type":"post","link":"https:\/\/nuevodigitaldeescobar.com.ar\/?p=18447","title":{"rendered":"Doble femicidio, secuestro y horror: otro caso que expone el fracaso de las medidas de protecci\u00f3n"},"content":{"rendered":"\n<p><strong><em>Por Germ\u00e1n Grams<\/em><\/strong><\/p>\n\n\n\n<p class=\"has-vivid-cyan-blue-color has-text-color has-link-color wp-elements-88b3f9c52d170dfc41fd547cc0e442bd\"><em><strong>El caso del uruguayo Pablo Laurta volvi\u00f3 a poner en evidencia una realidad que se repite una y otra vez en la Argentina: las mujeres denuncian, piden ayuda, pero el final siempre es el mismo. Ni los botones antip\u00e1nico, ni las \u00f3rdenes de restricci\u00f3n, ni las advertencias judiciales impidieron una nueva tragedia.<\/strong><\/em><\/p>\n\n\n\n<!--more-->\n\n\n\n<p>Esta vez, el desenlace fue doblemente atroz.<br>En la ciudad cordobesa de <strong>Villa Rivera Indarte<\/strong>, <strong>Luna Giardina<\/strong>, de 30 a\u00f1os, y su madre <strong>Mariel Zamudio<\/strong> fueron asesinadas a balazos el pasado 8 de octubre. El agresor, Pablo Laurta, ex pareja de Luna, hab\u00eda sido denunciado en m\u00faltiples oportunidades por acoso, amenazas y hostigamiento. Nada de eso alcanz\u00f3 para detenerlo.<\/p>\n\n\n\n<h3 class=\"wp-block-heading has-text-color has-link-color wp-elements-7689b24e7e5d3fa93ccbfbb559979262\" style=\"color:#221fb6\">\ud83d\udd39 Un c\u00edrculo de violencia que termin\u00f3 en tragedia<\/h3>\n\n\n\n<p>Los vecinos de la v\u00edctima aseguran que Laurta merodeaba la casa con frecuencia, vigilaba sus movimientos y se mostraba cada vez m\u00e1s violento.<br>Luna hab\u00eda recurrido a la Justicia varias veces, pero como sucede en tantos otros casos, las medidas de seguridad no funcionaron.<br>Ni el bot\u00f3n de p\u00e1nico, ni la restricci\u00f3n perimetral, ni las denuncias previas impidieron el ataque.<\/p>\n\n\n\n<p><em>\u201cElla ten\u00eda miedo, lo hab\u00eda dicho muchas veces. Pero nadie la escuch\u00f3\u201d<\/em>, relat\u00f3 una vecina.<\/p>\n\n\n\n<p>Tras cometer los femicidios, Laurta <strong>escap\u00f3 con su hijo de cinco a\u00f1os<\/strong>, activando el <strong>Alerta Sof\u00eda<\/strong> y un amplio operativo de b\u00fasqueda nacional.<\/p>\n\n\n\n<h3 class=\"wp-block-heading has-text-color has-link-color wp-elements-2cc6a97d58006ece3a19c78b4ba0ced0\" style=\"color:#221fb6\">\ud83d\udd39 Un crimen con m\u00faltiples v\u00edctimas<\/h3>\n\n\n\n<p>En su fuga, el sospechoso habr\u00eda <strong>contratado a un remisero, Mart\u00edn Sebasti\u00e1n Palacio<\/strong>, en la localidad entrerriana de San Salvador, para que lo trasladara hacia C\u00f3rdoba.<br>Poco despu\u00e9s, <strong>Palacio desapareci\u00f3<\/strong>, y su veh\u00edculo fue hallado <strong>incendiado en Villa Retiro<\/strong>, en un hecho que tambi\u00e9n afect\u00f3 a otros 14 autos y oblig\u00f3 a evacuar a m\u00e1s de 130 personas.<\/p>\n\n\n\n<p>Las c\u00e1maras de seguridad registraron a Laurta y Palacio juntos antes del viaje, lo que refuerza la hip\u00f3tesis de que <strong>el remisero fue otra v\u00edctima<\/strong> del agresor.<br>D\u00edas m\u00e1s tarde, un cuerpo <strong>decapitado y mutilado<\/strong> fue encontrado en la zona rural de <strong>Concordia<\/strong>. Los peritos trabajan para confirmar, mediante ADN, si pertenece al chofer desaparecido.<\/p>\n\n\n\n<h3 class=\"wp-block-heading has-text-color has-link-color wp-elements-67e789dda0dd627213f00b084c746629\" style=\"color:#221fb6\">\ud83d\udd39 Detenci\u00f3n y hallazgos clave<\/h3>\n\n\n\n<p>El domingo, tras una intensa b\u00fasqueda, <strong>Laurta fue detenido en un hotel de Gualeguaych\u00fa<\/strong> junto a su hijo, quien fue rescatado en buen estado de salud.<br>En la habitaci\u00f3n donde lo encontraron, los investigadores incautaron un arma de fuego, varios tel\u00e9fonos celulares, una importante suma de d\u00f3lares y la billetera del remisero desaparecido.<\/p>\n\n\n\n<p>Tambi\u00e9n se recuperaron videos y comunicaciones que demostrar\u00edan que <strong>exist\u00eda un v\u00ednculo previo entre el agresor y Palacio<\/strong>, lo que podr\u00eda confirmar la hip\u00f3tesis de un crimen planificado.<\/p>\n\n\n\n<h3 class=\"wp-block-heading has-text-color has-link-color wp-elements-f8bbf22ea9be15a4b3d2bd44432af752\" style=\"color:#221fb6\">\ud83d\udd39 La justicia que llega tarde<\/h3>\n\n\n\n<p>Pablo Laurta est\u00e1 imputado por <strong>doble femicidio agravado y sustracci\u00f3n de menores<\/strong> en C\u00f3rdoba, mientras que la justicia entrerriana lo investiga por <strong>homicidio y desaparici\u00f3n forzada<\/strong>.<br>El caso vuelve a reflejar una falla estructural: <strong>la falta de eficacia en los mecanismos de protecci\u00f3n a las v\u00edctimas de violencia de g\u00e9nero<\/strong>.<br>Las medidas existen, pero <strong>no se controlan ni se hacen cumplir<\/strong>. Y mientras tanto, los nombres de Luna y Mariel se suman a una lista que no deja de crecer.<\/p>\n\n\n\n<p>Este martes, el hijo de Luna \u2014rescatado tras la detenci\u00f3n\u2014 cumple seis a\u00f1os. Crecer\u00e1 con el peso de una historia marcada por la violencia, el dolor y la indiferencia de un sistema que, una vez m\u00e1s, no lleg\u00f3 a tiempo.<\/p>\n\n\n\n<p><\/p>\n","protected":false},"excerpt":{"rendered":"<p>Por Germ\u00e1n Grams El caso del uruguayo Pablo Laurta volvi\u00f3 a poner en evidencia una realidad que se repite una y otra vez en la [&hellip;]<\/p>\n","protected":false},"author":1,"featured_media":18448,"comment_status":"open","ping_status":"open","sticky":false,"template":"","format":"standard","meta":{"footnotes":""},"categories":[13],"tags":[],"class_list":["post-18447","post","type-post","status-publish","format-standard","has-post-thumbnail","hentry","category-policiales"],"better_featured_image":{"id":18448,"alt_text":"","caption":"","description":"","media_type":"image","media_details":{"width":737,"height":417,"file":"2025\/10\/laurta3.png","filesize":402097,"sizes":{"medium":{"file":"laurta3-300x170.png","width":300,"height":170,"mime-type":"image\/png","filesize":42640,"source_url":"https:\/\/nuevodigitaldeescobar.com.ar\/wp-content\/uploads\/2025\/10\/laurta3-300x170.png"},"thumbnail":{"file":"laurta3-150x150.png","width":150,"height":150,"mime-type":"image\/png","filesize":21256,"source_url":"https:\/\/nuevodigitaldeescobar.com.ar\/wp-content\/uploads\/2025\/10\/laurta3-150x150.png"}},"image_meta":{"aperture":"0","credit":"","camera":"","caption":"","created_timestamp":"0","copyright":"","focal_length":"0","iso":"0","shutter_speed":"0","title":"","orientation":"0","keywords":[]}},"post":18447,"source_url":"https:\/\/nuevodigitaldeescobar.com.ar\/wp-content\/uploads\/2025\/10\/laurta3.png"},"yoast_head":"<!-- This site is optimized with the Yoast SEO plugin v26.1.1 - https:\/\/yoast.com\/wordpress\/plugins\/seo\/ -->\n<title>Doble femicidio, secuestro y horror: otro caso que expone el fracaso de las medidas de protecci\u00f3n - Nuevo Digital de Escobar<\/title>\n<meta name=\"robots\" content=\"index, follow, max-snippet:-1, max-image-preview:large, max-video-preview:-1\" \/>\n<link rel=\"canonical\" href=\"https:\/\/nuevodigitaldeescobar.com.ar\/?p=18447\" \/>\n<meta property=\"og:locale\" content=\"es_ES\" \/>\n<meta property=\"og:type\" content=\"article\" \/>\n<meta property=\"og:title\" content=\"Doble femicidio, secuestro y horror: otro caso que expone el fracaso de las medidas de protecci\u00f3n - Nuevo Digital de Escobar\" \/>\n<meta property=\"og:description\" content=\"Por Germ\u00e1n Grams El caso del uruguayo Pablo Laurta volvi\u00f3 a poner en evidencia una realidad que se repite una y otra vez en la [&hellip;]\" \/>\n<meta property=\"og:url\" content=\"https:\/\/nuevodigitaldeescobar.com.ar\/?p=18447\" \/>\n<meta property=\"og:site_name\" content=\"Nuevo Digital de Escobar\" \/>\n<meta property=\"article:publisher\" content=\"https:\/\/www.facebook.com\/NUEVODigitalDeEscobar\" \/>\n<meta property=\"article:published_time\" content=\"2025-10-14T11:26:00+00:00\" \/>\n<meta property=\"article:modified_time\" content=\"2025-10-14T12:33:05+00:00\" \/>\n<meta property=\"og:image\" content=\"http:\/\/nuevodigitaldeescobar.com.ar\/wp-content\/uploads\/2025\/10\/laurta3.png\" \/>\n\t<meta property=\"og:image:width\" content=\"737\" \/>\n\t<meta property=\"og:image:height\" content=\"417\" \/>\n\t<meta property=\"og:image:type\" content=\"image\/png\" \/>\n<meta name=\"author\" content=\"Redacci\u00f3n\" \/>\n<meta name=\"twitter:card\" content=\"summary_large_image\" \/>\n<meta name=\"twitter:creator\" content=\"@nuevodigescobar\" \/>\n<meta name=\"twitter:site\" content=\"@nuevodigescobar\" \/>\n<meta name=\"twitter:label1\" content=\"Escrito por\" \/>\n\t<meta name=\"twitter:data1\" content=\"Redacci\u00f3n\" \/>\n\t<meta name=\"twitter:label2\" content=\"Tiempo de lectura\" \/>\n\t<meta name=\"twitter:data2\" content=\"3 minutos\" \/>\n<script type=\"application\/ld+json\" class=\"yoast-schema-graph\">{\"@context\":\"https:\/\/schema.org\",\"@graph\":[{\"@type\":\"Article\",\"@id\":\"https:\/\/nuevodigitaldeescobar.com.ar\/?p=18447#article\",\"isPartOf\":{\"@id\":\"https:\/\/nuevodigitaldeescobar.com.ar\/?p=18447\"},\"author\":{\"name\":\"Redacci\u00f3n\",\"@id\":\"https:\/\/nuevodigitaldeescobar.com.ar\/#\/schema\/person\/035e90a8efe9a80e6eec22656ad6ea4c\"},\"headline\":\"Doble femicidio, secuestro y horror: otro caso que expone el fracaso de las medidas de protecci\u00f3n\",\"datePublished\":\"2025-10-14T11:26:00+00:00\",\"dateModified\":\"2025-10-14T12:33:05+00:00\",\"mainEntityOfPage\":{\"@id\":\"https:\/\/nuevodigitaldeescobar.com.ar\/?p=18447\"},\"wordCount\":614,\"commentCount\":0,\"publisher\":{\"@id\":\"https:\/\/nuevodigitaldeescobar.com.ar\/#organization\"},\"image\":{\"@id\":\"https:\/\/nuevodigitaldeescobar.com.ar\/?p=18447#primaryimage\"},\"thumbnailUrl\":\"https:\/\/nuevodigitaldeescobar.com.ar\/wp-content\/uploads\/2025\/10\/laurta3.png\",\"articleSection\":[\"Policiales\"],\"inLanguage\":\"es\",\"potentialAction\":[{\"@type\":\"CommentAction\",\"name\":\"Comment\",\"target\":[\"https:\/\/nuevodigitaldeescobar.com.ar\/?p=18447#respond\"]}]},{\"@type\":\"WebPage\",\"@id\":\"https:\/\/nuevodigitaldeescobar.com.ar\/?p=18447\",\"url\":\"https:\/\/nuevodigitaldeescobar.com.ar\/?p=18447\",\"name\":\"Doble femicidio, secuestro y horror: otro caso que expone el fracaso de las medidas de protecci\u00f3n - Nuevo Digital de Escobar\",\"isPartOf\":{\"@id\":\"https:\/\/nuevodigitaldeescobar.com.ar\/#website\"},\"primaryImageOfPage\":{\"@id\":\"https:\/\/nuevodigitaldeescobar.com.ar\/?p=18447#primaryimage\"},\"image\":{\"@id\":\"https:\/\/nuevodigitaldeescobar.com.ar\/?p=18447#primaryimage\"},\"thumbnailUrl\":\"https:\/\/nuevodigitaldeescobar.com.ar\/wp-content\/uploads\/2025\/10\/laurta3.png\",\"datePublished\":\"2025-10-14T11:26:00+00:00\",\"dateModified\":\"2025-10-14T12:33:05+00:00\",\"breadcrumb\":{\"@id\":\"https:\/\/nuevodigitaldeescobar.com.ar\/?p=18447#breadcrumb\"},\"inLanguage\":\"es\",\"potentialAction\":[{\"@type\":\"ReadAction\",\"target\":[\"https:\/\/nuevodigitaldeescobar.com.ar\/?p=18447\"]}]},{\"@type\":\"ImageObject\",\"inLanguage\":\"es\",\"@id\":\"https:\/\/nuevodigitaldeescobar.com.ar\/?p=18447#primaryimage\",\"url\":\"https:\/\/nuevodigitaldeescobar.com.ar\/wp-content\/uploads\/2025\/10\/laurta3.png\",\"contentUrl\":\"https:\/\/nuevodigitaldeescobar.com.ar\/wp-content\/uploads\/2025\/10\/laurta3.png\",\"width\":737,\"height\":417},{\"@type\":\"BreadcrumbList\",\"@id\":\"https:\/\/nuevodigitaldeescobar.com.ar\/?p=18447#breadcrumb\",\"itemListElement\":[{\"@type\":\"ListItem\",\"position\":1,\"name\":\"Portada\",\"item\":\"https:\/\/nuevodigitaldeescobar.com.ar\/\"},{\"@type\":\"ListItem\",\"position\":2,\"name\":\"Doble femicidio, secuestro y horror: otro caso que expone el fracaso de las medidas de protecci\u00f3n\"}]},{\"@type\":\"WebSite\",\"@id\":\"https:\/\/nuevodigitaldeescobar.com.ar\/#website\",\"url\":\"https:\/\/nuevodigitaldeescobar.com.ar\/\",\"name\":\"Nuevo Digital de Escobar\",\"description\":\"La vida escobarense. Directora: Rosana Brunner\",\"publisher\":{\"@id\":\"https:\/\/nuevodigitaldeescobar.com.ar\/#organization\"},\"potentialAction\":[{\"@type\":\"SearchAction\",\"target\":{\"@type\":\"EntryPoint\",\"urlTemplate\":\"https:\/\/nuevodigitaldeescobar.com.ar\/?s={search_term_string}\"},\"query-input\":{\"@type\":\"PropertyValueSpecification\",\"valueRequired\":true,\"valueName\":\"search_term_string\"}}],\"inLanguage\":\"es\"},{\"@type\":\"Organization\",\"@id\":\"https:\/\/nuevodigitaldeescobar.com.ar\/#organization\",\"name\":\"Nuevo Digital de Escobar\",\"url\":\"https:\/\/nuevodigitaldeescobar.com.ar\/\",\"logo\":{\"@type\":\"ImageObject\",\"inLanguage\":\"es\",\"@id\":\"https:\/\/nuevodigitaldeescobar.com.ar\/#\/schema\/logo\/image\/\",\"url\":\"https:\/\/nuevodigitaldeescobar.com.ar\/wp-content\/uploads\/2025\/05\/cropped-logo-nuevo2.jpg\",\"contentUrl\":\"https:\/\/nuevodigitaldeescobar.com.ar\/wp-content\/uploads\/2025\/05\/cropped-logo-nuevo2.jpg\",\"width\":305,\"height\":305,\"caption\":\"Nuevo Digital de Escobar\"},\"image\":{\"@id\":\"https:\/\/nuevodigitaldeescobar.com.ar\/#\/schema\/logo\/image\/\"},\"sameAs\":[\"https:\/\/www.facebook.com\/NUEVODigitalDeEscobar\",\"https:\/\/x.com\/nuevodigescobar\",\"https:\/\/www.instagram.com\/nuevodigitaldeescobar\"]},{\"@type\":\"Person\",\"@id\":\"https:\/\/nuevodigitaldeescobar.com.ar\/#\/schema\/person\/035e90a8efe9a80e6eec22656ad6ea4c\",\"name\":\"Redacci\u00f3n\",\"image\":{\"@type\":\"ImageObject\",\"inLanguage\":\"es\",\"@id\":\"https:\/\/nuevodigitaldeescobar.com.ar\/#\/schema\/person\/image\/\",\"url\":\"https:\/\/secure.gravatar.com\/avatar\/8af8f40000c24e9eef3034f2be5998a372bb1389e64b1a4a36b3a7979142220d?s=96&d=mm&r=g\",\"contentUrl\":\"https:\/\/secure.gravatar.com\/avatar\/8af8f40000c24e9eef3034f2be5998a372bb1389e64b1a4a36b3a7979142220d?s=96&d=mm&r=g\",\"caption\":\"Redacci\u00f3n\"},\"sameAs\":[\"http:\/\/nuevodigitaldeescobar.com.ar\"],\"url\":\"https:\/\/nuevodigitaldeescobar.com.ar\/?author=1\"}]}<\/script>\n<!-- \/ Yoast SEO plugin. -->","yoast_head_json":{"title":"Doble femicidio, secuestro y horror: otro caso que expone el fracaso de las medidas de protecci\u00f3n - Nuevo Digital de Escobar","robots":{"index":"index","follow":"follow","max-snippet":"max-snippet:-1","max-image-preview":"max-image-preview:large","max-video-preview":"max-video-preview:-1"},"canonical":"https:\/\/nuevodigitaldeescobar.com.ar\/?p=18447","og_locale":"es_ES","og_type":"article","og_title":"Doble femicidio, secuestro y horror: otro caso que expone el fracaso de las medidas de protecci\u00f3n - Nuevo Digital de Escobar","og_description":"Por Germ\u00e1n Grams El caso del uruguayo Pablo Laurta volvi\u00f3 a poner en evidencia una realidad que se repite una y otra vez en la [&hellip;]","og_url":"https:\/\/nuevodigitaldeescobar.com.ar\/?p=18447","og_site_name":"Nuevo Digital de Escobar","article_publisher":"https:\/\/www.facebook.com\/NUEVODigitalDeEscobar","article_published_time":"2025-10-14T11:26:00+00:00","article_modified_time":"2025-10-14T12:33:05+00:00","og_image":[{"width":737,"height":417,"url":"http:\/\/nuevodigitaldeescobar.com.ar\/wp-content\/uploads\/2025\/10\/laurta3.png","type":"image\/png"}],"author":"Redacci\u00f3n","twitter_card":"summary_large_image","twitter_creator":"@nuevodigescobar","twitter_site":"@nuevodigescobar","twitter_misc":{"Escrito por":"Redacci\u00f3n","Tiempo de lectura":"3 minutos"},"schema":{"@context":"https:\/\/schema.org","@graph":[{"@type":"Article","@id":"https:\/\/nuevodigitaldeescobar.com.ar\/?p=18447#article","isPartOf":{"@id":"https:\/\/nuevodigitaldeescobar.com.ar\/?p=18447"},"author":{"name":"Redacci\u00f3n","@id":"https:\/\/nuevodigitaldeescobar.com.ar\/#\/schema\/person\/035e90a8efe9a80e6eec22656ad6ea4c"},"headline":"Doble femicidio, secuestro y horror: otro caso que expone el fracaso de las medidas de protecci\u00f3n","datePublished":"2025-10-14T11:26:00+00:00","dateModified":"2025-10-14T12:33:05+00:00","mainEntityOfPage":{"@id":"https:\/\/nuevodigitaldeescobar.com.ar\/?p=18447"},"wordCount":614,"commentCount":0,"publisher":{"@id":"https:\/\/nuevodigitaldeescobar.com.ar\/#organization"},"image":{"@id":"https:\/\/nuevodigitaldeescobar.com.ar\/?p=18447#primaryimage"},"thumbnailUrl":"https:\/\/nuevodigitaldeescobar.com.ar\/wp-content\/uploads\/2025\/10\/laurta3.png","articleSection":["Policiales"],"inLanguage":"es","potentialAction":[{"@type":"CommentAction","name":"Comment","target":["https:\/\/nuevodigitaldeescobar.com.ar\/?p=18447#respond"]}]},{"@type":"WebPage","@id":"https:\/\/nuevodigitaldeescobar.com.ar\/?p=18447","url":"https:\/\/nuevodigitaldeescobar.com.ar\/?p=18447","name":"Doble femicidio, secuestro y horror: otro caso que expone el fracaso de las medidas de protecci\u00f3n - Nuevo Digital de Escobar","isPartOf":{"@id":"https:\/\/nuevodigitaldeescobar.com.ar\/#website"},"primaryImageOfPage":{"@id":"https:\/\/nuevodigitaldeescobar.com.ar\/?p=18447#primaryimage"},"image":{"@id":"https:\/\/nuevodigitaldeescobar.com.ar\/?p=18447#primaryimage"},"thumbnailUrl":"https:\/\/nuevodigitaldeescobar.com.ar\/wp-content\/uploads\/2025\/10\/laurta3.png","datePublished":"2025-10-14T11:26:00+00:00","dateModified":"2025-10-14T12:33:05+00:00","breadcrumb":{"@id":"https:\/\/nuevodigitaldeescobar.com.ar\/?p=18447#breadcrumb"},"inLanguage":"es","potentialAction":[{"@type":"ReadAction","target":["https:\/\/nuevodigitaldeescobar.com.ar\/?p=18447"]}]},{"@type":"ImageObject","inLanguage":"es","@id":"https:\/\/nuevodigitaldeescobar.com.ar\/?p=18447#primaryimage","url":"https:\/\/nuevodigitaldeescobar.com.ar\/wp-content\/uploads\/2025\/10\/laurta3.png","contentUrl":"https:\/\/nuevodigitaldeescobar.com.ar\/wp-content\/uploads\/2025\/10\/laurta3.png","width":737,"height":417},{"@type":"BreadcrumbList","@id":"https:\/\/nuevodigitaldeescobar.com.ar\/?p=18447#breadcrumb","itemListElement":[{"@type":"ListItem","position":1,"name":"Portada","item":"https:\/\/nuevodigitaldeescobar.com.ar\/"},{"@type":"ListItem","position":2,"name":"Doble femicidio, secuestro y horror: otro caso que expone el fracaso de las medidas de protecci\u00f3n"}]},{"@type":"WebSite","@id":"https:\/\/nuevodigitaldeescobar.com.ar\/#website","url":"https:\/\/nuevodigitaldeescobar.com.ar\/","name":"Nuevo Digital de Escobar","description":"La vida escobarense. Directora: Rosana Brunner","publisher":{"@id":"https:\/\/nuevodigitaldeescobar.com.ar\/#organization"},"potentialAction":[{"@type":"SearchAction","target":{"@type":"EntryPoint","urlTemplate":"https:\/\/nuevodigitaldeescobar.com.ar\/?s={search_term_string}"},"query-input":{"@type":"PropertyValueSpecification","valueRequired":true,"valueName":"search_term_string"}}],"inLanguage":"es"},{"@type":"Organization","@id":"https:\/\/nuevodigitaldeescobar.com.ar\/#organization","name":"Nuevo Digital de Escobar","url":"https:\/\/nuevodigitaldeescobar.com.ar\/","logo":{"@type":"ImageObject","inLanguage":"es","@id":"https:\/\/nuevodigitaldeescobar.com.ar\/#\/schema\/logo\/image\/","url":"https:\/\/nuevodigitaldeescobar.com.ar\/wp-content\/uploads\/2025\/05\/cropped-logo-nuevo2.jpg","contentUrl":"https:\/\/nuevodigitaldeescobar.com.ar\/wp-content\/uploads\/2025\/05\/cropped-logo-nuevo2.jpg","width":305,"height":305,"caption":"Nuevo Digital de Escobar"},"image":{"@id":"https:\/\/nuevodigitaldeescobar.com.ar\/#\/schema\/logo\/image\/"},"sameAs":["https:\/\/www.facebook.com\/NUEVODigitalDeEscobar","https:\/\/x.com\/nuevodigescobar","https:\/\/www.instagram.com\/nuevodigitaldeescobar"]},{"@type":"Person","@id":"https:\/\/nuevodigitaldeescobar.com.ar\/#\/schema\/person\/035e90a8efe9a80e6eec22656ad6ea4c","name":"Redacci\u00f3n","image":{"@type":"ImageObject","inLanguage":"es","@id":"https:\/\/nuevodigitaldeescobar.com.ar\/#\/schema\/person\/image\/","url":"https:\/\/secure.gravatar.com\/avatar\/8af8f40000c24e9eef3034f2be5998a372bb1389e64b1a4a36b3a7979142220d?s=96&d=mm&r=g","contentUrl":"https:\/\/secure.gravatar.com\/avatar\/8af8f40000c24e9eef3034f2be5998a372bb1389e64b1a4a36b3a7979142220d?s=96&d=mm&r=g","caption":"Redacci\u00f3n"},"sameAs":["http:\/\/nuevodigitaldeescobar.com.ar"],"url":"https:\/\/nuevodigitaldeescobar.com.ar\/?author=1"}]}},"featured_image_urls":{"full":["https:\/\/nuevodigitaldeescobar.com.ar\/wp-content\/uploads\/2025\/10\/laurta3.png",737,417,false],"thumbnail":["https:\/\/nuevodigitaldeescobar.com.ar\/wp-content\/uploads\/2025\/10\/laurta3-150x150.png",150,150,true],"medium":["https:\/\/nuevodigitaldeescobar.com.ar\/wp-content\/uploads\/2025\/10\/laurta3-300x170.png",300,170,true],"medium_large":["https:\/\/nuevodigitaldeescobar.com.ar\/wp-content\/uploads\/2025\/10\/laurta3.png",640,362,false],"large":["https:\/\/nuevodigitaldeescobar.com.ar\/wp-content\/uploads\/2025\/10\/laurta3.png",640,362,false],"1536x1536":["https:\/\/nuevodigitaldeescobar.com.ar\/wp-content\/uploads\/2025\/10\/laurta3.png",737,417,false],"2048x2048":["https:\/\/nuevodigitaldeescobar.com.ar\/wp-content\/uploads\/2025\/10\/laurta3.png",737,417,false]},"author_info":{"display_name":"Redacci\u00f3n","author_link":"https:\/\/nuevodigitaldeescobar.com.ar\/?author=1"},"category_info":"<a href=\"https:\/\/nuevodigitaldeescobar.com.ar\/?cat=13\" rel=\"category\">Policiales<\/a>","tag_info":"Policiales","comment_count":"0","_links":{"self":[{"href":"https:\/\/nuevodigitaldeescobar.com.ar\/index.php?rest_route=\/wp\/v2\/posts\/18447","targetHints":{"allow":["GET"]}}],"collection":[{"href":"https:\/\/nuevodigitaldeescobar.com.ar\/index.php?rest_route=\/wp\/v2\/posts"}],"about":[{"href":"https:\/\/nuevodigitaldeescobar.com.ar\/index.php?rest_route=\/wp\/v2\/types\/post"}],"author":[{"embeddable":true,"href":"https:\/\/nuevodigitaldeescobar.com.ar\/index.php?rest_route=\/wp\/v2\/users\/1"}],"replies":[{"embeddable":true,"href":"https:\/\/nuevodigitaldeescobar.com.ar\/index.php?rest_route=%2Fwp%2Fv2%2Fcomments&post=18447"}],"version-history":[{"count":2,"href":"https:\/\/nuevodigitaldeescobar.com.ar\/index.php?rest_route=\/wp\/v2\/posts\/18447\/revisions"}],"predecessor-version":[{"id":18451,"href":"https:\/\/nuevodigitaldeescobar.com.ar\/index.php?rest_route=\/wp\/v2\/posts\/18447\/revisions\/18451"}],"wp:featuredmedia":[{"embeddable":true,"href":"https:\/\/nuevodigitaldeescobar.com.ar\/index.php?rest_route=\/wp\/v2\/media\/18448"}],"wp:attachment":[{"href":"https:\/\/nuevodigitaldeescobar.com.ar\/index.php?rest_route=%2Fwp%2Fv2%2Fmedia&parent=18447"}],"wp:term":[{"taxonomy":"category","embeddable":true,"href":"https:\/\/nuevodigitaldeescobar.com.ar\/index.php?rest_route=%2Fwp%2Fv2%2Fcategories&post=18447"},{"taxonomy":"post_tag","embeddable":true,"href":"https:\/\/nuevodigitaldeescobar.com.ar\/index.php?rest_route=%2Fwp%2Fv2%2Ftags&post=18447"}],"curies":[{"name":"wp","href":"https:\/\/api.w.org\/{rel}","templated":true}]}}