{"id":18484,"date":"2025-10-16T22:22:48","date_gmt":"2025-10-17T01:22:48","guid":{"rendered":"https:\/\/nuevodigitaldeescobar.com.ar\/?p=18484"},"modified":"2025-10-16T22:22:53","modified_gmt":"2025-10-17T01:22:53","slug":"menem-finalmente-remitio-la-reforma-de-los-dnu-al-senado-pero-creen-que-no-se-tratara-antes-de-las-elecciones","status":"publish","type":"post","link":"https:\/\/nuevodigitaldeescobar.com.ar\/?p=18484","title":{"rendered":"Menem finalmente remiti\u00f3 la reforma de los DNU al Senado pero creen que no se tratar\u00e1 antes de las elecciones"},"content":{"rendered":"\n<p class=\"has-vivid-cyan-blue-color has-text-color has-link-color wp-elements-5ce7a1245deeeae3b83aec3508896ebd\"><em><strong>Despu\u00e9s de d\u00edas de cr\u00edticas y presiones desde la oposici\u00f3n, Mart\u00edn Menem, como presidente de la C\u00e1mara de Diputados, envi\u00f3 hoy al Senado el proyecto que limita el uso de los decretos de necesidad y urgencia (DNU). Sin embargo, seg\u00fan fuentes parlamentarias, las modificaciones y demoras previsibles hacen poco probable que la norma sea debatida antes de las elecciones del 26 de octubre.<\/strong><\/em><\/p>\n\n\n\n<!--more-->\n\n\n\n<p>La reforma hab\u00eda sido aprobada recientemente en Diputados, pero un art\u00edculo central fue rechazado, por lo que deb\u00eda regresar al Senado para que decidiera si insistir en la versi\u00f3n original o aceptar los cambios. La demora en girar el expediente gener\u00f3 fuertes cuestionamientos de la oposici\u00f3n, que acus\u00f3 a Menem de \u201ccajonear\u201d el proyecto para evitar una sesi\u00f3n conflictiva que pudiera debilitar al Gobierno.<\/p>\n\n\n\n<p>Con el proyecto ya en manos del Senado, ser\u00e1 derivado a la <strong>Comisi\u00f3n de Asuntos Institucionales<\/strong>, presidida por la senadora <strong>Alejandra Vigo<\/strong> del bloque Provincias Unidas. Desde all\u00ed se definir\u00e1 si se avanza con los cambios de Diputados o se insiste con la versi\u00f3n original.<\/p>\n\n\n\n<p>Pero todo apunta a que el debate pleno en el recinto no llegar\u00e1 antes de los comicios. En el Senado, sin dictamen de comisi\u00f3n, se requerir\u00eda una mayor\u00eda especial de <strong>dos tercios<\/strong> para tratar el proyecto \u2014una posibilidad remota en el contexto pol\u00edtico de campa\u00f1a.<\/p>\n\n\n\n<p>Mientras tanto, la oposici\u00f3n exigi\u00f3 distintas acciones. El diputado <strong>Maximiliano Ferraro<\/strong> remarc\u00f3 que Menem ten\u00eda la \u201cobligaci\u00f3n constitucional\u201d de remitir el proyecto al Senado sin dilaciones y critic\u00f3 lo que considera una estrategia del oficialismo para mantener el control y eludir debates inc\u00f3modos.<\/p>\n\n\n\n<p>Por su parte, desde la C\u00e1mara de Diputados se defendieron argumentando que no exist\u00eda un plazo legal espec\u00edfico para enviar leyes sancionadas al Senado y que las tareas t\u00e9cnicas y administrativas justificaban parte del atraso. Adem\u00e1s, explicaron que en la misma sesi\u00f3n se aprobaron otras cuestiones urgentes que tambi\u00e9n exigieron atenci\u00f3n legislativa.<\/p>\n\n\n\n<p>Con este panorama, la reforma de los DNU queda en manos del Senado pero con escasas expectativas de que el tr\u00e1mite concluya antes de las elecciones. El accionar de Menem ser\u00e1 observado como s\u00edmbolo de hasta qu\u00e9 punto el poder legislativo puede quedar ralentizado en momentos de alta tensi\u00f3n pol\u00edtica.<\/p>\n\n\n\n<p><\/p>\n","protected":false},"excerpt":{"rendered":"<p>Despu\u00e9s de d\u00edas de cr\u00edticas y presiones desde la oposici\u00f3n, Mart\u00edn Menem, como presidente de la C\u00e1mara de Diputados, envi\u00f3 hoy al Senado el proyecto [&hellip;]<\/p>\n","protected":false},"author":1,"featured_media":2716,"comment_status":"open","ping_status":"open","sticky":false,"template":"","format":"standard","meta":{"footnotes":""},"categories":[6],"tags":[],"class_list":["post-18484","post","type-post","status-publish","format-standard","has-post-thumbnail","hentry","category-politica"],"better_featured_image":{"id":2716,"alt_text":"","caption":"Mart\u00edn Menem, presidente de la C\u00e1mara de Diputados, busca acelerar el debate de la Ley \u00d3mnibus en el recinto. (Foto: Prensa C\u00e1mara de Diputados).","description":"","media_type":"image","media_details":{"width":720,"height":404,"file":"2024\/01\/martin-menem-e1705616381385.jpg","filesize":42847,"sizes":{"medium":{"file":"martin-menem-300x168.jpg","width":300,"height":168,"mime-type":"image\/jpeg","filesize":8968,"source_url":"https:\/\/nuevodigitaldeescobar.com.ar\/wp-content\/uploads\/2024\/01\/martin-menem-300x168.jpg"},"thumbnail":{"file":"martin-menem-150x150.jpg","width":150,"height":150,"mime-type":"image\/jpeg","filesize":4685,"source_url":"https:\/\/nuevodigitaldeescobar.com.ar\/wp-content\/uploads\/2024\/01\/martin-menem-150x150.jpg"},"covernews-medium":{"file":"martin-menem-540x340.jpg","width":540,"height":340,"mime-type":"image\/jpeg","filesize":22158,"source_url":"https:\/\/nuevodigitaldeescobar.com.ar\/wp-content\/uploads\/2024\/01\/martin-menem-540x340.jpg"},"covernews-medium-square":{"file":"martin-menem-400x250.jpg","width":400,"height":250,"mime-type":"image\/jpeg","filesize":14209,"source_url":"https:\/\/nuevodigitaldeescobar.com.ar\/wp-content\/uploads\/2024\/01\/martin-menem-400x250.jpg"}},"image_meta":{"aperture":"0","credit":"","camera":"","caption":"","created_timestamp":"0","copyright":"","focal_length":"0","iso":"0","shutter_speed":"0","title":"","orientation":"0","keywords":[]}},"post":2714,"source_url":"https:\/\/nuevodigitaldeescobar.com.ar\/wp-content\/uploads\/2024\/01\/martin-menem-e1705616381385.jpg"},"yoast_head":"<!-- This site is optimized with the Yoast SEO plugin v26.1.1 - https:\/\/yoast.com\/wordpress\/plugins\/seo\/ -->\n<title>Menem finalmente remiti\u00f3 la reforma de los DNU al Senado pero creen que no se tratar\u00e1 antes de las elecciones - Nuevo Digital de Escobar<\/title>\n<meta name=\"robots\" content=\"index, follow, max-snippet:-1, max-image-preview:large, max-video-preview:-1\" \/>\n<link rel=\"canonical\" href=\"https:\/\/nuevodigitaldeescobar.com.ar\/?p=18484\" \/>\n<meta property=\"og:locale\" content=\"es_ES\" \/>\n<meta property=\"og:type\" content=\"article\" \/>\n<meta property=\"og:title\" content=\"Menem finalmente remiti\u00f3 la reforma de los DNU al Senado pero creen que no se tratar\u00e1 antes de las elecciones - Nuevo Digital de Escobar\" \/>\n<meta property=\"og:description\" content=\"Despu\u00e9s de d\u00edas de cr\u00edticas y presiones desde la oposici\u00f3n, Mart\u00edn Menem, como presidente de la C\u00e1mara de Diputados, envi\u00f3 hoy al Senado el proyecto [&hellip;]\" \/>\n<meta property=\"og:url\" content=\"https:\/\/nuevodigitaldeescobar.com.ar\/?p=18484\" \/>\n<meta property=\"og:site_name\" content=\"Nuevo Digital de Escobar\" \/>\n<meta property=\"article:publisher\" content=\"https:\/\/www.facebook.com\/NUEVODigitalDeEscobar\" \/>\n<meta property=\"article:published_time\" content=\"2025-10-17T01:22:48+00:00\" \/>\n<meta property=\"article:modified_time\" content=\"2025-10-17T01:22:53+00:00\" \/>\n<meta property=\"og:image\" content=\"http:\/\/nuevodigitaldeescobar.com.ar\/wp-content\/uploads\/2024\/01\/martin-menem-e1705616381385.jpg\" \/>\n\t<meta property=\"og:image:width\" content=\"720\" \/>\n\t<meta property=\"og:image:height\" content=\"404\" \/>\n\t<meta property=\"og:image:type\" content=\"image\/jpeg\" \/>\n<meta name=\"author\" content=\"Redacci\u00f3n\" \/>\n<meta name=\"twitter:card\" content=\"summary_large_image\" \/>\n<meta name=\"twitter:creator\" content=\"@nuevodigescobar\" \/>\n<meta name=\"twitter:site\" content=\"@nuevodigescobar\" \/>\n<meta name=\"twitter:label1\" content=\"Escrito por\" \/>\n\t<meta name=\"twitter:data1\" content=\"Redacci\u00f3n\" \/>\n\t<meta name=\"twitter:label2\" content=\"Tiempo de lectura\" \/>\n\t<meta name=\"twitter:data2\" content=\"2 minutos\" \/>\n<script type=\"application\/ld+json\" class=\"yoast-schema-graph\">{\"@context\":\"https:\/\/schema.org\",\"@graph\":[{\"@type\":\"Article\",\"@id\":\"https:\/\/nuevodigitaldeescobar.com.ar\/?p=18484#article\",\"isPartOf\":{\"@id\":\"https:\/\/nuevodigitaldeescobar.com.ar\/?p=18484\"},\"author\":{\"name\":\"Redacci\u00f3n\",\"@id\":\"https:\/\/nuevodigitaldeescobar.com.ar\/#\/schema\/person\/035e90a8efe9a80e6eec22656ad6ea4c\"},\"headline\":\"Menem finalmente remiti\u00f3 la reforma de los DNU al Senado pero creen que no se tratar\u00e1 antes de las elecciones\",\"datePublished\":\"2025-10-17T01:22:48+00:00\",\"dateModified\":\"2025-10-17T01:22:53+00:00\",\"mainEntityOfPage\":{\"@id\":\"https:\/\/nuevodigitaldeescobar.com.ar\/?p=18484\"},\"wordCount\":417,\"commentCount\":0,\"publisher\":{\"@id\":\"https:\/\/nuevodigitaldeescobar.com.ar\/#organization\"},\"image\":{\"@id\":\"https:\/\/nuevodigitaldeescobar.com.ar\/?p=18484#primaryimage\"},\"thumbnailUrl\":\"https:\/\/nuevodigitaldeescobar.com.ar\/wp-content\/uploads\/2024\/01\/martin-menem-e1705616381385.jpg\",\"articleSection\":[\"Pol\u00edtica\"],\"inLanguage\":\"es\",\"potentialAction\":[{\"@type\":\"CommentAction\",\"name\":\"Comment\",\"target\":[\"https:\/\/nuevodigitaldeescobar.com.ar\/?p=18484#respond\"]}]},{\"@type\":\"WebPage\",\"@id\":\"https:\/\/nuevodigitaldeescobar.com.ar\/?p=18484\",\"url\":\"https:\/\/nuevodigitaldeescobar.com.ar\/?p=18484\",\"name\":\"Menem finalmente remiti\u00f3 la reforma de los DNU al Senado pero creen que no se tratar\u00e1 antes de las elecciones - Nuevo Digital de Escobar\",\"isPartOf\":{\"@id\":\"https:\/\/nuevodigitaldeescobar.com.ar\/#website\"},\"primaryImageOfPage\":{\"@id\":\"https:\/\/nuevodigitaldeescobar.com.ar\/?p=18484#primaryimage\"},\"image\":{\"@id\":\"https:\/\/nuevodigitaldeescobar.com.ar\/?p=18484#primaryimage\"},\"thumbnailUrl\":\"https:\/\/nuevodigitaldeescobar.com.ar\/wp-content\/uploads\/2024\/01\/martin-menem-e1705616381385.jpg\",\"datePublished\":\"2025-10-17T01:22:48+00:00\",\"dateModified\":\"2025-10-17T01:22:53+00:00\",\"breadcrumb\":{\"@id\":\"https:\/\/nuevodigitaldeescobar.com.ar\/?p=18484#breadcrumb\"},\"inLanguage\":\"es\",\"potentialAction\":[{\"@type\":\"ReadAction\",\"target\":[\"https:\/\/nuevodigitaldeescobar.com.ar\/?p=18484\"]}]},{\"@type\":\"ImageObject\",\"inLanguage\":\"es\",\"@id\":\"https:\/\/nuevodigitaldeescobar.com.ar\/?p=18484#primaryimage\",\"url\":\"https:\/\/nuevodigitaldeescobar.com.ar\/wp-content\/uploads\/2024\/01\/martin-menem-e1705616381385.jpg\",\"contentUrl\":\"https:\/\/nuevodigitaldeescobar.com.ar\/wp-content\/uploads\/2024\/01\/martin-menem-e1705616381385.jpg\",\"width\":720,\"height\":404,\"caption\":\"Mart\u00edn Menem, presidente de la C\u00e1mara de Diputados, busca acelerar el debate de la Ley \u00d3mnibus en el recinto. (Foto: Prensa C\u00e1mara de Diputados).\"},{\"@type\":\"BreadcrumbList\",\"@id\":\"https:\/\/nuevodigitaldeescobar.com.ar\/?p=18484#breadcrumb\",\"itemListElement\":[{\"@type\":\"ListItem\",\"position\":1,\"name\":\"Portada\",\"item\":\"https:\/\/nuevodigitaldeescobar.com.ar\/\"},{\"@type\":\"ListItem\",\"position\":2,\"name\":\"Menem finalmente remiti\u00f3 la reforma de los DNU al Senado pero creen que no se tratar\u00e1 antes de las elecciones\"}]},{\"@type\":\"WebSite\",\"@id\":\"https:\/\/nuevodigitaldeescobar.com.ar\/#website\",\"url\":\"https:\/\/nuevodigitaldeescobar.com.ar\/\",\"name\":\"Nuevo Digital de Escobar\",\"description\":\"La vida escobarense. Directora: Rosana Brunner\",\"publisher\":{\"@id\":\"https:\/\/nuevodigitaldeescobar.com.ar\/#organization\"},\"potentialAction\":[{\"@type\":\"SearchAction\",\"target\":{\"@type\":\"EntryPoint\",\"urlTemplate\":\"https:\/\/nuevodigitaldeescobar.com.ar\/?s={search_term_string}\"},\"query-input\":{\"@type\":\"PropertyValueSpecification\",\"valueRequired\":true,\"valueName\":\"search_term_string\"}}],\"inLanguage\":\"es\"},{\"@type\":\"Organization\",\"@id\":\"https:\/\/nuevodigitaldeescobar.com.ar\/#organization\",\"name\":\"Nuevo Digital de Escobar\",\"url\":\"https:\/\/nuevodigitaldeescobar.com.ar\/\",\"logo\":{\"@type\":\"ImageObject\",\"inLanguage\":\"es\",\"@id\":\"https:\/\/nuevodigitaldeescobar.com.ar\/#\/schema\/logo\/image\/\",\"url\":\"https:\/\/nuevodigitaldeescobar.com.ar\/wp-content\/uploads\/2025\/05\/cropped-logo-nuevo2.jpg\",\"contentUrl\":\"https:\/\/nuevodigitaldeescobar.com.ar\/wp-content\/uploads\/2025\/05\/cropped-logo-nuevo2.jpg\",\"width\":305,\"height\":305,\"caption\":\"Nuevo Digital de Escobar\"},\"image\":{\"@id\":\"https:\/\/nuevodigitaldeescobar.com.ar\/#\/schema\/logo\/image\/\"},\"sameAs\":[\"https:\/\/www.facebook.com\/NUEVODigitalDeEscobar\",\"https:\/\/x.com\/nuevodigescobar\",\"https:\/\/www.instagram.com\/nuevodigitaldeescobar\"]},{\"@type\":\"Person\",\"@id\":\"https:\/\/nuevodigitaldeescobar.com.ar\/#\/schema\/person\/035e90a8efe9a80e6eec22656ad6ea4c\",\"name\":\"Redacci\u00f3n\",\"image\":{\"@type\":\"ImageObject\",\"inLanguage\":\"es\",\"@id\":\"https:\/\/nuevodigitaldeescobar.com.ar\/#\/schema\/person\/image\/\",\"url\":\"https:\/\/secure.gravatar.com\/avatar\/8af8f40000c24e9eef3034f2be5998a372bb1389e64b1a4a36b3a7979142220d?s=96&d=mm&r=g\",\"contentUrl\":\"https:\/\/secure.gravatar.com\/avatar\/8af8f40000c24e9eef3034f2be5998a372bb1389e64b1a4a36b3a7979142220d?s=96&d=mm&r=g\",\"caption\":\"Redacci\u00f3n\"},\"sameAs\":[\"http:\/\/nuevodigitaldeescobar.com.ar\"],\"url\":\"https:\/\/nuevodigitaldeescobar.com.ar\/?author=1\"}]}<\/script>\n<!-- \/ Yoast SEO plugin. -->","yoast_head_json":{"title":"Menem finalmente remiti\u00f3 la reforma de los DNU al Senado pero creen que no se tratar\u00e1 antes de las elecciones - Nuevo Digital de Escobar","robots":{"index":"index","follow":"follow","max-snippet":"max-snippet:-1","max-image-preview":"max-image-preview:large","max-video-preview":"max-video-preview:-1"},"canonical":"https:\/\/nuevodigitaldeescobar.com.ar\/?p=18484","og_locale":"es_ES","og_type":"article","og_title":"Menem finalmente remiti\u00f3 la reforma de los DNU al Senado pero creen que no se tratar\u00e1 antes de las elecciones - Nuevo Digital de Escobar","og_description":"Despu\u00e9s de d\u00edas de cr\u00edticas y presiones desde la oposici\u00f3n, Mart\u00edn Menem, como presidente de la C\u00e1mara de Diputados, envi\u00f3 hoy al Senado el proyecto [&hellip;]","og_url":"https:\/\/nuevodigitaldeescobar.com.ar\/?p=18484","og_site_name":"Nuevo Digital de Escobar","article_publisher":"https:\/\/www.facebook.com\/NUEVODigitalDeEscobar","article_published_time":"2025-10-17T01:22:48+00:00","article_modified_time":"2025-10-17T01:22:53+00:00","og_image":[{"width":720,"height":404,"url":"http:\/\/nuevodigitaldeescobar.com.ar\/wp-content\/uploads\/2024\/01\/martin-menem-e1705616381385.jpg","type":"image\/jpeg"}],"author":"Redacci\u00f3n","twitter_card":"summary_large_image","twitter_creator":"@nuevodigescobar","twitter_site":"@nuevodigescobar","twitter_misc":{"Escrito por":"Redacci\u00f3n","Tiempo de lectura":"2 minutos"},"schema":{"@context":"https:\/\/schema.org","@graph":[{"@type":"Article","@id":"https:\/\/nuevodigitaldeescobar.com.ar\/?p=18484#article","isPartOf":{"@id":"https:\/\/nuevodigitaldeescobar.com.ar\/?p=18484"},"author":{"name":"Redacci\u00f3n","@id":"https:\/\/nuevodigitaldeescobar.com.ar\/#\/schema\/person\/035e90a8efe9a80e6eec22656ad6ea4c"},"headline":"Menem finalmente remiti\u00f3 la reforma de los DNU al Senado pero creen que no se tratar\u00e1 antes de las elecciones","datePublished":"2025-10-17T01:22:48+00:00","dateModified":"2025-10-17T01:22:53+00:00","mainEntityOfPage":{"@id":"https:\/\/nuevodigitaldeescobar.com.ar\/?p=18484"},"wordCount":417,"commentCount":0,"publisher":{"@id":"https:\/\/nuevodigitaldeescobar.com.ar\/#organization"},"image":{"@id":"https:\/\/nuevodigitaldeescobar.com.ar\/?p=18484#primaryimage"},"thumbnailUrl":"https:\/\/nuevodigitaldeescobar.com.ar\/wp-content\/uploads\/2024\/01\/martin-menem-e1705616381385.jpg","articleSection":["Pol\u00edtica"],"inLanguage":"es","potentialAction":[{"@type":"CommentAction","name":"Comment","target":["https:\/\/nuevodigitaldeescobar.com.ar\/?p=18484#respond"]}]},{"@type":"WebPage","@id":"https:\/\/nuevodigitaldeescobar.com.ar\/?p=18484","url":"https:\/\/nuevodigitaldeescobar.com.ar\/?p=18484","name":"Menem finalmente remiti\u00f3 la reforma de los DNU al Senado pero creen que no se tratar\u00e1 antes de las elecciones - Nuevo Digital de Escobar","isPartOf":{"@id":"https:\/\/nuevodigitaldeescobar.com.ar\/#website"},"primaryImageOfPage":{"@id":"https:\/\/nuevodigitaldeescobar.com.ar\/?p=18484#primaryimage"},"image":{"@id":"https:\/\/nuevodigitaldeescobar.com.ar\/?p=18484#primaryimage"},"thumbnailUrl":"https:\/\/nuevodigitaldeescobar.com.ar\/wp-content\/uploads\/2024\/01\/martin-menem-e1705616381385.jpg","datePublished":"2025-10-17T01:22:48+00:00","dateModified":"2025-10-17T01:22:53+00:00","breadcrumb":{"@id":"https:\/\/nuevodigitaldeescobar.com.ar\/?p=18484#breadcrumb"},"inLanguage":"es","potentialAction":[{"@type":"ReadAction","target":["https:\/\/nuevodigitaldeescobar.com.ar\/?p=18484"]}]},{"@type":"ImageObject","inLanguage":"es","@id":"https:\/\/nuevodigitaldeescobar.com.ar\/?p=18484#primaryimage","url":"https:\/\/nuevodigitaldeescobar.com.ar\/wp-content\/uploads\/2024\/01\/martin-menem-e1705616381385.jpg","contentUrl":"https:\/\/nuevodigitaldeescobar.com.ar\/wp-content\/uploads\/2024\/01\/martin-menem-e1705616381385.jpg","width":720,"height":404,"caption":"Mart\u00edn Menem, presidente de la C\u00e1mara de Diputados, busca acelerar el debate de la Ley \u00d3mnibus en el recinto. (Foto: Prensa C\u00e1mara de Diputados)."},{"@type":"BreadcrumbList","@id":"https:\/\/nuevodigitaldeescobar.com.ar\/?p=18484#breadcrumb","itemListElement":[{"@type":"ListItem","position":1,"name":"Portada","item":"https:\/\/nuevodigitaldeescobar.com.ar\/"},{"@type":"ListItem","position":2,"name":"Menem finalmente remiti\u00f3 la reforma de los DNU al Senado pero creen que no se tratar\u00e1 antes de las elecciones"}]},{"@type":"WebSite","@id":"https:\/\/nuevodigitaldeescobar.com.ar\/#website","url":"https:\/\/nuevodigitaldeescobar.com.ar\/","name":"Nuevo Digital de Escobar","description":"La vida escobarense. Directora: Rosana Brunner","publisher":{"@id":"https:\/\/nuevodigitaldeescobar.com.ar\/#organization"},"potentialAction":[{"@type":"SearchAction","target":{"@type":"EntryPoint","urlTemplate":"https:\/\/nuevodigitaldeescobar.com.ar\/?s={search_term_string}"},"query-input":{"@type":"PropertyValueSpecification","valueRequired":true,"valueName":"search_term_string"}}],"inLanguage":"es"},{"@type":"Organization","@id":"https:\/\/nuevodigitaldeescobar.com.ar\/#organization","name":"Nuevo Digital de Escobar","url":"https:\/\/nuevodigitaldeescobar.com.ar\/","logo":{"@type":"ImageObject","inLanguage":"es","@id":"https:\/\/nuevodigitaldeescobar.com.ar\/#\/schema\/logo\/image\/","url":"https:\/\/nuevodigitaldeescobar.com.ar\/wp-content\/uploads\/2025\/05\/cropped-logo-nuevo2.jpg","contentUrl":"https:\/\/nuevodigitaldeescobar.com.ar\/wp-content\/uploads\/2025\/05\/cropped-logo-nuevo2.jpg","width":305,"height":305,"caption":"Nuevo Digital de Escobar"},"image":{"@id":"https:\/\/nuevodigitaldeescobar.com.ar\/#\/schema\/logo\/image\/"},"sameAs":["https:\/\/www.facebook.com\/NUEVODigitalDeEscobar","https:\/\/x.com\/nuevodigescobar","https:\/\/www.instagram.com\/nuevodigitaldeescobar"]},{"@type":"Person","@id":"https:\/\/nuevodigitaldeescobar.com.ar\/#\/schema\/person\/035e90a8efe9a80e6eec22656ad6ea4c","name":"Redacci\u00f3n","image":{"@type":"ImageObject","inLanguage":"es","@id":"https:\/\/nuevodigitaldeescobar.com.ar\/#\/schema\/person\/image\/","url":"https:\/\/secure.gravatar.com\/avatar\/8af8f40000c24e9eef3034f2be5998a372bb1389e64b1a4a36b3a7979142220d?s=96&d=mm&r=g","contentUrl":"https:\/\/secure.gravatar.com\/avatar\/8af8f40000c24e9eef3034f2be5998a372bb1389e64b1a4a36b3a7979142220d?s=96&d=mm&r=g","caption":"Redacci\u00f3n"},"sameAs":["http:\/\/nuevodigitaldeescobar.com.ar"],"url":"https:\/\/nuevodigitaldeescobar.com.ar\/?author=1"}]}},"featured_image_urls":{"full":["https:\/\/nuevodigitaldeescobar.com.ar\/wp-content\/uploads\/2024\/01\/martin-menem-e1705616381385.jpg",720,404,false],"thumbnail":["https:\/\/nuevodigitaldeescobar.com.ar\/wp-content\/uploads\/2024\/01\/martin-menem-150x150.jpg",150,150,true],"medium":["https:\/\/nuevodigitaldeescobar.com.ar\/wp-content\/uploads\/2024\/01\/martin-menem-300x168.jpg",300,168,true],"medium_large":["https:\/\/nuevodigitaldeescobar.com.ar\/wp-content\/uploads\/2024\/01\/martin-menem-e1705616381385.jpg",640,359,false],"large":["https:\/\/nuevodigitaldeescobar.com.ar\/wp-content\/uploads\/2024\/01\/martin-menem-e1705616381385.jpg",640,359,false],"1536x1536":["https:\/\/nuevodigitaldeescobar.com.ar\/wp-content\/uploads\/2024\/01\/martin-menem-e1705616381385.jpg",720,404,false],"2048x2048":["https:\/\/nuevodigitaldeescobar.com.ar\/wp-content\/uploads\/2024\/01\/martin-menem-e1705616381385.jpg",720,404,false]},"author_info":{"display_name":"Redacci\u00f3n","author_link":"https:\/\/nuevodigitaldeescobar.com.ar\/?author=1"},"category_info":"<a href=\"https:\/\/nuevodigitaldeescobar.com.ar\/?cat=6\" rel=\"category\">Pol\u00edtica<\/a>","tag_info":"Pol\u00edtica","comment_count":"0","_links":{"self":[{"href":"https:\/\/nuevodigitaldeescobar.com.ar\/index.php?rest_route=\/wp\/v2\/posts\/18484","targetHints":{"allow":["GET"]}}],"collection":[{"href":"https:\/\/nuevodigitaldeescobar.com.ar\/index.php?rest_route=\/wp\/v2\/posts"}],"about":[{"href":"https:\/\/nuevodigitaldeescobar.com.ar\/index.php?rest_route=\/wp\/v2\/types\/post"}],"author":[{"embeddable":true,"href":"https:\/\/nuevodigitaldeescobar.com.ar\/index.php?rest_route=\/wp\/v2\/users\/1"}],"replies":[{"embeddable":true,"href":"https:\/\/nuevodigitaldeescobar.com.ar\/index.php?rest_route=%2Fwp%2Fv2%2Fcomments&post=18484"}],"version-history":[{"count":1,"href":"https:\/\/nuevodigitaldeescobar.com.ar\/index.php?rest_route=\/wp\/v2\/posts\/18484\/revisions"}],"predecessor-version":[{"id":18485,"href":"https:\/\/nuevodigitaldeescobar.com.ar\/index.php?rest_route=\/wp\/v2\/posts\/18484\/revisions\/18485"}],"wp:featuredmedia":[{"embeddable":true,"href":"https:\/\/nuevodigitaldeescobar.com.ar\/index.php?rest_route=\/wp\/v2\/media\/2716"}],"wp:attachment":[{"href":"https:\/\/nuevodigitaldeescobar.com.ar\/index.php?rest_route=%2Fwp%2Fv2%2Fmedia&parent=18484"}],"wp:term":[{"taxonomy":"category","embeddable":true,"href":"https:\/\/nuevodigitaldeescobar.com.ar\/index.php?rest_route=%2Fwp%2Fv2%2Fcategories&post=18484"},{"taxonomy":"post_tag","embeddable":true,"href":"https:\/\/nuevodigitaldeescobar.com.ar\/index.php?rest_route=%2Fwp%2Fv2%2Ftags&post=18484"}],"curies":[{"name":"wp","href":"https:\/\/api.w.org\/{rel}","templated":true}]}}