{"id":18519,"date":"2025-10-19T07:30:06","date_gmt":"2025-10-19T10:30:06","guid":{"rendered":"https:\/\/nuevodigitaldeescobar.com.ar\/?p=18519"},"modified":"2025-10-19T07:30:37","modified_gmt":"2025-10-19T10:30:37","slug":"dia-mundial-del-cancer-de-mama-la-importancia-de-la-deteccion-y-los-cuidados-despues-de-los-70-anos","status":"publish","type":"post","link":"https:\/\/nuevodigitaldeescobar.com.ar\/?p=18519","title":{"rendered":"D\u00eda Mundial del C\u00e1ncer de Mama: la importancia de la detecci\u00f3n y los cuidados despu\u00e9s de los 70 a\u00f1os"},"content":{"rendered":"\n<p class=\"has-vivid-cyan-blue-color has-text-color has-link-color wp-elements-3ef80dc3004d9334e821b675c4c2b4e3\"><em><strong>Cada 19 de octubre se conmemora el D\u00eda Mundial del C\u00e1ncer de Mama, una fecha que invita a reflexionar sobre la prevenci\u00f3n, los controles y la detecci\u00f3n temprana de una enfermedad que afecta a miles de mujeres en todo el mundo.<\/strong><\/em><\/p>\n\n\n\n<!--more-->\n\n\n\n<p>En Argentina, se diagnostican cerca de <strong>22.000 nuevos casos por a\u00f1o<\/strong>, y uno de cada tres ocurre en mujeres mayores de 70 a\u00f1os. El envejecimiento poblacional y la mayor expectativa de vida explican, en buena medida, el incremento de casos en esta franja etaria.<\/p>\n\n\n\n<h3 class=\"wp-block-heading has-text-color has-link-color wp-elements-d642788de86228f789107b14124090af\" style=\"color:#1b2db8\">\ud83e\uddec El desaf\u00edo de tratar el c\u00e1ncer de mama en mujeres mayores<\/h3>\n\n\n\n<p>A medida que pasan los a\u00f1os, las comorbilidades \u2014como enfermedades card\u00edacas, metab\u00f3licas o renales\u2014 pueden influir en la elecci\u00f3n del tratamiento. Por eso, la participaci\u00f3n de <strong>equipos multidisciplinarios<\/strong> y la figura del <strong>oncogeriatra<\/strong> se vuelven claves para evaluar el estado funcional de cada paciente y definir estrategias que prioricen tanto la eficacia oncol\u00f3gica como la calidad de vida.<\/p>\n\n\n\n<p><em>\u201cEl c\u00e1ncer de mama en mujeres mayores de 70 a\u00f1os representa m\u00e1s de un tercio de los nuevos diagn\u00f3sticos. Esto responde al envejecimiento poblacional y a una mayor exposici\u00f3n hormonal acumulada con el paso del tiempo\u201d<\/em>, explican desde el <strong>Centro Mamario del Instituto Alexander Fleming (IAF)<\/strong>.<\/p>\n\n\n\n<p>La mayor\u00eda de los casos en esta edad corresponden a <strong>tumores luminales<\/strong>, que suelen responder muy bien a los tratamientos hormonales, una alternativa eficaz y menos invasiva que la quimioterapia.<\/p>\n\n\n\n<h3 class=\"wp-block-heading has-text-color has-link-color wp-elements-aace676ded5b63634948025865976240\" style=\"color:#1b2db8\">\ud83d\udcc9 Menor mortalidad, pero la prevenci\u00f3n sigue siendo clave<\/h3>\n\n\n\n<p>En las \u00faltimas dos d\u00e9cadas, la tasa de mortalidad por c\u00e1ncer de mama en Argentina <strong>descendi\u00f3 alrededor de un 1% anual<\/strong>, aunque a\u00fan se registran unas <strong>5.700 muertes por a\u00f1o<\/strong>. El riesgo de fallecer aumenta despu\u00e9s de los 80 a\u00f1os, no tanto por la agresividad del tumor, sino por la fragilidad del organismo y la coexistencia de otras enfermedades.<\/p>\n\n\n\n<p>Especialistas del IAF aclaran que el c\u00e1ncer de mama no es necesariamente m\u00e1s peligroso despu\u00e9s de los 70, pero s\u00ed requiere <strong>una mirada personalizada y equilibrada<\/strong>. <em>\u201cEl objetivo es evitar tanto el sobretratamiento como el subtratamiento. La edad cronol\u00f3gica no debe ser el \u00fanico factor para decidir una terapia; hay que evaluar la edad funcional, el estado general y las expectativas de cada paciente\u201d<\/em>, remarcan.<\/p>\n\n\n\n<h3 class=\"wp-block-heading has-text-color has-link-color wp-elements-8fd031bbfc3d4ecca802601e59cc46c0\" style=\"color:#1b2db8\">\ud83d\udc69\u200d\u2695\ufe0f Controles y diagn\u00f3stico temprano<\/h3>\n\n\n\n<p>La prevenci\u00f3n y detecci\u00f3n temprana siguen siendo las herramientas m\u00e1s poderosas.<\/p>\n\n\n\n<ul class=\"wp-block-list\">\n<li><strong>Desde los 40 a\u00f1os<\/strong>, se recomienda una <strong>mamograf\u00eda anual<\/strong>.<\/li>\n\n\n\n<li>En mujeres con <strong>mamas densas o antecedentes familiares<\/strong>, se puede complementar con ecograf\u00eda o resonancia magn\u00e9tica.<\/li>\n\n\n\n<li>Ante cualquier s\u00edntoma \u2014bultos, secreciones o cambios en la piel\u2014 es fundamental consultar de inmediato.<\/li>\n<\/ul>\n\n\n\n<p>El diagn\u00f3stico temprano ofrece excelentes perspectivas: la <strong>tasa de supervivencia a cinco a\u00f1os<\/strong> supera el <strong>99% en estadios iniciales<\/strong>.<\/p>\n\n\n\n<p><em>\u201cEl mayor desaf\u00edo es encontrar el equilibrio entre un tratamiento eficaz y una buena calidad de vida. Aun en mujeres mayores, las posibilidades de curaci\u00f3n son muy altas si el tumor se detecta a tiempo\u201d<\/em>, destacan las especialistas del <strong>Instituto Alexander Fleming<\/strong>, una de las instituciones de referencia en el abordaje integral del c\u00e1ncer de mama en la Argentina.<\/p>\n\n\n\n<hr class=\"wp-block-separator has-alpha-channel-opacity\"\/>\n\n\n\n<p><strong>Fuente:<\/strong> <em>Instituto Alexander Fleming (IAF)<\/em><\/p>\n","protected":false},"excerpt":{"rendered":"<p>Cada 19 de octubre se conmemora el D\u00eda Mundial del C\u00e1ncer de Mama, una fecha que invita a reflexionar sobre la prevenci\u00f3n, los controles y [&hellip;]<\/p>\n","protected":false},"author":1,"featured_media":229,"comment_status":"open","ping_status":"open","sticky":false,"template":"","format":"standard","meta":{"footnotes":""},"categories":[7],"tags":[],"class_list":["post-18519","post","type-post","status-publish","format-standard","has-post-thumbnail","hentry","category-interes-general"],"better_featured_image":{"id":229,"alt_text":"","caption":"","description":"","media_type":"image","media_details":{"width":768,"height":352,"file":"2023\/10\/cancer-de-mama.jpg","filesize":41496,"sizes":{"medium":{"file":"cancer-de-mama-300x138.jpg","width":300,"height":138,"mime-type":"image\/jpeg","filesize":7718,"source_url":"https:\/\/nuevodigitaldeescobar.com.ar\/wp-content\/uploads\/2023\/10\/cancer-de-mama-300x138.jpg"},"thumbnail":{"file":"cancer-de-mama-150x150.jpg","width":150,"height":150,"mime-type":"image\/jpeg","filesize":4621,"source_url":"https:\/\/nuevodigitaldeescobar.com.ar\/wp-content\/uploads\/2023\/10\/cancer-de-mama-150x150.jpg"},"covernews-medium":{"file":"cancer-de-mama-540x340.jpg","width":540,"height":340,"mime-type":"image\/jpeg","filesize":22088,"source_url":"https:\/\/nuevodigitaldeescobar.com.ar\/wp-content\/uploads\/2023\/10\/cancer-de-mama-540x340.jpg"},"covernews-medium-square":{"file":"cancer-de-mama-400x250.jpg","width":400,"height":250,"mime-type":"image\/jpeg","filesize":14035,"source_url":"https:\/\/nuevodigitaldeescobar.com.ar\/wp-content\/uploads\/2023\/10\/cancer-de-mama-400x250.jpg"}},"image_meta":{"aperture":"0","credit":"","camera":"","caption":"","created_timestamp":"0","copyright":"","focal_length":"0","iso":"0","shutter_speed":"0","title":"","orientation":"0","keywords":[]}},"post":228,"source_url":"https:\/\/nuevodigitaldeescobar.com.ar\/wp-content\/uploads\/2023\/10\/cancer-de-mama.jpg"},"yoast_head":"<!-- This site is optimized with the Yoast SEO plugin v26.1.1 - https:\/\/yoast.com\/wordpress\/plugins\/seo\/ -->\n<title>D\u00eda Mundial del C\u00e1ncer de Mama: la importancia de la detecci\u00f3n y los cuidados despu\u00e9s de los 70 a\u00f1os - Nuevo Digital de Escobar<\/title>\n<meta name=\"robots\" content=\"index, follow, max-snippet:-1, max-image-preview:large, max-video-preview:-1\" \/>\n<link rel=\"canonical\" href=\"https:\/\/nuevodigitaldeescobar.com.ar\/?p=18519\" \/>\n<meta property=\"og:locale\" content=\"es_ES\" \/>\n<meta property=\"og:type\" content=\"article\" \/>\n<meta property=\"og:title\" content=\"D\u00eda Mundial del C\u00e1ncer de Mama: la importancia de la detecci\u00f3n y los cuidados despu\u00e9s de los 70 a\u00f1os - Nuevo Digital de Escobar\" \/>\n<meta property=\"og:description\" content=\"Cada 19 de octubre se conmemora el D\u00eda Mundial del C\u00e1ncer de Mama, una fecha que invita a reflexionar sobre la prevenci\u00f3n, los controles y [&hellip;]\" \/>\n<meta property=\"og:url\" content=\"https:\/\/nuevodigitaldeescobar.com.ar\/?p=18519\" \/>\n<meta property=\"og:site_name\" content=\"Nuevo Digital de Escobar\" \/>\n<meta property=\"article:publisher\" content=\"https:\/\/www.facebook.com\/NUEVODigitalDeEscobar\" \/>\n<meta property=\"article:published_time\" content=\"2025-10-19T10:30:06+00:00\" \/>\n<meta property=\"article:modified_time\" content=\"2025-10-19T10:30:37+00:00\" \/>\n<meta property=\"og:image\" content=\"http:\/\/nuevodigitaldeescobar.com.ar\/wp-content\/uploads\/2023\/10\/cancer-de-mama.jpg\" \/>\n\t<meta property=\"og:image:width\" content=\"768\" \/>\n\t<meta property=\"og:image:height\" content=\"352\" \/>\n\t<meta property=\"og:image:type\" content=\"image\/jpeg\" \/>\n<meta name=\"author\" content=\"Redacci\u00f3n\" \/>\n<meta name=\"twitter:card\" content=\"summary_large_image\" \/>\n<meta name=\"twitter:creator\" content=\"@nuevodigescobar\" \/>\n<meta name=\"twitter:site\" content=\"@nuevodigescobar\" \/>\n<meta name=\"twitter:label1\" content=\"Escrito por\" \/>\n\t<meta name=\"twitter:data1\" content=\"Redacci\u00f3n\" \/>\n\t<meta name=\"twitter:label2\" content=\"Tiempo de lectura\" \/>\n\t<meta name=\"twitter:data2\" content=\"3 minutos\" \/>\n<script type=\"application\/ld+json\" class=\"yoast-schema-graph\">{\"@context\":\"https:\/\/schema.org\",\"@graph\":[{\"@type\":\"Article\",\"@id\":\"https:\/\/nuevodigitaldeescobar.com.ar\/?p=18519#article\",\"isPartOf\":{\"@id\":\"https:\/\/nuevodigitaldeescobar.com.ar\/?p=18519\"},\"author\":{\"name\":\"Redacci\u00f3n\",\"@id\":\"https:\/\/nuevodigitaldeescobar.com.ar\/#\/schema\/person\/035e90a8efe9a80e6eec22656ad6ea4c\"},\"headline\":\"D\u00eda Mundial del C\u00e1ncer de Mama: la importancia de la detecci\u00f3n y los cuidados despu\u00e9s de los 70 a\u00f1os\",\"datePublished\":\"2025-10-19T10:30:06+00:00\",\"dateModified\":\"2025-10-19T10:30:37+00:00\",\"mainEntityOfPage\":{\"@id\":\"https:\/\/nuevodigitaldeescobar.com.ar\/?p=18519\"},\"wordCount\":558,\"commentCount\":0,\"publisher\":{\"@id\":\"https:\/\/nuevodigitaldeescobar.com.ar\/#organization\"},\"image\":{\"@id\":\"https:\/\/nuevodigitaldeescobar.com.ar\/?p=18519#primaryimage\"},\"thumbnailUrl\":\"https:\/\/nuevodigitaldeescobar.com.ar\/wp-content\/uploads\/2023\/10\/cancer-de-mama.jpg\",\"articleSection\":[\"Inter\u00e9s general\"],\"inLanguage\":\"es\",\"potentialAction\":[{\"@type\":\"CommentAction\",\"name\":\"Comment\",\"target\":[\"https:\/\/nuevodigitaldeescobar.com.ar\/?p=18519#respond\"]}]},{\"@type\":\"WebPage\",\"@id\":\"https:\/\/nuevodigitaldeescobar.com.ar\/?p=18519\",\"url\":\"https:\/\/nuevodigitaldeescobar.com.ar\/?p=18519\",\"name\":\"D\u00eda Mundial del C\u00e1ncer de Mama: la importancia de la detecci\u00f3n y los cuidados despu\u00e9s de los 70 a\u00f1os - Nuevo Digital de Escobar\",\"isPartOf\":{\"@id\":\"https:\/\/nuevodigitaldeescobar.com.ar\/#website\"},\"primaryImageOfPage\":{\"@id\":\"https:\/\/nuevodigitaldeescobar.com.ar\/?p=18519#primaryimage\"},\"image\":{\"@id\":\"https:\/\/nuevodigitaldeescobar.com.ar\/?p=18519#primaryimage\"},\"thumbnailUrl\":\"https:\/\/nuevodigitaldeescobar.com.ar\/wp-content\/uploads\/2023\/10\/cancer-de-mama.jpg\",\"datePublished\":\"2025-10-19T10:30:06+00:00\",\"dateModified\":\"2025-10-19T10:30:37+00:00\",\"breadcrumb\":{\"@id\":\"https:\/\/nuevodigitaldeescobar.com.ar\/?p=18519#breadcrumb\"},\"inLanguage\":\"es\",\"potentialAction\":[{\"@type\":\"ReadAction\",\"target\":[\"https:\/\/nuevodigitaldeescobar.com.ar\/?p=18519\"]}]},{\"@type\":\"ImageObject\",\"inLanguage\":\"es\",\"@id\":\"https:\/\/nuevodigitaldeescobar.com.ar\/?p=18519#primaryimage\",\"url\":\"https:\/\/nuevodigitaldeescobar.com.ar\/wp-content\/uploads\/2023\/10\/cancer-de-mama.jpg\",\"contentUrl\":\"https:\/\/nuevodigitaldeescobar.com.ar\/wp-content\/uploads\/2023\/10\/cancer-de-mama.jpg\",\"width\":768,\"height\":352},{\"@type\":\"BreadcrumbList\",\"@id\":\"https:\/\/nuevodigitaldeescobar.com.ar\/?p=18519#breadcrumb\",\"itemListElement\":[{\"@type\":\"ListItem\",\"position\":1,\"name\":\"Portada\",\"item\":\"https:\/\/nuevodigitaldeescobar.com.ar\/\"},{\"@type\":\"ListItem\",\"position\":2,\"name\":\"D\u00eda Mundial del C\u00e1ncer de Mama: la importancia de la detecci\u00f3n y los cuidados despu\u00e9s de los 70 a\u00f1os\"}]},{\"@type\":\"WebSite\",\"@id\":\"https:\/\/nuevodigitaldeescobar.com.ar\/#website\",\"url\":\"https:\/\/nuevodigitaldeescobar.com.ar\/\",\"name\":\"Nuevo Digital de Escobar\",\"description\":\"La vida escobarense. Directora: Rosana Brunner\",\"publisher\":{\"@id\":\"https:\/\/nuevodigitaldeescobar.com.ar\/#organization\"},\"potentialAction\":[{\"@type\":\"SearchAction\",\"target\":{\"@type\":\"EntryPoint\",\"urlTemplate\":\"https:\/\/nuevodigitaldeescobar.com.ar\/?s={search_term_string}\"},\"query-input\":{\"@type\":\"PropertyValueSpecification\",\"valueRequired\":true,\"valueName\":\"search_term_string\"}}],\"inLanguage\":\"es\"},{\"@type\":\"Organization\",\"@id\":\"https:\/\/nuevodigitaldeescobar.com.ar\/#organization\",\"name\":\"Nuevo Digital de Escobar\",\"url\":\"https:\/\/nuevodigitaldeescobar.com.ar\/\",\"logo\":{\"@type\":\"ImageObject\",\"inLanguage\":\"es\",\"@id\":\"https:\/\/nuevodigitaldeescobar.com.ar\/#\/schema\/logo\/image\/\",\"url\":\"https:\/\/nuevodigitaldeescobar.com.ar\/wp-content\/uploads\/2025\/05\/cropped-logo-nuevo2.jpg\",\"contentUrl\":\"https:\/\/nuevodigitaldeescobar.com.ar\/wp-content\/uploads\/2025\/05\/cropped-logo-nuevo2.jpg\",\"width\":305,\"height\":305,\"caption\":\"Nuevo Digital de Escobar\"},\"image\":{\"@id\":\"https:\/\/nuevodigitaldeescobar.com.ar\/#\/schema\/logo\/image\/\"},\"sameAs\":[\"https:\/\/www.facebook.com\/NUEVODigitalDeEscobar\",\"https:\/\/x.com\/nuevodigescobar\",\"https:\/\/www.instagram.com\/nuevodigitaldeescobar\"]},{\"@type\":\"Person\",\"@id\":\"https:\/\/nuevodigitaldeescobar.com.ar\/#\/schema\/person\/035e90a8efe9a80e6eec22656ad6ea4c\",\"name\":\"Redacci\u00f3n\",\"image\":{\"@type\":\"ImageObject\",\"inLanguage\":\"es\",\"@id\":\"https:\/\/nuevodigitaldeescobar.com.ar\/#\/schema\/person\/image\/\",\"url\":\"https:\/\/secure.gravatar.com\/avatar\/8af8f40000c24e9eef3034f2be5998a372bb1389e64b1a4a36b3a7979142220d?s=96&d=mm&r=g\",\"contentUrl\":\"https:\/\/secure.gravatar.com\/avatar\/8af8f40000c24e9eef3034f2be5998a372bb1389e64b1a4a36b3a7979142220d?s=96&d=mm&r=g\",\"caption\":\"Redacci\u00f3n\"},\"sameAs\":[\"http:\/\/nuevodigitaldeescobar.com.ar\"],\"url\":\"https:\/\/nuevodigitaldeescobar.com.ar\/?author=1\"}]}<\/script>\n<!-- \/ Yoast SEO plugin. -->","yoast_head_json":{"title":"D\u00eda Mundial del C\u00e1ncer de Mama: la importancia de la detecci\u00f3n y los cuidados despu\u00e9s de los 70 a\u00f1os - Nuevo Digital de Escobar","robots":{"index":"index","follow":"follow","max-snippet":"max-snippet:-1","max-image-preview":"max-image-preview:large","max-video-preview":"max-video-preview:-1"},"canonical":"https:\/\/nuevodigitaldeescobar.com.ar\/?p=18519","og_locale":"es_ES","og_type":"article","og_title":"D\u00eda Mundial del C\u00e1ncer de Mama: la importancia de la detecci\u00f3n y los cuidados despu\u00e9s de los 70 a\u00f1os - Nuevo Digital de Escobar","og_description":"Cada 19 de octubre se conmemora el D\u00eda Mundial del C\u00e1ncer de Mama, una fecha que invita a reflexionar sobre la prevenci\u00f3n, los controles y [&hellip;]","og_url":"https:\/\/nuevodigitaldeescobar.com.ar\/?p=18519","og_site_name":"Nuevo Digital de Escobar","article_publisher":"https:\/\/www.facebook.com\/NUEVODigitalDeEscobar","article_published_time":"2025-10-19T10:30:06+00:00","article_modified_time":"2025-10-19T10:30:37+00:00","og_image":[{"width":768,"height":352,"url":"http:\/\/nuevodigitaldeescobar.com.ar\/wp-content\/uploads\/2023\/10\/cancer-de-mama.jpg","type":"image\/jpeg"}],"author":"Redacci\u00f3n","twitter_card":"summary_large_image","twitter_creator":"@nuevodigescobar","twitter_site":"@nuevodigescobar","twitter_misc":{"Escrito por":"Redacci\u00f3n","Tiempo de lectura":"3 minutos"},"schema":{"@context":"https:\/\/schema.org","@graph":[{"@type":"Article","@id":"https:\/\/nuevodigitaldeescobar.com.ar\/?p=18519#article","isPartOf":{"@id":"https:\/\/nuevodigitaldeescobar.com.ar\/?p=18519"},"author":{"name":"Redacci\u00f3n","@id":"https:\/\/nuevodigitaldeescobar.com.ar\/#\/schema\/person\/035e90a8efe9a80e6eec22656ad6ea4c"},"headline":"D\u00eda Mundial del C\u00e1ncer de Mama: la importancia de la detecci\u00f3n y los cuidados despu\u00e9s de los 70 a\u00f1os","datePublished":"2025-10-19T10:30:06+00:00","dateModified":"2025-10-19T10:30:37+00:00","mainEntityOfPage":{"@id":"https:\/\/nuevodigitaldeescobar.com.ar\/?p=18519"},"wordCount":558,"commentCount":0,"publisher":{"@id":"https:\/\/nuevodigitaldeescobar.com.ar\/#organization"},"image":{"@id":"https:\/\/nuevodigitaldeescobar.com.ar\/?p=18519#primaryimage"},"thumbnailUrl":"https:\/\/nuevodigitaldeescobar.com.ar\/wp-content\/uploads\/2023\/10\/cancer-de-mama.jpg","articleSection":["Inter\u00e9s general"],"inLanguage":"es","potentialAction":[{"@type":"CommentAction","name":"Comment","target":["https:\/\/nuevodigitaldeescobar.com.ar\/?p=18519#respond"]}]},{"@type":"WebPage","@id":"https:\/\/nuevodigitaldeescobar.com.ar\/?p=18519","url":"https:\/\/nuevodigitaldeescobar.com.ar\/?p=18519","name":"D\u00eda Mundial del C\u00e1ncer de Mama: la importancia de la detecci\u00f3n y los cuidados despu\u00e9s de los 70 a\u00f1os - Nuevo Digital de Escobar","isPartOf":{"@id":"https:\/\/nuevodigitaldeescobar.com.ar\/#website"},"primaryImageOfPage":{"@id":"https:\/\/nuevodigitaldeescobar.com.ar\/?p=18519#primaryimage"},"image":{"@id":"https:\/\/nuevodigitaldeescobar.com.ar\/?p=18519#primaryimage"},"thumbnailUrl":"https:\/\/nuevodigitaldeescobar.com.ar\/wp-content\/uploads\/2023\/10\/cancer-de-mama.jpg","datePublished":"2025-10-19T10:30:06+00:00","dateModified":"2025-10-19T10:30:37+00:00","breadcrumb":{"@id":"https:\/\/nuevodigitaldeescobar.com.ar\/?p=18519#breadcrumb"},"inLanguage":"es","potentialAction":[{"@type":"ReadAction","target":["https:\/\/nuevodigitaldeescobar.com.ar\/?p=18519"]}]},{"@type":"ImageObject","inLanguage":"es","@id":"https:\/\/nuevodigitaldeescobar.com.ar\/?p=18519#primaryimage","url":"https:\/\/nuevodigitaldeescobar.com.ar\/wp-content\/uploads\/2023\/10\/cancer-de-mama.jpg","contentUrl":"https:\/\/nuevodigitaldeescobar.com.ar\/wp-content\/uploads\/2023\/10\/cancer-de-mama.jpg","width":768,"height":352},{"@type":"BreadcrumbList","@id":"https:\/\/nuevodigitaldeescobar.com.ar\/?p=18519#breadcrumb","itemListElement":[{"@type":"ListItem","position":1,"name":"Portada","item":"https:\/\/nuevodigitaldeescobar.com.ar\/"},{"@type":"ListItem","position":2,"name":"D\u00eda Mundial del C\u00e1ncer de Mama: la importancia de la detecci\u00f3n y los cuidados despu\u00e9s de los 70 a\u00f1os"}]},{"@type":"WebSite","@id":"https:\/\/nuevodigitaldeescobar.com.ar\/#website","url":"https:\/\/nuevodigitaldeescobar.com.ar\/","name":"Nuevo Digital de Escobar","description":"La vida escobarense. Directora: Rosana Brunner","publisher":{"@id":"https:\/\/nuevodigitaldeescobar.com.ar\/#organization"},"potentialAction":[{"@type":"SearchAction","target":{"@type":"EntryPoint","urlTemplate":"https:\/\/nuevodigitaldeescobar.com.ar\/?s={search_term_string}"},"query-input":{"@type":"PropertyValueSpecification","valueRequired":true,"valueName":"search_term_string"}}],"inLanguage":"es"},{"@type":"Organization","@id":"https:\/\/nuevodigitaldeescobar.com.ar\/#organization","name":"Nuevo Digital de Escobar","url":"https:\/\/nuevodigitaldeescobar.com.ar\/","logo":{"@type":"ImageObject","inLanguage":"es","@id":"https:\/\/nuevodigitaldeescobar.com.ar\/#\/schema\/logo\/image\/","url":"https:\/\/nuevodigitaldeescobar.com.ar\/wp-content\/uploads\/2025\/05\/cropped-logo-nuevo2.jpg","contentUrl":"https:\/\/nuevodigitaldeescobar.com.ar\/wp-content\/uploads\/2025\/05\/cropped-logo-nuevo2.jpg","width":305,"height":305,"caption":"Nuevo Digital de Escobar"},"image":{"@id":"https:\/\/nuevodigitaldeescobar.com.ar\/#\/schema\/logo\/image\/"},"sameAs":["https:\/\/www.facebook.com\/NUEVODigitalDeEscobar","https:\/\/x.com\/nuevodigescobar","https:\/\/www.instagram.com\/nuevodigitaldeescobar"]},{"@type":"Person","@id":"https:\/\/nuevodigitaldeescobar.com.ar\/#\/schema\/person\/035e90a8efe9a80e6eec22656ad6ea4c","name":"Redacci\u00f3n","image":{"@type":"ImageObject","inLanguage":"es","@id":"https:\/\/nuevodigitaldeescobar.com.ar\/#\/schema\/person\/image\/","url":"https:\/\/secure.gravatar.com\/avatar\/8af8f40000c24e9eef3034f2be5998a372bb1389e64b1a4a36b3a7979142220d?s=96&d=mm&r=g","contentUrl":"https:\/\/secure.gravatar.com\/avatar\/8af8f40000c24e9eef3034f2be5998a372bb1389e64b1a4a36b3a7979142220d?s=96&d=mm&r=g","caption":"Redacci\u00f3n"},"sameAs":["http:\/\/nuevodigitaldeescobar.com.ar"],"url":"https:\/\/nuevodigitaldeescobar.com.ar\/?author=1"}]}},"featured_image_urls":{"full":["https:\/\/nuevodigitaldeescobar.com.ar\/wp-content\/uploads\/2023\/10\/cancer-de-mama.jpg",768,352,false],"thumbnail":["https:\/\/nuevodigitaldeescobar.com.ar\/wp-content\/uploads\/2023\/10\/cancer-de-mama-150x150.jpg",150,150,true],"medium":["https:\/\/nuevodigitaldeescobar.com.ar\/wp-content\/uploads\/2023\/10\/cancer-de-mama-300x138.jpg",300,138,true],"medium_large":["https:\/\/nuevodigitaldeescobar.com.ar\/wp-content\/uploads\/2023\/10\/cancer-de-mama.jpg",640,293,false],"large":["https:\/\/nuevodigitaldeescobar.com.ar\/wp-content\/uploads\/2023\/10\/cancer-de-mama.jpg",640,293,false],"1536x1536":["https:\/\/nuevodigitaldeescobar.com.ar\/wp-content\/uploads\/2023\/10\/cancer-de-mama.jpg",768,352,false],"2048x2048":["https:\/\/nuevodigitaldeescobar.com.ar\/wp-content\/uploads\/2023\/10\/cancer-de-mama.jpg",768,352,false]},"author_info":{"display_name":"Redacci\u00f3n","author_link":"https:\/\/nuevodigitaldeescobar.com.ar\/?author=1"},"category_info":"<a href=\"https:\/\/nuevodigitaldeescobar.com.ar\/?cat=7\" rel=\"category\">Inter\u00e9s general<\/a>","tag_info":"Inter\u00e9s general","comment_count":"0","_links":{"self":[{"href":"https:\/\/nuevodigitaldeescobar.com.ar\/index.php?rest_route=\/wp\/v2\/posts\/18519","targetHints":{"allow":["GET"]}}],"collection":[{"href":"https:\/\/nuevodigitaldeescobar.com.ar\/index.php?rest_route=\/wp\/v2\/posts"}],"about":[{"href":"https:\/\/nuevodigitaldeescobar.com.ar\/index.php?rest_route=\/wp\/v2\/types\/post"}],"author":[{"embeddable":true,"href":"https:\/\/nuevodigitaldeescobar.com.ar\/index.php?rest_route=\/wp\/v2\/users\/1"}],"replies":[{"embeddable":true,"href":"https:\/\/nuevodigitaldeescobar.com.ar\/index.php?rest_route=%2Fwp%2Fv2%2Fcomments&post=18519"}],"version-history":[{"count":1,"href":"https:\/\/nuevodigitaldeescobar.com.ar\/index.php?rest_route=\/wp\/v2\/posts\/18519\/revisions"}],"predecessor-version":[{"id":18520,"href":"https:\/\/nuevodigitaldeescobar.com.ar\/index.php?rest_route=\/wp\/v2\/posts\/18519\/revisions\/18520"}],"wp:featuredmedia":[{"embeddable":true,"href":"https:\/\/nuevodigitaldeescobar.com.ar\/index.php?rest_route=\/wp\/v2\/media\/229"}],"wp:attachment":[{"href":"https:\/\/nuevodigitaldeescobar.com.ar\/index.php?rest_route=%2Fwp%2Fv2%2Fmedia&parent=18519"}],"wp:term":[{"taxonomy":"category","embeddable":true,"href":"https:\/\/nuevodigitaldeescobar.com.ar\/index.php?rest_route=%2Fwp%2Fv2%2Fcategories&post=18519"},{"taxonomy":"post_tag","embeddable":true,"href":"https:\/\/nuevodigitaldeescobar.com.ar\/index.php?rest_route=%2Fwp%2Fv2%2Ftags&post=18519"}],"curies":[{"name":"wp","href":"https:\/\/api.w.org\/{rel}","templated":true}]}}