{"id":18521,"date":"2025-10-20T01:31:00","date_gmt":"2025-10-20T04:31:00","guid":{"rendered":"https:\/\/nuevodigitaldeescobar.com.ar\/?p=18521"},"modified":"2025-10-20T01:31:12","modified_gmt":"2025-10-20T04:31:12","slug":"rodrigo-paz-nuevo-presidente-electo-de-bolivia-el-pais-inicia-una-nueva-etapa-tras-mas-de-dos-decadas-del-mas-en-el-poder","status":"publish","type":"post","link":"https:\/\/nuevodigitaldeescobar.com.ar\/?p=18521","title":{"rendered":"Rodrigo Paz, nuevo presidente electo de Bolivia: el pa\u00eds inicia una nueva etapa tras m\u00e1s de dos d\u00e9cadas del MAS en el poder"},"content":{"rendered":"\n<p class=\"has-vivid-cyan-blue-color has-text-color has-link-color wp-elements-218cb29e268faf2c4320621c123dc43f\"><strong><em>Bolivia eligi\u00f3 este domingo a su nuevo presidente. Con el 97% de los votos escrutados, el senador Rodrigo Paz Pereira, candidato del Partido Dem\u00f3crata Cristiano (PDC), se impuso en la segunda vuelta con el 54,5% de los votos frente al 45,4% obtenido por el exmandatario Jorge \u201cTuto\u201d Quiroga, de la alianza Libre.<\/em><\/strong><\/p>\n\n\n\n<!--more-->\n\n\n\n<p>Paz, quien asumir\u00e1 el cargo el pr\u00f3ximo <strong>8 de noviembre<\/strong>, encabezar\u00e1 un gobierno que marca el <strong>fin de m\u00e1s de 20 a\u00f1os de hegemon\u00eda del Movimiento Al Socialismo (MAS)<\/strong>, el partido que condujo al pa\u00eds bajo las gestiones de <strong>Evo Morales y Luis Arce<\/strong>.<\/p>\n\n\n\n<h3 class=\"wp-block-heading has-text-color has-link-color wp-elements-7375f4543f919a5126167cff5ba99b30\" style=\"color:#1744b3\">Un llamado a la unidad nacional<\/h3>\n\n\n\n<p>En su primer discurso tras conocerse los resultados, el presidente electo agradeci\u00f3 a los votantes y a los l\u00edderes regionales que expresaron su apoyo. <em>\u201cBolivia vuelve a recuperar paso a paso su escenario internacional. Vamos a trabajar con todos los hombres y mujeres que quieran a la patria\u201d,<\/em> expres\u00f3.<\/p>\n\n\n\n<p>Su compa\u00f1ero de f\u00f3rmula, <strong>Edmand Lara<\/strong>, tambi\u00e9n envi\u00f3 un mensaje conciliador: <em>\u201cEl pueblo nos dio la oportunidad de gobernar para todos los bolivianos. Se termin\u00f3 la campa\u00f1a, ahora hay que trabajar por Bolivia, porque la patria est\u00e1 primero\u201d<\/em>.<\/p>\n\n\n\n<p>Por su parte, Quiroga reconoci\u00f3 la derrota, felicit\u00f3 a Paz y descart\u00f3 cualquier sospecha de fraude. <em>\u201cSi tuvi\u00e9ramos evidencia sist\u00e9mica, la pondr\u00edamos sobre la mesa. Me duele no haber podido hacer m\u00e1s por Bolivia, pero respeto la decisi\u00f3n del pueblo\u201d<\/em>, declar\u00f3 el ex presidente.<\/p>\n\n\n\n<h3 class=\"wp-block-heading has-text-color has-link-color wp-elements-423e15852fa13c0b4caac1cab00fe953\" style=\"color:#1744b3\">Un pa\u00eds con urgencias econ\u00f3micas<\/h3>\n\n\n\n<p>El pr\u00f3ximo mandatario recibir\u00e1 un pa\u00eds en <strong>recesi\u00f3n econ\u00f3mica<\/strong>, golpeado por la <strong>crisis del gas<\/strong>, la <strong>escasez de combustibles<\/strong>, la <strong>suba de precios<\/strong> y la <strong>falta de d\u00f3lares en el mercado interno<\/strong>.<\/p>\n\n\n\n<p>El gobierno saliente de <strong>Luis Arce<\/strong> entregar\u00e1 una econom\u00eda debilitada y con fuertes presiones fiscales. En este contexto, las propuestas econ\u00f3micas dominaron el debate electoral. Paz prometi\u00f3 <strong>reducir el gasto p\u00fablico<\/strong>, <strong>redistribuir el presupuesto en favor de las regiones<\/strong> y avanzar en <strong>reformas tributarias<\/strong> bajo la consigna de un <em>\u201c<strong>capitalismo para todos<\/strong>\u201d<\/em>.<\/p>\n\n\n\n<p>A diferencia de su rival, asegur\u00f3 que no recurrir\u00e1 de inmediato a los organismos internacionales de cr\u00e9dito y apostar\u00e1 a la <strong>eficiencia en la gesti\u00f3n p\u00fablica<\/strong>: <em>\u201cCuando no se roba, la plata alcanza\u201d<\/em>, resumi\u00f3 durante la campa\u00f1a.<\/p>\n\n\n\n<h3 class=\"wp-block-heading has-text-color has-link-color wp-elements-718c7a4b82c2c097654aabf93085c14a\" style=\"color:#1744b3\">Gobernar sin mayor\u00eda y con alto nivel de fragmentaci\u00f3n<\/h3>\n\n\n\n<p>Analistas pol\u00edticos advierten que el nuevo gobierno enfrentar\u00e1 un escenario parlamentario complejo. Ninguna fuerza cuenta con mayor\u00eda propia en la Asamblea Legislativa, integrada por <strong>seis partidos<\/strong>, lo que obligar\u00e1 a <strong>tejer consensos<\/strong> para avanzar en reformas estructurales.<\/p>\n\n\n\n<p><em>\u201cEl nuevo presidente deber\u00e1 apagar un incendio que ya est\u00e1 propag\u00e1ndose. La prioridad ser\u00e1 la emergencia econ\u00f3mica; las reformas institucionales quedar\u00e1n en segundo plano\u201d<\/em>, evalu\u00f3 el consultor pol\u00edtico <strong>Carlos Saavedra<\/strong>.<\/p>\n\n\n\n<p>Con la victoria de Rodrigo Paz, Bolivia abre una <strong>nueva etapa pol\u00edtica<\/strong> signada por el desaf\u00edo de <strong>reconstruir la econom\u00eda<\/strong>, <strong>reducir la polarizaci\u00f3n<\/strong> y <strong>restaurar la confianza ciudadana<\/strong> en las instituciones democr\u00e1ticas.<\/p>\n","protected":false},"excerpt":{"rendered":"<p>Bolivia eligi\u00f3 este domingo a su nuevo presidente. Con el 97% de los votos escrutados, el senador Rodrigo Paz Pereira, candidato del Partido Dem\u00f3crata Cristiano [&hellip;]<\/p>\n","protected":false},"author":1,"featured_media":18522,"comment_status":"open","ping_status":"open","sticky":false,"template":"","format":"standard","meta":{"footnotes":""},"categories":[285],"tags":[],"class_list":["post-18521","post","type-post","status-publish","format-standard","has-post-thumbnail","hentry","category-internacionales"],"better_featured_image":{"id":18522,"alt_text":"","caption":"","description":"","media_type":"image","media_details":{"width":1258,"height":733,"file":"2025\/10\/rodpaz32.png","filesize":1746078,"sizes":{"medium":{"file":"rodpaz32-300x175.png","width":300,"height":175,"mime-type":"image\/png","filesize":38204,"source_url":"https:\/\/nuevodigitaldeescobar.com.ar\/wp-content\/uploads\/2025\/10\/rodpaz32-300x175.png"},"large":{"file":"rodpaz32-1024x597.png","width":1024,"height":597,"mime-type":"image\/png","filesize":360740,"source_url":"https:\/\/nuevodigitaldeescobar.com.ar\/wp-content\/uploads\/2025\/10\/rodpaz32-1024x597.png"},"thumbnail":{"file":"rodpaz32-150x150.png","width":150,"height":150,"mime-type":"image\/png","filesize":16897,"source_url":"https:\/\/nuevodigitaldeescobar.com.ar\/wp-content\/uploads\/2025\/10\/rodpaz32-150x150.png"},"medium_large":{"file":"rodpaz32-768x447.png","width":768,"height":447,"mime-type":"image\/png","filesize":204807,"source_url":"https:\/\/nuevodigitaldeescobar.com.ar\/wp-content\/uploads\/2025\/10\/rodpaz32-768x447.png"}},"image_meta":{"aperture":"0","credit":"","camera":"","caption":"","created_timestamp":"0","copyright":"","focal_length":"0","iso":"0","shutter_speed":"0","title":"","orientation":"0","keywords":[]}},"post":18521,"source_url":"https:\/\/nuevodigitaldeescobar.com.ar\/wp-content\/uploads\/2025\/10\/rodpaz32.png"},"yoast_head":"<!-- This site is optimized with the Yoast SEO plugin v26.1.1 - https:\/\/yoast.com\/wordpress\/plugins\/seo\/ -->\n<title>Rodrigo Paz, nuevo presidente electo de Bolivia: el pa\u00eds inicia una nueva etapa tras m\u00e1s de dos d\u00e9cadas del MAS en el poder - Nuevo Digital de Escobar<\/title>\n<meta name=\"robots\" content=\"index, follow, max-snippet:-1, max-image-preview:large, max-video-preview:-1\" \/>\n<link rel=\"canonical\" href=\"https:\/\/nuevodigitaldeescobar.com.ar\/?p=18521\" \/>\n<meta property=\"og:locale\" content=\"es_ES\" \/>\n<meta property=\"og:type\" content=\"article\" \/>\n<meta property=\"og:title\" content=\"Rodrigo Paz, nuevo presidente electo de Bolivia: el pa\u00eds inicia una nueva etapa tras m\u00e1s de dos d\u00e9cadas del MAS en el poder - Nuevo Digital de Escobar\" \/>\n<meta property=\"og:description\" content=\"Bolivia eligi\u00f3 este domingo a su nuevo presidente. Con el 97% de los votos escrutados, el senador Rodrigo Paz Pereira, candidato del Partido Dem\u00f3crata Cristiano [&hellip;]\" \/>\n<meta property=\"og:url\" content=\"https:\/\/nuevodigitaldeescobar.com.ar\/?p=18521\" \/>\n<meta property=\"og:site_name\" content=\"Nuevo Digital de Escobar\" \/>\n<meta property=\"article:publisher\" content=\"https:\/\/www.facebook.com\/NUEVODigitalDeEscobar\" \/>\n<meta property=\"article:published_time\" content=\"2025-10-20T04:31:00+00:00\" \/>\n<meta property=\"article:modified_time\" content=\"2025-10-20T04:31:12+00:00\" \/>\n<meta property=\"og:image\" content=\"http:\/\/nuevodigitaldeescobar.com.ar\/wp-content\/uploads\/2025\/10\/rodpaz32.png\" \/>\n\t<meta property=\"og:image:width\" content=\"1258\" \/>\n\t<meta property=\"og:image:height\" content=\"733\" \/>\n\t<meta property=\"og:image:type\" content=\"image\/png\" \/>\n<meta name=\"author\" content=\"Redacci\u00f3n\" \/>\n<meta name=\"twitter:card\" content=\"summary_large_image\" \/>\n<meta name=\"twitter:creator\" content=\"@nuevodigescobar\" \/>\n<meta name=\"twitter:site\" content=\"@nuevodigescobar\" \/>\n<meta name=\"twitter:label1\" content=\"Escrito por\" \/>\n\t<meta name=\"twitter:data1\" content=\"Redacci\u00f3n\" \/>\n\t<meta name=\"twitter:label2\" content=\"Tiempo de lectura\" \/>\n\t<meta name=\"twitter:data2\" content=\"3 minutos\" \/>\n<script type=\"application\/ld+json\" class=\"yoast-schema-graph\">{\"@context\":\"https:\/\/schema.org\",\"@graph\":[{\"@type\":\"Article\",\"@id\":\"https:\/\/nuevodigitaldeescobar.com.ar\/?p=18521#article\",\"isPartOf\":{\"@id\":\"https:\/\/nuevodigitaldeescobar.com.ar\/?p=18521\"},\"author\":{\"name\":\"Redacci\u00f3n\",\"@id\":\"https:\/\/nuevodigitaldeescobar.com.ar\/#\/schema\/person\/035e90a8efe9a80e6eec22656ad6ea4c\"},\"headline\":\"Rodrigo Paz, nuevo presidente electo de Bolivia: el pa\u00eds inicia una nueva etapa tras m\u00e1s de dos d\u00e9cadas del MAS en el poder\",\"datePublished\":\"2025-10-20T04:31:00+00:00\",\"dateModified\":\"2025-10-20T04:31:12+00:00\",\"mainEntityOfPage\":{\"@id\":\"https:\/\/nuevodigitaldeescobar.com.ar\/?p=18521\"},\"wordCount\":531,\"commentCount\":0,\"publisher\":{\"@id\":\"https:\/\/nuevodigitaldeescobar.com.ar\/#organization\"},\"image\":{\"@id\":\"https:\/\/nuevodigitaldeescobar.com.ar\/?p=18521#primaryimage\"},\"thumbnailUrl\":\"https:\/\/nuevodigitaldeescobar.com.ar\/wp-content\/uploads\/2025\/10\/rodpaz32.png\",\"articleSection\":[\"Internacionales\"],\"inLanguage\":\"es\",\"potentialAction\":[{\"@type\":\"CommentAction\",\"name\":\"Comment\",\"target\":[\"https:\/\/nuevodigitaldeescobar.com.ar\/?p=18521#respond\"]}]},{\"@type\":\"WebPage\",\"@id\":\"https:\/\/nuevodigitaldeescobar.com.ar\/?p=18521\",\"url\":\"https:\/\/nuevodigitaldeescobar.com.ar\/?p=18521\",\"name\":\"Rodrigo Paz, nuevo presidente electo de Bolivia: el pa\u00eds inicia una nueva etapa tras m\u00e1s de dos d\u00e9cadas del MAS en el poder - Nuevo Digital de Escobar\",\"isPartOf\":{\"@id\":\"https:\/\/nuevodigitaldeescobar.com.ar\/#website\"},\"primaryImageOfPage\":{\"@id\":\"https:\/\/nuevodigitaldeescobar.com.ar\/?p=18521#primaryimage\"},\"image\":{\"@id\":\"https:\/\/nuevodigitaldeescobar.com.ar\/?p=18521#primaryimage\"},\"thumbnailUrl\":\"https:\/\/nuevodigitaldeescobar.com.ar\/wp-content\/uploads\/2025\/10\/rodpaz32.png\",\"datePublished\":\"2025-10-20T04:31:00+00:00\",\"dateModified\":\"2025-10-20T04:31:12+00:00\",\"breadcrumb\":{\"@id\":\"https:\/\/nuevodigitaldeescobar.com.ar\/?p=18521#breadcrumb\"},\"inLanguage\":\"es\",\"potentialAction\":[{\"@type\":\"ReadAction\",\"target\":[\"https:\/\/nuevodigitaldeescobar.com.ar\/?p=18521\"]}]},{\"@type\":\"ImageObject\",\"inLanguage\":\"es\",\"@id\":\"https:\/\/nuevodigitaldeescobar.com.ar\/?p=18521#primaryimage\",\"url\":\"https:\/\/nuevodigitaldeescobar.com.ar\/wp-content\/uploads\/2025\/10\/rodpaz32.png\",\"contentUrl\":\"https:\/\/nuevodigitaldeescobar.com.ar\/wp-content\/uploads\/2025\/10\/rodpaz32.png\",\"width\":1258,\"height\":733},{\"@type\":\"BreadcrumbList\",\"@id\":\"https:\/\/nuevodigitaldeescobar.com.ar\/?p=18521#breadcrumb\",\"itemListElement\":[{\"@type\":\"ListItem\",\"position\":1,\"name\":\"Portada\",\"item\":\"https:\/\/nuevodigitaldeescobar.com.ar\/\"},{\"@type\":\"ListItem\",\"position\":2,\"name\":\"Rodrigo Paz, nuevo presidente electo de Bolivia: el pa\u00eds inicia una nueva etapa tras m\u00e1s de dos d\u00e9cadas del MAS en el poder\"}]},{\"@type\":\"WebSite\",\"@id\":\"https:\/\/nuevodigitaldeescobar.com.ar\/#website\",\"url\":\"https:\/\/nuevodigitaldeescobar.com.ar\/\",\"name\":\"Nuevo Digital de Escobar\",\"description\":\"La vida escobarense. Directora: Rosana Brunner\",\"publisher\":{\"@id\":\"https:\/\/nuevodigitaldeescobar.com.ar\/#organization\"},\"potentialAction\":[{\"@type\":\"SearchAction\",\"target\":{\"@type\":\"EntryPoint\",\"urlTemplate\":\"https:\/\/nuevodigitaldeescobar.com.ar\/?s={search_term_string}\"},\"query-input\":{\"@type\":\"PropertyValueSpecification\",\"valueRequired\":true,\"valueName\":\"search_term_string\"}}],\"inLanguage\":\"es\"},{\"@type\":\"Organization\",\"@id\":\"https:\/\/nuevodigitaldeescobar.com.ar\/#organization\",\"name\":\"Nuevo Digital de Escobar\",\"url\":\"https:\/\/nuevodigitaldeescobar.com.ar\/\",\"logo\":{\"@type\":\"ImageObject\",\"inLanguage\":\"es\",\"@id\":\"https:\/\/nuevodigitaldeescobar.com.ar\/#\/schema\/logo\/image\/\",\"url\":\"https:\/\/nuevodigitaldeescobar.com.ar\/wp-content\/uploads\/2025\/05\/cropped-logo-nuevo2.jpg\",\"contentUrl\":\"https:\/\/nuevodigitaldeescobar.com.ar\/wp-content\/uploads\/2025\/05\/cropped-logo-nuevo2.jpg\",\"width\":305,\"height\":305,\"caption\":\"Nuevo Digital de Escobar\"},\"image\":{\"@id\":\"https:\/\/nuevodigitaldeescobar.com.ar\/#\/schema\/logo\/image\/\"},\"sameAs\":[\"https:\/\/www.facebook.com\/NUEVODigitalDeEscobar\",\"https:\/\/x.com\/nuevodigescobar\",\"https:\/\/www.instagram.com\/nuevodigitaldeescobar\"]},{\"@type\":\"Person\",\"@id\":\"https:\/\/nuevodigitaldeescobar.com.ar\/#\/schema\/person\/035e90a8efe9a80e6eec22656ad6ea4c\",\"name\":\"Redacci\u00f3n\",\"image\":{\"@type\":\"ImageObject\",\"inLanguage\":\"es\",\"@id\":\"https:\/\/nuevodigitaldeescobar.com.ar\/#\/schema\/person\/image\/\",\"url\":\"https:\/\/secure.gravatar.com\/avatar\/8af8f40000c24e9eef3034f2be5998a372bb1389e64b1a4a36b3a7979142220d?s=96&d=mm&r=g\",\"contentUrl\":\"https:\/\/secure.gravatar.com\/avatar\/8af8f40000c24e9eef3034f2be5998a372bb1389e64b1a4a36b3a7979142220d?s=96&d=mm&r=g\",\"caption\":\"Redacci\u00f3n\"},\"sameAs\":[\"http:\/\/nuevodigitaldeescobar.com.ar\"],\"url\":\"https:\/\/nuevodigitaldeescobar.com.ar\/?author=1\"}]}<\/script>\n<!-- \/ Yoast SEO plugin. -->","yoast_head_json":{"title":"Rodrigo Paz, nuevo presidente electo de Bolivia: el pa\u00eds inicia una nueva etapa tras m\u00e1s de dos d\u00e9cadas del MAS en el poder - Nuevo Digital de Escobar","robots":{"index":"index","follow":"follow","max-snippet":"max-snippet:-1","max-image-preview":"max-image-preview:large","max-video-preview":"max-video-preview:-1"},"canonical":"https:\/\/nuevodigitaldeescobar.com.ar\/?p=18521","og_locale":"es_ES","og_type":"article","og_title":"Rodrigo Paz, nuevo presidente electo de Bolivia: el pa\u00eds inicia una nueva etapa tras m\u00e1s de dos d\u00e9cadas del MAS en el poder - Nuevo Digital de Escobar","og_description":"Bolivia eligi\u00f3 este domingo a su nuevo presidente. Con el 97% de los votos escrutados, el senador Rodrigo Paz Pereira, candidato del Partido Dem\u00f3crata Cristiano [&hellip;]","og_url":"https:\/\/nuevodigitaldeescobar.com.ar\/?p=18521","og_site_name":"Nuevo Digital de Escobar","article_publisher":"https:\/\/www.facebook.com\/NUEVODigitalDeEscobar","article_published_time":"2025-10-20T04:31:00+00:00","article_modified_time":"2025-10-20T04:31:12+00:00","og_image":[{"width":1258,"height":733,"url":"http:\/\/nuevodigitaldeescobar.com.ar\/wp-content\/uploads\/2025\/10\/rodpaz32.png","type":"image\/png"}],"author":"Redacci\u00f3n","twitter_card":"summary_large_image","twitter_creator":"@nuevodigescobar","twitter_site":"@nuevodigescobar","twitter_misc":{"Escrito por":"Redacci\u00f3n","Tiempo de lectura":"3 minutos"},"schema":{"@context":"https:\/\/schema.org","@graph":[{"@type":"Article","@id":"https:\/\/nuevodigitaldeescobar.com.ar\/?p=18521#article","isPartOf":{"@id":"https:\/\/nuevodigitaldeescobar.com.ar\/?p=18521"},"author":{"name":"Redacci\u00f3n","@id":"https:\/\/nuevodigitaldeescobar.com.ar\/#\/schema\/person\/035e90a8efe9a80e6eec22656ad6ea4c"},"headline":"Rodrigo Paz, nuevo presidente electo de Bolivia: el pa\u00eds inicia una nueva etapa tras m\u00e1s de dos d\u00e9cadas del MAS en el poder","datePublished":"2025-10-20T04:31:00+00:00","dateModified":"2025-10-20T04:31:12+00:00","mainEntityOfPage":{"@id":"https:\/\/nuevodigitaldeescobar.com.ar\/?p=18521"},"wordCount":531,"commentCount":0,"publisher":{"@id":"https:\/\/nuevodigitaldeescobar.com.ar\/#organization"},"image":{"@id":"https:\/\/nuevodigitaldeescobar.com.ar\/?p=18521#primaryimage"},"thumbnailUrl":"https:\/\/nuevodigitaldeescobar.com.ar\/wp-content\/uploads\/2025\/10\/rodpaz32.png","articleSection":["Internacionales"],"inLanguage":"es","potentialAction":[{"@type":"CommentAction","name":"Comment","target":["https:\/\/nuevodigitaldeescobar.com.ar\/?p=18521#respond"]}]},{"@type":"WebPage","@id":"https:\/\/nuevodigitaldeescobar.com.ar\/?p=18521","url":"https:\/\/nuevodigitaldeescobar.com.ar\/?p=18521","name":"Rodrigo Paz, nuevo presidente electo de Bolivia: el pa\u00eds inicia una nueva etapa tras m\u00e1s de dos d\u00e9cadas del MAS en el poder - Nuevo Digital de Escobar","isPartOf":{"@id":"https:\/\/nuevodigitaldeescobar.com.ar\/#website"},"primaryImageOfPage":{"@id":"https:\/\/nuevodigitaldeescobar.com.ar\/?p=18521#primaryimage"},"image":{"@id":"https:\/\/nuevodigitaldeescobar.com.ar\/?p=18521#primaryimage"},"thumbnailUrl":"https:\/\/nuevodigitaldeescobar.com.ar\/wp-content\/uploads\/2025\/10\/rodpaz32.png","datePublished":"2025-10-20T04:31:00+00:00","dateModified":"2025-10-20T04:31:12+00:00","breadcrumb":{"@id":"https:\/\/nuevodigitaldeescobar.com.ar\/?p=18521#breadcrumb"},"inLanguage":"es","potentialAction":[{"@type":"ReadAction","target":["https:\/\/nuevodigitaldeescobar.com.ar\/?p=18521"]}]},{"@type":"ImageObject","inLanguage":"es","@id":"https:\/\/nuevodigitaldeescobar.com.ar\/?p=18521#primaryimage","url":"https:\/\/nuevodigitaldeescobar.com.ar\/wp-content\/uploads\/2025\/10\/rodpaz32.png","contentUrl":"https:\/\/nuevodigitaldeescobar.com.ar\/wp-content\/uploads\/2025\/10\/rodpaz32.png","width":1258,"height":733},{"@type":"BreadcrumbList","@id":"https:\/\/nuevodigitaldeescobar.com.ar\/?p=18521#breadcrumb","itemListElement":[{"@type":"ListItem","position":1,"name":"Portada","item":"https:\/\/nuevodigitaldeescobar.com.ar\/"},{"@type":"ListItem","position":2,"name":"Rodrigo Paz, nuevo presidente electo de Bolivia: el pa\u00eds inicia una nueva etapa tras m\u00e1s de dos d\u00e9cadas del MAS en el poder"}]},{"@type":"WebSite","@id":"https:\/\/nuevodigitaldeescobar.com.ar\/#website","url":"https:\/\/nuevodigitaldeescobar.com.ar\/","name":"Nuevo Digital de Escobar","description":"La vida escobarense. Directora: Rosana Brunner","publisher":{"@id":"https:\/\/nuevodigitaldeescobar.com.ar\/#organization"},"potentialAction":[{"@type":"SearchAction","target":{"@type":"EntryPoint","urlTemplate":"https:\/\/nuevodigitaldeescobar.com.ar\/?s={search_term_string}"},"query-input":{"@type":"PropertyValueSpecification","valueRequired":true,"valueName":"search_term_string"}}],"inLanguage":"es"},{"@type":"Organization","@id":"https:\/\/nuevodigitaldeescobar.com.ar\/#organization","name":"Nuevo Digital de Escobar","url":"https:\/\/nuevodigitaldeescobar.com.ar\/","logo":{"@type":"ImageObject","inLanguage":"es","@id":"https:\/\/nuevodigitaldeescobar.com.ar\/#\/schema\/logo\/image\/","url":"https:\/\/nuevodigitaldeescobar.com.ar\/wp-content\/uploads\/2025\/05\/cropped-logo-nuevo2.jpg","contentUrl":"https:\/\/nuevodigitaldeescobar.com.ar\/wp-content\/uploads\/2025\/05\/cropped-logo-nuevo2.jpg","width":305,"height":305,"caption":"Nuevo Digital de Escobar"},"image":{"@id":"https:\/\/nuevodigitaldeescobar.com.ar\/#\/schema\/logo\/image\/"},"sameAs":["https:\/\/www.facebook.com\/NUEVODigitalDeEscobar","https:\/\/x.com\/nuevodigescobar","https:\/\/www.instagram.com\/nuevodigitaldeescobar"]},{"@type":"Person","@id":"https:\/\/nuevodigitaldeescobar.com.ar\/#\/schema\/person\/035e90a8efe9a80e6eec22656ad6ea4c","name":"Redacci\u00f3n","image":{"@type":"ImageObject","inLanguage":"es","@id":"https:\/\/nuevodigitaldeescobar.com.ar\/#\/schema\/person\/image\/","url":"https:\/\/secure.gravatar.com\/avatar\/8af8f40000c24e9eef3034f2be5998a372bb1389e64b1a4a36b3a7979142220d?s=96&d=mm&r=g","contentUrl":"https:\/\/secure.gravatar.com\/avatar\/8af8f40000c24e9eef3034f2be5998a372bb1389e64b1a4a36b3a7979142220d?s=96&d=mm&r=g","caption":"Redacci\u00f3n"},"sameAs":["http:\/\/nuevodigitaldeescobar.com.ar"],"url":"https:\/\/nuevodigitaldeescobar.com.ar\/?author=1"}]}},"featured_image_urls":{"full":["https:\/\/nuevodigitaldeescobar.com.ar\/wp-content\/uploads\/2025\/10\/rodpaz32.png",1258,733,false],"thumbnail":["https:\/\/nuevodigitaldeescobar.com.ar\/wp-content\/uploads\/2025\/10\/rodpaz32-150x150.png",150,150,true],"medium":["https:\/\/nuevodigitaldeescobar.com.ar\/wp-content\/uploads\/2025\/10\/rodpaz32-300x175.png",300,175,true],"medium_large":["https:\/\/nuevodigitaldeescobar.com.ar\/wp-content\/uploads\/2025\/10\/rodpaz32-768x447.png",640,373,true],"large":["https:\/\/nuevodigitaldeescobar.com.ar\/wp-content\/uploads\/2025\/10\/rodpaz32-1024x597.png",640,373,true],"1536x1536":["https:\/\/nuevodigitaldeescobar.com.ar\/wp-content\/uploads\/2025\/10\/rodpaz32.png",1258,733,false],"2048x2048":["https:\/\/nuevodigitaldeescobar.com.ar\/wp-content\/uploads\/2025\/10\/rodpaz32.png",1258,733,false]},"author_info":{"display_name":"Redacci\u00f3n","author_link":"https:\/\/nuevodigitaldeescobar.com.ar\/?author=1"},"category_info":"<a href=\"https:\/\/nuevodigitaldeescobar.com.ar\/?cat=285\" rel=\"category\">Internacionales<\/a>","tag_info":"Internacionales","comment_count":"0","_links":{"self":[{"href":"https:\/\/nuevodigitaldeescobar.com.ar\/index.php?rest_route=\/wp\/v2\/posts\/18521","targetHints":{"allow":["GET"]}}],"collection":[{"href":"https:\/\/nuevodigitaldeescobar.com.ar\/index.php?rest_route=\/wp\/v2\/posts"}],"about":[{"href":"https:\/\/nuevodigitaldeescobar.com.ar\/index.php?rest_route=\/wp\/v2\/types\/post"}],"author":[{"embeddable":true,"href":"https:\/\/nuevodigitaldeescobar.com.ar\/index.php?rest_route=\/wp\/v2\/users\/1"}],"replies":[{"embeddable":true,"href":"https:\/\/nuevodigitaldeescobar.com.ar\/index.php?rest_route=%2Fwp%2Fv2%2Fcomments&post=18521"}],"version-history":[{"count":1,"href":"https:\/\/nuevodigitaldeescobar.com.ar\/index.php?rest_route=\/wp\/v2\/posts\/18521\/revisions"}],"predecessor-version":[{"id":18523,"href":"https:\/\/nuevodigitaldeescobar.com.ar\/index.php?rest_route=\/wp\/v2\/posts\/18521\/revisions\/18523"}],"wp:featuredmedia":[{"embeddable":true,"href":"https:\/\/nuevodigitaldeescobar.com.ar\/index.php?rest_route=\/wp\/v2\/media\/18522"}],"wp:attachment":[{"href":"https:\/\/nuevodigitaldeescobar.com.ar\/index.php?rest_route=%2Fwp%2Fv2%2Fmedia&parent=18521"}],"wp:term":[{"taxonomy":"category","embeddable":true,"href":"https:\/\/nuevodigitaldeescobar.com.ar\/index.php?rest_route=%2Fwp%2Fv2%2Fcategories&post=18521"},{"taxonomy":"post_tag","embeddable":true,"href":"https:\/\/nuevodigitaldeescobar.com.ar\/index.php?rest_route=%2Fwp%2Fv2%2Ftags&post=18521"}],"curies":[{"name":"wp","href":"https:\/\/api.w.org\/{rel}","templated":true}]}}