{"id":18586,"date":"2025-10-24T10:32:46","date_gmt":"2025-10-24T13:32:46","guid":{"rendered":"https:\/\/nuevodigitaldeescobar.com.ar\/?p=18586"},"modified":"2025-10-24T10:55:05","modified_gmt":"2025-10-24T13:55:05","slug":"tragedia-en-panamericana-cinco-muertos-tras-un-brutal-choque-entre-camiones-y-autos-en-campana","status":"publish","type":"post","link":"https:\/\/nuevodigitaldeescobar.com.ar\/?p=18586","title":{"rendered":"Tragedia en Panamericana: cinco muertos tras un brutal choque entre camiones y autos en Campana"},"content":{"rendered":"\n<p class=\"has-vivid-cyan-blue-color has-text-color has-link-color wp-elements-7d0b75be0f4d4242fcdea6407582d386\"><strong><em>Un impresionante accidente se registr\u00f3 este jueves sobre la Ruta 9 Panamericana, a la altura del kil\u00f3metro 73, en Campana, cuando dos camiones y dos autos particulares protagonizaron una colisi\u00f3n m\u00faltiple que deriv\u00f3 en un incendio de gran magnitud.<br>El siniestro dej\u00f3 como saldo tres personas muertas y dos heridas que fueron trasladadas de urgencia al Hospital Municipal de Campana, que luego fallecieron.<\/em><\/strong><\/p>\n\n\n\n<!--more-->\n\n\n\n<p>El hecho ocurri\u00f3 pasadas las primeras horas de la tarde, a pocos metros del <strong>Parque Industrial de Campana<\/strong>, una zona con alto tr\u00e1nsito de transporte pesado. Seg\u00fan las primeras pericias, uno de los <strong>camiones Iveco que se dirig\u00eda hacia Rosario perdi\u00f3 el control<\/strong>, cruz\u00f3 el carril contrario y <strong>arrastr\u00f3 consigo a un autom\u00f3vil Citro\u00ebn C4<\/strong> que circulaba en el mismo sentido. En ese movimiento, impact\u00f3 de lleno contra otro <strong>cami\u00f3n Iveco que viajaba hacia Buenos Aires<\/strong> y contra una <strong>Peugeot Partner<\/strong>.<\/p>\n\n\n\n<figure class=\"wp-block-video aligncenter\"><video controls src=\"https:\/\/nuevodigitaldeescobar.com.ar\/wp-content\/uploads\/2025\/10\/accidentecampana34.mp4\"><\/video><\/figure>\n\n\n\n<h3 class=\"wp-block-heading has-text-color has-link-color wp-elements-0d16ee0f80f0d415994b85f1a76538f3\" style=\"color:#3931c3\">Un incendio incontrolable<\/h3>\n\n\n\n<p>El <strong>impacto fue devastador<\/strong>: el Citro\u00ebn qued\u00f3 <strong>prensado bajo los camiones<\/strong>, lo que gener\u00f3 un <strong>foco \u00edgneo en el motor<\/strong> que se expandi\u00f3 con rapidez, provocando una densa columna de humo visible a varios kil\u00f3metros.<br>La Peugeot Partner qued\u00f3 <strong>aplastada contra el guardarra\u00edl<\/strong>, mientras que las <strong>cabinas de ambos camiones terminaron completamente carbonizadas<\/strong>.<\/p>\n\n\n\n<p>Bomberos Voluntarios de Campana, personal de <strong>Autopistas del Sol<\/strong> y efectivos policiales trabajaron durante horas para <strong>sofocar las llamas, rescatar los cuerpos y liberar la traza<\/strong>, mientras el tr\u00e1nsito qued\u00f3 <strong>interrumpido en ambos sentidos<\/strong>. Los veh\u00edculos fueron <strong>desviados hacia la Colectora Sur y el puente de Otamendi<\/strong>, generando un <strong>congestionamiento de m\u00e1s de cinco kil\u00f3metros<\/strong>.<\/p>\n\n\n\n<h3 class=\"wp-block-heading has-text-color has-link-color wp-elements-66e23bc26f4acdc4e5cb075c02777a7d\" style=\"color:#3931c3\">Cargas pesadas y causas en investigaci\u00f3n<\/h3>\n\n\n\n<p>De acuerdo con fuentes policiales, uno de los camiones transportaba <strong>bobinas met\u00e1licas<\/strong>, mientras que el otro llevaba <strong>zanahorias<\/strong>. Ambas cargas quedaron esparcidas sobre la calzada.<br>Las v\u00edctimas fatales, seg\u00fan confirmaron los bomberos, <strong>murieron calcinadas dentro de los veh\u00edculos<\/strong>, lo que gener\u00f3 un profundo impacto en la comunidad y entre los equipos de emergencia.<\/p>\n\n\n\n<p>Las causas del siniestro <strong>a\u00fan se investigan<\/strong>, aunque todo indica que <strong>un desperfecto mec\u00e1nico<\/strong> o <strong>una maniobra brusca<\/strong> podr\u00edan haber sido los desencadenantes.<\/p>\n\n\n\n<h3 class=\"wp-block-heading has-text-color has-link-color wp-elements-6e1e862438cbfebac0cd9bbe3498104b\" style=\"color:#3931c3\">Video impactante<\/h3>\n\n\n\n<p>Horas m\u00e1s tarde, se difundieron <strong>impactantes im\u00e1genes del momento exacto del accidente<\/strong>, en las que se observa c\u00f3mo uno de los camiones pierde el dominio, cruza el carril contrario y arrastra al auto antes de chocar de frente con el otro transporte pesado. En cuesti\u00f3n de segundos, el fuego envuelve toda la escena.<\/p>\n\n\n\n<p>El tr\u00e1gico episodio vuelve a poner en foco la <strong>seguridad vial en los corredores industriales del norte bonaerense<\/strong>, donde el tr\u00e1nsito constante de camiones representa un riesgo latente.<\/p>\n","protected":false},"excerpt":{"rendered":"<p>Un impresionante accidente se registr\u00f3 este jueves sobre la Ruta 9 Panamericana, a la altura del kil\u00f3metro 73, en Campana, cuando dos camiones y dos [&hellip;]<\/p>\n","protected":false},"author":1,"featured_media":18581,"comment_status":"open","ping_status":"open","sticky":false,"template":"","format":"standard","meta":{"footnotes":""},"categories":[15],"tags":[],"class_list":["post-18586","post","type-post","status-publish","format-standard","has-post-thumbnail","hentry","category-sociedad"],"better_featured_image":{"id":18581,"alt_text":"","caption":"","description":"","media_type":"image","media_details":{"width":660,"height":330,"file":"2025\/10\/accidcampana55.webp","filesize":27764,"sizes":{"medium":{"file":"accidcampana55-300x150.webp","width":300,"height":150,"mime-type":"image\/webp","filesize":9868,"source_url":"https:\/\/nuevodigitaldeescobar.com.ar\/wp-content\/uploads\/2025\/10\/accidcampana55-300x150.webp"},"thumbnail":{"file":"accidcampana55-150x150.webp","width":150,"height":150,"mime-type":"image\/webp","filesize":5148,"source_url":"https:\/\/nuevodigitaldeescobar.com.ar\/wp-content\/uploads\/2025\/10\/accidcampana55-150x150.webp"}},"image_meta":{"aperture":"0","credit":"","camera":"","caption":"","created_timestamp":"0","copyright":"","focal_length":"0","iso":"0","shutter_speed":"0","title":"","orientation":"0","keywords":[]}},"post":null,"source_url":"https:\/\/nuevodigitaldeescobar.com.ar\/wp-content\/uploads\/2025\/10\/accidcampana55.webp"},"yoast_head":"<!-- This site is optimized with the Yoast SEO plugin v26.1.1 - https:\/\/yoast.com\/wordpress\/plugins\/seo\/ -->\n<title>Tragedia en Panamericana: cinco muertos tras un brutal choque entre camiones y autos en Campana - Nuevo Digital de Escobar<\/title>\n<meta name=\"robots\" content=\"index, follow, max-snippet:-1, max-image-preview:large, max-video-preview:-1\" \/>\n<link rel=\"canonical\" href=\"https:\/\/nuevodigitaldeescobar.com.ar\/?p=18586\" \/>\n<meta property=\"og:locale\" content=\"es_ES\" \/>\n<meta property=\"og:type\" content=\"article\" \/>\n<meta property=\"og:title\" content=\"Tragedia en Panamericana: cinco muertos tras un brutal choque entre camiones y autos en Campana - Nuevo Digital de Escobar\" \/>\n<meta property=\"og:description\" content=\"Un impresionante accidente se registr\u00f3 este jueves sobre la Ruta 9 Panamericana, a la altura del kil\u00f3metro 73, en Campana, cuando dos camiones y dos [&hellip;]\" \/>\n<meta property=\"og:url\" content=\"https:\/\/nuevodigitaldeescobar.com.ar\/?p=18586\" \/>\n<meta property=\"og:site_name\" content=\"Nuevo Digital de Escobar\" \/>\n<meta property=\"article:publisher\" content=\"https:\/\/www.facebook.com\/NUEVODigitalDeEscobar\" \/>\n<meta property=\"article:published_time\" content=\"2025-10-24T13:32:46+00:00\" \/>\n<meta property=\"article:modified_time\" content=\"2025-10-24T13:55:05+00:00\" \/>\n<meta property=\"og:image\" content=\"http:\/\/nuevodigitaldeescobar.com.ar\/wp-content\/uploads\/2025\/10\/accidcampana55.webp\" \/>\n\t<meta property=\"og:image:width\" content=\"660\" \/>\n\t<meta property=\"og:image:height\" content=\"330\" \/>\n\t<meta property=\"og:image:type\" content=\"image\/webp\" \/>\n<meta name=\"author\" content=\"Redacci\u00f3n\" \/>\n<meta name=\"twitter:card\" content=\"summary_large_image\" \/>\n<meta name=\"twitter:creator\" content=\"@nuevodigescobar\" \/>\n<meta name=\"twitter:site\" content=\"@nuevodigescobar\" \/>\n<meta name=\"twitter:label1\" content=\"Escrito por\" \/>\n\t<meta name=\"twitter:data1\" content=\"Redacci\u00f3n\" \/>\n\t<meta name=\"twitter:label2\" content=\"Tiempo de lectura\" \/>\n\t<meta name=\"twitter:data2\" content=\"3 minutos\" \/>\n<script type=\"application\/ld+json\" class=\"yoast-schema-graph\">{\"@context\":\"https:\/\/schema.org\",\"@graph\":[{\"@type\":\"Article\",\"@id\":\"https:\/\/nuevodigitaldeescobar.com.ar\/?p=18586#article\",\"isPartOf\":{\"@id\":\"https:\/\/nuevodigitaldeescobar.com.ar\/?p=18586\"},\"author\":{\"name\":\"Redacci\u00f3n\",\"@id\":\"https:\/\/nuevodigitaldeescobar.com.ar\/#\/schema\/person\/035e90a8efe9a80e6eec22656ad6ea4c\"},\"headline\":\"Tragedia en Panamericana: cinco muertos tras un brutal choque entre camiones y autos en Campana\",\"datePublished\":\"2025-10-24T13:32:46+00:00\",\"dateModified\":\"2025-10-24T13:55:05+00:00\",\"mainEntityOfPage\":{\"@id\":\"https:\/\/nuevodigitaldeescobar.com.ar\/?p=18586\"},\"wordCount\":463,\"commentCount\":0,\"publisher\":{\"@id\":\"https:\/\/nuevodigitaldeescobar.com.ar\/#organization\"},\"image\":{\"@id\":\"https:\/\/nuevodigitaldeescobar.com.ar\/?p=18586#primaryimage\"},\"thumbnailUrl\":\"https:\/\/nuevodigitaldeescobar.com.ar\/wp-content\/uploads\/2025\/10\/accidcampana55.webp\",\"articleSection\":[\"Sociedad\"],\"inLanguage\":\"es\",\"potentialAction\":[{\"@type\":\"CommentAction\",\"name\":\"Comment\",\"target\":[\"https:\/\/nuevodigitaldeescobar.com.ar\/?p=18586#respond\"]}]},{\"@type\":\"WebPage\",\"@id\":\"https:\/\/nuevodigitaldeescobar.com.ar\/?p=18586\",\"url\":\"https:\/\/nuevodigitaldeescobar.com.ar\/?p=18586\",\"name\":\"Tragedia en Panamericana: cinco muertos tras un brutal choque entre camiones y autos en Campana - Nuevo Digital de Escobar\",\"isPartOf\":{\"@id\":\"https:\/\/nuevodigitaldeescobar.com.ar\/#website\"},\"primaryImageOfPage\":{\"@id\":\"https:\/\/nuevodigitaldeescobar.com.ar\/?p=18586#primaryimage\"},\"image\":{\"@id\":\"https:\/\/nuevodigitaldeescobar.com.ar\/?p=18586#primaryimage\"},\"thumbnailUrl\":\"https:\/\/nuevodigitaldeescobar.com.ar\/wp-content\/uploads\/2025\/10\/accidcampana55.webp\",\"datePublished\":\"2025-10-24T13:32:46+00:00\",\"dateModified\":\"2025-10-24T13:55:05+00:00\",\"breadcrumb\":{\"@id\":\"https:\/\/nuevodigitaldeescobar.com.ar\/?p=18586#breadcrumb\"},\"inLanguage\":\"es\",\"potentialAction\":[{\"@type\":\"ReadAction\",\"target\":[\"https:\/\/nuevodigitaldeescobar.com.ar\/?p=18586\"]}]},{\"@type\":\"ImageObject\",\"inLanguage\":\"es\",\"@id\":\"https:\/\/nuevodigitaldeescobar.com.ar\/?p=18586#primaryimage\",\"url\":\"https:\/\/nuevodigitaldeescobar.com.ar\/wp-content\/uploads\/2025\/10\/accidcampana55.webp\",\"contentUrl\":\"https:\/\/nuevodigitaldeescobar.com.ar\/wp-content\/uploads\/2025\/10\/accidcampana55.webp\",\"width\":660,\"height\":330},{\"@type\":\"BreadcrumbList\",\"@id\":\"https:\/\/nuevodigitaldeescobar.com.ar\/?p=18586#breadcrumb\",\"itemListElement\":[{\"@type\":\"ListItem\",\"position\":1,\"name\":\"Portada\",\"item\":\"https:\/\/nuevodigitaldeescobar.com.ar\/\"},{\"@type\":\"ListItem\",\"position\":2,\"name\":\"Tragedia en Panamericana: cinco muertos tras un brutal choque entre camiones y autos en Campana\"}]},{\"@type\":\"WebSite\",\"@id\":\"https:\/\/nuevodigitaldeescobar.com.ar\/#website\",\"url\":\"https:\/\/nuevodigitaldeescobar.com.ar\/\",\"name\":\"Nuevo Digital de Escobar\",\"description\":\"La vida escobarense. Directora: Rosana Brunner\",\"publisher\":{\"@id\":\"https:\/\/nuevodigitaldeescobar.com.ar\/#organization\"},\"potentialAction\":[{\"@type\":\"SearchAction\",\"target\":{\"@type\":\"EntryPoint\",\"urlTemplate\":\"https:\/\/nuevodigitaldeescobar.com.ar\/?s={search_term_string}\"},\"query-input\":{\"@type\":\"PropertyValueSpecification\",\"valueRequired\":true,\"valueName\":\"search_term_string\"}}],\"inLanguage\":\"es\"},{\"@type\":\"Organization\",\"@id\":\"https:\/\/nuevodigitaldeescobar.com.ar\/#organization\",\"name\":\"Nuevo Digital de Escobar\",\"url\":\"https:\/\/nuevodigitaldeescobar.com.ar\/\",\"logo\":{\"@type\":\"ImageObject\",\"inLanguage\":\"es\",\"@id\":\"https:\/\/nuevodigitaldeescobar.com.ar\/#\/schema\/logo\/image\/\",\"url\":\"https:\/\/nuevodigitaldeescobar.com.ar\/wp-content\/uploads\/2025\/05\/cropped-logo-nuevo2.jpg\",\"contentUrl\":\"https:\/\/nuevodigitaldeescobar.com.ar\/wp-content\/uploads\/2025\/05\/cropped-logo-nuevo2.jpg\",\"width\":305,\"height\":305,\"caption\":\"Nuevo Digital de Escobar\"},\"image\":{\"@id\":\"https:\/\/nuevodigitaldeescobar.com.ar\/#\/schema\/logo\/image\/\"},\"sameAs\":[\"https:\/\/www.facebook.com\/NUEVODigitalDeEscobar\",\"https:\/\/x.com\/nuevodigescobar\",\"https:\/\/www.instagram.com\/nuevodigitaldeescobar\"]},{\"@type\":\"Person\",\"@id\":\"https:\/\/nuevodigitaldeescobar.com.ar\/#\/schema\/person\/035e90a8efe9a80e6eec22656ad6ea4c\",\"name\":\"Redacci\u00f3n\",\"image\":{\"@type\":\"ImageObject\",\"inLanguage\":\"es\",\"@id\":\"https:\/\/nuevodigitaldeescobar.com.ar\/#\/schema\/person\/image\/\",\"url\":\"https:\/\/secure.gravatar.com\/avatar\/8af8f40000c24e9eef3034f2be5998a372bb1389e64b1a4a36b3a7979142220d?s=96&d=mm&r=g\",\"contentUrl\":\"https:\/\/secure.gravatar.com\/avatar\/8af8f40000c24e9eef3034f2be5998a372bb1389e64b1a4a36b3a7979142220d?s=96&d=mm&r=g\",\"caption\":\"Redacci\u00f3n\"},\"sameAs\":[\"http:\/\/nuevodigitaldeescobar.com.ar\"],\"url\":\"https:\/\/nuevodigitaldeescobar.com.ar\/?author=1\"}]}<\/script>\n<!-- \/ Yoast SEO plugin. -->","yoast_head_json":{"title":"Tragedia en Panamericana: cinco muertos tras un brutal choque entre camiones y autos en Campana - Nuevo Digital de Escobar","robots":{"index":"index","follow":"follow","max-snippet":"max-snippet:-1","max-image-preview":"max-image-preview:large","max-video-preview":"max-video-preview:-1"},"canonical":"https:\/\/nuevodigitaldeescobar.com.ar\/?p=18586","og_locale":"es_ES","og_type":"article","og_title":"Tragedia en Panamericana: cinco muertos tras un brutal choque entre camiones y autos en Campana - Nuevo Digital de Escobar","og_description":"Un impresionante accidente se registr\u00f3 este jueves sobre la Ruta 9 Panamericana, a la altura del kil\u00f3metro 73, en Campana, cuando dos camiones y dos [&hellip;]","og_url":"https:\/\/nuevodigitaldeescobar.com.ar\/?p=18586","og_site_name":"Nuevo Digital de Escobar","article_publisher":"https:\/\/www.facebook.com\/NUEVODigitalDeEscobar","article_published_time":"2025-10-24T13:32:46+00:00","article_modified_time":"2025-10-24T13:55:05+00:00","og_image":[{"width":660,"height":330,"url":"http:\/\/nuevodigitaldeescobar.com.ar\/wp-content\/uploads\/2025\/10\/accidcampana55.webp","type":"image\/webp"}],"author":"Redacci\u00f3n","twitter_card":"summary_large_image","twitter_creator":"@nuevodigescobar","twitter_site":"@nuevodigescobar","twitter_misc":{"Escrito por":"Redacci\u00f3n","Tiempo de lectura":"3 minutos"},"schema":{"@context":"https:\/\/schema.org","@graph":[{"@type":"Article","@id":"https:\/\/nuevodigitaldeescobar.com.ar\/?p=18586#article","isPartOf":{"@id":"https:\/\/nuevodigitaldeescobar.com.ar\/?p=18586"},"author":{"name":"Redacci\u00f3n","@id":"https:\/\/nuevodigitaldeescobar.com.ar\/#\/schema\/person\/035e90a8efe9a80e6eec22656ad6ea4c"},"headline":"Tragedia en Panamericana: cinco muertos tras un brutal choque entre camiones y autos en Campana","datePublished":"2025-10-24T13:32:46+00:00","dateModified":"2025-10-24T13:55:05+00:00","mainEntityOfPage":{"@id":"https:\/\/nuevodigitaldeescobar.com.ar\/?p=18586"},"wordCount":463,"commentCount":0,"publisher":{"@id":"https:\/\/nuevodigitaldeescobar.com.ar\/#organization"},"image":{"@id":"https:\/\/nuevodigitaldeescobar.com.ar\/?p=18586#primaryimage"},"thumbnailUrl":"https:\/\/nuevodigitaldeescobar.com.ar\/wp-content\/uploads\/2025\/10\/accidcampana55.webp","articleSection":["Sociedad"],"inLanguage":"es","potentialAction":[{"@type":"CommentAction","name":"Comment","target":["https:\/\/nuevodigitaldeescobar.com.ar\/?p=18586#respond"]}]},{"@type":"WebPage","@id":"https:\/\/nuevodigitaldeescobar.com.ar\/?p=18586","url":"https:\/\/nuevodigitaldeescobar.com.ar\/?p=18586","name":"Tragedia en Panamericana: cinco muertos tras un brutal choque entre camiones y autos en Campana - Nuevo Digital de Escobar","isPartOf":{"@id":"https:\/\/nuevodigitaldeescobar.com.ar\/#website"},"primaryImageOfPage":{"@id":"https:\/\/nuevodigitaldeescobar.com.ar\/?p=18586#primaryimage"},"image":{"@id":"https:\/\/nuevodigitaldeescobar.com.ar\/?p=18586#primaryimage"},"thumbnailUrl":"https:\/\/nuevodigitaldeescobar.com.ar\/wp-content\/uploads\/2025\/10\/accidcampana55.webp","datePublished":"2025-10-24T13:32:46+00:00","dateModified":"2025-10-24T13:55:05+00:00","breadcrumb":{"@id":"https:\/\/nuevodigitaldeescobar.com.ar\/?p=18586#breadcrumb"},"inLanguage":"es","potentialAction":[{"@type":"ReadAction","target":["https:\/\/nuevodigitaldeescobar.com.ar\/?p=18586"]}]},{"@type":"ImageObject","inLanguage":"es","@id":"https:\/\/nuevodigitaldeescobar.com.ar\/?p=18586#primaryimage","url":"https:\/\/nuevodigitaldeescobar.com.ar\/wp-content\/uploads\/2025\/10\/accidcampana55.webp","contentUrl":"https:\/\/nuevodigitaldeescobar.com.ar\/wp-content\/uploads\/2025\/10\/accidcampana55.webp","width":660,"height":330},{"@type":"BreadcrumbList","@id":"https:\/\/nuevodigitaldeescobar.com.ar\/?p=18586#breadcrumb","itemListElement":[{"@type":"ListItem","position":1,"name":"Portada","item":"https:\/\/nuevodigitaldeescobar.com.ar\/"},{"@type":"ListItem","position":2,"name":"Tragedia en Panamericana: cinco muertos tras un brutal choque entre camiones y autos en Campana"}]},{"@type":"WebSite","@id":"https:\/\/nuevodigitaldeescobar.com.ar\/#website","url":"https:\/\/nuevodigitaldeescobar.com.ar\/","name":"Nuevo Digital de Escobar","description":"La vida escobarense. Directora: Rosana Brunner","publisher":{"@id":"https:\/\/nuevodigitaldeescobar.com.ar\/#organization"},"potentialAction":[{"@type":"SearchAction","target":{"@type":"EntryPoint","urlTemplate":"https:\/\/nuevodigitaldeescobar.com.ar\/?s={search_term_string}"},"query-input":{"@type":"PropertyValueSpecification","valueRequired":true,"valueName":"search_term_string"}}],"inLanguage":"es"},{"@type":"Organization","@id":"https:\/\/nuevodigitaldeescobar.com.ar\/#organization","name":"Nuevo Digital de Escobar","url":"https:\/\/nuevodigitaldeescobar.com.ar\/","logo":{"@type":"ImageObject","inLanguage":"es","@id":"https:\/\/nuevodigitaldeescobar.com.ar\/#\/schema\/logo\/image\/","url":"https:\/\/nuevodigitaldeescobar.com.ar\/wp-content\/uploads\/2025\/05\/cropped-logo-nuevo2.jpg","contentUrl":"https:\/\/nuevodigitaldeescobar.com.ar\/wp-content\/uploads\/2025\/05\/cropped-logo-nuevo2.jpg","width":305,"height":305,"caption":"Nuevo Digital de Escobar"},"image":{"@id":"https:\/\/nuevodigitaldeescobar.com.ar\/#\/schema\/logo\/image\/"},"sameAs":["https:\/\/www.facebook.com\/NUEVODigitalDeEscobar","https:\/\/x.com\/nuevodigescobar","https:\/\/www.instagram.com\/nuevodigitaldeescobar"]},{"@type":"Person","@id":"https:\/\/nuevodigitaldeescobar.com.ar\/#\/schema\/person\/035e90a8efe9a80e6eec22656ad6ea4c","name":"Redacci\u00f3n","image":{"@type":"ImageObject","inLanguage":"es","@id":"https:\/\/nuevodigitaldeescobar.com.ar\/#\/schema\/person\/image\/","url":"https:\/\/secure.gravatar.com\/avatar\/8af8f40000c24e9eef3034f2be5998a372bb1389e64b1a4a36b3a7979142220d?s=96&d=mm&r=g","contentUrl":"https:\/\/secure.gravatar.com\/avatar\/8af8f40000c24e9eef3034f2be5998a372bb1389e64b1a4a36b3a7979142220d?s=96&d=mm&r=g","caption":"Redacci\u00f3n"},"sameAs":["http:\/\/nuevodigitaldeescobar.com.ar"],"url":"https:\/\/nuevodigitaldeescobar.com.ar\/?author=1"}]}},"featured_image_urls":{"full":["https:\/\/nuevodigitaldeescobar.com.ar\/wp-content\/uploads\/2025\/10\/accidcampana55.webp",660,330,false],"thumbnail":["https:\/\/nuevodigitaldeescobar.com.ar\/wp-content\/uploads\/2025\/10\/accidcampana55-150x150.webp",150,150,true],"medium":["https:\/\/nuevodigitaldeescobar.com.ar\/wp-content\/uploads\/2025\/10\/accidcampana55-300x150.webp",300,150,true],"medium_large":["https:\/\/nuevodigitaldeescobar.com.ar\/wp-content\/uploads\/2025\/10\/accidcampana55.webp",640,320,false],"large":["https:\/\/nuevodigitaldeescobar.com.ar\/wp-content\/uploads\/2025\/10\/accidcampana55.webp",640,320,false],"1536x1536":["https:\/\/nuevodigitaldeescobar.com.ar\/wp-content\/uploads\/2025\/10\/accidcampana55.webp",660,330,false],"2048x2048":["https:\/\/nuevodigitaldeescobar.com.ar\/wp-content\/uploads\/2025\/10\/accidcampana55.webp",660,330,false]},"author_info":{"display_name":"Redacci\u00f3n","author_link":"https:\/\/nuevodigitaldeescobar.com.ar\/?author=1"},"category_info":"<a href=\"https:\/\/nuevodigitaldeescobar.com.ar\/?cat=15\" rel=\"category\">Sociedad<\/a>","tag_info":"Sociedad","comment_count":"0","_links":{"self":[{"href":"https:\/\/nuevodigitaldeescobar.com.ar\/index.php?rest_route=\/wp\/v2\/posts\/18586","targetHints":{"allow":["GET"]}}],"collection":[{"href":"https:\/\/nuevodigitaldeescobar.com.ar\/index.php?rest_route=\/wp\/v2\/posts"}],"about":[{"href":"https:\/\/nuevodigitaldeescobar.com.ar\/index.php?rest_route=\/wp\/v2\/types\/post"}],"author":[{"embeddable":true,"href":"https:\/\/nuevodigitaldeescobar.com.ar\/index.php?rest_route=\/wp\/v2\/users\/1"}],"replies":[{"embeddable":true,"href":"https:\/\/nuevodigitaldeescobar.com.ar\/index.php?rest_route=%2Fwp%2Fv2%2Fcomments&post=18586"}],"version-history":[{"count":1,"href":"https:\/\/nuevodigitaldeescobar.com.ar\/index.php?rest_route=\/wp\/v2\/posts\/18586\/revisions"}],"predecessor-version":[{"id":18589,"href":"https:\/\/nuevodigitaldeescobar.com.ar\/index.php?rest_route=\/wp\/v2\/posts\/18586\/revisions\/18589"}],"wp:featuredmedia":[{"embeddable":true,"href":"https:\/\/nuevodigitaldeescobar.com.ar\/index.php?rest_route=\/wp\/v2\/media\/18581"}],"wp:attachment":[{"href":"https:\/\/nuevodigitaldeescobar.com.ar\/index.php?rest_route=%2Fwp%2Fv2%2Fmedia&parent=18586"}],"wp:term":[{"taxonomy":"category","embeddable":true,"href":"https:\/\/nuevodigitaldeescobar.com.ar\/index.php?rest_route=%2Fwp%2Fv2%2Fcategories&post=18586"},{"taxonomy":"post_tag","embeddable":true,"href":"https:\/\/nuevodigitaldeescobar.com.ar\/index.php?rest_route=%2Fwp%2Fv2%2Ftags&post=18586"}],"curies":[{"name":"wp","href":"https:\/\/api.w.org\/{rel}","templated":true}]}}