{"id":18617,"date":"2025-10-25T21:31:11","date_gmt":"2025-10-26T00:31:11","guid":{"rendered":"https:\/\/nuevodigitaldeescobar.com.ar\/?p=18617"},"modified":"2025-10-25T21:31:22","modified_gmt":"2025-10-26T00:31:22","slug":"violento-choque-entre-un-colectivo-y-dos-autos-en-panamericana-tres-heridos","status":"publish","type":"post","link":"https:\/\/nuevodigitaldeescobar.com.ar\/?p=18617","title":{"rendered":"Violento choque entre un colectivo y dos autos en Panamericana: tres heridos"},"content":{"rendered":"\n<p class=\"has-vivid-cyan-blue-color has-text-color has-link-color wp-elements-ff8464cdb628030a93fedc73d595455f\"><strong><em>Un fuerte accidente de tr\u00e1nsito ocurrido este s\u00e1bado por la tarde en el kil\u00f3metro 47 de la autopista Panamericana, mano a Provincia, dej\u00f3 tres personas heridas, entre ellas una con fractura expuesta, y provoc\u00f3 importantes demoras en el tr\u00e1nsito.<\/em><\/strong><\/p>\n\n\n\n<!--more-->\n\n\n\n<p>El siniestro se produjo alrededor de las <strong>15:00<\/strong>, cuando un <strong>colectivo de la l\u00ednea 60<\/strong>, interno 6456 de la empresa <strong>MONSA<\/strong>, impact\u00f3 contra un <strong>Volkswagen Fox<\/strong> y un <strong>Ford Focus<\/strong> en el carril lento. Las causas del accidente a\u00fan se encuentran bajo investigaci\u00f3n, aunque testigos indicaron que el colectivo habr\u00eda embestido a los veh\u00edculos en una zona donde el tr\u00e1nsito ya ven\u00eda reducido por otro choque registrado pocos kil\u00f3metros antes.<\/p>\n\n\n\n<p>A ra\u00edz del impacto, el <strong>Volkswagen Fox<\/strong> qued\u00f3 con <strong>graves da\u00f1os en su lateral derecho<\/strong>, con la carrocer\u00eda hundida y las puertas deformadas. Su conductor, <strong>Pedro C\u00f3rdoba (29)<\/strong>, fue trasladado de urgencia al <strong>Hospital Erill de Escobar<\/strong> con una <strong>fractura expuesta en la pierna izquierda<\/strong>.<\/p>\n\n\n\n<p>En tanto, dos pasajeras del colectivo \u2014<strong>una mujer de 74 a\u00f1os y otra de 49<\/strong>\u2014 tambi\u00e9n sufrieron lesiones y fueron derivadas a la <strong>Unidad de Diagn\u00f3stico Precoz (UDP) de Gar\u00edn<\/strong>. El resto de los pasajeros fue revisado en el lugar por personal m\u00e9dico, sin registrarse m\u00e1s heridos de gravedad.<\/p>\n\n\n\n<p>En el <strong>Ford Focus<\/strong> viajaba una familia integrada por <strong>Jhon Sallago Zagarra (38)<\/strong>, <strong>Ester Espinosa Morales (37)<\/strong> y su hijo de <strong>4 a\u00f1os<\/strong>, quienes afortunadamente resultaron <strong>ilesos<\/strong>. El micro, conducido por <strong>F\u00e9lix Ruiz (40)<\/strong>, transportaba al menos <strong>ocho pasajeros m\u00e1s<\/strong>.<\/p>\n\n\n\n<p>En el operativo trabajaron <strong>ambulancias del SAME y de la empresa Acudir<\/strong>, <strong>efectivos del Comando de Patrullas de Escobar<\/strong>, <strong>Polic\u00eda Cient\u00edfica<\/strong> y personal de <strong>Autopistas del Sol<\/strong>, quienes debieron cortar el carril lento durante m\u00e1s de una hora para asistir a las v\u00edctimas, realizar peritajes y despejar la v\u00eda.<\/p>\n\n\n\n<p>El choque gener\u00f3 un <strong>congestionamiento de casi dos kil\u00f3metros<\/strong>, agravado por otro siniestro ocurrido poco antes en la misma traza, cerca del acceso a Bel\u00e9n de Escobar.<\/p>\n\n\n\n<p>A pesar de la magnitud del impacto y del da\u00f1o material, <strong>no hubo v\u00edctimas fatales<\/strong>. La <strong>Comisar\u00eda Escobar 1\u00aa<\/strong> instruy\u00f3 una causa por <strong>\u201clesiones culposas\u201d<\/strong> y dio intervenci\u00f3n a la <strong>Fiscal\u00eda de turno del Departamento Judicial Z\u00e1rate-Campana<\/strong>.<\/p>\n","protected":false},"excerpt":{"rendered":"<p>Un fuerte accidente de tr\u00e1nsito ocurrido este s\u00e1bado por la tarde en el kil\u00f3metro 47 de la autopista Panamericana, mano a Provincia, dej\u00f3 tres personas [&hellip;]<\/p>\n","protected":false},"author":1,"featured_media":18619,"comment_status":"open","ping_status":"open","sticky":false,"template":"","format":"standard","meta":{"footnotes":""},"categories":[15],"tags":[],"class_list":["post-18617","post","type-post","status-publish","format-standard","has-post-thumbnail","hentry","category-sociedad"],"better_featured_image":{"id":18619,"alt_text":"","caption":"","description":"","media_type":"image","media_details":{"width":1230,"height":634,"file":"2025\/10\/accpanaes93.png","filesize":1476469,"sizes":{"medium":{"file":"accpanaes93-300x155.png","width":300,"height":155,"mime-type":"image\/png","filesize":40481,"source_url":"https:\/\/nuevodigitaldeescobar.com.ar\/wp-content\/uploads\/2025\/10\/accpanaes93-300x155.png"},"large":{"file":"accpanaes93-1024x528.png","width":1024,"height":528,"mime-type":"image\/png","filesize":369915,"source_url":"https:\/\/nuevodigitaldeescobar.com.ar\/wp-content\/uploads\/2025\/10\/accpanaes93-1024x528.png"},"thumbnail":{"file":"accpanaes93-150x150.png","width":150,"height":150,"mime-type":"image\/png","filesize":21007,"source_url":"https:\/\/nuevodigitaldeescobar.com.ar\/wp-content\/uploads\/2025\/10\/accpanaes93-150x150.png"},"medium_large":{"file":"accpanaes93-768x396.png","width":768,"height":396,"mime-type":"image\/png","filesize":217501,"source_url":"https:\/\/nuevodigitaldeescobar.com.ar\/wp-content\/uploads\/2025\/10\/accpanaes93-768x396.png"}},"image_meta":{"aperture":"0","credit":"","camera":"","caption":"","created_timestamp":"0","copyright":"","focal_length":"0","iso":"0","shutter_speed":"0","title":"","orientation":"0","keywords":[]}},"post":18617,"source_url":"https:\/\/nuevodigitaldeescobar.com.ar\/wp-content\/uploads\/2025\/10\/accpanaes93.png"},"yoast_head":"<!-- This site is optimized with the Yoast SEO plugin v26.1.1 - https:\/\/yoast.com\/wordpress\/plugins\/seo\/ -->\n<title>Violento choque entre un colectivo y dos autos en Panamericana: tres heridos - Nuevo Digital de Escobar<\/title>\n<meta name=\"robots\" content=\"index, follow, max-snippet:-1, max-image-preview:large, max-video-preview:-1\" \/>\n<link rel=\"canonical\" href=\"https:\/\/nuevodigitaldeescobar.com.ar\/?p=18617\" \/>\n<meta property=\"og:locale\" content=\"es_ES\" \/>\n<meta property=\"og:type\" content=\"article\" \/>\n<meta property=\"og:title\" content=\"Violento choque entre un colectivo y dos autos en Panamericana: tres heridos - Nuevo Digital de Escobar\" \/>\n<meta property=\"og:description\" content=\"Un fuerte accidente de tr\u00e1nsito ocurrido este s\u00e1bado por la tarde en el kil\u00f3metro 47 de la autopista Panamericana, mano a Provincia, dej\u00f3 tres personas [&hellip;]\" \/>\n<meta property=\"og:url\" content=\"https:\/\/nuevodigitaldeescobar.com.ar\/?p=18617\" \/>\n<meta property=\"og:site_name\" content=\"Nuevo Digital de Escobar\" \/>\n<meta property=\"article:publisher\" content=\"https:\/\/www.facebook.com\/NUEVODigitalDeEscobar\" \/>\n<meta property=\"article:published_time\" content=\"2025-10-26T00:31:11+00:00\" \/>\n<meta property=\"article:modified_time\" content=\"2025-10-26T00:31:22+00:00\" \/>\n<meta property=\"og:image\" content=\"http:\/\/nuevodigitaldeescobar.com.ar\/wp-content\/uploads\/2025\/10\/accpanaes93.png\" \/>\n\t<meta property=\"og:image:width\" content=\"1230\" \/>\n\t<meta property=\"og:image:height\" content=\"634\" \/>\n\t<meta property=\"og:image:type\" content=\"image\/png\" \/>\n<meta name=\"author\" content=\"Redacci\u00f3n\" \/>\n<meta name=\"twitter:card\" content=\"summary_large_image\" \/>\n<meta name=\"twitter:creator\" content=\"@nuevodigescobar\" \/>\n<meta name=\"twitter:site\" content=\"@nuevodigescobar\" \/>\n<meta name=\"twitter:label1\" content=\"Escrito por\" \/>\n\t<meta name=\"twitter:data1\" content=\"Redacci\u00f3n\" \/>\n\t<meta name=\"twitter:label2\" content=\"Tiempo de lectura\" \/>\n\t<meta name=\"twitter:data2\" content=\"2 minutos\" \/>\n<script type=\"application\/ld+json\" class=\"yoast-schema-graph\">{\"@context\":\"https:\/\/schema.org\",\"@graph\":[{\"@type\":\"Article\",\"@id\":\"https:\/\/nuevodigitaldeescobar.com.ar\/?p=18617#article\",\"isPartOf\":{\"@id\":\"https:\/\/nuevodigitaldeescobar.com.ar\/?p=18617\"},\"author\":{\"name\":\"Redacci\u00f3n\",\"@id\":\"https:\/\/nuevodigitaldeescobar.com.ar\/#\/schema\/person\/035e90a8efe9a80e6eec22656ad6ea4c\"},\"headline\":\"Violento choque entre un colectivo y dos autos en Panamericana: tres heridos\",\"datePublished\":\"2025-10-26T00:31:11+00:00\",\"dateModified\":\"2025-10-26T00:31:22+00:00\",\"mainEntityOfPage\":{\"@id\":\"https:\/\/nuevodigitaldeescobar.com.ar\/?p=18617\"},\"wordCount\":394,\"commentCount\":0,\"publisher\":{\"@id\":\"https:\/\/nuevodigitaldeescobar.com.ar\/#organization\"},\"image\":{\"@id\":\"https:\/\/nuevodigitaldeescobar.com.ar\/?p=18617#primaryimage\"},\"thumbnailUrl\":\"https:\/\/nuevodigitaldeescobar.com.ar\/wp-content\/uploads\/2025\/10\/accpanaes93.png\",\"articleSection\":[\"Sociedad\"],\"inLanguage\":\"es\",\"potentialAction\":[{\"@type\":\"CommentAction\",\"name\":\"Comment\",\"target\":[\"https:\/\/nuevodigitaldeescobar.com.ar\/?p=18617#respond\"]}]},{\"@type\":\"WebPage\",\"@id\":\"https:\/\/nuevodigitaldeescobar.com.ar\/?p=18617\",\"url\":\"https:\/\/nuevodigitaldeescobar.com.ar\/?p=18617\",\"name\":\"Violento choque entre un colectivo y dos autos en Panamericana: tres heridos - Nuevo Digital de Escobar\",\"isPartOf\":{\"@id\":\"https:\/\/nuevodigitaldeescobar.com.ar\/#website\"},\"primaryImageOfPage\":{\"@id\":\"https:\/\/nuevodigitaldeescobar.com.ar\/?p=18617#primaryimage\"},\"image\":{\"@id\":\"https:\/\/nuevodigitaldeescobar.com.ar\/?p=18617#primaryimage\"},\"thumbnailUrl\":\"https:\/\/nuevodigitaldeescobar.com.ar\/wp-content\/uploads\/2025\/10\/accpanaes93.png\",\"datePublished\":\"2025-10-26T00:31:11+00:00\",\"dateModified\":\"2025-10-26T00:31:22+00:00\",\"breadcrumb\":{\"@id\":\"https:\/\/nuevodigitaldeescobar.com.ar\/?p=18617#breadcrumb\"},\"inLanguage\":\"es\",\"potentialAction\":[{\"@type\":\"ReadAction\",\"target\":[\"https:\/\/nuevodigitaldeescobar.com.ar\/?p=18617\"]}]},{\"@type\":\"ImageObject\",\"inLanguage\":\"es\",\"@id\":\"https:\/\/nuevodigitaldeescobar.com.ar\/?p=18617#primaryimage\",\"url\":\"https:\/\/nuevodigitaldeescobar.com.ar\/wp-content\/uploads\/2025\/10\/accpanaes93.png\",\"contentUrl\":\"https:\/\/nuevodigitaldeescobar.com.ar\/wp-content\/uploads\/2025\/10\/accpanaes93.png\",\"width\":1230,\"height\":634},{\"@type\":\"BreadcrumbList\",\"@id\":\"https:\/\/nuevodigitaldeescobar.com.ar\/?p=18617#breadcrumb\",\"itemListElement\":[{\"@type\":\"ListItem\",\"position\":1,\"name\":\"Portada\",\"item\":\"https:\/\/nuevodigitaldeescobar.com.ar\/\"},{\"@type\":\"ListItem\",\"position\":2,\"name\":\"Violento choque entre un colectivo y dos autos en Panamericana: tres heridos\"}]},{\"@type\":\"WebSite\",\"@id\":\"https:\/\/nuevodigitaldeescobar.com.ar\/#website\",\"url\":\"https:\/\/nuevodigitaldeescobar.com.ar\/\",\"name\":\"Nuevo Digital de Escobar\",\"description\":\"La vida escobarense. Directora: Rosana Brunner\",\"publisher\":{\"@id\":\"https:\/\/nuevodigitaldeescobar.com.ar\/#organization\"},\"potentialAction\":[{\"@type\":\"SearchAction\",\"target\":{\"@type\":\"EntryPoint\",\"urlTemplate\":\"https:\/\/nuevodigitaldeescobar.com.ar\/?s={search_term_string}\"},\"query-input\":{\"@type\":\"PropertyValueSpecification\",\"valueRequired\":true,\"valueName\":\"search_term_string\"}}],\"inLanguage\":\"es\"},{\"@type\":\"Organization\",\"@id\":\"https:\/\/nuevodigitaldeescobar.com.ar\/#organization\",\"name\":\"Nuevo Digital de Escobar\",\"url\":\"https:\/\/nuevodigitaldeescobar.com.ar\/\",\"logo\":{\"@type\":\"ImageObject\",\"inLanguage\":\"es\",\"@id\":\"https:\/\/nuevodigitaldeescobar.com.ar\/#\/schema\/logo\/image\/\",\"url\":\"https:\/\/nuevodigitaldeescobar.com.ar\/wp-content\/uploads\/2025\/05\/cropped-logo-nuevo2.jpg\",\"contentUrl\":\"https:\/\/nuevodigitaldeescobar.com.ar\/wp-content\/uploads\/2025\/05\/cropped-logo-nuevo2.jpg\",\"width\":305,\"height\":305,\"caption\":\"Nuevo Digital de Escobar\"},\"image\":{\"@id\":\"https:\/\/nuevodigitaldeescobar.com.ar\/#\/schema\/logo\/image\/\"},\"sameAs\":[\"https:\/\/www.facebook.com\/NUEVODigitalDeEscobar\",\"https:\/\/x.com\/nuevodigescobar\",\"https:\/\/www.instagram.com\/nuevodigitaldeescobar\"]},{\"@type\":\"Person\",\"@id\":\"https:\/\/nuevodigitaldeescobar.com.ar\/#\/schema\/person\/035e90a8efe9a80e6eec22656ad6ea4c\",\"name\":\"Redacci\u00f3n\",\"image\":{\"@type\":\"ImageObject\",\"inLanguage\":\"es\",\"@id\":\"https:\/\/nuevodigitaldeescobar.com.ar\/#\/schema\/person\/image\/\",\"url\":\"https:\/\/secure.gravatar.com\/avatar\/8af8f40000c24e9eef3034f2be5998a372bb1389e64b1a4a36b3a7979142220d?s=96&d=mm&r=g\",\"contentUrl\":\"https:\/\/secure.gravatar.com\/avatar\/8af8f40000c24e9eef3034f2be5998a372bb1389e64b1a4a36b3a7979142220d?s=96&d=mm&r=g\",\"caption\":\"Redacci\u00f3n\"},\"sameAs\":[\"http:\/\/nuevodigitaldeescobar.com.ar\"],\"url\":\"https:\/\/nuevodigitaldeescobar.com.ar\/?author=1\"}]}<\/script>\n<!-- \/ Yoast SEO plugin. -->","yoast_head_json":{"title":"Violento choque entre un colectivo y dos autos en Panamericana: tres heridos - Nuevo Digital de Escobar","robots":{"index":"index","follow":"follow","max-snippet":"max-snippet:-1","max-image-preview":"max-image-preview:large","max-video-preview":"max-video-preview:-1"},"canonical":"https:\/\/nuevodigitaldeescobar.com.ar\/?p=18617","og_locale":"es_ES","og_type":"article","og_title":"Violento choque entre un colectivo y dos autos en Panamericana: tres heridos - Nuevo Digital de Escobar","og_description":"Un fuerte accidente de tr\u00e1nsito ocurrido este s\u00e1bado por la tarde en el kil\u00f3metro 47 de la autopista Panamericana, mano a Provincia, dej\u00f3 tres personas [&hellip;]","og_url":"https:\/\/nuevodigitaldeescobar.com.ar\/?p=18617","og_site_name":"Nuevo Digital de Escobar","article_publisher":"https:\/\/www.facebook.com\/NUEVODigitalDeEscobar","article_published_time":"2025-10-26T00:31:11+00:00","article_modified_time":"2025-10-26T00:31:22+00:00","og_image":[{"width":1230,"height":634,"url":"http:\/\/nuevodigitaldeescobar.com.ar\/wp-content\/uploads\/2025\/10\/accpanaes93.png","type":"image\/png"}],"author":"Redacci\u00f3n","twitter_card":"summary_large_image","twitter_creator":"@nuevodigescobar","twitter_site":"@nuevodigescobar","twitter_misc":{"Escrito por":"Redacci\u00f3n","Tiempo de lectura":"2 minutos"},"schema":{"@context":"https:\/\/schema.org","@graph":[{"@type":"Article","@id":"https:\/\/nuevodigitaldeescobar.com.ar\/?p=18617#article","isPartOf":{"@id":"https:\/\/nuevodigitaldeescobar.com.ar\/?p=18617"},"author":{"name":"Redacci\u00f3n","@id":"https:\/\/nuevodigitaldeescobar.com.ar\/#\/schema\/person\/035e90a8efe9a80e6eec22656ad6ea4c"},"headline":"Violento choque entre un colectivo y dos autos en Panamericana: tres heridos","datePublished":"2025-10-26T00:31:11+00:00","dateModified":"2025-10-26T00:31:22+00:00","mainEntityOfPage":{"@id":"https:\/\/nuevodigitaldeescobar.com.ar\/?p=18617"},"wordCount":394,"commentCount":0,"publisher":{"@id":"https:\/\/nuevodigitaldeescobar.com.ar\/#organization"},"image":{"@id":"https:\/\/nuevodigitaldeescobar.com.ar\/?p=18617#primaryimage"},"thumbnailUrl":"https:\/\/nuevodigitaldeescobar.com.ar\/wp-content\/uploads\/2025\/10\/accpanaes93.png","articleSection":["Sociedad"],"inLanguage":"es","potentialAction":[{"@type":"CommentAction","name":"Comment","target":["https:\/\/nuevodigitaldeescobar.com.ar\/?p=18617#respond"]}]},{"@type":"WebPage","@id":"https:\/\/nuevodigitaldeescobar.com.ar\/?p=18617","url":"https:\/\/nuevodigitaldeescobar.com.ar\/?p=18617","name":"Violento choque entre un colectivo y dos autos en Panamericana: tres heridos - Nuevo Digital de Escobar","isPartOf":{"@id":"https:\/\/nuevodigitaldeescobar.com.ar\/#website"},"primaryImageOfPage":{"@id":"https:\/\/nuevodigitaldeescobar.com.ar\/?p=18617#primaryimage"},"image":{"@id":"https:\/\/nuevodigitaldeescobar.com.ar\/?p=18617#primaryimage"},"thumbnailUrl":"https:\/\/nuevodigitaldeescobar.com.ar\/wp-content\/uploads\/2025\/10\/accpanaes93.png","datePublished":"2025-10-26T00:31:11+00:00","dateModified":"2025-10-26T00:31:22+00:00","breadcrumb":{"@id":"https:\/\/nuevodigitaldeescobar.com.ar\/?p=18617#breadcrumb"},"inLanguage":"es","potentialAction":[{"@type":"ReadAction","target":["https:\/\/nuevodigitaldeescobar.com.ar\/?p=18617"]}]},{"@type":"ImageObject","inLanguage":"es","@id":"https:\/\/nuevodigitaldeescobar.com.ar\/?p=18617#primaryimage","url":"https:\/\/nuevodigitaldeescobar.com.ar\/wp-content\/uploads\/2025\/10\/accpanaes93.png","contentUrl":"https:\/\/nuevodigitaldeescobar.com.ar\/wp-content\/uploads\/2025\/10\/accpanaes93.png","width":1230,"height":634},{"@type":"BreadcrumbList","@id":"https:\/\/nuevodigitaldeescobar.com.ar\/?p=18617#breadcrumb","itemListElement":[{"@type":"ListItem","position":1,"name":"Portada","item":"https:\/\/nuevodigitaldeescobar.com.ar\/"},{"@type":"ListItem","position":2,"name":"Violento choque entre un colectivo y dos autos en Panamericana: tres heridos"}]},{"@type":"WebSite","@id":"https:\/\/nuevodigitaldeescobar.com.ar\/#website","url":"https:\/\/nuevodigitaldeescobar.com.ar\/","name":"Nuevo Digital de Escobar","description":"La vida escobarense. Directora: Rosana Brunner","publisher":{"@id":"https:\/\/nuevodigitaldeescobar.com.ar\/#organization"},"potentialAction":[{"@type":"SearchAction","target":{"@type":"EntryPoint","urlTemplate":"https:\/\/nuevodigitaldeescobar.com.ar\/?s={search_term_string}"},"query-input":{"@type":"PropertyValueSpecification","valueRequired":true,"valueName":"search_term_string"}}],"inLanguage":"es"},{"@type":"Organization","@id":"https:\/\/nuevodigitaldeescobar.com.ar\/#organization","name":"Nuevo Digital de Escobar","url":"https:\/\/nuevodigitaldeescobar.com.ar\/","logo":{"@type":"ImageObject","inLanguage":"es","@id":"https:\/\/nuevodigitaldeescobar.com.ar\/#\/schema\/logo\/image\/","url":"https:\/\/nuevodigitaldeescobar.com.ar\/wp-content\/uploads\/2025\/05\/cropped-logo-nuevo2.jpg","contentUrl":"https:\/\/nuevodigitaldeescobar.com.ar\/wp-content\/uploads\/2025\/05\/cropped-logo-nuevo2.jpg","width":305,"height":305,"caption":"Nuevo Digital de Escobar"},"image":{"@id":"https:\/\/nuevodigitaldeescobar.com.ar\/#\/schema\/logo\/image\/"},"sameAs":["https:\/\/www.facebook.com\/NUEVODigitalDeEscobar","https:\/\/x.com\/nuevodigescobar","https:\/\/www.instagram.com\/nuevodigitaldeescobar"]},{"@type":"Person","@id":"https:\/\/nuevodigitaldeescobar.com.ar\/#\/schema\/person\/035e90a8efe9a80e6eec22656ad6ea4c","name":"Redacci\u00f3n","image":{"@type":"ImageObject","inLanguage":"es","@id":"https:\/\/nuevodigitaldeescobar.com.ar\/#\/schema\/person\/image\/","url":"https:\/\/secure.gravatar.com\/avatar\/8af8f40000c24e9eef3034f2be5998a372bb1389e64b1a4a36b3a7979142220d?s=96&d=mm&r=g","contentUrl":"https:\/\/secure.gravatar.com\/avatar\/8af8f40000c24e9eef3034f2be5998a372bb1389e64b1a4a36b3a7979142220d?s=96&d=mm&r=g","caption":"Redacci\u00f3n"},"sameAs":["http:\/\/nuevodigitaldeescobar.com.ar"],"url":"https:\/\/nuevodigitaldeescobar.com.ar\/?author=1"}]}},"featured_image_urls":{"full":["https:\/\/nuevodigitaldeescobar.com.ar\/wp-content\/uploads\/2025\/10\/accpanaes93.png",1230,634,false],"thumbnail":["https:\/\/nuevodigitaldeescobar.com.ar\/wp-content\/uploads\/2025\/10\/accpanaes93-150x150.png",150,150,true],"medium":["https:\/\/nuevodigitaldeescobar.com.ar\/wp-content\/uploads\/2025\/10\/accpanaes93-300x155.png",300,155,true],"medium_large":["https:\/\/nuevodigitaldeescobar.com.ar\/wp-content\/uploads\/2025\/10\/accpanaes93-768x396.png",640,330,true],"large":["https:\/\/nuevodigitaldeescobar.com.ar\/wp-content\/uploads\/2025\/10\/accpanaes93-1024x528.png",640,330,true],"1536x1536":["https:\/\/nuevodigitaldeescobar.com.ar\/wp-content\/uploads\/2025\/10\/accpanaes93.png",1230,634,false],"2048x2048":["https:\/\/nuevodigitaldeescobar.com.ar\/wp-content\/uploads\/2025\/10\/accpanaes93.png",1230,634,false]},"author_info":{"display_name":"Redacci\u00f3n","author_link":"https:\/\/nuevodigitaldeescobar.com.ar\/?author=1"},"category_info":"<a href=\"https:\/\/nuevodigitaldeescobar.com.ar\/?cat=15\" rel=\"category\">Sociedad<\/a>","tag_info":"Sociedad","comment_count":"0","_links":{"self":[{"href":"https:\/\/nuevodigitaldeescobar.com.ar\/index.php?rest_route=\/wp\/v2\/posts\/18617","targetHints":{"allow":["GET"]}}],"collection":[{"href":"https:\/\/nuevodigitaldeescobar.com.ar\/index.php?rest_route=\/wp\/v2\/posts"}],"about":[{"href":"https:\/\/nuevodigitaldeescobar.com.ar\/index.php?rest_route=\/wp\/v2\/types\/post"}],"author":[{"embeddable":true,"href":"https:\/\/nuevodigitaldeescobar.com.ar\/index.php?rest_route=\/wp\/v2\/users\/1"}],"replies":[{"embeddable":true,"href":"https:\/\/nuevodigitaldeescobar.com.ar\/index.php?rest_route=%2Fwp%2Fv2%2Fcomments&post=18617"}],"version-history":[{"count":1,"href":"https:\/\/nuevodigitaldeescobar.com.ar\/index.php?rest_route=\/wp\/v2\/posts\/18617\/revisions"}],"predecessor-version":[{"id":18620,"href":"https:\/\/nuevodigitaldeescobar.com.ar\/index.php?rest_route=\/wp\/v2\/posts\/18617\/revisions\/18620"}],"wp:featuredmedia":[{"embeddable":true,"href":"https:\/\/nuevodigitaldeescobar.com.ar\/index.php?rest_route=\/wp\/v2\/media\/18619"}],"wp:attachment":[{"href":"https:\/\/nuevodigitaldeescobar.com.ar\/index.php?rest_route=%2Fwp%2Fv2%2Fmedia&parent=18617"}],"wp:term":[{"taxonomy":"category","embeddable":true,"href":"https:\/\/nuevodigitaldeescobar.com.ar\/index.php?rest_route=%2Fwp%2Fv2%2Fcategories&post=18617"},{"taxonomy":"post_tag","embeddable":true,"href":"https:\/\/nuevodigitaldeescobar.com.ar\/index.php?rest_route=%2Fwp%2Fv2%2Ftags&post=18617"}],"curies":[{"name":"wp","href":"https:\/\/api.w.org\/{rel}","templated":true}]}}