{"id":18625,"date":"2025-10-27T07:36:03","date_gmt":"2025-10-27T10:36:03","guid":{"rendered":"https:\/\/nuevodigitaldeescobar.com.ar\/?p=18625"},"modified":"2025-10-27T07:36:08","modified_gmt":"2025-10-27T10:36:08","slug":"amplio-triunfo-de-la-libertad-avanza-en-las-legislativas-sorpresiva-victoria-en-la-provincia-de-buenos-aires-y-mayoria-nacional","status":"publish","type":"post","link":"https:\/\/nuevodigitaldeescobar.com.ar\/?p=18625","title":{"rendered":"Amplio triunfo de La Libertad Avanza en las legislativas: sorpresiva victoria en la provincia de Buenos Aires y mayor\u00eda nacional"},"content":{"rendered":"\n<p class=\"has-vivid-cyan-blue-color has-text-color has-link-color wp-elements-ab2bad4c79de3c050cbb69f50fdf768f\"><em><strong>La Libertad Avanza obtuvo una contundente victoria en las elecciones legislativas nacionales 2025 y se consolid\u00f3 como la principal fuerza pol\u00edtica del pa\u00eds. Con el 95% de las mesas escrutadas, el oficialismo alcanz\u00f3 el 40,8% de los votos a nivel nacional, superando al frente opositor Fuerza Patria, que cosech\u00f3 alrededor del 31,6%.<\/strong><\/em><\/p>\n\n\n\n<!--more-->\n\n\n\n<p>El resultado marc\u00f3 un giro inesperado en la provincia de Buenos Aires, donde la lista encabezada por <strong>Diego Santilli<\/strong> logr\u00f3 el <strong>41,5%<\/strong>, revirtiendo la derrota sufrida semanas atr\u00e1s ante el peronismo, que esta vez se ubic\u00f3 segundo con <strong>40,8%<\/strong>. La elecci\u00f3n tambi\u00e9n confirm\u00f3 el avance libertario en <strong>16 provincias<\/strong>, incluyendo C\u00f3rdoba, Mendoza, Santa Fe y CABA.<\/p>\n\n\n\n<p>En total, <strong>La Libertad Avanza se impuso en 16 de los 24 distritos<\/strong>, mientras que el peronismo y sus aliados retuvieron el liderazgo en seis: Catamarca, Formosa, La Pampa, San Juan, Santa Cruz y Tucum\u00e1n.<\/p>\n\n\n\n<p>El oficialismo tambi\u00e9n celebr\u00f3 una destacada performance en el Senado, donde se qued\u00f3 con seis de las ocho provincias que renovaban bancas, lo que permitir\u00e1 equilibrar la relaci\u00f3n de fuerzas dentro del Congreso.<\/p>\n\n\n<div class=\"wp-block-image is-style-rounded\">\n<figure class=\"aligncenter size-full\"><img fetchpriority=\"high\" decoding=\"async\" width=\"867\" height=\"617\" src=\"https:\/\/nuevodigitaldeescobar.com.ar\/wp-content\/uploads\/2025\/10\/santillimilei33.png\" alt=\"\" class=\"wp-image-18626\" srcset=\"https:\/\/nuevodigitaldeescobar.com.ar\/wp-content\/uploads\/2025\/10\/santillimilei33.png 867w, https:\/\/nuevodigitaldeescobar.com.ar\/wp-content\/uploads\/2025\/10\/santillimilei33-300x213.png 300w, https:\/\/nuevodigitaldeescobar.com.ar\/wp-content\/uploads\/2025\/10\/santillimilei33-768x547.png 768w\" sizes=\"(max-width: 867px) 100vw, 867px\" \/><\/figure><\/div>\n\n\n<h3 class=\"wp-block-heading has-text-color has-link-color wp-elements-fafa2a7cbdfe6abd7c2efb2b30fd39c8\" style=\"color:#1426b0\">Milei celebr\u00f3 y convoc\u00f3 al di\u00e1logo<\/h3>\n\n\n\n<p>Pasadas las 22 horas, el presidente <strong>Javier Milei<\/strong> apareci\u00f3 en el escenario del Hotel Libertador junto a su hermana <strong>Karina Milei<\/strong>, <strong>Patricia Bullrich<\/strong>, <strong>Diego Santilli<\/strong>, <strong>Manuel Adorni<\/strong> y <strong>Santiago Caputo<\/strong>, principales figuras de la campa\u00f1a.<\/p>\n\n\n\n<p>Con un tono m\u00e1s conciliador, Milei convoc\u00f3 a <strong>gobernadores y legisladores de otros espacios<\/strong> a trabajar en conjunto por las reformas estructurales que proyecta para la segunda mitad de su mandato.<\/p>\n\n\n\n<blockquote class=\"wp-block-quote is-layout-flow wp-block-quote-is-layout-flow\">\n<p><em>\u201cDos de cada tres argentinos dejaron en claro que no quieren volver al pasado\u201d<\/em>, expres\u00f3 el mandatario ante una multitud de militantes.<\/p>\n<\/blockquote>\n\n\n\n<p>Milei aprovech\u00f3 el clima de victoria para agradecer a su equipo y adelant\u00f3 que <strong>a partir del 10 de diciembre comenzar\u00e1 <em>\u201cel Congreso m\u00e1s reformista de la historia argentina\u201d<\/em><\/strong>.<\/p>\n\n\n<div class=\"wp-block-image is-style-rounded\">\n<figure class=\"aligncenter size-full\"><img decoding=\"async\" width=\"935\" height=\"568\" src=\"https:\/\/nuevodigitaldeescobar.com.ar\/wp-content\/uploads\/2025\/10\/kariamilei37.png\" alt=\"\" class=\"wp-image-18627\" srcset=\"https:\/\/nuevodigitaldeescobar.com.ar\/wp-content\/uploads\/2025\/10\/kariamilei37.png 935w, https:\/\/nuevodigitaldeescobar.com.ar\/wp-content\/uploads\/2025\/10\/kariamilei37-300x182.png 300w, https:\/\/nuevodigitaldeescobar.com.ar\/wp-content\/uploads\/2025\/10\/kariamilei37-768x467.png 768w\" sizes=\"(max-width: 935px) 100vw, 935px\" \/><\/figure><\/div>\n\n\n<h3 class=\"wp-block-heading has-text-color has-link-color wp-elements-5010f5168ecbe422d047eb231975d5bf\" style=\"color:#1426b0\">Factores de la recuperaci\u00f3n libertaria<\/h3>\n\n\n\n<p>Desde el entorno presidencial atribuyeron la remontada electoral a una estrategia coordinada por <strong>Karina Milei y Santiago Caputo<\/strong>, basada en reforzar la presencia territorial del Presidente, mejorar la comunicaci\u00f3n con los j\u00f3venes y adoptar un discurso m\u00e1s emp\u00e1tico con la sociedad tras el ajuste econ\u00f3mico.<\/p>\n\n\n\n<p>Un punto clave fue el <strong>reemplazo de Jos\u00e9 Luis Espert por Diego Santilli<\/strong> como candidato bonaerense, apenas 18 d\u00edas antes de los comicios, tras el esc\u00e1ndalo por los aportes del empresario Federico Machado.<br>La apuesta result\u00f3 decisiva: Santilli no s\u00f3lo revirti\u00f3 la tendencia, sino que emerge ahora como uno de los nombres fuertes de cara a 2027.<\/p>\n\n\n<div class=\"wp-block-image is-style-rounded\">\n<figure class=\"aligncenter size-full\"><img decoding=\"async\" width=\"853\" height=\"614\" src=\"https:\/\/nuevodigitaldeescobar.com.ar\/wp-content\/uploads\/2025\/10\/santiagocaputo3.png\" alt=\"\" class=\"wp-image-18628\" srcset=\"https:\/\/nuevodigitaldeescobar.com.ar\/wp-content\/uploads\/2025\/10\/santiagocaputo3.png 853w, https:\/\/nuevodigitaldeescobar.com.ar\/wp-content\/uploads\/2025\/10\/santiagocaputo3-300x216.png 300w, https:\/\/nuevodigitaldeescobar.com.ar\/wp-content\/uploads\/2025\/10\/santiagocaputo3-768x553.png 768w\" sizes=\"(max-width: 853px) 100vw, 853px\" \/><\/figure><\/div>\n\n\n<h3 class=\"wp-block-heading has-text-color has-link-color wp-elements-8ae3823e7f9827b3e9d86a91f048efaf\" style=\"color:#1426b0\">Nuevo escenario pol\u00edtico<\/h3>\n\n\n\n<p>El resultado electoral otorga al Gobierno una posici\u00f3n m\u00e1s s\u00f3lida para encarar la segunda etapa de gesti\u00f3n. La continuidad del ministro <strong>Guillermo Francos<\/strong> y otros integrantes del gabinete parece garantizada tras la victoria.<\/p>\n\n\n\n<p>La ministra de Seguridad, <strong>Patricia Bullrich<\/strong>, tambi\u00e9n logr\u00f3 un resultado contundente como candidata a senadora por la Ciudad de Buenos Aires, con m\u00e1s del <strong>50% de los votos<\/strong>, mientras que <strong>Alejandro Fargossi<\/strong> consigui\u00f3 un <strong>47%<\/strong> en Diputados, consolidando la hegemon\u00eda libertaria en la capital.<\/p>\n\n\n\n<p>Por su parte, <strong>Fuerza Patria<\/strong> deber\u00e1 reorganizarse tras un golpe inesperado. El desempe\u00f1o en Buenos Aires expuso tensiones internas entre el kirchnerismo, el gobernador Axel Kicillof y los intendentes, que no lograron reproducir el caudal de votos obtenido en septiembre. La unidad del espacio, seg\u00fan analistas, <em>\u201cquedar\u00e1 puesta a prueba\u201d<\/em>.<\/p>\n\n\n\n<p>En tanto, <strong>Provincias Unidas<\/strong>, la alianza de gobernadores que buscaba instalar una alternativa federal, apenas alcanz\u00f3 el <strong>7,1%<\/strong> a nivel nacional, con un \u00fanico triunfo en Corrientes.<\/p>\n\n\n\n<h3 class=\"wp-block-heading has-text-color has-link-color wp-elements-e2160ec8c66d71b61700a6a2fbc8b43b\" style=\"color:#1426b0\">Datos clave de la jornada<\/h3>\n\n\n\n<ul class=\"wp-block-list\">\n<li>Estreno exitoso de la <strong>Boleta \u00danica Papel<\/strong>, que se utiliz\u00f3 sin inconvenientes en todo el pa\u00eds.<\/li>\n\n\n\n<li>Participaci\u00f3n del <strong>67,8% del padr\u00f3n<\/strong>, levemente superior a las elecciones locales previas.<\/li>\n\n\n\n<li>Amplia ventaja del oficialismo en provincias con alta cantidad de votantes, como C\u00f3rdoba, Mendoza, Santa Fe y Entre R\u00edos.<\/li>\n\n\n\n<li>En Tucum\u00e1n, \u00fanica excepci\u00f3n de peso, el gobernador <strong>Osvaldo Jaldo<\/strong> retuvo el dominio peronista.<\/li>\n<\/ul>\n\n\n\n<p>Con esta victoria, el presidente Milei no s\u00f3lo refuerza su poder en el Congreso, sino que tambi\u00e9n abre una nueva etapa pol\u00edtica marcada por la necesidad de di\u00e1logo y reformas profundas.<\/p>\n","protected":false},"excerpt":{"rendered":"<p>La Libertad Avanza obtuvo una contundente victoria en las elecciones legislativas nacionales 2025 y se consolid\u00f3 como la principal fuerza pol\u00edtica del pa\u00eds. Con el [&hellip;]<\/p>\n","protected":false},"author":1,"featured_media":1291,"comment_status":"open","ping_status":"open","sticky":false,"template":"","format":"standard","meta":{"footnotes":""},"categories":[6],"tags":[],"class_list":["post-18625","post","type-post","status-publish","format-standard","has-post-thumbnail","hentry","category-politica"],"better_featured_image":{"id":1291,"alt_text":"","caption":"","description":"","media_type":"image","media_details":{"width":720,"height":480,"file":"2023\/11\/javier-milei-1-e1701202652884.jpg","filesize":59185,"sizes":{"medium":{"file":"javier-milei-1-300x200.jpg","width":300,"height":200,"mime-type":"image\/jpeg","filesize":8956,"source_url":"https:\/\/nuevodigitaldeescobar.com.ar\/wp-content\/uploads\/2023\/11\/javier-milei-1-300x200.jpg"},"thumbnail":{"file":"javier-milei-1-150x150.jpg","width":150,"height":150,"mime-type":"image\/jpeg","filesize":4541,"source_url":"https:\/\/nuevodigitaldeescobar.com.ar\/wp-content\/uploads\/2023\/11\/javier-milei-1-150x150.jpg"},"covernews-slider-center":{"file":"javier-milei-1-768x500.jpg","width":768,"height":500,"mime-type":"image\/jpeg","filesize":41716,"source_url":"https:\/\/nuevodigitaldeescobar.com.ar\/wp-content\/uploads\/2023\/11\/javier-milei-1-768x500.jpg"},"covernews-medium":{"file":"javier-milei-1-540x340.jpg","width":540,"height":340,"mime-type":"image\/jpeg","filesize":21561,"source_url":"https:\/\/nuevodigitaldeescobar.com.ar\/wp-content\/uploads\/2023\/11\/javier-milei-1-540x340.jpg"},"covernews-medium-square":{"file":"javier-milei-1-400x250.jpg","width":400,"height":250,"mime-type":"image\/jpeg","filesize":13276,"source_url":"https:\/\/nuevodigitaldeescobar.com.ar\/wp-content\/uploads\/2023\/11\/javier-milei-1-400x250.jpg"}},"image_meta":{"aperture":"0","credit":"","camera":"","caption":"","created_timestamp":"0","copyright":"","focal_length":"0","iso":"0","shutter_speed":"0","title":"","orientation":"0","keywords":[]}},"post":1290,"source_url":"https:\/\/nuevodigitaldeescobar.com.ar\/wp-content\/uploads\/2023\/11\/javier-milei-1-e1701202652884.jpg"},"yoast_head":"<!-- This site is optimized with the Yoast SEO plugin v26.1.1 - https:\/\/yoast.com\/wordpress\/plugins\/seo\/ -->\n<title>Amplio triunfo de La Libertad Avanza en las legislativas: sorpresiva victoria en la provincia de Buenos Aires y mayor\u00eda nacional - Nuevo Digital de Escobar<\/title>\n<meta name=\"robots\" content=\"index, follow, max-snippet:-1, max-image-preview:large, max-video-preview:-1\" \/>\n<link rel=\"canonical\" href=\"https:\/\/nuevodigitaldeescobar.com.ar\/?p=18625\" \/>\n<meta property=\"og:locale\" content=\"es_ES\" \/>\n<meta property=\"og:type\" content=\"article\" \/>\n<meta property=\"og:title\" content=\"Amplio triunfo de La Libertad Avanza en las legislativas: sorpresiva victoria en la provincia de Buenos Aires y mayor\u00eda nacional - Nuevo Digital de Escobar\" \/>\n<meta property=\"og:description\" content=\"La Libertad Avanza obtuvo una contundente victoria en las elecciones legislativas nacionales 2025 y se consolid\u00f3 como la principal fuerza pol\u00edtica del pa\u00eds. Con el [&hellip;]\" \/>\n<meta property=\"og:url\" content=\"https:\/\/nuevodigitaldeescobar.com.ar\/?p=18625\" \/>\n<meta property=\"og:site_name\" content=\"Nuevo Digital de Escobar\" \/>\n<meta property=\"article:publisher\" content=\"https:\/\/www.facebook.com\/NUEVODigitalDeEscobar\" \/>\n<meta property=\"article:published_time\" content=\"2025-10-27T10:36:03+00:00\" \/>\n<meta property=\"article:modified_time\" content=\"2025-10-27T10:36:08+00:00\" \/>\n<meta property=\"og:image\" content=\"http:\/\/nuevodigitaldeescobar.com.ar\/wp-content\/uploads\/2023\/11\/javier-milei-1-e1701202652884.jpg\" \/>\n\t<meta property=\"og:image:width\" content=\"720\" \/>\n\t<meta property=\"og:image:height\" content=\"480\" \/>\n\t<meta property=\"og:image:type\" content=\"image\/jpeg\" \/>\n<meta name=\"author\" content=\"Redacci\u00f3n\" \/>\n<meta name=\"twitter:card\" content=\"summary_large_image\" \/>\n<meta name=\"twitter:creator\" content=\"@nuevodigescobar\" \/>\n<meta name=\"twitter:site\" content=\"@nuevodigescobar\" \/>\n<meta name=\"twitter:label1\" content=\"Escrito por\" \/>\n\t<meta name=\"twitter:data1\" content=\"Redacci\u00f3n\" \/>\n\t<meta name=\"twitter:label2\" content=\"Tiempo de lectura\" \/>\n\t<meta name=\"twitter:data2\" content=\"4 minutos\" \/>\n<script type=\"application\/ld+json\" class=\"yoast-schema-graph\">{\"@context\":\"https:\/\/schema.org\",\"@graph\":[{\"@type\":\"Article\",\"@id\":\"https:\/\/nuevodigitaldeescobar.com.ar\/?p=18625#article\",\"isPartOf\":{\"@id\":\"https:\/\/nuevodigitaldeescobar.com.ar\/?p=18625\"},\"author\":{\"name\":\"Redacci\u00f3n\",\"@id\":\"https:\/\/nuevodigitaldeescobar.com.ar\/#\/schema\/person\/035e90a8efe9a80e6eec22656ad6ea4c\"},\"headline\":\"Amplio triunfo de La Libertad Avanza en las legislativas: sorpresiva victoria en la provincia de Buenos Aires y mayor\u00eda nacional\",\"datePublished\":\"2025-10-27T10:36:03+00:00\",\"dateModified\":\"2025-10-27T10:36:08+00:00\",\"mainEntityOfPage\":{\"@id\":\"https:\/\/nuevodigitaldeescobar.com.ar\/?p=18625\"},\"wordCount\":707,\"commentCount\":0,\"publisher\":{\"@id\":\"https:\/\/nuevodigitaldeescobar.com.ar\/#organization\"},\"image\":{\"@id\":\"https:\/\/nuevodigitaldeescobar.com.ar\/?p=18625#primaryimage\"},\"thumbnailUrl\":\"https:\/\/nuevodigitaldeescobar.com.ar\/wp-content\/uploads\/2023\/11\/javier-milei-1-e1701202652884.jpg\",\"articleSection\":[\"Pol\u00edtica\"],\"inLanguage\":\"es\",\"potentialAction\":[{\"@type\":\"CommentAction\",\"name\":\"Comment\",\"target\":[\"https:\/\/nuevodigitaldeescobar.com.ar\/?p=18625#respond\"]}]},{\"@type\":\"WebPage\",\"@id\":\"https:\/\/nuevodigitaldeescobar.com.ar\/?p=18625\",\"url\":\"https:\/\/nuevodigitaldeescobar.com.ar\/?p=18625\",\"name\":\"Amplio triunfo de La Libertad Avanza en las legislativas: sorpresiva victoria en la provincia de Buenos Aires y mayor\u00eda nacional - Nuevo Digital de Escobar\",\"isPartOf\":{\"@id\":\"https:\/\/nuevodigitaldeescobar.com.ar\/#website\"},\"primaryImageOfPage\":{\"@id\":\"https:\/\/nuevodigitaldeescobar.com.ar\/?p=18625#primaryimage\"},\"image\":{\"@id\":\"https:\/\/nuevodigitaldeescobar.com.ar\/?p=18625#primaryimage\"},\"thumbnailUrl\":\"https:\/\/nuevodigitaldeescobar.com.ar\/wp-content\/uploads\/2023\/11\/javier-milei-1-e1701202652884.jpg\",\"datePublished\":\"2025-10-27T10:36:03+00:00\",\"dateModified\":\"2025-10-27T10:36:08+00:00\",\"breadcrumb\":{\"@id\":\"https:\/\/nuevodigitaldeescobar.com.ar\/?p=18625#breadcrumb\"},\"inLanguage\":\"es\",\"potentialAction\":[{\"@type\":\"ReadAction\",\"target\":[\"https:\/\/nuevodigitaldeescobar.com.ar\/?p=18625\"]}]},{\"@type\":\"ImageObject\",\"inLanguage\":\"es\",\"@id\":\"https:\/\/nuevodigitaldeescobar.com.ar\/?p=18625#primaryimage\",\"url\":\"https:\/\/nuevodigitaldeescobar.com.ar\/wp-content\/uploads\/2023\/11\/javier-milei-1-e1701202652884.jpg\",\"contentUrl\":\"https:\/\/nuevodigitaldeescobar.com.ar\/wp-content\/uploads\/2023\/11\/javier-milei-1-e1701202652884.jpg\",\"width\":720,\"height\":480},{\"@type\":\"BreadcrumbList\",\"@id\":\"https:\/\/nuevodigitaldeescobar.com.ar\/?p=18625#breadcrumb\",\"itemListElement\":[{\"@type\":\"ListItem\",\"position\":1,\"name\":\"Portada\",\"item\":\"https:\/\/nuevodigitaldeescobar.com.ar\/\"},{\"@type\":\"ListItem\",\"position\":2,\"name\":\"Amplio triunfo de La Libertad Avanza en las legislativas: sorpresiva victoria en la provincia de Buenos Aires y mayor\u00eda nacional\"}]},{\"@type\":\"WebSite\",\"@id\":\"https:\/\/nuevodigitaldeescobar.com.ar\/#website\",\"url\":\"https:\/\/nuevodigitaldeescobar.com.ar\/\",\"name\":\"Nuevo Digital de Escobar\",\"description\":\"La vida escobarense. Directora: Rosana Brunner\",\"publisher\":{\"@id\":\"https:\/\/nuevodigitaldeescobar.com.ar\/#organization\"},\"potentialAction\":[{\"@type\":\"SearchAction\",\"target\":{\"@type\":\"EntryPoint\",\"urlTemplate\":\"https:\/\/nuevodigitaldeescobar.com.ar\/?s={search_term_string}\"},\"query-input\":{\"@type\":\"PropertyValueSpecification\",\"valueRequired\":true,\"valueName\":\"search_term_string\"}}],\"inLanguage\":\"es\"},{\"@type\":\"Organization\",\"@id\":\"https:\/\/nuevodigitaldeescobar.com.ar\/#organization\",\"name\":\"Nuevo Digital de Escobar\",\"url\":\"https:\/\/nuevodigitaldeescobar.com.ar\/\",\"logo\":{\"@type\":\"ImageObject\",\"inLanguage\":\"es\",\"@id\":\"https:\/\/nuevodigitaldeescobar.com.ar\/#\/schema\/logo\/image\/\",\"url\":\"https:\/\/nuevodigitaldeescobar.com.ar\/wp-content\/uploads\/2025\/05\/cropped-logo-nuevo2.jpg\",\"contentUrl\":\"https:\/\/nuevodigitaldeescobar.com.ar\/wp-content\/uploads\/2025\/05\/cropped-logo-nuevo2.jpg\",\"width\":305,\"height\":305,\"caption\":\"Nuevo Digital de Escobar\"},\"image\":{\"@id\":\"https:\/\/nuevodigitaldeescobar.com.ar\/#\/schema\/logo\/image\/\"},\"sameAs\":[\"https:\/\/www.facebook.com\/NUEVODigitalDeEscobar\",\"https:\/\/x.com\/nuevodigescobar\",\"https:\/\/www.instagram.com\/nuevodigitaldeescobar\"]},{\"@type\":\"Person\",\"@id\":\"https:\/\/nuevodigitaldeescobar.com.ar\/#\/schema\/person\/035e90a8efe9a80e6eec22656ad6ea4c\",\"name\":\"Redacci\u00f3n\",\"image\":{\"@type\":\"ImageObject\",\"inLanguage\":\"es\",\"@id\":\"https:\/\/nuevodigitaldeescobar.com.ar\/#\/schema\/person\/image\/\",\"url\":\"https:\/\/secure.gravatar.com\/avatar\/8af8f40000c24e9eef3034f2be5998a372bb1389e64b1a4a36b3a7979142220d?s=96&d=mm&r=g\",\"contentUrl\":\"https:\/\/secure.gravatar.com\/avatar\/8af8f40000c24e9eef3034f2be5998a372bb1389e64b1a4a36b3a7979142220d?s=96&d=mm&r=g\",\"caption\":\"Redacci\u00f3n\"},\"sameAs\":[\"http:\/\/nuevodigitaldeescobar.com.ar\"],\"url\":\"https:\/\/nuevodigitaldeescobar.com.ar\/?author=1\"}]}<\/script>\n<!-- \/ Yoast SEO plugin. -->","yoast_head_json":{"title":"Amplio triunfo de La Libertad Avanza en las legislativas: sorpresiva victoria en la provincia de Buenos Aires y mayor\u00eda nacional - Nuevo Digital de Escobar","robots":{"index":"index","follow":"follow","max-snippet":"max-snippet:-1","max-image-preview":"max-image-preview:large","max-video-preview":"max-video-preview:-1"},"canonical":"https:\/\/nuevodigitaldeescobar.com.ar\/?p=18625","og_locale":"es_ES","og_type":"article","og_title":"Amplio triunfo de La Libertad Avanza en las legislativas: sorpresiva victoria en la provincia de Buenos Aires y mayor\u00eda nacional - Nuevo Digital de Escobar","og_description":"La Libertad Avanza obtuvo una contundente victoria en las elecciones legislativas nacionales 2025 y se consolid\u00f3 como la principal fuerza pol\u00edtica del pa\u00eds. Con el [&hellip;]","og_url":"https:\/\/nuevodigitaldeescobar.com.ar\/?p=18625","og_site_name":"Nuevo Digital de Escobar","article_publisher":"https:\/\/www.facebook.com\/NUEVODigitalDeEscobar","article_published_time":"2025-10-27T10:36:03+00:00","article_modified_time":"2025-10-27T10:36:08+00:00","og_image":[{"width":720,"height":480,"url":"http:\/\/nuevodigitaldeescobar.com.ar\/wp-content\/uploads\/2023\/11\/javier-milei-1-e1701202652884.jpg","type":"image\/jpeg"}],"author":"Redacci\u00f3n","twitter_card":"summary_large_image","twitter_creator":"@nuevodigescobar","twitter_site":"@nuevodigescobar","twitter_misc":{"Escrito por":"Redacci\u00f3n","Tiempo de lectura":"4 minutos"},"schema":{"@context":"https:\/\/schema.org","@graph":[{"@type":"Article","@id":"https:\/\/nuevodigitaldeescobar.com.ar\/?p=18625#article","isPartOf":{"@id":"https:\/\/nuevodigitaldeescobar.com.ar\/?p=18625"},"author":{"name":"Redacci\u00f3n","@id":"https:\/\/nuevodigitaldeescobar.com.ar\/#\/schema\/person\/035e90a8efe9a80e6eec22656ad6ea4c"},"headline":"Amplio triunfo de La Libertad Avanza en las legislativas: sorpresiva victoria en la provincia de Buenos Aires y mayor\u00eda nacional","datePublished":"2025-10-27T10:36:03+00:00","dateModified":"2025-10-27T10:36:08+00:00","mainEntityOfPage":{"@id":"https:\/\/nuevodigitaldeescobar.com.ar\/?p=18625"},"wordCount":707,"commentCount":0,"publisher":{"@id":"https:\/\/nuevodigitaldeescobar.com.ar\/#organization"},"image":{"@id":"https:\/\/nuevodigitaldeescobar.com.ar\/?p=18625#primaryimage"},"thumbnailUrl":"https:\/\/nuevodigitaldeescobar.com.ar\/wp-content\/uploads\/2023\/11\/javier-milei-1-e1701202652884.jpg","articleSection":["Pol\u00edtica"],"inLanguage":"es","potentialAction":[{"@type":"CommentAction","name":"Comment","target":["https:\/\/nuevodigitaldeescobar.com.ar\/?p=18625#respond"]}]},{"@type":"WebPage","@id":"https:\/\/nuevodigitaldeescobar.com.ar\/?p=18625","url":"https:\/\/nuevodigitaldeescobar.com.ar\/?p=18625","name":"Amplio triunfo de La Libertad Avanza en las legislativas: sorpresiva victoria en la provincia de Buenos Aires y mayor\u00eda nacional - Nuevo Digital de Escobar","isPartOf":{"@id":"https:\/\/nuevodigitaldeescobar.com.ar\/#website"},"primaryImageOfPage":{"@id":"https:\/\/nuevodigitaldeescobar.com.ar\/?p=18625#primaryimage"},"image":{"@id":"https:\/\/nuevodigitaldeescobar.com.ar\/?p=18625#primaryimage"},"thumbnailUrl":"https:\/\/nuevodigitaldeescobar.com.ar\/wp-content\/uploads\/2023\/11\/javier-milei-1-e1701202652884.jpg","datePublished":"2025-10-27T10:36:03+00:00","dateModified":"2025-10-27T10:36:08+00:00","breadcrumb":{"@id":"https:\/\/nuevodigitaldeescobar.com.ar\/?p=18625#breadcrumb"},"inLanguage":"es","potentialAction":[{"@type":"ReadAction","target":["https:\/\/nuevodigitaldeescobar.com.ar\/?p=18625"]}]},{"@type":"ImageObject","inLanguage":"es","@id":"https:\/\/nuevodigitaldeescobar.com.ar\/?p=18625#primaryimage","url":"https:\/\/nuevodigitaldeescobar.com.ar\/wp-content\/uploads\/2023\/11\/javier-milei-1-e1701202652884.jpg","contentUrl":"https:\/\/nuevodigitaldeescobar.com.ar\/wp-content\/uploads\/2023\/11\/javier-milei-1-e1701202652884.jpg","width":720,"height":480},{"@type":"BreadcrumbList","@id":"https:\/\/nuevodigitaldeescobar.com.ar\/?p=18625#breadcrumb","itemListElement":[{"@type":"ListItem","position":1,"name":"Portada","item":"https:\/\/nuevodigitaldeescobar.com.ar\/"},{"@type":"ListItem","position":2,"name":"Amplio triunfo de La Libertad Avanza en las legislativas: sorpresiva victoria en la provincia de Buenos Aires y mayor\u00eda nacional"}]},{"@type":"WebSite","@id":"https:\/\/nuevodigitaldeescobar.com.ar\/#website","url":"https:\/\/nuevodigitaldeescobar.com.ar\/","name":"Nuevo Digital de Escobar","description":"La vida escobarense. Directora: Rosana Brunner","publisher":{"@id":"https:\/\/nuevodigitaldeescobar.com.ar\/#organization"},"potentialAction":[{"@type":"SearchAction","target":{"@type":"EntryPoint","urlTemplate":"https:\/\/nuevodigitaldeescobar.com.ar\/?s={search_term_string}"},"query-input":{"@type":"PropertyValueSpecification","valueRequired":true,"valueName":"search_term_string"}}],"inLanguage":"es"},{"@type":"Organization","@id":"https:\/\/nuevodigitaldeescobar.com.ar\/#organization","name":"Nuevo Digital de Escobar","url":"https:\/\/nuevodigitaldeescobar.com.ar\/","logo":{"@type":"ImageObject","inLanguage":"es","@id":"https:\/\/nuevodigitaldeescobar.com.ar\/#\/schema\/logo\/image\/","url":"https:\/\/nuevodigitaldeescobar.com.ar\/wp-content\/uploads\/2025\/05\/cropped-logo-nuevo2.jpg","contentUrl":"https:\/\/nuevodigitaldeescobar.com.ar\/wp-content\/uploads\/2025\/05\/cropped-logo-nuevo2.jpg","width":305,"height":305,"caption":"Nuevo Digital de Escobar"},"image":{"@id":"https:\/\/nuevodigitaldeescobar.com.ar\/#\/schema\/logo\/image\/"},"sameAs":["https:\/\/www.facebook.com\/NUEVODigitalDeEscobar","https:\/\/x.com\/nuevodigescobar","https:\/\/www.instagram.com\/nuevodigitaldeescobar"]},{"@type":"Person","@id":"https:\/\/nuevodigitaldeescobar.com.ar\/#\/schema\/person\/035e90a8efe9a80e6eec22656ad6ea4c","name":"Redacci\u00f3n","image":{"@type":"ImageObject","inLanguage":"es","@id":"https:\/\/nuevodigitaldeescobar.com.ar\/#\/schema\/person\/image\/","url":"https:\/\/secure.gravatar.com\/avatar\/8af8f40000c24e9eef3034f2be5998a372bb1389e64b1a4a36b3a7979142220d?s=96&d=mm&r=g","contentUrl":"https:\/\/secure.gravatar.com\/avatar\/8af8f40000c24e9eef3034f2be5998a372bb1389e64b1a4a36b3a7979142220d?s=96&d=mm&r=g","caption":"Redacci\u00f3n"},"sameAs":["http:\/\/nuevodigitaldeescobar.com.ar"],"url":"https:\/\/nuevodigitaldeescobar.com.ar\/?author=1"}]}},"featured_image_urls":{"full":["https:\/\/nuevodigitaldeescobar.com.ar\/wp-content\/uploads\/2023\/11\/javier-milei-1-e1701202652884.jpg",720,480,false],"thumbnail":["https:\/\/nuevodigitaldeescobar.com.ar\/wp-content\/uploads\/2023\/11\/javier-milei-1-150x150.jpg",150,150,true],"medium":["https:\/\/nuevodigitaldeescobar.com.ar\/wp-content\/uploads\/2023\/11\/javier-milei-1-300x200.jpg",300,200,true],"medium_large":["https:\/\/nuevodigitaldeescobar.com.ar\/wp-content\/uploads\/2023\/11\/javier-milei-1-e1701202652884.jpg",640,427,false],"large":["https:\/\/nuevodigitaldeescobar.com.ar\/wp-content\/uploads\/2023\/11\/javier-milei-1-e1701202652884.jpg",640,427,false],"1536x1536":["https:\/\/nuevodigitaldeescobar.com.ar\/wp-content\/uploads\/2023\/11\/javier-milei-1-e1701202652884.jpg",720,480,false],"2048x2048":["https:\/\/nuevodigitaldeescobar.com.ar\/wp-content\/uploads\/2023\/11\/javier-milei-1-e1701202652884.jpg",720,480,false]},"author_info":{"display_name":"Redacci\u00f3n","author_link":"https:\/\/nuevodigitaldeescobar.com.ar\/?author=1"},"category_info":"<a href=\"https:\/\/nuevodigitaldeescobar.com.ar\/?cat=6\" rel=\"category\">Pol\u00edtica<\/a>","tag_info":"Pol\u00edtica","comment_count":"0","_links":{"self":[{"href":"https:\/\/nuevodigitaldeescobar.com.ar\/index.php?rest_route=\/wp\/v2\/posts\/18625","targetHints":{"allow":["GET"]}}],"collection":[{"href":"https:\/\/nuevodigitaldeescobar.com.ar\/index.php?rest_route=\/wp\/v2\/posts"}],"about":[{"href":"https:\/\/nuevodigitaldeescobar.com.ar\/index.php?rest_route=\/wp\/v2\/types\/post"}],"author":[{"embeddable":true,"href":"https:\/\/nuevodigitaldeescobar.com.ar\/index.php?rest_route=\/wp\/v2\/users\/1"}],"replies":[{"embeddable":true,"href":"https:\/\/nuevodigitaldeescobar.com.ar\/index.php?rest_route=%2Fwp%2Fv2%2Fcomments&post=18625"}],"version-history":[{"count":1,"href":"https:\/\/nuevodigitaldeescobar.com.ar\/index.php?rest_route=\/wp\/v2\/posts\/18625\/revisions"}],"predecessor-version":[{"id":18629,"href":"https:\/\/nuevodigitaldeescobar.com.ar\/index.php?rest_route=\/wp\/v2\/posts\/18625\/revisions\/18629"}],"wp:featuredmedia":[{"embeddable":true,"href":"https:\/\/nuevodigitaldeescobar.com.ar\/index.php?rest_route=\/wp\/v2\/media\/1291"}],"wp:attachment":[{"href":"https:\/\/nuevodigitaldeescobar.com.ar\/index.php?rest_route=%2Fwp%2Fv2%2Fmedia&parent=18625"}],"wp:term":[{"taxonomy":"category","embeddable":true,"href":"https:\/\/nuevodigitaldeescobar.com.ar\/index.php?rest_route=%2Fwp%2Fv2%2Fcategories&post=18625"},{"taxonomy":"post_tag","embeddable":true,"href":"https:\/\/nuevodigitaldeescobar.com.ar\/index.php?rest_route=%2Fwp%2Fv2%2Ftags&post=18625"}],"curies":[{"name":"wp","href":"https:\/\/api.w.org\/{rel}","templated":true}]}}