{"id":18630,"date":"2025-10-27T07:49:35","date_gmt":"2025-10-27T10:49:35","guid":{"rendered":"https:\/\/nuevodigitaldeescobar.com.ar\/?p=18630"},"modified":"2025-10-27T07:55:24","modified_gmt":"2025-10-27T10:55:24","slug":"violento-asalto-a-una-joven-comerciante-en-benavidez-la-inseguridad-no-da-tregua-en-la-provincia","status":"publish","type":"post","link":"https:\/\/nuevodigitaldeescobar.com.ar\/?p=18630","title":{"rendered":"Violento asalto a una joven comerciante en Benav\u00eddez: la inseguridad no da tregua en la provincia"},"content":{"rendered":"\n<p class=\"has-vivid-cyan-blue-color has-text-color has-link-color wp-elements-1020c098c6c357ae496255f87963a281\"><em><strong>Un violento robo a mano armada volvi\u00f3 a poner en evidencia la preocupante situaci\u00f3n de inseguridad que atraviesa la provincia de Buenos Aires. El hecho ocurri\u00f3 el pasado 25 de octubre en la localidad de Benav\u00eddez, cuando una joven de 20 a\u00f1os fue amenazada con un arma blanca mientras atend\u00eda su comercio.<\/strong><\/em><\/p>\n\n\n\n<!--more-->\n\n\n\n<p>Seg\u00fan consta en la denuncia policial, el episodio tuvo lugar en un local ubicado en la esquina de <strong>Alvear y Brasil<\/strong>, donde la v\u00edctima \u2014identificada con las iniciales <strong>L. E. G.<\/strong>\u2014 fue sorprendida por un hombre que ingres\u00f3 al establecimiento minutos despu\u00e9s de la apertura. El delincuente, portando un cuchillo, la intimid\u00f3 y le exigi\u00f3 el dinero que hab\u00eda en la caja registradora.<\/p>\n\n\n\n<figure class=\"wp-block-video aligncenter\"><video controls src=\"https:\/\/nuevodigitaldeescobar.com.ar\/wp-content\/uploads\/2025\/10\/robobenavidez10.mp4\"><\/video><\/figure>\n\n\n\n<p>La joven, que afortunadamente no sufri\u00f3 heridas, entreg\u00f3 el efectivo y el agresor huy\u00f3 r\u00e1pidamente del lugar. Todo el episodio qued\u00f3 registrado por las c\u00e1maras de seguridad instaladas en el comercio, lo que permiti\u00f3 obtener im\u00e1genes precisas del momento del asalto y del rostro del atacante.<\/p>\n\n\n\n<h3 class=\"wp-block-heading has-text-color has-link-color wp-elements-e9c9174b3c5f787ddfca5b1166f18ca2\" style=\"color:#1e29ab\">Investigaci\u00f3n y detenci\u00f3n<\/h3>\n\n\n\n<p>Tras la denuncia, intervino la <strong>Comisar\u00eda 4\u00aa de Tigre<\/strong> bajo las directivas de la <strong>UFI de Benav\u00eddez<\/strong>, que orden\u00f3 la revisi\u00f3n inmediata de los registros f\u00edlmicos y la colaboraci\u00f3n de la Sub-DDI Tigre para avanzar en la identificaci\u00f3n del sospechoso.<\/p>\n\n\n\n<figure class=\"wp-block-video aligncenter\"><video controls src=\"https:\/\/nuevodigitaldeescobar.com.ar\/wp-content\/uploads\/2025\/10\/robobenavidez11.mp4\"><\/video><\/figure>\n\n\n\n<p>Fuentes policiales confirmaron que, horas despu\u00e9s, los agentes lograron allanar un domicilio y <strong>detuvieron al principal acusado del robo<\/strong>, quien fue reconocido por las im\u00e1genes captadas en el comercio. En el operativo tambi\u00e9n se secuestr\u00f3 el arma blanca utilizada durante el asalto.<\/p>\n\n\n\n<p>El hecho, caratulado como <strong>\u201cRobo (modalidad asalto)\u201d<\/strong>, forma parte de una serie de episodios que en los \u00faltimos meses han encendido las alarmas en el norte del conurbano bonaerense, especialmente en Tigre, Escobar y alrededores, donde los comerciantes aseguran que la sensaci\u00f3n de inseguridad <em>\u201cse vive todos los d\u00edas\u201d<\/em>.<\/p>\n\n\n\n<figure class=\"wp-block-video aligncenter\"><video controls src=\"https:\/\/nuevodigitaldeescobar.com.ar\/wp-content\/uploads\/2025\/10\/robobenavidez12.mp4\"><\/video><\/figure>\n\n\n\n<h3 class=\"wp-block-heading has-text-color has-link-color wp-elements-80c330f4766b31e601753dc8380b9bd6\" style=\"color:#1e29ab\">Inseguridad en aumento<\/h3>\n\n\n\n<p>A pesar de los esfuerzos oficiales, la realidad muestra que los <strong>delitos contra la propiedad contin\u00faan en aumento<\/strong> en distintos puntos de la provincia. Comerciantes y vecinos de la zona coinciden en que los robos, arrebatos y amenazas se repiten con frecuencia, afectando tanto a locales peque\u00f1os como a viviendas familiares.<\/p>\n\n\n\n<p>En lo que va del a\u00f1o, se estima que los robos crecieron de manera sostenida en municipios con alta densidad comercial y tr\u00e1nsito cotidiano, como Tigre, San Fernando, San Isidro y Escobar. En la mayor\u00eda de los casos, los ataques son cometidos por delincuentes que act\u00faan solos o en pareja, aprovechando los horarios de apertura o cierre de los negocios.<\/p>\n\n\n<div class=\"wp-block-image is-style-rounded\">\n<figure class=\"aligncenter size-large\"><img fetchpriority=\"high\" decoding=\"async\" width=\"576\" height=\"1024\" src=\"https:\/\/nuevodigitaldeescobar.com.ar\/wp-content\/uploads\/2025\/10\/robobenavidez23-576x1024.jpeg\" alt=\"\" class=\"wp-image-18638\" srcset=\"https:\/\/nuevodigitaldeescobar.com.ar\/wp-content\/uploads\/2025\/10\/robobenavidez23-576x1024.jpeg 576w, https:\/\/nuevodigitaldeescobar.com.ar\/wp-content\/uploads\/2025\/10\/robobenavidez23-169x300.jpeg 169w, https:\/\/nuevodigitaldeescobar.com.ar\/wp-content\/uploads\/2025\/10\/robobenavidez23-768x1365.jpeg 768w, https:\/\/nuevodigitaldeescobar.com.ar\/wp-content\/uploads\/2025\/10\/robobenavidez23-864x1536.jpeg 864w, https:\/\/nuevodigitaldeescobar.com.ar\/wp-content\/uploads\/2025\/10\/robobenavidez23.jpeg 900w\" sizes=\"(max-width: 576px) 100vw, 576px\" \/><\/figure><\/div>\n\n\n<p>Desde la fuerza local remarcan que se reforzaron los patrullajes y que se est\u00e1 trabajando de forma conjunta con las c\u00e1maras de seguridad municipales y el Centro de Monitoreo, con el fin de prevenir este tipo de hechos y mejorar la respuesta ante emergencias.<\/p>\n\n\n\n<h3 class=\"wp-block-heading has-text-color has-link-color wp-elements-fa3bb01c5def70c3747c3ab6436f2888\" style=\"color:#1e29ab\">Un llamado a la prevenci\u00f3n<\/h3>\n\n\n\n<p>El caso de Benav\u00eddez volvi\u00f3 a poner sobre la mesa la necesidad de <strong>mayor presencia policial y control en zonas comerciales<\/strong>. Para los vecinos, la inseguridad ya no distingue horarios ni lugares: <em>\u201cuno abre el negocio con miedo, sin saber si va a volver a su casa\u201d<\/em>, coment\u00f3 un comerciante de la zona.<\/p>\n\n\n\n<p>Desde el <em>Nuevo Digital de Escobar<\/em> insistimos en la importancia de adoptar medidas preventivas b\u00e1sicas: mantener c\u00e1maras activas y visibles, evitar exhibir dinero al abrir o cerrar los locales, coordinar alertas con otros comerciantes y mantener comunicaci\u00f3n directa con las comisar\u00edas vecinales.<\/p>\n\n\n\n<p>El hecho conmocion\u00f3 a la comunidad local, pero tambi\u00e9n gener\u00f3 alivio al conocerse la r\u00e1pida <strong>detenci\u00f3n del sospechoso<\/strong>, capturado horas m\u00e1s tarde gracias a las im\u00e1genes aportadas por el video de seguridad. La v\u00edctima, que fue asistida por personal policial y contenci\u00f3n municipal, se encuentra fuera de peligro y contin\u00faa colaborando con la causa.<\/p>\n\n\n\n<p>La inseguridad, sin embargo, sigue siendo una deuda pendiente para miles de bonaerenses que cada d\u00eda salen a trabajar con temor a ser parte de la pr\u00f3xima noticia policial.<\/p>\n","protected":false},"excerpt":{"rendered":"<p>Un violento robo a mano armada volvi\u00f3 a poner en evidencia la preocupante situaci\u00f3n de inseguridad que atraviesa la provincia de Buenos Aires. El hecho [&hellip;]<\/p>\n","protected":false},"author":1,"featured_media":18637,"comment_status":"open","ping_status":"open","sticky":false,"template":"","format":"standard","meta":{"footnotes":""},"categories":[13],"tags":[],"class_list":["post-18630","post","type-post","status-publish","format-standard","has-post-thumbnail","hentry","category-policiales"],"better_featured_image":{"id":18637,"alt_text":"","caption":"","description":"","media_type":"image","media_details":{"width":566,"height":318,"file":"2025\/10\/robobenavidez111.jpeg","filesize":52851,"sizes":{"medium":{"file":"robobenavidez111-300x169.jpeg","width":300,"height":169,"mime-type":"image\/jpeg","filesize":19856,"source_url":"https:\/\/nuevodigitaldeescobar.com.ar\/wp-content\/uploads\/2025\/10\/robobenavidez111-300x169.jpeg"},"thumbnail":{"file":"robobenavidez111-150x150.jpeg","width":150,"height":150,"mime-type":"image\/jpeg","filesize":9851,"source_url":"https:\/\/nuevodigitaldeescobar.com.ar\/wp-content\/uploads\/2025\/10\/robobenavidez111-150x150.jpeg"}},"image_meta":{"aperture":"0","credit":"","camera":"","caption":"","created_timestamp":"0","copyright":"","focal_length":"0","iso":"0","shutter_speed":"0","title":"","orientation":"0","keywords":[]}},"post":18630,"source_url":"https:\/\/nuevodigitaldeescobar.com.ar\/wp-content\/uploads\/2025\/10\/robobenavidez111.jpeg"},"yoast_head":"<!-- This site is optimized with the Yoast SEO plugin v26.1.1 - https:\/\/yoast.com\/wordpress\/plugins\/seo\/ -->\n<title>Violento asalto a una joven comerciante en Benav\u00eddez: la inseguridad no da tregua en la provincia - Nuevo Digital de Escobar<\/title>\n<meta name=\"robots\" content=\"index, follow, max-snippet:-1, max-image-preview:large, max-video-preview:-1\" \/>\n<link rel=\"canonical\" href=\"https:\/\/nuevodigitaldeescobar.com.ar\/?p=18630\" \/>\n<meta property=\"og:locale\" content=\"es_ES\" \/>\n<meta property=\"og:type\" content=\"article\" \/>\n<meta property=\"og:title\" content=\"Violento asalto a una joven comerciante en Benav\u00eddez: la inseguridad no da tregua en la provincia - Nuevo Digital de Escobar\" \/>\n<meta property=\"og:description\" content=\"Un violento robo a mano armada volvi\u00f3 a poner en evidencia la preocupante situaci\u00f3n de inseguridad que atraviesa la provincia de Buenos Aires. El hecho [&hellip;]\" \/>\n<meta property=\"og:url\" content=\"https:\/\/nuevodigitaldeescobar.com.ar\/?p=18630\" \/>\n<meta property=\"og:site_name\" content=\"Nuevo Digital de Escobar\" \/>\n<meta property=\"article:publisher\" content=\"https:\/\/www.facebook.com\/NUEVODigitalDeEscobar\" \/>\n<meta property=\"article:published_time\" content=\"2025-10-27T10:49:35+00:00\" \/>\n<meta property=\"article:modified_time\" content=\"2025-10-27T10:55:24+00:00\" \/>\n<meta property=\"og:image\" content=\"http:\/\/nuevodigitaldeescobar.com.ar\/wp-content\/uploads\/2025\/10\/robobenavidez111.jpeg\" \/>\n\t<meta property=\"og:image:width\" content=\"566\" \/>\n\t<meta property=\"og:image:height\" content=\"318\" \/>\n\t<meta property=\"og:image:type\" content=\"image\/jpeg\" \/>\n<meta name=\"author\" content=\"Redacci\u00f3n\" \/>\n<meta name=\"twitter:card\" content=\"summary_large_image\" \/>\n<meta name=\"twitter:creator\" content=\"@nuevodigescobar\" \/>\n<meta name=\"twitter:site\" content=\"@nuevodigescobar\" \/>\n<meta name=\"twitter:label1\" content=\"Escrito por\" \/>\n\t<meta name=\"twitter:data1\" content=\"Redacci\u00f3n\" \/>\n\t<meta name=\"twitter:label2\" content=\"Tiempo de lectura\" \/>\n\t<meta name=\"twitter:data2\" content=\"4 minutos\" \/>\n<script type=\"application\/ld+json\" class=\"yoast-schema-graph\">{\"@context\":\"https:\/\/schema.org\",\"@graph\":[{\"@type\":\"Article\",\"@id\":\"https:\/\/nuevodigitaldeescobar.com.ar\/?p=18630#article\",\"isPartOf\":{\"@id\":\"https:\/\/nuevodigitaldeescobar.com.ar\/?p=18630\"},\"author\":{\"name\":\"Redacci\u00f3n\",\"@id\":\"https:\/\/nuevodigitaldeescobar.com.ar\/#\/schema\/person\/035e90a8efe9a80e6eec22656ad6ea4c\"},\"headline\":\"Violento asalto a una joven comerciante en Benav\u00eddez: la inseguridad no da tregua en la provincia\",\"datePublished\":\"2025-10-27T10:49:35+00:00\",\"dateModified\":\"2025-10-27T10:55:24+00:00\",\"mainEntityOfPage\":{\"@id\":\"https:\/\/nuevodigitaldeescobar.com.ar\/?p=18630\"},\"wordCount\":697,\"commentCount\":0,\"publisher\":{\"@id\":\"https:\/\/nuevodigitaldeescobar.com.ar\/#organization\"},\"image\":{\"@id\":\"https:\/\/nuevodigitaldeescobar.com.ar\/?p=18630#primaryimage\"},\"thumbnailUrl\":\"https:\/\/nuevodigitaldeescobar.com.ar\/wp-content\/uploads\/2025\/10\/robobenavidez111.jpeg\",\"articleSection\":[\"Policiales\"],\"inLanguage\":\"es\",\"potentialAction\":[{\"@type\":\"CommentAction\",\"name\":\"Comment\",\"target\":[\"https:\/\/nuevodigitaldeescobar.com.ar\/?p=18630#respond\"]}]},{\"@type\":\"WebPage\",\"@id\":\"https:\/\/nuevodigitaldeescobar.com.ar\/?p=18630\",\"url\":\"https:\/\/nuevodigitaldeescobar.com.ar\/?p=18630\",\"name\":\"Violento asalto a una joven comerciante en Benav\u00eddez: la inseguridad no da tregua en la provincia - Nuevo Digital de Escobar\",\"isPartOf\":{\"@id\":\"https:\/\/nuevodigitaldeescobar.com.ar\/#website\"},\"primaryImageOfPage\":{\"@id\":\"https:\/\/nuevodigitaldeescobar.com.ar\/?p=18630#primaryimage\"},\"image\":{\"@id\":\"https:\/\/nuevodigitaldeescobar.com.ar\/?p=18630#primaryimage\"},\"thumbnailUrl\":\"https:\/\/nuevodigitaldeescobar.com.ar\/wp-content\/uploads\/2025\/10\/robobenavidez111.jpeg\",\"datePublished\":\"2025-10-27T10:49:35+00:00\",\"dateModified\":\"2025-10-27T10:55:24+00:00\",\"breadcrumb\":{\"@id\":\"https:\/\/nuevodigitaldeescobar.com.ar\/?p=18630#breadcrumb\"},\"inLanguage\":\"es\",\"potentialAction\":[{\"@type\":\"ReadAction\",\"target\":[\"https:\/\/nuevodigitaldeescobar.com.ar\/?p=18630\"]}]},{\"@type\":\"ImageObject\",\"inLanguage\":\"es\",\"@id\":\"https:\/\/nuevodigitaldeescobar.com.ar\/?p=18630#primaryimage\",\"url\":\"https:\/\/nuevodigitaldeescobar.com.ar\/wp-content\/uploads\/2025\/10\/robobenavidez111.jpeg\",\"contentUrl\":\"https:\/\/nuevodigitaldeescobar.com.ar\/wp-content\/uploads\/2025\/10\/robobenavidez111.jpeg\",\"width\":566,\"height\":318},{\"@type\":\"BreadcrumbList\",\"@id\":\"https:\/\/nuevodigitaldeescobar.com.ar\/?p=18630#breadcrumb\",\"itemListElement\":[{\"@type\":\"ListItem\",\"position\":1,\"name\":\"Portada\",\"item\":\"https:\/\/nuevodigitaldeescobar.com.ar\/\"},{\"@type\":\"ListItem\",\"position\":2,\"name\":\"Violento asalto a una joven comerciante en Benav\u00eddez: la inseguridad no da tregua en la provincia\"}]},{\"@type\":\"WebSite\",\"@id\":\"https:\/\/nuevodigitaldeescobar.com.ar\/#website\",\"url\":\"https:\/\/nuevodigitaldeescobar.com.ar\/\",\"name\":\"Nuevo Digital de Escobar\",\"description\":\"La vida escobarense. Directora: Rosana Brunner\",\"publisher\":{\"@id\":\"https:\/\/nuevodigitaldeescobar.com.ar\/#organization\"},\"potentialAction\":[{\"@type\":\"SearchAction\",\"target\":{\"@type\":\"EntryPoint\",\"urlTemplate\":\"https:\/\/nuevodigitaldeescobar.com.ar\/?s={search_term_string}\"},\"query-input\":{\"@type\":\"PropertyValueSpecification\",\"valueRequired\":true,\"valueName\":\"search_term_string\"}}],\"inLanguage\":\"es\"},{\"@type\":\"Organization\",\"@id\":\"https:\/\/nuevodigitaldeescobar.com.ar\/#organization\",\"name\":\"Nuevo Digital de Escobar\",\"url\":\"https:\/\/nuevodigitaldeescobar.com.ar\/\",\"logo\":{\"@type\":\"ImageObject\",\"inLanguage\":\"es\",\"@id\":\"https:\/\/nuevodigitaldeescobar.com.ar\/#\/schema\/logo\/image\/\",\"url\":\"https:\/\/nuevodigitaldeescobar.com.ar\/wp-content\/uploads\/2025\/05\/cropped-logo-nuevo2.jpg\",\"contentUrl\":\"https:\/\/nuevodigitaldeescobar.com.ar\/wp-content\/uploads\/2025\/05\/cropped-logo-nuevo2.jpg\",\"width\":305,\"height\":305,\"caption\":\"Nuevo Digital de Escobar\"},\"image\":{\"@id\":\"https:\/\/nuevodigitaldeescobar.com.ar\/#\/schema\/logo\/image\/\"},\"sameAs\":[\"https:\/\/www.facebook.com\/NUEVODigitalDeEscobar\",\"https:\/\/x.com\/nuevodigescobar\",\"https:\/\/www.instagram.com\/nuevodigitaldeescobar\"]},{\"@type\":\"Person\",\"@id\":\"https:\/\/nuevodigitaldeescobar.com.ar\/#\/schema\/person\/035e90a8efe9a80e6eec22656ad6ea4c\",\"name\":\"Redacci\u00f3n\",\"image\":{\"@type\":\"ImageObject\",\"inLanguage\":\"es\",\"@id\":\"https:\/\/nuevodigitaldeescobar.com.ar\/#\/schema\/person\/image\/\",\"url\":\"https:\/\/secure.gravatar.com\/avatar\/8af8f40000c24e9eef3034f2be5998a372bb1389e64b1a4a36b3a7979142220d?s=96&d=mm&r=g\",\"contentUrl\":\"https:\/\/secure.gravatar.com\/avatar\/8af8f40000c24e9eef3034f2be5998a372bb1389e64b1a4a36b3a7979142220d?s=96&d=mm&r=g\",\"caption\":\"Redacci\u00f3n\"},\"sameAs\":[\"http:\/\/nuevodigitaldeescobar.com.ar\"],\"url\":\"https:\/\/nuevodigitaldeescobar.com.ar\/?author=1\"}]}<\/script>\n<!-- \/ Yoast SEO plugin. -->","yoast_head_json":{"title":"Violento asalto a una joven comerciante en Benav\u00eddez: la inseguridad no da tregua en la provincia - Nuevo Digital de Escobar","robots":{"index":"index","follow":"follow","max-snippet":"max-snippet:-1","max-image-preview":"max-image-preview:large","max-video-preview":"max-video-preview:-1"},"canonical":"https:\/\/nuevodigitaldeescobar.com.ar\/?p=18630","og_locale":"es_ES","og_type":"article","og_title":"Violento asalto a una joven comerciante en Benav\u00eddez: la inseguridad no da tregua en la provincia - Nuevo Digital de Escobar","og_description":"Un violento robo a mano armada volvi\u00f3 a poner en evidencia la preocupante situaci\u00f3n de inseguridad que atraviesa la provincia de Buenos Aires. El hecho [&hellip;]","og_url":"https:\/\/nuevodigitaldeescobar.com.ar\/?p=18630","og_site_name":"Nuevo Digital de Escobar","article_publisher":"https:\/\/www.facebook.com\/NUEVODigitalDeEscobar","article_published_time":"2025-10-27T10:49:35+00:00","article_modified_time":"2025-10-27T10:55:24+00:00","og_image":[{"width":566,"height":318,"url":"http:\/\/nuevodigitaldeescobar.com.ar\/wp-content\/uploads\/2025\/10\/robobenavidez111.jpeg","type":"image\/jpeg"}],"author":"Redacci\u00f3n","twitter_card":"summary_large_image","twitter_creator":"@nuevodigescobar","twitter_site":"@nuevodigescobar","twitter_misc":{"Escrito por":"Redacci\u00f3n","Tiempo de lectura":"4 minutos"},"schema":{"@context":"https:\/\/schema.org","@graph":[{"@type":"Article","@id":"https:\/\/nuevodigitaldeescobar.com.ar\/?p=18630#article","isPartOf":{"@id":"https:\/\/nuevodigitaldeescobar.com.ar\/?p=18630"},"author":{"name":"Redacci\u00f3n","@id":"https:\/\/nuevodigitaldeescobar.com.ar\/#\/schema\/person\/035e90a8efe9a80e6eec22656ad6ea4c"},"headline":"Violento asalto a una joven comerciante en Benav\u00eddez: la inseguridad no da tregua en la provincia","datePublished":"2025-10-27T10:49:35+00:00","dateModified":"2025-10-27T10:55:24+00:00","mainEntityOfPage":{"@id":"https:\/\/nuevodigitaldeescobar.com.ar\/?p=18630"},"wordCount":697,"commentCount":0,"publisher":{"@id":"https:\/\/nuevodigitaldeescobar.com.ar\/#organization"},"image":{"@id":"https:\/\/nuevodigitaldeescobar.com.ar\/?p=18630#primaryimage"},"thumbnailUrl":"https:\/\/nuevodigitaldeescobar.com.ar\/wp-content\/uploads\/2025\/10\/robobenavidez111.jpeg","articleSection":["Policiales"],"inLanguage":"es","potentialAction":[{"@type":"CommentAction","name":"Comment","target":["https:\/\/nuevodigitaldeescobar.com.ar\/?p=18630#respond"]}]},{"@type":"WebPage","@id":"https:\/\/nuevodigitaldeescobar.com.ar\/?p=18630","url":"https:\/\/nuevodigitaldeescobar.com.ar\/?p=18630","name":"Violento asalto a una joven comerciante en Benav\u00eddez: la inseguridad no da tregua en la provincia - Nuevo Digital de Escobar","isPartOf":{"@id":"https:\/\/nuevodigitaldeescobar.com.ar\/#website"},"primaryImageOfPage":{"@id":"https:\/\/nuevodigitaldeescobar.com.ar\/?p=18630#primaryimage"},"image":{"@id":"https:\/\/nuevodigitaldeescobar.com.ar\/?p=18630#primaryimage"},"thumbnailUrl":"https:\/\/nuevodigitaldeescobar.com.ar\/wp-content\/uploads\/2025\/10\/robobenavidez111.jpeg","datePublished":"2025-10-27T10:49:35+00:00","dateModified":"2025-10-27T10:55:24+00:00","breadcrumb":{"@id":"https:\/\/nuevodigitaldeescobar.com.ar\/?p=18630#breadcrumb"},"inLanguage":"es","potentialAction":[{"@type":"ReadAction","target":["https:\/\/nuevodigitaldeescobar.com.ar\/?p=18630"]}]},{"@type":"ImageObject","inLanguage":"es","@id":"https:\/\/nuevodigitaldeescobar.com.ar\/?p=18630#primaryimage","url":"https:\/\/nuevodigitaldeescobar.com.ar\/wp-content\/uploads\/2025\/10\/robobenavidez111.jpeg","contentUrl":"https:\/\/nuevodigitaldeescobar.com.ar\/wp-content\/uploads\/2025\/10\/robobenavidez111.jpeg","width":566,"height":318},{"@type":"BreadcrumbList","@id":"https:\/\/nuevodigitaldeescobar.com.ar\/?p=18630#breadcrumb","itemListElement":[{"@type":"ListItem","position":1,"name":"Portada","item":"https:\/\/nuevodigitaldeescobar.com.ar\/"},{"@type":"ListItem","position":2,"name":"Violento asalto a una joven comerciante en Benav\u00eddez: la inseguridad no da tregua en la provincia"}]},{"@type":"WebSite","@id":"https:\/\/nuevodigitaldeescobar.com.ar\/#website","url":"https:\/\/nuevodigitaldeescobar.com.ar\/","name":"Nuevo Digital de Escobar","description":"La vida escobarense. Directora: Rosana Brunner","publisher":{"@id":"https:\/\/nuevodigitaldeescobar.com.ar\/#organization"},"potentialAction":[{"@type":"SearchAction","target":{"@type":"EntryPoint","urlTemplate":"https:\/\/nuevodigitaldeescobar.com.ar\/?s={search_term_string}"},"query-input":{"@type":"PropertyValueSpecification","valueRequired":true,"valueName":"search_term_string"}}],"inLanguage":"es"},{"@type":"Organization","@id":"https:\/\/nuevodigitaldeescobar.com.ar\/#organization","name":"Nuevo Digital de Escobar","url":"https:\/\/nuevodigitaldeescobar.com.ar\/","logo":{"@type":"ImageObject","inLanguage":"es","@id":"https:\/\/nuevodigitaldeescobar.com.ar\/#\/schema\/logo\/image\/","url":"https:\/\/nuevodigitaldeescobar.com.ar\/wp-content\/uploads\/2025\/05\/cropped-logo-nuevo2.jpg","contentUrl":"https:\/\/nuevodigitaldeescobar.com.ar\/wp-content\/uploads\/2025\/05\/cropped-logo-nuevo2.jpg","width":305,"height":305,"caption":"Nuevo Digital de Escobar"},"image":{"@id":"https:\/\/nuevodigitaldeescobar.com.ar\/#\/schema\/logo\/image\/"},"sameAs":["https:\/\/www.facebook.com\/NUEVODigitalDeEscobar","https:\/\/x.com\/nuevodigescobar","https:\/\/www.instagram.com\/nuevodigitaldeescobar"]},{"@type":"Person","@id":"https:\/\/nuevodigitaldeescobar.com.ar\/#\/schema\/person\/035e90a8efe9a80e6eec22656ad6ea4c","name":"Redacci\u00f3n","image":{"@type":"ImageObject","inLanguage":"es","@id":"https:\/\/nuevodigitaldeescobar.com.ar\/#\/schema\/person\/image\/","url":"https:\/\/secure.gravatar.com\/avatar\/8af8f40000c24e9eef3034f2be5998a372bb1389e64b1a4a36b3a7979142220d?s=96&d=mm&r=g","contentUrl":"https:\/\/secure.gravatar.com\/avatar\/8af8f40000c24e9eef3034f2be5998a372bb1389e64b1a4a36b3a7979142220d?s=96&d=mm&r=g","caption":"Redacci\u00f3n"},"sameAs":["http:\/\/nuevodigitaldeescobar.com.ar"],"url":"https:\/\/nuevodigitaldeescobar.com.ar\/?author=1"}]}},"featured_image_urls":{"full":["https:\/\/nuevodigitaldeescobar.com.ar\/wp-content\/uploads\/2025\/10\/robobenavidez111.jpeg",566,318,false],"thumbnail":["https:\/\/nuevodigitaldeescobar.com.ar\/wp-content\/uploads\/2025\/10\/robobenavidez111-150x150.jpeg",150,150,true],"medium":["https:\/\/nuevodigitaldeescobar.com.ar\/wp-content\/uploads\/2025\/10\/robobenavidez111-300x169.jpeg",300,169,true],"medium_large":["https:\/\/nuevodigitaldeescobar.com.ar\/wp-content\/uploads\/2025\/10\/robobenavidez111.jpeg",566,318,false],"large":["https:\/\/nuevodigitaldeescobar.com.ar\/wp-content\/uploads\/2025\/10\/robobenavidez111.jpeg",566,318,false],"1536x1536":["https:\/\/nuevodigitaldeescobar.com.ar\/wp-content\/uploads\/2025\/10\/robobenavidez111.jpeg",566,318,false],"2048x2048":["https:\/\/nuevodigitaldeescobar.com.ar\/wp-content\/uploads\/2025\/10\/robobenavidez111.jpeg",566,318,false]},"author_info":{"display_name":"Redacci\u00f3n","author_link":"https:\/\/nuevodigitaldeescobar.com.ar\/?author=1"},"category_info":"<a href=\"https:\/\/nuevodigitaldeescobar.com.ar\/?cat=13\" rel=\"category\">Policiales<\/a>","tag_info":"Policiales","comment_count":"0","_links":{"self":[{"href":"https:\/\/nuevodigitaldeescobar.com.ar\/index.php?rest_route=\/wp\/v2\/posts\/18630","targetHints":{"allow":["GET"]}}],"collection":[{"href":"https:\/\/nuevodigitaldeescobar.com.ar\/index.php?rest_route=\/wp\/v2\/posts"}],"about":[{"href":"https:\/\/nuevodigitaldeescobar.com.ar\/index.php?rest_route=\/wp\/v2\/types\/post"}],"author":[{"embeddable":true,"href":"https:\/\/nuevodigitaldeescobar.com.ar\/index.php?rest_route=\/wp\/v2\/users\/1"}],"replies":[{"embeddable":true,"href":"https:\/\/nuevodigitaldeescobar.com.ar\/index.php?rest_route=%2Fwp%2Fv2%2Fcomments&post=18630"}],"version-history":[{"count":3,"href":"https:\/\/nuevodigitaldeescobar.com.ar\/index.php?rest_route=\/wp\/v2\/posts\/18630\/revisions"}],"predecessor-version":[{"id":18640,"href":"https:\/\/nuevodigitaldeescobar.com.ar\/index.php?rest_route=\/wp\/v2\/posts\/18630\/revisions\/18640"}],"wp:featuredmedia":[{"embeddable":true,"href":"https:\/\/nuevodigitaldeescobar.com.ar\/index.php?rest_route=\/wp\/v2\/media\/18637"}],"wp:attachment":[{"href":"https:\/\/nuevodigitaldeescobar.com.ar\/index.php?rest_route=%2Fwp%2Fv2%2Fmedia&parent=18630"}],"wp:term":[{"taxonomy":"category","embeddable":true,"href":"https:\/\/nuevodigitaldeescobar.com.ar\/index.php?rest_route=%2Fwp%2Fv2%2Fcategories&post=18630"},{"taxonomy":"post_tag","embeddable":true,"href":"https:\/\/nuevodigitaldeescobar.com.ar\/index.php?rest_route=%2Fwp%2Fv2%2Ftags&post=18630"}],"curies":[{"name":"wp","href":"https:\/\/api.w.org\/{rel}","templated":true}]}}