{"id":18649,"date":"2025-10-28T07:47:27","date_gmt":"2025-10-28T10:47:27","guid":{"rendered":"https:\/\/nuevodigitaldeescobar.com.ar\/?p=18649"},"modified":"2025-10-28T07:47:31","modified_gmt":"2025-10-28T10:47:31","slug":"frio-nubosidad-y-mejora-progresiva-el-pronostico-hasta-el-domingo-en-el-amba-y-escobar","status":"publish","type":"post","link":"https:\/\/nuevodigitaldeescobar.com.ar\/?p=18649","title":{"rendered":"Fr\u00edo, nubosidad y mejora progresiva: el pron\u00f3stico hasta el domingo en el AMBA y Escobar"},"content":{"rendered":"\n<p class=\"has-vivid-cyan-blue-color has-text-color has-link-color wp-elements-b6e052e26fba01a355cae726b0aa24a2\"><strong><em>El ingreso de una masa de aire polar provoc\u00f3 un brusco descenso t\u00e9rmico en la zona del \u00c1rea Metropolitana de Buenos Aires (AMBA), y particularmente se siente en el partido de Bel\u00e9n de Escobar. A continuaci\u00f3n, el detalle del escenario y lo que viene para los pr\u00f3ximos d\u00edas.<\/em><\/strong><\/p>\n\n\n\n<!--more-->\n\n\n\n<h3 class=\"wp-block-heading has-text-color has-link-color wp-elements-3b5ffff36577616ad9eea04ad8d67214\" style=\"color:#0d21bb\">Contexto<\/h3>\n\n\n\n<p>Desde el inicio de esta semana, la regi\u00f3n atraviesa condiciones m\u00e1s propias de finales de invierno que de los \u00faltimos d\u00edas de octubre. Las madrugadas registraron m\u00ednimas por debajo de los 10 \u00b0C y las jornadas con m\u00e1ximas que no superaron los 15 \u00b0C, generando un clima h\u00famedo, fr\u00edo e inc\u00f3modo para quienes deben salir o mantener comercios abiertos.<br>En este marco, se recomienda especial atenci\u00f3n a la vestimenta, a los sistemas de calefacci\u00f3n y al estado de los locales, dado que en zonas del conurbano se repiten informes de filtraciones o humedad producto de la bajante t\u00e9rmica.<\/p>\n\n\n\n<h3 class=\"wp-block-heading has-text-color has-link-color wp-elements-a6edc7e496fb67192c30a91886be03ed\" style=\"color:#0d21bb\">Pron\u00f3stico d\u00eda por d\u00eda (Bel\u00e9n de Escobar)<\/h3>\n\n\n\n<p>A continuaci\u00f3n, la tabla con el pron\u00f3stico estimado hasta el domingo 02\/11 para el partido de Bel\u00e9n de Escobar, con m\u00ednimas, m\u00e1ximas y estado del cielo:<\/p>\n\n\n\n<figure class=\"wp-block-table is-style-stripes\"><table class=\"has-vivid-cyan-blue-to-vivid-purple-gradient-background has-background has-fixed-layout\"><thead><tr><th>D\u00eda<\/th><th>M\u00ednima estimada<\/th><th>M\u00e1xima estimada<\/th><th>Estado del cielo \/ Comentario<\/th><\/tr><\/thead><tbody><tr><td>Martes 28\/10<\/td><td>~ 6 \u00b0C<\/td><td>~ 16 \u00b0C<\/td><td>Mayormente nublado. Contin\u00faa el ingreso de aire fr\u00edo.<\/td><\/tr><tr><td>Mi\u00e9rcoles 29\/10<\/td><td>~ 9 \u00b0C<\/td><td>~ 17 \u00b0C<\/td><td>Nubes y sol alternados. Leve ascenso t\u00e9rmico.<\/td><\/tr><tr><td>Jueves 30\/10<\/td><td>~ 9 \u00b0C<\/td><td>~ 19 \u00b0C<\/td><td>Mayormente nublado. Se espera recuperaci\u00f3n t\u00e9rmica.<\/td><\/tr><tr><td>Viernes 31\/10<\/td><td>~ 12 \u00b0C<\/td><td>~ 23 \u00b0C<\/td><td>Parcialmente soleado. Crecimiento del calor diurno.<\/td><\/tr><tr><td>S\u00e1bado 01\/11<\/td><td>~ 13 \u00b0C<\/td><td>~ 26 \u00b0C<\/td><td>Algunas lloviznas posibles por la ma\u00f1ana.<\/td><\/tr><tr><td>Domingo 02\/11<\/td><td>~ 12 \u00b0C<\/td><td>~ 27 \u00b0C<\/td><td>Sol radiante, aire m\u00e1s c\u00e1lido; mejor para actividades.<\/td><\/tr><\/tbody><\/table><\/figure>\n\n\n\n<h3 class=\"wp-block-heading has-text-color has-link-color wp-elements-48a8a1f2874e7b02549140c0873cc6b7\" style=\"color:#0d21bb\">Lo que se espera y qu\u00e9 tener en cuenta<\/h3>\n\n\n\n<ul class=\"wp-block-list\">\n<li><strong>Martes y mi\u00e9rcoles<\/strong> continuar\u00e1n siendo los d\u00edas m\u00e1s frescos de la semana: con el cielo cubierto mayormente y valores m\u00ednimos bastante bajos para la zona. Es el momento de proteger los espacios cerrados y tener a mano ropa de abrigo.<\/li>\n\n\n\n<li><strong>Jueves y viernes<\/strong> marcar\u00e1n una progresiva mejora: la m\u00e1xima se acercar\u00e1 a los 20-23 \u00b0C, lo que permitir\u00e1 retomar m\u00e1s actividades al aire libre sin tanto fr\u00edo de ma\u00f1ana o tarde.<\/li>\n\n\n\n<li><strong>S\u00e1bado<\/strong> se presenta con riesgo de <strong>lloviznas<\/strong>, especialmente en horario matutino. Es recomendable prever esa posibilidad si hay actividades al aire libre o desplazamientos.<\/li>\n\n\n\n<li><strong>Domingo<\/strong> se perfila como el mejor d\u00eda de la semana: sol, temperaturas m\u00e1s c\u00f3modas y condiciones ideales para paseos, comercios, terrazas o caf\u00e9s al aire libre en Escobar y el AMBA.<\/li>\n<\/ul>\n\n\n\n<h3 class=\"wp-block-heading has-text-color has-link-color wp-elements-eac09339e9d6abc473174f6cf453aa66\" style=\"color:#0d21bb\">Consejos para vecinos y comerciantes en Escobar<\/h3>\n\n\n\n<ul class=\"wp-block-list\">\n<li>Verificar que los sistemas de calefacci\u00f3n funcionen correctamente y que los ambientes comerciales tengan ventilaci\u00f3n adecuada para evitar condensaci\u00f3n o filtraciones.<\/li>\n\n\n\n<li>En jornada de s\u00e1bado, prever la posible lluvia: asegurar toldos, canaletas y equipos electr\u00f3nicos expuestos.<\/li>\n\n\n\n<li>Aprovechar el domingo para eventos, salidas y actividades al aire libre, pero sin descuidar la ma\u00f1ana que sigue fresca.<\/li>\n\n\n\n<li>Para comercios con vitrinas al exterior: tener en cuenta la variabilidad t\u00e9rmica: puede hacer fr\u00edo temprano, pero subir r\u00e1pido luego.<\/li>\n<\/ul>\n\n\n\n<h3 class=\"wp-block-heading has-text-color has-link-color wp-elements-cccf9fa14a5a1c5fae9b53faff816aee\" style=\"color:#0d21bb\">Balance<\/h3>\n\n\n\n<p>Mientras que los primeros d\u00edas de la semana recordaron m\u00e1s al invierno que a casi mediados de primavera, el escenario cambia para el fin de semana, dando un respiro y una oportunidad de retomar actividades al aire libre en buena forma. En Escobar y el AMBA conviene estar atentos al puente entre semanas \u2014 cuando el clima avanza \u2014 y prever antes de la lluvia del s\u00e1bado. El <em>Nuevo Digital de Escobar<\/em> continuar\u00e1 informando con antelaci\u00f3n sobre posibles cambios meteorol\u00f3gicos, para que los vecinos est\u00e9n bien preparados.<\/p>\n\n\n\n<p><\/p>\n","protected":false},"excerpt":{"rendered":"<p>El ingreso de una masa de aire polar provoc\u00f3 un brusco descenso t\u00e9rmico en la zona del \u00c1rea Metropolitana de Buenos Aires (AMBA), y particularmente [&hellip;]<\/p>\n","protected":false},"author":1,"featured_media":7045,"comment_status":"open","ping_status":"open","sticky":false,"template":"","format":"standard","meta":{"footnotes":""},"categories":[14],"tags":[],"class_list":["post-18649","post","type-post","status-publish","format-standard","has-post-thumbnail","hentry","category-clima-medioambiente-y-sostenibilidad"],"better_featured_image":{"id":7045,"alt_text":"","caption":"","description":"","media_type":"image","media_details":{"width":720,"height":405,"file":"2024\/07\/frio-clima-e1722033739228.jpg","filesize":50990,"sizes":{"medium":{"file":"frio-clima-300x169.jpg","width":300,"height":169,"mime-type":"image\/jpeg","filesize":9929,"source_url":"https:\/\/nuevodigitaldeescobar.com.ar\/wp-content\/uploads\/2024\/07\/frio-clima-300x169.jpg"},"thumbnail":{"file":"frio-clima-150x150.jpg","width":150,"height":150,"mime-type":"image\/jpeg","filesize":5540,"source_url":"https:\/\/nuevodigitaldeescobar.com.ar\/wp-content\/uploads\/2024\/07\/frio-clima-150x150.jpg"}},"image_meta":{"aperture":"0","credit":"","camera":"","caption":"","created_timestamp":"0","copyright":"","focal_length":"0","iso":"0","shutter_speed":"0","title":"","orientation":"0","keywords":[]}},"post":7044,"source_url":"https:\/\/nuevodigitaldeescobar.com.ar\/wp-content\/uploads\/2024\/07\/frio-clima-e1722033739228.jpg"},"yoast_head":"<!-- This site is optimized with the Yoast SEO plugin v26.1.1 - https:\/\/yoast.com\/wordpress\/plugins\/seo\/ -->\n<title>Fr\u00edo, nubosidad y mejora progresiva: el pron\u00f3stico hasta el domingo en el AMBA y Escobar - Nuevo Digital de Escobar<\/title>\n<meta name=\"robots\" content=\"index, follow, max-snippet:-1, max-image-preview:large, max-video-preview:-1\" \/>\n<link rel=\"canonical\" href=\"https:\/\/nuevodigitaldeescobar.com.ar\/?p=18649\" \/>\n<meta property=\"og:locale\" content=\"es_ES\" \/>\n<meta property=\"og:type\" content=\"article\" \/>\n<meta property=\"og:title\" content=\"Fr\u00edo, nubosidad y mejora progresiva: el pron\u00f3stico hasta el domingo en el AMBA y Escobar - Nuevo Digital de Escobar\" \/>\n<meta property=\"og:description\" content=\"El ingreso de una masa de aire polar provoc\u00f3 un brusco descenso t\u00e9rmico en la zona del \u00c1rea Metropolitana de Buenos Aires (AMBA), y particularmente [&hellip;]\" \/>\n<meta property=\"og:url\" content=\"https:\/\/nuevodigitaldeescobar.com.ar\/?p=18649\" \/>\n<meta property=\"og:site_name\" content=\"Nuevo Digital de Escobar\" \/>\n<meta property=\"article:publisher\" content=\"https:\/\/www.facebook.com\/NUEVODigitalDeEscobar\" \/>\n<meta property=\"article:published_time\" content=\"2025-10-28T10:47:27+00:00\" \/>\n<meta property=\"article:modified_time\" content=\"2025-10-28T10:47:31+00:00\" \/>\n<meta property=\"og:image\" content=\"http:\/\/nuevodigitaldeescobar.com.ar\/wp-content\/uploads\/2024\/07\/frio-clima-e1722033739228.jpg\" \/>\n\t<meta property=\"og:image:width\" content=\"720\" \/>\n\t<meta property=\"og:image:height\" content=\"405\" \/>\n\t<meta property=\"og:image:type\" content=\"image\/jpeg\" \/>\n<meta name=\"author\" content=\"Redacci\u00f3n\" \/>\n<meta name=\"twitter:card\" content=\"summary_large_image\" \/>\n<meta name=\"twitter:creator\" content=\"@nuevodigescobar\" \/>\n<meta name=\"twitter:site\" content=\"@nuevodigescobar\" \/>\n<meta name=\"twitter:label1\" content=\"Escrito por\" \/>\n\t<meta name=\"twitter:data1\" content=\"Redacci\u00f3n\" \/>\n\t<meta name=\"twitter:label2\" content=\"Tiempo de lectura\" \/>\n\t<meta name=\"twitter:data2\" content=\"3 minutos\" \/>\n<script type=\"application\/ld+json\" class=\"yoast-schema-graph\">{\"@context\":\"https:\/\/schema.org\",\"@graph\":[{\"@type\":\"Article\",\"@id\":\"https:\/\/nuevodigitaldeescobar.com.ar\/?p=18649#article\",\"isPartOf\":{\"@id\":\"https:\/\/nuevodigitaldeescobar.com.ar\/?p=18649\"},\"author\":{\"name\":\"Redacci\u00f3n\",\"@id\":\"https:\/\/nuevodigitaldeescobar.com.ar\/#\/schema\/person\/035e90a8efe9a80e6eec22656ad6ea4c\"},\"headline\":\"Fr\u00edo, nubosidad y mejora progresiva: el pron\u00f3stico hasta el domingo en el AMBA y Escobar\",\"datePublished\":\"2025-10-28T10:47:27+00:00\",\"dateModified\":\"2025-10-28T10:47:31+00:00\",\"mainEntityOfPage\":{\"@id\":\"https:\/\/nuevodigitaldeescobar.com.ar\/?p=18649\"},\"wordCount\":633,\"commentCount\":0,\"publisher\":{\"@id\":\"https:\/\/nuevodigitaldeescobar.com.ar\/#organization\"},\"image\":{\"@id\":\"https:\/\/nuevodigitaldeescobar.com.ar\/?p=18649#primaryimage\"},\"thumbnailUrl\":\"https:\/\/nuevodigitaldeescobar.com.ar\/wp-content\/uploads\/2024\/07\/frio-clima-e1722033739228.jpg\",\"articleSection\":[\"Clima, Medioambiente y Sostenibilidad\"],\"inLanguage\":\"es\",\"potentialAction\":[{\"@type\":\"CommentAction\",\"name\":\"Comment\",\"target\":[\"https:\/\/nuevodigitaldeescobar.com.ar\/?p=18649#respond\"]}]},{\"@type\":\"WebPage\",\"@id\":\"https:\/\/nuevodigitaldeescobar.com.ar\/?p=18649\",\"url\":\"https:\/\/nuevodigitaldeescobar.com.ar\/?p=18649\",\"name\":\"Fr\u00edo, nubosidad y mejora progresiva: el pron\u00f3stico hasta el domingo en el AMBA y Escobar - Nuevo Digital de Escobar\",\"isPartOf\":{\"@id\":\"https:\/\/nuevodigitaldeescobar.com.ar\/#website\"},\"primaryImageOfPage\":{\"@id\":\"https:\/\/nuevodigitaldeescobar.com.ar\/?p=18649#primaryimage\"},\"image\":{\"@id\":\"https:\/\/nuevodigitaldeescobar.com.ar\/?p=18649#primaryimage\"},\"thumbnailUrl\":\"https:\/\/nuevodigitaldeescobar.com.ar\/wp-content\/uploads\/2024\/07\/frio-clima-e1722033739228.jpg\",\"datePublished\":\"2025-10-28T10:47:27+00:00\",\"dateModified\":\"2025-10-28T10:47:31+00:00\",\"breadcrumb\":{\"@id\":\"https:\/\/nuevodigitaldeescobar.com.ar\/?p=18649#breadcrumb\"},\"inLanguage\":\"es\",\"potentialAction\":[{\"@type\":\"ReadAction\",\"target\":[\"https:\/\/nuevodigitaldeescobar.com.ar\/?p=18649\"]}]},{\"@type\":\"ImageObject\",\"inLanguage\":\"es\",\"@id\":\"https:\/\/nuevodigitaldeescobar.com.ar\/?p=18649#primaryimage\",\"url\":\"https:\/\/nuevodigitaldeescobar.com.ar\/wp-content\/uploads\/2024\/07\/frio-clima-e1722033739228.jpg\",\"contentUrl\":\"https:\/\/nuevodigitaldeescobar.com.ar\/wp-content\/uploads\/2024\/07\/frio-clima-e1722033739228.jpg\",\"width\":720,\"height\":405},{\"@type\":\"BreadcrumbList\",\"@id\":\"https:\/\/nuevodigitaldeescobar.com.ar\/?p=18649#breadcrumb\",\"itemListElement\":[{\"@type\":\"ListItem\",\"position\":1,\"name\":\"Portada\",\"item\":\"https:\/\/nuevodigitaldeescobar.com.ar\/\"},{\"@type\":\"ListItem\",\"position\":2,\"name\":\"Fr\u00edo, nubosidad y mejora progresiva: el pron\u00f3stico hasta el domingo en el AMBA y Escobar\"}]},{\"@type\":\"WebSite\",\"@id\":\"https:\/\/nuevodigitaldeescobar.com.ar\/#website\",\"url\":\"https:\/\/nuevodigitaldeescobar.com.ar\/\",\"name\":\"Nuevo Digital de Escobar\",\"description\":\"La vida escobarense. Directora: Rosana Brunner\",\"publisher\":{\"@id\":\"https:\/\/nuevodigitaldeescobar.com.ar\/#organization\"},\"potentialAction\":[{\"@type\":\"SearchAction\",\"target\":{\"@type\":\"EntryPoint\",\"urlTemplate\":\"https:\/\/nuevodigitaldeescobar.com.ar\/?s={search_term_string}\"},\"query-input\":{\"@type\":\"PropertyValueSpecification\",\"valueRequired\":true,\"valueName\":\"search_term_string\"}}],\"inLanguage\":\"es\"},{\"@type\":\"Organization\",\"@id\":\"https:\/\/nuevodigitaldeescobar.com.ar\/#organization\",\"name\":\"Nuevo Digital de Escobar\",\"url\":\"https:\/\/nuevodigitaldeescobar.com.ar\/\",\"logo\":{\"@type\":\"ImageObject\",\"inLanguage\":\"es\",\"@id\":\"https:\/\/nuevodigitaldeescobar.com.ar\/#\/schema\/logo\/image\/\",\"url\":\"https:\/\/nuevodigitaldeescobar.com.ar\/wp-content\/uploads\/2025\/05\/cropped-logo-nuevo2.jpg\",\"contentUrl\":\"https:\/\/nuevodigitaldeescobar.com.ar\/wp-content\/uploads\/2025\/05\/cropped-logo-nuevo2.jpg\",\"width\":305,\"height\":305,\"caption\":\"Nuevo Digital de Escobar\"},\"image\":{\"@id\":\"https:\/\/nuevodigitaldeescobar.com.ar\/#\/schema\/logo\/image\/\"},\"sameAs\":[\"https:\/\/www.facebook.com\/NUEVODigitalDeEscobar\",\"https:\/\/x.com\/nuevodigescobar\",\"https:\/\/www.instagram.com\/nuevodigitaldeescobar\"]},{\"@type\":\"Person\",\"@id\":\"https:\/\/nuevodigitaldeescobar.com.ar\/#\/schema\/person\/035e90a8efe9a80e6eec22656ad6ea4c\",\"name\":\"Redacci\u00f3n\",\"image\":{\"@type\":\"ImageObject\",\"inLanguage\":\"es\",\"@id\":\"https:\/\/nuevodigitaldeescobar.com.ar\/#\/schema\/person\/image\/\",\"url\":\"https:\/\/secure.gravatar.com\/avatar\/8af8f40000c24e9eef3034f2be5998a372bb1389e64b1a4a36b3a7979142220d?s=96&d=mm&r=g\",\"contentUrl\":\"https:\/\/secure.gravatar.com\/avatar\/8af8f40000c24e9eef3034f2be5998a372bb1389e64b1a4a36b3a7979142220d?s=96&d=mm&r=g\",\"caption\":\"Redacci\u00f3n\"},\"sameAs\":[\"http:\/\/nuevodigitaldeescobar.com.ar\"],\"url\":\"https:\/\/nuevodigitaldeescobar.com.ar\/?author=1\"}]}<\/script>\n<!-- \/ Yoast SEO plugin. -->","yoast_head_json":{"title":"Fr\u00edo, nubosidad y mejora progresiva: el pron\u00f3stico hasta el domingo en el AMBA y Escobar - Nuevo Digital de Escobar","robots":{"index":"index","follow":"follow","max-snippet":"max-snippet:-1","max-image-preview":"max-image-preview:large","max-video-preview":"max-video-preview:-1"},"canonical":"https:\/\/nuevodigitaldeescobar.com.ar\/?p=18649","og_locale":"es_ES","og_type":"article","og_title":"Fr\u00edo, nubosidad y mejora progresiva: el pron\u00f3stico hasta el domingo en el AMBA y Escobar - Nuevo Digital de Escobar","og_description":"El ingreso de una masa de aire polar provoc\u00f3 un brusco descenso t\u00e9rmico en la zona del \u00c1rea Metropolitana de Buenos Aires (AMBA), y particularmente [&hellip;]","og_url":"https:\/\/nuevodigitaldeescobar.com.ar\/?p=18649","og_site_name":"Nuevo Digital de Escobar","article_publisher":"https:\/\/www.facebook.com\/NUEVODigitalDeEscobar","article_published_time":"2025-10-28T10:47:27+00:00","article_modified_time":"2025-10-28T10:47:31+00:00","og_image":[{"width":720,"height":405,"url":"http:\/\/nuevodigitaldeescobar.com.ar\/wp-content\/uploads\/2024\/07\/frio-clima-e1722033739228.jpg","type":"image\/jpeg"}],"author":"Redacci\u00f3n","twitter_card":"summary_large_image","twitter_creator":"@nuevodigescobar","twitter_site":"@nuevodigescobar","twitter_misc":{"Escrito por":"Redacci\u00f3n","Tiempo de lectura":"3 minutos"},"schema":{"@context":"https:\/\/schema.org","@graph":[{"@type":"Article","@id":"https:\/\/nuevodigitaldeescobar.com.ar\/?p=18649#article","isPartOf":{"@id":"https:\/\/nuevodigitaldeescobar.com.ar\/?p=18649"},"author":{"name":"Redacci\u00f3n","@id":"https:\/\/nuevodigitaldeescobar.com.ar\/#\/schema\/person\/035e90a8efe9a80e6eec22656ad6ea4c"},"headline":"Fr\u00edo, nubosidad y mejora progresiva: el pron\u00f3stico hasta el domingo en el AMBA y Escobar","datePublished":"2025-10-28T10:47:27+00:00","dateModified":"2025-10-28T10:47:31+00:00","mainEntityOfPage":{"@id":"https:\/\/nuevodigitaldeescobar.com.ar\/?p=18649"},"wordCount":633,"commentCount":0,"publisher":{"@id":"https:\/\/nuevodigitaldeescobar.com.ar\/#organization"},"image":{"@id":"https:\/\/nuevodigitaldeescobar.com.ar\/?p=18649#primaryimage"},"thumbnailUrl":"https:\/\/nuevodigitaldeescobar.com.ar\/wp-content\/uploads\/2024\/07\/frio-clima-e1722033739228.jpg","articleSection":["Clima, Medioambiente y Sostenibilidad"],"inLanguage":"es","potentialAction":[{"@type":"CommentAction","name":"Comment","target":["https:\/\/nuevodigitaldeescobar.com.ar\/?p=18649#respond"]}]},{"@type":"WebPage","@id":"https:\/\/nuevodigitaldeescobar.com.ar\/?p=18649","url":"https:\/\/nuevodigitaldeescobar.com.ar\/?p=18649","name":"Fr\u00edo, nubosidad y mejora progresiva: el pron\u00f3stico hasta el domingo en el AMBA y Escobar - Nuevo Digital de Escobar","isPartOf":{"@id":"https:\/\/nuevodigitaldeescobar.com.ar\/#website"},"primaryImageOfPage":{"@id":"https:\/\/nuevodigitaldeescobar.com.ar\/?p=18649#primaryimage"},"image":{"@id":"https:\/\/nuevodigitaldeescobar.com.ar\/?p=18649#primaryimage"},"thumbnailUrl":"https:\/\/nuevodigitaldeescobar.com.ar\/wp-content\/uploads\/2024\/07\/frio-clima-e1722033739228.jpg","datePublished":"2025-10-28T10:47:27+00:00","dateModified":"2025-10-28T10:47:31+00:00","breadcrumb":{"@id":"https:\/\/nuevodigitaldeescobar.com.ar\/?p=18649#breadcrumb"},"inLanguage":"es","potentialAction":[{"@type":"ReadAction","target":["https:\/\/nuevodigitaldeescobar.com.ar\/?p=18649"]}]},{"@type":"ImageObject","inLanguage":"es","@id":"https:\/\/nuevodigitaldeescobar.com.ar\/?p=18649#primaryimage","url":"https:\/\/nuevodigitaldeescobar.com.ar\/wp-content\/uploads\/2024\/07\/frio-clima-e1722033739228.jpg","contentUrl":"https:\/\/nuevodigitaldeescobar.com.ar\/wp-content\/uploads\/2024\/07\/frio-clima-e1722033739228.jpg","width":720,"height":405},{"@type":"BreadcrumbList","@id":"https:\/\/nuevodigitaldeescobar.com.ar\/?p=18649#breadcrumb","itemListElement":[{"@type":"ListItem","position":1,"name":"Portada","item":"https:\/\/nuevodigitaldeescobar.com.ar\/"},{"@type":"ListItem","position":2,"name":"Fr\u00edo, nubosidad y mejora progresiva: el pron\u00f3stico hasta el domingo en el AMBA y Escobar"}]},{"@type":"WebSite","@id":"https:\/\/nuevodigitaldeescobar.com.ar\/#website","url":"https:\/\/nuevodigitaldeescobar.com.ar\/","name":"Nuevo Digital de Escobar","description":"La vida escobarense. Directora: Rosana Brunner","publisher":{"@id":"https:\/\/nuevodigitaldeescobar.com.ar\/#organization"},"potentialAction":[{"@type":"SearchAction","target":{"@type":"EntryPoint","urlTemplate":"https:\/\/nuevodigitaldeescobar.com.ar\/?s={search_term_string}"},"query-input":{"@type":"PropertyValueSpecification","valueRequired":true,"valueName":"search_term_string"}}],"inLanguage":"es"},{"@type":"Organization","@id":"https:\/\/nuevodigitaldeescobar.com.ar\/#organization","name":"Nuevo Digital de Escobar","url":"https:\/\/nuevodigitaldeescobar.com.ar\/","logo":{"@type":"ImageObject","inLanguage":"es","@id":"https:\/\/nuevodigitaldeescobar.com.ar\/#\/schema\/logo\/image\/","url":"https:\/\/nuevodigitaldeescobar.com.ar\/wp-content\/uploads\/2025\/05\/cropped-logo-nuevo2.jpg","contentUrl":"https:\/\/nuevodigitaldeescobar.com.ar\/wp-content\/uploads\/2025\/05\/cropped-logo-nuevo2.jpg","width":305,"height":305,"caption":"Nuevo Digital de Escobar"},"image":{"@id":"https:\/\/nuevodigitaldeescobar.com.ar\/#\/schema\/logo\/image\/"},"sameAs":["https:\/\/www.facebook.com\/NUEVODigitalDeEscobar","https:\/\/x.com\/nuevodigescobar","https:\/\/www.instagram.com\/nuevodigitaldeescobar"]},{"@type":"Person","@id":"https:\/\/nuevodigitaldeescobar.com.ar\/#\/schema\/person\/035e90a8efe9a80e6eec22656ad6ea4c","name":"Redacci\u00f3n","image":{"@type":"ImageObject","inLanguage":"es","@id":"https:\/\/nuevodigitaldeescobar.com.ar\/#\/schema\/person\/image\/","url":"https:\/\/secure.gravatar.com\/avatar\/8af8f40000c24e9eef3034f2be5998a372bb1389e64b1a4a36b3a7979142220d?s=96&d=mm&r=g","contentUrl":"https:\/\/secure.gravatar.com\/avatar\/8af8f40000c24e9eef3034f2be5998a372bb1389e64b1a4a36b3a7979142220d?s=96&d=mm&r=g","caption":"Redacci\u00f3n"},"sameAs":["http:\/\/nuevodigitaldeescobar.com.ar"],"url":"https:\/\/nuevodigitaldeescobar.com.ar\/?author=1"}]}},"featured_image_urls":{"full":["https:\/\/nuevodigitaldeescobar.com.ar\/wp-content\/uploads\/2024\/07\/frio-clima-e1722033739228.jpg",720,405,false],"thumbnail":["https:\/\/nuevodigitaldeescobar.com.ar\/wp-content\/uploads\/2024\/07\/frio-clima-150x150.jpg",150,150,true],"medium":["https:\/\/nuevodigitaldeescobar.com.ar\/wp-content\/uploads\/2024\/07\/frio-clima-300x169.jpg",300,169,true],"medium_large":["https:\/\/nuevodigitaldeescobar.com.ar\/wp-content\/uploads\/2024\/07\/frio-clima-e1722033739228.jpg",640,360,false],"large":["https:\/\/nuevodigitaldeescobar.com.ar\/wp-content\/uploads\/2024\/07\/frio-clima-e1722033739228.jpg",640,360,false],"1536x1536":["https:\/\/nuevodigitaldeescobar.com.ar\/wp-content\/uploads\/2024\/07\/frio-clima-e1722033739228.jpg",720,405,false],"2048x2048":["https:\/\/nuevodigitaldeescobar.com.ar\/wp-content\/uploads\/2024\/07\/frio-clima-e1722033739228.jpg",720,405,false]},"author_info":{"display_name":"Redacci\u00f3n","author_link":"https:\/\/nuevodigitaldeescobar.com.ar\/?author=1"},"category_info":"<a href=\"https:\/\/nuevodigitaldeescobar.com.ar\/?cat=14\" rel=\"category\">Clima, Medioambiente y Sostenibilidad<\/a>","tag_info":"Clima, Medioambiente y Sostenibilidad","comment_count":"0","_links":{"self":[{"href":"https:\/\/nuevodigitaldeescobar.com.ar\/index.php?rest_route=\/wp\/v2\/posts\/18649","targetHints":{"allow":["GET"]}}],"collection":[{"href":"https:\/\/nuevodigitaldeescobar.com.ar\/index.php?rest_route=\/wp\/v2\/posts"}],"about":[{"href":"https:\/\/nuevodigitaldeescobar.com.ar\/index.php?rest_route=\/wp\/v2\/types\/post"}],"author":[{"embeddable":true,"href":"https:\/\/nuevodigitaldeescobar.com.ar\/index.php?rest_route=\/wp\/v2\/users\/1"}],"replies":[{"embeddable":true,"href":"https:\/\/nuevodigitaldeescobar.com.ar\/index.php?rest_route=%2Fwp%2Fv2%2Fcomments&post=18649"}],"version-history":[{"count":1,"href":"https:\/\/nuevodigitaldeescobar.com.ar\/index.php?rest_route=\/wp\/v2\/posts\/18649\/revisions"}],"predecessor-version":[{"id":18650,"href":"https:\/\/nuevodigitaldeescobar.com.ar\/index.php?rest_route=\/wp\/v2\/posts\/18649\/revisions\/18650"}],"wp:featuredmedia":[{"embeddable":true,"href":"https:\/\/nuevodigitaldeescobar.com.ar\/index.php?rest_route=\/wp\/v2\/media\/7045"}],"wp:attachment":[{"href":"https:\/\/nuevodigitaldeescobar.com.ar\/index.php?rest_route=%2Fwp%2Fv2%2Fmedia&parent=18649"}],"wp:term":[{"taxonomy":"category","embeddable":true,"href":"https:\/\/nuevodigitaldeescobar.com.ar\/index.php?rest_route=%2Fwp%2Fv2%2Fcategories&post=18649"},{"taxonomy":"post_tag","embeddable":true,"href":"https:\/\/nuevodigitaldeescobar.com.ar\/index.php?rest_route=%2Fwp%2Fv2%2Ftags&post=18649"}],"curies":[{"name":"wp","href":"https:\/\/api.w.org\/{rel}","templated":true}]}}