{"id":18651,"date":"2025-10-28T07:56:05","date_gmt":"2025-10-28T10:56:05","guid":{"rendered":"https:\/\/nuevodigitaldeescobar.com.ar\/?p=18651"},"modified":"2025-10-28T07:56:10","modified_gmt":"2025-10-28T10:56:10","slug":"reforma-laboral-en-marcha-que-propone-el-proyecto-y-como-puede-cambiar-tu-trabajo","status":"publish","type":"post","link":"https:\/\/nuevodigitaldeescobar.com.ar\/?p=18651","title":{"rendered":"Reforma laboral en marcha: qu\u00e9 propone el proyecto y c\u00f3mo puede cambiar tu trabajo"},"content":{"rendered":"\n<p class=\"has-vivid-cyan-blue-color has-text-color has-link-color wp-elements-440c4cb64086cda6142c28f5bfcc1557\"><strong><em>El Gobierno nacional ha impulsado un proyecto de ley que busca modificar de ra\u00edz las normas que regulan el trabajo en Argentina, con la intenci\u00f3n de adaptarlas a los nuevos tiempos y, al mismo tiempo, promover la formalizaci\u00f3n del empleo. Bajo el nombre de Ley de Promoci\u00f3n de Inversiones y Empleo, la iniciativa presentada por la diputada nacional Romina Diez propone una serie de reformas que abarcan desde los contratos laborales hasta los beneficios no remunerativos, pasando por la indemnizaci\u00f3n, vacaciones y modalidades de trabajo.<\/em><\/strong><\/p>\n\n\n\n<!--more-->\n\n\n\n<h3 class=\"wp-block-heading has-text-color has-link-color wp-elements-dfead954074ee995ba153c63da2e9e60\" style=\"color:#1d13bc\">\u00bfDe qu\u00e9 se trata el cambio?<\/h3>\n\n\n\n<p>La propuesta parte de la premisa de que el actual r\u00e9gimen laboral necesita una \u201cmodernizaci\u00f3n\u201d \u2014en palabras del oficialismo\u2014 para generar m\u00e1s empleo, reducir los costos para las empresas y dar mayor previsibilidad a las relaciones de trabajo. Entre los ejes figura la ampliaci\u00f3n de la jornada diaria, flexibilizaci\u00f3n de convenios colectivos, modificaciones en el r\u00e9gimen de indemnizaci\u00f3n, y est\u00edmulos fiscales para quienes contraten en los primeros 18 meses de vigencia.<\/p>\n\n\n<iframe class=\"embed-pdf-viewer\" src=\"https:\/\/nuevodigitaldeescobar.com.ar\/wp-content\/uploads\/2025\/10\/reformalaboral.pdf\" height=\"600\" width=\"600\" title=\"Array\"><\/iframe>\n\n\n<h3 class=\"wp-block-heading has-text-color has-link-color wp-elements-0d601ca004eac5959216fa79d38aaace\" style=\"color:#1d13bc\">Cambios que impactan en el d\u00eda a d\u00eda<\/h3>\n\n\n\n<p>Seg\u00fan el proyecto, se redefinen varios aspectos clave de la legislaci\u00f3n actual:<\/p>\n\n\n\n<ul class=\"wp-block-list\">\n<li>El principio de \u201cirrenunciabilidad\u201d de derechos laborales se adapta para permitir que empleador y trabajador negocien nuevas modalidades.<\/li>\n\n\n\n<li>Se establecen plazos precisos para impugnar sanciones disciplinarias: por ejemplo, dentro de los treinta d\u00edas de notificada una sanci\u00f3n el trabajador podr\u00e1 cuestionarla.<\/li>\n\n\n\n<li>Se ampl\u00edan los beneficios sociales no remunerativos: almuerzos, \u00fatiles escolares, servicios de telefon\u00eda o internet para el trabajador o su familia ya est\u00e1n contemplados.<\/li>\n\n\n\n<li>En cuanto a vacaciones, se permite fraccionarlas en periodos de al menos una semana, y se asegura que el trabajador pueda tomarlas en verano al menos una vez cada dos a\u00f1os (si as\u00ed lo desea).<\/li>\n\n\n\n<li>En materia de contratos y modalidades, el empleador podr\u00e1 modificar formas de trabajo \u2014siempre que no resulten \u201cirrazonables\u201d ni alteren lo esencial del contrato\u2014 y se mantiene para el trabajador la opci\u00f3n de considerarse despedido sin causa si se vulneran sus derechos fundamentales.<\/li>\n\n\n\n<li>Uno de los elementos m\u00e1s comentados es el fondo de cese laboral: en lugar de indemnizaci\u00f3n \u00fanica por antig\u00fcedad, la posibilidad de que se acuerde un fondo o mecanismo alternativo.<\/li>\n\n\n\n<li>Para las micro, peque\u00f1as y medianas empresas (MiPyMEs) se incluyen est\u00edmulos: bonos de cr\u00e9dito fiscal si contratan nuevo personal, con porcentajes mayores para empresas menores.<\/li>\n\n\n\n<li>En el r\u00e9gimen agrario se redefine el alcance legal: actividades industriales, comerciales, tur\u00edsticas o de servicios quedan excluidas del r\u00e9gimen agrario espec\u00edfico, manteni\u00e9ndose responsabilidad solidaria de la empresa usuaria en ciertos casos.<\/li>\n<\/ul>\n\n\n\n<h3 class=\"wp-block-heading has-text-color has-link-color wp-elements-cbfe24e3d8fd9822e8ed62dd9df027d7\" style=\"color:#1d13bc\">Un llamado al di\u00e1logo<\/h3>\n\n\n\n<p>El proyecto ya cuenta con respaldo de un grupo amplio de legisladores de distintos bloques, lo que facilitar\u00eda su tratamiento parlamentario en los pr\u00f3ximos meses. No obstante, los principales sindicatos expresaron su preocupaci\u00f3n por posibles retrocesos en derechos adquiridos. La reforma abre una instancia de debate \u2013 no s\u00f3lo t\u00e9cnico sino social \u2013 sobre c\u00f3mo equilibrar la necesidad de empleo formal con la protecci\u00f3n del trabajador.<\/p>\n\n\n\n<hr class=\"wp-block-separator has-alpha-channel-opacity\"\/>\n\n\n\n<h3 class=\"wp-block-heading has-text-color has-link-color wp-elements-708544ac997b2675ec5717381d60ea8c\" style=\"color:#1d13bc\">\u2705 Puntos m\u00e1s importantes de la reforma laboral<\/h3>\n\n\n\n<ol class=\"wp-block-list\">\n<li>Mayor flexibilidad en la jornada laboral y modalidades de trabajo.<\/li>\n\n\n\n<li>Redefinici\u00f3n del principio de irrenunciabilidad y ampliaci\u00f3n de facultades del empleador (con l\u00edmites).<\/li>\n\n\n\n<li>Establecimiento de plazos claros para que el trabajador impugne sanciones disciplinarias.<\/li>\n\n\n\n<li>Inclusi\u00f3n de nuevos beneficios sociales no remunerativos (internet, telefon\u00eda, \u00fatiles escolares).<\/li>\n\n\n\n<li>Modificaci\u00f3n del r\u00e9gimen de vacaciones: fraccionamiento, garant\u00eda de verano cada dos a\u00f1os.<\/li>\n\n\n\n<li>Creaci\u00f3n de un fondo de cese laboral como alternativa al r\u00e9gimen tradicional de indemnizaci\u00f3n.<\/li>\n\n\n\n<li>Est\u00edmulos fiscales para MiPyMEs que contraten nuevo personal (cr\u00e9ditos fiscales seg\u00fan tama\u00f1o).<\/li>\n\n\n\n<li>Ajustes en el r\u00e9gimen agrario: redefinici\u00f3n de alcance, exclusiones de ciertas actividades.<\/li>\n\n\n\n<li>Mayor registro y formalizaci\u00f3n del empleo, con posibles condonaciones o alivios para quienes regularicen.<\/li>\n\n\n\n<li>Mayor seguridad jur\u00eddica para empleadores y trabajadores, seg\u00fan el gobierno, y debates sobre eventual vulneraci\u00f3n de derechos seg\u00fan sindicatos.<\/li>\n<\/ol>\n","protected":false},"excerpt":{"rendered":"<p>El Gobierno nacional ha impulsado un proyecto de ley que busca modificar de ra\u00edz las normas que regulan el trabajo en Argentina, con la intenci\u00f3n [&hellip;]<\/p>\n","protected":false},"author":1,"featured_media":3441,"comment_status":"open","ping_status":"open","sticky":false,"template":"","format":"standard","meta":{"footnotes":""},"categories":[10],"tags":[],"class_list":["post-18651","post","type-post","status-publish","format-standard","has-post-thumbnail","hentry","category-economia"],"better_featured_image":{"id":3441,"alt_text":"","caption":"","description":"","media_type":"image","media_details":{"width":720,"height":480,"file":"2024\/02\/pymes-e1707928510682.jpg","filesize":147725,"sizes":{"medium":{"file":"pymes-300x200.jpg","width":300,"height":200,"mime-type":"image\/jpeg","filesize":15720,"source_url":"https:\/\/nuevodigitaldeescobar.com.ar\/wp-content\/uploads\/2024\/02\/pymes-300x200.jpg"},"large":{"file":"pymes-1024x682.jpg","width":1024,"height":682,"mime-type":"image\/jpeg","filesize":95107,"source_url":"https:\/\/nuevodigitaldeescobar.com.ar\/wp-content\/uploads\/2024\/02\/pymes-1024x682.jpg"},"thumbnail":{"file":"pymes-150x150.jpg","width":150,"height":150,"mime-type":"image\/jpeg","filesize":7278,"source_url":"https:\/\/nuevodigitaldeescobar.com.ar\/wp-content\/uploads\/2024\/02\/pymes-150x150.jpg"},"medium_large":{"file":"pymes-768x512.jpg","width":768,"height":512,"mime-type":"image\/jpeg","filesize":62429,"source_url":"https:\/\/nuevodigitaldeescobar.com.ar\/wp-content\/uploads\/2024\/02\/pymes-768x512.jpg"}},"image_meta":{"aperture":"0","credit":"","camera":"","caption":"","created_timestamp":"0","copyright":"","focal_length":"0","iso":"0","shutter_speed":"0","title":"","orientation":"0","keywords":[]}},"post":3440,"source_url":"https:\/\/nuevodigitaldeescobar.com.ar\/wp-content\/uploads\/2024\/02\/pymes-e1707928510682.jpg"},"yoast_head":"<!-- This site is optimized with the Yoast SEO plugin v26.1.1 - https:\/\/yoast.com\/wordpress\/plugins\/seo\/ -->\n<title>Reforma laboral en marcha: qu\u00e9 propone el proyecto y c\u00f3mo puede cambiar tu trabajo - Nuevo Digital de Escobar<\/title>\n<meta name=\"robots\" content=\"index, follow, max-snippet:-1, max-image-preview:large, max-video-preview:-1\" \/>\n<link rel=\"canonical\" href=\"https:\/\/nuevodigitaldeescobar.com.ar\/?p=18651\" \/>\n<meta property=\"og:locale\" content=\"es_ES\" \/>\n<meta property=\"og:type\" content=\"article\" \/>\n<meta property=\"og:title\" content=\"Reforma laboral en marcha: qu\u00e9 propone el proyecto y c\u00f3mo puede cambiar tu trabajo - Nuevo Digital de Escobar\" \/>\n<meta property=\"og:description\" content=\"El Gobierno nacional ha impulsado un proyecto de ley que busca modificar de ra\u00edz las normas que regulan el trabajo en Argentina, con la intenci\u00f3n [&hellip;]\" \/>\n<meta property=\"og:url\" content=\"https:\/\/nuevodigitaldeescobar.com.ar\/?p=18651\" \/>\n<meta property=\"og:site_name\" content=\"Nuevo Digital de Escobar\" \/>\n<meta property=\"article:publisher\" content=\"https:\/\/www.facebook.com\/NUEVODigitalDeEscobar\" \/>\n<meta property=\"article:published_time\" content=\"2025-10-28T10:56:05+00:00\" \/>\n<meta property=\"article:modified_time\" content=\"2025-10-28T10:56:10+00:00\" \/>\n<meta property=\"og:image\" content=\"http:\/\/nuevodigitaldeescobar.com.ar\/wp-content\/uploads\/2024\/02\/pymes-e1707928510682.jpg\" \/>\n\t<meta property=\"og:image:width\" content=\"720\" \/>\n\t<meta property=\"og:image:height\" content=\"480\" \/>\n\t<meta property=\"og:image:type\" content=\"image\/jpeg\" \/>\n<meta name=\"author\" content=\"Redacci\u00f3n\" \/>\n<meta name=\"twitter:card\" content=\"summary_large_image\" \/>\n<meta name=\"twitter:creator\" content=\"@nuevodigescobar\" \/>\n<meta name=\"twitter:site\" content=\"@nuevodigescobar\" \/>\n<meta name=\"twitter:label1\" content=\"Escrito por\" \/>\n\t<meta name=\"twitter:data1\" content=\"Redacci\u00f3n\" \/>\n\t<meta name=\"twitter:label2\" content=\"Tiempo de lectura\" \/>\n\t<meta name=\"twitter:data2\" content=\"4 minutos\" \/>\n<script type=\"application\/ld+json\" class=\"yoast-schema-graph\">{\"@context\":\"https:\/\/schema.org\",\"@graph\":[{\"@type\":\"Article\",\"@id\":\"https:\/\/nuevodigitaldeescobar.com.ar\/?p=18651#article\",\"isPartOf\":{\"@id\":\"https:\/\/nuevodigitaldeescobar.com.ar\/?p=18651\"},\"author\":{\"name\":\"Redacci\u00f3n\",\"@id\":\"https:\/\/nuevodigitaldeescobar.com.ar\/#\/schema\/person\/035e90a8efe9a80e6eec22656ad6ea4c\"},\"headline\":\"Reforma laboral en marcha: qu\u00e9 propone el proyecto y c\u00f3mo puede cambiar tu trabajo\",\"datePublished\":\"2025-10-28T10:56:05+00:00\",\"dateModified\":\"2025-10-28T10:56:10+00:00\",\"mainEntityOfPage\":{\"@id\":\"https:\/\/nuevodigitaldeescobar.com.ar\/?p=18651\"},\"wordCount\":696,\"commentCount\":1,\"publisher\":{\"@id\":\"https:\/\/nuevodigitaldeescobar.com.ar\/#organization\"},\"image\":{\"@id\":\"https:\/\/nuevodigitaldeescobar.com.ar\/?p=18651#primaryimage\"},\"thumbnailUrl\":\"https:\/\/nuevodigitaldeescobar.com.ar\/wp-content\/uploads\/2024\/02\/pymes-e1707928510682.jpg\",\"articleSection\":[\"Econom\u00eda\"],\"inLanguage\":\"es\",\"potentialAction\":[{\"@type\":\"CommentAction\",\"name\":\"Comment\",\"target\":[\"https:\/\/nuevodigitaldeescobar.com.ar\/?p=18651#respond\"]}]},{\"@type\":\"WebPage\",\"@id\":\"https:\/\/nuevodigitaldeescobar.com.ar\/?p=18651\",\"url\":\"https:\/\/nuevodigitaldeescobar.com.ar\/?p=18651\",\"name\":\"Reforma laboral en marcha: qu\u00e9 propone el proyecto y c\u00f3mo puede cambiar tu trabajo - Nuevo Digital de Escobar\",\"isPartOf\":{\"@id\":\"https:\/\/nuevodigitaldeescobar.com.ar\/#website\"},\"primaryImageOfPage\":{\"@id\":\"https:\/\/nuevodigitaldeescobar.com.ar\/?p=18651#primaryimage\"},\"image\":{\"@id\":\"https:\/\/nuevodigitaldeescobar.com.ar\/?p=18651#primaryimage\"},\"thumbnailUrl\":\"https:\/\/nuevodigitaldeescobar.com.ar\/wp-content\/uploads\/2024\/02\/pymes-e1707928510682.jpg\",\"datePublished\":\"2025-10-28T10:56:05+00:00\",\"dateModified\":\"2025-10-28T10:56:10+00:00\",\"breadcrumb\":{\"@id\":\"https:\/\/nuevodigitaldeescobar.com.ar\/?p=18651#breadcrumb\"},\"inLanguage\":\"es\",\"potentialAction\":[{\"@type\":\"ReadAction\",\"target\":[\"https:\/\/nuevodigitaldeescobar.com.ar\/?p=18651\"]}]},{\"@type\":\"ImageObject\",\"inLanguage\":\"es\",\"@id\":\"https:\/\/nuevodigitaldeescobar.com.ar\/?p=18651#primaryimage\",\"url\":\"https:\/\/nuevodigitaldeescobar.com.ar\/wp-content\/uploads\/2024\/02\/pymes-e1707928510682.jpg\",\"contentUrl\":\"https:\/\/nuevodigitaldeescobar.com.ar\/wp-content\/uploads\/2024\/02\/pymes-e1707928510682.jpg\",\"width\":720,\"height\":480},{\"@type\":\"BreadcrumbList\",\"@id\":\"https:\/\/nuevodigitaldeescobar.com.ar\/?p=18651#breadcrumb\",\"itemListElement\":[{\"@type\":\"ListItem\",\"position\":1,\"name\":\"Portada\",\"item\":\"https:\/\/nuevodigitaldeescobar.com.ar\/\"},{\"@type\":\"ListItem\",\"position\":2,\"name\":\"Reforma laboral en marcha: qu\u00e9 propone el proyecto y c\u00f3mo puede cambiar tu trabajo\"}]},{\"@type\":\"WebSite\",\"@id\":\"https:\/\/nuevodigitaldeescobar.com.ar\/#website\",\"url\":\"https:\/\/nuevodigitaldeescobar.com.ar\/\",\"name\":\"Nuevo Digital de Escobar\",\"description\":\"La vida escobarense. Directora: Rosana Brunner\",\"publisher\":{\"@id\":\"https:\/\/nuevodigitaldeescobar.com.ar\/#organization\"},\"potentialAction\":[{\"@type\":\"SearchAction\",\"target\":{\"@type\":\"EntryPoint\",\"urlTemplate\":\"https:\/\/nuevodigitaldeescobar.com.ar\/?s={search_term_string}\"},\"query-input\":{\"@type\":\"PropertyValueSpecification\",\"valueRequired\":true,\"valueName\":\"search_term_string\"}}],\"inLanguage\":\"es\"},{\"@type\":\"Organization\",\"@id\":\"https:\/\/nuevodigitaldeescobar.com.ar\/#organization\",\"name\":\"Nuevo Digital de Escobar\",\"url\":\"https:\/\/nuevodigitaldeescobar.com.ar\/\",\"logo\":{\"@type\":\"ImageObject\",\"inLanguage\":\"es\",\"@id\":\"https:\/\/nuevodigitaldeescobar.com.ar\/#\/schema\/logo\/image\/\",\"url\":\"https:\/\/nuevodigitaldeescobar.com.ar\/wp-content\/uploads\/2025\/05\/cropped-logo-nuevo2.jpg\",\"contentUrl\":\"https:\/\/nuevodigitaldeescobar.com.ar\/wp-content\/uploads\/2025\/05\/cropped-logo-nuevo2.jpg\",\"width\":305,\"height\":305,\"caption\":\"Nuevo Digital de Escobar\"},\"image\":{\"@id\":\"https:\/\/nuevodigitaldeescobar.com.ar\/#\/schema\/logo\/image\/\"},\"sameAs\":[\"https:\/\/www.facebook.com\/NUEVODigitalDeEscobar\",\"https:\/\/x.com\/nuevodigescobar\",\"https:\/\/www.instagram.com\/nuevodigitaldeescobar\"]},{\"@type\":\"Person\",\"@id\":\"https:\/\/nuevodigitaldeescobar.com.ar\/#\/schema\/person\/035e90a8efe9a80e6eec22656ad6ea4c\",\"name\":\"Redacci\u00f3n\",\"image\":{\"@type\":\"ImageObject\",\"inLanguage\":\"es\",\"@id\":\"https:\/\/nuevodigitaldeescobar.com.ar\/#\/schema\/person\/image\/\",\"url\":\"https:\/\/secure.gravatar.com\/avatar\/8af8f40000c24e9eef3034f2be5998a372bb1389e64b1a4a36b3a7979142220d?s=96&d=mm&r=g\",\"contentUrl\":\"https:\/\/secure.gravatar.com\/avatar\/8af8f40000c24e9eef3034f2be5998a372bb1389e64b1a4a36b3a7979142220d?s=96&d=mm&r=g\",\"caption\":\"Redacci\u00f3n\"},\"sameAs\":[\"http:\/\/nuevodigitaldeescobar.com.ar\"],\"url\":\"https:\/\/nuevodigitaldeescobar.com.ar\/?author=1\"}]}<\/script>\n<!-- \/ Yoast SEO plugin. -->","yoast_head_json":{"title":"Reforma laboral en marcha: qu\u00e9 propone el proyecto y c\u00f3mo puede cambiar tu trabajo - Nuevo Digital de Escobar","robots":{"index":"index","follow":"follow","max-snippet":"max-snippet:-1","max-image-preview":"max-image-preview:large","max-video-preview":"max-video-preview:-1"},"canonical":"https:\/\/nuevodigitaldeescobar.com.ar\/?p=18651","og_locale":"es_ES","og_type":"article","og_title":"Reforma laboral en marcha: qu\u00e9 propone el proyecto y c\u00f3mo puede cambiar tu trabajo - Nuevo Digital de Escobar","og_description":"El Gobierno nacional ha impulsado un proyecto de ley que busca modificar de ra\u00edz las normas que regulan el trabajo en Argentina, con la intenci\u00f3n [&hellip;]","og_url":"https:\/\/nuevodigitaldeescobar.com.ar\/?p=18651","og_site_name":"Nuevo Digital de Escobar","article_publisher":"https:\/\/www.facebook.com\/NUEVODigitalDeEscobar","article_published_time":"2025-10-28T10:56:05+00:00","article_modified_time":"2025-10-28T10:56:10+00:00","og_image":[{"width":720,"height":480,"url":"http:\/\/nuevodigitaldeescobar.com.ar\/wp-content\/uploads\/2024\/02\/pymes-e1707928510682.jpg","type":"image\/jpeg"}],"author":"Redacci\u00f3n","twitter_card":"summary_large_image","twitter_creator":"@nuevodigescobar","twitter_site":"@nuevodigescobar","twitter_misc":{"Escrito por":"Redacci\u00f3n","Tiempo de lectura":"4 minutos"},"schema":{"@context":"https:\/\/schema.org","@graph":[{"@type":"Article","@id":"https:\/\/nuevodigitaldeescobar.com.ar\/?p=18651#article","isPartOf":{"@id":"https:\/\/nuevodigitaldeescobar.com.ar\/?p=18651"},"author":{"name":"Redacci\u00f3n","@id":"https:\/\/nuevodigitaldeescobar.com.ar\/#\/schema\/person\/035e90a8efe9a80e6eec22656ad6ea4c"},"headline":"Reforma laboral en marcha: qu\u00e9 propone el proyecto y c\u00f3mo puede cambiar tu trabajo","datePublished":"2025-10-28T10:56:05+00:00","dateModified":"2025-10-28T10:56:10+00:00","mainEntityOfPage":{"@id":"https:\/\/nuevodigitaldeescobar.com.ar\/?p=18651"},"wordCount":696,"commentCount":1,"publisher":{"@id":"https:\/\/nuevodigitaldeescobar.com.ar\/#organization"},"image":{"@id":"https:\/\/nuevodigitaldeescobar.com.ar\/?p=18651#primaryimage"},"thumbnailUrl":"https:\/\/nuevodigitaldeescobar.com.ar\/wp-content\/uploads\/2024\/02\/pymes-e1707928510682.jpg","articleSection":["Econom\u00eda"],"inLanguage":"es","potentialAction":[{"@type":"CommentAction","name":"Comment","target":["https:\/\/nuevodigitaldeescobar.com.ar\/?p=18651#respond"]}]},{"@type":"WebPage","@id":"https:\/\/nuevodigitaldeescobar.com.ar\/?p=18651","url":"https:\/\/nuevodigitaldeescobar.com.ar\/?p=18651","name":"Reforma laboral en marcha: qu\u00e9 propone el proyecto y c\u00f3mo puede cambiar tu trabajo - Nuevo Digital de Escobar","isPartOf":{"@id":"https:\/\/nuevodigitaldeescobar.com.ar\/#website"},"primaryImageOfPage":{"@id":"https:\/\/nuevodigitaldeescobar.com.ar\/?p=18651#primaryimage"},"image":{"@id":"https:\/\/nuevodigitaldeescobar.com.ar\/?p=18651#primaryimage"},"thumbnailUrl":"https:\/\/nuevodigitaldeescobar.com.ar\/wp-content\/uploads\/2024\/02\/pymes-e1707928510682.jpg","datePublished":"2025-10-28T10:56:05+00:00","dateModified":"2025-10-28T10:56:10+00:00","breadcrumb":{"@id":"https:\/\/nuevodigitaldeescobar.com.ar\/?p=18651#breadcrumb"},"inLanguage":"es","potentialAction":[{"@type":"ReadAction","target":["https:\/\/nuevodigitaldeescobar.com.ar\/?p=18651"]}]},{"@type":"ImageObject","inLanguage":"es","@id":"https:\/\/nuevodigitaldeescobar.com.ar\/?p=18651#primaryimage","url":"https:\/\/nuevodigitaldeescobar.com.ar\/wp-content\/uploads\/2024\/02\/pymes-e1707928510682.jpg","contentUrl":"https:\/\/nuevodigitaldeescobar.com.ar\/wp-content\/uploads\/2024\/02\/pymes-e1707928510682.jpg","width":720,"height":480},{"@type":"BreadcrumbList","@id":"https:\/\/nuevodigitaldeescobar.com.ar\/?p=18651#breadcrumb","itemListElement":[{"@type":"ListItem","position":1,"name":"Portada","item":"https:\/\/nuevodigitaldeescobar.com.ar\/"},{"@type":"ListItem","position":2,"name":"Reforma laboral en marcha: qu\u00e9 propone el proyecto y c\u00f3mo puede cambiar tu trabajo"}]},{"@type":"WebSite","@id":"https:\/\/nuevodigitaldeescobar.com.ar\/#website","url":"https:\/\/nuevodigitaldeescobar.com.ar\/","name":"Nuevo Digital de Escobar","description":"La vida escobarense. Directora: Rosana Brunner","publisher":{"@id":"https:\/\/nuevodigitaldeescobar.com.ar\/#organization"},"potentialAction":[{"@type":"SearchAction","target":{"@type":"EntryPoint","urlTemplate":"https:\/\/nuevodigitaldeescobar.com.ar\/?s={search_term_string}"},"query-input":{"@type":"PropertyValueSpecification","valueRequired":true,"valueName":"search_term_string"}}],"inLanguage":"es"},{"@type":"Organization","@id":"https:\/\/nuevodigitaldeescobar.com.ar\/#organization","name":"Nuevo Digital de Escobar","url":"https:\/\/nuevodigitaldeescobar.com.ar\/","logo":{"@type":"ImageObject","inLanguage":"es","@id":"https:\/\/nuevodigitaldeescobar.com.ar\/#\/schema\/logo\/image\/","url":"https:\/\/nuevodigitaldeescobar.com.ar\/wp-content\/uploads\/2025\/05\/cropped-logo-nuevo2.jpg","contentUrl":"https:\/\/nuevodigitaldeescobar.com.ar\/wp-content\/uploads\/2025\/05\/cropped-logo-nuevo2.jpg","width":305,"height":305,"caption":"Nuevo Digital de Escobar"},"image":{"@id":"https:\/\/nuevodigitaldeescobar.com.ar\/#\/schema\/logo\/image\/"},"sameAs":["https:\/\/www.facebook.com\/NUEVODigitalDeEscobar","https:\/\/x.com\/nuevodigescobar","https:\/\/www.instagram.com\/nuevodigitaldeescobar"]},{"@type":"Person","@id":"https:\/\/nuevodigitaldeescobar.com.ar\/#\/schema\/person\/035e90a8efe9a80e6eec22656ad6ea4c","name":"Redacci\u00f3n","image":{"@type":"ImageObject","inLanguage":"es","@id":"https:\/\/nuevodigitaldeescobar.com.ar\/#\/schema\/person\/image\/","url":"https:\/\/secure.gravatar.com\/avatar\/8af8f40000c24e9eef3034f2be5998a372bb1389e64b1a4a36b3a7979142220d?s=96&d=mm&r=g","contentUrl":"https:\/\/secure.gravatar.com\/avatar\/8af8f40000c24e9eef3034f2be5998a372bb1389e64b1a4a36b3a7979142220d?s=96&d=mm&r=g","caption":"Redacci\u00f3n"},"sameAs":["http:\/\/nuevodigitaldeescobar.com.ar"],"url":"https:\/\/nuevodigitaldeescobar.com.ar\/?author=1"}]}},"featured_image_urls":{"full":["https:\/\/nuevodigitaldeescobar.com.ar\/wp-content\/uploads\/2024\/02\/pymes-e1707928510682.jpg",720,480,false],"thumbnail":["https:\/\/nuevodigitaldeescobar.com.ar\/wp-content\/uploads\/2024\/02\/pymes-150x150.jpg",150,150,true],"medium":["https:\/\/nuevodigitaldeescobar.com.ar\/wp-content\/uploads\/2024\/02\/pymes-300x200.jpg",300,200,true],"medium_large":["https:\/\/nuevodigitaldeescobar.com.ar\/wp-content\/uploads\/2024\/02\/pymes-768x512.jpg",640,427,true],"large":["https:\/\/nuevodigitaldeescobar.com.ar\/wp-content\/uploads\/2024\/02\/pymes-1024x682.jpg",640,426,true],"1536x1536":["https:\/\/nuevodigitaldeescobar.com.ar\/wp-content\/uploads\/2024\/02\/pymes-e1707928510682.jpg",720,480,false],"2048x2048":["https:\/\/nuevodigitaldeescobar.com.ar\/wp-content\/uploads\/2024\/02\/pymes-e1707928510682.jpg",720,480,false]},"author_info":{"display_name":"Redacci\u00f3n","author_link":"https:\/\/nuevodigitaldeescobar.com.ar\/?author=1"},"category_info":"<a href=\"https:\/\/nuevodigitaldeescobar.com.ar\/?cat=10\" rel=\"category\">Econom\u00eda<\/a>","tag_info":"Econom\u00eda","comment_count":"1","_links":{"self":[{"href":"https:\/\/nuevodigitaldeescobar.com.ar\/index.php?rest_route=\/wp\/v2\/posts\/18651","targetHints":{"allow":["GET"]}}],"collection":[{"href":"https:\/\/nuevodigitaldeescobar.com.ar\/index.php?rest_route=\/wp\/v2\/posts"}],"about":[{"href":"https:\/\/nuevodigitaldeescobar.com.ar\/index.php?rest_route=\/wp\/v2\/types\/post"}],"author":[{"embeddable":true,"href":"https:\/\/nuevodigitaldeescobar.com.ar\/index.php?rest_route=\/wp\/v2\/users\/1"}],"replies":[{"embeddable":true,"href":"https:\/\/nuevodigitaldeescobar.com.ar\/index.php?rest_route=%2Fwp%2Fv2%2Fcomments&post=18651"}],"version-history":[{"count":1,"href":"https:\/\/nuevodigitaldeescobar.com.ar\/index.php?rest_route=\/wp\/v2\/posts\/18651\/revisions"}],"predecessor-version":[{"id":18653,"href":"https:\/\/nuevodigitaldeescobar.com.ar\/index.php?rest_route=\/wp\/v2\/posts\/18651\/revisions\/18653"}],"wp:featuredmedia":[{"embeddable":true,"href":"https:\/\/nuevodigitaldeescobar.com.ar\/index.php?rest_route=\/wp\/v2\/media\/3441"}],"wp:attachment":[{"href":"https:\/\/nuevodigitaldeescobar.com.ar\/index.php?rest_route=%2Fwp%2Fv2%2Fmedia&parent=18651"}],"wp:term":[{"taxonomy":"category","embeddable":true,"href":"https:\/\/nuevodigitaldeescobar.com.ar\/index.php?rest_route=%2Fwp%2Fv2%2Fcategories&post=18651"},{"taxonomy":"post_tag","embeddable":true,"href":"https:\/\/nuevodigitaldeescobar.com.ar\/index.php?rest_route=%2Fwp%2Fv2%2Ftags&post=18651"}],"curies":[{"name":"wp","href":"https:\/\/api.w.org\/{rel}","templated":true}]}}