{"id":18656,"date":"2025-10-29T08:03:18","date_gmt":"2025-10-29T11:03:18","guid":{"rendered":"https:\/\/nuevodigitaldeescobar.com.ar\/?p=18656"},"modified":"2025-10-29T08:03:30","modified_gmt":"2025-10-29T11:03:30","slug":"la-corte-suprema-confirmo-dos-condenas-contra-guillermo-moreno-e-inhabilitacion-perpetua-para-ejercer-cargos-publicos","status":"publish","type":"post","link":"https:\/\/nuevodigitaldeescobar.com.ar\/?p=18656","title":{"rendered":"La Corte Suprema confirm\u00f3 dos condenas contra Guillermo Moreno e inhabilitaci\u00f3n perpetua para ejercer cargos p\u00fablicos"},"content":{"rendered":"\n<p class=\"has-vivid-cyan-blue-color has-text-color has-link-color wp-elements-18cd884f7fba7faf1fb72aae4428b3c6\"><em><strong>La Corte Suprema de Justicia de la Naci\u00f3n confirm\u00f3 dos condenas contra el exsecretario de Comercio Interior Guillermo Moreno, quien desempe\u00f1\u00f3 un papel central durante los gobiernos de N\u00e9stor y Cristina Kirchner. Con esta decisi\u00f3n, el m\u00e1ximo tribunal dej\u00f3 firmes las penas de dos a\u00f1os y medio de prisi\u00f3n en suspenso y la inhabilitaci\u00f3n perpetua para ejercer cargos p\u00fablicos.<\/strong><\/em><\/p>\n\n\n\n<!--more-->\n\n\n\n<h3 class=\"wp-block-heading has-text-color has-link-color wp-elements-6be40d4cd645ba5d3ca549b56f6a411e\" style=\"color:#1724bb\">Dos causas y un mismo desenlace judicial<\/h3>\n\n\n\n<p>Las condenas ratificadas se originan en hechos ocurridos entre 2010 y 2013, cuando Moreno ocupaba un cargo clave dentro del entonces Ministerio de Econom\u00eda. En ambos casos, los tribunales hab\u00edan determinado su responsabilidad en episodios vinculados con abuso de poder e incitaci\u00f3n a la violencia.<\/p>\n\n\n\n<h4 class=\"wp-block-heading has-text-color has-link-color wp-elements-f90e451dddeb07c0cd6eccf3d2b37b80\" style=\"color:#1724bb\"><span style=\"text-decoration: underline;\">El episodio de Papel Prensa<\/span><\/h4>\n\n\n\n<p>La primera condena est\u00e1 relacionada con una asamblea de accionistas de <strong>Papel Prensa S.A.<\/strong>, realizada en 2010, durante la intervenci\u00f3n estatal de la compa\u00f1\u00eda.<br>Seg\u00fan la causa judicial, Moreno asisti\u00f3 en representaci\u00f3n del Estado y protagoniz\u00f3 un hecho de violencia verbal y simb\u00f3lica al colocar sobre la mesa <strong>guantes de boxeo y un casco de sparring<\/strong>, mientras expresaba frases intimidatorias hacia los presentes, entre ellas: <em>\u201cAc\u00e1 no se vota nada. Las mujeres para atr\u00e1s y demos la pelea que hay que dar\u201d<\/em>.<\/p>\n\n\n\n<p>Testimonios posteriores se\u00f1alaron que el entonces funcionario continu\u00f3 con amenazas al advertir que <em>\u201cla asamblea iba a terminar mal\u201d<\/em> y que <em>\u201csus muchachos estaban para banc\u00e1rsela\u201d<\/em>. La reuni\u00f3n finaliz\u00f3 en medio de un corte de luz y con las c\u00e1maras apagadas.<\/p>\n\n\n\n<p>Por este hecho, el <strong>Tribunal Oral Federal N.\u00ba 8<\/strong> lo conden\u00f3 en 2022 a <strong>dos a\u00f1os de prisi\u00f3n en suspenso<\/strong> y <strong>seis meses de inhabilitaci\u00f3n para ejercer cargos p\u00fablicos<\/strong>. La sentencia fue confirmada en 2023 por la <strong>Sala I de la C\u00e1mara Federal de Casaci\u00f3n Penal<\/strong>, y ahora qued\u00f3 firme tras el fallo de la Corte Suprema.<\/p>\n\n\n\n<h4 class=\"wp-block-heading has-text-color has-link-color wp-elements-5c9010d316cb9b614f4095e2206b1a54\" style=\"color:#1724bb\"><span style=\"text-decoration: underline;\">Uso indebido de fondos p\u00fablicos<\/span><\/h4>\n\n\n\n<p>La segunda condena se vincula con la utilizaci\u00f3n de <strong>recursos del Mercado Central de Buenos Aires<\/strong> para financiar una campa\u00f1a de propaganda pol\u00edtica entre 2011 y 2013.<br>De acuerdo con el expediente, durante ese per\u00edodo se imprimieron y distribuyeron <strong>gigantograf\u00edas, carteles y art\u00edculos con consignas contra el Grupo Clar\u00edn<\/strong>, como <em>\u201cClar\u00edn miente\u201d<\/em> o <em>\u201cClar\u00edn: cadena nacional del des\u00e1nimo, ocultamiento, desinformaci\u00f3n y miedo\u201d<\/em>, utilizando fondos p\u00fablicos.<\/p>\n\n\n\n<p>En este proceso tambi\u00e9n fueron juzgados <strong>Fabi\u00e1n Dragone<\/strong>, expresidente del Mercado Central, y los exfuncionarios <strong>Carlos Mart\u00ednez<\/strong> y <strong>Guillermo Cosentino<\/strong>, quienes recibieron penas de dos a\u00f1os de prisi\u00f3n en suspenso.<br>Moreno, en cambio, fue sentenciado por el <strong>Tribunal Oral Federal N.\u00ba 7<\/strong> a <strong>dos a\u00f1os y seis meses de prisi\u00f3n en suspenso<\/strong>, adem\u00e1s de la <strong>inhabilitaci\u00f3n perpetua para ocupar cargos p\u00fablicos<\/strong>. La <strong>Sala IV de Casaci\u00f3n<\/strong> convalid\u00f3 el fallo en 2019, y la Corte Suprema rechaz\u00f3 ahora el \u00faltimo recurso presentado por la defensa, dejando firme la pena.<\/p>\n\n\n\n<h3 class=\"wp-block-heading has-text-color has-link-color wp-elements-90a8a25633c6ff2f93e4aa0ff90d71d4\" style=\"color:#1724bb\">Un cierre judicial con impacto pol\u00edtico<\/h3>\n\n\n\n<p>Con este fallo, el m\u00e1ximo tribunal puso punto final a dos causas emblem\u00e1ticas contra quien fuera una de las figuras m\u00e1s controvertidas del kirchnerismo.<br>Moreno, hoy l\u00edder del partido <strong>Principios y Valores<\/strong>, mantiene una activa participaci\u00f3n pol\u00edtica, aunque la inhabilitaci\u00f3n confirmada le impide volver a ocupar cargos p\u00fablicos en el futuro.<\/p>\n","protected":false},"excerpt":{"rendered":"<p>La Corte Suprema de Justicia de la Naci\u00f3n confirm\u00f3 dos condenas contra el exsecretario de Comercio Interior Guillermo Moreno, quien desempe\u00f1\u00f3 un papel central durante [&hellip;]<\/p>\n","protected":false},"author":1,"featured_media":14440,"comment_status":"open","ping_status":"open","sticky":false,"template":"","format":"standard","meta":{"footnotes":""},"categories":[235],"tags":[],"class_list":["post-18656","post","type-post","status-publish","format-standard","has-post-thumbnail","hentry","category-judiciales"],"better_featured_image":{"id":14440,"alt_text":"","caption":"","description":"","media_type":"image","media_details":{"width":1366,"height":768,"file":"2025\/05\/guimoreno211.png","filesize":1226228,"sizes":{"medium":{"file":"guimoreno211-300x169.png","width":300,"height":169,"mime-type":"image\/png","filesize":70813,"source_url":"https:\/\/nuevodigitaldeescobar.com.ar\/wp-content\/uploads\/2025\/05\/guimoreno211-300x169.png"},"large":{"file":"guimoreno211-1024x576.png","width":1024,"height":576,"mime-type":"image\/png","filesize":552552,"source_url":"https:\/\/nuevodigitaldeescobar.com.ar\/wp-content\/uploads\/2025\/05\/guimoreno211-1024x576.png"},"thumbnail":{"file":"guimoreno211-150x150.png","width":150,"height":150,"mime-type":"image\/png","filesize":36727,"source_url":"https:\/\/nuevodigitaldeescobar.com.ar\/wp-content\/uploads\/2025\/05\/guimoreno211-150x150.png"},"medium_large":{"file":"guimoreno211-768x432.png","width":768,"height":432,"mime-type":"image\/png","filesize":352877,"source_url":"https:\/\/nuevodigitaldeescobar.com.ar\/wp-content\/uploads\/2025\/05\/guimoreno211-768x432.png"}},"image_meta":{"aperture":"0","credit":"","camera":"","caption":"","created_timestamp":"0","copyright":"","focal_length":"0","iso":"0","shutter_speed":"0","title":"","orientation":"0","keywords":[]}},"post":14439,"source_url":"https:\/\/nuevodigitaldeescobar.com.ar\/wp-content\/uploads\/2025\/05\/guimoreno211.png"},"yoast_head":"<!-- This site is optimized with the Yoast SEO plugin v26.1.1 - https:\/\/yoast.com\/wordpress\/plugins\/seo\/ -->\n<title>La Corte Suprema confirm\u00f3 dos condenas contra Guillermo Moreno e inhabilitaci\u00f3n perpetua para ejercer cargos p\u00fablicos - Nuevo Digital de Escobar<\/title>\n<meta name=\"robots\" content=\"index, follow, max-snippet:-1, max-image-preview:large, max-video-preview:-1\" \/>\n<link rel=\"canonical\" href=\"https:\/\/nuevodigitaldeescobar.com.ar\/?p=18656\" \/>\n<meta property=\"og:locale\" content=\"es_ES\" \/>\n<meta property=\"og:type\" content=\"article\" \/>\n<meta property=\"og:title\" content=\"La Corte Suprema confirm\u00f3 dos condenas contra Guillermo Moreno e inhabilitaci\u00f3n perpetua para ejercer cargos p\u00fablicos - Nuevo Digital de Escobar\" \/>\n<meta property=\"og:description\" content=\"La Corte Suprema de Justicia de la Naci\u00f3n confirm\u00f3 dos condenas contra el exsecretario de Comercio Interior Guillermo Moreno, quien desempe\u00f1\u00f3 un papel central durante [&hellip;]\" \/>\n<meta property=\"og:url\" content=\"https:\/\/nuevodigitaldeescobar.com.ar\/?p=18656\" \/>\n<meta property=\"og:site_name\" content=\"Nuevo Digital de Escobar\" \/>\n<meta property=\"article:publisher\" content=\"https:\/\/www.facebook.com\/NUEVODigitalDeEscobar\" \/>\n<meta property=\"article:published_time\" content=\"2025-10-29T11:03:18+00:00\" \/>\n<meta property=\"article:modified_time\" content=\"2025-10-29T11:03:30+00:00\" \/>\n<meta property=\"og:image\" content=\"http:\/\/nuevodigitaldeescobar.com.ar\/wp-content\/uploads\/2025\/05\/guimoreno211.png\" \/>\n\t<meta property=\"og:image:width\" content=\"1366\" \/>\n\t<meta property=\"og:image:height\" content=\"768\" \/>\n\t<meta property=\"og:image:type\" content=\"image\/png\" \/>\n<meta name=\"author\" content=\"Redacci\u00f3n\" \/>\n<meta name=\"twitter:card\" content=\"summary_large_image\" \/>\n<meta name=\"twitter:creator\" content=\"@nuevodigescobar\" \/>\n<meta name=\"twitter:site\" content=\"@nuevodigescobar\" \/>\n<meta name=\"twitter:label1\" content=\"Escrito por\" \/>\n\t<meta name=\"twitter:data1\" content=\"Redacci\u00f3n\" \/>\n\t<meta name=\"twitter:label2\" content=\"Tiempo de lectura\" \/>\n\t<meta name=\"twitter:data2\" content=\"3 minutos\" \/>\n<script type=\"application\/ld+json\" class=\"yoast-schema-graph\">{\"@context\":\"https:\/\/schema.org\",\"@graph\":[{\"@type\":\"Article\",\"@id\":\"https:\/\/nuevodigitaldeescobar.com.ar\/?p=18656#article\",\"isPartOf\":{\"@id\":\"https:\/\/nuevodigitaldeescobar.com.ar\/?p=18656\"},\"author\":{\"name\":\"Redacci\u00f3n\",\"@id\":\"https:\/\/nuevodigitaldeescobar.com.ar\/#\/schema\/person\/035e90a8efe9a80e6eec22656ad6ea4c\"},\"headline\":\"La Corte Suprema confirm\u00f3 dos condenas contra Guillermo Moreno e inhabilitaci\u00f3n perpetua para ejercer cargos p\u00fablicos\",\"datePublished\":\"2025-10-29T11:03:18+00:00\",\"dateModified\":\"2025-10-29T11:03:30+00:00\",\"mainEntityOfPage\":{\"@id\":\"https:\/\/nuevodigitaldeescobar.com.ar\/?p=18656\"},\"wordCount\":580,\"commentCount\":0,\"publisher\":{\"@id\":\"https:\/\/nuevodigitaldeescobar.com.ar\/#organization\"},\"image\":{\"@id\":\"https:\/\/nuevodigitaldeescobar.com.ar\/?p=18656#primaryimage\"},\"thumbnailUrl\":\"https:\/\/nuevodigitaldeescobar.com.ar\/wp-content\/uploads\/2025\/05\/guimoreno211.png\",\"articleSection\":[\"Judiciales\"],\"inLanguage\":\"es\",\"potentialAction\":[{\"@type\":\"CommentAction\",\"name\":\"Comment\",\"target\":[\"https:\/\/nuevodigitaldeescobar.com.ar\/?p=18656#respond\"]}]},{\"@type\":\"WebPage\",\"@id\":\"https:\/\/nuevodigitaldeescobar.com.ar\/?p=18656\",\"url\":\"https:\/\/nuevodigitaldeescobar.com.ar\/?p=18656\",\"name\":\"La Corte Suprema confirm\u00f3 dos condenas contra Guillermo Moreno e inhabilitaci\u00f3n perpetua para ejercer cargos p\u00fablicos - Nuevo Digital de Escobar\",\"isPartOf\":{\"@id\":\"https:\/\/nuevodigitaldeescobar.com.ar\/#website\"},\"primaryImageOfPage\":{\"@id\":\"https:\/\/nuevodigitaldeescobar.com.ar\/?p=18656#primaryimage\"},\"image\":{\"@id\":\"https:\/\/nuevodigitaldeescobar.com.ar\/?p=18656#primaryimage\"},\"thumbnailUrl\":\"https:\/\/nuevodigitaldeescobar.com.ar\/wp-content\/uploads\/2025\/05\/guimoreno211.png\",\"datePublished\":\"2025-10-29T11:03:18+00:00\",\"dateModified\":\"2025-10-29T11:03:30+00:00\",\"breadcrumb\":{\"@id\":\"https:\/\/nuevodigitaldeescobar.com.ar\/?p=18656#breadcrumb\"},\"inLanguage\":\"es\",\"potentialAction\":[{\"@type\":\"ReadAction\",\"target\":[\"https:\/\/nuevodigitaldeescobar.com.ar\/?p=18656\"]}]},{\"@type\":\"ImageObject\",\"inLanguage\":\"es\",\"@id\":\"https:\/\/nuevodigitaldeescobar.com.ar\/?p=18656#primaryimage\",\"url\":\"https:\/\/nuevodigitaldeescobar.com.ar\/wp-content\/uploads\/2025\/05\/guimoreno211.png\",\"contentUrl\":\"https:\/\/nuevodigitaldeescobar.com.ar\/wp-content\/uploads\/2025\/05\/guimoreno211.png\",\"width\":1366,\"height\":768},{\"@type\":\"BreadcrumbList\",\"@id\":\"https:\/\/nuevodigitaldeescobar.com.ar\/?p=18656#breadcrumb\",\"itemListElement\":[{\"@type\":\"ListItem\",\"position\":1,\"name\":\"Portada\",\"item\":\"https:\/\/nuevodigitaldeescobar.com.ar\/\"},{\"@type\":\"ListItem\",\"position\":2,\"name\":\"La Corte Suprema confirm\u00f3 dos condenas contra Guillermo Moreno e inhabilitaci\u00f3n perpetua para ejercer cargos p\u00fablicos\"}]},{\"@type\":\"WebSite\",\"@id\":\"https:\/\/nuevodigitaldeescobar.com.ar\/#website\",\"url\":\"https:\/\/nuevodigitaldeescobar.com.ar\/\",\"name\":\"Nuevo Digital de Escobar\",\"description\":\"La vida escobarense. Directora: Rosana Brunner\",\"publisher\":{\"@id\":\"https:\/\/nuevodigitaldeescobar.com.ar\/#organization\"},\"potentialAction\":[{\"@type\":\"SearchAction\",\"target\":{\"@type\":\"EntryPoint\",\"urlTemplate\":\"https:\/\/nuevodigitaldeescobar.com.ar\/?s={search_term_string}\"},\"query-input\":{\"@type\":\"PropertyValueSpecification\",\"valueRequired\":true,\"valueName\":\"search_term_string\"}}],\"inLanguage\":\"es\"},{\"@type\":\"Organization\",\"@id\":\"https:\/\/nuevodigitaldeescobar.com.ar\/#organization\",\"name\":\"Nuevo Digital de Escobar\",\"url\":\"https:\/\/nuevodigitaldeescobar.com.ar\/\",\"logo\":{\"@type\":\"ImageObject\",\"inLanguage\":\"es\",\"@id\":\"https:\/\/nuevodigitaldeescobar.com.ar\/#\/schema\/logo\/image\/\",\"url\":\"https:\/\/nuevodigitaldeescobar.com.ar\/wp-content\/uploads\/2025\/05\/cropped-logo-nuevo2.jpg\",\"contentUrl\":\"https:\/\/nuevodigitaldeescobar.com.ar\/wp-content\/uploads\/2025\/05\/cropped-logo-nuevo2.jpg\",\"width\":305,\"height\":305,\"caption\":\"Nuevo Digital de Escobar\"},\"image\":{\"@id\":\"https:\/\/nuevodigitaldeescobar.com.ar\/#\/schema\/logo\/image\/\"},\"sameAs\":[\"https:\/\/www.facebook.com\/NUEVODigitalDeEscobar\",\"https:\/\/x.com\/nuevodigescobar\",\"https:\/\/www.instagram.com\/nuevodigitaldeescobar\"]},{\"@type\":\"Person\",\"@id\":\"https:\/\/nuevodigitaldeescobar.com.ar\/#\/schema\/person\/035e90a8efe9a80e6eec22656ad6ea4c\",\"name\":\"Redacci\u00f3n\",\"image\":{\"@type\":\"ImageObject\",\"inLanguage\":\"es\",\"@id\":\"https:\/\/nuevodigitaldeescobar.com.ar\/#\/schema\/person\/image\/\",\"url\":\"https:\/\/secure.gravatar.com\/avatar\/8af8f40000c24e9eef3034f2be5998a372bb1389e64b1a4a36b3a7979142220d?s=96&d=mm&r=g\",\"contentUrl\":\"https:\/\/secure.gravatar.com\/avatar\/8af8f40000c24e9eef3034f2be5998a372bb1389e64b1a4a36b3a7979142220d?s=96&d=mm&r=g\",\"caption\":\"Redacci\u00f3n\"},\"sameAs\":[\"http:\/\/nuevodigitaldeescobar.com.ar\"],\"url\":\"https:\/\/nuevodigitaldeescobar.com.ar\/?author=1\"}]}<\/script>\n<!-- \/ Yoast SEO plugin. -->","yoast_head_json":{"title":"La Corte Suprema confirm\u00f3 dos condenas contra Guillermo Moreno e inhabilitaci\u00f3n perpetua para ejercer cargos p\u00fablicos - Nuevo Digital de Escobar","robots":{"index":"index","follow":"follow","max-snippet":"max-snippet:-1","max-image-preview":"max-image-preview:large","max-video-preview":"max-video-preview:-1"},"canonical":"https:\/\/nuevodigitaldeescobar.com.ar\/?p=18656","og_locale":"es_ES","og_type":"article","og_title":"La Corte Suprema confirm\u00f3 dos condenas contra Guillermo Moreno e inhabilitaci\u00f3n perpetua para ejercer cargos p\u00fablicos - Nuevo Digital de Escobar","og_description":"La Corte Suprema de Justicia de la Naci\u00f3n confirm\u00f3 dos condenas contra el exsecretario de Comercio Interior Guillermo Moreno, quien desempe\u00f1\u00f3 un papel central durante [&hellip;]","og_url":"https:\/\/nuevodigitaldeescobar.com.ar\/?p=18656","og_site_name":"Nuevo Digital de Escobar","article_publisher":"https:\/\/www.facebook.com\/NUEVODigitalDeEscobar","article_published_time":"2025-10-29T11:03:18+00:00","article_modified_time":"2025-10-29T11:03:30+00:00","og_image":[{"width":1366,"height":768,"url":"http:\/\/nuevodigitaldeescobar.com.ar\/wp-content\/uploads\/2025\/05\/guimoreno211.png","type":"image\/png"}],"author":"Redacci\u00f3n","twitter_card":"summary_large_image","twitter_creator":"@nuevodigescobar","twitter_site":"@nuevodigescobar","twitter_misc":{"Escrito por":"Redacci\u00f3n","Tiempo de lectura":"3 minutos"},"schema":{"@context":"https:\/\/schema.org","@graph":[{"@type":"Article","@id":"https:\/\/nuevodigitaldeescobar.com.ar\/?p=18656#article","isPartOf":{"@id":"https:\/\/nuevodigitaldeescobar.com.ar\/?p=18656"},"author":{"name":"Redacci\u00f3n","@id":"https:\/\/nuevodigitaldeescobar.com.ar\/#\/schema\/person\/035e90a8efe9a80e6eec22656ad6ea4c"},"headline":"La Corte Suprema confirm\u00f3 dos condenas contra Guillermo Moreno e inhabilitaci\u00f3n perpetua para ejercer cargos p\u00fablicos","datePublished":"2025-10-29T11:03:18+00:00","dateModified":"2025-10-29T11:03:30+00:00","mainEntityOfPage":{"@id":"https:\/\/nuevodigitaldeescobar.com.ar\/?p=18656"},"wordCount":580,"commentCount":0,"publisher":{"@id":"https:\/\/nuevodigitaldeescobar.com.ar\/#organization"},"image":{"@id":"https:\/\/nuevodigitaldeescobar.com.ar\/?p=18656#primaryimage"},"thumbnailUrl":"https:\/\/nuevodigitaldeescobar.com.ar\/wp-content\/uploads\/2025\/05\/guimoreno211.png","articleSection":["Judiciales"],"inLanguage":"es","potentialAction":[{"@type":"CommentAction","name":"Comment","target":["https:\/\/nuevodigitaldeescobar.com.ar\/?p=18656#respond"]}]},{"@type":"WebPage","@id":"https:\/\/nuevodigitaldeescobar.com.ar\/?p=18656","url":"https:\/\/nuevodigitaldeescobar.com.ar\/?p=18656","name":"La Corte Suprema confirm\u00f3 dos condenas contra Guillermo Moreno e inhabilitaci\u00f3n perpetua para ejercer cargos p\u00fablicos - Nuevo Digital de Escobar","isPartOf":{"@id":"https:\/\/nuevodigitaldeescobar.com.ar\/#website"},"primaryImageOfPage":{"@id":"https:\/\/nuevodigitaldeescobar.com.ar\/?p=18656#primaryimage"},"image":{"@id":"https:\/\/nuevodigitaldeescobar.com.ar\/?p=18656#primaryimage"},"thumbnailUrl":"https:\/\/nuevodigitaldeescobar.com.ar\/wp-content\/uploads\/2025\/05\/guimoreno211.png","datePublished":"2025-10-29T11:03:18+00:00","dateModified":"2025-10-29T11:03:30+00:00","breadcrumb":{"@id":"https:\/\/nuevodigitaldeescobar.com.ar\/?p=18656#breadcrumb"},"inLanguage":"es","potentialAction":[{"@type":"ReadAction","target":["https:\/\/nuevodigitaldeescobar.com.ar\/?p=18656"]}]},{"@type":"ImageObject","inLanguage":"es","@id":"https:\/\/nuevodigitaldeescobar.com.ar\/?p=18656#primaryimage","url":"https:\/\/nuevodigitaldeescobar.com.ar\/wp-content\/uploads\/2025\/05\/guimoreno211.png","contentUrl":"https:\/\/nuevodigitaldeescobar.com.ar\/wp-content\/uploads\/2025\/05\/guimoreno211.png","width":1366,"height":768},{"@type":"BreadcrumbList","@id":"https:\/\/nuevodigitaldeescobar.com.ar\/?p=18656#breadcrumb","itemListElement":[{"@type":"ListItem","position":1,"name":"Portada","item":"https:\/\/nuevodigitaldeescobar.com.ar\/"},{"@type":"ListItem","position":2,"name":"La Corte Suprema confirm\u00f3 dos condenas contra Guillermo Moreno e inhabilitaci\u00f3n perpetua para ejercer cargos p\u00fablicos"}]},{"@type":"WebSite","@id":"https:\/\/nuevodigitaldeescobar.com.ar\/#website","url":"https:\/\/nuevodigitaldeescobar.com.ar\/","name":"Nuevo Digital de Escobar","description":"La vida escobarense. Directora: Rosana Brunner","publisher":{"@id":"https:\/\/nuevodigitaldeescobar.com.ar\/#organization"},"potentialAction":[{"@type":"SearchAction","target":{"@type":"EntryPoint","urlTemplate":"https:\/\/nuevodigitaldeescobar.com.ar\/?s={search_term_string}"},"query-input":{"@type":"PropertyValueSpecification","valueRequired":true,"valueName":"search_term_string"}}],"inLanguage":"es"},{"@type":"Organization","@id":"https:\/\/nuevodigitaldeescobar.com.ar\/#organization","name":"Nuevo Digital de Escobar","url":"https:\/\/nuevodigitaldeescobar.com.ar\/","logo":{"@type":"ImageObject","inLanguage":"es","@id":"https:\/\/nuevodigitaldeescobar.com.ar\/#\/schema\/logo\/image\/","url":"https:\/\/nuevodigitaldeescobar.com.ar\/wp-content\/uploads\/2025\/05\/cropped-logo-nuevo2.jpg","contentUrl":"https:\/\/nuevodigitaldeescobar.com.ar\/wp-content\/uploads\/2025\/05\/cropped-logo-nuevo2.jpg","width":305,"height":305,"caption":"Nuevo Digital de Escobar"},"image":{"@id":"https:\/\/nuevodigitaldeescobar.com.ar\/#\/schema\/logo\/image\/"},"sameAs":["https:\/\/www.facebook.com\/NUEVODigitalDeEscobar","https:\/\/x.com\/nuevodigescobar","https:\/\/www.instagram.com\/nuevodigitaldeescobar"]},{"@type":"Person","@id":"https:\/\/nuevodigitaldeescobar.com.ar\/#\/schema\/person\/035e90a8efe9a80e6eec22656ad6ea4c","name":"Redacci\u00f3n","image":{"@type":"ImageObject","inLanguage":"es","@id":"https:\/\/nuevodigitaldeescobar.com.ar\/#\/schema\/person\/image\/","url":"https:\/\/secure.gravatar.com\/avatar\/8af8f40000c24e9eef3034f2be5998a372bb1389e64b1a4a36b3a7979142220d?s=96&d=mm&r=g","contentUrl":"https:\/\/secure.gravatar.com\/avatar\/8af8f40000c24e9eef3034f2be5998a372bb1389e64b1a4a36b3a7979142220d?s=96&d=mm&r=g","caption":"Redacci\u00f3n"},"sameAs":["http:\/\/nuevodigitaldeescobar.com.ar"],"url":"https:\/\/nuevodigitaldeescobar.com.ar\/?author=1"}]}},"featured_image_urls":{"full":["https:\/\/nuevodigitaldeescobar.com.ar\/wp-content\/uploads\/2025\/05\/guimoreno211.png",1366,768,false],"thumbnail":["https:\/\/nuevodigitaldeescobar.com.ar\/wp-content\/uploads\/2025\/05\/guimoreno211-150x150.png",150,150,true],"medium":["https:\/\/nuevodigitaldeescobar.com.ar\/wp-content\/uploads\/2025\/05\/guimoreno211-300x169.png",300,169,true],"medium_large":["https:\/\/nuevodigitaldeescobar.com.ar\/wp-content\/uploads\/2025\/05\/guimoreno211-768x432.png",640,360,true],"large":["https:\/\/nuevodigitaldeescobar.com.ar\/wp-content\/uploads\/2025\/05\/guimoreno211-1024x576.png",640,360,true],"1536x1536":["https:\/\/nuevodigitaldeescobar.com.ar\/wp-content\/uploads\/2025\/05\/guimoreno211.png",1366,768,false],"2048x2048":["https:\/\/nuevodigitaldeescobar.com.ar\/wp-content\/uploads\/2025\/05\/guimoreno211.png",1366,768,false]},"author_info":{"display_name":"Redacci\u00f3n","author_link":"https:\/\/nuevodigitaldeescobar.com.ar\/?author=1"},"category_info":"<a href=\"https:\/\/nuevodigitaldeescobar.com.ar\/?cat=235\" rel=\"category\">Judiciales<\/a>","tag_info":"Judiciales","comment_count":"0","_links":{"self":[{"href":"https:\/\/nuevodigitaldeescobar.com.ar\/index.php?rest_route=\/wp\/v2\/posts\/18656","targetHints":{"allow":["GET"]}}],"collection":[{"href":"https:\/\/nuevodigitaldeescobar.com.ar\/index.php?rest_route=\/wp\/v2\/posts"}],"about":[{"href":"https:\/\/nuevodigitaldeescobar.com.ar\/index.php?rest_route=\/wp\/v2\/types\/post"}],"author":[{"embeddable":true,"href":"https:\/\/nuevodigitaldeescobar.com.ar\/index.php?rest_route=\/wp\/v2\/users\/1"}],"replies":[{"embeddable":true,"href":"https:\/\/nuevodigitaldeescobar.com.ar\/index.php?rest_route=%2Fwp%2Fv2%2Fcomments&post=18656"}],"version-history":[{"count":1,"href":"https:\/\/nuevodigitaldeescobar.com.ar\/index.php?rest_route=\/wp\/v2\/posts\/18656\/revisions"}],"predecessor-version":[{"id":18657,"href":"https:\/\/nuevodigitaldeescobar.com.ar\/index.php?rest_route=\/wp\/v2\/posts\/18656\/revisions\/18657"}],"wp:featuredmedia":[{"embeddable":true,"href":"https:\/\/nuevodigitaldeescobar.com.ar\/index.php?rest_route=\/wp\/v2\/media\/14440"}],"wp:attachment":[{"href":"https:\/\/nuevodigitaldeescobar.com.ar\/index.php?rest_route=%2Fwp%2Fv2%2Fmedia&parent=18656"}],"wp:term":[{"taxonomy":"category","embeddable":true,"href":"https:\/\/nuevodigitaldeescobar.com.ar\/index.php?rest_route=%2Fwp%2Fv2%2Fcategories&post=18656"},{"taxonomy":"post_tag","embeddable":true,"href":"https:\/\/nuevodigitaldeescobar.com.ar\/index.php?rest_route=%2Fwp%2Fv2%2Ftags&post=18656"}],"curies":[{"name":"wp","href":"https:\/\/api.w.org\/{rel}","templated":true}]}}