{"id":18660,"date":"2025-10-29T08:18:51","date_gmt":"2025-10-29T11:18:51","guid":{"rendered":"https:\/\/nuevodigitaldeescobar.com.ar\/?p=18660"},"modified":"2025-10-29T08:19:22","modified_gmt":"2025-10-29T11:19:22","slug":"brasil-el-poder-narco-que-desafia-al-estado","status":"publish","type":"post","link":"https:\/\/nuevodigitaldeescobar.com.ar\/?p=18660","title":{"rendered":"Brasil: el poder narco que desaf\u00eda al Estado"},"content":{"rendered":"\n<p class=\"has-vivid-cyan-blue-color has-text-color has-link-color wp-elements-2eb29a171246d3a542bc1d989022349a\"><strong><em>Brasil enfrenta una crisis estructural que trasciende las fronteras del delito com\u00fan. En las \u00faltimas d\u00e9cadas, dos de las organizaciones criminales m\u00e1s poderosas del continente \u2014el Comando Vermelho (CV) y el Primeiro Comando da Capital (PCC)\u2014 se disputan el control territorial, pol\u00edtico y social del pa\u00eds. Lo que comenz\u00f3 como una rivalidad carcelaria se transform\u00f3 en una guerra silenciosa que mantiene a vastas regiones bajo dominio narco, en un contexto donde el Estado parece haber cedido parte de su autoridad.<\/em><\/strong><\/p>\n\n\n\n<!--more-->\n\n\n\n<h4 class=\"wp-block-heading has-text-color has-link-color wp-elements-4fefd521c10b60be1f9bfea62d8a6ce3\" style=\"color:#102eb5\">Del encierro a la expansi\u00f3n: el origen del poder criminal<\/h4>\n\n\n\n<p>El <strong>Comando Vermelho<\/strong> surgi\u00f3 en 1979 en la c\u00e1rcel de Ilha Grande (R\u00edo de Janeiro), donde presos comunes conviv\u00edan con militantes pol\u00edticos de la dictadura militar. De esa fusi\u00f3n naci\u00f3 una organizaci\u00f3n criminal con disciplina, estructura y c\u00f3digos propios. En los a\u00f1os 80, el CV extendi\u00f3 su control sobre las favelas cariocas, combinando violencia, narcotr\u00e1fico y asistencia social paralela.<\/p>\n\n\n\n<p>A\u00f1os m\u00e1s tarde, en 1993, en una prisi\u00f3n de S\u00e3o Paulo, naci\u00f3 el <strong>Primeiro Comando da Capital (PCC)<\/strong>, tras la masacre de Carandiru, en la que la polic\u00eda mat\u00f3 a 111 reclusos. El PCC se form\u00f3 como una red de autodefensa carcelaria, pero pronto evolucion\u00f3 hacia una organizaci\u00f3n mafiosa con estructura empresarial, disciplina interna y capacidad financiera.<\/p>\n\n\n\n<p>Mientras el CV consolidaba su poder en R\u00edo de Janeiro y el norte del pa\u00eds, el PCC expand\u00eda su influencia desde las c\u00e1rceles paulistas hacia toda la regi\u00f3n, imponiendo un modelo criminal basado en la organizaci\u00f3n y la corrupci\u00f3n institucional, m\u00e1s que en la violencia visible.<\/p>\n\n\n\n<h4 class=\"wp-block-heading has-text-color has-link-color wp-elements-3f10b6d6f8f7a5a82549da19ccde8895\" style=\"color:#102eb5\">Las c\u00e1rceles como centros de mando<\/h4>\n\n\n\n<p>Brasil posee hoy una de las mayores poblaciones carcelarias del mundo \u2014m\u00e1s de 890.000 presos\u2014 y cerca del 60% de las prisiones est\u00e1n bajo control de facciones criminales. Las c\u00e1rceles se convirtieron en verdaderos centros de poder, donde las bandas regulan la convivencia, administran justicia interna y financian abogados y familias de sus miembros.<\/p>\n\n\n\n<p>Desde estos espacios, los l\u00edderes del PCC y del CV coordinan redes internacionales de narcotr\u00e1fico que conectan Sudam\u00e9rica con \u00c1frica y Europa. Las rutas ilegales atraviesan Paraguay, Bolivia, Colombia y Venezuela, y utilizan los puertos brasile\u00f1os \u2014como el de Santos\u2014 para exportar drogas a gran escala.<\/p>\n\n\n\n<h4 class=\"wp-block-heading has-text-color has-link-color wp-elements-c706f8212cf9df867016125ad7c000d8\" style=\"color:#102eb5\">Violencia, pol\u00edtica y control territorial<\/h4>\n\n\n\n<p>La rivalidad entre el PCC y el CV se torn\u00f3 sangrienta tras la ruptura de un pacto de no agresi\u00f3n en 2016, que deriv\u00f3 en masacres carcelarias y guerras abiertas por el control del tr\u00e1fico de drogas. Miles de personas murieron desde entonces, especialmente en los estados del norte y nordeste brasile\u00f1o.<\/p>\n\n\n\n<p>Pero la amenaza no se limita a la violencia. En muchos barrios y favelas, las facciones criminales suplantan al Estado: imponen normas, administran justicia y hasta financian campa\u00f1as pol\u00edticas locales. Investigaciones recientes revelaron v\u00ednculos entre grupos del crimen organizado y funcionarios municipales, as\u00ed como redes de lavado de dinero que llegan a licitaciones p\u00fablicas y financiamiento electoral.<\/p>\n\n\n\n<h4 class=\"wp-block-heading has-text-color has-link-color wp-elements-1fae662aaeca0393b9b2678fa2220b45\" style=\"color:#102eb5\">Un desaf\u00edo que trasciende las fronteras<\/h4>\n\n\n\n<p>El fen\u00f3meno preocupa tambi\u00e9n a los pa\u00edses vecinos, entre ellos la <strong>Argentina<\/strong>, debido a la expansi\u00f3n transnacional de estas organizaciones. Los especialistas en seguridad regional advierten sobre el \u201cefecto cucaracha\u201d: el desplazamiento de los grupos criminales hacia territorios con fronteras permeables y control estatal d\u00e9bil.<\/p>\n\n\n\n<p>La combinaci\u00f3n de desigualdad social, corrupci\u00f3n institucional y pol\u00edticas penitenciarias fallidas ha convertido al crimen organizado en un actor estructural del poder en Brasil. En muchas zonas, la poblaci\u00f3n obedece m\u00e1s a las reglas de las facciones que a las leyes del Estado.<\/p>\n\n\n\n<h4 class=\"wp-block-heading has-text-color has-link-color wp-elements-fc41625c9d9d4370ae0b254264600e1b\" style=\"color:#102eb5\">Un Estado en disputa<\/h4>\n\n\n\n<p>El desaf\u00edo para Brasil es reconstruir su soberan\u00eda interna y recuperar el control de sus instituciones. Los expertos coinciden en que la soluci\u00f3n no ser\u00e1 militar, sino social e institucional: fortalecer la justicia, garantizar derechos b\u00e1sicos y recuperar la confianza ciudadana son pasos esenciales para quebrar el dominio criminal.<\/p>\n\n\n\n<p>Mientras eso no ocurra, el pa\u00eds seguir\u00e1 siendo escenario de una guerra silenciosa entre el crimen y la pol\u00edtica, con consecuencias que amenazan la estabilidad de toda la regi\u00f3n.<\/p>\n","protected":false},"excerpt":{"rendered":"<p>Brasil enfrenta una crisis estructural que trasciende las fronteras del delito com\u00fan. En las \u00faltimas d\u00e9cadas, dos de las organizaciones criminales m\u00e1s poderosas del continente [&hellip;]<\/p>\n","protected":false},"author":1,"featured_media":18661,"comment_status":"open","ping_status":"open","sticky":false,"template":"","format":"standard","meta":{"footnotes":""},"categories":[285],"tags":[],"class_list":["post-18660","post","type-post","status-publish","format-standard","has-post-thumbnail","hentry","category-internacionales"],"better_featured_image":{"id":18661,"alt_text":"","caption":"","description":"","media_type":"image","media_details":{"width":710,"height":501,"file":"2025\/10\/brasilnarc22.png","filesize":606582,"sizes":{"medium":{"file":"brasilnarc22-300x212.png","width":300,"height":212,"mime-type":"image\/png","filesize":54752,"source_url":"https:\/\/nuevodigitaldeescobar.com.ar\/wp-content\/uploads\/2025\/10\/brasilnarc22-300x212.png"},"thumbnail":{"file":"brasilnarc22-150x150.png","width":150,"height":150,"mime-type":"image\/png","filesize":21097,"source_url":"https:\/\/nuevodigitaldeescobar.com.ar\/wp-content\/uploads\/2025\/10\/brasilnarc22-150x150.png"}},"image_meta":{"aperture":"0","credit":"","camera":"","caption":"","created_timestamp":"0","copyright":"","focal_length":"0","iso":"0","shutter_speed":"0","title":"","orientation":"0","keywords":[]}},"post":18660,"source_url":"https:\/\/nuevodigitaldeescobar.com.ar\/wp-content\/uploads\/2025\/10\/brasilnarc22.png"},"yoast_head":"<!-- This site is optimized with the Yoast SEO plugin v26.1.1 - https:\/\/yoast.com\/wordpress\/plugins\/seo\/ -->\n<title>Brasil: el poder narco que desaf\u00eda al Estado - Nuevo Digital de Escobar<\/title>\n<meta name=\"robots\" content=\"index, follow, max-snippet:-1, max-image-preview:large, max-video-preview:-1\" \/>\n<link rel=\"canonical\" href=\"https:\/\/nuevodigitaldeescobar.com.ar\/?p=18660\" \/>\n<meta property=\"og:locale\" content=\"es_ES\" \/>\n<meta property=\"og:type\" content=\"article\" \/>\n<meta property=\"og:title\" content=\"Brasil: el poder narco que desaf\u00eda al Estado - Nuevo Digital de Escobar\" \/>\n<meta property=\"og:description\" content=\"Brasil enfrenta una crisis estructural que trasciende las fronteras del delito com\u00fan. En las \u00faltimas d\u00e9cadas, dos de las organizaciones criminales m\u00e1s poderosas del continente [&hellip;]\" \/>\n<meta property=\"og:url\" content=\"https:\/\/nuevodigitaldeescobar.com.ar\/?p=18660\" \/>\n<meta property=\"og:site_name\" content=\"Nuevo Digital de Escobar\" \/>\n<meta property=\"article:publisher\" content=\"https:\/\/www.facebook.com\/NUEVODigitalDeEscobar\" \/>\n<meta property=\"article:published_time\" content=\"2025-10-29T11:18:51+00:00\" \/>\n<meta property=\"article:modified_time\" content=\"2025-10-29T11:19:22+00:00\" \/>\n<meta property=\"og:image\" content=\"http:\/\/nuevodigitaldeescobar.com.ar\/wp-content\/uploads\/2025\/10\/brasilnarc22.png\" \/>\n\t<meta property=\"og:image:width\" content=\"710\" \/>\n\t<meta property=\"og:image:height\" content=\"501\" \/>\n\t<meta property=\"og:image:type\" content=\"image\/png\" \/>\n<meta name=\"author\" content=\"Redacci\u00f3n\" \/>\n<meta name=\"twitter:card\" content=\"summary_large_image\" \/>\n<meta name=\"twitter:creator\" content=\"@nuevodigescobar\" \/>\n<meta name=\"twitter:site\" content=\"@nuevodigescobar\" \/>\n<meta name=\"twitter:label1\" content=\"Escrito por\" \/>\n\t<meta name=\"twitter:data1\" content=\"Redacci\u00f3n\" \/>\n\t<meta name=\"twitter:label2\" content=\"Tiempo de lectura\" \/>\n\t<meta name=\"twitter:data2\" content=\"4 minutos\" \/>\n<script type=\"application\/ld+json\" class=\"yoast-schema-graph\">{\"@context\":\"https:\/\/schema.org\",\"@graph\":[{\"@type\":\"Article\",\"@id\":\"https:\/\/nuevodigitaldeescobar.com.ar\/?p=18660#article\",\"isPartOf\":{\"@id\":\"https:\/\/nuevodigitaldeescobar.com.ar\/?p=18660\"},\"author\":{\"name\":\"Redacci\u00f3n\",\"@id\":\"https:\/\/nuevodigitaldeescobar.com.ar\/#\/schema\/person\/035e90a8efe9a80e6eec22656ad6ea4c\"},\"headline\":\"Brasil: el poder narco que desaf\u00eda al Estado\",\"datePublished\":\"2025-10-29T11:18:51+00:00\",\"dateModified\":\"2025-10-29T11:19:22+00:00\",\"mainEntityOfPage\":{\"@id\":\"https:\/\/nuevodigitaldeescobar.com.ar\/?p=18660\"},\"wordCount\":713,\"commentCount\":0,\"publisher\":{\"@id\":\"https:\/\/nuevodigitaldeescobar.com.ar\/#organization\"},\"image\":{\"@id\":\"https:\/\/nuevodigitaldeescobar.com.ar\/?p=18660#primaryimage\"},\"thumbnailUrl\":\"https:\/\/nuevodigitaldeescobar.com.ar\/wp-content\/uploads\/2025\/10\/brasilnarc22.png\",\"articleSection\":[\"Internacionales\"],\"inLanguage\":\"es\",\"potentialAction\":[{\"@type\":\"CommentAction\",\"name\":\"Comment\",\"target\":[\"https:\/\/nuevodigitaldeescobar.com.ar\/?p=18660#respond\"]}]},{\"@type\":\"WebPage\",\"@id\":\"https:\/\/nuevodigitaldeescobar.com.ar\/?p=18660\",\"url\":\"https:\/\/nuevodigitaldeescobar.com.ar\/?p=18660\",\"name\":\"Brasil: el poder narco que desaf\u00eda al Estado - Nuevo Digital de Escobar\",\"isPartOf\":{\"@id\":\"https:\/\/nuevodigitaldeescobar.com.ar\/#website\"},\"primaryImageOfPage\":{\"@id\":\"https:\/\/nuevodigitaldeescobar.com.ar\/?p=18660#primaryimage\"},\"image\":{\"@id\":\"https:\/\/nuevodigitaldeescobar.com.ar\/?p=18660#primaryimage\"},\"thumbnailUrl\":\"https:\/\/nuevodigitaldeescobar.com.ar\/wp-content\/uploads\/2025\/10\/brasilnarc22.png\",\"datePublished\":\"2025-10-29T11:18:51+00:00\",\"dateModified\":\"2025-10-29T11:19:22+00:00\",\"breadcrumb\":{\"@id\":\"https:\/\/nuevodigitaldeescobar.com.ar\/?p=18660#breadcrumb\"},\"inLanguage\":\"es\",\"potentialAction\":[{\"@type\":\"ReadAction\",\"target\":[\"https:\/\/nuevodigitaldeescobar.com.ar\/?p=18660\"]}]},{\"@type\":\"ImageObject\",\"inLanguage\":\"es\",\"@id\":\"https:\/\/nuevodigitaldeescobar.com.ar\/?p=18660#primaryimage\",\"url\":\"https:\/\/nuevodigitaldeescobar.com.ar\/wp-content\/uploads\/2025\/10\/brasilnarc22.png\",\"contentUrl\":\"https:\/\/nuevodigitaldeescobar.com.ar\/wp-content\/uploads\/2025\/10\/brasilnarc22.png\",\"width\":710,\"height\":501},{\"@type\":\"BreadcrumbList\",\"@id\":\"https:\/\/nuevodigitaldeescobar.com.ar\/?p=18660#breadcrumb\",\"itemListElement\":[{\"@type\":\"ListItem\",\"position\":1,\"name\":\"Portada\",\"item\":\"https:\/\/nuevodigitaldeescobar.com.ar\/\"},{\"@type\":\"ListItem\",\"position\":2,\"name\":\"Brasil: el poder narco que desaf\u00eda al Estado\"}]},{\"@type\":\"WebSite\",\"@id\":\"https:\/\/nuevodigitaldeescobar.com.ar\/#website\",\"url\":\"https:\/\/nuevodigitaldeescobar.com.ar\/\",\"name\":\"Nuevo Digital de Escobar\",\"description\":\"La vida escobarense. Directora: Rosana Brunner\",\"publisher\":{\"@id\":\"https:\/\/nuevodigitaldeescobar.com.ar\/#organization\"},\"potentialAction\":[{\"@type\":\"SearchAction\",\"target\":{\"@type\":\"EntryPoint\",\"urlTemplate\":\"https:\/\/nuevodigitaldeescobar.com.ar\/?s={search_term_string}\"},\"query-input\":{\"@type\":\"PropertyValueSpecification\",\"valueRequired\":true,\"valueName\":\"search_term_string\"}}],\"inLanguage\":\"es\"},{\"@type\":\"Organization\",\"@id\":\"https:\/\/nuevodigitaldeescobar.com.ar\/#organization\",\"name\":\"Nuevo Digital de Escobar\",\"url\":\"https:\/\/nuevodigitaldeescobar.com.ar\/\",\"logo\":{\"@type\":\"ImageObject\",\"inLanguage\":\"es\",\"@id\":\"https:\/\/nuevodigitaldeescobar.com.ar\/#\/schema\/logo\/image\/\",\"url\":\"https:\/\/nuevodigitaldeescobar.com.ar\/wp-content\/uploads\/2025\/05\/cropped-logo-nuevo2.jpg\",\"contentUrl\":\"https:\/\/nuevodigitaldeescobar.com.ar\/wp-content\/uploads\/2025\/05\/cropped-logo-nuevo2.jpg\",\"width\":305,\"height\":305,\"caption\":\"Nuevo Digital de Escobar\"},\"image\":{\"@id\":\"https:\/\/nuevodigitaldeescobar.com.ar\/#\/schema\/logo\/image\/\"},\"sameAs\":[\"https:\/\/www.facebook.com\/NUEVODigitalDeEscobar\",\"https:\/\/x.com\/nuevodigescobar\",\"https:\/\/www.instagram.com\/nuevodigitaldeescobar\"]},{\"@type\":\"Person\",\"@id\":\"https:\/\/nuevodigitaldeescobar.com.ar\/#\/schema\/person\/035e90a8efe9a80e6eec22656ad6ea4c\",\"name\":\"Redacci\u00f3n\",\"image\":{\"@type\":\"ImageObject\",\"inLanguage\":\"es\",\"@id\":\"https:\/\/nuevodigitaldeescobar.com.ar\/#\/schema\/person\/image\/\",\"url\":\"https:\/\/secure.gravatar.com\/avatar\/8af8f40000c24e9eef3034f2be5998a372bb1389e64b1a4a36b3a7979142220d?s=96&d=mm&r=g\",\"contentUrl\":\"https:\/\/secure.gravatar.com\/avatar\/8af8f40000c24e9eef3034f2be5998a372bb1389e64b1a4a36b3a7979142220d?s=96&d=mm&r=g\",\"caption\":\"Redacci\u00f3n\"},\"sameAs\":[\"http:\/\/nuevodigitaldeescobar.com.ar\"],\"url\":\"https:\/\/nuevodigitaldeescobar.com.ar\/?author=1\"}]}<\/script>\n<!-- \/ Yoast SEO plugin. -->","yoast_head_json":{"title":"Brasil: el poder narco que desaf\u00eda al Estado - Nuevo Digital de Escobar","robots":{"index":"index","follow":"follow","max-snippet":"max-snippet:-1","max-image-preview":"max-image-preview:large","max-video-preview":"max-video-preview:-1"},"canonical":"https:\/\/nuevodigitaldeescobar.com.ar\/?p=18660","og_locale":"es_ES","og_type":"article","og_title":"Brasil: el poder narco que desaf\u00eda al Estado - Nuevo Digital de Escobar","og_description":"Brasil enfrenta una crisis estructural que trasciende las fronteras del delito com\u00fan. En las \u00faltimas d\u00e9cadas, dos de las organizaciones criminales m\u00e1s poderosas del continente [&hellip;]","og_url":"https:\/\/nuevodigitaldeescobar.com.ar\/?p=18660","og_site_name":"Nuevo Digital de Escobar","article_publisher":"https:\/\/www.facebook.com\/NUEVODigitalDeEscobar","article_published_time":"2025-10-29T11:18:51+00:00","article_modified_time":"2025-10-29T11:19:22+00:00","og_image":[{"width":710,"height":501,"url":"http:\/\/nuevodigitaldeescobar.com.ar\/wp-content\/uploads\/2025\/10\/brasilnarc22.png","type":"image\/png"}],"author":"Redacci\u00f3n","twitter_card":"summary_large_image","twitter_creator":"@nuevodigescobar","twitter_site":"@nuevodigescobar","twitter_misc":{"Escrito por":"Redacci\u00f3n","Tiempo de lectura":"4 minutos"},"schema":{"@context":"https:\/\/schema.org","@graph":[{"@type":"Article","@id":"https:\/\/nuevodigitaldeescobar.com.ar\/?p=18660#article","isPartOf":{"@id":"https:\/\/nuevodigitaldeescobar.com.ar\/?p=18660"},"author":{"name":"Redacci\u00f3n","@id":"https:\/\/nuevodigitaldeescobar.com.ar\/#\/schema\/person\/035e90a8efe9a80e6eec22656ad6ea4c"},"headline":"Brasil: el poder narco que desaf\u00eda al Estado","datePublished":"2025-10-29T11:18:51+00:00","dateModified":"2025-10-29T11:19:22+00:00","mainEntityOfPage":{"@id":"https:\/\/nuevodigitaldeescobar.com.ar\/?p=18660"},"wordCount":713,"commentCount":0,"publisher":{"@id":"https:\/\/nuevodigitaldeescobar.com.ar\/#organization"},"image":{"@id":"https:\/\/nuevodigitaldeescobar.com.ar\/?p=18660#primaryimage"},"thumbnailUrl":"https:\/\/nuevodigitaldeescobar.com.ar\/wp-content\/uploads\/2025\/10\/brasilnarc22.png","articleSection":["Internacionales"],"inLanguage":"es","potentialAction":[{"@type":"CommentAction","name":"Comment","target":["https:\/\/nuevodigitaldeescobar.com.ar\/?p=18660#respond"]}]},{"@type":"WebPage","@id":"https:\/\/nuevodigitaldeescobar.com.ar\/?p=18660","url":"https:\/\/nuevodigitaldeescobar.com.ar\/?p=18660","name":"Brasil: el poder narco que desaf\u00eda al Estado - Nuevo Digital de Escobar","isPartOf":{"@id":"https:\/\/nuevodigitaldeescobar.com.ar\/#website"},"primaryImageOfPage":{"@id":"https:\/\/nuevodigitaldeescobar.com.ar\/?p=18660#primaryimage"},"image":{"@id":"https:\/\/nuevodigitaldeescobar.com.ar\/?p=18660#primaryimage"},"thumbnailUrl":"https:\/\/nuevodigitaldeescobar.com.ar\/wp-content\/uploads\/2025\/10\/brasilnarc22.png","datePublished":"2025-10-29T11:18:51+00:00","dateModified":"2025-10-29T11:19:22+00:00","breadcrumb":{"@id":"https:\/\/nuevodigitaldeescobar.com.ar\/?p=18660#breadcrumb"},"inLanguage":"es","potentialAction":[{"@type":"ReadAction","target":["https:\/\/nuevodigitaldeescobar.com.ar\/?p=18660"]}]},{"@type":"ImageObject","inLanguage":"es","@id":"https:\/\/nuevodigitaldeescobar.com.ar\/?p=18660#primaryimage","url":"https:\/\/nuevodigitaldeescobar.com.ar\/wp-content\/uploads\/2025\/10\/brasilnarc22.png","contentUrl":"https:\/\/nuevodigitaldeescobar.com.ar\/wp-content\/uploads\/2025\/10\/brasilnarc22.png","width":710,"height":501},{"@type":"BreadcrumbList","@id":"https:\/\/nuevodigitaldeescobar.com.ar\/?p=18660#breadcrumb","itemListElement":[{"@type":"ListItem","position":1,"name":"Portada","item":"https:\/\/nuevodigitaldeescobar.com.ar\/"},{"@type":"ListItem","position":2,"name":"Brasil: el poder narco que desaf\u00eda al Estado"}]},{"@type":"WebSite","@id":"https:\/\/nuevodigitaldeescobar.com.ar\/#website","url":"https:\/\/nuevodigitaldeescobar.com.ar\/","name":"Nuevo Digital de Escobar","description":"La vida escobarense. Directora: Rosana Brunner","publisher":{"@id":"https:\/\/nuevodigitaldeescobar.com.ar\/#organization"},"potentialAction":[{"@type":"SearchAction","target":{"@type":"EntryPoint","urlTemplate":"https:\/\/nuevodigitaldeescobar.com.ar\/?s={search_term_string}"},"query-input":{"@type":"PropertyValueSpecification","valueRequired":true,"valueName":"search_term_string"}}],"inLanguage":"es"},{"@type":"Organization","@id":"https:\/\/nuevodigitaldeescobar.com.ar\/#organization","name":"Nuevo Digital de Escobar","url":"https:\/\/nuevodigitaldeescobar.com.ar\/","logo":{"@type":"ImageObject","inLanguage":"es","@id":"https:\/\/nuevodigitaldeescobar.com.ar\/#\/schema\/logo\/image\/","url":"https:\/\/nuevodigitaldeescobar.com.ar\/wp-content\/uploads\/2025\/05\/cropped-logo-nuevo2.jpg","contentUrl":"https:\/\/nuevodigitaldeescobar.com.ar\/wp-content\/uploads\/2025\/05\/cropped-logo-nuevo2.jpg","width":305,"height":305,"caption":"Nuevo Digital de Escobar"},"image":{"@id":"https:\/\/nuevodigitaldeescobar.com.ar\/#\/schema\/logo\/image\/"},"sameAs":["https:\/\/www.facebook.com\/NUEVODigitalDeEscobar","https:\/\/x.com\/nuevodigescobar","https:\/\/www.instagram.com\/nuevodigitaldeescobar"]},{"@type":"Person","@id":"https:\/\/nuevodigitaldeescobar.com.ar\/#\/schema\/person\/035e90a8efe9a80e6eec22656ad6ea4c","name":"Redacci\u00f3n","image":{"@type":"ImageObject","inLanguage":"es","@id":"https:\/\/nuevodigitaldeescobar.com.ar\/#\/schema\/person\/image\/","url":"https:\/\/secure.gravatar.com\/avatar\/8af8f40000c24e9eef3034f2be5998a372bb1389e64b1a4a36b3a7979142220d?s=96&d=mm&r=g","contentUrl":"https:\/\/secure.gravatar.com\/avatar\/8af8f40000c24e9eef3034f2be5998a372bb1389e64b1a4a36b3a7979142220d?s=96&d=mm&r=g","caption":"Redacci\u00f3n"},"sameAs":["http:\/\/nuevodigitaldeescobar.com.ar"],"url":"https:\/\/nuevodigitaldeescobar.com.ar\/?author=1"}]}},"featured_image_urls":{"full":["https:\/\/nuevodigitaldeescobar.com.ar\/wp-content\/uploads\/2025\/10\/brasilnarc22.png",710,501,false],"thumbnail":["https:\/\/nuevodigitaldeescobar.com.ar\/wp-content\/uploads\/2025\/10\/brasilnarc22-150x150.png",150,150,true],"medium":["https:\/\/nuevodigitaldeescobar.com.ar\/wp-content\/uploads\/2025\/10\/brasilnarc22-300x212.png",300,212,true],"medium_large":["https:\/\/nuevodigitaldeescobar.com.ar\/wp-content\/uploads\/2025\/10\/brasilnarc22.png",640,452,false],"large":["https:\/\/nuevodigitaldeescobar.com.ar\/wp-content\/uploads\/2025\/10\/brasilnarc22.png",640,452,false],"1536x1536":["https:\/\/nuevodigitaldeescobar.com.ar\/wp-content\/uploads\/2025\/10\/brasilnarc22.png",710,501,false],"2048x2048":["https:\/\/nuevodigitaldeescobar.com.ar\/wp-content\/uploads\/2025\/10\/brasilnarc22.png",710,501,false]},"author_info":{"display_name":"Redacci\u00f3n","author_link":"https:\/\/nuevodigitaldeescobar.com.ar\/?author=1"},"category_info":"<a href=\"https:\/\/nuevodigitaldeescobar.com.ar\/?cat=285\" rel=\"category\">Internacionales<\/a>","tag_info":"Internacionales","comment_count":"0","_links":{"self":[{"href":"https:\/\/nuevodigitaldeescobar.com.ar\/index.php?rest_route=\/wp\/v2\/posts\/18660","targetHints":{"allow":["GET"]}}],"collection":[{"href":"https:\/\/nuevodigitaldeescobar.com.ar\/index.php?rest_route=\/wp\/v2\/posts"}],"about":[{"href":"https:\/\/nuevodigitaldeescobar.com.ar\/index.php?rest_route=\/wp\/v2\/types\/post"}],"author":[{"embeddable":true,"href":"https:\/\/nuevodigitaldeescobar.com.ar\/index.php?rest_route=\/wp\/v2\/users\/1"}],"replies":[{"embeddable":true,"href":"https:\/\/nuevodigitaldeescobar.com.ar\/index.php?rest_route=%2Fwp%2Fv2%2Fcomments&post=18660"}],"version-history":[{"count":1,"href":"https:\/\/nuevodigitaldeescobar.com.ar\/index.php?rest_route=\/wp\/v2\/posts\/18660\/revisions"}],"predecessor-version":[{"id":18662,"href":"https:\/\/nuevodigitaldeescobar.com.ar\/index.php?rest_route=\/wp\/v2\/posts\/18660\/revisions\/18662"}],"wp:featuredmedia":[{"embeddable":true,"href":"https:\/\/nuevodigitaldeescobar.com.ar\/index.php?rest_route=\/wp\/v2\/media\/18661"}],"wp:attachment":[{"href":"https:\/\/nuevodigitaldeescobar.com.ar\/index.php?rest_route=%2Fwp%2Fv2%2Fmedia&parent=18660"}],"wp:term":[{"taxonomy":"category","embeddable":true,"href":"https:\/\/nuevodigitaldeescobar.com.ar\/index.php?rest_route=%2Fwp%2Fv2%2Fcategories&post=18660"},{"taxonomy":"post_tag","embeddable":true,"href":"https:\/\/nuevodigitaldeescobar.com.ar\/index.php?rest_route=%2Fwp%2Fv2%2Ftags&post=18660"}],"curies":[{"name":"wp","href":"https:\/\/api.w.org\/{rel}","templated":true}]}}