{"id":18703,"date":"2025-11-01T12:09:50","date_gmt":"2025-11-01T15:09:50","guid":{"rendered":"https:\/\/nuevodigitaldeescobar.com.ar\/?p=18703"},"modified":"2025-11-01T12:10:21","modified_gmt":"2025-11-01T15:10:21","slug":"anses-calendario-de-pagos-de-noviembre-para-jubilaciones-pensiones-y-asignaciones","status":"publish","type":"post","link":"https:\/\/nuevodigitaldeescobar.com.ar\/?p=18703","title":{"rendered":"ANSES &#8211; Calendario de pagos de noviembre para jubilaciones, pensiones y asignaciones"},"content":{"rendered":"\n<p class=\"has-vivid-cyan-blue-color has-text-color has-link-color wp-elements-9b3c71c31d0304ab1ae662f33d41ecfd\"><strong><em>La Administraci\u00f3n Nacional de la Seguridad Social (ANSES) anunci\u00f3 el cronograma completo de pagos correspondiente al mes de noviembre para jubilados, pensionados y titulares de las distintas asignaciones sociales.<br>El calendario, que se extender\u00e1 desde el 10 hasta el 28 de noviembre, incluye los pagos de jubilaciones, pensiones contributivas y no contributivas, Asignaci\u00f3n Universal por Hijo (AUH), Asignaci\u00f3n por Embarazo, Prenatal, Maternidad, Asignaciones Familiares, de Pago \u00danico y Prestaci\u00f3n por Desempleo.<\/em><\/strong><\/p>\n\n\n\n<!--more-->\n\n\n\n<h3 class=\"wp-block-heading has-text-color has-link-color wp-elements-120fccc3a2cfd70f4f79405e82f02ab8\" style=\"color:#2637c0\">\ud83d\udd39 Jubilaciones y pensiones que no superan el haber m\u00ednimo<\/h3>\n\n\n\n<figure class=\"wp-block-table is-style-stripes\"><table class=\"has-vivid-cyan-blue-to-vivid-purple-gradient-background has-background has-fixed-layout\"><thead><tr><th>Terminaci\u00f3n de DNI<\/th><th>Fecha de cobro<\/th><\/tr><\/thead><tbody><tr><td>0<\/td><td>10 de noviembre<\/td><\/tr><tr><td>1<\/td><td>11 de noviembre<\/td><\/tr><tr><td>2<\/td><td>12 de noviembre<\/td><\/tr><tr><td>3<\/td><td>13 de noviembre<\/td><\/tr><tr><td>4<\/td><td>14 de noviembre<\/td><\/tr><tr><td>5<\/td><td>17 de noviembre<\/td><\/tr><tr><td>6<\/td><td>18 de noviembre<\/td><\/tr><tr><td>7<\/td><td>19 de noviembre<\/td><\/tr><tr><td>8 y 9<\/td><td>20 de noviembre<\/td><\/tr><\/tbody><\/table><\/figure>\n\n\n\n<hr class=\"wp-block-separator has-alpha-channel-opacity\"\/>\n\n\n\n<h3 class=\"wp-block-heading has-text-color has-link-color wp-elements-fdb67629b8c4eb04212d0860ffa8ea52\" style=\"color:#2637c0\">\ud83d\udd39 Jubilaciones y pensiones que superan el haber m\u00ednimo<\/h3>\n\n\n\n<figure class=\"wp-block-table is-style-stripes\"><table class=\"has-vivid-cyan-blue-to-vivid-purple-gradient-background has-background has-fixed-layout\"><thead><tr><th>Terminaci\u00f3n de DNI<\/th><th>Fecha de cobro<\/th><\/tr><\/thead><tbody><tr><td>0 y 1<\/td><td>20 de noviembre<\/td><\/tr><tr><td>2 y 3<\/td><td>25 de noviembre<\/td><\/tr><tr><td>4 y 5<\/td><td>26 de noviembre<\/td><\/tr><tr><td>6 y 7<\/td><td>27 de noviembre<\/td><\/tr><tr><td>8 y 9<\/td><td>28 de noviembre<\/td><\/tr><\/tbody><\/table><\/figure>\n\n\n\n<hr class=\"wp-block-separator has-alpha-channel-opacity\"\/>\n\n\n\n<h3 class=\"wp-block-heading has-text-color has-link-color wp-elements-604e889d02680aaa1038b3bd6b8e21e8\" style=\"color:#2637c0\">\ud83d\udd39 Asignaci\u00f3n Universal por Hijo (AUH) y Asignaci\u00f3n Familiar por Hijo<\/h3>\n\n\n\n<figure class=\"wp-block-table is-style-stripes\"><table class=\"has-vivid-cyan-blue-to-vivid-purple-gradient-background has-background has-fixed-layout\"><thead><tr><th>Terminaci\u00f3n de DNI<\/th><th>Fecha de cobro<\/th><\/tr><\/thead><tbody><tr><td>0<\/td><td>10 de noviembre<\/td><\/tr><tr><td>1<\/td><td>11 de noviembre<\/td><\/tr><tr><td>2<\/td><td>12 de noviembre<\/td><\/tr><tr><td>3<\/td><td>13 de noviembre<\/td><\/tr><tr><td>4<\/td><td>14 de noviembre<\/td><\/tr><tr><td>5<\/td><td>17 de noviembre<\/td><\/tr><tr><td>6<\/td><td>18 de noviembre<\/td><\/tr><tr><td>7<\/td><td>19 de noviembre<\/td><\/tr><tr><td>8<\/td><td>20 de noviembre<\/td><\/tr><tr><td>9<\/td><td>25 de noviembre<\/td><\/tr><\/tbody><\/table><\/figure>\n\n\n\n<hr class=\"wp-block-separator has-alpha-channel-opacity\"\/>\n\n\n\n<h3 class=\"wp-block-heading has-text-color has-link-color wp-elements-f22164462ed8b16d6db1ab595819fedf\" style=\"color:#2637c0\">\ud83d\udd39 Asignaci\u00f3n por Embarazo<\/h3>\n\n\n\n<figure class=\"wp-block-table is-style-stripes\"><table class=\"has-vivid-cyan-blue-to-vivid-purple-gradient-background has-background has-fixed-layout\"><thead><tr><th>Terminaci\u00f3n de DNI<\/th><th>Fecha de cobro<\/th><\/tr><\/thead><tbody><tr><td>0<\/td><td>10 de noviembre<\/td><\/tr><tr><td>1<\/td><td>11 de noviembre<\/td><\/tr><tr><td>2<\/td><td>12 de noviembre<\/td><\/tr><tr><td>3<\/td><td>13 de noviembre<\/td><\/tr><tr><td>4<\/td><td>14 de noviembre<\/td><\/tr><tr><td>5<\/td><td>17 de noviembre<\/td><\/tr><tr><td>6<\/td><td>18 de noviembre<\/td><\/tr><tr><td>7<\/td><td>19 de noviembre<\/td><\/tr><tr><td>8<\/td><td>20 de noviembre<\/td><\/tr><tr><td>9<\/td><td>25 de noviembre<\/td><\/tr><\/tbody><\/table><\/figure>\n\n\n\n<hr class=\"wp-block-separator has-alpha-channel-opacity\"\/>\n\n\n\n<h3 class=\"wp-block-heading has-text-color has-link-color wp-elements-455fc4d35254ddda60103e2d76f43723\" style=\"color:#2637c0\">\ud83d\udd39 Asignaci\u00f3n por Prenatal<\/h3>\n\n\n\n<figure class=\"wp-block-table is-style-stripes\"><table class=\"has-vivid-cyan-blue-to-vivid-purple-gradient-background has-background has-fixed-layout\"><thead><tr><th>Terminaci\u00f3n de DNI<\/th><th>Fecha de cobro<\/th><\/tr><\/thead><tbody><tr><td>0 y 1<\/td><td>10 de noviembre<\/td><\/tr><tr><td>2 y 3<\/td><td>11 de noviembre<\/td><\/tr><tr><td>4 y 5<\/td><td>12 de noviembre<\/td><\/tr><tr><td>6 y 7<\/td><td>13 de noviembre<\/td><\/tr><tr><td>8 y 9<\/td><td>14 de noviembre<\/td><\/tr><\/tbody><\/table><\/figure>\n\n\n\n<hr class=\"wp-block-separator has-alpha-channel-opacity\"\/>\n\n\n\n<h3 class=\"wp-block-heading has-text-color has-link-color wp-elements-955a4d121d3dc935dc43c9857e4c32f7\" style=\"color:#2637c0\">\ud83d\udd39 Asignaci\u00f3n por Maternidad<\/h3>\n\n\n\n<p>\ud83d\udcc5 Todas las terminaciones de DNI: del <strong>10 de noviembre al 10 de diciembre<\/strong>.<\/p>\n\n\n\n<hr class=\"wp-block-separator has-alpha-channel-opacity\"\/>\n\n\n\n<h3 class=\"wp-block-heading has-text-color has-link-color wp-elements-bebb1e83047990a1b49c283d5c1c79bc\" style=\"color:#2637c0\">\ud83d\udd39 Asignaciones de Pago \u00danico (Matrimonio, Nacimiento, Adopci\u00f3n)<\/h3>\n\n\n\n<p>\ud83d\udcc5 Todas las terminaciones de DNI: del <strong>12 de noviembre al 10 de diciembre<\/strong>.<\/p>\n\n\n\n<hr class=\"wp-block-separator has-alpha-channel-opacity\"\/>\n\n\n\n<h3 class=\"wp-block-heading has-text-color has-link-color wp-elements-5243e1d3da13a735483db60046c2225f\" style=\"color:#2637c0\">\ud83d\udd39 Pensiones No Contributivas (PNC)<\/h3>\n\n\n\n<figure class=\"wp-block-table is-style-stripes\"><table class=\"has-vivid-cyan-blue-to-vivid-purple-gradient-background has-background has-fixed-layout\"><thead><tr><th>Terminaci\u00f3n de DNI<\/th><th>Fecha de cobro<\/th><\/tr><\/thead><tbody><tr><td>0 y 1<\/td><td>10 de noviembre<\/td><\/tr><tr><td>2 y 3<\/td><td>11 de noviembre<\/td><\/tr><tr><td>4 y 5<\/td><td>12 de noviembre<\/td><\/tr><tr><td>6 y 7<\/td><td>13 de noviembre<\/td><\/tr><tr><td>8 y 9<\/td><td>14 de noviembre<\/td><\/tr><\/tbody><\/table><\/figure>\n\n\n\n<hr class=\"wp-block-separator has-alpha-channel-opacity\"\/>\n\n\n\n<h3 class=\"wp-block-heading has-text-color has-link-color wp-elements-92f511ed85e51d19fc90c7c19ab0a119\" style=\"color:#2637c0\">\ud83d\udd39 Asignaciones Familiares de Pensiones No Contributivas<\/h3>\n\n\n\n<p>\ud83d\udcc5 Todas las terminaciones de DNI: del <strong>10 de noviembre al 10 de diciembre<\/strong>.<\/p>\n\n\n\n<hr class=\"wp-block-separator has-alpha-channel-opacity\"\/>\n\n\n\n<h3 class=\"wp-block-heading has-text-color has-link-color wp-elements-69987d5b165bfd7123eaa364505ce579\" style=\"color:#2637c0\">\ud83d\udd39 Prestaci\u00f3n por Desempleo<\/h3>\n\n\n\n<figure class=\"wp-block-table is-style-stripes\"><table class=\"has-vivid-cyan-blue-to-vivid-purple-gradient-background has-background has-fixed-layout\"><thead><tr><th>Terminaci\u00f3n de DNI<\/th><th>Fecha de cobro<\/th><\/tr><\/thead><tbody><tr><td>0 y 1<\/td><td>20 de noviembre<\/td><\/tr><tr><td>2 y 3<\/td><td>25 de noviembre<\/td><\/tr><tr><td>4 y 5<\/td><td>26 de noviembre<\/td><\/tr><tr><td>6 y 7<\/td><td>27 de noviembre<\/td><\/tr><tr><td>8 y 9<\/td><td>28 de noviembre<\/td><\/tr><\/tbody><\/table><\/figure>\n\n\n\n<hr class=\"wp-block-separator has-alpha-channel-opacity\"\/>\n\n\n\n<p>De esta manera, ANSES busca garantizar que todos los beneficiarios cobren en tiempo y forma, con un calendario ordenado y accesible.<br>Para m\u00e1s informaci\u00f3n o consultas, los titulares pueden ingresar a <strong><a>www.anses.gob.ar<\/a><\/strong> o consultar a trav\u00e9s de la aplicaci\u00f3n <strong>Mi ANSES<\/strong>.<\/p>\n","protected":false},"excerpt":{"rendered":"<p>La Administraci\u00f3n Nacional de la Seguridad Social (ANSES) anunci\u00f3 el cronograma completo de pagos correspondiente al mes de noviembre para jubilados, pensionados y titulares de [&hellip;]<\/p>\n","protected":false},"author":1,"featured_media":4734,"comment_status":"open","ping_status":"open","sticky":false,"template":"","format":"standard","meta":{"footnotes":""},"categories":[7],"tags":[],"class_list":["post-18703","post","type-post","status-publish","format-standard","has-post-thumbnail","hentry","category-interes-general"],"better_featured_image":{"id":4734,"alt_text":"","caption":"","description":"","media_type":"image","media_details":{"width":720,"height":405,"file":"2024\/04\/anses-e1712624068278.jpg","filesize":58458,"sizes":{"medium":{"file":"anses-300x169.jpg","width":300,"height":169,"mime-type":"image\/jpeg","filesize":10588,"source_url":"https:\/\/nuevodigitaldeescobar.com.ar\/wp-content\/uploads\/2024\/04\/anses-300x169.jpg"},"thumbnail":{"file":"anses-150x150.jpg","width":150,"height":150,"mime-type":"image\/jpeg","filesize":5873,"source_url":"https:\/\/nuevodigitaldeescobar.com.ar\/wp-content\/uploads\/2024\/04\/anses-150x150.jpg"}},"image_meta":{"aperture":"0","credit":"","camera":"","caption":"","created_timestamp":"0","copyright":"","focal_length":"0","iso":"0","shutter_speed":"0","title":"","orientation":"0","keywords":[]}},"post":4733,"source_url":"https:\/\/nuevodigitaldeescobar.com.ar\/wp-content\/uploads\/2024\/04\/anses-e1712624068278.jpg"},"yoast_head":"<!-- This site is optimized with the Yoast SEO plugin v26.1.1 - https:\/\/yoast.com\/wordpress\/plugins\/seo\/ -->\n<title>ANSES - Calendario de pagos de noviembre para jubilaciones, pensiones y asignaciones - Nuevo Digital de Escobar<\/title>\n<meta name=\"robots\" content=\"index, follow, max-snippet:-1, max-image-preview:large, max-video-preview:-1\" \/>\n<link rel=\"canonical\" href=\"https:\/\/nuevodigitaldeescobar.com.ar\/?p=18703\" \/>\n<meta property=\"og:locale\" content=\"es_ES\" \/>\n<meta property=\"og:type\" content=\"article\" \/>\n<meta property=\"og:title\" content=\"ANSES - Calendario de pagos de noviembre para jubilaciones, pensiones y asignaciones - Nuevo Digital de Escobar\" \/>\n<meta property=\"og:description\" content=\"La Administraci\u00f3n Nacional de la Seguridad Social (ANSES) anunci\u00f3 el cronograma completo de pagos correspondiente al mes de noviembre para jubilados, pensionados y titulares de [&hellip;]\" \/>\n<meta property=\"og:url\" content=\"https:\/\/nuevodigitaldeescobar.com.ar\/?p=18703\" \/>\n<meta property=\"og:site_name\" content=\"Nuevo Digital de Escobar\" \/>\n<meta property=\"article:publisher\" content=\"https:\/\/www.facebook.com\/NUEVODigitalDeEscobar\" \/>\n<meta property=\"article:published_time\" content=\"2025-11-01T15:09:50+00:00\" \/>\n<meta property=\"article:modified_time\" content=\"2025-11-01T15:10:21+00:00\" \/>\n<meta property=\"og:image\" content=\"http:\/\/nuevodigitaldeescobar.com.ar\/wp-content\/uploads\/2024\/04\/anses-e1712624068278.jpg\" \/>\n\t<meta property=\"og:image:width\" content=\"720\" \/>\n\t<meta property=\"og:image:height\" content=\"405\" \/>\n\t<meta property=\"og:image:type\" content=\"image\/jpeg\" \/>\n<meta name=\"author\" content=\"Redacci\u00f3n\" \/>\n<meta name=\"twitter:card\" content=\"summary_large_image\" \/>\n<meta name=\"twitter:creator\" content=\"@nuevodigescobar\" \/>\n<meta name=\"twitter:site\" content=\"@nuevodigescobar\" \/>\n<meta name=\"twitter:label1\" content=\"Escrito por\" \/>\n\t<meta name=\"twitter:data1\" content=\"Redacci\u00f3n\" \/>\n\t<meta name=\"twitter:label2\" content=\"Tiempo de lectura\" \/>\n\t<meta name=\"twitter:data2\" content=\"3 minutos\" \/>\n<script type=\"application\/ld+json\" class=\"yoast-schema-graph\">{\"@context\":\"https:\/\/schema.org\",\"@graph\":[{\"@type\":\"Article\",\"@id\":\"https:\/\/nuevodigitaldeescobar.com.ar\/?p=18703#article\",\"isPartOf\":{\"@id\":\"https:\/\/nuevodigitaldeescobar.com.ar\/?p=18703\"},\"author\":{\"name\":\"Redacci\u00f3n\",\"@id\":\"https:\/\/nuevodigitaldeescobar.com.ar\/#\/schema\/person\/035e90a8efe9a80e6eec22656ad6ea4c\"},\"headline\":\"ANSES &#8211; Calendario de pagos de noviembre para jubilaciones, pensiones y asignaciones\",\"datePublished\":\"2025-11-01T15:09:50+00:00\",\"dateModified\":\"2025-11-01T15:10:21+00:00\",\"mainEntityOfPage\":{\"@id\":\"https:\/\/nuevodigitaldeescobar.com.ar\/?p=18703\"},\"wordCount\":399,\"commentCount\":0,\"publisher\":{\"@id\":\"https:\/\/nuevodigitaldeescobar.com.ar\/#organization\"},\"image\":{\"@id\":\"https:\/\/nuevodigitaldeescobar.com.ar\/?p=18703#primaryimage\"},\"thumbnailUrl\":\"https:\/\/nuevodigitaldeescobar.com.ar\/wp-content\/uploads\/2024\/04\/anses-e1712624068278.jpg\",\"articleSection\":[\"Inter\u00e9s general\"],\"inLanguage\":\"es\",\"potentialAction\":[{\"@type\":\"CommentAction\",\"name\":\"Comment\",\"target\":[\"https:\/\/nuevodigitaldeescobar.com.ar\/?p=18703#respond\"]}]},{\"@type\":\"WebPage\",\"@id\":\"https:\/\/nuevodigitaldeescobar.com.ar\/?p=18703\",\"url\":\"https:\/\/nuevodigitaldeescobar.com.ar\/?p=18703\",\"name\":\"ANSES - Calendario de pagos de noviembre para jubilaciones, pensiones y asignaciones - Nuevo Digital de Escobar\",\"isPartOf\":{\"@id\":\"https:\/\/nuevodigitaldeescobar.com.ar\/#website\"},\"primaryImageOfPage\":{\"@id\":\"https:\/\/nuevodigitaldeescobar.com.ar\/?p=18703#primaryimage\"},\"image\":{\"@id\":\"https:\/\/nuevodigitaldeescobar.com.ar\/?p=18703#primaryimage\"},\"thumbnailUrl\":\"https:\/\/nuevodigitaldeescobar.com.ar\/wp-content\/uploads\/2024\/04\/anses-e1712624068278.jpg\",\"datePublished\":\"2025-11-01T15:09:50+00:00\",\"dateModified\":\"2025-11-01T15:10:21+00:00\",\"breadcrumb\":{\"@id\":\"https:\/\/nuevodigitaldeescobar.com.ar\/?p=18703#breadcrumb\"},\"inLanguage\":\"es\",\"potentialAction\":[{\"@type\":\"ReadAction\",\"target\":[\"https:\/\/nuevodigitaldeescobar.com.ar\/?p=18703\"]}]},{\"@type\":\"ImageObject\",\"inLanguage\":\"es\",\"@id\":\"https:\/\/nuevodigitaldeescobar.com.ar\/?p=18703#primaryimage\",\"url\":\"https:\/\/nuevodigitaldeescobar.com.ar\/wp-content\/uploads\/2024\/04\/anses-e1712624068278.jpg\",\"contentUrl\":\"https:\/\/nuevodigitaldeescobar.com.ar\/wp-content\/uploads\/2024\/04\/anses-e1712624068278.jpg\",\"width\":720,\"height\":405},{\"@type\":\"BreadcrumbList\",\"@id\":\"https:\/\/nuevodigitaldeescobar.com.ar\/?p=18703#breadcrumb\",\"itemListElement\":[{\"@type\":\"ListItem\",\"position\":1,\"name\":\"Portada\",\"item\":\"https:\/\/nuevodigitaldeescobar.com.ar\/\"},{\"@type\":\"ListItem\",\"position\":2,\"name\":\"ANSES &#8211; Calendario de pagos de noviembre para jubilaciones, pensiones y asignaciones\"}]},{\"@type\":\"WebSite\",\"@id\":\"https:\/\/nuevodigitaldeescobar.com.ar\/#website\",\"url\":\"https:\/\/nuevodigitaldeescobar.com.ar\/\",\"name\":\"Nuevo Digital de Escobar\",\"description\":\"La vida escobarense. Directora: Rosana Brunner\",\"publisher\":{\"@id\":\"https:\/\/nuevodigitaldeescobar.com.ar\/#organization\"},\"potentialAction\":[{\"@type\":\"SearchAction\",\"target\":{\"@type\":\"EntryPoint\",\"urlTemplate\":\"https:\/\/nuevodigitaldeescobar.com.ar\/?s={search_term_string}\"},\"query-input\":{\"@type\":\"PropertyValueSpecification\",\"valueRequired\":true,\"valueName\":\"search_term_string\"}}],\"inLanguage\":\"es\"},{\"@type\":\"Organization\",\"@id\":\"https:\/\/nuevodigitaldeescobar.com.ar\/#organization\",\"name\":\"Nuevo Digital de Escobar\",\"url\":\"https:\/\/nuevodigitaldeescobar.com.ar\/\",\"logo\":{\"@type\":\"ImageObject\",\"inLanguage\":\"es\",\"@id\":\"https:\/\/nuevodigitaldeescobar.com.ar\/#\/schema\/logo\/image\/\",\"url\":\"https:\/\/nuevodigitaldeescobar.com.ar\/wp-content\/uploads\/2025\/05\/cropped-logo-nuevo2.jpg\",\"contentUrl\":\"https:\/\/nuevodigitaldeescobar.com.ar\/wp-content\/uploads\/2025\/05\/cropped-logo-nuevo2.jpg\",\"width\":305,\"height\":305,\"caption\":\"Nuevo Digital de Escobar\"},\"image\":{\"@id\":\"https:\/\/nuevodigitaldeescobar.com.ar\/#\/schema\/logo\/image\/\"},\"sameAs\":[\"https:\/\/www.facebook.com\/NUEVODigitalDeEscobar\",\"https:\/\/x.com\/nuevodigescobar\",\"https:\/\/www.instagram.com\/nuevodigitaldeescobar\"]},{\"@type\":\"Person\",\"@id\":\"https:\/\/nuevodigitaldeescobar.com.ar\/#\/schema\/person\/035e90a8efe9a80e6eec22656ad6ea4c\",\"name\":\"Redacci\u00f3n\",\"image\":{\"@type\":\"ImageObject\",\"inLanguage\":\"es\",\"@id\":\"https:\/\/nuevodigitaldeescobar.com.ar\/#\/schema\/person\/image\/\",\"url\":\"https:\/\/secure.gravatar.com\/avatar\/8af8f40000c24e9eef3034f2be5998a372bb1389e64b1a4a36b3a7979142220d?s=96&d=mm&r=g\",\"contentUrl\":\"https:\/\/secure.gravatar.com\/avatar\/8af8f40000c24e9eef3034f2be5998a372bb1389e64b1a4a36b3a7979142220d?s=96&d=mm&r=g\",\"caption\":\"Redacci\u00f3n\"},\"sameAs\":[\"http:\/\/nuevodigitaldeescobar.com.ar\"],\"url\":\"https:\/\/nuevodigitaldeescobar.com.ar\/?author=1\"}]}<\/script>\n<!-- \/ Yoast SEO plugin. -->","yoast_head_json":{"title":"ANSES - Calendario de pagos de noviembre para jubilaciones, pensiones y asignaciones - Nuevo Digital de Escobar","robots":{"index":"index","follow":"follow","max-snippet":"max-snippet:-1","max-image-preview":"max-image-preview:large","max-video-preview":"max-video-preview:-1"},"canonical":"https:\/\/nuevodigitaldeescobar.com.ar\/?p=18703","og_locale":"es_ES","og_type":"article","og_title":"ANSES - Calendario de pagos de noviembre para jubilaciones, pensiones y asignaciones - Nuevo Digital de Escobar","og_description":"La Administraci\u00f3n Nacional de la Seguridad Social (ANSES) anunci\u00f3 el cronograma completo de pagos correspondiente al mes de noviembre para jubilados, pensionados y titulares de [&hellip;]","og_url":"https:\/\/nuevodigitaldeescobar.com.ar\/?p=18703","og_site_name":"Nuevo Digital de Escobar","article_publisher":"https:\/\/www.facebook.com\/NUEVODigitalDeEscobar","article_published_time":"2025-11-01T15:09:50+00:00","article_modified_time":"2025-11-01T15:10:21+00:00","og_image":[{"width":720,"height":405,"url":"http:\/\/nuevodigitaldeescobar.com.ar\/wp-content\/uploads\/2024\/04\/anses-e1712624068278.jpg","type":"image\/jpeg"}],"author":"Redacci\u00f3n","twitter_card":"summary_large_image","twitter_creator":"@nuevodigescobar","twitter_site":"@nuevodigescobar","twitter_misc":{"Escrito por":"Redacci\u00f3n","Tiempo de lectura":"3 minutos"},"schema":{"@context":"https:\/\/schema.org","@graph":[{"@type":"Article","@id":"https:\/\/nuevodigitaldeescobar.com.ar\/?p=18703#article","isPartOf":{"@id":"https:\/\/nuevodigitaldeescobar.com.ar\/?p=18703"},"author":{"name":"Redacci\u00f3n","@id":"https:\/\/nuevodigitaldeescobar.com.ar\/#\/schema\/person\/035e90a8efe9a80e6eec22656ad6ea4c"},"headline":"ANSES &#8211; Calendario de pagos de noviembre para jubilaciones, pensiones y asignaciones","datePublished":"2025-11-01T15:09:50+00:00","dateModified":"2025-11-01T15:10:21+00:00","mainEntityOfPage":{"@id":"https:\/\/nuevodigitaldeescobar.com.ar\/?p=18703"},"wordCount":399,"commentCount":0,"publisher":{"@id":"https:\/\/nuevodigitaldeescobar.com.ar\/#organization"},"image":{"@id":"https:\/\/nuevodigitaldeescobar.com.ar\/?p=18703#primaryimage"},"thumbnailUrl":"https:\/\/nuevodigitaldeescobar.com.ar\/wp-content\/uploads\/2024\/04\/anses-e1712624068278.jpg","articleSection":["Inter\u00e9s general"],"inLanguage":"es","potentialAction":[{"@type":"CommentAction","name":"Comment","target":["https:\/\/nuevodigitaldeescobar.com.ar\/?p=18703#respond"]}]},{"@type":"WebPage","@id":"https:\/\/nuevodigitaldeescobar.com.ar\/?p=18703","url":"https:\/\/nuevodigitaldeescobar.com.ar\/?p=18703","name":"ANSES - Calendario de pagos de noviembre para jubilaciones, pensiones y asignaciones - Nuevo Digital de Escobar","isPartOf":{"@id":"https:\/\/nuevodigitaldeescobar.com.ar\/#website"},"primaryImageOfPage":{"@id":"https:\/\/nuevodigitaldeescobar.com.ar\/?p=18703#primaryimage"},"image":{"@id":"https:\/\/nuevodigitaldeescobar.com.ar\/?p=18703#primaryimage"},"thumbnailUrl":"https:\/\/nuevodigitaldeescobar.com.ar\/wp-content\/uploads\/2024\/04\/anses-e1712624068278.jpg","datePublished":"2025-11-01T15:09:50+00:00","dateModified":"2025-11-01T15:10:21+00:00","breadcrumb":{"@id":"https:\/\/nuevodigitaldeescobar.com.ar\/?p=18703#breadcrumb"},"inLanguage":"es","potentialAction":[{"@type":"ReadAction","target":["https:\/\/nuevodigitaldeescobar.com.ar\/?p=18703"]}]},{"@type":"ImageObject","inLanguage":"es","@id":"https:\/\/nuevodigitaldeescobar.com.ar\/?p=18703#primaryimage","url":"https:\/\/nuevodigitaldeescobar.com.ar\/wp-content\/uploads\/2024\/04\/anses-e1712624068278.jpg","contentUrl":"https:\/\/nuevodigitaldeescobar.com.ar\/wp-content\/uploads\/2024\/04\/anses-e1712624068278.jpg","width":720,"height":405},{"@type":"BreadcrumbList","@id":"https:\/\/nuevodigitaldeescobar.com.ar\/?p=18703#breadcrumb","itemListElement":[{"@type":"ListItem","position":1,"name":"Portada","item":"https:\/\/nuevodigitaldeescobar.com.ar\/"},{"@type":"ListItem","position":2,"name":"ANSES &#8211; Calendario de pagos de noviembre para jubilaciones, pensiones y asignaciones"}]},{"@type":"WebSite","@id":"https:\/\/nuevodigitaldeescobar.com.ar\/#website","url":"https:\/\/nuevodigitaldeescobar.com.ar\/","name":"Nuevo Digital de Escobar","description":"La vida escobarense. Directora: Rosana Brunner","publisher":{"@id":"https:\/\/nuevodigitaldeescobar.com.ar\/#organization"},"potentialAction":[{"@type":"SearchAction","target":{"@type":"EntryPoint","urlTemplate":"https:\/\/nuevodigitaldeescobar.com.ar\/?s={search_term_string}"},"query-input":{"@type":"PropertyValueSpecification","valueRequired":true,"valueName":"search_term_string"}}],"inLanguage":"es"},{"@type":"Organization","@id":"https:\/\/nuevodigitaldeescobar.com.ar\/#organization","name":"Nuevo Digital de Escobar","url":"https:\/\/nuevodigitaldeescobar.com.ar\/","logo":{"@type":"ImageObject","inLanguage":"es","@id":"https:\/\/nuevodigitaldeescobar.com.ar\/#\/schema\/logo\/image\/","url":"https:\/\/nuevodigitaldeescobar.com.ar\/wp-content\/uploads\/2025\/05\/cropped-logo-nuevo2.jpg","contentUrl":"https:\/\/nuevodigitaldeescobar.com.ar\/wp-content\/uploads\/2025\/05\/cropped-logo-nuevo2.jpg","width":305,"height":305,"caption":"Nuevo Digital de Escobar"},"image":{"@id":"https:\/\/nuevodigitaldeescobar.com.ar\/#\/schema\/logo\/image\/"},"sameAs":["https:\/\/www.facebook.com\/NUEVODigitalDeEscobar","https:\/\/x.com\/nuevodigescobar","https:\/\/www.instagram.com\/nuevodigitaldeescobar"]},{"@type":"Person","@id":"https:\/\/nuevodigitaldeescobar.com.ar\/#\/schema\/person\/035e90a8efe9a80e6eec22656ad6ea4c","name":"Redacci\u00f3n","image":{"@type":"ImageObject","inLanguage":"es","@id":"https:\/\/nuevodigitaldeescobar.com.ar\/#\/schema\/person\/image\/","url":"https:\/\/secure.gravatar.com\/avatar\/8af8f40000c24e9eef3034f2be5998a372bb1389e64b1a4a36b3a7979142220d?s=96&d=mm&r=g","contentUrl":"https:\/\/secure.gravatar.com\/avatar\/8af8f40000c24e9eef3034f2be5998a372bb1389e64b1a4a36b3a7979142220d?s=96&d=mm&r=g","caption":"Redacci\u00f3n"},"sameAs":["http:\/\/nuevodigitaldeescobar.com.ar"],"url":"https:\/\/nuevodigitaldeescobar.com.ar\/?author=1"}]}},"featured_image_urls":{"full":["https:\/\/nuevodigitaldeescobar.com.ar\/wp-content\/uploads\/2024\/04\/anses-e1712624068278.jpg",720,405,false],"thumbnail":["https:\/\/nuevodigitaldeescobar.com.ar\/wp-content\/uploads\/2024\/04\/anses-150x150.jpg",150,150,true],"medium":["https:\/\/nuevodigitaldeescobar.com.ar\/wp-content\/uploads\/2024\/04\/anses-300x169.jpg",300,169,true],"medium_large":["https:\/\/nuevodigitaldeescobar.com.ar\/wp-content\/uploads\/2024\/04\/anses-e1712624068278.jpg",640,360,false],"large":["https:\/\/nuevodigitaldeescobar.com.ar\/wp-content\/uploads\/2024\/04\/anses-e1712624068278.jpg",640,360,false],"1536x1536":["https:\/\/nuevodigitaldeescobar.com.ar\/wp-content\/uploads\/2024\/04\/anses-e1712624068278.jpg",720,405,false],"2048x2048":["https:\/\/nuevodigitaldeescobar.com.ar\/wp-content\/uploads\/2024\/04\/anses-e1712624068278.jpg",720,405,false]},"author_info":{"display_name":"Redacci\u00f3n","author_link":"https:\/\/nuevodigitaldeescobar.com.ar\/?author=1"},"category_info":"<a href=\"https:\/\/nuevodigitaldeescobar.com.ar\/?cat=7\" rel=\"category\">Inter\u00e9s general<\/a>","tag_info":"Inter\u00e9s general","comment_count":"0","_links":{"self":[{"href":"https:\/\/nuevodigitaldeescobar.com.ar\/index.php?rest_route=\/wp\/v2\/posts\/18703","targetHints":{"allow":["GET"]}}],"collection":[{"href":"https:\/\/nuevodigitaldeescobar.com.ar\/index.php?rest_route=\/wp\/v2\/posts"}],"about":[{"href":"https:\/\/nuevodigitaldeescobar.com.ar\/index.php?rest_route=\/wp\/v2\/types\/post"}],"author":[{"embeddable":true,"href":"https:\/\/nuevodigitaldeescobar.com.ar\/index.php?rest_route=\/wp\/v2\/users\/1"}],"replies":[{"embeddable":true,"href":"https:\/\/nuevodigitaldeescobar.com.ar\/index.php?rest_route=%2Fwp%2Fv2%2Fcomments&post=18703"}],"version-history":[{"count":1,"href":"https:\/\/nuevodigitaldeescobar.com.ar\/index.php?rest_route=\/wp\/v2\/posts\/18703\/revisions"}],"predecessor-version":[{"id":18704,"href":"https:\/\/nuevodigitaldeescobar.com.ar\/index.php?rest_route=\/wp\/v2\/posts\/18703\/revisions\/18704"}],"wp:featuredmedia":[{"embeddable":true,"href":"https:\/\/nuevodigitaldeescobar.com.ar\/index.php?rest_route=\/wp\/v2\/media\/4734"}],"wp:attachment":[{"href":"https:\/\/nuevodigitaldeescobar.com.ar\/index.php?rest_route=%2Fwp%2Fv2%2Fmedia&parent=18703"}],"wp:term":[{"taxonomy":"category","embeddable":true,"href":"https:\/\/nuevodigitaldeescobar.com.ar\/index.php?rest_route=%2Fwp%2Fv2%2Fcategories&post=18703"},{"taxonomy":"post_tag","embeddable":true,"href":"https:\/\/nuevodigitaldeescobar.com.ar\/index.php?rest_route=%2Fwp%2Fv2%2Ftags&post=18703"}],"curies":[{"name":"wp","href":"https:\/\/api.w.org\/{rel}","templated":true}]}}