{"id":18707,"date":"2025-11-02T00:16:00","date_gmt":"2025-11-02T03:16:00","guid":{"rendered":"https:\/\/nuevodigitaldeescobar.com.ar\/?p=18707"},"modified":"2025-11-02T11:40:39","modified_gmt":"2025-11-02T14:40:39","slug":"preocupacion-en-la-provincia-por-el-aumento-de-jardines-truchos-alertan-sobre-graves-riesgos-para-los-ninos","status":"publish","type":"post","link":"https:\/\/nuevodigitaldeescobar.com.ar\/?p=18707","title":{"rendered":"Preocupaci\u00f3n en la Provincia por el aumento de \u201cjardines truchos\u201d: alertan sobre graves riesgos para los ni\u00f1os"},"content":{"rendered":"\n<p class=\"has-vivid-cyan-blue-color has-text-color has-link-color wp-elements-09c4b635a79cfbd3c89d63a9e96f67f0\"><strong><em>La Asociaci\u00f3n de Institutos de Ense\u00f1anza Privada de Buenos Aires (AIEPBA) encendi\u00f3 una luz de alarma ante el crecimiento sostenido de jardines de infantes no habilitados en distintos puntos del territorio bonaerense.<br>Estos espacios, que funcionan sin reconocimiento oficial ni supervisi\u00f3n estatal, se presentan ante las familias como instituciones educativas, pero ponen en riesgo la seguridad, la educaci\u00f3n y los derechos de miles de ni\u00f1os y ni\u00f1as.<\/em><\/strong><\/p>\n\n\n\n<!--more-->\n\n\n\n<p>Seg\u00fan un relevamiento de la entidad, <strong>solo en la zona de La Plata, Brandsen, Magdalena, Berisso, Ensenada y Punta Indio se detectaron m\u00e1s de 100 jardines ilegales<\/strong>. En <strong>Avellaneda, Lan\u00fas y Lomas de Zamora<\/strong> se registraron al menos 20, mientras que en <strong>Quilmes, Berazategui y Florencio Varela<\/strong>, otros 8.<br>En la regi\u00f3n oeste del Conurbano \u2014que incluye <strong>San Mart\u00edn, Villa Ballester, Tres de Febrero y Hurlingham<\/strong>\u2014 se identificaron <strong>m\u00e1s de una docena de establecimientos<\/strong> sin la habilitaci\u00f3n correspondiente.<\/p>\n\n\n\n<hr class=\"wp-block-separator has-alpha-channel-opacity\"\/>\n\n\n\n<h3 class=\"wp-block-heading has-text-color has-link-color wp-elements-97b6c985146d6619d441f5a28e9ef61b\" style=\"color:#1339ab\">Los riesgos de dejar a un ni\u00f1o en un jard\u00edn no habilitado<\/h3>\n\n\n\n<p>Desde AIEPBA explican que muchos de estos lugares <strong>reciben ni\u00f1os desde un a\u00f1o hasta los cinco<\/strong>, incluso en las salas de <strong>4 y 5 a\u00f1os<\/strong>, que forman parte de la <strong>educaci\u00f3n obligatoria<\/strong> en la provincia.<\/p>\n\n\n\n<blockquote class=\"wp-block-quote is-layout-flow wp-block-quote-is-layout-flow\">\n<p><em>\u201cEstos establecimientos no cuentan con personal docente titulado, supervisi\u00f3n pedag\u00f3gica ni control estatal. Nadie garantiza qu\u00e9 se ense\u00f1a, c\u00f3mo se ense\u00f1a ni qui\u00e9n lo hace\u201d<\/em>, advirti\u00f3 <strong>Mart\u00edn Zurita<\/strong>, secretario ejecutivo de la entidad.<\/p>\n<\/blockquote>\n\n\n\n<p>Adem\u00e1s, al no estar habilitados por <strong>DIEGEP (Direcci\u00f3n de Educaci\u00f3n de Gesti\u00f3n Privada)<\/strong>, <strong>no existe control sobre las condiciones edilicias, sanitarias ni de seguridad<\/strong>, lo que representa un riesgo directo para los chicos.<\/p>\n\n\n\n<p>En cambio, los jardines reconocidos deben acreditar:<\/p>\n\n\n\n<ul class=\"wp-block-list\">\n<li><strong>Edificios inspeccionados y seguros<\/strong> (salidas de emergencia, electricidad y gas en condiciones, agua potable y sanitarios adecuados).<\/li>\n\n\n\n<li><strong>Personal docente con t\u00edtulo habilitante.<\/strong><\/li>\n\n\n\n<li><strong>Protocolos de salud, higiene y emergencia.<\/strong><\/li>\n\n\n\n<li><strong>Proyecto educativo oficial<\/strong> que garantice la continuidad pedag\u00f3gica.<\/li>\n<\/ul>\n\n\n\n<hr class=\"wp-block-separator has-alpha-channel-opacity\"\/>\n\n\n\n<h3 class=\"wp-block-heading has-text-color has-link-color wp-elements-00245c1238062ea38e16cc78c3955b06\" style=\"color:#1339ab\">Vulneraci\u00f3n de derechos y desprotecci\u00f3n familiar<\/h3>\n\n\n\n<p>La situaci\u00f3n preocupa no solo por el enga\u00f1o a las familias, sino tambi\u00e9n por la <strong>falta total de responsabilidad institucional<\/strong>.<br>En los llamados \u201cjardines truchos\u201d, las trayectorias educativas <strong>no son v\u00e1lidas ni registradas oficialmente<\/strong>, y ante un accidente o irregularidad, <strong>las familias no pueden reclamar ante la Direcci\u00f3n General de Escuelas ni cuentan con cobertura asegurada<\/strong>.<\/p>\n\n\n\n<blockquote class=\"wp-block-quote is-layout-flow wp-block-quote-is-layout-flow\">\n<p><em>\u201cEl reconocimiento oficial no es una formalidad: es una garant\u00eda del derecho de los ni\u00f1os a recibir educaci\u00f3n de calidad\u201d<\/em>, subray\u00f3 Zurita.<\/p>\n<\/blockquote>\n\n\n\n<p>AIEPBA tambi\u00e9n advirti\u00f3 que muchos de estos lugares <strong>imitan nombres, logos o carteler\u00eda de instituciones reales<\/strong>, confundiendo a las familias y <strong>generando competencia desleal<\/strong> con los jardines que s\u00ed cumplen todas las normativas.<\/p>\n\n\n\n<hr class=\"wp-block-separator has-alpha-channel-opacity\"\/>\n\n\n\n<h3 class=\"wp-block-heading has-text-color has-link-color wp-elements-31d6b4181039c68d0dbe56f483a157aa\" style=\"color:#1339ab\">C\u00f3mo verificar si un jard\u00edn est\u00e1 habilitado<\/h3>\n\n\n\n<p>Antes de inscribir a un ni\u00f1o o ni\u00f1a, las familias pueden solicitar el <strong>n\u00famero de DIEGEP<\/strong> o consultar directamente en la p\u00e1gina oficial del organismo para confirmar la habilitaci\u00f3n del establecimiento.<\/p>\n\n\n\n<blockquote class=\"wp-block-quote is-layout-flow wp-block-quote-is-layout-flow\">\n<p><em>\u201cElegir un jard\u00edn reconocido no es una formalidad: es una forma de cuidar a sus hijos. Porque educar tambi\u00e9n es cuidar, y el cuidado comienza eligiendo con responsabilidad\u201d<\/em>, remarcaron desde AIEPBA.<\/p>\n<\/blockquote>\n\n\n\n<hr class=\"wp-block-separator has-alpha-channel-opacity\"\/>\n\n\n\n<h3 class=\"wp-block-heading has-text-color has-link-color wp-elements-a51a616d58d0bfbd93177d2997a7064c\" style=\"color:#1339ab\">\ud83e\uddfe Checklist para las familias:<\/h3>\n\n\n\n<p>\u2705 Pedir el n\u00famero de <strong>DIEGEP<\/strong> del establecimiento.<br>\u2705 Confirmar que el personal tenga <strong>t\u00edtulo docente habilitante<\/strong>.<br>\u2705 Verificar que el edificio cuente con <strong>medidas de seguridad<\/strong>.<br>\u2705 Consultar si el jard\u00edn tiene <strong>proyecto pedag\u00f3gico oficial<\/strong>.<br>\u2705 Desconfiar de instituciones que no entreguen documentaci\u00f3n oficial.<\/p>\n","protected":false},"excerpt":{"rendered":"<p>La Asociaci\u00f3n de Institutos de Ense\u00f1anza Privada de Buenos Aires (AIEPBA) encendi\u00f3 una luz de alarma ante el crecimiento sostenido de jardines de infantes no [&hellip;]<\/p>\n","protected":false},"author":1,"featured_media":13925,"comment_status":"open","ping_status":"open","sticky":false,"template":"","format":"standard","meta":{"footnotes":""},"categories":[4],"tags":[],"class_list":["post-18707","post","type-post","status-publish","format-standard","has-post-thumbnail","hentry","category-educacion"],"better_featured_image":{"id":13925,"alt_text":"","caption":"","description":"","media_type":"image","media_details":{"width":960,"height":670,"file":"2025\/04\/AIEPA-e1762094417684.jpg","filesize":28496,"sizes":{"medium":{"file":"AIEPA-e1762094417684-300x209.jpg","width":300,"height":209,"mime-type":"image\/jpeg","filesize":7985,"source_url":"https:\/\/nuevodigitaldeescobar.com.ar\/wp-content\/uploads\/2025\/04\/AIEPA-e1762094417684-300x209.jpg"},"thumbnail":{"file":"AIEPA-e1762094417684-150x150.jpg","width":150,"height":150,"mime-type":"image\/jpeg","filesize":4428,"source_url":"https:\/\/nuevodigitaldeescobar.com.ar\/wp-content\/uploads\/2025\/04\/AIEPA-e1762094417684-150x150.jpg"},"medium_large":{"file":"AIEPA-e1762094417684-768x536.jpg","width":768,"height":536,"mime-type":"image\/jpeg","filesize":24340,"source_url":"https:\/\/nuevodigitaldeescobar.com.ar\/wp-content\/uploads\/2025\/04\/AIEPA-e1762094417684-768x536.jpg"}},"image_meta":{"aperture":"0","credit":"","camera":"","caption":"","created_timestamp":"0","copyright":"","focal_length":"0","iso":"0","shutter_speed":"0","title":"","orientation":"0","keywords":[]}},"post":13924,"source_url":"https:\/\/nuevodigitaldeescobar.com.ar\/wp-content\/uploads\/2025\/04\/AIEPA-e1762094417684.jpg"},"yoast_head":"<!-- This site is optimized with the Yoast SEO plugin v26.1.1 - https:\/\/yoast.com\/wordpress\/plugins\/seo\/ -->\n<title>Preocupaci\u00f3n en la Provincia por el aumento de \u201cjardines truchos\u201d: alertan sobre graves riesgos para los ni\u00f1os - Nuevo Digital de Escobar<\/title>\n<meta name=\"robots\" content=\"index, follow, max-snippet:-1, max-image-preview:large, max-video-preview:-1\" \/>\n<link rel=\"canonical\" href=\"https:\/\/nuevodigitaldeescobar.com.ar\/?p=18707\" \/>\n<meta property=\"og:locale\" content=\"es_ES\" \/>\n<meta property=\"og:type\" content=\"article\" \/>\n<meta property=\"og:title\" content=\"Preocupaci\u00f3n en la Provincia por el aumento de \u201cjardines truchos\u201d: alertan sobre graves riesgos para los ni\u00f1os - Nuevo Digital de Escobar\" \/>\n<meta property=\"og:description\" content=\"La Asociaci\u00f3n de Institutos de Ense\u00f1anza Privada de Buenos Aires (AIEPBA) encendi\u00f3 una luz de alarma ante el crecimiento sostenido de jardines de infantes no [&hellip;]\" \/>\n<meta property=\"og:url\" content=\"https:\/\/nuevodigitaldeescobar.com.ar\/?p=18707\" \/>\n<meta property=\"og:site_name\" content=\"Nuevo Digital de Escobar\" \/>\n<meta property=\"article:publisher\" content=\"https:\/\/www.facebook.com\/NUEVODigitalDeEscobar\" \/>\n<meta property=\"article:published_time\" content=\"2025-11-02T03:16:00+00:00\" \/>\n<meta property=\"article:modified_time\" content=\"2025-11-02T14:40:39+00:00\" \/>\n<meta property=\"og:image\" content=\"http:\/\/nuevodigitaldeescobar.com.ar\/wp-content\/uploads\/2025\/04\/AIEPA-e1762094417684.jpg\" \/>\n\t<meta property=\"og:image:width\" content=\"960\" \/>\n\t<meta property=\"og:image:height\" content=\"670\" \/>\n\t<meta property=\"og:image:type\" content=\"image\/jpeg\" \/>\n<meta name=\"author\" content=\"Redacci\u00f3n\" \/>\n<meta name=\"twitter:card\" content=\"summary_large_image\" \/>\n<meta name=\"twitter:creator\" content=\"@nuevodigescobar\" \/>\n<meta name=\"twitter:site\" content=\"@nuevodigescobar\" \/>\n<meta name=\"twitter:label1\" content=\"Escrito por\" \/>\n\t<meta name=\"twitter:data1\" content=\"Redacci\u00f3n\" \/>\n\t<meta name=\"twitter:label2\" content=\"Tiempo de lectura\" \/>\n\t<meta name=\"twitter:data2\" content=\"3 minutos\" \/>\n<script type=\"application\/ld+json\" class=\"yoast-schema-graph\">{\"@context\":\"https:\/\/schema.org\",\"@graph\":[{\"@type\":\"Article\",\"@id\":\"https:\/\/nuevodigitaldeescobar.com.ar\/?p=18707#article\",\"isPartOf\":{\"@id\":\"https:\/\/nuevodigitaldeescobar.com.ar\/?p=18707\"},\"author\":{\"name\":\"Redacci\u00f3n\",\"@id\":\"https:\/\/nuevodigitaldeescobar.com.ar\/#\/schema\/person\/035e90a8efe9a80e6eec22656ad6ea4c\"},\"headline\":\"Preocupaci\u00f3n en la Provincia por el aumento de \u201cjardines truchos\u201d: alertan sobre graves riesgos para los ni\u00f1os\",\"datePublished\":\"2025-11-02T03:16:00+00:00\",\"dateModified\":\"2025-11-02T14:40:39+00:00\",\"mainEntityOfPage\":{\"@id\":\"https:\/\/nuevodigitaldeescobar.com.ar\/?p=18707\"},\"wordCount\":603,\"commentCount\":0,\"publisher\":{\"@id\":\"https:\/\/nuevodigitaldeescobar.com.ar\/#organization\"},\"image\":{\"@id\":\"https:\/\/nuevodigitaldeescobar.com.ar\/?p=18707#primaryimage\"},\"thumbnailUrl\":\"https:\/\/nuevodigitaldeescobar.com.ar\/wp-content\/uploads\/2025\/04\/AIEPA-e1762094417684.jpg\",\"articleSection\":[\"Educaci\u00f3n\"],\"inLanguage\":\"es\",\"potentialAction\":[{\"@type\":\"CommentAction\",\"name\":\"Comment\",\"target\":[\"https:\/\/nuevodigitaldeescobar.com.ar\/?p=18707#respond\"]}]},{\"@type\":\"WebPage\",\"@id\":\"https:\/\/nuevodigitaldeescobar.com.ar\/?p=18707\",\"url\":\"https:\/\/nuevodigitaldeescobar.com.ar\/?p=18707\",\"name\":\"Preocupaci\u00f3n en la Provincia por el aumento de \u201cjardines truchos\u201d: alertan sobre graves riesgos para los ni\u00f1os - Nuevo Digital de Escobar\",\"isPartOf\":{\"@id\":\"https:\/\/nuevodigitaldeescobar.com.ar\/#website\"},\"primaryImageOfPage\":{\"@id\":\"https:\/\/nuevodigitaldeescobar.com.ar\/?p=18707#primaryimage\"},\"image\":{\"@id\":\"https:\/\/nuevodigitaldeescobar.com.ar\/?p=18707#primaryimage\"},\"thumbnailUrl\":\"https:\/\/nuevodigitaldeescobar.com.ar\/wp-content\/uploads\/2025\/04\/AIEPA-e1762094417684.jpg\",\"datePublished\":\"2025-11-02T03:16:00+00:00\",\"dateModified\":\"2025-11-02T14:40:39+00:00\",\"breadcrumb\":{\"@id\":\"https:\/\/nuevodigitaldeescobar.com.ar\/?p=18707#breadcrumb\"},\"inLanguage\":\"es\",\"potentialAction\":[{\"@type\":\"ReadAction\",\"target\":[\"https:\/\/nuevodigitaldeescobar.com.ar\/?p=18707\"]}]},{\"@type\":\"ImageObject\",\"inLanguage\":\"es\",\"@id\":\"https:\/\/nuevodigitaldeescobar.com.ar\/?p=18707#primaryimage\",\"url\":\"https:\/\/nuevodigitaldeescobar.com.ar\/wp-content\/uploads\/2025\/04\/AIEPA-e1762094417684.jpg\",\"contentUrl\":\"https:\/\/nuevodigitaldeescobar.com.ar\/wp-content\/uploads\/2025\/04\/AIEPA-e1762094417684.jpg\",\"width\":960,\"height\":670},{\"@type\":\"BreadcrumbList\",\"@id\":\"https:\/\/nuevodigitaldeescobar.com.ar\/?p=18707#breadcrumb\",\"itemListElement\":[{\"@type\":\"ListItem\",\"position\":1,\"name\":\"Portada\",\"item\":\"https:\/\/nuevodigitaldeescobar.com.ar\/\"},{\"@type\":\"ListItem\",\"position\":2,\"name\":\"Preocupaci\u00f3n en la Provincia por el aumento de \u201cjardines truchos\u201d: alertan sobre graves riesgos para los ni\u00f1os\"}]},{\"@type\":\"WebSite\",\"@id\":\"https:\/\/nuevodigitaldeescobar.com.ar\/#website\",\"url\":\"https:\/\/nuevodigitaldeescobar.com.ar\/\",\"name\":\"Nuevo Digital de Escobar\",\"description\":\"La vida escobarense. Directora: Rosana Brunner\",\"publisher\":{\"@id\":\"https:\/\/nuevodigitaldeescobar.com.ar\/#organization\"},\"potentialAction\":[{\"@type\":\"SearchAction\",\"target\":{\"@type\":\"EntryPoint\",\"urlTemplate\":\"https:\/\/nuevodigitaldeescobar.com.ar\/?s={search_term_string}\"},\"query-input\":{\"@type\":\"PropertyValueSpecification\",\"valueRequired\":true,\"valueName\":\"search_term_string\"}}],\"inLanguage\":\"es\"},{\"@type\":\"Organization\",\"@id\":\"https:\/\/nuevodigitaldeescobar.com.ar\/#organization\",\"name\":\"Nuevo Digital de Escobar\",\"url\":\"https:\/\/nuevodigitaldeescobar.com.ar\/\",\"logo\":{\"@type\":\"ImageObject\",\"inLanguage\":\"es\",\"@id\":\"https:\/\/nuevodigitaldeescobar.com.ar\/#\/schema\/logo\/image\/\",\"url\":\"https:\/\/nuevodigitaldeescobar.com.ar\/wp-content\/uploads\/2025\/05\/cropped-logo-nuevo2.jpg\",\"contentUrl\":\"https:\/\/nuevodigitaldeescobar.com.ar\/wp-content\/uploads\/2025\/05\/cropped-logo-nuevo2.jpg\",\"width\":305,\"height\":305,\"caption\":\"Nuevo Digital de Escobar\"},\"image\":{\"@id\":\"https:\/\/nuevodigitaldeescobar.com.ar\/#\/schema\/logo\/image\/\"},\"sameAs\":[\"https:\/\/www.facebook.com\/NUEVODigitalDeEscobar\",\"https:\/\/x.com\/nuevodigescobar\",\"https:\/\/www.instagram.com\/nuevodigitaldeescobar\"]},{\"@type\":\"Person\",\"@id\":\"https:\/\/nuevodigitaldeescobar.com.ar\/#\/schema\/person\/035e90a8efe9a80e6eec22656ad6ea4c\",\"name\":\"Redacci\u00f3n\",\"image\":{\"@type\":\"ImageObject\",\"inLanguage\":\"es\",\"@id\":\"https:\/\/nuevodigitaldeescobar.com.ar\/#\/schema\/person\/image\/\",\"url\":\"https:\/\/secure.gravatar.com\/avatar\/8af8f40000c24e9eef3034f2be5998a372bb1389e64b1a4a36b3a7979142220d?s=96&d=mm&r=g\",\"contentUrl\":\"https:\/\/secure.gravatar.com\/avatar\/8af8f40000c24e9eef3034f2be5998a372bb1389e64b1a4a36b3a7979142220d?s=96&d=mm&r=g\",\"caption\":\"Redacci\u00f3n\"},\"sameAs\":[\"http:\/\/nuevodigitaldeescobar.com.ar\"],\"url\":\"https:\/\/nuevodigitaldeescobar.com.ar\/?author=1\"}]}<\/script>\n<!-- \/ Yoast SEO plugin. -->","yoast_head_json":{"title":"Preocupaci\u00f3n en la Provincia por el aumento de \u201cjardines truchos\u201d: alertan sobre graves riesgos para los ni\u00f1os - Nuevo Digital de Escobar","robots":{"index":"index","follow":"follow","max-snippet":"max-snippet:-1","max-image-preview":"max-image-preview:large","max-video-preview":"max-video-preview:-1"},"canonical":"https:\/\/nuevodigitaldeescobar.com.ar\/?p=18707","og_locale":"es_ES","og_type":"article","og_title":"Preocupaci\u00f3n en la Provincia por el aumento de \u201cjardines truchos\u201d: alertan sobre graves riesgos para los ni\u00f1os - Nuevo Digital de Escobar","og_description":"La Asociaci\u00f3n de Institutos de Ense\u00f1anza Privada de Buenos Aires (AIEPBA) encendi\u00f3 una luz de alarma ante el crecimiento sostenido de jardines de infantes no [&hellip;]","og_url":"https:\/\/nuevodigitaldeescobar.com.ar\/?p=18707","og_site_name":"Nuevo Digital de Escobar","article_publisher":"https:\/\/www.facebook.com\/NUEVODigitalDeEscobar","article_published_time":"2025-11-02T03:16:00+00:00","article_modified_time":"2025-11-02T14:40:39+00:00","og_image":[{"width":960,"height":670,"url":"http:\/\/nuevodigitaldeescobar.com.ar\/wp-content\/uploads\/2025\/04\/AIEPA-e1762094417684.jpg","type":"image\/jpeg"}],"author":"Redacci\u00f3n","twitter_card":"summary_large_image","twitter_creator":"@nuevodigescobar","twitter_site":"@nuevodigescobar","twitter_misc":{"Escrito por":"Redacci\u00f3n","Tiempo de lectura":"3 minutos"},"schema":{"@context":"https:\/\/schema.org","@graph":[{"@type":"Article","@id":"https:\/\/nuevodigitaldeescobar.com.ar\/?p=18707#article","isPartOf":{"@id":"https:\/\/nuevodigitaldeescobar.com.ar\/?p=18707"},"author":{"name":"Redacci\u00f3n","@id":"https:\/\/nuevodigitaldeescobar.com.ar\/#\/schema\/person\/035e90a8efe9a80e6eec22656ad6ea4c"},"headline":"Preocupaci\u00f3n en la Provincia por el aumento de \u201cjardines truchos\u201d: alertan sobre graves riesgos para los ni\u00f1os","datePublished":"2025-11-02T03:16:00+00:00","dateModified":"2025-11-02T14:40:39+00:00","mainEntityOfPage":{"@id":"https:\/\/nuevodigitaldeescobar.com.ar\/?p=18707"},"wordCount":603,"commentCount":0,"publisher":{"@id":"https:\/\/nuevodigitaldeescobar.com.ar\/#organization"},"image":{"@id":"https:\/\/nuevodigitaldeescobar.com.ar\/?p=18707#primaryimage"},"thumbnailUrl":"https:\/\/nuevodigitaldeescobar.com.ar\/wp-content\/uploads\/2025\/04\/AIEPA-e1762094417684.jpg","articleSection":["Educaci\u00f3n"],"inLanguage":"es","potentialAction":[{"@type":"CommentAction","name":"Comment","target":["https:\/\/nuevodigitaldeescobar.com.ar\/?p=18707#respond"]}]},{"@type":"WebPage","@id":"https:\/\/nuevodigitaldeescobar.com.ar\/?p=18707","url":"https:\/\/nuevodigitaldeescobar.com.ar\/?p=18707","name":"Preocupaci\u00f3n en la Provincia por el aumento de \u201cjardines truchos\u201d: alertan sobre graves riesgos para los ni\u00f1os - Nuevo Digital de Escobar","isPartOf":{"@id":"https:\/\/nuevodigitaldeescobar.com.ar\/#website"},"primaryImageOfPage":{"@id":"https:\/\/nuevodigitaldeescobar.com.ar\/?p=18707#primaryimage"},"image":{"@id":"https:\/\/nuevodigitaldeescobar.com.ar\/?p=18707#primaryimage"},"thumbnailUrl":"https:\/\/nuevodigitaldeescobar.com.ar\/wp-content\/uploads\/2025\/04\/AIEPA-e1762094417684.jpg","datePublished":"2025-11-02T03:16:00+00:00","dateModified":"2025-11-02T14:40:39+00:00","breadcrumb":{"@id":"https:\/\/nuevodigitaldeescobar.com.ar\/?p=18707#breadcrumb"},"inLanguage":"es","potentialAction":[{"@type":"ReadAction","target":["https:\/\/nuevodigitaldeescobar.com.ar\/?p=18707"]}]},{"@type":"ImageObject","inLanguage":"es","@id":"https:\/\/nuevodigitaldeescobar.com.ar\/?p=18707#primaryimage","url":"https:\/\/nuevodigitaldeescobar.com.ar\/wp-content\/uploads\/2025\/04\/AIEPA-e1762094417684.jpg","contentUrl":"https:\/\/nuevodigitaldeescobar.com.ar\/wp-content\/uploads\/2025\/04\/AIEPA-e1762094417684.jpg","width":960,"height":670},{"@type":"BreadcrumbList","@id":"https:\/\/nuevodigitaldeescobar.com.ar\/?p=18707#breadcrumb","itemListElement":[{"@type":"ListItem","position":1,"name":"Portada","item":"https:\/\/nuevodigitaldeescobar.com.ar\/"},{"@type":"ListItem","position":2,"name":"Preocupaci\u00f3n en la Provincia por el aumento de \u201cjardines truchos\u201d: alertan sobre graves riesgos para los ni\u00f1os"}]},{"@type":"WebSite","@id":"https:\/\/nuevodigitaldeescobar.com.ar\/#website","url":"https:\/\/nuevodigitaldeescobar.com.ar\/","name":"Nuevo Digital de Escobar","description":"La vida escobarense. Directora: Rosana Brunner","publisher":{"@id":"https:\/\/nuevodigitaldeescobar.com.ar\/#organization"},"potentialAction":[{"@type":"SearchAction","target":{"@type":"EntryPoint","urlTemplate":"https:\/\/nuevodigitaldeescobar.com.ar\/?s={search_term_string}"},"query-input":{"@type":"PropertyValueSpecification","valueRequired":true,"valueName":"search_term_string"}}],"inLanguage":"es"},{"@type":"Organization","@id":"https:\/\/nuevodigitaldeescobar.com.ar\/#organization","name":"Nuevo Digital de Escobar","url":"https:\/\/nuevodigitaldeescobar.com.ar\/","logo":{"@type":"ImageObject","inLanguage":"es","@id":"https:\/\/nuevodigitaldeescobar.com.ar\/#\/schema\/logo\/image\/","url":"https:\/\/nuevodigitaldeescobar.com.ar\/wp-content\/uploads\/2025\/05\/cropped-logo-nuevo2.jpg","contentUrl":"https:\/\/nuevodigitaldeescobar.com.ar\/wp-content\/uploads\/2025\/05\/cropped-logo-nuevo2.jpg","width":305,"height":305,"caption":"Nuevo Digital de Escobar"},"image":{"@id":"https:\/\/nuevodigitaldeescobar.com.ar\/#\/schema\/logo\/image\/"},"sameAs":["https:\/\/www.facebook.com\/NUEVODigitalDeEscobar","https:\/\/x.com\/nuevodigescobar","https:\/\/www.instagram.com\/nuevodigitaldeescobar"]},{"@type":"Person","@id":"https:\/\/nuevodigitaldeescobar.com.ar\/#\/schema\/person\/035e90a8efe9a80e6eec22656ad6ea4c","name":"Redacci\u00f3n","image":{"@type":"ImageObject","inLanguage":"es","@id":"https:\/\/nuevodigitaldeescobar.com.ar\/#\/schema\/person\/image\/","url":"https:\/\/secure.gravatar.com\/avatar\/8af8f40000c24e9eef3034f2be5998a372bb1389e64b1a4a36b3a7979142220d?s=96&d=mm&r=g","contentUrl":"https:\/\/secure.gravatar.com\/avatar\/8af8f40000c24e9eef3034f2be5998a372bb1389e64b1a4a36b3a7979142220d?s=96&d=mm&r=g","caption":"Redacci\u00f3n"},"sameAs":["http:\/\/nuevodigitaldeescobar.com.ar"],"url":"https:\/\/nuevodigitaldeescobar.com.ar\/?author=1"}]}},"featured_image_urls":{"full":["https:\/\/nuevodigitaldeescobar.com.ar\/wp-content\/uploads\/2025\/04\/AIEPA-e1762094417684.jpg",960,670,false],"thumbnail":["https:\/\/nuevodigitaldeescobar.com.ar\/wp-content\/uploads\/2025\/04\/AIEPA-e1762094417684-150x150.jpg",150,150,true],"medium":["https:\/\/nuevodigitaldeescobar.com.ar\/wp-content\/uploads\/2025\/04\/AIEPA-e1762094417684-300x209.jpg",300,209,true],"medium_large":["https:\/\/nuevodigitaldeescobar.com.ar\/wp-content\/uploads\/2025\/04\/AIEPA-e1762094417684-768x536.jpg",640,447,true],"large":["https:\/\/nuevodigitaldeescobar.com.ar\/wp-content\/uploads\/2025\/04\/AIEPA-e1762094417684.jpg",640,447,false],"1536x1536":["https:\/\/nuevodigitaldeescobar.com.ar\/wp-content\/uploads\/2025\/04\/AIEPA-e1762094417684.jpg",960,670,false],"2048x2048":["https:\/\/nuevodigitaldeescobar.com.ar\/wp-content\/uploads\/2025\/04\/AIEPA-e1762094417684.jpg",960,670,false]},"author_info":{"display_name":"Redacci\u00f3n","author_link":"https:\/\/nuevodigitaldeescobar.com.ar\/?author=1"},"category_info":"<a href=\"https:\/\/nuevodigitaldeescobar.com.ar\/?cat=4\" rel=\"category\">Educaci\u00f3n<\/a>","tag_info":"Educaci\u00f3n","comment_count":"0","_links":{"self":[{"href":"https:\/\/nuevodigitaldeescobar.com.ar\/index.php?rest_route=\/wp\/v2\/posts\/18707","targetHints":{"allow":["GET"]}}],"collection":[{"href":"https:\/\/nuevodigitaldeescobar.com.ar\/index.php?rest_route=\/wp\/v2\/posts"}],"about":[{"href":"https:\/\/nuevodigitaldeescobar.com.ar\/index.php?rest_route=\/wp\/v2\/types\/post"}],"author":[{"embeddable":true,"href":"https:\/\/nuevodigitaldeescobar.com.ar\/index.php?rest_route=\/wp\/v2\/users\/1"}],"replies":[{"embeddable":true,"href":"https:\/\/nuevodigitaldeescobar.com.ar\/index.php?rest_route=%2Fwp%2Fv2%2Fcomments&post=18707"}],"version-history":[{"count":1,"href":"https:\/\/nuevodigitaldeescobar.com.ar\/index.php?rest_route=\/wp\/v2\/posts\/18707\/revisions"}],"predecessor-version":[{"id":18708,"href":"https:\/\/nuevodigitaldeescobar.com.ar\/index.php?rest_route=\/wp\/v2\/posts\/18707\/revisions\/18708"}],"wp:featuredmedia":[{"embeddable":true,"href":"https:\/\/nuevodigitaldeescobar.com.ar\/index.php?rest_route=\/wp\/v2\/media\/13925"}],"wp:attachment":[{"href":"https:\/\/nuevodigitaldeescobar.com.ar\/index.php?rest_route=%2Fwp%2Fv2%2Fmedia&parent=18707"}],"wp:term":[{"taxonomy":"category","embeddable":true,"href":"https:\/\/nuevodigitaldeescobar.com.ar\/index.php?rest_route=%2Fwp%2Fv2%2Fcategories&post=18707"},{"taxonomy":"post_tag","embeddable":true,"href":"https:\/\/nuevodigitaldeescobar.com.ar\/index.php?rest_route=%2Fwp%2Fv2%2Ftags&post=18707"}],"curies":[{"name":"wp","href":"https:\/\/api.w.org\/{rel}","templated":true}]}}