{"id":18709,"date":"2025-11-01T12:57:17","date_gmt":"2025-11-01T15:57:17","guid":{"rendered":"https:\/\/nuevodigitaldeescobar.com.ar\/?p=18709"},"modified":"2025-11-01T12:57:22","modified_gmt":"2025-11-01T15:57:22","slug":"la-camara-de-empresaria-de-escobar-celebro-su-asamblea-anual-con-un-balance-positivo-y-proyeccion-de-crecimiento","status":"publish","type":"post","link":"https:\/\/nuevodigitaldeescobar.com.ar\/?p=18709","title":{"rendered":"La C\u00e1mara de Empresaria de Escobar celebr\u00f3 su Asamblea Anual con un balance positivo y proyecci\u00f3n de crecimiento"},"content":{"rendered":"\n<p class=\"has-vivid-cyan-blue-color has-text-color has-link-color wp-elements-d3fbd97a5ccb0e3a63b8e028ddafc4ab\"><strong><em>Con un mensaje de unidad, compromiso y optimismo, la La C\u00e1mara de comercio, industria y servicios de Escobar llev\u00f3 a cabo su Asamblea Anual Ordinaria, donde present\u00f3 la memoria correspondiente al per\u00edodo comprendido entre el 1\u00b0 de agosto de 2024 y el 31 de julio de 2025.<\/em><\/strong><\/p>\n\n\n\n<!--more-->\n\n\n\n<p>El encuentro reflej\u00f3 un <strong>a\u00f1o de trabajo intenso<\/strong>, en el que la instituci\u00f3n consolid\u00f3 su rol como referente del sector comercial y empresarial local, fortaleciendo lazos con los emprendedores y acompa\u00f1ando el crecimiento sostenido del distrito.<\/p>\n\n\n\n<p>Durante este per\u00edodo, la C\u00e1mara centr\u00f3 sus esfuerzos en <strong>brindar servicios y apoyo constante a las pymes y comercios escobarenses<\/strong>, mediante gestiones ante organismos p\u00fablicos, asesoramiento legal y contable, capacitaciones, coaching empresarial y beneficios financieros.<\/p>\n\n\n<div class=\"wp-block-image is-style-rounded\">\n<figure class=\"aligncenter size-large is-resized\"><img fetchpriority=\"high\" decoding=\"async\" width=\"768\" height=\"1024\" src=\"https:\/\/nuevodigitaldeescobar.com.ar\/wp-content\/uploads\/2025\/11\/cce68-768x1024.jpeg\" alt=\"\" class=\"wp-image-18711\" style=\"width:707px;height:auto\" srcset=\"https:\/\/nuevodigitaldeescobar.com.ar\/wp-content\/uploads\/2025\/11\/cce68-768x1024.jpeg 768w, https:\/\/nuevodigitaldeescobar.com.ar\/wp-content\/uploads\/2025\/11\/cce68-225x300.jpeg 225w, https:\/\/nuevodigitaldeescobar.com.ar\/wp-content\/uploads\/2025\/11\/cce68.jpeg 960w\" sizes=\"(max-width: 768px) 100vw, 768px\" \/><figcaption class=\"wp-element-caption\"><strong><em>Pablo Miguel Sangiuliano (Presidente) \/ Hern\u00e1n Javier Gonzalez (Vicepresidente) \/ Lucas Navarrete (Secretario)<\/em><\/strong><\/figcaption><\/figure><\/div>\n\n\n<p>Entre las acciones m\u00e1s destacadas del a\u00f1o se incluyen la <strong>participaci\u00f3n en la Comisi\u00f3n Directiva y Asamblea Anual de ADIBA<\/strong>, la charla <strong>\u201cDescubr\u00ed tu Potencial Emprendedor\u201d<\/strong>, y el lanzamiento de eventos que impulsaron la actividad comercial, como <strong>\u201cEscobar festeja Halloween 2024\u201d<\/strong>, la <strong>Ronda de Negocios Escobar 2024 y 2025<\/strong>, y la participaci\u00f3n en la <strong>Expo Escobar 2024<\/strong>.<\/p>\n\n\n\n<p>La <strong>Comisi\u00f3n de Mujeres Empresarias<\/strong> tambi\u00e9n tuvo un papel activo al organizar la preselecci\u00f3n de <strong>Mujeres Empresarias 2024<\/strong>, mientras que la entidad reafirm\u00f3 su compromiso con la innovaci\u00f3n a trav\u00e9s de la adhesi\u00f3n al programa <strong>CiudadanIA 5.0 de capacitaci\u00f3n digital<\/strong> y el <strong>lanzamiento del nuevo portal de noticias de la C\u00e1mara<\/strong>.<\/p>\n\n\n<div class=\"wp-block-image\">\n<figure class=\"aligncenter size-large\"><img decoding=\"async\" width=\"673\" height=\"1024\" src=\"https:\/\/nuevodigitaldeescobar.com.ar\/wp-content\/uploads\/2025\/11\/autocce22-673x1024.jpeg\" alt=\"\" class=\"wp-image-18710\" srcset=\"https:\/\/nuevodigitaldeescobar.com.ar\/wp-content\/uploads\/2025\/11\/autocce22-673x1024.jpeg 673w, https:\/\/nuevodigitaldeescobar.com.ar\/wp-content\/uploads\/2025\/11\/autocce22-197x300.jpeg 197w, https:\/\/nuevodigitaldeescobar.com.ar\/wp-content\/uploads\/2025\/11\/autocce22-768x1169.jpeg 768w, https:\/\/nuevodigitaldeescobar.com.ar\/wp-content\/uploads\/2025\/11\/autocce22.jpeg 925w\" sizes=\"(max-width: 673px) 100vw, 673px\" \/><\/figure><\/div>\n\n\n<p>Adem\u00e1s, continu\u00f3 funcionando como <strong>sede del Foro de Seguridad<\/strong>, fortaleciendo el v\u00ednculo entre el sector privado y las instituciones locales.<\/p>\n\n\n\n<p>A lo largo del a\u00f1o, la C\u00e1mara promovi\u00f3 diversas <strong>campa\u00f1as tem\u00e1ticas<\/strong> \u2014como \u201cDecora tu local para Navidad\u201d, \u201cLa Noche de las Pizzer\u00edas\u201d, \u201cHelader\u00edas\u201d, \u201cVinotecas\u201d, \u201cHamburguesas\u201d, \u201cSushi\u201d y \u201cEl D\u00eda de la Cafeter\u00eda\u201d\u2014 que contribuyeron a dinamizar el comercio y generar mayor participaci\u00f3n del p\u00fablico.<\/p>\n\n\n\n<p>Al cierre de la asamblea, la Comisi\u00f3n Directiva expres\u00f3 su gratitud hacia los socios y colaboradores, destacando que <strong>\u201clo mejor que podemos construir es lo que seguimos haciendo juntos\u201d<\/strong>.<\/p>\n\n\n\n<p>Con esa visi\u00f3n compartida, la C\u00e1mara de Comercio de Escobar reafirma su compromiso de seguir apostando al <strong>desarrollo local, la innovaci\u00f3n y el crecimiento colectivo<\/strong> del entramado empresarial del distrito.<\/p>\n\n\n\n<p><\/p>\n","protected":false},"excerpt":{"rendered":"<p>Con un mensaje de unidad, compromiso y optimismo, la La C\u00e1mara de comercio, industria y servicios de Escobar llev\u00f3 a cabo su Asamblea Anual Ordinaria, [&hellip;]<\/p>\n","protected":false},"author":1,"featured_media":18712,"comment_status":"open","ping_status":"open","sticky":false,"template":"","format":"standard","meta":{"footnotes":""},"categories":[207],"tags":[],"class_list":["post-18709","post","type-post","status-publish","format-standard","has-post-thumbnail","hentry","category-comercios"],"better_featured_image":{"id":18712,"alt_text":"","caption":"","description":"","media_type":"image","media_details":{"width":2560,"height":1920,"file":"2025\/11\/cce221-scaled.jpeg","filesize":712852,"sizes":{"medium":{"file":"cce221-300x225.jpeg","width":300,"height":225,"mime-type":"image\/jpeg","filesize":17832,"source_url":"https:\/\/nuevodigitaldeescobar.com.ar\/wp-content\/uploads\/2025\/11\/cce221-300x225.jpeg"},"large":{"file":"cce221-1024x768.jpeg","width":1024,"height":768,"mime-type":"image\/jpeg","filesize":134038,"source_url":"https:\/\/nuevodigitaldeescobar.com.ar\/wp-content\/uploads\/2025\/11\/cce221-1024x768.jpeg"},"thumbnail":{"file":"cce221-150x150.jpeg","width":150,"height":150,"mime-type":"image\/jpeg","filesize":6889,"source_url":"https:\/\/nuevodigitaldeescobar.com.ar\/wp-content\/uploads\/2025\/11\/cce221-150x150.jpeg"},"medium_large":{"file":"cce221-768x576.jpeg","width":768,"height":576,"mime-type":"image\/jpeg","filesize":82680,"source_url":"https:\/\/nuevodigitaldeescobar.com.ar\/wp-content\/uploads\/2025\/11\/cce221-768x576.jpeg"},"1536x1536":{"file":"cce221-1536x1152.jpeg","width":1536,"height":1152,"mime-type":"image\/jpeg","filesize":272132,"source_url":"https:\/\/nuevodigitaldeescobar.com.ar\/wp-content\/uploads\/2025\/11\/cce221-1536x1152.jpeg"},"2048x2048":{"file":"cce221-2048x1536.jpeg","width":2048,"height":1536,"mime-type":"image\/jpeg","filesize":467681,"source_url":"https:\/\/nuevodigitaldeescobar.com.ar\/wp-content\/uploads\/2025\/11\/cce221-2048x1536.jpeg"}},"image_meta":{"aperture":"0","credit":"","camera":"","caption":"","created_timestamp":"0","copyright":"","focal_length":"0","iso":"0","shutter_speed":"0","title":"","orientation":"0","keywords":[]},"original_image":"cce221.jpeg"},"post":18709,"source_url":"https:\/\/nuevodigitaldeescobar.com.ar\/wp-content\/uploads\/2025\/11\/cce221-scaled.jpeg"},"yoast_head":"<!-- This site is optimized with the Yoast SEO plugin v26.1.1 - https:\/\/yoast.com\/wordpress\/plugins\/seo\/ -->\n<title>La C\u00e1mara de Empresaria de Escobar celebr\u00f3 su Asamblea Anual con un balance positivo y proyecci\u00f3n de crecimiento - Nuevo Digital de Escobar<\/title>\n<meta name=\"robots\" content=\"index, follow, max-snippet:-1, max-image-preview:large, max-video-preview:-1\" \/>\n<link rel=\"canonical\" href=\"https:\/\/nuevodigitaldeescobar.com.ar\/?p=18709\" \/>\n<meta property=\"og:locale\" content=\"es_ES\" \/>\n<meta property=\"og:type\" content=\"article\" \/>\n<meta property=\"og:title\" content=\"La C\u00e1mara de Empresaria de Escobar celebr\u00f3 su Asamblea Anual con un balance positivo y proyecci\u00f3n de crecimiento - Nuevo Digital de Escobar\" \/>\n<meta property=\"og:description\" content=\"Con un mensaje de unidad, compromiso y optimismo, la La C\u00e1mara de comercio, industria y servicios de Escobar llev\u00f3 a cabo su Asamblea Anual Ordinaria, [&hellip;]\" \/>\n<meta property=\"og:url\" content=\"https:\/\/nuevodigitaldeescobar.com.ar\/?p=18709\" \/>\n<meta property=\"og:site_name\" content=\"Nuevo Digital de Escobar\" \/>\n<meta property=\"article:publisher\" content=\"https:\/\/www.facebook.com\/NUEVODigitalDeEscobar\" \/>\n<meta property=\"article:published_time\" content=\"2025-11-01T15:57:17+00:00\" \/>\n<meta property=\"article:modified_time\" content=\"2025-11-01T15:57:22+00:00\" \/>\n<meta property=\"og:image\" content=\"http:\/\/nuevodigitaldeescobar.com.ar\/wp-content\/uploads\/2025\/11\/cce221-scaled.jpeg\" \/>\n\t<meta property=\"og:image:width\" content=\"2560\" \/>\n\t<meta property=\"og:image:height\" content=\"1920\" \/>\n\t<meta property=\"og:image:type\" content=\"image\/jpeg\" \/>\n<meta name=\"author\" content=\"Redacci\u00f3n\" \/>\n<meta name=\"twitter:card\" content=\"summary_large_image\" \/>\n<meta name=\"twitter:creator\" content=\"@nuevodigescobar\" \/>\n<meta name=\"twitter:site\" content=\"@nuevodigescobar\" \/>\n<meta name=\"twitter:label1\" content=\"Escrito por\" \/>\n\t<meta name=\"twitter:data1\" content=\"Redacci\u00f3n\" \/>\n\t<meta name=\"twitter:label2\" content=\"Tiempo de lectura\" \/>\n\t<meta name=\"twitter:data2\" content=\"3 minutos\" \/>\n<script type=\"application\/ld+json\" class=\"yoast-schema-graph\">{\"@context\":\"https:\/\/schema.org\",\"@graph\":[{\"@type\":\"Article\",\"@id\":\"https:\/\/nuevodigitaldeescobar.com.ar\/?p=18709#article\",\"isPartOf\":{\"@id\":\"https:\/\/nuevodigitaldeescobar.com.ar\/?p=18709\"},\"author\":{\"name\":\"Redacci\u00f3n\",\"@id\":\"https:\/\/nuevodigitaldeescobar.com.ar\/#\/schema\/person\/035e90a8efe9a80e6eec22656ad6ea4c\"},\"headline\":\"La C\u00e1mara de Empresaria de Escobar celebr\u00f3 su Asamblea Anual con un balance positivo y proyecci\u00f3n de crecimiento\",\"datePublished\":\"2025-11-01T15:57:17+00:00\",\"dateModified\":\"2025-11-01T15:57:22+00:00\",\"mainEntityOfPage\":{\"@id\":\"https:\/\/nuevodigitaldeescobar.com.ar\/?p=18709\"},\"wordCount\":408,\"commentCount\":1,\"publisher\":{\"@id\":\"https:\/\/nuevodigitaldeescobar.com.ar\/#organization\"},\"image\":{\"@id\":\"https:\/\/nuevodigitaldeescobar.com.ar\/?p=18709#primaryimage\"},\"thumbnailUrl\":\"https:\/\/nuevodigitaldeescobar.com.ar\/wp-content\/uploads\/2025\/11\/cce221-scaled.jpeg\",\"articleSection\":[\"Comercios\"],\"inLanguage\":\"es\",\"potentialAction\":[{\"@type\":\"CommentAction\",\"name\":\"Comment\",\"target\":[\"https:\/\/nuevodigitaldeescobar.com.ar\/?p=18709#respond\"]}]},{\"@type\":\"WebPage\",\"@id\":\"https:\/\/nuevodigitaldeescobar.com.ar\/?p=18709\",\"url\":\"https:\/\/nuevodigitaldeescobar.com.ar\/?p=18709\",\"name\":\"La C\u00e1mara de Empresaria de Escobar celebr\u00f3 su Asamblea Anual con un balance positivo y proyecci\u00f3n de crecimiento - Nuevo Digital de Escobar\",\"isPartOf\":{\"@id\":\"https:\/\/nuevodigitaldeescobar.com.ar\/#website\"},\"primaryImageOfPage\":{\"@id\":\"https:\/\/nuevodigitaldeescobar.com.ar\/?p=18709#primaryimage\"},\"image\":{\"@id\":\"https:\/\/nuevodigitaldeescobar.com.ar\/?p=18709#primaryimage\"},\"thumbnailUrl\":\"https:\/\/nuevodigitaldeescobar.com.ar\/wp-content\/uploads\/2025\/11\/cce221-scaled.jpeg\",\"datePublished\":\"2025-11-01T15:57:17+00:00\",\"dateModified\":\"2025-11-01T15:57:22+00:00\",\"breadcrumb\":{\"@id\":\"https:\/\/nuevodigitaldeescobar.com.ar\/?p=18709#breadcrumb\"},\"inLanguage\":\"es\",\"potentialAction\":[{\"@type\":\"ReadAction\",\"target\":[\"https:\/\/nuevodigitaldeescobar.com.ar\/?p=18709\"]}]},{\"@type\":\"ImageObject\",\"inLanguage\":\"es\",\"@id\":\"https:\/\/nuevodigitaldeescobar.com.ar\/?p=18709#primaryimage\",\"url\":\"https:\/\/nuevodigitaldeescobar.com.ar\/wp-content\/uploads\/2025\/11\/cce221-scaled.jpeg\",\"contentUrl\":\"https:\/\/nuevodigitaldeescobar.com.ar\/wp-content\/uploads\/2025\/11\/cce221-scaled.jpeg\",\"width\":2560,\"height\":1920},{\"@type\":\"BreadcrumbList\",\"@id\":\"https:\/\/nuevodigitaldeescobar.com.ar\/?p=18709#breadcrumb\",\"itemListElement\":[{\"@type\":\"ListItem\",\"position\":1,\"name\":\"Portada\",\"item\":\"https:\/\/nuevodigitaldeescobar.com.ar\/\"},{\"@type\":\"ListItem\",\"position\":2,\"name\":\"La C\u00e1mara de Empresaria de Escobar celebr\u00f3 su Asamblea Anual con un balance positivo y proyecci\u00f3n de crecimiento\"}]},{\"@type\":\"WebSite\",\"@id\":\"https:\/\/nuevodigitaldeescobar.com.ar\/#website\",\"url\":\"https:\/\/nuevodigitaldeescobar.com.ar\/\",\"name\":\"Nuevo Digital de Escobar\",\"description\":\"La vida escobarense. Directora: Rosana Brunner\",\"publisher\":{\"@id\":\"https:\/\/nuevodigitaldeescobar.com.ar\/#organization\"},\"potentialAction\":[{\"@type\":\"SearchAction\",\"target\":{\"@type\":\"EntryPoint\",\"urlTemplate\":\"https:\/\/nuevodigitaldeescobar.com.ar\/?s={search_term_string}\"},\"query-input\":{\"@type\":\"PropertyValueSpecification\",\"valueRequired\":true,\"valueName\":\"search_term_string\"}}],\"inLanguage\":\"es\"},{\"@type\":\"Organization\",\"@id\":\"https:\/\/nuevodigitaldeescobar.com.ar\/#organization\",\"name\":\"Nuevo Digital de Escobar\",\"url\":\"https:\/\/nuevodigitaldeescobar.com.ar\/\",\"logo\":{\"@type\":\"ImageObject\",\"inLanguage\":\"es\",\"@id\":\"https:\/\/nuevodigitaldeescobar.com.ar\/#\/schema\/logo\/image\/\",\"url\":\"https:\/\/nuevodigitaldeescobar.com.ar\/wp-content\/uploads\/2025\/05\/cropped-logo-nuevo2.jpg\",\"contentUrl\":\"https:\/\/nuevodigitaldeescobar.com.ar\/wp-content\/uploads\/2025\/05\/cropped-logo-nuevo2.jpg\",\"width\":305,\"height\":305,\"caption\":\"Nuevo Digital de Escobar\"},\"image\":{\"@id\":\"https:\/\/nuevodigitaldeescobar.com.ar\/#\/schema\/logo\/image\/\"},\"sameAs\":[\"https:\/\/www.facebook.com\/NUEVODigitalDeEscobar\",\"https:\/\/x.com\/nuevodigescobar\",\"https:\/\/www.instagram.com\/nuevodigitaldeescobar\"]},{\"@type\":\"Person\",\"@id\":\"https:\/\/nuevodigitaldeescobar.com.ar\/#\/schema\/person\/035e90a8efe9a80e6eec22656ad6ea4c\",\"name\":\"Redacci\u00f3n\",\"image\":{\"@type\":\"ImageObject\",\"inLanguage\":\"es\",\"@id\":\"https:\/\/nuevodigitaldeescobar.com.ar\/#\/schema\/person\/image\/\",\"url\":\"https:\/\/secure.gravatar.com\/avatar\/8af8f40000c24e9eef3034f2be5998a372bb1389e64b1a4a36b3a7979142220d?s=96&d=mm&r=g\",\"contentUrl\":\"https:\/\/secure.gravatar.com\/avatar\/8af8f40000c24e9eef3034f2be5998a372bb1389e64b1a4a36b3a7979142220d?s=96&d=mm&r=g\",\"caption\":\"Redacci\u00f3n\"},\"sameAs\":[\"http:\/\/nuevodigitaldeescobar.com.ar\"],\"url\":\"https:\/\/nuevodigitaldeescobar.com.ar\/?author=1\"}]}<\/script>\n<!-- \/ Yoast SEO plugin. -->","yoast_head_json":{"title":"La C\u00e1mara de Empresaria de Escobar celebr\u00f3 su Asamblea Anual con un balance positivo y proyecci\u00f3n de crecimiento - Nuevo Digital de Escobar","robots":{"index":"index","follow":"follow","max-snippet":"max-snippet:-1","max-image-preview":"max-image-preview:large","max-video-preview":"max-video-preview:-1"},"canonical":"https:\/\/nuevodigitaldeescobar.com.ar\/?p=18709","og_locale":"es_ES","og_type":"article","og_title":"La C\u00e1mara de Empresaria de Escobar celebr\u00f3 su Asamblea Anual con un balance positivo y proyecci\u00f3n de crecimiento - Nuevo Digital de Escobar","og_description":"Con un mensaje de unidad, compromiso y optimismo, la La C\u00e1mara de comercio, industria y servicios de Escobar llev\u00f3 a cabo su Asamblea Anual Ordinaria, [&hellip;]","og_url":"https:\/\/nuevodigitaldeescobar.com.ar\/?p=18709","og_site_name":"Nuevo Digital de Escobar","article_publisher":"https:\/\/www.facebook.com\/NUEVODigitalDeEscobar","article_published_time":"2025-11-01T15:57:17+00:00","article_modified_time":"2025-11-01T15:57:22+00:00","og_image":[{"width":2560,"height":1920,"url":"http:\/\/nuevodigitaldeescobar.com.ar\/wp-content\/uploads\/2025\/11\/cce221-scaled.jpeg","type":"image\/jpeg"}],"author":"Redacci\u00f3n","twitter_card":"summary_large_image","twitter_creator":"@nuevodigescobar","twitter_site":"@nuevodigescobar","twitter_misc":{"Escrito por":"Redacci\u00f3n","Tiempo de lectura":"3 minutos"},"schema":{"@context":"https:\/\/schema.org","@graph":[{"@type":"Article","@id":"https:\/\/nuevodigitaldeescobar.com.ar\/?p=18709#article","isPartOf":{"@id":"https:\/\/nuevodigitaldeescobar.com.ar\/?p=18709"},"author":{"name":"Redacci\u00f3n","@id":"https:\/\/nuevodigitaldeescobar.com.ar\/#\/schema\/person\/035e90a8efe9a80e6eec22656ad6ea4c"},"headline":"La C\u00e1mara de Empresaria de Escobar celebr\u00f3 su Asamblea Anual con un balance positivo y proyecci\u00f3n de crecimiento","datePublished":"2025-11-01T15:57:17+00:00","dateModified":"2025-11-01T15:57:22+00:00","mainEntityOfPage":{"@id":"https:\/\/nuevodigitaldeescobar.com.ar\/?p=18709"},"wordCount":408,"commentCount":1,"publisher":{"@id":"https:\/\/nuevodigitaldeescobar.com.ar\/#organization"},"image":{"@id":"https:\/\/nuevodigitaldeescobar.com.ar\/?p=18709#primaryimage"},"thumbnailUrl":"https:\/\/nuevodigitaldeescobar.com.ar\/wp-content\/uploads\/2025\/11\/cce221-scaled.jpeg","articleSection":["Comercios"],"inLanguage":"es","potentialAction":[{"@type":"CommentAction","name":"Comment","target":["https:\/\/nuevodigitaldeescobar.com.ar\/?p=18709#respond"]}]},{"@type":"WebPage","@id":"https:\/\/nuevodigitaldeescobar.com.ar\/?p=18709","url":"https:\/\/nuevodigitaldeescobar.com.ar\/?p=18709","name":"La C\u00e1mara de Empresaria de Escobar celebr\u00f3 su Asamblea Anual con un balance positivo y proyecci\u00f3n de crecimiento - Nuevo Digital de Escobar","isPartOf":{"@id":"https:\/\/nuevodigitaldeescobar.com.ar\/#website"},"primaryImageOfPage":{"@id":"https:\/\/nuevodigitaldeescobar.com.ar\/?p=18709#primaryimage"},"image":{"@id":"https:\/\/nuevodigitaldeescobar.com.ar\/?p=18709#primaryimage"},"thumbnailUrl":"https:\/\/nuevodigitaldeescobar.com.ar\/wp-content\/uploads\/2025\/11\/cce221-scaled.jpeg","datePublished":"2025-11-01T15:57:17+00:00","dateModified":"2025-11-01T15:57:22+00:00","breadcrumb":{"@id":"https:\/\/nuevodigitaldeescobar.com.ar\/?p=18709#breadcrumb"},"inLanguage":"es","potentialAction":[{"@type":"ReadAction","target":["https:\/\/nuevodigitaldeescobar.com.ar\/?p=18709"]}]},{"@type":"ImageObject","inLanguage":"es","@id":"https:\/\/nuevodigitaldeescobar.com.ar\/?p=18709#primaryimage","url":"https:\/\/nuevodigitaldeescobar.com.ar\/wp-content\/uploads\/2025\/11\/cce221-scaled.jpeg","contentUrl":"https:\/\/nuevodigitaldeescobar.com.ar\/wp-content\/uploads\/2025\/11\/cce221-scaled.jpeg","width":2560,"height":1920},{"@type":"BreadcrumbList","@id":"https:\/\/nuevodigitaldeescobar.com.ar\/?p=18709#breadcrumb","itemListElement":[{"@type":"ListItem","position":1,"name":"Portada","item":"https:\/\/nuevodigitaldeescobar.com.ar\/"},{"@type":"ListItem","position":2,"name":"La C\u00e1mara de Empresaria de Escobar celebr\u00f3 su Asamblea Anual con un balance positivo y proyecci\u00f3n de crecimiento"}]},{"@type":"WebSite","@id":"https:\/\/nuevodigitaldeescobar.com.ar\/#website","url":"https:\/\/nuevodigitaldeescobar.com.ar\/","name":"Nuevo Digital de Escobar","description":"La vida escobarense. Directora: Rosana Brunner","publisher":{"@id":"https:\/\/nuevodigitaldeescobar.com.ar\/#organization"},"potentialAction":[{"@type":"SearchAction","target":{"@type":"EntryPoint","urlTemplate":"https:\/\/nuevodigitaldeescobar.com.ar\/?s={search_term_string}"},"query-input":{"@type":"PropertyValueSpecification","valueRequired":true,"valueName":"search_term_string"}}],"inLanguage":"es"},{"@type":"Organization","@id":"https:\/\/nuevodigitaldeescobar.com.ar\/#organization","name":"Nuevo Digital de Escobar","url":"https:\/\/nuevodigitaldeescobar.com.ar\/","logo":{"@type":"ImageObject","inLanguage":"es","@id":"https:\/\/nuevodigitaldeescobar.com.ar\/#\/schema\/logo\/image\/","url":"https:\/\/nuevodigitaldeescobar.com.ar\/wp-content\/uploads\/2025\/05\/cropped-logo-nuevo2.jpg","contentUrl":"https:\/\/nuevodigitaldeescobar.com.ar\/wp-content\/uploads\/2025\/05\/cropped-logo-nuevo2.jpg","width":305,"height":305,"caption":"Nuevo Digital de Escobar"},"image":{"@id":"https:\/\/nuevodigitaldeescobar.com.ar\/#\/schema\/logo\/image\/"},"sameAs":["https:\/\/www.facebook.com\/NUEVODigitalDeEscobar","https:\/\/x.com\/nuevodigescobar","https:\/\/www.instagram.com\/nuevodigitaldeescobar"]},{"@type":"Person","@id":"https:\/\/nuevodigitaldeescobar.com.ar\/#\/schema\/person\/035e90a8efe9a80e6eec22656ad6ea4c","name":"Redacci\u00f3n","image":{"@type":"ImageObject","inLanguage":"es","@id":"https:\/\/nuevodigitaldeescobar.com.ar\/#\/schema\/person\/image\/","url":"https:\/\/secure.gravatar.com\/avatar\/8af8f40000c24e9eef3034f2be5998a372bb1389e64b1a4a36b3a7979142220d?s=96&d=mm&r=g","contentUrl":"https:\/\/secure.gravatar.com\/avatar\/8af8f40000c24e9eef3034f2be5998a372bb1389e64b1a4a36b3a7979142220d?s=96&d=mm&r=g","caption":"Redacci\u00f3n"},"sameAs":["http:\/\/nuevodigitaldeescobar.com.ar"],"url":"https:\/\/nuevodigitaldeescobar.com.ar\/?author=1"}]}},"featured_image_urls":{"full":["https:\/\/nuevodigitaldeescobar.com.ar\/wp-content\/uploads\/2025\/11\/cce221-scaled.jpeg",2560,1920,false],"thumbnail":["https:\/\/nuevodigitaldeescobar.com.ar\/wp-content\/uploads\/2025\/11\/cce221-150x150.jpeg",150,150,true],"medium":["https:\/\/nuevodigitaldeescobar.com.ar\/wp-content\/uploads\/2025\/11\/cce221-300x225.jpeg",300,225,true],"medium_large":["https:\/\/nuevodigitaldeescobar.com.ar\/wp-content\/uploads\/2025\/11\/cce221-768x576.jpeg",640,480,true],"large":["https:\/\/nuevodigitaldeescobar.com.ar\/wp-content\/uploads\/2025\/11\/cce221-1024x768.jpeg",640,480,true],"1536x1536":["https:\/\/nuevodigitaldeescobar.com.ar\/wp-content\/uploads\/2025\/11\/cce221-1536x1152.jpeg",1536,1152,true],"2048x2048":["https:\/\/nuevodigitaldeescobar.com.ar\/wp-content\/uploads\/2025\/11\/cce221-2048x1536.jpeg",2048,1536,true]},"author_info":{"display_name":"Redacci\u00f3n","author_link":"https:\/\/nuevodigitaldeescobar.com.ar\/?author=1"},"category_info":"<a href=\"https:\/\/nuevodigitaldeescobar.com.ar\/?cat=207\" rel=\"category\">Comercios<\/a>","tag_info":"Comercios","comment_count":"1","_links":{"self":[{"href":"https:\/\/nuevodigitaldeescobar.com.ar\/index.php?rest_route=\/wp\/v2\/posts\/18709","targetHints":{"allow":["GET"]}}],"collection":[{"href":"https:\/\/nuevodigitaldeescobar.com.ar\/index.php?rest_route=\/wp\/v2\/posts"}],"about":[{"href":"https:\/\/nuevodigitaldeescobar.com.ar\/index.php?rest_route=\/wp\/v2\/types\/post"}],"author":[{"embeddable":true,"href":"https:\/\/nuevodigitaldeescobar.com.ar\/index.php?rest_route=\/wp\/v2\/users\/1"}],"replies":[{"embeddable":true,"href":"https:\/\/nuevodigitaldeescobar.com.ar\/index.php?rest_route=%2Fwp%2Fv2%2Fcomments&post=18709"}],"version-history":[{"count":1,"href":"https:\/\/nuevodigitaldeescobar.com.ar\/index.php?rest_route=\/wp\/v2\/posts\/18709\/revisions"}],"predecessor-version":[{"id":18713,"href":"https:\/\/nuevodigitaldeescobar.com.ar\/index.php?rest_route=\/wp\/v2\/posts\/18709\/revisions\/18713"}],"wp:featuredmedia":[{"embeddable":true,"href":"https:\/\/nuevodigitaldeescobar.com.ar\/index.php?rest_route=\/wp\/v2\/media\/18712"}],"wp:attachment":[{"href":"https:\/\/nuevodigitaldeescobar.com.ar\/index.php?rest_route=%2Fwp%2Fv2%2Fmedia&parent=18709"}],"wp:term":[{"taxonomy":"category","embeddable":true,"href":"https:\/\/nuevodigitaldeescobar.com.ar\/index.php?rest_route=%2Fwp%2Fv2%2Fcategories&post=18709"},{"taxonomy":"post_tag","embeddable":true,"href":"https:\/\/nuevodigitaldeescobar.com.ar\/index.php?rest_route=%2Fwp%2Fv2%2Ftags&post=18709"}],"curies":[{"name":"wp","href":"https:\/\/api.w.org\/{rel}","templated":true}]}}