{"id":18717,"date":"2025-10-08T21:57:00","date_gmt":"2025-10-09T00:57:00","guid":{"rendered":"https:\/\/nuevodigitaldeescobar.com.ar\/?p=18717"},"modified":"2025-11-02T22:04:07","modified_gmt":"2025-11-03T01:04:07","slug":"se-creo-el-dia-del-periodista-y-comunicador-social-escobarense","status":"publish","type":"post","link":"https:\/\/nuevodigitaldeescobar.com.ar\/?p=18717","title":{"rendered":"Se creo el \u201cD\u00eda del periodista y comunicador social escobarense\u201d"},"content":{"rendered":"\n<p>Hoy en el Honorable Concejo Deliberante de Escobar se realiz\u00f3 la Octava Sesi\u00f3n Ordinaria. Al principio de la misma, hubo un acto conmemorativo por el 66\u00b0 Aniversario del Partido de Escobar, en el cual los Concejales\/as reflexionaron sobre la historia y el futuro del distrito. <\/p>\n\n\n\n<!--more-->\n\n\n\n<p>Luego, se continu\u00f3 con la orden del d\u00eda y se dio tratamiento a un conjunto de expedientes, de los cuales 17 resultaron aprobados por unanimidad. Entre ellos se destacan:<\/p>\n\n\n\n<ul class=\"wp-block-list\">\n<li>Se instituy\u00f3 el 18 de noviembre como \u201cD\u00eda del periodista y comunicador social escobarense\u201d en conmemoraci\u00f3n del primer ejemplar del peri\u00f3dico local \u201cEl actual\u201d, dirigido por Tilo Wenner.<\/li>\n\n\n\n<li>Se declar\u00f3 de inter\u00e9s la realizaci\u00f3n el \u201cPrimer Congreso CEDAR para Personas con Discapacidad, que se realizar\u00e1 el 21 de octubre en el Microestadio de Matheu.<\/li>\n\n\n\n<li>Se aprob\u00f3 la utilizaci\u00f3n y desarrollo de tecnolog\u00edas basadas en inteligencia artificial (IA) en la Municipalidad de Escobar.<\/li>\n\n\n\n<li>Se aprob\u00f3 que el Boulevard de la Av. San Martin entre Las Hortensias y Fiesta de la flor, lleve el nombre de \u201cLuis Agust\u00edn Gonz\u00e1lez\u201d, ex veterano de guerra de Malvinas escobarense.<\/li>\n<\/ul>\n","protected":false},"excerpt":{"rendered":"<p>Hoy en el Honorable Concejo Deliberante de Escobar se realiz\u00f3 la Octava Sesi\u00f3n Ordinaria. Al principio de la misma, hubo un acto conmemorativo por el [&hellip;]<\/p>\n","protected":false},"author":1,"featured_media":18719,"comment_status":"open","ping_status":"open","sticky":false,"template":"","format":"standard","meta":{"footnotes":""},"categories":[12],"tags":[],"class_list":["post-18717","post","type-post","status-publish","format-standard","has-post-thumbnail","hentry","category-legislativas"],"better_featured_image":{"id":18719,"alt_text":"","caption":"","description":"","media_type":"image","media_details":{"width":1536,"height":866,"file":"2025\/11\/8-10.jpg","filesize":277194,"sizes":{"medium":{"file":"8-10-300x169.jpg","width":300,"height":169,"mime-type":"image\/jpeg","filesize":69777,"source_url":"https:\/\/nuevodigitaldeescobar.com.ar\/wp-content\/uploads\/2025\/11\/8-10-300x169.jpg"},"large":{"file":"8-10-1024x577.jpg","width":1024,"height":577,"mime-type":"image\/jpeg","filesize":162136,"source_url":"https:\/\/nuevodigitaldeescobar.com.ar\/wp-content\/uploads\/2025\/11\/8-10-1024x577.jpg"},"thumbnail":{"file":"8-10-150x150.jpg","width":150,"height":150,"mime-type":"image\/jpeg","filesize":62543,"source_url":"https:\/\/nuevodigitaldeescobar.com.ar\/wp-content\/uploads\/2025\/11\/8-10-150x150.jpg"},"medium_large":{"file":"8-10-768x433.jpg","width":768,"height":433,"mime-type":"image\/jpeg","filesize":120899,"source_url":"https:\/\/nuevodigitaldeescobar.com.ar\/wp-content\/uploads\/2025\/11\/8-10-768x433.jpg"}},"image_meta":{"aperture":"2.2","credit":"","camera":"SM-G781B","caption":"","created_timestamp":"1759929076","copyright":"","focal_length":"1.74","iso":"320","shutter_speed":"0.02","title":"","orientation":"1","keywords":[]}},"post":18717,"source_url":"https:\/\/nuevodigitaldeescobar.com.ar\/wp-content\/uploads\/2025\/11\/8-10.jpg"},"yoast_head":"<!-- This site is optimized with the Yoast SEO plugin v26.1.1 - https:\/\/yoast.com\/wordpress\/plugins\/seo\/ -->\n<title>Se creo el \u201cD\u00eda del periodista y comunicador social escobarense\u201d - Nuevo Digital de Escobar<\/title>\n<meta name=\"description\" content=\"Hoy en el Honorable Concejo Deliberate de Escobar se realiz\u00f3 la Octava Sesi\u00f3n Ordinaria. Al principio de la misma, hubo un acto conmemorativo por el 66\u00b0 Aniversario del Partido de Escobar, en el cual los Concejales\/as reflexionaron sobre la historia y el futuro del distrito.\" \/>\n<meta name=\"robots\" content=\"index, follow, max-snippet:-1, max-image-preview:large, max-video-preview:-1\" \/>\n<link rel=\"canonical\" href=\"https:\/\/nuevodigitaldeescobar.com.ar\/?p=18717\" \/>\n<meta property=\"og:locale\" content=\"es_ES\" \/>\n<meta property=\"og:type\" content=\"article\" \/>\n<meta property=\"og:title\" content=\"Se creo el \u201cD\u00eda del periodista y comunicador social escobarense\u201d - Nuevo Digital de Escobar\" \/>\n<meta property=\"og:description\" content=\"Hoy en el Honorable Concejo Deliberate de Escobar se realiz\u00f3 la Octava Sesi\u00f3n Ordinaria. Al principio de la misma, hubo un acto conmemorativo por el 66\u00b0 Aniversario del Partido de Escobar, en el cual los Concejales\/as reflexionaron sobre la historia y el futuro del distrito.\" \/>\n<meta property=\"og:url\" content=\"https:\/\/nuevodigitaldeescobar.com.ar\/?p=18717\" \/>\n<meta property=\"og:site_name\" content=\"Nuevo Digital de Escobar\" \/>\n<meta property=\"article:publisher\" content=\"https:\/\/www.facebook.com\/NUEVODigitalDeEscobar\" \/>\n<meta property=\"article:published_time\" content=\"2025-10-09T00:57:00+00:00\" \/>\n<meta property=\"article:modified_time\" content=\"2025-11-03T01:04:07+00:00\" \/>\n<meta property=\"og:image\" content=\"http:\/\/nuevodigitaldeescobar.com.ar\/wp-content\/uploads\/2025\/11\/8-10.jpg\" \/>\n\t<meta property=\"og:image:width\" content=\"1536\" \/>\n\t<meta property=\"og:image:height\" content=\"866\" \/>\n\t<meta property=\"og:image:type\" content=\"image\/jpeg\" \/>\n<meta name=\"author\" content=\"Redacci\u00f3n\" \/>\n<meta name=\"twitter:card\" content=\"summary_large_image\" \/>\n<meta name=\"twitter:creator\" content=\"@nuevodigescobar\" \/>\n<meta name=\"twitter:site\" content=\"@nuevodigescobar\" \/>\n<meta name=\"twitter:label1\" content=\"Escrito por\" \/>\n\t<meta name=\"twitter:data1\" content=\"Redacci\u00f3n\" \/>\n\t<meta name=\"twitter:label2\" content=\"Tiempo de lectura\" \/>\n\t<meta name=\"twitter:data2\" content=\"2 minutos\" \/>\n<script type=\"application\/ld+json\" class=\"yoast-schema-graph\">{\"@context\":\"https:\/\/schema.org\",\"@graph\":[{\"@type\":\"Article\",\"@id\":\"https:\/\/nuevodigitaldeescobar.com.ar\/?p=18717#article\",\"isPartOf\":{\"@id\":\"https:\/\/nuevodigitaldeescobar.com.ar\/?p=18717\"},\"author\":{\"name\":\"Redacci\u00f3n\",\"@id\":\"https:\/\/nuevodigitaldeescobar.com.ar\/#\/schema\/person\/035e90a8efe9a80e6eec22656ad6ea4c\"},\"headline\":\"Se creo el \u201cD\u00eda del periodista y comunicador social escobarense\u201d\",\"datePublished\":\"2025-10-09T00:57:00+00:00\",\"dateModified\":\"2025-11-03T01:04:07+00:00\",\"mainEntityOfPage\":{\"@id\":\"https:\/\/nuevodigitaldeescobar.com.ar\/?p=18717\"},\"wordCount\":197,\"commentCount\":0,\"publisher\":{\"@id\":\"https:\/\/nuevodigitaldeescobar.com.ar\/#organization\"},\"image\":{\"@id\":\"https:\/\/nuevodigitaldeescobar.com.ar\/?p=18717#primaryimage\"},\"thumbnailUrl\":\"https:\/\/nuevodigitaldeescobar.com.ar\/wp-content\/uploads\/2025\/11\/8-10.jpg\",\"articleSection\":[\"Legislativas\"],\"inLanguage\":\"es\",\"potentialAction\":[{\"@type\":\"CommentAction\",\"name\":\"Comment\",\"target\":[\"https:\/\/nuevodigitaldeescobar.com.ar\/?p=18717#respond\"]}]},{\"@type\":\"WebPage\",\"@id\":\"https:\/\/nuevodigitaldeescobar.com.ar\/?p=18717\",\"url\":\"https:\/\/nuevodigitaldeescobar.com.ar\/?p=18717\",\"name\":\"Se creo el \u201cD\u00eda del periodista y comunicador social escobarense\u201d - Nuevo Digital de Escobar\",\"isPartOf\":{\"@id\":\"https:\/\/nuevodigitaldeescobar.com.ar\/#website\"},\"primaryImageOfPage\":{\"@id\":\"https:\/\/nuevodigitaldeescobar.com.ar\/?p=18717#primaryimage\"},\"image\":{\"@id\":\"https:\/\/nuevodigitaldeescobar.com.ar\/?p=18717#primaryimage\"},\"thumbnailUrl\":\"https:\/\/nuevodigitaldeescobar.com.ar\/wp-content\/uploads\/2025\/11\/8-10.jpg\",\"datePublished\":\"2025-10-09T00:57:00+00:00\",\"dateModified\":\"2025-11-03T01:04:07+00:00\",\"description\":\"Hoy en el Honorable Concejo Deliberate de Escobar se realiz\u00f3 la Octava Sesi\u00f3n Ordinaria. Al principio de la misma, hubo un acto conmemorativo por el 66\u00b0 Aniversario del Partido de Escobar, en el cual los Concejales\/as reflexionaron sobre la historia y el futuro del distrito.\",\"breadcrumb\":{\"@id\":\"https:\/\/nuevodigitaldeescobar.com.ar\/?p=18717#breadcrumb\"},\"inLanguage\":\"es\",\"potentialAction\":[{\"@type\":\"ReadAction\",\"target\":[\"https:\/\/nuevodigitaldeescobar.com.ar\/?p=18717\"]}]},{\"@type\":\"ImageObject\",\"inLanguage\":\"es\",\"@id\":\"https:\/\/nuevodigitaldeescobar.com.ar\/?p=18717#primaryimage\",\"url\":\"https:\/\/nuevodigitaldeescobar.com.ar\/wp-content\/uploads\/2025\/11\/8-10.jpg\",\"contentUrl\":\"https:\/\/nuevodigitaldeescobar.com.ar\/wp-content\/uploads\/2025\/11\/8-10.jpg\",\"width\":1536,\"height\":866},{\"@type\":\"BreadcrumbList\",\"@id\":\"https:\/\/nuevodigitaldeescobar.com.ar\/?p=18717#breadcrumb\",\"itemListElement\":[{\"@type\":\"ListItem\",\"position\":1,\"name\":\"Portada\",\"item\":\"https:\/\/nuevodigitaldeescobar.com.ar\/\"},{\"@type\":\"ListItem\",\"position\":2,\"name\":\"Se creo el \u201cD\u00eda del periodista y comunicador social escobarense\u201d\"}]},{\"@type\":\"WebSite\",\"@id\":\"https:\/\/nuevodigitaldeescobar.com.ar\/#website\",\"url\":\"https:\/\/nuevodigitaldeescobar.com.ar\/\",\"name\":\"Nuevo Digital de Escobar\",\"description\":\"La vida escobarense. Directora: Rosana Brunner\",\"publisher\":{\"@id\":\"https:\/\/nuevodigitaldeescobar.com.ar\/#organization\"},\"potentialAction\":[{\"@type\":\"SearchAction\",\"target\":{\"@type\":\"EntryPoint\",\"urlTemplate\":\"https:\/\/nuevodigitaldeescobar.com.ar\/?s={search_term_string}\"},\"query-input\":{\"@type\":\"PropertyValueSpecification\",\"valueRequired\":true,\"valueName\":\"search_term_string\"}}],\"inLanguage\":\"es\"},{\"@type\":\"Organization\",\"@id\":\"https:\/\/nuevodigitaldeescobar.com.ar\/#organization\",\"name\":\"Nuevo Digital de Escobar\",\"url\":\"https:\/\/nuevodigitaldeescobar.com.ar\/\",\"logo\":{\"@type\":\"ImageObject\",\"inLanguage\":\"es\",\"@id\":\"https:\/\/nuevodigitaldeescobar.com.ar\/#\/schema\/logo\/image\/\",\"url\":\"https:\/\/nuevodigitaldeescobar.com.ar\/wp-content\/uploads\/2025\/05\/cropped-logo-nuevo2.jpg\",\"contentUrl\":\"https:\/\/nuevodigitaldeescobar.com.ar\/wp-content\/uploads\/2025\/05\/cropped-logo-nuevo2.jpg\",\"width\":305,\"height\":305,\"caption\":\"Nuevo Digital de Escobar\"},\"image\":{\"@id\":\"https:\/\/nuevodigitaldeescobar.com.ar\/#\/schema\/logo\/image\/\"},\"sameAs\":[\"https:\/\/www.facebook.com\/NUEVODigitalDeEscobar\",\"https:\/\/x.com\/nuevodigescobar\",\"https:\/\/www.instagram.com\/nuevodigitaldeescobar\"]},{\"@type\":\"Person\",\"@id\":\"https:\/\/nuevodigitaldeescobar.com.ar\/#\/schema\/person\/035e90a8efe9a80e6eec22656ad6ea4c\",\"name\":\"Redacci\u00f3n\",\"image\":{\"@type\":\"ImageObject\",\"inLanguage\":\"es\",\"@id\":\"https:\/\/nuevodigitaldeescobar.com.ar\/#\/schema\/person\/image\/\",\"url\":\"https:\/\/secure.gravatar.com\/avatar\/8af8f40000c24e9eef3034f2be5998a372bb1389e64b1a4a36b3a7979142220d?s=96&d=mm&r=g\",\"contentUrl\":\"https:\/\/secure.gravatar.com\/avatar\/8af8f40000c24e9eef3034f2be5998a372bb1389e64b1a4a36b3a7979142220d?s=96&d=mm&r=g\",\"caption\":\"Redacci\u00f3n\"},\"sameAs\":[\"http:\/\/nuevodigitaldeescobar.com.ar\"],\"url\":\"https:\/\/nuevodigitaldeescobar.com.ar\/?author=1\"}]}<\/script>\n<!-- \/ Yoast SEO plugin. -->","yoast_head_json":{"title":"Se creo el \u201cD\u00eda del periodista y comunicador social escobarense\u201d - Nuevo Digital de Escobar","description":"Hoy en el Honorable Concejo Deliberate de Escobar se realiz\u00f3 la Octava Sesi\u00f3n Ordinaria. Al principio de la misma, hubo un acto conmemorativo por el 66\u00b0 Aniversario del Partido de Escobar, en el cual los Concejales\/as reflexionaron sobre la historia y el futuro del distrito.","robots":{"index":"index","follow":"follow","max-snippet":"max-snippet:-1","max-image-preview":"max-image-preview:large","max-video-preview":"max-video-preview:-1"},"canonical":"https:\/\/nuevodigitaldeescobar.com.ar\/?p=18717","og_locale":"es_ES","og_type":"article","og_title":"Se creo el \u201cD\u00eda del periodista y comunicador social escobarense\u201d - Nuevo Digital de Escobar","og_description":"Hoy en el Honorable Concejo Deliberate de Escobar se realiz\u00f3 la Octava Sesi\u00f3n Ordinaria. Al principio de la misma, hubo un acto conmemorativo por el 66\u00b0 Aniversario del Partido de Escobar, en el cual los Concejales\/as reflexionaron sobre la historia y el futuro del distrito.","og_url":"https:\/\/nuevodigitaldeescobar.com.ar\/?p=18717","og_site_name":"Nuevo Digital de Escobar","article_publisher":"https:\/\/www.facebook.com\/NUEVODigitalDeEscobar","article_published_time":"2025-10-09T00:57:00+00:00","article_modified_time":"2025-11-03T01:04:07+00:00","og_image":[{"width":1536,"height":866,"url":"http:\/\/nuevodigitaldeescobar.com.ar\/wp-content\/uploads\/2025\/11\/8-10.jpg","type":"image\/jpeg"}],"author":"Redacci\u00f3n","twitter_card":"summary_large_image","twitter_creator":"@nuevodigescobar","twitter_site":"@nuevodigescobar","twitter_misc":{"Escrito por":"Redacci\u00f3n","Tiempo de lectura":"2 minutos"},"schema":{"@context":"https:\/\/schema.org","@graph":[{"@type":"Article","@id":"https:\/\/nuevodigitaldeescobar.com.ar\/?p=18717#article","isPartOf":{"@id":"https:\/\/nuevodigitaldeescobar.com.ar\/?p=18717"},"author":{"name":"Redacci\u00f3n","@id":"https:\/\/nuevodigitaldeescobar.com.ar\/#\/schema\/person\/035e90a8efe9a80e6eec22656ad6ea4c"},"headline":"Se creo el \u201cD\u00eda del periodista y comunicador social escobarense\u201d","datePublished":"2025-10-09T00:57:00+00:00","dateModified":"2025-11-03T01:04:07+00:00","mainEntityOfPage":{"@id":"https:\/\/nuevodigitaldeescobar.com.ar\/?p=18717"},"wordCount":197,"commentCount":0,"publisher":{"@id":"https:\/\/nuevodigitaldeescobar.com.ar\/#organization"},"image":{"@id":"https:\/\/nuevodigitaldeescobar.com.ar\/?p=18717#primaryimage"},"thumbnailUrl":"https:\/\/nuevodigitaldeescobar.com.ar\/wp-content\/uploads\/2025\/11\/8-10.jpg","articleSection":["Legislativas"],"inLanguage":"es","potentialAction":[{"@type":"CommentAction","name":"Comment","target":["https:\/\/nuevodigitaldeescobar.com.ar\/?p=18717#respond"]}]},{"@type":"WebPage","@id":"https:\/\/nuevodigitaldeescobar.com.ar\/?p=18717","url":"https:\/\/nuevodigitaldeescobar.com.ar\/?p=18717","name":"Se creo el \u201cD\u00eda del periodista y comunicador social escobarense\u201d - Nuevo Digital de Escobar","isPartOf":{"@id":"https:\/\/nuevodigitaldeescobar.com.ar\/#website"},"primaryImageOfPage":{"@id":"https:\/\/nuevodigitaldeescobar.com.ar\/?p=18717#primaryimage"},"image":{"@id":"https:\/\/nuevodigitaldeescobar.com.ar\/?p=18717#primaryimage"},"thumbnailUrl":"https:\/\/nuevodigitaldeescobar.com.ar\/wp-content\/uploads\/2025\/11\/8-10.jpg","datePublished":"2025-10-09T00:57:00+00:00","dateModified":"2025-11-03T01:04:07+00:00","description":"Hoy en el Honorable Concejo Deliberate de Escobar se realiz\u00f3 la Octava Sesi\u00f3n Ordinaria. Al principio de la misma, hubo un acto conmemorativo por el 66\u00b0 Aniversario del Partido de Escobar, en el cual los Concejales\/as reflexionaron sobre la historia y el futuro del distrito.","breadcrumb":{"@id":"https:\/\/nuevodigitaldeescobar.com.ar\/?p=18717#breadcrumb"},"inLanguage":"es","potentialAction":[{"@type":"ReadAction","target":["https:\/\/nuevodigitaldeescobar.com.ar\/?p=18717"]}]},{"@type":"ImageObject","inLanguage":"es","@id":"https:\/\/nuevodigitaldeescobar.com.ar\/?p=18717#primaryimage","url":"https:\/\/nuevodigitaldeescobar.com.ar\/wp-content\/uploads\/2025\/11\/8-10.jpg","contentUrl":"https:\/\/nuevodigitaldeescobar.com.ar\/wp-content\/uploads\/2025\/11\/8-10.jpg","width":1536,"height":866},{"@type":"BreadcrumbList","@id":"https:\/\/nuevodigitaldeescobar.com.ar\/?p=18717#breadcrumb","itemListElement":[{"@type":"ListItem","position":1,"name":"Portada","item":"https:\/\/nuevodigitaldeescobar.com.ar\/"},{"@type":"ListItem","position":2,"name":"Se creo el \u201cD\u00eda del periodista y comunicador social escobarense\u201d"}]},{"@type":"WebSite","@id":"https:\/\/nuevodigitaldeescobar.com.ar\/#website","url":"https:\/\/nuevodigitaldeescobar.com.ar\/","name":"Nuevo Digital de Escobar","description":"La vida escobarense. Directora: Rosana Brunner","publisher":{"@id":"https:\/\/nuevodigitaldeescobar.com.ar\/#organization"},"potentialAction":[{"@type":"SearchAction","target":{"@type":"EntryPoint","urlTemplate":"https:\/\/nuevodigitaldeescobar.com.ar\/?s={search_term_string}"},"query-input":{"@type":"PropertyValueSpecification","valueRequired":true,"valueName":"search_term_string"}}],"inLanguage":"es"},{"@type":"Organization","@id":"https:\/\/nuevodigitaldeescobar.com.ar\/#organization","name":"Nuevo Digital de Escobar","url":"https:\/\/nuevodigitaldeescobar.com.ar\/","logo":{"@type":"ImageObject","inLanguage":"es","@id":"https:\/\/nuevodigitaldeescobar.com.ar\/#\/schema\/logo\/image\/","url":"https:\/\/nuevodigitaldeescobar.com.ar\/wp-content\/uploads\/2025\/05\/cropped-logo-nuevo2.jpg","contentUrl":"https:\/\/nuevodigitaldeescobar.com.ar\/wp-content\/uploads\/2025\/05\/cropped-logo-nuevo2.jpg","width":305,"height":305,"caption":"Nuevo Digital de Escobar"},"image":{"@id":"https:\/\/nuevodigitaldeescobar.com.ar\/#\/schema\/logo\/image\/"},"sameAs":["https:\/\/www.facebook.com\/NUEVODigitalDeEscobar","https:\/\/x.com\/nuevodigescobar","https:\/\/www.instagram.com\/nuevodigitaldeescobar"]},{"@type":"Person","@id":"https:\/\/nuevodigitaldeescobar.com.ar\/#\/schema\/person\/035e90a8efe9a80e6eec22656ad6ea4c","name":"Redacci\u00f3n","image":{"@type":"ImageObject","inLanguage":"es","@id":"https:\/\/nuevodigitaldeescobar.com.ar\/#\/schema\/person\/image\/","url":"https:\/\/secure.gravatar.com\/avatar\/8af8f40000c24e9eef3034f2be5998a372bb1389e64b1a4a36b3a7979142220d?s=96&d=mm&r=g","contentUrl":"https:\/\/secure.gravatar.com\/avatar\/8af8f40000c24e9eef3034f2be5998a372bb1389e64b1a4a36b3a7979142220d?s=96&d=mm&r=g","caption":"Redacci\u00f3n"},"sameAs":["http:\/\/nuevodigitaldeescobar.com.ar"],"url":"https:\/\/nuevodigitaldeescobar.com.ar\/?author=1"}]}},"featured_image_urls":{"full":["https:\/\/nuevodigitaldeescobar.com.ar\/wp-content\/uploads\/2025\/11\/8-10.jpg",1536,866,false],"thumbnail":["https:\/\/nuevodigitaldeescobar.com.ar\/wp-content\/uploads\/2025\/11\/8-10-150x150.jpg",150,150,true],"medium":["https:\/\/nuevodigitaldeescobar.com.ar\/wp-content\/uploads\/2025\/11\/8-10-300x169.jpg",300,169,true],"medium_large":["https:\/\/nuevodigitaldeescobar.com.ar\/wp-content\/uploads\/2025\/11\/8-10-768x433.jpg",640,361,true],"large":["https:\/\/nuevodigitaldeescobar.com.ar\/wp-content\/uploads\/2025\/11\/8-10-1024x577.jpg",640,361,true],"1536x1536":["https:\/\/nuevodigitaldeescobar.com.ar\/wp-content\/uploads\/2025\/11\/8-10.jpg",1536,866,false],"2048x2048":["https:\/\/nuevodigitaldeescobar.com.ar\/wp-content\/uploads\/2025\/11\/8-10.jpg",1536,866,false]},"author_info":{"display_name":"Redacci\u00f3n","author_link":"https:\/\/nuevodigitaldeescobar.com.ar\/?author=1"},"category_info":"<a href=\"https:\/\/nuevodigitaldeescobar.com.ar\/?cat=12\" rel=\"category\">Legislativas<\/a>","tag_info":"Legislativas","comment_count":"0","_links":{"self":[{"href":"https:\/\/nuevodigitaldeescobar.com.ar\/index.php?rest_route=\/wp\/v2\/posts\/18717","targetHints":{"allow":["GET"]}}],"collection":[{"href":"https:\/\/nuevodigitaldeescobar.com.ar\/index.php?rest_route=\/wp\/v2\/posts"}],"about":[{"href":"https:\/\/nuevodigitaldeescobar.com.ar\/index.php?rest_route=\/wp\/v2\/types\/post"}],"author":[{"embeddable":true,"href":"https:\/\/nuevodigitaldeescobar.com.ar\/index.php?rest_route=\/wp\/v2\/users\/1"}],"replies":[{"embeddable":true,"href":"https:\/\/nuevodigitaldeescobar.com.ar\/index.php?rest_route=%2Fwp%2Fv2%2Fcomments&post=18717"}],"version-history":[{"count":1,"href":"https:\/\/nuevodigitaldeescobar.com.ar\/index.php?rest_route=\/wp\/v2\/posts\/18717\/revisions"}],"predecessor-version":[{"id":18720,"href":"https:\/\/nuevodigitaldeescobar.com.ar\/index.php?rest_route=\/wp\/v2\/posts\/18717\/revisions\/18720"}],"wp:featuredmedia":[{"embeddable":true,"href":"https:\/\/nuevodigitaldeescobar.com.ar\/index.php?rest_route=\/wp\/v2\/media\/18719"}],"wp:attachment":[{"href":"https:\/\/nuevodigitaldeescobar.com.ar\/index.php?rest_route=%2Fwp%2Fv2%2Fmedia&parent=18717"}],"wp:term":[{"taxonomy":"category","embeddable":true,"href":"https:\/\/nuevodigitaldeescobar.com.ar\/index.php?rest_route=%2Fwp%2Fv2%2Fcategories&post=18717"},{"taxonomy":"post_tag","embeddable":true,"href":"https:\/\/nuevodigitaldeescobar.com.ar\/index.php?rest_route=%2Fwp%2Fv2%2Ftags&post=18717"}],"curies":[{"name":"wp","href":"https:\/\/api.w.org\/{rel}","templated":true}]}}