{"id":18741,"date":"2025-11-03T09:22:28","date_gmt":"2025-11-03T12:22:28","guid":{"rendered":"https:\/\/nuevodigitaldeescobar.com.ar\/?p=18741"},"modified":"2025-11-03T09:22:31","modified_gmt":"2025-11-03T12:22:31","slug":"desde-noviembre-suben-las-tarifas-de-luz-y-cambia-la-forma-de-medir-el-consumo","status":"publish","type":"post","link":"https:\/\/nuevodigitaldeescobar.com.ar\/?p=18741","title":{"rendered":"Desde noviembre, suben las tarifas de luz y cambia la forma de medir el consumo"},"content":{"rendered":"\n<p class=\"has-vivid-cyan-blue-color has-text-color has-link-color wp-elements-5306c5d3516c65070a142cb8f8d2c078\"><strong><em>El Ente Nacional Regulador de la Electricidad (ENRE) oficializ\u00f3 un nuevo incremento en las tarifas de luz y modific\u00f3 el sistema de medici\u00f3n de consumos para los usuarios de EDENOR y EDESUR. Las medidas entrar\u00e1n en vigencia desde el 1\u00b0 de noviembre y apuntan a actualizar los precios en el marco de la emergencia energ\u00e9tica y econ\u00f3mica vigente desde 2023.<\/em><\/strong><\/p>\n\n\n\n<!--more-->\n\n\n\n<h3 class=\"wp-block-heading has-text-color has-link-color wp-elements-6f700159e79619a3881b504ca5a47ffc\" style=\"color:#2425c3\">Nuevos aumentos en las tarifas<\/h3>\n\n\n\n<p>El ajuste impactar\u00e1 en los hogares y peque\u00f1os comercios del \u00c1rea Metropolitana de Buenos Aires (AMBA), con subas que rondan el <strong>3,5% promedio<\/strong> respecto a octubre:<\/p>\n\n\n\n<figure class=\"wp-block-table is-style-stripes\"><table class=\"has-vivid-cyan-blue-to-vivid-purple-gradient-background has-background has-fixed-layout\"><thead><tr><th>Distribuidora<\/th><th>Aumento promedio<\/th><th>Fecha de aplicaci\u00f3n<\/th><\/tr><\/thead><tbody><tr><td><strong>EDENOR<\/strong><\/td><td>3,6%<\/td><td>1\u00b0 de noviembre<\/td><\/tr><tr><td><strong>EDESUR<\/strong><\/td><td>3,53%<\/td><td>1\u00b0 de noviembre<\/td><\/tr><\/tbody><\/table><\/figure>\n\n\n\n<p>El nuevo esquema tarifario incluye los siguientes componentes:<\/p>\n\n\n\n<ul class=\"wp-block-list\">\n<li><strong>Costo Propio de Distribuci\u00f3n (CPD):<\/strong> remunera a las empresas por el servicio.<\/li>\n\n\n\n<li><strong>Precio de Referencia de la Potencia (POTREF).<\/strong><\/li>\n\n\n\n<li><strong>Precio Estabilizado de la Energ\u00eda (PEE).<\/strong><\/li>\n\n\n\n<li><strong>Precio Estacional de Transporte (PET).<\/strong><\/li>\n<\/ul>\n\n\n\n<p>Estos valores fueron definidos por la Secretar\u00eda de Energ\u00eda para el per\u00edodo <strong>noviembre 2025 \u2013 abril 2026<\/strong>.<\/p>\n\n\n\n<hr class=\"wp-block-separator has-alpha-channel-opacity\"\/>\n\n\n\n<h3 class=\"wp-block-heading has-text-color has-link-color wp-elements-33ac9ca5b6215adab366b6f0a8a563d8\" style=\"color:#2425c3\">Segmentaci\u00f3n de usuarios<\/h3>\n\n\n\n<p>La estructura de subsidios <strong>se mantiene en tres niveles<\/strong>:<\/p>\n\n\n\n<figure class=\"wp-block-table is-style-stripes\"><table class=\"has-vivid-cyan-blue-to-vivid-purple-gradient-background has-background has-fixed-layout\"><thead><tr><th>Nivel<\/th><th>Descripci\u00f3n<\/th><th>Subsidios<\/th><\/tr><\/thead><tbody><tr><td><strong>1<\/strong><\/td><td>Altos ingresos<\/td><td>Sin subsidio<\/td><\/tr><tr><td><strong>2<\/strong><\/td><td>Bajos ingresos<\/td><td>Con subsidio pleno<\/td><\/tr><tr><td><strong>3<\/strong><\/td><td>Ingresos medios<\/td><td>Subsidio parcial y tope de consumo<\/td><\/tr><\/tbody><\/table><\/figure>\n\n\n\n<p>Adem\u00e1s, las facturas deber\u00e1n detallar con claridad dos conceptos nuevos:<\/p>\n\n\n\n<ul class=\"wp-block-list\">\n<li><strong>\u201cSubsidio Estado Nacional\u201d<\/strong> (monto cubierto por el Estado).<\/li>\n\n\n\n<li><strong>\u201cCosto del Mercado El\u00e9ctrico Mayorista\u201d<\/strong> (valor real de la energ\u00eda).<\/li>\n<\/ul>\n\n\n\n<p>Tambi\u00e9n se actualizaron las tarifas especiales para <strong>Clubes de Barrio, Entidades de Bien P\u00fablico<\/strong> y <strong>Usuarios-Generadores<\/strong> (quienes aportan energ\u00eda a la red).<\/p>\n\n\n\n<hr class=\"wp-block-separator has-alpha-channel-opacity\"\/>\n\n\n\n<h3 class=\"wp-block-heading has-text-color has-link-color wp-elements-176a4e3af482af23d6ca6ac11fd2bf40\" style=\"color:#2425c3\">Cambio clave: lectura mensual del consumo<\/h3>\n\n\n\n<p>El ENRE autoriz\u00f3 a EDENOR y EDESUR a <strong>pasar de un sistema bimestral a uno mensual<\/strong> en la lectura y facturaci\u00f3n de los medidores el\u00e9ctricos.<br>El cambio apunta a <strong>reflejar con mayor precisi\u00f3n el consumo real<\/strong> y evitar desfasajes entre el uso y el cobro.<\/p>\n\n\n\n<h4 class=\"wp-block-heading\"><span style=\"text-decoration: underline;\">Principales razones del cambio:<\/span><\/h4>\n\n\n\n<ul class=\"wp-block-list\">\n<li>Las facturas bimestrales generaban confusi\u00f3n y no coincid\u00edan con el consumo del mes.<\/li>\n\n\n\n<li>La lectura mensual permitir\u00e1 una <strong>mayor transparencia y previsibilidad<\/strong> para los usuarios.<\/li>\n\n\n\n<li>Se trata de un paso previo hacia la <strong>implementaci\u00f3n de medidores inteligentes<\/strong>, que permitir\u00e1n lecturas en tiempo real.<\/li>\n<\/ul>\n\n\n\n<p>El ENRE dispuso que las distribuidoras deber\u00e1n implementar el nuevo sistema dentro de los <strong>30 d\u00edas<\/strong> de publicada la resoluci\u00f3n, con un <strong>per\u00edodo de transici\u00f3n<\/strong> en el que convivir\u00e1n ambos esquemas.<\/p>\n\n\n\n<p>Durante ese tiempo, los usuarios podr\u00e1n ver <strong>ajustes diferenciales<\/strong> en sus facturas bajo el concepto \u201c<strong>Ajuste migraci\u00f3n mensual<\/strong>\u201d, que se distribuir\u00e1n en dos o m\u00e1s cuotas.<\/p>\n\n\n\n<hr class=\"wp-block-separator has-alpha-channel-opacity\"\/>\n\n\n\n<h3 class=\"wp-block-heading has-text-color has-link-color wp-elements-778d6e81fc48aaf863ea277e86f3bcd5\" style=\"color:#2425c3\">En s\u00edntesis: qu\u00e9 cambia para los usuarios<\/h3>\n\n\n\n<figure class=\"wp-block-table is-style-stripes\"><table class=\"has-vivid-cyan-blue-to-vivid-purple-gradient-background has-background has-fixed-layout\"><thead><tr><th>Tema<\/th><th>Situaci\u00f3n anterior<\/th><th>Desde noviembre<\/th><\/tr><\/thead><tbody><tr><td><strong>Frecuencia de lectura<\/strong><\/td><td>Cada 2 meses<\/td><td>Cada mes<\/td><\/tr><tr><td><strong>Suba tarifaria<\/strong><\/td><td>Aumento aplicado en octubre<\/td><td>Nuevo incremento promedio de 3,5%<\/td><\/tr><tr><td><strong>Subsidios<\/strong><\/td><td>Segmentaci\u00f3n vigente<\/td><td>Se mantiene con topes y aclaraciones en factura<\/td><\/tr><tr><td><strong>Medici\u00f3n inteligente<\/strong><\/td><td>En desarrollo<\/td><td>Paso previo a su implementaci\u00f3n<\/td><\/tr><\/tbody><\/table><\/figure>\n\n\n\n<hr class=\"wp-block-separator has-alpha-channel-opacity\"\/>\n\n\n\n<h3 class=\"wp-block-heading has-text-color has-link-color wp-elements-2780ec717a1891518ccdebd5b61d83a7\" style=\"color:#2425c3\">Recomendaci\u00f3n<\/h3>\n\n\n\n<p>Se aconseja a los usuarios revisar sus pr\u00f3ximas facturas para verificar los nuevos conceptos, subsidios aplicados y posibles ajustes de transici\u00f3n. Ante dudas o reclamos, pueden comunicarse con el <strong>ENRE<\/strong> o las l\u00edneas de atenci\u00f3n de cada distribuidora.<\/p>\n","protected":false},"excerpt":{"rendered":"<p>El Ente Nacional Regulador de la Electricidad (ENRE) oficializ\u00f3 un nuevo incremento en las tarifas de luz y modific\u00f3 el sistema de medici\u00f3n de consumos [&hellip;]<\/p>\n","protected":false},"author":1,"featured_media":7804,"comment_status":"open","ping_status":"open","sticky":false,"template":"","format":"standard","meta":{"footnotes":""},"categories":[10],"tags":[],"class_list":["post-18741","post","type-post","status-publish","format-standard","has-post-thumbnail","hentry","category-economia"],"better_featured_image":{"id":7804,"alt_text":"","caption":"Para poder acceder a los subsidios, los ingresos del hogar no deben superar 3,5 veces el valor de la Canasta B\u00e1sica Total.","description":"","media_type":"image","media_details":{"width":720,"height":405,"file":"2024\/09\/servicios-epi-1-e1725477783799.jpg","filesize":69232,"sizes":{"medium":{"file":"servicios-epi-1-300x169.jpg","width":300,"height":169,"mime-type":"image\/jpeg","filesize":10563,"source_url":"https:\/\/nuevodigitaldeescobar.com.ar\/wp-content\/uploads\/2024\/09\/servicios-epi-1-300x169.jpg"},"thumbnail":{"file":"servicios-epi-1-150x150.jpg","width":150,"height":150,"mime-type":"image\/jpeg","filesize":4901,"source_url":"https:\/\/nuevodigitaldeescobar.com.ar\/wp-content\/uploads\/2024\/09\/servicios-epi-1-150x150.jpg"}},"image_meta":{"aperture":"0","credit":"","camera":"","caption":"","created_timestamp":"0","copyright":"","focal_length":"0","iso":"0","shutter_speed":"0","title":"","orientation":"0","keywords":[]}},"post":7802,"source_url":"https:\/\/nuevodigitaldeescobar.com.ar\/wp-content\/uploads\/2024\/09\/servicios-epi-1-e1725477783799.jpg"},"yoast_head":"<!-- This site is optimized with the Yoast SEO plugin v26.1.1 - https:\/\/yoast.com\/wordpress\/plugins\/seo\/ -->\n<title>Desde noviembre, suben las tarifas de luz y cambia la forma de medir el consumo - Nuevo Digital de Escobar<\/title>\n<meta name=\"robots\" content=\"index, follow, max-snippet:-1, max-image-preview:large, max-video-preview:-1\" \/>\n<link rel=\"canonical\" href=\"https:\/\/nuevodigitaldeescobar.com.ar\/?p=18741\" \/>\n<meta property=\"og:locale\" content=\"es_ES\" \/>\n<meta property=\"og:type\" content=\"article\" \/>\n<meta property=\"og:title\" content=\"Desde noviembre, suben las tarifas de luz y cambia la forma de medir el consumo - Nuevo Digital de Escobar\" \/>\n<meta property=\"og:description\" content=\"El Ente Nacional Regulador de la Electricidad (ENRE) oficializ\u00f3 un nuevo incremento en las tarifas de luz y modific\u00f3 el sistema de medici\u00f3n de consumos [&hellip;]\" \/>\n<meta property=\"og:url\" content=\"https:\/\/nuevodigitaldeescobar.com.ar\/?p=18741\" \/>\n<meta property=\"og:site_name\" content=\"Nuevo Digital de Escobar\" \/>\n<meta property=\"article:publisher\" content=\"https:\/\/www.facebook.com\/NUEVODigitalDeEscobar\" \/>\n<meta property=\"article:published_time\" content=\"2025-11-03T12:22:28+00:00\" \/>\n<meta property=\"article:modified_time\" content=\"2025-11-03T12:22:31+00:00\" \/>\n<meta property=\"og:image\" content=\"http:\/\/nuevodigitaldeescobar.com.ar\/wp-content\/uploads\/2024\/09\/servicios-epi-1-e1725477783799.jpg\" \/>\n\t<meta property=\"og:image:width\" content=\"720\" \/>\n\t<meta property=\"og:image:height\" content=\"405\" \/>\n\t<meta property=\"og:image:type\" content=\"image\/jpeg\" \/>\n<meta name=\"author\" content=\"Redacci\u00f3n\" \/>\n<meta name=\"twitter:card\" content=\"summary_large_image\" \/>\n<meta name=\"twitter:creator\" content=\"@nuevodigescobar\" \/>\n<meta name=\"twitter:site\" content=\"@nuevodigescobar\" \/>\n<meta name=\"twitter:label1\" content=\"Escrito por\" \/>\n\t<meta name=\"twitter:data1\" content=\"Redacci\u00f3n\" \/>\n\t<meta name=\"twitter:label2\" content=\"Tiempo de lectura\" \/>\n\t<meta name=\"twitter:data2\" content=\"3 minutos\" \/>\n<script type=\"application\/ld+json\" class=\"yoast-schema-graph\">{\"@context\":\"https:\/\/schema.org\",\"@graph\":[{\"@type\":\"Article\",\"@id\":\"https:\/\/nuevodigitaldeescobar.com.ar\/?p=18741#article\",\"isPartOf\":{\"@id\":\"https:\/\/nuevodigitaldeescobar.com.ar\/?p=18741\"},\"author\":{\"name\":\"Redacci\u00f3n\",\"@id\":\"https:\/\/nuevodigitaldeescobar.com.ar\/#\/schema\/person\/035e90a8efe9a80e6eec22656ad6ea4c\"},\"headline\":\"Desde noviembre, suben las tarifas de luz y cambia la forma de medir el consumo\",\"datePublished\":\"2025-11-03T12:22:28+00:00\",\"dateModified\":\"2025-11-03T12:22:31+00:00\",\"mainEntityOfPage\":{\"@id\":\"https:\/\/nuevodigitaldeescobar.com.ar\/?p=18741\"},\"wordCount\":538,\"commentCount\":0,\"publisher\":{\"@id\":\"https:\/\/nuevodigitaldeescobar.com.ar\/#organization\"},\"image\":{\"@id\":\"https:\/\/nuevodigitaldeescobar.com.ar\/?p=18741#primaryimage\"},\"thumbnailUrl\":\"https:\/\/nuevodigitaldeescobar.com.ar\/wp-content\/uploads\/2024\/09\/servicios-epi-1-e1725477783799.jpg\",\"articleSection\":[\"Econom\u00eda\"],\"inLanguage\":\"es\",\"potentialAction\":[{\"@type\":\"CommentAction\",\"name\":\"Comment\",\"target\":[\"https:\/\/nuevodigitaldeescobar.com.ar\/?p=18741#respond\"]}]},{\"@type\":\"WebPage\",\"@id\":\"https:\/\/nuevodigitaldeescobar.com.ar\/?p=18741\",\"url\":\"https:\/\/nuevodigitaldeescobar.com.ar\/?p=18741\",\"name\":\"Desde noviembre, suben las tarifas de luz y cambia la forma de medir el consumo - Nuevo Digital de Escobar\",\"isPartOf\":{\"@id\":\"https:\/\/nuevodigitaldeescobar.com.ar\/#website\"},\"primaryImageOfPage\":{\"@id\":\"https:\/\/nuevodigitaldeescobar.com.ar\/?p=18741#primaryimage\"},\"image\":{\"@id\":\"https:\/\/nuevodigitaldeescobar.com.ar\/?p=18741#primaryimage\"},\"thumbnailUrl\":\"https:\/\/nuevodigitaldeescobar.com.ar\/wp-content\/uploads\/2024\/09\/servicios-epi-1-e1725477783799.jpg\",\"datePublished\":\"2025-11-03T12:22:28+00:00\",\"dateModified\":\"2025-11-03T12:22:31+00:00\",\"breadcrumb\":{\"@id\":\"https:\/\/nuevodigitaldeescobar.com.ar\/?p=18741#breadcrumb\"},\"inLanguage\":\"es\",\"potentialAction\":[{\"@type\":\"ReadAction\",\"target\":[\"https:\/\/nuevodigitaldeescobar.com.ar\/?p=18741\"]}]},{\"@type\":\"ImageObject\",\"inLanguage\":\"es\",\"@id\":\"https:\/\/nuevodigitaldeescobar.com.ar\/?p=18741#primaryimage\",\"url\":\"https:\/\/nuevodigitaldeescobar.com.ar\/wp-content\/uploads\/2024\/09\/servicios-epi-1-e1725477783799.jpg\",\"contentUrl\":\"https:\/\/nuevodigitaldeescobar.com.ar\/wp-content\/uploads\/2024\/09\/servicios-epi-1-e1725477783799.jpg\",\"width\":720,\"height\":405,\"caption\":\"Para poder acceder a los subsidios, los ingresos del hogar no deben superar 3,5 veces el valor de la Canasta B\u00e1sica Total.\"},{\"@type\":\"BreadcrumbList\",\"@id\":\"https:\/\/nuevodigitaldeescobar.com.ar\/?p=18741#breadcrumb\",\"itemListElement\":[{\"@type\":\"ListItem\",\"position\":1,\"name\":\"Portada\",\"item\":\"https:\/\/nuevodigitaldeescobar.com.ar\/\"},{\"@type\":\"ListItem\",\"position\":2,\"name\":\"Desde noviembre, suben las tarifas de luz y cambia la forma de medir el consumo\"}]},{\"@type\":\"WebSite\",\"@id\":\"https:\/\/nuevodigitaldeescobar.com.ar\/#website\",\"url\":\"https:\/\/nuevodigitaldeescobar.com.ar\/\",\"name\":\"Nuevo Digital de Escobar\",\"description\":\"La vida escobarense. Directora: Rosana Brunner\",\"publisher\":{\"@id\":\"https:\/\/nuevodigitaldeescobar.com.ar\/#organization\"},\"potentialAction\":[{\"@type\":\"SearchAction\",\"target\":{\"@type\":\"EntryPoint\",\"urlTemplate\":\"https:\/\/nuevodigitaldeescobar.com.ar\/?s={search_term_string}\"},\"query-input\":{\"@type\":\"PropertyValueSpecification\",\"valueRequired\":true,\"valueName\":\"search_term_string\"}}],\"inLanguage\":\"es\"},{\"@type\":\"Organization\",\"@id\":\"https:\/\/nuevodigitaldeescobar.com.ar\/#organization\",\"name\":\"Nuevo Digital de Escobar\",\"url\":\"https:\/\/nuevodigitaldeescobar.com.ar\/\",\"logo\":{\"@type\":\"ImageObject\",\"inLanguage\":\"es\",\"@id\":\"https:\/\/nuevodigitaldeescobar.com.ar\/#\/schema\/logo\/image\/\",\"url\":\"https:\/\/nuevodigitaldeescobar.com.ar\/wp-content\/uploads\/2025\/05\/cropped-logo-nuevo2.jpg\",\"contentUrl\":\"https:\/\/nuevodigitaldeescobar.com.ar\/wp-content\/uploads\/2025\/05\/cropped-logo-nuevo2.jpg\",\"width\":305,\"height\":305,\"caption\":\"Nuevo Digital de Escobar\"},\"image\":{\"@id\":\"https:\/\/nuevodigitaldeescobar.com.ar\/#\/schema\/logo\/image\/\"},\"sameAs\":[\"https:\/\/www.facebook.com\/NUEVODigitalDeEscobar\",\"https:\/\/x.com\/nuevodigescobar\",\"https:\/\/www.instagram.com\/nuevodigitaldeescobar\"]},{\"@type\":\"Person\",\"@id\":\"https:\/\/nuevodigitaldeescobar.com.ar\/#\/schema\/person\/035e90a8efe9a80e6eec22656ad6ea4c\",\"name\":\"Redacci\u00f3n\",\"image\":{\"@type\":\"ImageObject\",\"inLanguage\":\"es\",\"@id\":\"https:\/\/nuevodigitaldeescobar.com.ar\/#\/schema\/person\/image\/\",\"url\":\"https:\/\/secure.gravatar.com\/avatar\/8af8f40000c24e9eef3034f2be5998a372bb1389e64b1a4a36b3a7979142220d?s=96&d=mm&r=g\",\"contentUrl\":\"https:\/\/secure.gravatar.com\/avatar\/8af8f40000c24e9eef3034f2be5998a372bb1389e64b1a4a36b3a7979142220d?s=96&d=mm&r=g\",\"caption\":\"Redacci\u00f3n\"},\"sameAs\":[\"http:\/\/nuevodigitaldeescobar.com.ar\"],\"url\":\"https:\/\/nuevodigitaldeescobar.com.ar\/?author=1\"}]}<\/script>\n<!-- \/ Yoast SEO plugin. -->","yoast_head_json":{"title":"Desde noviembre, suben las tarifas de luz y cambia la forma de medir el consumo - Nuevo Digital de Escobar","robots":{"index":"index","follow":"follow","max-snippet":"max-snippet:-1","max-image-preview":"max-image-preview:large","max-video-preview":"max-video-preview:-1"},"canonical":"https:\/\/nuevodigitaldeescobar.com.ar\/?p=18741","og_locale":"es_ES","og_type":"article","og_title":"Desde noviembre, suben las tarifas de luz y cambia la forma de medir el consumo - Nuevo Digital de Escobar","og_description":"El Ente Nacional Regulador de la Electricidad (ENRE) oficializ\u00f3 un nuevo incremento en las tarifas de luz y modific\u00f3 el sistema de medici\u00f3n de consumos [&hellip;]","og_url":"https:\/\/nuevodigitaldeescobar.com.ar\/?p=18741","og_site_name":"Nuevo Digital de Escobar","article_publisher":"https:\/\/www.facebook.com\/NUEVODigitalDeEscobar","article_published_time":"2025-11-03T12:22:28+00:00","article_modified_time":"2025-11-03T12:22:31+00:00","og_image":[{"width":720,"height":405,"url":"http:\/\/nuevodigitaldeescobar.com.ar\/wp-content\/uploads\/2024\/09\/servicios-epi-1-e1725477783799.jpg","type":"image\/jpeg"}],"author":"Redacci\u00f3n","twitter_card":"summary_large_image","twitter_creator":"@nuevodigescobar","twitter_site":"@nuevodigescobar","twitter_misc":{"Escrito por":"Redacci\u00f3n","Tiempo de lectura":"3 minutos"},"schema":{"@context":"https:\/\/schema.org","@graph":[{"@type":"Article","@id":"https:\/\/nuevodigitaldeescobar.com.ar\/?p=18741#article","isPartOf":{"@id":"https:\/\/nuevodigitaldeescobar.com.ar\/?p=18741"},"author":{"name":"Redacci\u00f3n","@id":"https:\/\/nuevodigitaldeescobar.com.ar\/#\/schema\/person\/035e90a8efe9a80e6eec22656ad6ea4c"},"headline":"Desde noviembre, suben las tarifas de luz y cambia la forma de medir el consumo","datePublished":"2025-11-03T12:22:28+00:00","dateModified":"2025-11-03T12:22:31+00:00","mainEntityOfPage":{"@id":"https:\/\/nuevodigitaldeescobar.com.ar\/?p=18741"},"wordCount":538,"commentCount":0,"publisher":{"@id":"https:\/\/nuevodigitaldeescobar.com.ar\/#organization"},"image":{"@id":"https:\/\/nuevodigitaldeescobar.com.ar\/?p=18741#primaryimage"},"thumbnailUrl":"https:\/\/nuevodigitaldeescobar.com.ar\/wp-content\/uploads\/2024\/09\/servicios-epi-1-e1725477783799.jpg","articleSection":["Econom\u00eda"],"inLanguage":"es","potentialAction":[{"@type":"CommentAction","name":"Comment","target":["https:\/\/nuevodigitaldeescobar.com.ar\/?p=18741#respond"]}]},{"@type":"WebPage","@id":"https:\/\/nuevodigitaldeescobar.com.ar\/?p=18741","url":"https:\/\/nuevodigitaldeescobar.com.ar\/?p=18741","name":"Desde noviembre, suben las tarifas de luz y cambia la forma de medir el consumo - Nuevo Digital de Escobar","isPartOf":{"@id":"https:\/\/nuevodigitaldeescobar.com.ar\/#website"},"primaryImageOfPage":{"@id":"https:\/\/nuevodigitaldeescobar.com.ar\/?p=18741#primaryimage"},"image":{"@id":"https:\/\/nuevodigitaldeescobar.com.ar\/?p=18741#primaryimage"},"thumbnailUrl":"https:\/\/nuevodigitaldeescobar.com.ar\/wp-content\/uploads\/2024\/09\/servicios-epi-1-e1725477783799.jpg","datePublished":"2025-11-03T12:22:28+00:00","dateModified":"2025-11-03T12:22:31+00:00","breadcrumb":{"@id":"https:\/\/nuevodigitaldeescobar.com.ar\/?p=18741#breadcrumb"},"inLanguage":"es","potentialAction":[{"@type":"ReadAction","target":["https:\/\/nuevodigitaldeescobar.com.ar\/?p=18741"]}]},{"@type":"ImageObject","inLanguage":"es","@id":"https:\/\/nuevodigitaldeescobar.com.ar\/?p=18741#primaryimage","url":"https:\/\/nuevodigitaldeescobar.com.ar\/wp-content\/uploads\/2024\/09\/servicios-epi-1-e1725477783799.jpg","contentUrl":"https:\/\/nuevodigitaldeescobar.com.ar\/wp-content\/uploads\/2024\/09\/servicios-epi-1-e1725477783799.jpg","width":720,"height":405,"caption":"Para poder acceder a los subsidios, los ingresos del hogar no deben superar 3,5 veces el valor de la Canasta B\u00e1sica Total."},{"@type":"BreadcrumbList","@id":"https:\/\/nuevodigitaldeescobar.com.ar\/?p=18741#breadcrumb","itemListElement":[{"@type":"ListItem","position":1,"name":"Portada","item":"https:\/\/nuevodigitaldeescobar.com.ar\/"},{"@type":"ListItem","position":2,"name":"Desde noviembre, suben las tarifas de luz y cambia la forma de medir el consumo"}]},{"@type":"WebSite","@id":"https:\/\/nuevodigitaldeescobar.com.ar\/#website","url":"https:\/\/nuevodigitaldeescobar.com.ar\/","name":"Nuevo Digital de Escobar","description":"La vida escobarense. Directora: Rosana Brunner","publisher":{"@id":"https:\/\/nuevodigitaldeescobar.com.ar\/#organization"},"potentialAction":[{"@type":"SearchAction","target":{"@type":"EntryPoint","urlTemplate":"https:\/\/nuevodigitaldeescobar.com.ar\/?s={search_term_string}"},"query-input":{"@type":"PropertyValueSpecification","valueRequired":true,"valueName":"search_term_string"}}],"inLanguage":"es"},{"@type":"Organization","@id":"https:\/\/nuevodigitaldeescobar.com.ar\/#organization","name":"Nuevo Digital de Escobar","url":"https:\/\/nuevodigitaldeescobar.com.ar\/","logo":{"@type":"ImageObject","inLanguage":"es","@id":"https:\/\/nuevodigitaldeescobar.com.ar\/#\/schema\/logo\/image\/","url":"https:\/\/nuevodigitaldeescobar.com.ar\/wp-content\/uploads\/2025\/05\/cropped-logo-nuevo2.jpg","contentUrl":"https:\/\/nuevodigitaldeescobar.com.ar\/wp-content\/uploads\/2025\/05\/cropped-logo-nuevo2.jpg","width":305,"height":305,"caption":"Nuevo Digital de Escobar"},"image":{"@id":"https:\/\/nuevodigitaldeescobar.com.ar\/#\/schema\/logo\/image\/"},"sameAs":["https:\/\/www.facebook.com\/NUEVODigitalDeEscobar","https:\/\/x.com\/nuevodigescobar","https:\/\/www.instagram.com\/nuevodigitaldeescobar"]},{"@type":"Person","@id":"https:\/\/nuevodigitaldeescobar.com.ar\/#\/schema\/person\/035e90a8efe9a80e6eec22656ad6ea4c","name":"Redacci\u00f3n","image":{"@type":"ImageObject","inLanguage":"es","@id":"https:\/\/nuevodigitaldeescobar.com.ar\/#\/schema\/person\/image\/","url":"https:\/\/secure.gravatar.com\/avatar\/8af8f40000c24e9eef3034f2be5998a372bb1389e64b1a4a36b3a7979142220d?s=96&d=mm&r=g","contentUrl":"https:\/\/secure.gravatar.com\/avatar\/8af8f40000c24e9eef3034f2be5998a372bb1389e64b1a4a36b3a7979142220d?s=96&d=mm&r=g","caption":"Redacci\u00f3n"},"sameAs":["http:\/\/nuevodigitaldeescobar.com.ar"],"url":"https:\/\/nuevodigitaldeescobar.com.ar\/?author=1"}]}},"featured_image_urls":{"full":["https:\/\/nuevodigitaldeescobar.com.ar\/wp-content\/uploads\/2024\/09\/servicios-epi-1-e1725477783799.jpg",720,405,false],"thumbnail":["https:\/\/nuevodigitaldeescobar.com.ar\/wp-content\/uploads\/2024\/09\/servicios-epi-1-150x150.jpg",150,150,true],"medium":["https:\/\/nuevodigitaldeescobar.com.ar\/wp-content\/uploads\/2024\/09\/servicios-epi-1-300x169.jpg",300,169,true],"medium_large":["https:\/\/nuevodigitaldeescobar.com.ar\/wp-content\/uploads\/2024\/09\/servicios-epi-1-e1725477783799.jpg",640,360,false],"large":["https:\/\/nuevodigitaldeescobar.com.ar\/wp-content\/uploads\/2024\/09\/servicios-epi-1-e1725477783799.jpg",640,360,false],"1536x1536":["https:\/\/nuevodigitaldeescobar.com.ar\/wp-content\/uploads\/2024\/09\/servicios-epi-1-e1725477783799.jpg",720,405,false],"2048x2048":["https:\/\/nuevodigitaldeescobar.com.ar\/wp-content\/uploads\/2024\/09\/servicios-epi-1-e1725477783799.jpg",720,405,false]},"author_info":{"display_name":"Redacci\u00f3n","author_link":"https:\/\/nuevodigitaldeescobar.com.ar\/?author=1"},"category_info":"<a href=\"https:\/\/nuevodigitaldeescobar.com.ar\/?cat=10\" rel=\"category\">Econom\u00eda<\/a>","tag_info":"Econom\u00eda","comment_count":"0","_links":{"self":[{"href":"https:\/\/nuevodigitaldeescobar.com.ar\/index.php?rest_route=\/wp\/v2\/posts\/18741","targetHints":{"allow":["GET"]}}],"collection":[{"href":"https:\/\/nuevodigitaldeescobar.com.ar\/index.php?rest_route=\/wp\/v2\/posts"}],"about":[{"href":"https:\/\/nuevodigitaldeescobar.com.ar\/index.php?rest_route=\/wp\/v2\/types\/post"}],"author":[{"embeddable":true,"href":"https:\/\/nuevodigitaldeescobar.com.ar\/index.php?rest_route=\/wp\/v2\/users\/1"}],"replies":[{"embeddable":true,"href":"https:\/\/nuevodigitaldeescobar.com.ar\/index.php?rest_route=%2Fwp%2Fv2%2Fcomments&post=18741"}],"version-history":[{"count":1,"href":"https:\/\/nuevodigitaldeescobar.com.ar\/index.php?rest_route=\/wp\/v2\/posts\/18741\/revisions"}],"predecessor-version":[{"id":18742,"href":"https:\/\/nuevodigitaldeescobar.com.ar\/index.php?rest_route=\/wp\/v2\/posts\/18741\/revisions\/18742"}],"wp:featuredmedia":[{"embeddable":true,"href":"https:\/\/nuevodigitaldeescobar.com.ar\/index.php?rest_route=\/wp\/v2\/media\/7804"}],"wp:attachment":[{"href":"https:\/\/nuevodigitaldeescobar.com.ar\/index.php?rest_route=%2Fwp%2Fv2%2Fmedia&parent=18741"}],"wp:term":[{"taxonomy":"category","embeddable":true,"href":"https:\/\/nuevodigitaldeescobar.com.ar\/index.php?rest_route=%2Fwp%2Fv2%2Fcategories&post=18741"},{"taxonomy":"post_tag","embeddable":true,"href":"https:\/\/nuevodigitaldeescobar.com.ar\/index.php?rest_route=%2Fwp%2Fv2%2Ftags&post=18741"}],"curies":[{"name":"wp","href":"https:\/\/api.w.org\/{rel}","templated":true}]}}