{"id":18743,"date":"2025-11-03T09:32:15","date_gmt":"2025-11-03T12:32:15","guid":{"rendered":"https:\/\/nuevodigitaldeescobar.com.ar\/?p=18743"},"modified":"2025-11-03T09:32:44","modified_gmt":"2025-11-03T12:32:44","slug":"un-adolescente-fue-asesinado-en-una-pelea-con-cuchillos-en-necochea-piden-mayor-control-y-presencia-de-seguridad-nocturna","status":"publish","type":"post","link":"https:\/\/nuevodigitaldeescobar.com.ar\/?p=18743","title":{"rendered":"Un adolescente fue asesinado en una pelea con cuchillos en Necochea: piden mayor control y presencia de seguridad nocturna"},"content":{"rendered":"\n<p class=\"has-vivid-cyan-blue-color has-text-color has-link-color wp-elements-43af4006133d34b56ef7731e0edf9ecb\"><strong><em>Un nuevo hecho de violencia juvenil sacudi\u00f3 a la ciudad bonaerense de Necochea, donde un adolescente de 17 a\u00f1os muri\u00f3 tras ser apu\u00f1alado durante una pelea ocurrida frente al Complejo Casino, en plena zona costera. El atacante, tambi\u00e9n menor de edad, fue detenido por la Polic\u00eda Bonaerense.<\/em><\/strong><\/p>\n\n\n\n<!--more-->\n\n\n\n<p>El episodio, ocurrido cerca de la medianoche del viernes, qued\u00f3 registrado en un <strong>video que se viraliz\u00f3 en redes sociales<\/strong>, generando conmoci\u00f3n por la crudeza de las im\u00e1genes y la pasividad de quienes presenciaron la escena.<\/p>\n\n\n\n<figure class=\"wp-block-video aligncenter\"><video controls src=\"https:\/\/nuevodigitaldeescobar.com.ar\/wp-content\/uploads\/2025\/11\/necocuch22.mp4\"><\/video><\/figure>\n\n\n\n<hr class=\"wp-block-separator has-alpha-channel-opacity\"\/>\n\n\n\n<h3 class=\"wp-block-heading has-text-color has-link-color wp-elements-1b983be4211fc44af9609b302becc888\" style=\"color:#3b20ca\">La secuencia del crimen<\/h3>\n\n\n\n<p>La pelea comenz\u00f3 con <strong>golpes de pu\u00f1o<\/strong> y deriv\u00f3 en una <strong>ri\u00f1a con armas blancas<\/strong>, en el estacionamiento ubicado sobre la Avenida 2, entre calles 91 y 93.<br>En el video se observa c\u00f3mo los j\u00f3venes forcejean, se persiguen y finalmente uno de ellos \u2014identificado como <strong>Bautista Coronel<\/strong>, de 17 a\u00f1os\u2014 recibe una <strong>pu\u00f1alada en la ingle<\/strong>.<\/p>\n\n\n\n<p>La escena dur\u00f3 menos de dos minutos. Nadie intervino ni intent\u00f3 separar a los adolescentes, mientras otros grababan con sus celulares. Un testigo incluso <strong>devolvi\u00f3 un arma que hab\u00eda ca\u00eddo al suelo<\/strong>, en lugar de llamar a la Polic\u00eda o pedir ayuda.<\/p>\n\n\n\n<p>Pocos minutos despu\u00e9s, un llamado al <strong>911<\/strong> alert\u00f3 a los efectivos, que hallaron al joven tendido en el suelo e inconsciente. Fue trasladado de urgencia al <strong>Hospital Municipal Dr. Emilio Ferreyra<\/strong>, donde ingres\u00f3 al quir\u00f3fano, pero <strong>falleci\u00f3 por un shock hipovol\u00e9mico<\/strong> causado por la herida.<\/p>\n\n\n\n<hr class=\"wp-block-separator has-alpha-channel-opacity\"\/>\n\n\n\n<h3 class=\"wp-block-heading has-text-color has-link-color wp-elements-87e9e942b782fb1d780428a5306d79ed\" style=\"color:#3b20ca\">Investigaci\u00f3n y detenci\u00f3n<\/h3>\n\n\n\n<p>El agresor, de <strong>16 a\u00f1os<\/strong>, fue arrestado en el lugar. Durante el operativo policial, se incautaron una <strong>remera con manchas de sangre<\/strong>, un <strong>cuchillo con mango de madera<\/strong> y un <strong>punz\u00f3n casero<\/strong>, que habr\u00edan sido utilizados durante la pelea y luego <strong>enterrados en la arena<\/strong>.<\/p>\n\n\n\n<p>La causa qued\u00f3 en manos de la <strong>Fiscal\u00eda Penal Juvenil N.\u00ba 4 de Necochea<\/strong>, a cargo de la fiscal <strong>Ver\u00f3nica Posse<\/strong>, bajo la car\u00e1tula de <strong>\u201chomicidio calificado por el uso de arma blanca\u201d<\/strong>.<br>El menor permanece alojado en el <strong>Centro de Contenci\u00f3n de Menores de Bat\u00e1n<\/strong>, mientras la fiscal espera los resultados de la autopsia y avanza en la toma de testimonios para determinar si hubo instigadores o c\u00f3mplices.<\/p>\n\n\n\n<hr class=\"wp-block-separator has-alpha-channel-opacity\"\/>\n\n\n\n<h3 class=\"wp-block-heading has-text-color has-link-color wp-elements-48ea6307bee8a581e7bfbec273eef300\" style=\"color:#3b20ca\">Inseguridad nocturna y falta de prevenci\u00f3n<\/h3>\n\n\n\n<p>Vecinos y comerciantes del sector expresaron su preocupaci\u00f3n por la <strong>reiteraci\u00f3n de peleas y descontrol en la zona costera<\/strong>, especialmente los fines de semana. <em>\u201cSe ven peleas cada s\u00e1bado y nadie hace nada\u201d<\/em>, lament\u00f3 un residente del barrio Villa Balnearia.<\/p>\n\n\n\n<p>El caso reaviva el debate sobre la <strong>falta de presencia policial y controles preventivos durante la noche<\/strong>, especialmente en \u00e1reas tur\u00edsticas donde los j\u00f3venes se re\u00fanen sin supervisi\u00f3n.<\/p>\n\n\n\n<p>El video del crimen, que ser\u00e1 parte clave de la causa judicial, tambi\u00e9n plantea un interrogante social urgente: <strong>la indiferencia frente a la violencia<\/strong> y la normalizaci\u00f3n de grabar tragedias en lugar de intervenir o pedir ayuda.<\/p>\n\n\n\n<hr class=\"wp-block-separator has-alpha-channel-opacity\"\/>\n\n\n\n<p>La muerte de Bautista Coronel no s\u00f3lo deja una familia devastada, sino que pone en evidencia la necesidad de <strong>pol\u00edticas p\u00fablicas que fortalezcan la seguridad urbana, el control en horarios nocturnos y la contenci\u00f3n juvenil<\/strong>.<br>Evitar que hechos como este se repitan depende tanto del accionar policial como del <strong>compromiso ciudadano<\/strong> para no mirar hacia otro lado.<\/p>\n","protected":false},"excerpt":{"rendered":"<p>Un nuevo hecho de violencia juvenil sacudi\u00f3 a la ciudad bonaerense de Necochea, donde un adolescente de 17 a\u00f1os muri\u00f3 tras ser apu\u00f1alado durante una [&hellip;]<\/p>\n","protected":false},"author":1,"featured_media":18745,"comment_status":"open","ping_status":"open","sticky":false,"template":"","format":"standard","meta":{"footnotes":""},"categories":[13],"tags":[],"class_list":["post-18743","post","type-post","status-publish","format-standard","has-post-thumbnail","hentry","category-policiales"],"better_featured_image":{"id":18745,"alt_text":"","caption":"","description":"","media_type":"image","media_details":{"width":582,"height":313,"file":"2025\/11\/necocuch3.png","filesize":144098,"sizes":{"medium":{"file":"necocuch3-300x161.png","width":300,"height":161,"mime-type":"image\/png","filesize":25549,"source_url":"https:\/\/nuevodigitaldeescobar.com.ar\/wp-content\/uploads\/2025\/11\/necocuch3-300x161.png"},"thumbnail":{"file":"necocuch3-150x150.png","width":150,"height":150,"mime-type":"image\/png","filesize":16554,"source_url":"https:\/\/nuevodigitaldeescobar.com.ar\/wp-content\/uploads\/2025\/11\/necocuch3-150x150.png"}},"image_meta":{"aperture":"0","credit":"","camera":"","caption":"","created_timestamp":"0","copyright":"","focal_length":"0","iso":"0","shutter_speed":"0","title":"","orientation":"0","keywords":[]}},"post":18743,"source_url":"https:\/\/nuevodigitaldeescobar.com.ar\/wp-content\/uploads\/2025\/11\/necocuch3.png"},"yoast_head":"<!-- This site is optimized with the Yoast SEO plugin v26.1.1 - https:\/\/yoast.com\/wordpress\/plugins\/seo\/ -->\n<title>Un adolescente fue asesinado en una pelea con cuchillos en Necochea: piden mayor control y presencia de seguridad nocturna - Nuevo Digital de Escobar<\/title>\n<meta name=\"robots\" content=\"index, follow, max-snippet:-1, max-image-preview:large, max-video-preview:-1\" \/>\n<link rel=\"canonical\" href=\"https:\/\/nuevodigitaldeescobar.com.ar\/?p=18743\" \/>\n<meta property=\"og:locale\" content=\"es_ES\" \/>\n<meta property=\"og:type\" content=\"article\" \/>\n<meta property=\"og:title\" content=\"Un adolescente fue asesinado en una pelea con cuchillos en Necochea: piden mayor control y presencia de seguridad nocturna - Nuevo Digital de Escobar\" \/>\n<meta property=\"og:description\" content=\"Un nuevo hecho de violencia juvenil sacudi\u00f3 a la ciudad bonaerense de Necochea, donde un adolescente de 17 a\u00f1os muri\u00f3 tras ser apu\u00f1alado durante una [&hellip;]\" \/>\n<meta property=\"og:url\" content=\"https:\/\/nuevodigitaldeescobar.com.ar\/?p=18743\" \/>\n<meta property=\"og:site_name\" content=\"Nuevo Digital de Escobar\" \/>\n<meta property=\"article:publisher\" content=\"https:\/\/www.facebook.com\/NUEVODigitalDeEscobar\" \/>\n<meta property=\"article:published_time\" content=\"2025-11-03T12:32:15+00:00\" \/>\n<meta property=\"article:modified_time\" content=\"2025-11-03T12:32:44+00:00\" \/>\n<meta property=\"og:image\" content=\"http:\/\/nuevodigitaldeescobar.com.ar\/wp-content\/uploads\/2025\/11\/necocuch3.png\" \/>\n\t<meta property=\"og:image:width\" content=\"582\" \/>\n\t<meta property=\"og:image:height\" content=\"313\" \/>\n\t<meta property=\"og:image:type\" content=\"image\/png\" \/>\n<meta name=\"author\" content=\"Redacci\u00f3n\" \/>\n<meta name=\"twitter:card\" content=\"summary_large_image\" \/>\n<meta name=\"twitter:creator\" content=\"@nuevodigescobar\" \/>\n<meta name=\"twitter:site\" content=\"@nuevodigescobar\" \/>\n<meta name=\"twitter:label1\" content=\"Escrito por\" \/>\n\t<meta name=\"twitter:data1\" content=\"Redacci\u00f3n\" \/>\n\t<meta name=\"twitter:label2\" content=\"Tiempo de lectura\" \/>\n\t<meta name=\"twitter:data2\" content=\"3 minutos\" \/>\n<script type=\"application\/ld+json\" class=\"yoast-schema-graph\">{\"@context\":\"https:\/\/schema.org\",\"@graph\":[{\"@type\":\"Article\",\"@id\":\"https:\/\/nuevodigitaldeescobar.com.ar\/?p=18743#article\",\"isPartOf\":{\"@id\":\"https:\/\/nuevodigitaldeescobar.com.ar\/?p=18743\"},\"author\":{\"name\":\"Redacci\u00f3n\",\"@id\":\"https:\/\/nuevodigitaldeescobar.com.ar\/#\/schema\/person\/035e90a8efe9a80e6eec22656ad6ea4c\"},\"headline\":\"Un adolescente fue asesinado en una pelea con cuchillos en Necochea: piden mayor control y presencia de seguridad nocturna\",\"datePublished\":\"2025-11-03T12:32:15+00:00\",\"dateModified\":\"2025-11-03T12:32:44+00:00\",\"mainEntityOfPage\":{\"@id\":\"https:\/\/nuevodigitaldeescobar.com.ar\/?p=18743\"},\"wordCount\":570,\"commentCount\":0,\"publisher\":{\"@id\":\"https:\/\/nuevodigitaldeescobar.com.ar\/#organization\"},\"image\":{\"@id\":\"https:\/\/nuevodigitaldeescobar.com.ar\/?p=18743#primaryimage\"},\"thumbnailUrl\":\"https:\/\/nuevodigitaldeescobar.com.ar\/wp-content\/uploads\/2025\/11\/necocuch3.png\",\"articleSection\":[\"Policiales\"],\"inLanguage\":\"es\",\"potentialAction\":[{\"@type\":\"CommentAction\",\"name\":\"Comment\",\"target\":[\"https:\/\/nuevodigitaldeescobar.com.ar\/?p=18743#respond\"]}]},{\"@type\":\"WebPage\",\"@id\":\"https:\/\/nuevodigitaldeescobar.com.ar\/?p=18743\",\"url\":\"https:\/\/nuevodigitaldeescobar.com.ar\/?p=18743\",\"name\":\"Un adolescente fue asesinado en una pelea con cuchillos en Necochea: piden mayor control y presencia de seguridad nocturna - Nuevo Digital de Escobar\",\"isPartOf\":{\"@id\":\"https:\/\/nuevodigitaldeescobar.com.ar\/#website\"},\"primaryImageOfPage\":{\"@id\":\"https:\/\/nuevodigitaldeescobar.com.ar\/?p=18743#primaryimage\"},\"image\":{\"@id\":\"https:\/\/nuevodigitaldeescobar.com.ar\/?p=18743#primaryimage\"},\"thumbnailUrl\":\"https:\/\/nuevodigitaldeescobar.com.ar\/wp-content\/uploads\/2025\/11\/necocuch3.png\",\"datePublished\":\"2025-11-03T12:32:15+00:00\",\"dateModified\":\"2025-11-03T12:32:44+00:00\",\"breadcrumb\":{\"@id\":\"https:\/\/nuevodigitaldeescobar.com.ar\/?p=18743#breadcrumb\"},\"inLanguage\":\"es\",\"potentialAction\":[{\"@type\":\"ReadAction\",\"target\":[\"https:\/\/nuevodigitaldeescobar.com.ar\/?p=18743\"]}]},{\"@type\":\"ImageObject\",\"inLanguage\":\"es\",\"@id\":\"https:\/\/nuevodigitaldeescobar.com.ar\/?p=18743#primaryimage\",\"url\":\"https:\/\/nuevodigitaldeescobar.com.ar\/wp-content\/uploads\/2025\/11\/necocuch3.png\",\"contentUrl\":\"https:\/\/nuevodigitaldeescobar.com.ar\/wp-content\/uploads\/2025\/11\/necocuch3.png\",\"width\":582,\"height\":313},{\"@type\":\"BreadcrumbList\",\"@id\":\"https:\/\/nuevodigitaldeescobar.com.ar\/?p=18743#breadcrumb\",\"itemListElement\":[{\"@type\":\"ListItem\",\"position\":1,\"name\":\"Portada\",\"item\":\"https:\/\/nuevodigitaldeescobar.com.ar\/\"},{\"@type\":\"ListItem\",\"position\":2,\"name\":\"Un adolescente fue asesinado en una pelea con cuchillos en Necochea: piden mayor control y presencia de seguridad nocturna\"}]},{\"@type\":\"WebSite\",\"@id\":\"https:\/\/nuevodigitaldeescobar.com.ar\/#website\",\"url\":\"https:\/\/nuevodigitaldeescobar.com.ar\/\",\"name\":\"Nuevo Digital de Escobar\",\"description\":\"La vida escobarense. Directora: Rosana Brunner\",\"publisher\":{\"@id\":\"https:\/\/nuevodigitaldeescobar.com.ar\/#organization\"},\"potentialAction\":[{\"@type\":\"SearchAction\",\"target\":{\"@type\":\"EntryPoint\",\"urlTemplate\":\"https:\/\/nuevodigitaldeescobar.com.ar\/?s={search_term_string}\"},\"query-input\":{\"@type\":\"PropertyValueSpecification\",\"valueRequired\":true,\"valueName\":\"search_term_string\"}}],\"inLanguage\":\"es\"},{\"@type\":\"Organization\",\"@id\":\"https:\/\/nuevodigitaldeescobar.com.ar\/#organization\",\"name\":\"Nuevo Digital de Escobar\",\"url\":\"https:\/\/nuevodigitaldeescobar.com.ar\/\",\"logo\":{\"@type\":\"ImageObject\",\"inLanguage\":\"es\",\"@id\":\"https:\/\/nuevodigitaldeescobar.com.ar\/#\/schema\/logo\/image\/\",\"url\":\"https:\/\/nuevodigitaldeescobar.com.ar\/wp-content\/uploads\/2025\/05\/cropped-logo-nuevo2.jpg\",\"contentUrl\":\"https:\/\/nuevodigitaldeescobar.com.ar\/wp-content\/uploads\/2025\/05\/cropped-logo-nuevo2.jpg\",\"width\":305,\"height\":305,\"caption\":\"Nuevo Digital de Escobar\"},\"image\":{\"@id\":\"https:\/\/nuevodigitaldeescobar.com.ar\/#\/schema\/logo\/image\/\"},\"sameAs\":[\"https:\/\/www.facebook.com\/NUEVODigitalDeEscobar\",\"https:\/\/x.com\/nuevodigescobar\",\"https:\/\/www.instagram.com\/nuevodigitaldeescobar\"]},{\"@type\":\"Person\",\"@id\":\"https:\/\/nuevodigitaldeescobar.com.ar\/#\/schema\/person\/035e90a8efe9a80e6eec22656ad6ea4c\",\"name\":\"Redacci\u00f3n\",\"image\":{\"@type\":\"ImageObject\",\"inLanguage\":\"es\",\"@id\":\"https:\/\/nuevodigitaldeescobar.com.ar\/#\/schema\/person\/image\/\",\"url\":\"https:\/\/secure.gravatar.com\/avatar\/8af8f40000c24e9eef3034f2be5998a372bb1389e64b1a4a36b3a7979142220d?s=96&d=mm&r=g\",\"contentUrl\":\"https:\/\/secure.gravatar.com\/avatar\/8af8f40000c24e9eef3034f2be5998a372bb1389e64b1a4a36b3a7979142220d?s=96&d=mm&r=g\",\"caption\":\"Redacci\u00f3n\"},\"sameAs\":[\"http:\/\/nuevodigitaldeescobar.com.ar\"],\"url\":\"https:\/\/nuevodigitaldeescobar.com.ar\/?author=1\"}]}<\/script>\n<!-- \/ Yoast SEO plugin. -->","yoast_head_json":{"title":"Un adolescente fue asesinado en una pelea con cuchillos en Necochea: piden mayor control y presencia de seguridad nocturna - Nuevo Digital de Escobar","robots":{"index":"index","follow":"follow","max-snippet":"max-snippet:-1","max-image-preview":"max-image-preview:large","max-video-preview":"max-video-preview:-1"},"canonical":"https:\/\/nuevodigitaldeescobar.com.ar\/?p=18743","og_locale":"es_ES","og_type":"article","og_title":"Un adolescente fue asesinado en una pelea con cuchillos en Necochea: piden mayor control y presencia de seguridad nocturna - Nuevo Digital de Escobar","og_description":"Un nuevo hecho de violencia juvenil sacudi\u00f3 a la ciudad bonaerense de Necochea, donde un adolescente de 17 a\u00f1os muri\u00f3 tras ser apu\u00f1alado durante una [&hellip;]","og_url":"https:\/\/nuevodigitaldeescobar.com.ar\/?p=18743","og_site_name":"Nuevo Digital de Escobar","article_publisher":"https:\/\/www.facebook.com\/NUEVODigitalDeEscobar","article_published_time":"2025-11-03T12:32:15+00:00","article_modified_time":"2025-11-03T12:32:44+00:00","og_image":[{"width":582,"height":313,"url":"http:\/\/nuevodigitaldeescobar.com.ar\/wp-content\/uploads\/2025\/11\/necocuch3.png","type":"image\/png"}],"author":"Redacci\u00f3n","twitter_card":"summary_large_image","twitter_creator":"@nuevodigescobar","twitter_site":"@nuevodigescobar","twitter_misc":{"Escrito por":"Redacci\u00f3n","Tiempo de lectura":"3 minutos"},"schema":{"@context":"https:\/\/schema.org","@graph":[{"@type":"Article","@id":"https:\/\/nuevodigitaldeescobar.com.ar\/?p=18743#article","isPartOf":{"@id":"https:\/\/nuevodigitaldeescobar.com.ar\/?p=18743"},"author":{"name":"Redacci\u00f3n","@id":"https:\/\/nuevodigitaldeescobar.com.ar\/#\/schema\/person\/035e90a8efe9a80e6eec22656ad6ea4c"},"headline":"Un adolescente fue asesinado en una pelea con cuchillos en Necochea: piden mayor control y presencia de seguridad nocturna","datePublished":"2025-11-03T12:32:15+00:00","dateModified":"2025-11-03T12:32:44+00:00","mainEntityOfPage":{"@id":"https:\/\/nuevodigitaldeescobar.com.ar\/?p=18743"},"wordCount":570,"commentCount":0,"publisher":{"@id":"https:\/\/nuevodigitaldeescobar.com.ar\/#organization"},"image":{"@id":"https:\/\/nuevodigitaldeescobar.com.ar\/?p=18743#primaryimage"},"thumbnailUrl":"https:\/\/nuevodigitaldeescobar.com.ar\/wp-content\/uploads\/2025\/11\/necocuch3.png","articleSection":["Policiales"],"inLanguage":"es","potentialAction":[{"@type":"CommentAction","name":"Comment","target":["https:\/\/nuevodigitaldeescobar.com.ar\/?p=18743#respond"]}]},{"@type":"WebPage","@id":"https:\/\/nuevodigitaldeescobar.com.ar\/?p=18743","url":"https:\/\/nuevodigitaldeescobar.com.ar\/?p=18743","name":"Un adolescente fue asesinado en una pelea con cuchillos en Necochea: piden mayor control y presencia de seguridad nocturna - Nuevo Digital de Escobar","isPartOf":{"@id":"https:\/\/nuevodigitaldeescobar.com.ar\/#website"},"primaryImageOfPage":{"@id":"https:\/\/nuevodigitaldeescobar.com.ar\/?p=18743#primaryimage"},"image":{"@id":"https:\/\/nuevodigitaldeescobar.com.ar\/?p=18743#primaryimage"},"thumbnailUrl":"https:\/\/nuevodigitaldeescobar.com.ar\/wp-content\/uploads\/2025\/11\/necocuch3.png","datePublished":"2025-11-03T12:32:15+00:00","dateModified":"2025-11-03T12:32:44+00:00","breadcrumb":{"@id":"https:\/\/nuevodigitaldeescobar.com.ar\/?p=18743#breadcrumb"},"inLanguage":"es","potentialAction":[{"@type":"ReadAction","target":["https:\/\/nuevodigitaldeescobar.com.ar\/?p=18743"]}]},{"@type":"ImageObject","inLanguage":"es","@id":"https:\/\/nuevodigitaldeescobar.com.ar\/?p=18743#primaryimage","url":"https:\/\/nuevodigitaldeescobar.com.ar\/wp-content\/uploads\/2025\/11\/necocuch3.png","contentUrl":"https:\/\/nuevodigitaldeescobar.com.ar\/wp-content\/uploads\/2025\/11\/necocuch3.png","width":582,"height":313},{"@type":"BreadcrumbList","@id":"https:\/\/nuevodigitaldeescobar.com.ar\/?p=18743#breadcrumb","itemListElement":[{"@type":"ListItem","position":1,"name":"Portada","item":"https:\/\/nuevodigitaldeescobar.com.ar\/"},{"@type":"ListItem","position":2,"name":"Un adolescente fue asesinado en una pelea con cuchillos en Necochea: piden mayor control y presencia de seguridad nocturna"}]},{"@type":"WebSite","@id":"https:\/\/nuevodigitaldeescobar.com.ar\/#website","url":"https:\/\/nuevodigitaldeescobar.com.ar\/","name":"Nuevo Digital de Escobar","description":"La vida escobarense. Directora: Rosana Brunner","publisher":{"@id":"https:\/\/nuevodigitaldeescobar.com.ar\/#organization"},"potentialAction":[{"@type":"SearchAction","target":{"@type":"EntryPoint","urlTemplate":"https:\/\/nuevodigitaldeescobar.com.ar\/?s={search_term_string}"},"query-input":{"@type":"PropertyValueSpecification","valueRequired":true,"valueName":"search_term_string"}}],"inLanguage":"es"},{"@type":"Organization","@id":"https:\/\/nuevodigitaldeescobar.com.ar\/#organization","name":"Nuevo Digital de Escobar","url":"https:\/\/nuevodigitaldeescobar.com.ar\/","logo":{"@type":"ImageObject","inLanguage":"es","@id":"https:\/\/nuevodigitaldeescobar.com.ar\/#\/schema\/logo\/image\/","url":"https:\/\/nuevodigitaldeescobar.com.ar\/wp-content\/uploads\/2025\/05\/cropped-logo-nuevo2.jpg","contentUrl":"https:\/\/nuevodigitaldeescobar.com.ar\/wp-content\/uploads\/2025\/05\/cropped-logo-nuevo2.jpg","width":305,"height":305,"caption":"Nuevo Digital de Escobar"},"image":{"@id":"https:\/\/nuevodigitaldeescobar.com.ar\/#\/schema\/logo\/image\/"},"sameAs":["https:\/\/www.facebook.com\/NUEVODigitalDeEscobar","https:\/\/x.com\/nuevodigescobar","https:\/\/www.instagram.com\/nuevodigitaldeescobar"]},{"@type":"Person","@id":"https:\/\/nuevodigitaldeescobar.com.ar\/#\/schema\/person\/035e90a8efe9a80e6eec22656ad6ea4c","name":"Redacci\u00f3n","image":{"@type":"ImageObject","inLanguage":"es","@id":"https:\/\/nuevodigitaldeescobar.com.ar\/#\/schema\/person\/image\/","url":"https:\/\/secure.gravatar.com\/avatar\/8af8f40000c24e9eef3034f2be5998a372bb1389e64b1a4a36b3a7979142220d?s=96&d=mm&r=g","contentUrl":"https:\/\/secure.gravatar.com\/avatar\/8af8f40000c24e9eef3034f2be5998a372bb1389e64b1a4a36b3a7979142220d?s=96&d=mm&r=g","caption":"Redacci\u00f3n"},"sameAs":["http:\/\/nuevodigitaldeescobar.com.ar"],"url":"https:\/\/nuevodigitaldeescobar.com.ar\/?author=1"}]}},"featured_image_urls":{"full":["https:\/\/nuevodigitaldeescobar.com.ar\/wp-content\/uploads\/2025\/11\/necocuch3.png",582,313,false],"thumbnail":["https:\/\/nuevodigitaldeescobar.com.ar\/wp-content\/uploads\/2025\/11\/necocuch3-150x150.png",150,150,true],"medium":["https:\/\/nuevodigitaldeescobar.com.ar\/wp-content\/uploads\/2025\/11\/necocuch3-300x161.png",300,161,true],"medium_large":["https:\/\/nuevodigitaldeescobar.com.ar\/wp-content\/uploads\/2025\/11\/necocuch3.png",582,313,false],"large":["https:\/\/nuevodigitaldeescobar.com.ar\/wp-content\/uploads\/2025\/11\/necocuch3.png",582,313,false],"1536x1536":["https:\/\/nuevodigitaldeescobar.com.ar\/wp-content\/uploads\/2025\/11\/necocuch3.png",582,313,false],"2048x2048":["https:\/\/nuevodigitaldeescobar.com.ar\/wp-content\/uploads\/2025\/11\/necocuch3.png",582,313,false]},"author_info":{"display_name":"Redacci\u00f3n","author_link":"https:\/\/nuevodigitaldeescobar.com.ar\/?author=1"},"category_info":"<a href=\"https:\/\/nuevodigitaldeescobar.com.ar\/?cat=13\" rel=\"category\">Policiales<\/a>","tag_info":"Policiales","comment_count":"0","_links":{"self":[{"href":"https:\/\/nuevodigitaldeescobar.com.ar\/index.php?rest_route=\/wp\/v2\/posts\/18743","targetHints":{"allow":["GET"]}}],"collection":[{"href":"https:\/\/nuevodigitaldeescobar.com.ar\/index.php?rest_route=\/wp\/v2\/posts"}],"about":[{"href":"https:\/\/nuevodigitaldeescobar.com.ar\/index.php?rest_route=\/wp\/v2\/types\/post"}],"author":[{"embeddable":true,"href":"https:\/\/nuevodigitaldeescobar.com.ar\/index.php?rest_route=\/wp\/v2\/users\/1"}],"replies":[{"embeddable":true,"href":"https:\/\/nuevodigitaldeescobar.com.ar\/index.php?rest_route=%2Fwp%2Fv2%2Fcomments&post=18743"}],"version-history":[{"count":1,"href":"https:\/\/nuevodigitaldeescobar.com.ar\/index.php?rest_route=\/wp\/v2\/posts\/18743\/revisions"}],"predecessor-version":[{"id":18746,"href":"https:\/\/nuevodigitaldeescobar.com.ar\/index.php?rest_route=\/wp\/v2\/posts\/18743\/revisions\/18746"}],"wp:featuredmedia":[{"embeddable":true,"href":"https:\/\/nuevodigitaldeescobar.com.ar\/index.php?rest_route=\/wp\/v2\/media\/18745"}],"wp:attachment":[{"href":"https:\/\/nuevodigitaldeescobar.com.ar\/index.php?rest_route=%2Fwp%2Fv2%2Fmedia&parent=18743"}],"wp:term":[{"taxonomy":"category","embeddable":true,"href":"https:\/\/nuevodigitaldeescobar.com.ar\/index.php?rest_route=%2Fwp%2Fv2%2Fcategories&post=18743"},{"taxonomy":"post_tag","embeddable":true,"href":"https:\/\/nuevodigitaldeescobar.com.ar\/index.php?rest_route=%2Fwp%2Fv2%2Ftags&post=18743"}],"curies":[{"name":"wp","href":"https:\/\/api.w.org\/{rel}","templated":true}]}}