{"id":18747,"date":"2025-11-04T08:30:59","date_gmt":"2025-11-04T11:30:59","guid":{"rendered":"https:\/\/nuevodigitaldeescobar.com.ar\/?p=18747"},"modified":"2025-11-04T08:31:31","modified_gmt":"2025-11-04T11:31:31","slug":"alerta-amarilla-por-tormentas-en-escobar-y-el-amba-se-esperan-lluvias-intensas-rafagas-y-descenso-de-temperatura","status":"publish","type":"post","link":"https:\/\/nuevodigitaldeescobar.com.ar\/?p=18747","title":{"rendered":"Alerta amarilla por tormentas en Escobar y el AMBA: se esperan lluvias intensas, r\u00e1fagas y descenso de temperatura"},"content":{"rendered":"\n<p class=\"has-vivid-cyan-blue-color has-text-color has-link-color wp-elements-f11fa31c36c27ee0eabdb25881ec5622\"><strong><em>El Servicio Meteorol\u00f3gico Nacional (SMN) emiti\u00f3 una alerta amarilla por tormentas fuertes que abarca a todo el \u00c1rea Metropolitana de Buenos Aires (AMBA), incluyendo Bel\u00e9n de Escobar y sus alrededores. El organismo advierte que durante este martes se registrar\u00e1n lluvias intensas, actividad el\u00e9ctrica, r\u00e1fagas de viento y posible ca\u00edda de granizo, por lo que se recomienda a los vecinos extremar las precauciones.<\/em><\/strong><\/p>\n\n\n\n<!--more-->\n\n\n\n<p>Seg\u00fan el pron\u00f3stico oficial, el d\u00eda comenz\u00f3 con un clima <strong>c\u00e1lido y h\u00famedo<\/strong>, alcanzando los <strong>23\u00b0C por la ma\u00f1ana<\/strong>, pero hacia la tarde el frente de tormenta provocar\u00e1 un <strong>aumento del caudal de lluvia y del viento<\/strong>, con temperaturas cercanas a los <strong>25\u00b0C<\/strong>. Hacia la noche, las condiciones mejorar\u00e1n parcialmente, aunque podr\u00edan persistir <strong>chaparrones aislados<\/strong>, con una m\u00ednima de <strong>19\u00b0C<\/strong>.<\/p>\n\n\n\n<hr class=\"wp-block-separator has-alpha-channel-opacity\"\/>\n\n\n\n<h3 class=\"wp-block-heading\">Recomendaciones ante la alerta<\/h3>\n\n\n\n<p>El SMN sugiere tomar las siguientes medidas preventivas:<\/p>\n\n\n\n<ul class=\"wp-block-list\">\n<li>No sacar la basura ni dejar objetos sueltos que puedan obstruir desag\u00fces.<\/li>\n\n\n\n<li>Evitar actividades al aire libre y circular bajo \u00e1rboles o cables el\u00e9ctricos.<\/li>\n\n\n\n<li>Alejarse de r\u00edos, piletas o zonas abiertas durante tormentas el\u00e9ctricas.<\/li>\n\n\n\n<li>Tener a mano una <strong>mochila de emergencia<\/strong> con linterna, radio, documentos y tel\u00e9fono cargado.<\/li>\n\n\n\n<li>Estar atentos a los canales oficiales y avisos meteorol\u00f3gicos actualizados.<\/li>\n<\/ul>\n\n\n\n<hr class=\"wp-block-separator has-alpha-channel-opacity\"\/>\n\n\n\n<h3 class=\"wp-block-heading\">Pron\u00f3stico extendido para Escobar y el AMBA<\/h3>\n\n\n\n<figure class=\"wp-block-table is-style-stripes\"><table class=\"has-luminous-vivid-amber-to-luminous-vivid-orange-gradient-background has-background has-fixed-layout\"><thead><tr><th>D\u00eda<\/th><th>Condici\u00f3n<\/th><th>Temperatura M\u00ednima<\/th><th>Temperatura M\u00e1xima<\/th><th>Probabilidad de Lluvia<\/th><\/tr><\/thead><tbody><tr><td><strong>Martes<\/strong><\/td><td>Tormentas fuertes, chaparrones por la noche<\/td><td>19\u00b0C<\/td><td>25\u00b0C<\/td><td>90%<\/td><\/tr><tr><td><strong>Mi\u00e9rcoles<\/strong><\/td><td>Nubosidad variable, baja chance de lluvia<\/td><td>12\u00b0C<\/td><td>21\u00b0C<\/td><td>10%<\/td><\/tr><tr><td><strong>Jueves<\/strong><\/td><td>Cielo nublado durante toda la jornada<\/td><td>13\u00b0C<\/td><td>20\u00b0C<\/td><td>20%<\/td><\/tr><tr><td><strong>Viernes<\/strong><\/td><td>Lluvias aisladas por la ma\u00f1ana, nublado por la tarde<\/td><td>15\u00b0C<\/td><td>19\u00b0C<\/td><td>60%<\/td><\/tr><tr><td><strong>S\u00e1bado<\/strong><\/td><td>Cielo parcialmente nublado, leve descenso t\u00e9rmico<\/td><td>11\u00b0C<\/td><td>18\u00b0C<\/td><td>15%<\/td><\/tr><tr><td><strong>Domingo<\/strong><\/td><td>Nublado con posibles lloviznas matinales<\/td><td>12\u00b0C<\/td><td>19\u00b0C<\/td><td>30%<\/td><\/tr><\/tbody><\/table><\/figure>\n\n\n\n<hr class=\"wp-block-separator has-alpha-channel-opacity\"\/>\n\n\n\n<h3 class=\"wp-block-heading\">Panorama general en la provincia<\/h3>\n\n\n\n<p>En el interior bonaerense tambi\u00e9n se reportan <strong>tormentas fuertes<\/strong> en los distritos de <strong>Ayacucho, Dolores, Castelli, Rauch y General Lavalle<\/strong>, mientras que en el norte provincial \u2014entre ellos <strong>Pergamino y Arrecifes<\/strong>\u2014 se registran <strong>lluvias intensas con r\u00e1fagas de viento<\/strong>.<\/p>\n\n\n\n<p>El patr\u00f3n clim\u00e1tico de los pr\u00f3ximos d\u00edas, explicaron especialistas, responde a una <strong>atm\u00f3sfera muy activa y h\u00fameda<\/strong>, que mantendr\u00e1 las <strong>temperaturas algo por debajo del promedio<\/strong> y un ambiente <strong>fresco e inestable<\/strong> en gran parte del territorio bonaerense.<\/p>\n\n\n\n<hr class=\"wp-block-separator has-alpha-channel-opacity\"\/>\n\n\n\n<p>La combinaci\u00f3n de <strong>alta humedad, tormentas y viento<\/strong> marcar\u00e1 el clima de la semana en Escobar y el resto del AMBA. Se recomienda <strong>evitar traslados innecesarios durante las lluvias<\/strong> y mantenerse informado ante posibles <strong>nuevas alertas meteorol\u00f3gicas<\/strong>.<\/p>\n","protected":false},"excerpt":{"rendered":"<p>El Servicio Meteorol\u00f3gico Nacional (SMN) emiti\u00f3 una alerta amarilla por tormentas fuertes que abarca a todo el \u00c1rea Metropolitana de Buenos Aires (AMBA), incluyendo Bel\u00e9n [&hellip;]<\/p>\n","protected":false},"author":1,"featured_media":877,"comment_status":"open","ping_status":"open","sticky":false,"template":"","format":"standard","meta":{"footnotes":""},"categories":[14],"tags":[],"class_list":["post-18747","post","type-post","status-publish","format-standard","has-post-thumbnail","hentry","category-clima-medioambiente-y-sostenibilidad"],"better_featured_image":{"id":877,"alt_text":"","caption":"Las tormentas se esperan durante la tarde y la noche en CABA y GBA.","description":"","media_type":"image","media_details":{"width":720,"height":398,"file":"2023\/11\/tormentas-2.jpg","filesize":35008,"sizes":{"medium":{"file":"tormentas-2-300x166.jpg","width":300,"height":166,"mime-type":"image\/jpeg","filesize":11438,"source_url":"https:\/\/nuevodigitaldeescobar.com.ar\/wp-content\/uploads\/2023\/11\/tormentas-2-300x166.jpg"},"thumbnail":{"file":"tormentas-2-150x150.jpg","width":150,"height":150,"mime-type":"image\/jpeg","filesize":7517,"source_url":"https:\/\/nuevodigitaldeescobar.com.ar\/wp-content\/uploads\/2023\/11\/tormentas-2-150x150.jpg"},"covernews-medium":{"file":"tormentas-2-540x340.jpg","width":540,"height":340,"mime-type":"image\/jpeg","filesize":25969,"source_url":"https:\/\/nuevodigitaldeescobar.com.ar\/wp-content\/uploads\/2023\/11\/tormentas-2-540x340.jpg"},"covernews-medium-square":{"file":"tormentas-2-400x250.jpg","width":400,"height":250,"mime-type":"image\/jpeg","filesize":17474,"source_url":"https:\/\/nuevodigitaldeescobar.com.ar\/wp-content\/uploads\/2023\/11\/tormentas-2-400x250.jpg"}},"image_meta":{"aperture":"0","credit":"","camera":"","caption":"","created_timestamp":"0","copyright":"","focal_length":"0","iso":"0","shutter_speed":"0","title":"","orientation":"0","keywords":[]}},"post":874,"source_url":"https:\/\/nuevodigitaldeescobar.com.ar\/wp-content\/uploads\/2023\/11\/tormentas-2.jpg"},"yoast_head":"<!-- This site is optimized with the Yoast SEO plugin v26.1.1 - https:\/\/yoast.com\/wordpress\/plugins\/seo\/ -->\n<title>Alerta amarilla por tormentas en Escobar y el AMBA: se esperan lluvias intensas, r\u00e1fagas y descenso de temperatura - Nuevo Digital de Escobar<\/title>\n<meta name=\"robots\" content=\"index, follow, max-snippet:-1, max-image-preview:large, max-video-preview:-1\" \/>\n<link rel=\"canonical\" href=\"https:\/\/nuevodigitaldeescobar.com.ar\/?p=18747\" \/>\n<meta property=\"og:locale\" content=\"es_ES\" \/>\n<meta property=\"og:type\" content=\"article\" \/>\n<meta property=\"og:title\" content=\"Alerta amarilla por tormentas en Escobar y el AMBA: se esperan lluvias intensas, r\u00e1fagas y descenso de temperatura - Nuevo Digital de Escobar\" \/>\n<meta property=\"og:description\" content=\"El Servicio Meteorol\u00f3gico Nacional (SMN) emiti\u00f3 una alerta amarilla por tormentas fuertes que abarca a todo el \u00c1rea Metropolitana de Buenos Aires (AMBA), incluyendo Bel\u00e9n [&hellip;]\" \/>\n<meta property=\"og:url\" content=\"https:\/\/nuevodigitaldeescobar.com.ar\/?p=18747\" \/>\n<meta property=\"og:site_name\" content=\"Nuevo Digital de Escobar\" \/>\n<meta property=\"article:publisher\" content=\"https:\/\/www.facebook.com\/NUEVODigitalDeEscobar\" \/>\n<meta property=\"article:published_time\" content=\"2025-11-04T11:30:59+00:00\" \/>\n<meta property=\"article:modified_time\" content=\"2025-11-04T11:31:31+00:00\" \/>\n<meta property=\"og:image\" content=\"http:\/\/nuevodigitaldeescobar.com.ar\/wp-content\/uploads\/2023\/11\/tormentas-2.jpg\" \/>\n\t<meta property=\"og:image:width\" content=\"720\" \/>\n\t<meta property=\"og:image:height\" content=\"398\" \/>\n\t<meta property=\"og:image:type\" content=\"image\/jpeg\" \/>\n<meta name=\"author\" content=\"Redacci\u00f3n\" \/>\n<meta name=\"twitter:card\" content=\"summary_large_image\" \/>\n<meta name=\"twitter:creator\" content=\"@nuevodigescobar\" \/>\n<meta name=\"twitter:site\" content=\"@nuevodigescobar\" \/>\n<meta name=\"twitter:label1\" content=\"Escrito por\" \/>\n\t<meta name=\"twitter:data1\" content=\"Redacci\u00f3n\" \/>\n\t<meta name=\"twitter:label2\" content=\"Tiempo de lectura\" \/>\n\t<meta name=\"twitter:data2\" content=\"2 minutos\" \/>\n<script type=\"application\/ld+json\" class=\"yoast-schema-graph\">{\"@context\":\"https:\/\/schema.org\",\"@graph\":[{\"@type\":\"Article\",\"@id\":\"https:\/\/nuevodigitaldeescobar.com.ar\/?p=18747#article\",\"isPartOf\":{\"@id\":\"https:\/\/nuevodigitaldeescobar.com.ar\/?p=18747\"},\"author\":{\"name\":\"Redacci\u00f3n\",\"@id\":\"https:\/\/nuevodigitaldeescobar.com.ar\/#\/schema\/person\/035e90a8efe9a80e6eec22656ad6ea4c\"},\"headline\":\"Alerta amarilla por tormentas en Escobar y el AMBA: se esperan lluvias intensas, r\u00e1fagas y descenso de temperatura\",\"datePublished\":\"2025-11-04T11:30:59+00:00\",\"dateModified\":\"2025-11-04T11:31:31+00:00\",\"mainEntityOfPage\":{\"@id\":\"https:\/\/nuevodigitaldeescobar.com.ar\/?p=18747\"},\"wordCount\":442,\"commentCount\":0,\"publisher\":{\"@id\":\"https:\/\/nuevodigitaldeescobar.com.ar\/#organization\"},\"image\":{\"@id\":\"https:\/\/nuevodigitaldeescobar.com.ar\/?p=18747#primaryimage\"},\"thumbnailUrl\":\"https:\/\/nuevodigitaldeescobar.com.ar\/wp-content\/uploads\/2023\/11\/tormentas-2.jpg\",\"articleSection\":[\"Clima, Medioambiente y Sostenibilidad\"],\"inLanguage\":\"es\",\"potentialAction\":[{\"@type\":\"CommentAction\",\"name\":\"Comment\",\"target\":[\"https:\/\/nuevodigitaldeescobar.com.ar\/?p=18747#respond\"]}]},{\"@type\":\"WebPage\",\"@id\":\"https:\/\/nuevodigitaldeescobar.com.ar\/?p=18747\",\"url\":\"https:\/\/nuevodigitaldeescobar.com.ar\/?p=18747\",\"name\":\"Alerta amarilla por tormentas en Escobar y el AMBA: se esperan lluvias intensas, r\u00e1fagas y descenso de temperatura - Nuevo Digital de Escobar\",\"isPartOf\":{\"@id\":\"https:\/\/nuevodigitaldeescobar.com.ar\/#website\"},\"primaryImageOfPage\":{\"@id\":\"https:\/\/nuevodigitaldeescobar.com.ar\/?p=18747#primaryimage\"},\"image\":{\"@id\":\"https:\/\/nuevodigitaldeescobar.com.ar\/?p=18747#primaryimage\"},\"thumbnailUrl\":\"https:\/\/nuevodigitaldeescobar.com.ar\/wp-content\/uploads\/2023\/11\/tormentas-2.jpg\",\"datePublished\":\"2025-11-04T11:30:59+00:00\",\"dateModified\":\"2025-11-04T11:31:31+00:00\",\"breadcrumb\":{\"@id\":\"https:\/\/nuevodigitaldeescobar.com.ar\/?p=18747#breadcrumb\"},\"inLanguage\":\"es\",\"potentialAction\":[{\"@type\":\"ReadAction\",\"target\":[\"https:\/\/nuevodigitaldeescobar.com.ar\/?p=18747\"]}]},{\"@type\":\"ImageObject\",\"inLanguage\":\"es\",\"@id\":\"https:\/\/nuevodigitaldeescobar.com.ar\/?p=18747#primaryimage\",\"url\":\"https:\/\/nuevodigitaldeescobar.com.ar\/wp-content\/uploads\/2023\/11\/tormentas-2.jpg\",\"contentUrl\":\"https:\/\/nuevodigitaldeescobar.com.ar\/wp-content\/uploads\/2023\/11\/tormentas-2.jpg\",\"width\":720,\"height\":398,\"caption\":\"Las tormentas se esperan durante la tarde y la noche en CABA y GBA.\"},{\"@type\":\"BreadcrumbList\",\"@id\":\"https:\/\/nuevodigitaldeescobar.com.ar\/?p=18747#breadcrumb\",\"itemListElement\":[{\"@type\":\"ListItem\",\"position\":1,\"name\":\"Portada\",\"item\":\"https:\/\/nuevodigitaldeescobar.com.ar\/\"},{\"@type\":\"ListItem\",\"position\":2,\"name\":\"Alerta amarilla por tormentas en Escobar y el AMBA: se esperan lluvias intensas, r\u00e1fagas y descenso de temperatura\"}]},{\"@type\":\"WebSite\",\"@id\":\"https:\/\/nuevodigitaldeescobar.com.ar\/#website\",\"url\":\"https:\/\/nuevodigitaldeescobar.com.ar\/\",\"name\":\"Nuevo Digital de Escobar\",\"description\":\"La vida escobarense. Directora: Rosana Brunner\",\"publisher\":{\"@id\":\"https:\/\/nuevodigitaldeescobar.com.ar\/#organization\"},\"potentialAction\":[{\"@type\":\"SearchAction\",\"target\":{\"@type\":\"EntryPoint\",\"urlTemplate\":\"https:\/\/nuevodigitaldeescobar.com.ar\/?s={search_term_string}\"},\"query-input\":{\"@type\":\"PropertyValueSpecification\",\"valueRequired\":true,\"valueName\":\"search_term_string\"}}],\"inLanguage\":\"es\"},{\"@type\":\"Organization\",\"@id\":\"https:\/\/nuevodigitaldeescobar.com.ar\/#organization\",\"name\":\"Nuevo Digital de Escobar\",\"url\":\"https:\/\/nuevodigitaldeescobar.com.ar\/\",\"logo\":{\"@type\":\"ImageObject\",\"inLanguage\":\"es\",\"@id\":\"https:\/\/nuevodigitaldeescobar.com.ar\/#\/schema\/logo\/image\/\",\"url\":\"https:\/\/nuevodigitaldeescobar.com.ar\/wp-content\/uploads\/2025\/05\/cropped-logo-nuevo2.jpg\",\"contentUrl\":\"https:\/\/nuevodigitaldeescobar.com.ar\/wp-content\/uploads\/2025\/05\/cropped-logo-nuevo2.jpg\",\"width\":305,\"height\":305,\"caption\":\"Nuevo Digital de Escobar\"},\"image\":{\"@id\":\"https:\/\/nuevodigitaldeescobar.com.ar\/#\/schema\/logo\/image\/\"},\"sameAs\":[\"https:\/\/www.facebook.com\/NUEVODigitalDeEscobar\",\"https:\/\/x.com\/nuevodigescobar\",\"https:\/\/www.instagram.com\/nuevodigitaldeescobar\"]},{\"@type\":\"Person\",\"@id\":\"https:\/\/nuevodigitaldeescobar.com.ar\/#\/schema\/person\/035e90a8efe9a80e6eec22656ad6ea4c\",\"name\":\"Redacci\u00f3n\",\"image\":{\"@type\":\"ImageObject\",\"inLanguage\":\"es\",\"@id\":\"https:\/\/nuevodigitaldeescobar.com.ar\/#\/schema\/person\/image\/\",\"url\":\"https:\/\/secure.gravatar.com\/avatar\/8af8f40000c24e9eef3034f2be5998a372bb1389e64b1a4a36b3a7979142220d?s=96&d=mm&r=g\",\"contentUrl\":\"https:\/\/secure.gravatar.com\/avatar\/8af8f40000c24e9eef3034f2be5998a372bb1389e64b1a4a36b3a7979142220d?s=96&d=mm&r=g\",\"caption\":\"Redacci\u00f3n\"},\"sameAs\":[\"http:\/\/nuevodigitaldeescobar.com.ar\"],\"url\":\"https:\/\/nuevodigitaldeescobar.com.ar\/?author=1\"}]}<\/script>\n<!-- \/ Yoast SEO plugin. -->","yoast_head_json":{"title":"Alerta amarilla por tormentas en Escobar y el AMBA: se esperan lluvias intensas, r\u00e1fagas y descenso de temperatura - Nuevo Digital de Escobar","robots":{"index":"index","follow":"follow","max-snippet":"max-snippet:-1","max-image-preview":"max-image-preview:large","max-video-preview":"max-video-preview:-1"},"canonical":"https:\/\/nuevodigitaldeescobar.com.ar\/?p=18747","og_locale":"es_ES","og_type":"article","og_title":"Alerta amarilla por tormentas en Escobar y el AMBA: se esperan lluvias intensas, r\u00e1fagas y descenso de temperatura - Nuevo Digital de Escobar","og_description":"El Servicio Meteorol\u00f3gico Nacional (SMN) emiti\u00f3 una alerta amarilla por tormentas fuertes que abarca a todo el \u00c1rea Metropolitana de Buenos Aires (AMBA), incluyendo Bel\u00e9n [&hellip;]","og_url":"https:\/\/nuevodigitaldeescobar.com.ar\/?p=18747","og_site_name":"Nuevo Digital de Escobar","article_publisher":"https:\/\/www.facebook.com\/NUEVODigitalDeEscobar","article_published_time":"2025-11-04T11:30:59+00:00","article_modified_time":"2025-11-04T11:31:31+00:00","og_image":[{"width":720,"height":398,"url":"http:\/\/nuevodigitaldeescobar.com.ar\/wp-content\/uploads\/2023\/11\/tormentas-2.jpg","type":"image\/jpeg"}],"author":"Redacci\u00f3n","twitter_card":"summary_large_image","twitter_creator":"@nuevodigescobar","twitter_site":"@nuevodigescobar","twitter_misc":{"Escrito por":"Redacci\u00f3n","Tiempo de lectura":"2 minutos"},"schema":{"@context":"https:\/\/schema.org","@graph":[{"@type":"Article","@id":"https:\/\/nuevodigitaldeescobar.com.ar\/?p=18747#article","isPartOf":{"@id":"https:\/\/nuevodigitaldeescobar.com.ar\/?p=18747"},"author":{"name":"Redacci\u00f3n","@id":"https:\/\/nuevodigitaldeescobar.com.ar\/#\/schema\/person\/035e90a8efe9a80e6eec22656ad6ea4c"},"headline":"Alerta amarilla por tormentas en Escobar y el AMBA: se esperan lluvias intensas, r\u00e1fagas y descenso de temperatura","datePublished":"2025-11-04T11:30:59+00:00","dateModified":"2025-11-04T11:31:31+00:00","mainEntityOfPage":{"@id":"https:\/\/nuevodigitaldeescobar.com.ar\/?p=18747"},"wordCount":442,"commentCount":0,"publisher":{"@id":"https:\/\/nuevodigitaldeescobar.com.ar\/#organization"},"image":{"@id":"https:\/\/nuevodigitaldeescobar.com.ar\/?p=18747#primaryimage"},"thumbnailUrl":"https:\/\/nuevodigitaldeescobar.com.ar\/wp-content\/uploads\/2023\/11\/tormentas-2.jpg","articleSection":["Clima, Medioambiente y Sostenibilidad"],"inLanguage":"es","potentialAction":[{"@type":"CommentAction","name":"Comment","target":["https:\/\/nuevodigitaldeescobar.com.ar\/?p=18747#respond"]}]},{"@type":"WebPage","@id":"https:\/\/nuevodigitaldeescobar.com.ar\/?p=18747","url":"https:\/\/nuevodigitaldeescobar.com.ar\/?p=18747","name":"Alerta amarilla por tormentas en Escobar y el AMBA: se esperan lluvias intensas, r\u00e1fagas y descenso de temperatura - Nuevo Digital de Escobar","isPartOf":{"@id":"https:\/\/nuevodigitaldeescobar.com.ar\/#website"},"primaryImageOfPage":{"@id":"https:\/\/nuevodigitaldeescobar.com.ar\/?p=18747#primaryimage"},"image":{"@id":"https:\/\/nuevodigitaldeescobar.com.ar\/?p=18747#primaryimage"},"thumbnailUrl":"https:\/\/nuevodigitaldeescobar.com.ar\/wp-content\/uploads\/2023\/11\/tormentas-2.jpg","datePublished":"2025-11-04T11:30:59+00:00","dateModified":"2025-11-04T11:31:31+00:00","breadcrumb":{"@id":"https:\/\/nuevodigitaldeescobar.com.ar\/?p=18747#breadcrumb"},"inLanguage":"es","potentialAction":[{"@type":"ReadAction","target":["https:\/\/nuevodigitaldeescobar.com.ar\/?p=18747"]}]},{"@type":"ImageObject","inLanguage":"es","@id":"https:\/\/nuevodigitaldeescobar.com.ar\/?p=18747#primaryimage","url":"https:\/\/nuevodigitaldeescobar.com.ar\/wp-content\/uploads\/2023\/11\/tormentas-2.jpg","contentUrl":"https:\/\/nuevodigitaldeescobar.com.ar\/wp-content\/uploads\/2023\/11\/tormentas-2.jpg","width":720,"height":398,"caption":"Las tormentas se esperan durante la tarde y la noche en CABA y GBA."},{"@type":"BreadcrumbList","@id":"https:\/\/nuevodigitaldeescobar.com.ar\/?p=18747#breadcrumb","itemListElement":[{"@type":"ListItem","position":1,"name":"Portada","item":"https:\/\/nuevodigitaldeescobar.com.ar\/"},{"@type":"ListItem","position":2,"name":"Alerta amarilla por tormentas en Escobar y el AMBA: se esperan lluvias intensas, r\u00e1fagas y descenso de temperatura"}]},{"@type":"WebSite","@id":"https:\/\/nuevodigitaldeescobar.com.ar\/#website","url":"https:\/\/nuevodigitaldeescobar.com.ar\/","name":"Nuevo Digital de Escobar","description":"La vida escobarense. Directora: Rosana Brunner","publisher":{"@id":"https:\/\/nuevodigitaldeescobar.com.ar\/#organization"},"potentialAction":[{"@type":"SearchAction","target":{"@type":"EntryPoint","urlTemplate":"https:\/\/nuevodigitaldeescobar.com.ar\/?s={search_term_string}"},"query-input":{"@type":"PropertyValueSpecification","valueRequired":true,"valueName":"search_term_string"}}],"inLanguage":"es"},{"@type":"Organization","@id":"https:\/\/nuevodigitaldeescobar.com.ar\/#organization","name":"Nuevo Digital de Escobar","url":"https:\/\/nuevodigitaldeescobar.com.ar\/","logo":{"@type":"ImageObject","inLanguage":"es","@id":"https:\/\/nuevodigitaldeescobar.com.ar\/#\/schema\/logo\/image\/","url":"https:\/\/nuevodigitaldeescobar.com.ar\/wp-content\/uploads\/2025\/05\/cropped-logo-nuevo2.jpg","contentUrl":"https:\/\/nuevodigitaldeescobar.com.ar\/wp-content\/uploads\/2025\/05\/cropped-logo-nuevo2.jpg","width":305,"height":305,"caption":"Nuevo Digital de Escobar"},"image":{"@id":"https:\/\/nuevodigitaldeescobar.com.ar\/#\/schema\/logo\/image\/"},"sameAs":["https:\/\/www.facebook.com\/NUEVODigitalDeEscobar","https:\/\/x.com\/nuevodigescobar","https:\/\/www.instagram.com\/nuevodigitaldeescobar"]},{"@type":"Person","@id":"https:\/\/nuevodigitaldeescobar.com.ar\/#\/schema\/person\/035e90a8efe9a80e6eec22656ad6ea4c","name":"Redacci\u00f3n","image":{"@type":"ImageObject","inLanguage":"es","@id":"https:\/\/nuevodigitaldeescobar.com.ar\/#\/schema\/person\/image\/","url":"https:\/\/secure.gravatar.com\/avatar\/8af8f40000c24e9eef3034f2be5998a372bb1389e64b1a4a36b3a7979142220d?s=96&d=mm&r=g","contentUrl":"https:\/\/secure.gravatar.com\/avatar\/8af8f40000c24e9eef3034f2be5998a372bb1389e64b1a4a36b3a7979142220d?s=96&d=mm&r=g","caption":"Redacci\u00f3n"},"sameAs":["http:\/\/nuevodigitaldeescobar.com.ar"],"url":"https:\/\/nuevodigitaldeescobar.com.ar\/?author=1"}]}},"featured_image_urls":{"full":["https:\/\/nuevodigitaldeescobar.com.ar\/wp-content\/uploads\/2023\/11\/tormentas-2.jpg",720,398,false],"thumbnail":["https:\/\/nuevodigitaldeescobar.com.ar\/wp-content\/uploads\/2023\/11\/tormentas-2-150x150.jpg",150,150,true],"medium":["https:\/\/nuevodigitaldeescobar.com.ar\/wp-content\/uploads\/2023\/11\/tormentas-2-300x166.jpg",300,166,true],"medium_large":["https:\/\/nuevodigitaldeescobar.com.ar\/wp-content\/uploads\/2023\/11\/tormentas-2.jpg",640,354,false],"large":["https:\/\/nuevodigitaldeescobar.com.ar\/wp-content\/uploads\/2023\/11\/tormentas-2.jpg",640,354,false],"1536x1536":["https:\/\/nuevodigitaldeescobar.com.ar\/wp-content\/uploads\/2023\/11\/tormentas-2.jpg",720,398,false],"2048x2048":["https:\/\/nuevodigitaldeescobar.com.ar\/wp-content\/uploads\/2023\/11\/tormentas-2.jpg",720,398,false]},"author_info":{"display_name":"Redacci\u00f3n","author_link":"https:\/\/nuevodigitaldeescobar.com.ar\/?author=1"},"category_info":"<a href=\"https:\/\/nuevodigitaldeescobar.com.ar\/?cat=14\" rel=\"category\">Clima, Medioambiente y Sostenibilidad<\/a>","tag_info":"Clima, Medioambiente y Sostenibilidad","comment_count":"0","_links":{"self":[{"href":"https:\/\/nuevodigitaldeescobar.com.ar\/index.php?rest_route=\/wp\/v2\/posts\/18747","targetHints":{"allow":["GET"]}}],"collection":[{"href":"https:\/\/nuevodigitaldeescobar.com.ar\/index.php?rest_route=\/wp\/v2\/posts"}],"about":[{"href":"https:\/\/nuevodigitaldeescobar.com.ar\/index.php?rest_route=\/wp\/v2\/types\/post"}],"author":[{"embeddable":true,"href":"https:\/\/nuevodigitaldeescobar.com.ar\/index.php?rest_route=\/wp\/v2\/users\/1"}],"replies":[{"embeddable":true,"href":"https:\/\/nuevodigitaldeescobar.com.ar\/index.php?rest_route=%2Fwp%2Fv2%2Fcomments&post=18747"}],"version-history":[{"count":1,"href":"https:\/\/nuevodigitaldeescobar.com.ar\/index.php?rest_route=\/wp\/v2\/posts\/18747\/revisions"}],"predecessor-version":[{"id":18748,"href":"https:\/\/nuevodigitaldeescobar.com.ar\/index.php?rest_route=\/wp\/v2\/posts\/18747\/revisions\/18748"}],"wp:featuredmedia":[{"embeddable":true,"href":"https:\/\/nuevodigitaldeescobar.com.ar\/index.php?rest_route=\/wp\/v2\/media\/877"}],"wp:attachment":[{"href":"https:\/\/nuevodigitaldeescobar.com.ar\/index.php?rest_route=%2Fwp%2Fv2%2Fmedia&parent=18747"}],"wp:term":[{"taxonomy":"category","embeddable":true,"href":"https:\/\/nuevodigitaldeescobar.com.ar\/index.php?rest_route=%2Fwp%2Fv2%2Fcategories&post=18747"},{"taxonomy":"post_tag","embeddable":true,"href":"https:\/\/nuevodigitaldeescobar.com.ar\/index.php?rest_route=%2Fwp%2Fv2%2Ftags&post=18747"}],"curies":[{"name":"wp","href":"https:\/\/api.w.org\/{rel}","templated":true}]}}