{"id":18749,"date":"2025-11-04T08:38:44","date_gmt":"2025-11-04T11:38:44","guid":{"rendered":"https:\/\/nuevodigitaldeescobar.com.ar\/?p=18749"},"modified":"2025-11-04T08:38:56","modified_gmt":"2025-11-04T11:38:56","slug":"tragedia-en-jose-c-paz-un-matrimonio-murio-tras-ser-embestido-por-una-camioneta-a-alta-velocidad-y-tres-ninos-quedaron-huerfanos","status":"publish","type":"post","link":"https:\/\/nuevodigitaldeescobar.com.ar\/?p=18749","title":{"rendered":"Tragedia en Jos\u00e9 C. Paz: un matrimonio muri\u00f3 tras ser embestido por una camioneta a alta velocidad y tres ni\u00f1os quedaron hu\u00e9rfanos"},"content":{"rendered":"\n<p class=\"has-vivid-cyan-blue-color has-text-color has-link-color wp-elements-e3e9c3630458ddda2cdecf5cc6fb61d5\"><strong><em>Una tragedia vial conmovi\u00f3 a la comunidad de Jos\u00e9 C. Paz y a toda la provincia de Buenos Aires: un matrimonio perdi\u00f3 la vida y sus tres hijos menores quedaron hu\u00e9rfanos luego de que una camioneta Volkswagen Amarok, conducida a gran velocidad, chocara violentamente contra el Renault 12 en el que viajaba la familia.<\/em><\/strong><\/p>\n\n\n\n<!--more-->\n\n\n\n<p>El siniestro ocurri\u00f3 el <strong>viernes por la noche<\/strong>, cerca de las <strong>23:30<\/strong>, en la <strong>intersecci\u00f3n de la Ruta 197 y Mendoza<\/strong>, a pocos metros de una plaza de juegos infantiles. De acuerdo con las c\u00e1maras de seguridad, el Renault 12 \u2014donde viajaban <strong>Renzo y Eliana Ben\u00edtez<\/strong>, de 37 y 32 a\u00f1os, junto a sus hijos de 9, 11 y 12 a\u00f1os\u2014 se detuvo en la esquina y esper\u00f3 unos segundos antes de girar a la izquierda. En ese instante, fue impactado de lleno por la camioneta <strong>Volkswagen Amarok<\/strong>, conducida por <strong>Jean Michael Carballo, de 23 a\u00f1os<\/strong>, que circulaba a una velocidad estimada en <strong>160 km\/h<\/strong>.<\/p>\n\n\n\n<figure class=\"wp-block-video aligncenter\"><video controls src=\"http:\/\/nuevodigitaldeescobar.com.ar\/wp-content\/uploads\/2025\/11\/choquejosecpaz6.mp4\"><\/video><figcaption class=\"wp-element-caption\">Video del tr\u00e1gico momento \/\/ <em>Fuente: Infobae<\/em><\/figcaption><\/figure>\n\n\n\n<p>El choque fue tan violento que una de las v\u00edctimas sali\u00f3 despedida del veh\u00edculo. Los <strong>Bomberos Voluntarios de Jos\u00e9 C. Paz<\/strong> trabajaron intensamente para rescatar a los ocupantes, ya que una de las personas y dos de los menores hab\u00edan quedado atrapados entre los hierros retorcidos. Los tres chicos fueron asistidos en el lugar y trasladados al <strong>Hospital Posadas<\/strong>. La mayor de ellos recibi\u00f3 el alta m\u00e9dica pocas horas despu\u00e9s.<\/p>\n\n\n\n<p>Seg\u00fan confirmaron fuentes oficiales, los ni\u00f1os quedaron al cuidado de su <strong>abuela materna<\/strong>, mientras que vecinos y allegados iniciaron una <strong>colecta solidaria<\/strong> para cubrir los gastos del sepelio. La familia pertenec\u00eda a una comunidad de fe evang\u00e9lica de la zona, que se encuentra profundamente afectada por la tragedia.<\/p>\n\n\n\n<h3 class=\"wp-block-heading\">Inhabilitaci\u00f3n definitiva del conductor<\/h3>\n\n\n\n<p>El <strong>Ministerio de Transporte de la Provincia de Buenos Aires<\/strong>, a cargo de <strong>Mart\u00edn Marinucci<\/strong>, inform\u00f3 este lunes la <strong>inhabilitaci\u00f3n definitiva para conducir de Jean Michael Carballo<\/strong>, medida dispuesta por la <strong>Subsecretar\u00eda de Pol\u00edtica y Seguridad Vial<\/strong> en el marco del art\u00edculo 38 de la <strong>Ley Provincial N\u00b0 13.927<\/strong>.<\/p>\n\n\n\n<p>La resoluci\u00f3n fue tramitada en el <strong>Juzgado Administrativo de Infracciones de Tr\u00e1nsito Provincial de San Isidro<\/strong>, y establece que Carballo queda <strong>inhabilitado para conducir desde el 3 de noviembre de 2025 hasta el 1 de enero de 2099<\/strong>.<\/p>\n\n\n\n<p>Seg\u00fan la cartera bonaerense, la disposici\u00f3n <em>\u201cse inscribe dentro de las pol\u00edticas de seguridad vial y control del tr\u00e1nsito que lleva adelante el Ministerio de Transporte provincial, con el objetivo de preservar la vida, reducir la siniestralidad y fortalecer la cultura del cumplimiento normativo en toda la provincia de Buenos Aires\u201d<\/em>.<\/p>\n\n\n\n<p>Asimismo, se record\u00f3 la importancia de respetar las normas de tr\u00e1nsito, mantener la documentaci\u00f3n reglamentaria, realizar la <strong>Verificaci\u00f3n T\u00e9cnica Vehicular (VTV)<\/strong> y evitar conductas de riesgo como el consumo de alcohol o el uso del celular al volante.<\/p>\n\n\n\n<h3 class=\"wp-block-heading\">Investigaci\u00f3n judicial en curso<\/h3>\n\n\n\n<p>La causa qued\u00f3 en manos de la <strong>Fiscal\u00eda N\u00b04 de San Mart\u00edn<\/strong>, a cargo del fiscal <strong>Rub\u00e9n Moreno<\/strong>, quien imput\u00f3 al conductor por <strong>doble homicidio culposo agravado y lesiones<\/strong>. Si bien el test de alcoholemia realizado en el lugar arroj\u00f3 resultado negativo, se esperan los an\u00e1lisis de sangre y orina para determinar si hab\u00eda consumido sustancias.<\/p>\n\n\n\n<p>Las pericias accidentol\u00f3gicas ser\u00e1n clave para confirmar la velocidad exacta al momento del impacto, que seg\u00fan los investigadores fue extremadamente alta. Las im\u00e1genes del siniestro, captadas por c\u00e1maras de seguridad, resultan fundamentales para el avance de la causa.<\/p>\n\n\n\n<p>El hecho provoc\u00f3 una fuerte <strong>conmoci\u00f3n social<\/strong> y reabri\u00f3 el debate sobre la velocidad y el control del tr\u00e1nsito en zonas urbanas densamente pobladas. Tres ni\u00f1os quedaron sin sus padres en una tragedia que, una vez m\u00e1s, pudo haberse evitado.<\/p>\n","protected":false},"excerpt":{"rendered":"<p>Una tragedia vial conmovi\u00f3 a la comunidad de Jos\u00e9 C. Paz y a toda la provincia de Buenos Aires: un matrimonio perdi\u00f3 la vida y [&hellip;]<\/p>\n","protected":false},"author":1,"featured_media":18750,"comment_status":"open","ping_status":"open","sticky":false,"template":"","format":"standard","meta":{"footnotes":""},"categories":[15],"tags":[],"class_list":["post-18749","post","type-post","status-publish","format-standard","has-post-thumbnail","hentry","category-sociedad"],"better_featured_image":{"id":18750,"alt_text":"","caption":"","description":"","media_type":"image","media_details":{"width":760,"height":464,"file":"2025\/11\/choquejosecpaz44.png","filesize":546014,"sizes":{"medium":{"file":"choquejosecpaz44-300x183.png","width":300,"height":183,"mime-type":"image\/png","filesize":46420,"source_url":"https:\/\/nuevodigitaldeescobar.com.ar\/wp-content\/uploads\/2025\/11\/choquejosecpaz44-300x183.png"},"thumbnail":{"file":"choquejosecpaz44-150x150.png","width":150,"height":150,"mime-type":"image\/png","filesize":20950,"source_url":"https:\/\/nuevodigitaldeescobar.com.ar\/wp-content\/uploads\/2025\/11\/choquejosecpaz44-150x150.png"}},"image_meta":{"aperture":"0","credit":"","camera":"","caption":"","created_timestamp":"0","copyright":"","focal_length":"0","iso":"0","shutter_speed":"0","title":"","orientation":"0","keywords":[]}},"post":18749,"source_url":"https:\/\/nuevodigitaldeescobar.com.ar\/wp-content\/uploads\/2025\/11\/choquejosecpaz44.png"},"yoast_head":"<!-- This site is optimized with the Yoast SEO plugin v26.1.1 - https:\/\/yoast.com\/wordpress\/plugins\/seo\/ -->\n<title>Tragedia en Jos\u00e9 C. Paz: un matrimonio muri\u00f3 tras ser embestido por una camioneta a alta velocidad y tres ni\u00f1os quedaron hu\u00e9rfanos - Nuevo Digital de Escobar<\/title>\n<meta name=\"robots\" content=\"index, follow, max-snippet:-1, max-image-preview:large, max-video-preview:-1\" \/>\n<link rel=\"canonical\" href=\"https:\/\/nuevodigitaldeescobar.com.ar\/?p=18749\" \/>\n<meta property=\"og:locale\" content=\"es_ES\" \/>\n<meta property=\"og:type\" content=\"article\" \/>\n<meta property=\"og:title\" content=\"Tragedia en Jos\u00e9 C. Paz: un matrimonio muri\u00f3 tras ser embestido por una camioneta a alta velocidad y tres ni\u00f1os quedaron hu\u00e9rfanos - Nuevo Digital de Escobar\" \/>\n<meta property=\"og:description\" content=\"Una tragedia vial conmovi\u00f3 a la comunidad de Jos\u00e9 C. Paz y a toda la provincia de Buenos Aires: un matrimonio perdi\u00f3 la vida y [&hellip;]\" \/>\n<meta property=\"og:url\" content=\"https:\/\/nuevodigitaldeescobar.com.ar\/?p=18749\" \/>\n<meta property=\"og:site_name\" content=\"Nuevo Digital de Escobar\" \/>\n<meta property=\"article:publisher\" content=\"https:\/\/www.facebook.com\/NUEVODigitalDeEscobar\" \/>\n<meta property=\"article:published_time\" content=\"2025-11-04T11:38:44+00:00\" \/>\n<meta property=\"article:modified_time\" content=\"2025-11-04T11:38:56+00:00\" \/>\n<meta property=\"og:image\" content=\"http:\/\/nuevodigitaldeescobar.com.ar\/wp-content\/uploads\/2025\/11\/choquejosecpaz44.png\" \/>\n\t<meta property=\"og:image:width\" content=\"760\" \/>\n\t<meta property=\"og:image:height\" content=\"464\" \/>\n\t<meta property=\"og:image:type\" content=\"image\/png\" \/>\n<meta name=\"author\" content=\"Redacci\u00f3n\" \/>\n<meta name=\"twitter:card\" content=\"summary_large_image\" \/>\n<meta name=\"twitter:creator\" content=\"@nuevodigescobar\" \/>\n<meta name=\"twitter:site\" content=\"@nuevodigescobar\" \/>\n<meta name=\"twitter:label1\" content=\"Escrito por\" \/>\n\t<meta name=\"twitter:data1\" content=\"Redacci\u00f3n\" \/>\n\t<meta name=\"twitter:label2\" content=\"Tiempo de lectura\" \/>\n\t<meta name=\"twitter:data2\" content=\"3 minutos\" \/>\n<script type=\"application\/ld+json\" class=\"yoast-schema-graph\">{\"@context\":\"https:\/\/schema.org\",\"@graph\":[{\"@type\":\"Article\",\"@id\":\"https:\/\/nuevodigitaldeescobar.com.ar\/?p=18749#article\",\"isPartOf\":{\"@id\":\"https:\/\/nuevodigitaldeescobar.com.ar\/?p=18749\"},\"author\":{\"name\":\"Redacci\u00f3n\",\"@id\":\"https:\/\/nuevodigitaldeescobar.com.ar\/#\/schema\/person\/035e90a8efe9a80e6eec22656ad6ea4c\"},\"headline\":\"Tragedia en Jos\u00e9 C. Paz: un matrimonio muri\u00f3 tras ser embestido por una camioneta a alta velocidad y tres ni\u00f1os quedaron hu\u00e9rfanos\",\"datePublished\":\"2025-11-04T11:38:44+00:00\",\"dateModified\":\"2025-11-04T11:38:56+00:00\",\"mainEntityOfPage\":{\"@id\":\"https:\/\/nuevodigitaldeescobar.com.ar\/?p=18749\"},\"wordCount\":657,\"commentCount\":0,\"publisher\":{\"@id\":\"https:\/\/nuevodigitaldeescobar.com.ar\/#organization\"},\"image\":{\"@id\":\"https:\/\/nuevodigitaldeescobar.com.ar\/?p=18749#primaryimage\"},\"thumbnailUrl\":\"https:\/\/nuevodigitaldeescobar.com.ar\/wp-content\/uploads\/2025\/11\/choquejosecpaz44.png\",\"articleSection\":[\"Sociedad\"],\"inLanguage\":\"es\",\"potentialAction\":[{\"@type\":\"CommentAction\",\"name\":\"Comment\",\"target\":[\"https:\/\/nuevodigitaldeescobar.com.ar\/?p=18749#respond\"]}]},{\"@type\":\"WebPage\",\"@id\":\"https:\/\/nuevodigitaldeescobar.com.ar\/?p=18749\",\"url\":\"https:\/\/nuevodigitaldeescobar.com.ar\/?p=18749\",\"name\":\"Tragedia en Jos\u00e9 C. Paz: un matrimonio muri\u00f3 tras ser embestido por una camioneta a alta velocidad y tres ni\u00f1os quedaron hu\u00e9rfanos - Nuevo Digital de Escobar\",\"isPartOf\":{\"@id\":\"https:\/\/nuevodigitaldeescobar.com.ar\/#website\"},\"primaryImageOfPage\":{\"@id\":\"https:\/\/nuevodigitaldeescobar.com.ar\/?p=18749#primaryimage\"},\"image\":{\"@id\":\"https:\/\/nuevodigitaldeescobar.com.ar\/?p=18749#primaryimage\"},\"thumbnailUrl\":\"https:\/\/nuevodigitaldeescobar.com.ar\/wp-content\/uploads\/2025\/11\/choquejosecpaz44.png\",\"datePublished\":\"2025-11-04T11:38:44+00:00\",\"dateModified\":\"2025-11-04T11:38:56+00:00\",\"breadcrumb\":{\"@id\":\"https:\/\/nuevodigitaldeescobar.com.ar\/?p=18749#breadcrumb\"},\"inLanguage\":\"es\",\"potentialAction\":[{\"@type\":\"ReadAction\",\"target\":[\"https:\/\/nuevodigitaldeescobar.com.ar\/?p=18749\"]}]},{\"@type\":\"ImageObject\",\"inLanguage\":\"es\",\"@id\":\"https:\/\/nuevodigitaldeescobar.com.ar\/?p=18749#primaryimage\",\"url\":\"https:\/\/nuevodigitaldeescobar.com.ar\/wp-content\/uploads\/2025\/11\/choquejosecpaz44.png\",\"contentUrl\":\"https:\/\/nuevodigitaldeescobar.com.ar\/wp-content\/uploads\/2025\/11\/choquejosecpaz44.png\",\"width\":760,\"height\":464},{\"@type\":\"BreadcrumbList\",\"@id\":\"https:\/\/nuevodigitaldeescobar.com.ar\/?p=18749#breadcrumb\",\"itemListElement\":[{\"@type\":\"ListItem\",\"position\":1,\"name\":\"Portada\",\"item\":\"https:\/\/nuevodigitaldeescobar.com.ar\/\"},{\"@type\":\"ListItem\",\"position\":2,\"name\":\"Tragedia en Jos\u00e9 C. Paz: un matrimonio muri\u00f3 tras ser embestido por una camioneta a alta velocidad y tres ni\u00f1os quedaron hu\u00e9rfanos\"}]},{\"@type\":\"WebSite\",\"@id\":\"https:\/\/nuevodigitaldeescobar.com.ar\/#website\",\"url\":\"https:\/\/nuevodigitaldeescobar.com.ar\/\",\"name\":\"Nuevo Digital de Escobar\",\"description\":\"La vida escobarense. Directora: Rosana Brunner\",\"publisher\":{\"@id\":\"https:\/\/nuevodigitaldeescobar.com.ar\/#organization\"},\"potentialAction\":[{\"@type\":\"SearchAction\",\"target\":{\"@type\":\"EntryPoint\",\"urlTemplate\":\"https:\/\/nuevodigitaldeescobar.com.ar\/?s={search_term_string}\"},\"query-input\":{\"@type\":\"PropertyValueSpecification\",\"valueRequired\":true,\"valueName\":\"search_term_string\"}}],\"inLanguage\":\"es\"},{\"@type\":\"Organization\",\"@id\":\"https:\/\/nuevodigitaldeescobar.com.ar\/#organization\",\"name\":\"Nuevo Digital de Escobar\",\"url\":\"https:\/\/nuevodigitaldeescobar.com.ar\/\",\"logo\":{\"@type\":\"ImageObject\",\"inLanguage\":\"es\",\"@id\":\"https:\/\/nuevodigitaldeescobar.com.ar\/#\/schema\/logo\/image\/\",\"url\":\"https:\/\/nuevodigitaldeescobar.com.ar\/wp-content\/uploads\/2025\/05\/cropped-logo-nuevo2.jpg\",\"contentUrl\":\"https:\/\/nuevodigitaldeescobar.com.ar\/wp-content\/uploads\/2025\/05\/cropped-logo-nuevo2.jpg\",\"width\":305,\"height\":305,\"caption\":\"Nuevo Digital de Escobar\"},\"image\":{\"@id\":\"https:\/\/nuevodigitaldeescobar.com.ar\/#\/schema\/logo\/image\/\"},\"sameAs\":[\"https:\/\/www.facebook.com\/NUEVODigitalDeEscobar\",\"https:\/\/x.com\/nuevodigescobar\",\"https:\/\/www.instagram.com\/nuevodigitaldeescobar\"]},{\"@type\":\"Person\",\"@id\":\"https:\/\/nuevodigitaldeescobar.com.ar\/#\/schema\/person\/035e90a8efe9a80e6eec22656ad6ea4c\",\"name\":\"Redacci\u00f3n\",\"image\":{\"@type\":\"ImageObject\",\"inLanguage\":\"es\",\"@id\":\"https:\/\/nuevodigitaldeescobar.com.ar\/#\/schema\/person\/image\/\",\"url\":\"https:\/\/secure.gravatar.com\/avatar\/8af8f40000c24e9eef3034f2be5998a372bb1389e64b1a4a36b3a7979142220d?s=96&d=mm&r=g\",\"contentUrl\":\"https:\/\/secure.gravatar.com\/avatar\/8af8f40000c24e9eef3034f2be5998a372bb1389e64b1a4a36b3a7979142220d?s=96&d=mm&r=g\",\"caption\":\"Redacci\u00f3n\"},\"sameAs\":[\"http:\/\/nuevodigitaldeescobar.com.ar\"],\"url\":\"https:\/\/nuevodigitaldeescobar.com.ar\/?author=1\"}]}<\/script>\n<!-- \/ Yoast SEO plugin. -->","yoast_head_json":{"title":"Tragedia en Jos\u00e9 C. Paz: un matrimonio muri\u00f3 tras ser embestido por una camioneta a alta velocidad y tres ni\u00f1os quedaron hu\u00e9rfanos - Nuevo Digital de Escobar","robots":{"index":"index","follow":"follow","max-snippet":"max-snippet:-1","max-image-preview":"max-image-preview:large","max-video-preview":"max-video-preview:-1"},"canonical":"https:\/\/nuevodigitaldeescobar.com.ar\/?p=18749","og_locale":"es_ES","og_type":"article","og_title":"Tragedia en Jos\u00e9 C. Paz: un matrimonio muri\u00f3 tras ser embestido por una camioneta a alta velocidad y tres ni\u00f1os quedaron hu\u00e9rfanos - Nuevo Digital de Escobar","og_description":"Una tragedia vial conmovi\u00f3 a la comunidad de Jos\u00e9 C. Paz y a toda la provincia de Buenos Aires: un matrimonio perdi\u00f3 la vida y [&hellip;]","og_url":"https:\/\/nuevodigitaldeescobar.com.ar\/?p=18749","og_site_name":"Nuevo Digital de Escobar","article_publisher":"https:\/\/www.facebook.com\/NUEVODigitalDeEscobar","article_published_time":"2025-11-04T11:38:44+00:00","article_modified_time":"2025-11-04T11:38:56+00:00","og_image":[{"width":760,"height":464,"url":"http:\/\/nuevodigitaldeescobar.com.ar\/wp-content\/uploads\/2025\/11\/choquejosecpaz44.png","type":"image\/png"}],"author":"Redacci\u00f3n","twitter_card":"summary_large_image","twitter_creator":"@nuevodigescobar","twitter_site":"@nuevodigescobar","twitter_misc":{"Escrito por":"Redacci\u00f3n","Tiempo de lectura":"3 minutos"},"schema":{"@context":"https:\/\/schema.org","@graph":[{"@type":"Article","@id":"https:\/\/nuevodigitaldeescobar.com.ar\/?p=18749#article","isPartOf":{"@id":"https:\/\/nuevodigitaldeescobar.com.ar\/?p=18749"},"author":{"name":"Redacci\u00f3n","@id":"https:\/\/nuevodigitaldeescobar.com.ar\/#\/schema\/person\/035e90a8efe9a80e6eec22656ad6ea4c"},"headline":"Tragedia en Jos\u00e9 C. Paz: un matrimonio muri\u00f3 tras ser embestido por una camioneta a alta velocidad y tres ni\u00f1os quedaron hu\u00e9rfanos","datePublished":"2025-11-04T11:38:44+00:00","dateModified":"2025-11-04T11:38:56+00:00","mainEntityOfPage":{"@id":"https:\/\/nuevodigitaldeescobar.com.ar\/?p=18749"},"wordCount":657,"commentCount":0,"publisher":{"@id":"https:\/\/nuevodigitaldeescobar.com.ar\/#organization"},"image":{"@id":"https:\/\/nuevodigitaldeescobar.com.ar\/?p=18749#primaryimage"},"thumbnailUrl":"https:\/\/nuevodigitaldeescobar.com.ar\/wp-content\/uploads\/2025\/11\/choquejosecpaz44.png","articleSection":["Sociedad"],"inLanguage":"es","potentialAction":[{"@type":"CommentAction","name":"Comment","target":["https:\/\/nuevodigitaldeescobar.com.ar\/?p=18749#respond"]}]},{"@type":"WebPage","@id":"https:\/\/nuevodigitaldeescobar.com.ar\/?p=18749","url":"https:\/\/nuevodigitaldeescobar.com.ar\/?p=18749","name":"Tragedia en Jos\u00e9 C. Paz: un matrimonio muri\u00f3 tras ser embestido por una camioneta a alta velocidad y tres ni\u00f1os quedaron hu\u00e9rfanos - Nuevo Digital de Escobar","isPartOf":{"@id":"https:\/\/nuevodigitaldeescobar.com.ar\/#website"},"primaryImageOfPage":{"@id":"https:\/\/nuevodigitaldeescobar.com.ar\/?p=18749#primaryimage"},"image":{"@id":"https:\/\/nuevodigitaldeescobar.com.ar\/?p=18749#primaryimage"},"thumbnailUrl":"https:\/\/nuevodigitaldeescobar.com.ar\/wp-content\/uploads\/2025\/11\/choquejosecpaz44.png","datePublished":"2025-11-04T11:38:44+00:00","dateModified":"2025-11-04T11:38:56+00:00","breadcrumb":{"@id":"https:\/\/nuevodigitaldeescobar.com.ar\/?p=18749#breadcrumb"},"inLanguage":"es","potentialAction":[{"@type":"ReadAction","target":["https:\/\/nuevodigitaldeescobar.com.ar\/?p=18749"]}]},{"@type":"ImageObject","inLanguage":"es","@id":"https:\/\/nuevodigitaldeescobar.com.ar\/?p=18749#primaryimage","url":"https:\/\/nuevodigitaldeescobar.com.ar\/wp-content\/uploads\/2025\/11\/choquejosecpaz44.png","contentUrl":"https:\/\/nuevodigitaldeescobar.com.ar\/wp-content\/uploads\/2025\/11\/choquejosecpaz44.png","width":760,"height":464},{"@type":"BreadcrumbList","@id":"https:\/\/nuevodigitaldeescobar.com.ar\/?p=18749#breadcrumb","itemListElement":[{"@type":"ListItem","position":1,"name":"Portada","item":"https:\/\/nuevodigitaldeescobar.com.ar\/"},{"@type":"ListItem","position":2,"name":"Tragedia en Jos\u00e9 C. Paz: un matrimonio muri\u00f3 tras ser embestido por una camioneta a alta velocidad y tres ni\u00f1os quedaron hu\u00e9rfanos"}]},{"@type":"WebSite","@id":"https:\/\/nuevodigitaldeescobar.com.ar\/#website","url":"https:\/\/nuevodigitaldeescobar.com.ar\/","name":"Nuevo Digital de Escobar","description":"La vida escobarense. Directora: Rosana Brunner","publisher":{"@id":"https:\/\/nuevodigitaldeescobar.com.ar\/#organization"},"potentialAction":[{"@type":"SearchAction","target":{"@type":"EntryPoint","urlTemplate":"https:\/\/nuevodigitaldeescobar.com.ar\/?s={search_term_string}"},"query-input":{"@type":"PropertyValueSpecification","valueRequired":true,"valueName":"search_term_string"}}],"inLanguage":"es"},{"@type":"Organization","@id":"https:\/\/nuevodigitaldeescobar.com.ar\/#organization","name":"Nuevo Digital de Escobar","url":"https:\/\/nuevodigitaldeescobar.com.ar\/","logo":{"@type":"ImageObject","inLanguage":"es","@id":"https:\/\/nuevodigitaldeescobar.com.ar\/#\/schema\/logo\/image\/","url":"https:\/\/nuevodigitaldeescobar.com.ar\/wp-content\/uploads\/2025\/05\/cropped-logo-nuevo2.jpg","contentUrl":"https:\/\/nuevodigitaldeescobar.com.ar\/wp-content\/uploads\/2025\/05\/cropped-logo-nuevo2.jpg","width":305,"height":305,"caption":"Nuevo Digital de Escobar"},"image":{"@id":"https:\/\/nuevodigitaldeescobar.com.ar\/#\/schema\/logo\/image\/"},"sameAs":["https:\/\/www.facebook.com\/NUEVODigitalDeEscobar","https:\/\/x.com\/nuevodigescobar","https:\/\/www.instagram.com\/nuevodigitaldeescobar"]},{"@type":"Person","@id":"https:\/\/nuevodigitaldeescobar.com.ar\/#\/schema\/person\/035e90a8efe9a80e6eec22656ad6ea4c","name":"Redacci\u00f3n","image":{"@type":"ImageObject","inLanguage":"es","@id":"https:\/\/nuevodigitaldeescobar.com.ar\/#\/schema\/person\/image\/","url":"https:\/\/secure.gravatar.com\/avatar\/8af8f40000c24e9eef3034f2be5998a372bb1389e64b1a4a36b3a7979142220d?s=96&d=mm&r=g","contentUrl":"https:\/\/secure.gravatar.com\/avatar\/8af8f40000c24e9eef3034f2be5998a372bb1389e64b1a4a36b3a7979142220d?s=96&d=mm&r=g","caption":"Redacci\u00f3n"},"sameAs":["http:\/\/nuevodigitaldeescobar.com.ar"],"url":"https:\/\/nuevodigitaldeescobar.com.ar\/?author=1"}]}},"featured_image_urls":{"full":["https:\/\/nuevodigitaldeescobar.com.ar\/wp-content\/uploads\/2025\/11\/choquejosecpaz44.png",760,464,false],"thumbnail":["https:\/\/nuevodigitaldeescobar.com.ar\/wp-content\/uploads\/2025\/11\/choquejosecpaz44-150x150.png",150,150,true],"medium":["https:\/\/nuevodigitaldeescobar.com.ar\/wp-content\/uploads\/2025\/11\/choquejosecpaz44-300x183.png",300,183,true],"medium_large":["https:\/\/nuevodigitaldeescobar.com.ar\/wp-content\/uploads\/2025\/11\/choquejosecpaz44.png",640,391,false],"large":["https:\/\/nuevodigitaldeescobar.com.ar\/wp-content\/uploads\/2025\/11\/choquejosecpaz44.png",640,391,false],"1536x1536":["https:\/\/nuevodigitaldeescobar.com.ar\/wp-content\/uploads\/2025\/11\/choquejosecpaz44.png",760,464,false],"2048x2048":["https:\/\/nuevodigitaldeescobar.com.ar\/wp-content\/uploads\/2025\/11\/choquejosecpaz44.png",760,464,false]},"author_info":{"display_name":"Redacci\u00f3n","author_link":"https:\/\/nuevodigitaldeescobar.com.ar\/?author=1"},"category_info":"<a href=\"https:\/\/nuevodigitaldeescobar.com.ar\/?cat=15\" rel=\"category\">Sociedad<\/a>","tag_info":"Sociedad","comment_count":"0","_links":{"self":[{"href":"https:\/\/nuevodigitaldeescobar.com.ar\/index.php?rest_route=\/wp\/v2\/posts\/18749","targetHints":{"allow":["GET"]}}],"collection":[{"href":"https:\/\/nuevodigitaldeescobar.com.ar\/index.php?rest_route=\/wp\/v2\/posts"}],"about":[{"href":"https:\/\/nuevodigitaldeescobar.com.ar\/index.php?rest_route=\/wp\/v2\/types\/post"}],"author":[{"embeddable":true,"href":"https:\/\/nuevodigitaldeescobar.com.ar\/index.php?rest_route=\/wp\/v2\/users\/1"}],"replies":[{"embeddable":true,"href":"https:\/\/nuevodigitaldeescobar.com.ar\/index.php?rest_route=%2Fwp%2Fv2%2Fcomments&post=18749"}],"version-history":[{"count":1,"href":"https:\/\/nuevodigitaldeescobar.com.ar\/index.php?rest_route=\/wp\/v2\/posts\/18749\/revisions"}],"predecessor-version":[{"id":18752,"href":"https:\/\/nuevodigitaldeescobar.com.ar\/index.php?rest_route=\/wp\/v2\/posts\/18749\/revisions\/18752"}],"wp:featuredmedia":[{"embeddable":true,"href":"https:\/\/nuevodigitaldeescobar.com.ar\/index.php?rest_route=\/wp\/v2\/media\/18750"}],"wp:attachment":[{"href":"https:\/\/nuevodigitaldeescobar.com.ar\/index.php?rest_route=%2Fwp%2Fv2%2Fmedia&parent=18749"}],"wp:term":[{"taxonomy":"category","embeddable":true,"href":"https:\/\/nuevodigitaldeescobar.com.ar\/index.php?rest_route=%2Fwp%2Fv2%2Fcategories&post=18749"},{"taxonomy":"post_tag","embeddable":true,"href":"https:\/\/nuevodigitaldeescobar.com.ar\/index.php?rest_route=%2Fwp%2Fv2%2Ftags&post=18749"}],"curies":[{"name":"wp","href":"https:\/\/api.w.org\/{rel}","templated":true}]}}